{"id":19473,"date":"2019-09-05T07:03:02","date_gmt":"2019-09-05T10:03:02","guid":{"rendered":"http:\/\/noticiasemdestaque.com\/cd\/?p=19473"},"modified":"2019-09-05T07:03:02","modified_gmt":"2019-09-05T10:03:02","slug":"numero-de-meis-cresce-quase-103-em-cinco-anos-na-paraiba","status":"publish","type":"post","link":"https:\/\/noticiasemdestaque.com\/cd\/?p=19473","title":{"rendered":"N\u00famero de MEIs cresce quase 103% em cinco anos na Para\u00edba"},"content":{"rendered":"<p><a href=\"https:\/\/noticiasemdestaque.com\/cd\/wp-content\/uploads\/2017\/09\/sebrae.jpg\"><img fetchpriority=\"high\" decoding=\"async\" class=\"size-full wp-image-4557 alignleft\" src=\"https:\/\/noticiasemdestaque.com\/cd\/wp-content\/uploads\/2017\/09\/sebrae.jpg\" alt=\"\" width=\"310\" height=\"245\" srcset=\"https:\/\/noticiasemdestaque.com\/cd\/wp-content\/uploads\/2017\/09\/sebrae.jpg 310w, https:\/\/noticiasemdestaque.com\/cd\/wp-content\/uploads\/2017\/09\/sebrae-300x237.jpg 300w\" sizes=\"(max-width: 310px) 100vw, 310px\" \/><\/a>Para\u00edba passou de 58 mil para 117,7 mil microempreendedores individuais entre 2014 e 2019, segundo dados da Receita Federal.<\/p>\n<p>O n\u00famero de microempreendedores individuais (MEI) cresceu quase 103% em cerca de cinco anos na Para\u00edba. Segundo dados separados pelo Sebrae Para\u00edba, com base nos registros da Receita Federal, entre agosto de 2014 e 2019, o estado passou de 58.067 para 117.731 registros de microempreendedores individuais.<\/p>\n<p>Se enquadram na categoria do Simples Nacional os empreendedores que possuem faturamento m\u00e1ximo anual de R$ 81 mil e que podem contratar at\u00e9 um funcion\u00e1rio com carteira assinada.<\/p>\n<p>Al\u00e9m do n\u00famero de MEIs, o levantamento tamb\u00e9m aponta um crescimento de 4,9%, no mesmo per\u00edodo, em rela\u00e7\u00e3o \u00e0 quantidade de microempresas (ME) e empresas de pequeno porte (EPP) registradas no estado. Em agosto de 2014, conforme os dados da Receita Federal, a Para\u00edba tinha 47.735 MEs e EPPs cadastradas, n\u00famero que em agosto desse ano era de 50.112.<\/p>\n<p>Considerando de forma geral o n\u00famero de optantes do Simples Nacional, as estat\u00edsticas tamb\u00e9m indicam um incremento no estado no per\u00edodo de cinco anos. Em agosto de 2014, a Para\u00edba contava com 105.802 optantes, n\u00famero que passou a ser de 167.843 no mesmo per\u00edodo de 2019, o que representa um crescimento de 58,6%.<\/p>\n<p>A gerente de Estrat\u00e9gia do Sebrae Para\u00edba, Ivani Costa, destacou tr\u00eas fatores que contribu\u00edram para o aumento do n\u00famero de pequenos neg\u00f3cios no estado. \u201cEsse crescimento e, em particular, o n\u00famero de MEIs, deve-se principalmente a tr\u00eas fatores: facilidade na abertura e legaliza\u00e7\u00e3o de um neg\u00f3cio, a crise que fez o desemprego crescer e transformou a ideia de montar um pequeno neg\u00f3cio em uma op\u00e7\u00e3o e, por \u00faltimo, a mudan\u00e7a cultural que traz o empreendedorismo como alternativa de vida e carreira para a nova gera\u00e7\u00e3o\u201d, pontuou.<\/p>\n","protected":false},"excerpt":{"rendered":"<p>Para\u00edba passou de 58 mil para 117,7 mil microempreendedores individuais entre 2014 e 2019, segundo dados da Receita Federal. O n\u00famero de microempreendedores individuais (MEI) cresceu quase 103% em cerca de cinco anos na Para\u00edba. Segundo dados separados pelo Sebrae Para\u00edba, com base nos registros da Receita Federal, entre agosto de 2014 e 2019, o estado passou de 58.067 para 117.731 registros de microempreendedores individuais. Se enquadram na categoria do Simples Nacional os empreendedores que possuem faturamento m\u00e1ximo anual de R$ 81 mil e que podem contratar at\u00e9 um funcion\u00e1rio com carteira assinada. Al\u00e9m do n\u00famero de MEIs, o levantamento tamb\u00e9m aponta um crescimento de 4,9%, no mesmo per\u00edodo, em rela\u00e7\u00e3o \u00e0 quantidade de microempresas (ME) e empresas de pequeno porte (EPP) registradas no estado. Em agosto de 2014, conforme os dados da Receita Federal, a Para\u00edba tinha 47.735 MEs e EPPs cadastradas, n\u00famero que em agosto desse ano era de 50.112. Considerando de forma geral o n\u00famero de optantes do Simples Nacional, as estat\u00edsticas tamb\u00e9m indicam um incremento no estado no per\u00edodo de cinco anos. Em agosto de 2014, a Para\u00edba contava com 105.802 optantes, n\u00famero que passou a ser de 167.843 no mesmo per\u00edodo de 2019, o que representa um crescimento de 58,6%. A gerente de Estrat\u00e9gia do Sebrae Para\u00edba, Ivani Costa, destacou tr\u00eas fatores que contribu\u00edram para o aumento do n\u00famero de pequenos neg\u00f3cios no estado. \u201cEsse crescimento e, em particular, o n\u00famero de MEIs, deve-se principalmente a tr\u00eas fatores: facilidade na abertura e legaliza\u00e7\u00e3o de um neg\u00f3cio, a crise que fez o desemprego crescer e transformou a ideia de montar um pequeno neg\u00f3cio em uma op\u00e7\u00e3o e, por \u00faltimo, a mudan\u00e7a cultural que traz o empreendedorismo como alternativa de vida e carreira para a nova gera\u00e7\u00e3o\u201d, pontuou.<\/p>\n","protected":false},"author":2,"featured_media":4557,"comment_status":"closed","ping_status":"open","sticky":false,"template":"","format":"standard","meta":{"_eb_attr":"","_jetpack_memberships_contains_paid_content":false,"footnotes":""},"categories":[12],"tags":[],"class_list":["post-19473","post","type-post","status-publish","format-standard","has-post-thumbnail","hentry","category-geral"],"yoast_head":"<!-- This site is optimized with the Yoast SEO plugin v26.5 - https:\/\/yoast.com\/wordpress\/plugins\/seo\/ -->\n<title>N\u00famero de MEIs cresce quase 103% em cinco anos na Para\u00edba - Not&iacute;cias em Destaque<\/title>\n<meta name=\"robots\" content=\"index, follow, max-snippet:-1, max-image-preview:large, max-video-preview:-1\" \/>\n<link rel=\"canonical\" href=\"https:\/\/noticiasemdestaque.com\/cd\/?p=19473\" \/>\n<meta property=\"og:locale\" content=\"pt_BR\" \/>\n<meta property=\"og:type\" content=\"article\" \/>\n<meta property=\"og:title\" content=\"N\u00famero de MEIs cresce quase 103% em cinco anos na Para\u00edba - Not&iacute;cias em Destaque\" \/>\n<meta property=\"og:description\" content=\"Para\u00edba passou de 58 mil para 117,7 mil microempreendedores individuais entre 2014 e 2019, segundo dados da Receita Federal. O n\u00famero de microempreendedores individuais (MEI) cresceu quase 103% em cerca de cinco anos na Para\u00edba. Segundo dados separados pelo Sebrae Para\u00edba, com base nos registros da Receita Federal, entre agosto de 2014 e 2019, o estado passou de 58.067 para 117.731 registros de microempreendedores individuais. Se enquadram na categoria do Simples Nacional os empreendedores que possuem faturamento m\u00e1ximo anual de R$ 81 mil e que podem contratar at\u00e9 um funcion\u00e1rio com carteira assinada. Al\u00e9m do n\u00famero de MEIs, o levantamento tamb\u00e9m aponta um crescimento de 4,9%, no mesmo per\u00edodo, em rela\u00e7\u00e3o \u00e0 quantidade de microempresas (ME) e empresas de pequeno porte (EPP) registradas no estado. Em agosto de 2014, conforme os dados da Receita Federal, a Para\u00edba tinha 47.735 MEs e EPPs cadastradas, n\u00famero que em agosto desse ano era de 50.112. Considerando de forma geral o n\u00famero de optantes do Simples Nacional, as estat\u00edsticas tamb\u00e9m indicam um incremento no estado no per\u00edodo de cinco anos. Em agosto de 2014, a Para\u00edba contava com 105.802 optantes, n\u00famero que passou a ser de 167.843 no mesmo per\u00edodo de 2019, o que representa um crescimento de 58,6%. A gerente de Estrat\u00e9gia do Sebrae Para\u00edba, Ivani Costa, destacou tr\u00eas fatores que contribu\u00edram para o aumento do n\u00famero de pequenos neg\u00f3cios no estado. \u201cEsse crescimento e, em particular, o n\u00famero de MEIs, deve-se principalmente a tr\u00eas fatores: facilidade na abertura e legaliza\u00e7\u00e3o de um neg\u00f3cio, a crise que fez o desemprego crescer e transformou a ideia de montar um pequeno neg\u00f3cio em uma op\u00e7\u00e3o e, por \u00faltimo, a mudan\u00e7a cultural que traz o empreendedorismo como alternativa de vida e carreira para a nova gera\u00e7\u00e3o\u201d, pontuou.\" \/>\n<meta property=\"og:url\" content=\"https:\/\/noticiasemdestaque.com\/cd\/?p=19473\" \/>\n<meta property=\"og:site_name\" content=\"Not&iacute;cias em Destaque\" \/>\n<meta property=\"article:published_time\" content=\"2019-09-05T10:03:02+00:00\" \/>\n<meta property=\"og:image\" content=\"https:\/\/noticiasemdestaque.com\/cd\/wp-content\/uploads\/2017\/09\/sebrae.jpg\" \/>\n\t<meta property=\"og:image:width\" content=\"310\" \/>\n\t<meta property=\"og:image:height\" content=\"245\" \/>\n\t<meta property=\"og:image:type\" content=\"image\/jpeg\" \/>\n<meta name=\"author\" content=\"Not\u00edcias em Destaque\" \/>\n<meta name=\"twitter:card\" content=\"summary_large_image\" \/>\n<meta name=\"twitter:label1\" content=\"Escrito por\" \/>\n\t<meta name=\"twitter:data1\" content=\"Not\u00edcias em Destaque\" \/>\n\t<meta name=\"twitter:label2\" content=\"Est. tempo de leitura\" \/>\n\t<meta name=\"twitter:data2\" content=\"2 minutos\" \/>\n<script type=\"application\/ld+json\" class=\"yoast-schema-graph\">{\"@context\":\"https:\/\/schema.org\",\"@graph\":[{\"@type\":\"Article\",\"@id\":\"https:\/\/noticiasemdestaque.com\/cd\/?p=19473#article\",\"isPartOf\":{\"@id\":\"https:\/\/noticiasemdestaque.com\/cd\/?p=19473\"},\"author\":{\"name\":\"Not\u00edcias em Destaque\",\"@id\":\"https:\/\/noticiasemdestaque.com\/cd\/#\/schema\/person\/45ca272b3e1246ef14ebb78a48dbb218\"},\"headline\":\"N\u00famero de MEIs cresce quase 103% em cinco anos na Para\u00edba\",\"datePublished\":\"2019-09-05T10:03:02+00:00\",\"mainEntityOfPage\":{\"@id\":\"https:\/\/noticiasemdestaque.com\/cd\/?p=19473\"},\"wordCount\":317,\"publisher\":{\"@id\":\"https:\/\/noticiasemdestaque.com\/cd\/#organization\"},\"image\":{\"@id\":\"https:\/\/noticiasemdestaque.com\/cd\/?p=19473#primaryimage\"},\"thumbnailUrl\":\"https:\/\/noticiasemdestaque.com\/cd\/wp-content\/uploads\/2017\/09\/sebrae.jpg\",\"articleSection\":[\"Geral\"],\"inLanguage\":\"pt-BR\"},{\"@type\":\"WebPage\",\"@id\":\"https:\/\/noticiasemdestaque.com\/cd\/?p=19473\",\"url\":\"https:\/\/noticiasemdestaque.com\/cd\/?p=19473\",\"name\":\"N\u00famero de MEIs cresce quase 103% em cinco anos na Para\u00edba - Not&iacute;cias em Destaque\",\"isPartOf\":{\"@id\":\"https:\/\/noticiasemdestaque.com\/cd\/#website\"},\"primaryImageOfPage\":{\"@id\":\"https:\/\/noticiasemdestaque.com\/cd\/?p=19473#primaryimage\"},\"image\":{\"@id\":\"https:\/\/noticiasemdestaque.com\/cd\/?p=19473#primaryimage\"},\"thumbnailUrl\":\"https:\/\/noticiasemdestaque.com\/cd\/wp-content\/uploads\/2017\/09\/sebrae.jpg\",\"datePublished\":\"2019-09-05T10:03:02+00:00\",\"breadcrumb\":{\"@id\":\"https:\/\/noticiasemdestaque.com\/cd\/?p=19473#breadcrumb\"},\"inLanguage\":\"pt-BR\",\"potentialAction\":[{\"@type\":\"ReadAction\",\"target\":[\"https:\/\/noticiasemdestaque.com\/cd\/?p=19473\"]}]},{\"@type\":\"ImageObject\",\"inLanguage\":\"pt-BR\",\"@id\":\"https:\/\/noticiasemdestaque.com\/cd\/?p=19473#primaryimage\",\"url\":\"https:\/\/noticiasemdestaque.com\/cd\/wp-content\/uploads\/2017\/09\/sebrae.jpg\",\"contentUrl\":\"https:\/\/noticiasemdestaque.com\/cd\/wp-content\/uploads\/2017\/09\/sebrae.jpg\",\"width\":310,\"height\":245},{\"@type\":\"BreadcrumbList\",\"@id\":\"https:\/\/noticiasemdestaque.com\/cd\/?p=19473#breadcrumb\",\"itemListElement\":[{\"@type\":\"ListItem\",\"position\":1,\"name\":\"In\u00edcio\",\"item\":\"https:\/\/noticiasemdestaque.com\/cd\/\"},{\"@type\":\"ListItem\",\"position\":2,\"name\":\"N\u00famero de MEIs cresce quase 103% em cinco anos na Para\u00edba\"}]},{\"@type\":\"WebSite\",\"@id\":\"https:\/\/noticiasemdestaque.com\/cd\/#website\",\"url\":\"https:\/\/noticiasemdestaque.com\/cd\/\",\"name\":\"Not&iacute;cias em Destaque\",\"description\":\"\",\"publisher\":{\"@id\":\"https:\/\/noticiasemdestaque.com\/cd\/#organization\"},\"potentialAction\":[{\"@type\":\"SearchAction\",\"target\":{\"@type\":\"EntryPoint\",\"urlTemplate\":\"https:\/\/noticiasemdestaque.com\/cd\/?s={search_term_string}\"},\"query-input\":{\"@type\":\"PropertyValueSpecification\",\"valueRequired\":true,\"valueName\":\"search_term_string\"}}],\"inLanguage\":\"pt-BR\"},{\"@type\":\"Organization\",\"@id\":\"https:\/\/noticiasemdestaque.com\/cd\/#organization\",\"name\":\"Not\u00edcias em Destaque\",\"url\":\"https:\/\/noticiasemdestaque.com\/cd\/\",\"logo\":{\"@type\":\"ImageObject\",\"inLanguage\":\"pt-BR\",\"@id\":\"https:\/\/noticiasemdestaque.com\/cd\/#\/schema\/logo\/image\/\",\"url\":\"https:\/\/noticiasemdestaque.com\/cd\/wp-content\/uploads\/2022\/05\/imagem-base-noticiasemdestaque.png\",\"contentUrl\":\"https:\/\/noticiasemdestaque.com\/cd\/wp-content\/uploads\/2022\/05\/imagem-base-noticiasemdestaque.png\",\"width\":1200,\"height\":630,\"caption\":\"Not\u00edcias em Destaque\"},\"image\":{\"@id\":\"https:\/\/noticiasemdestaque.com\/cd\/#\/schema\/logo\/image\/\"}},{\"@type\":\"Person\",\"@id\":\"https:\/\/noticiasemdestaque.com\/cd\/#\/schema\/person\/45ca272b3e1246ef14ebb78a48dbb218\",\"name\":\"Not\u00edcias em Destaque\",\"url\":\"https:\/\/noticiasemdestaque.com\/cd\/?author=2\"}]}<\/script>\n<!-- \/ Yoast SEO plugin. -->","yoast_head_json":{"title":"N\u00famero de MEIs cresce quase 103% em cinco anos na Para\u00edba - Not&iacute;cias em Destaque","robots":{"index":"index","follow":"follow","max-snippet":"max-snippet:-1","max-image-preview":"max-image-preview:large","max-video-preview":"max-video-preview:-1"},"canonical":"https:\/\/noticiasemdestaque.com\/cd\/?p=19473","og_locale":"pt_BR","og_type":"article","og_title":"N\u00famero de MEIs cresce quase 103% em cinco anos na Para\u00edba - Not&iacute;cias em Destaque","og_description":"Para\u00edba passou de 58 mil para 117,7 mil microempreendedores individuais entre 2014 e 2019, segundo dados da Receita Federal. O n\u00famero de microempreendedores individuais (MEI) cresceu quase 103% em cerca de cinco anos na Para\u00edba. Segundo dados separados pelo Sebrae Para\u00edba, com base nos registros da Receita Federal, entre agosto de 2014 e 2019, o estado passou de 58.067 para 117.731 registros de microempreendedores individuais. Se enquadram na categoria do Simples Nacional os empreendedores que possuem faturamento m\u00e1ximo anual de R$ 81 mil e que podem contratar at\u00e9 um funcion\u00e1rio com carteira assinada. Al\u00e9m do n\u00famero de MEIs, o levantamento tamb\u00e9m aponta um crescimento de 4,9%, no mesmo per\u00edodo, em rela\u00e7\u00e3o \u00e0 quantidade de microempresas (ME) e empresas de pequeno porte (EPP) registradas no estado. Em agosto de 2014, conforme os dados da Receita Federal, a Para\u00edba tinha 47.735 MEs e EPPs cadastradas, n\u00famero que em agosto desse ano era de 50.112. Considerando de forma geral o n\u00famero de optantes do Simples Nacional, as estat\u00edsticas tamb\u00e9m indicam um incremento no estado no per\u00edodo de cinco anos. Em agosto de 2014, a Para\u00edba contava com 105.802 optantes, n\u00famero que passou a ser de 167.843 no mesmo per\u00edodo de 2019, o que representa um crescimento de 58,6%. A gerente de Estrat\u00e9gia do Sebrae Para\u00edba, Ivani Costa, destacou tr\u00eas fatores que contribu\u00edram para o aumento do n\u00famero de pequenos neg\u00f3cios no estado. \u201cEsse crescimento e, em particular, o n\u00famero de MEIs, deve-se principalmente a tr\u00eas fatores: facilidade na abertura e legaliza\u00e7\u00e3o de um neg\u00f3cio, a crise que fez o desemprego crescer e transformou a ideia de montar um pequeno neg\u00f3cio em uma op\u00e7\u00e3o e, por \u00faltimo, a mudan\u00e7a cultural que traz o empreendedorismo como alternativa de vida e carreira para a nova gera\u00e7\u00e3o\u201d, pontuou.","og_url":"https:\/\/noticiasemdestaque.com\/cd\/?p=19473","og_site_name":"Not&iacute;cias em Destaque","article_published_time":"2019-09-05T10:03:02+00:00","og_image":[{"width":310,"height":245,"url":"https:\/\/noticiasemdestaque.com\/cd\/wp-content\/uploads\/2017\/09\/sebrae.jpg","type":"image\/jpeg"}],"author":"Not\u00edcias em Destaque","twitter_card":"summary_large_image","twitter_misc":{"Escrito por":"Not\u00edcias em Destaque","Est. tempo de leitura":"2 minutos"},"schema":{"@context":"https:\/\/schema.org","@graph":[{"@type":"Article","@id":"https:\/\/noticiasemdestaque.com\/cd\/?p=19473#article","isPartOf":{"@id":"https:\/\/noticiasemdestaque.com\/cd\/?p=19473"},"author":{"name":"Not\u00edcias em Destaque","@id":"https:\/\/noticiasemdestaque.com\/cd\/#\/schema\/person\/45ca272b3e1246ef14ebb78a48dbb218"},"headline":"N\u00famero de MEIs cresce quase 103% em cinco anos na Para\u00edba","datePublished":"2019-09-05T10:03:02+00:00","mainEntityOfPage":{"@id":"https:\/\/noticiasemdestaque.com\/cd\/?p=19473"},"wordCount":317,"publisher":{"@id":"https:\/\/noticiasemdestaque.com\/cd\/#organization"},"image":{"@id":"https:\/\/noticiasemdestaque.com\/cd\/?p=19473#primaryimage"},"thumbnailUrl":"https:\/\/noticiasemdestaque.com\/cd\/wp-content\/uploads\/2017\/09\/sebrae.jpg","articleSection":["Geral"],"inLanguage":"pt-BR"},{"@type":"WebPage","@id":"https:\/\/noticiasemdestaque.com\/cd\/?p=19473","url":"https:\/\/noticiasemdestaque.com\/cd\/?p=19473","name":"N\u00famero de MEIs cresce quase 103% em cinco anos na Para\u00edba - Not&iacute;cias em Destaque","isPartOf":{"@id":"https:\/\/noticiasemdestaque.com\/cd\/#website"},"primaryImageOfPage":{"@id":"https:\/\/noticiasemdestaque.com\/cd\/?p=19473#primaryimage"},"image":{"@id":"https:\/\/noticiasemdestaque.com\/cd\/?p=19473#primaryimage"},"thumbnailUrl":"https:\/\/noticiasemdestaque.com\/cd\/wp-content\/uploads\/2017\/09\/sebrae.jpg","datePublished":"2019-09-05T10:03:02+00:00","breadcrumb":{"@id":"https:\/\/noticiasemdestaque.com\/cd\/?p=19473#breadcrumb"},"inLanguage":"pt-BR","potentialAction":[{"@type":"ReadAction","target":["https:\/\/noticiasemdestaque.com\/cd\/?p=19473"]}]},{"@type":"ImageObject","inLanguage":"pt-BR","@id":"https:\/\/noticiasemdestaque.com\/cd\/?p=19473#primaryimage","url":"https:\/\/noticiasemdestaque.com\/cd\/wp-content\/uploads\/2017\/09\/sebrae.jpg","contentUrl":"https:\/\/noticiasemdestaque.com\/cd\/wp-content\/uploads\/2017\/09\/sebrae.jpg","width":310,"height":245},{"@type":"BreadcrumbList","@id":"https:\/\/noticiasemdestaque.com\/cd\/?p=19473#breadcrumb","itemListElement":[{"@type":"ListItem","position":1,"name":"In\u00edcio","item":"https:\/\/noticiasemdestaque.com\/cd\/"},{"@type":"ListItem","position":2,"name":"N\u00famero de MEIs cresce quase 103% em cinco anos na Para\u00edba"}]},{"@type":"WebSite","@id":"https:\/\/noticiasemdestaque.com\/cd\/#website","url":"https:\/\/noticiasemdestaque.com\/cd\/","name":"Not&iacute;cias em Destaque","description":"","publisher":{"@id":"https:\/\/noticiasemdestaque.com\/cd\/#organization"},"potentialAction":[{"@type":"SearchAction","target":{"@type":"EntryPoint","urlTemplate":"https:\/\/noticiasemdestaque.com\/cd\/?s={search_term_string}"},"query-input":{"@type":"PropertyValueSpecification","valueRequired":true,"valueName":"search_term_string"}}],"inLanguage":"pt-BR"},{"@type":"Organization","@id":"https:\/\/noticiasemdestaque.com\/cd\/#organization","name":"Not\u00edcias em Destaque","url":"https:\/\/noticiasemdestaque.com\/cd\/","logo":{"@type":"ImageObject","inLanguage":"pt-BR","@id":"https:\/\/noticiasemdestaque.com\/cd\/#\/schema\/logo\/image\/","url":"https:\/\/noticiasemdestaque.com\/cd\/wp-content\/uploads\/2022\/05\/imagem-base-noticiasemdestaque.png","contentUrl":"https:\/\/noticiasemdestaque.com\/cd\/wp-content\/uploads\/2022\/05\/imagem-base-noticiasemdestaque.png","width":1200,"height":630,"caption":"Not\u00edcias em Destaque"},"image":{"@id":"https:\/\/noticiasemdestaque.com\/cd\/#\/schema\/logo\/image\/"}},{"@type":"Person","@id":"https:\/\/noticiasemdestaque.com\/cd\/#\/schema\/person\/45ca272b3e1246ef14ebb78a48dbb218","name":"Not\u00edcias em Destaque","url":"https:\/\/noticiasemdestaque.com\/cd\/?author=2"}]}},"jetpack_featured_media_url":"https:\/\/noticiasemdestaque.com\/cd\/wp-content\/uploads\/2017\/09\/sebrae.jpg","jetpack_sharing_enabled":true,"_links":{"self":[{"href":"https:\/\/noticiasemdestaque.com\/cd\/index.php?rest_route=\/wp\/v2\/posts\/19473","targetHints":{"allow":["GET"]}}],"collection":[{"href":"https:\/\/noticiasemdestaque.com\/cd\/index.php?rest_route=\/wp\/v2\/posts"}],"about":[{"href":"https:\/\/noticiasemdestaque.com\/cd\/index.php?rest_route=\/wp\/v2\/types\/post"}],"author":[{"embeddable":true,"href":"https:\/\/noticiasemdestaque.com\/cd\/index.php?rest_route=\/wp\/v2\/users\/2"}],"replies":[{"embeddable":true,"href":"https:\/\/noticiasemdestaque.com\/cd\/index.php?rest_route=%2Fwp%2Fv2%2Fcomments&post=19473"}],"version-history":[{"count":1,"href":"https:\/\/noticiasemdestaque.com\/cd\/index.php?rest_route=\/wp\/v2\/posts\/19473\/revisions"}],"predecessor-version":[{"id":19474,"href":"https:\/\/noticiasemdestaque.com\/cd\/index.php?rest_route=\/wp\/v2\/posts\/19473\/revisions\/19474"}],"wp:featuredmedia":[{"embeddable":true,"href":"https:\/\/noticiasemdestaque.com\/cd\/index.php?rest_route=\/wp\/v2\/media\/4557"}],"wp:attachment":[{"href":"https:\/\/noticiasemdestaque.com\/cd\/index.php?rest_route=%2Fwp%2Fv2%2Fmedia&parent=19473"}],"wp:term":[{"taxonomy":"category","embeddable":true,"href":"https:\/\/noticiasemdestaque.com\/cd\/index.php?rest_route=%2Fwp%2Fv2%2Fcategories&post=19473"},{"taxonomy":"post_tag","embeddable":true,"href":"https:\/\/noticiasemdestaque.com\/cd\/index.php?rest_route=%2Fwp%2Fv2%2Ftags&post=19473"}],"curies":[{"name":"wp","href":"https:\/\/api.w.org\/{rel}","templated":true}]}}