{"id":1946,"date":"2017-07-17T19:44:37","date_gmt":"2017-07-17T22:44:37","guid":{"rendered":"http:\/\/caririemdestaque.com\/cd\/?p=1946"},"modified":"2017-07-17T19:44:37","modified_gmt":"2017-07-17T22:44:37","slug":"professora-e-aluno-do-curso-de-agroecologia-apresentam-programa-de-educacao-ambiental-para-escolas-de-sume","status":"publish","type":"post","link":"https:\/\/noticiasemdestaque.com\/cd\/?p=1946","title":{"rendered":"Professora e aluno do curso de Agroecologia apresentam programa de educa\u00e7\u00e3o ambiental para escolas de Sum\u00e9"},"content":{"rendered":"<p><a href=\"http:\/\/caririemdestaque.com\/cd\/wp-content\/uploads\/2017\/07\/rppn-escolas-municipio-2.jpg\"><img fetchpriority=\"high\" decoding=\"async\" class=\"size-medium wp-image-1947 alignleft\" src=\"http:\/\/caririemdestaque.com\/cd\/wp-content\/uploads\/2017\/07\/rppn-escolas-municipio-2-300x169.jpg\" alt=\"\" width=\"300\" height=\"169\" srcset=\"https:\/\/noticiasemdestaque.com\/cd\/wp-content\/uploads\/2017\/07\/rppn-escolas-municipio-2-300x169.jpg 300w, https:\/\/noticiasemdestaque.com\/cd\/wp-content\/uploads\/2017\/07\/rppn-escolas-municipio-2-768x432.jpg 768w, https:\/\/noticiasemdestaque.com\/cd\/wp-content\/uploads\/2017\/07\/rppn-escolas-municipio-2-1024x576.jpg 1024w, https:\/\/noticiasemdestaque.com\/cd\/wp-content\/uploads\/2017\/07\/rppn-escolas-municipio-2.jpg 1224w\" sizes=\"(max-width: 300px) 100vw, 300px\" \/><\/a>O programa de educa\u00e7\u00e3o ambiental dentro do plano de manejo da RPPN Fazenda Almas foi apresentado durante a abertura da continua\u00e7\u00e3o do semestre letivo das escolas do munic\u00edpio de Sum\u00e9 pela professora Alecksandra Vieira do Centro de Desenvolvimento Sustent\u00e1vel do Semi\u00e1rido da UFCG e pelo aluno de Tecnologia em Agroecologia Arthur Ribeiro Barbosa, no \u00faltimo dia 10 de julho.<\/p>\n<p>&#8220;Foi um importante momento para ressaltar a necessidade dos estudos voltados para a Biologia da Conserva\u00e7\u00e3o no contexto do Cariri paraibano e difundir conhecimentos de Uso Sustent\u00e1vel da Biodiversidade&#8221;, disse a professora.<\/p>\n<p>O estudante Arhur Ribeiro Barbosa foi selecionado para atuar na educa\u00e7\u00e3o ambiental numa a\u00e7\u00e3o da Reserva Particular do Patrim\u00f4nio Natural (RPPN) Fazenda Almas, localizada no Cariri paraibano em parceria com a Associa\u00e7\u00e3o de Plantas do Nordeste.<\/p>\n<p>Assimp CDSA\/UFCG<\/p>\n","protected":false},"excerpt":{"rendered":"<p>O programa de educa\u00e7\u00e3o ambiental dentro do plano de manejo da RPPN Fazenda Almas foi apresentado durante a abertura da continua\u00e7\u00e3o do semestre letivo das escolas do munic\u00edpio de Sum\u00e9 pela professora Alecksandra Vieira do Centro de Desenvolvimento Sustent\u00e1vel do Semi\u00e1rido da UFCG e pelo aluno de Tecnologia em Agroecologia Arthur Ribeiro Barbosa, no \u00faltimo dia 10 de julho. &#8220;Foi um importante momento para ressaltar a necessidade dos estudos voltados para a Biologia da Conserva\u00e7\u00e3o no contexto do Cariri paraibano e difundir conhecimentos de Uso Sustent\u00e1vel da Biodiversidade&#8221;, disse a professora. O estudante Arhur Ribeiro Barbosa foi selecionado para atuar na educa\u00e7\u00e3o ambiental numa a\u00e7\u00e3o da Reserva Particular do Patrim\u00f4nio Natural (RPPN) Fazenda Almas, localizada no Cariri paraibano em parceria com a Associa\u00e7\u00e3o de Plantas do Nordeste. Assimp CDSA\/UFCG<\/p>\n","protected":false},"author":2,"featured_media":1947,"comment_status":"closed","ping_status":"open","sticky":false,"template":"","format":"standard","meta":{"_eb_attr":"","_jetpack_memberships_contains_paid_content":false,"footnotes":""},"categories":[6],"tags":[],"class_list":["post-1946","post","type-post","status-publish","format-standard","has-post-thumbnail","hentry","category-educacao"],"yoast_head":"<!-- This site is optimized with the Yoast SEO plugin v26.5 - https:\/\/yoast.com\/wordpress\/plugins\/seo\/ -->\n<title>Professora e aluno do curso de Agroecologia apresentam programa de educa\u00e7\u00e3o ambiental para escolas de Sum\u00e9 - Not&iacute;cias em Destaque<\/title>\n<meta name=\"robots\" content=\"index, follow, max-snippet:-1, max-image-preview:large, max-video-preview:-1\" \/>\n<link rel=\"canonical\" href=\"https:\/\/noticiasemdestaque.com\/cd\/?p=1946\" \/>\n<meta property=\"og:locale\" content=\"pt_BR\" \/>\n<meta property=\"og:type\" content=\"article\" \/>\n<meta property=\"og:title\" content=\"Professora e aluno do curso de Agroecologia apresentam programa de educa\u00e7\u00e3o ambiental para escolas de Sum\u00e9 - Not&iacute;cias em Destaque\" \/>\n<meta property=\"og:description\" content=\"O programa de educa\u00e7\u00e3o ambiental dentro do plano de manejo da RPPN Fazenda Almas foi apresentado durante a abertura da continua\u00e7\u00e3o do semestre letivo das escolas do munic\u00edpio de Sum\u00e9 pela professora Alecksandra Vieira do Centro de Desenvolvimento Sustent\u00e1vel do Semi\u00e1rido da UFCG e pelo aluno de Tecnologia em Agroecologia Arthur Ribeiro Barbosa, no \u00faltimo dia 10 de julho. &#8220;Foi um importante momento para ressaltar a necessidade dos estudos voltados para a Biologia da Conserva\u00e7\u00e3o no contexto do Cariri paraibano e difundir conhecimentos de Uso Sustent\u00e1vel da Biodiversidade&#8221;, disse a professora. O estudante Arhur Ribeiro Barbosa foi selecionado para atuar na educa\u00e7\u00e3o ambiental numa a\u00e7\u00e3o da Reserva Particular do Patrim\u00f4nio Natural (RPPN) Fazenda Almas, localizada no Cariri paraibano em parceria com a Associa\u00e7\u00e3o de Plantas do Nordeste. Assimp CDSA\/UFCG\" \/>\n<meta property=\"og:url\" content=\"https:\/\/noticiasemdestaque.com\/cd\/?p=1946\" \/>\n<meta property=\"og:site_name\" content=\"Not&iacute;cias em Destaque\" \/>\n<meta property=\"article:published_time\" content=\"2017-07-17T22:44:37+00:00\" \/>\n<meta property=\"og:image\" content=\"https:\/\/noticiasemdestaque.com\/cd\/wp-content\/uploads\/2017\/07\/rppn-escolas-municipio-2.jpg\" \/>\n\t<meta property=\"og:image:width\" content=\"1224\" \/>\n\t<meta property=\"og:image:height\" content=\"689\" \/>\n\t<meta property=\"og:image:type\" content=\"image\/jpeg\" \/>\n<meta name=\"author\" content=\"Not\u00edcias em Destaque\" \/>\n<meta name=\"twitter:card\" content=\"summary_large_image\" \/>\n<meta name=\"twitter:label1\" content=\"Escrito por\" \/>\n\t<meta name=\"twitter:data1\" content=\"Not\u00edcias em Destaque\" \/>\n\t<meta name=\"twitter:label2\" content=\"Est. tempo de leitura\" \/>\n\t<meta name=\"twitter:data2\" content=\"1 minuto\" \/>\n<script type=\"application\/ld+json\" class=\"yoast-schema-graph\">{\"@context\":\"https:\/\/schema.org\",\"@graph\":[{\"@type\":\"Article\",\"@id\":\"https:\/\/noticiasemdestaque.com\/cd\/?p=1946#article\",\"isPartOf\":{\"@id\":\"https:\/\/noticiasemdestaque.com\/cd\/?p=1946\"},\"author\":{\"name\":\"Not\u00edcias em Destaque\",\"@id\":\"https:\/\/noticiasemdestaque.com\/cd\/#\/schema\/person\/47f7d4f55eec17c6b2ca036c5500f6ce\"},\"headline\":\"Professora e aluno do curso de Agroecologia apresentam programa de educa\u00e7\u00e3o ambiental para escolas de Sum\u00e9\",\"datePublished\":\"2017-07-17T22:44:37+00:00\",\"mainEntityOfPage\":{\"@id\":\"https:\/\/noticiasemdestaque.com\/cd\/?p=1946\"},\"wordCount\":157,\"publisher\":{\"@id\":\"https:\/\/noticiasemdestaque.com\/cd\/#organization\"},\"image\":{\"@id\":\"https:\/\/noticiasemdestaque.com\/cd\/?p=1946#primaryimage\"},\"thumbnailUrl\":\"https:\/\/noticiasemdestaque.com\/cd\/wp-content\/uploads\/2017\/07\/rppn-escolas-municipio-2.jpg\",\"articleSection\":[\"Educa\u00e7\u00e3o\"],\"inLanguage\":\"pt-BR\"},{\"@type\":\"WebPage\",\"@id\":\"https:\/\/noticiasemdestaque.com\/cd\/?p=1946\",\"url\":\"https:\/\/noticiasemdestaque.com\/cd\/?p=1946\",\"name\":\"Professora e aluno do curso de Agroecologia apresentam programa de educa\u00e7\u00e3o ambiental para escolas de Sum\u00e9 - Not&iacute;cias em Destaque\",\"isPartOf\":{\"@id\":\"https:\/\/noticiasemdestaque.com\/cd\/#website\"},\"primaryImageOfPage\":{\"@id\":\"https:\/\/noticiasemdestaque.com\/cd\/?p=1946#primaryimage\"},\"image\":{\"@id\":\"https:\/\/noticiasemdestaque.com\/cd\/?p=1946#primaryimage\"},\"thumbnailUrl\":\"https:\/\/noticiasemdestaque.com\/cd\/wp-content\/uploads\/2017\/07\/rppn-escolas-municipio-2.jpg\",\"datePublished\":\"2017-07-17T22:44:37+00:00\",\"breadcrumb\":{\"@id\":\"https:\/\/noticiasemdestaque.com\/cd\/?p=1946#breadcrumb\"},\"inLanguage\":\"pt-BR\",\"potentialAction\":[{\"@type\":\"ReadAction\",\"target\":[\"https:\/\/noticiasemdestaque.com\/cd\/?p=1946\"]}]},{\"@type\":\"ImageObject\",\"inLanguage\":\"pt-BR\",\"@id\":\"https:\/\/noticiasemdestaque.com\/cd\/?p=1946#primaryimage\",\"url\":\"https:\/\/noticiasemdestaque.com\/cd\/wp-content\/uploads\/2017\/07\/rppn-escolas-municipio-2.jpg\",\"contentUrl\":\"https:\/\/noticiasemdestaque.com\/cd\/wp-content\/uploads\/2017\/07\/rppn-escolas-municipio-2.jpg\",\"width\":1224,\"height\":689},{\"@type\":\"BreadcrumbList\",\"@id\":\"https:\/\/noticiasemdestaque.com\/cd\/?p=1946#breadcrumb\",\"itemListElement\":[{\"@type\":\"ListItem\",\"position\":1,\"name\":\"In\u00edcio\",\"item\":\"https:\/\/noticiasemdestaque.com\/cd\/\"},{\"@type\":\"ListItem\",\"position\":2,\"name\":\"Professora e aluno do curso de Agroecologia apresentam programa de educa\u00e7\u00e3o ambiental para escolas de Sum\u00e9\"}]},{\"@type\":\"WebSite\",\"@id\":\"https:\/\/noticiasemdestaque.com\/cd\/#website\",\"url\":\"https:\/\/noticiasemdestaque.com\/cd\/\",\"name\":\"Not&iacute;cias em Destaque\",\"description\":\"\",\"publisher\":{\"@id\":\"https:\/\/noticiasemdestaque.com\/cd\/#organization\"},\"potentialAction\":[{\"@type\":\"SearchAction\",\"target\":{\"@type\":\"EntryPoint\",\"urlTemplate\":\"https:\/\/noticiasemdestaque.com\/cd\/?s={search_term_string}\"},\"query-input\":{\"@type\":\"PropertyValueSpecification\",\"valueRequired\":true,\"valueName\":\"search_term_string\"}}],\"inLanguage\":\"pt-BR\"},{\"@type\":\"Organization\",\"@id\":\"https:\/\/noticiasemdestaque.com\/cd\/#organization\",\"name\":\"Not\u00edcias em Destaque\",\"url\":\"https:\/\/noticiasemdestaque.com\/cd\/\",\"logo\":{\"@type\":\"ImageObject\",\"inLanguage\":\"pt-BR\",\"@id\":\"https:\/\/noticiasemdestaque.com\/cd\/#\/schema\/logo\/image\/\",\"url\":\"https:\/\/noticiasemdestaque.com\/cd\/wp-content\/uploads\/2022\/05\/imagem-base-noticiasemdestaque.png\",\"contentUrl\":\"https:\/\/noticiasemdestaque.com\/cd\/wp-content\/uploads\/2022\/05\/imagem-base-noticiasemdestaque.png\",\"width\":1200,\"height\":630,\"caption\":\"Not\u00edcias em Destaque\"},\"image\":{\"@id\":\"https:\/\/noticiasemdestaque.com\/cd\/#\/schema\/logo\/image\/\"}},{\"@type\":\"Person\",\"@id\":\"https:\/\/noticiasemdestaque.com\/cd\/#\/schema\/person\/47f7d4f55eec17c6b2ca036c5500f6ce\",\"name\":\"Not\u00edcias em Destaque\",\"url\":\"https:\/\/noticiasemdestaque.com\/cd\/?author=2\"}]}<\/script>\n<!-- \/ Yoast SEO plugin. -->","yoast_head_json":{"title":"Professora e aluno do curso de Agroecologia apresentam programa de educa\u00e7\u00e3o ambiental para escolas de Sum\u00e9 - Not&iacute;cias em Destaque","robots":{"index":"index","follow":"follow","max-snippet":"max-snippet:-1","max-image-preview":"max-image-preview:large","max-video-preview":"max-video-preview:-1"},"canonical":"https:\/\/noticiasemdestaque.com\/cd\/?p=1946","og_locale":"pt_BR","og_type":"article","og_title":"Professora e aluno do curso de Agroecologia apresentam programa de educa\u00e7\u00e3o ambiental para escolas de Sum\u00e9 - Not&iacute;cias em Destaque","og_description":"O programa de educa\u00e7\u00e3o ambiental dentro do plano de manejo da RPPN Fazenda Almas foi apresentado durante a abertura da continua\u00e7\u00e3o do semestre letivo das escolas do munic\u00edpio de Sum\u00e9 pela professora Alecksandra Vieira do Centro de Desenvolvimento Sustent\u00e1vel do Semi\u00e1rido da UFCG e pelo aluno de Tecnologia em Agroecologia Arthur Ribeiro Barbosa, no \u00faltimo dia 10 de julho. &#8220;Foi um importante momento para ressaltar a necessidade dos estudos voltados para a Biologia da Conserva\u00e7\u00e3o no contexto do Cariri paraibano e difundir conhecimentos de Uso Sustent\u00e1vel da Biodiversidade&#8221;, disse a professora. O estudante Arhur Ribeiro Barbosa foi selecionado para atuar na educa\u00e7\u00e3o ambiental numa a\u00e7\u00e3o da Reserva Particular do Patrim\u00f4nio Natural (RPPN) Fazenda Almas, localizada no Cariri paraibano em parceria com a Associa\u00e7\u00e3o de Plantas do Nordeste. Assimp CDSA\/UFCG","og_url":"https:\/\/noticiasemdestaque.com\/cd\/?p=1946","og_site_name":"Not&iacute;cias em Destaque","article_published_time":"2017-07-17T22:44:37+00:00","og_image":[{"width":1224,"height":689,"url":"https:\/\/noticiasemdestaque.com\/cd\/wp-content\/uploads\/2017\/07\/rppn-escolas-municipio-2.jpg","type":"image\/jpeg"}],"author":"Not\u00edcias em Destaque","twitter_card":"summary_large_image","twitter_misc":{"Escrito por":"Not\u00edcias em Destaque","Est. tempo de leitura":"1 minuto"},"schema":{"@context":"https:\/\/schema.org","@graph":[{"@type":"Article","@id":"https:\/\/noticiasemdestaque.com\/cd\/?p=1946#article","isPartOf":{"@id":"https:\/\/noticiasemdestaque.com\/cd\/?p=1946"},"author":{"name":"Not\u00edcias em Destaque","@id":"https:\/\/noticiasemdestaque.com\/cd\/#\/schema\/person\/47f7d4f55eec17c6b2ca036c5500f6ce"},"headline":"Professora e aluno do curso de Agroecologia apresentam programa de educa\u00e7\u00e3o ambiental para escolas de Sum\u00e9","datePublished":"2017-07-17T22:44:37+00:00","mainEntityOfPage":{"@id":"https:\/\/noticiasemdestaque.com\/cd\/?p=1946"},"wordCount":157,"publisher":{"@id":"https:\/\/noticiasemdestaque.com\/cd\/#organization"},"image":{"@id":"https:\/\/noticiasemdestaque.com\/cd\/?p=1946#primaryimage"},"thumbnailUrl":"https:\/\/noticiasemdestaque.com\/cd\/wp-content\/uploads\/2017\/07\/rppn-escolas-municipio-2.jpg","articleSection":["Educa\u00e7\u00e3o"],"inLanguage":"pt-BR"},{"@type":"WebPage","@id":"https:\/\/noticiasemdestaque.com\/cd\/?p=1946","url":"https:\/\/noticiasemdestaque.com\/cd\/?p=1946","name":"Professora e aluno do curso de Agroecologia apresentam programa de educa\u00e7\u00e3o ambiental para escolas de Sum\u00e9 - Not&iacute;cias em Destaque","isPartOf":{"@id":"https:\/\/noticiasemdestaque.com\/cd\/#website"},"primaryImageOfPage":{"@id":"https:\/\/noticiasemdestaque.com\/cd\/?p=1946#primaryimage"},"image":{"@id":"https:\/\/noticiasemdestaque.com\/cd\/?p=1946#primaryimage"},"thumbnailUrl":"https:\/\/noticiasemdestaque.com\/cd\/wp-content\/uploads\/2017\/07\/rppn-escolas-municipio-2.jpg","datePublished":"2017-07-17T22:44:37+00:00","breadcrumb":{"@id":"https:\/\/noticiasemdestaque.com\/cd\/?p=1946#breadcrumb"},"inLanguage":"pt-BR","potentialAction":[{"@type":"ReadAction","target":["https:\/\/noticiasemdestaque.com\/cd\/?p=1946"]}]},{"@type":"ImageObject","inLanguage":"pt-BR","@id":"https:\/\/noticiasemdestaque.com\/cd\/?p=1946#primaryimage","url":"https:\/\/noticiasemdestaque.com\/cd\/wp-content\/uploads\/2017\/07\/rppn-escolas-municipio-2.jpg","contentUrl":"https:\/\/noticiasemdestaque.com\/cd\/wp-content\/uploads\/2017\/07\/rppn-escolas-municipio-2.jpg","width":1224,"height":689},{"@type":"BreadcrumbList","@id":"https:\/\/noticiasemdestaque.com\/cd\/?p=1946#breadcrumb","itemListElement":[{"@type":"ListItem","position":1,"name":"In\u00edcio","item":"https:\/\/noticiasemdestaque.com\/cd\/"},{"@type":"ListItem","position":2,"name":"Professora e aluno do curso de Agroecologia apresentam programa de educa\u00e7\u00e3o ambiental para escolas de Sum\u00e9"}]},{"@type":"WebSite","@id":"https:\/\/noticiasemdestaque.com\/cd\/#website","url":"https:\/\/noticiasemdestaque.com\/cd\/","name":"Not&iacute;cias em Destaque","description":"","publisher":{"@id":"https:\/\/noticiasemdestaque.com\/cd\/#organization"},"potentialAction":[{"@type":"SearchAction","target":{"@type":"EntryPoint","urlTemplate":"https:\/\/noticiasemdestaque.com\/cd\/?s={search_term_string}"},"query-input":{"@type":"PropertyValueSpecification","valueRequired":true,"valueName":"search_term_string"}}],"inLanguage":"pt-BR"},{"@type":"Organization","@id":"https:\/\/noticiasemdestaque.com\/cd\/#organization","name":"Not\u00edcias em Destaque","url":"https:\/\/noticiasemdestaque.com\/cd\/","logo":{"@type":"ImageObject","inLanguage":"pt-BR","@id":"https:\/\/noticiasemdestaque.com\/cd\/#\/schema\/logo\/image\/","url":"https:\/\/noticiasemdestaque.com\/cd\/wp-content\/uploads\/2022\/05\/imagem-base-noticiasemdestaque.png","contentUrl":"https:\/\/noticiasemdestaque.com\/cd\/wp-content\/uploads\/2022\/05\/imagem-base-noticiasemdestaque.png","width":1200,"height":630,"caption":"Not\u00edcias em Destaque"},"image":{"@id":"https:\/\/noticiasemdestaque.com\/cd\/#\/schema\/logo\/image\/"}},{"@type":"Person","@id":"https:\/\/noticiasemdestaque.com\/cd\/#\/schema\/person\/47f7d4f55eec17c6b2ca036c5500f6ce","name":"Not\u00edcias em Destaque","url":"https:\/\/noticiasemdestaque.com\/cd\/?author=2"}]}},"jetpack_featured_media_url":"https:\/\/noticiasemdestaque.com\/cd\/wp-content\/uploads\/2017\/07\/rppn-escolas-municipio-2.jpg","jetpack_sharing_enabled":true,"_links":{"self":[{"href":"https:\/\/noticiasemdestaque.com\/cd\/index.php?rest_route=\/wp\/v2\/posts\/1946","targetHints":{"allow":["GET"]}}],"collection":[{"href":"https:\/\/noticiasemdestaque.com\/cd\/index.php?rest_route=\/wp\/v2\/posts"}],"about":[{"href":"https:\/\/noticiasemdestaque.com\/cd\/index.php?rest_route=\/wp\/v2\/types\/post"}],"author":[{"embeddable":true,"href":"https:\/\/noticiasemdestaque.com\/cd\/index.php?rest_route=\/wp\/v2\/users\/2"}],"replies":[{"embeddable":true,"href":"https:\/\/noticiasemdestaque.com\/cd\/index.php?rest_route=%2Fwp%2Fv2%2Fcomments&post=1946"}],"version-history":[{"count":1,"href":"https:\/\/noticiasemdestaque.com\/cd\/index.php?rest_route=\/wp\/v2\/posts\/1946\/revisions"}],"predecessor-version":[{"id":1948,"href":"https:\/\/noticiasemdestaque.com\/cd\/index.php?rest_route=\/wp\/v2\/posts\/1946\/revisions\/1948"}],"wp:featuredmedia":[{"embeddable":true,"href":"https:\/\/noticiasemdestaque.com\/cd\/index.php?rest_route=\/wp\/v2\/media\/1947"}],"wp:attachment":[{"href":"https:\/\/noticiasemdestaque.com\/cd\/index.php?rest_route=%2Fwp%2Fv2%2Fmedia&parent=1946"}],"wp:term":[{"taxonomy":"category","embeddable":true,"href":"https:\/\/noticiasemdestaque.com\/cd\/index.php?rest_route=%2Fwp%2Fv2%2Fcategories&post=1946"},{"taxonomy":"post_tag","embeddable":true,"href":"https:\/\/noticiasemdestaque.com\/cd\/index.php?rest_route=%2Fwp%2Fv2%2Ftags&post=1946"}],"curies":[{"name":"wp","href":"https:\/\/api.w.org\/{rel}","templated":true}]}}