{"id":19424,"date":"2019-09-02T07:15:43","date_gmt":"2019-09-02T10:15:43","guid":{"rendered":"http:\/\/noticiasemdestaque.com\/cd\/?p=19424"},"modified":"2019-09-02T07:15:43","modified_gmt":"2019-09-02T10:15:43","slug":"datafolha-reprovacao-do-governo-bolsonaro-sobe-para-38","status":"publish","type":"post","link":"https:\/\/noticiasemdestaque.com\/cd\/?p=19424","title":{"rendered":"Datafolha: Reprova\u00e7\u00e3o do governo Bolsonaro sobe para 38%"},"content":{"rendered":"<p><a href=\"https:\/\/noticiasemdestaque.com\/cd\/wp-content\/uploads\/2019\/01\/2019-01-01T201749Z_1969057052_RC118EA747D0_RTRMADP_3_BRAZIL-POLITICS.jpg\"><img fetchpriority=\"high\" decoding=\"async\" class=\"wp-image-14687 aligncenter\" src=\"https:\/\/noticiasemdestaque.com\/cd\/wp-content\/uploads\/2019\/01\/2019-01-01T201749Z_1969057052_RC118EA747D0_RTRMADP_3_BRAZIL-POLITICS-1024x715.jpg\" alt=\"\" width=\"458\" height=\"320\" srcset=\"https:\/\/noticiasemdestaque.com\/cd\/wp-content\/uploads\/2019\/01\/2019-01-01T201749Z_1969057052_RC118EA747D0_RTRMADP_3_BRAZIL-POLITICS-1024x715.jpg 1024w, https:\/\/noticiasemdestaque.com\/cd\/wp-content\/uploads\/2019\/01\/2019-01-01T201749Z_1969057052_RC118EA747D0_RTRMADP_3_BRAZIL-POLITICS-300x209.jpg 300w, https:\/\/noticiasemdestaque.com\/cd\/wp-content\/uploads\/2019\/01\/2019-01-01T201749Z_1969057052_RC118EA747D0_RTRMADP_3_BRAZIL-POLITICS-768x536.jpg 768w, https:\/\/noticiasemdestaque.com\/cd\/wp-content\/uploads\/2019\/01\/2019-01-01T201749Z_1969057052_RC118EA747D0_RTRMADP_3_BRAZIL-POLITICS.jpg 1425w\" sizes=\"(max-width: 458px) 100vw, 458px\" \/><\/a><\/p>\n<p>De acordo com pesquisa nacional divulgada pelo\u00a0<strong><a href=\"https:\/\/veja.abril.com.br\/noticias-sobre\/datafolha\/\">Instituto Datafolha<\/a><\/strong>\u00a0nesta segunda-feira 2, a reprova\u00e7\u00e3o ao governo do presidente<strong><a href=\"https:\/\/veja.abril.com.br\/noticias-sobre\/jair-bolsonaro\/\">\u00a0Jair Bolsonaro<\/a><\/strong>\u00a0(\u00edndice de pessoas que consideram a administra\u00e7\u00e3o ruim ou p\u00e9ssima) chegou a 38% um aumento percentual de cinco pontos em rela\u00e7\u00e3o ao \u00faltimo levantamento divulgado pelo instituto, em julho. Uma parcela de 30% dos entrevistados classifica o governo como \u201cregular\u201d e 29% o consideram \u201cbom\u201d ou \u201c\u00f3timo\u201d.<\/p>\n<p>O Datafolha ouviu 2.878 pessoas com mais de 16 anos em 175 munic\u00edpios. Na compara\u00e7\u00e3o com o \u00faltimo levantamento do tipo, a aprova\u00e7\u00e3o do presidente diminuiu \u2013 dentro da margem de erro de dois pontos percentuais para ou mais para menos -, de 33% em julho para 29%. J\u00e1 a avalia\u00e7\u00e3o do governo como regular ficou est\u00e1vel: de 31% para 30%.<\/p>\n<p>Em recortes populacionais, os declarados \u201cateus\u201d s\u00e3o o grupo que mais rejeita Bolsonaro (76% dos entrevistados) e chamam a aten\u00e7\u00e3o os \u00edndices de rejei\u00e7\u00e3o entre moradores do Nordeste (52%), desempregados (48%) e mulheres (43%).<\/p>\n<p>J\u00e1 entre os grupos que mais aprovam o governo, destacam-se empres\u00e1rios (48%), evang\u00e9licos neopentecostais (46%), moradores do Sul e Centro-Oeste (37%) e homens (33%).<\/p>\n<section class=\"article-content\">Entre os que declararam voto a Bolsonaro no segundo turno das elei\u00e7\u00f5es de 2018, uma parcela de 57% creem que o governo \u00e9 \u201cbom\u201d ou \u201c\u00f3timo\u201d. Entre quem votou em Fernando Haddad (PT), 69% reprovam a atual administra\u00e7\u00e3o.<\/p>\n<\/section>\n","protected":false},"excerpt":{"rendered":"<p>De acordo com pesquisa nacional divulgada pelo\u00a0Instituto Datafolha\u00a0nesta segunda-feira 2, a reprova\u00e7\u00e3o ao governo do presidente\u00a0Jair Bolsonaro\u00a0(\u00edndice de pessoas que consideram a administra\u00e7\u00e3o ruim ou p\u00e9ssima) chegou a 38% um aumento percentual de cinco pontos em rela\u00e7\u00e3o ao \u00faltimo levantamento divulgado pelo instituto, em julho. Uma parcela de 30% dos entrevistados classifica o governo como \u201cregular\u201d e 29% o consideram \u201cbom\u201d ou \u201c\u00f3timo\u201d. O Datafolha ouviu 2.878 pessoas com mais de 16 anos em 175 munic\u00edpios. Na compara\u00e7\u00e3o com o \u00faltimo levantamento do tipo, a aprova\u00e7\u00e3o do presidente diminuiu \u2013 dentro da margem de erro de dois pontos percentuais para ou mais para menos -, de 33% em julho para 29%. J\u00e1 a avalia\u00e7\u00e3o do governo como regular ficou est\u00e1vel: de 31% para 30%. Em recortes populacionais, os declarados \u201cateus\u201d s\u00e3o o grupo que mais rejeita Bolsonaro (76% dos entrevistados) e chamam a aten\u00e7\u00e3o os \u00edndices de rejei\u00e7\u00e3o entre moradores do Nordeste (52%), desempregados (48%) e mulheres (43%). J\u00e1 entre os grupos que mais aprovam o governo, destacam-se empres\u00e1rios (48%), evang\u00e9licos neopentecostais (46%), moradores do Sul e Centro-Oeste (37%) e homens (33%). Entre os que declararam voto a Bolsonaro no segundo turno das elei\u00e7\u00f5es de 2018, uma parcela de 57% creem que o governo \u00e9 \u201cbom\u201d ou \u201c\u00f3timo\u201d. Entre quem votou em Fernando Haddad (PT), 69% reprovam a atual administra\u00e7\u00e3o.<\/p>\n","protected":false},"author":2,"featured_media":14687,"comment_status":"closed","ping_status":"open","sticky":false,"template":"","format":"standard","meta":{"_eb_attr":"","_jetpack_memberships_contains_paid_content":false,"footnotes":""},"categories":[4],"tags":[],"class_list":["post-19424","post","type-post","status-publish","format-standard","has-post-thumbnail","hentry","category-politica"],"yoast_head":"<!-- This site is optimized with the Yoast SEO plugin v26.5 - https:\/\/yoast.com\/wordpress\/plugins\/seo\/ -->\n<title>Datafolha: Reprova\u00e7\u00e3o do governo Bolsonaro sobe para 38% - Not&iacute;cias em Destaque<\/title>\n<meta name=\"robots\" content=\"index, follow, max-snippet:-1, max-image-preview:large, max-video-preview:-1\" \/>\n<link rel=\"canonical\" href=\"https:\/\/noticiasemdestaque.com\/cd\/?p=19424\" \/>\n<meta property=\"og:locale\" content=\"pt_BR\" \/>\n<meta property=\"og:type\" content=\"article\" \/>\n<meta property=\"og:title\" content=\"Datafolha: Reprova\u00e7\u00e3o do governo Bolsonaro sobe para 38% - Not&iacute;cias em Destaque\" \/>\n<meta property=\"og:description\" content=\"De acordo com pesquisa nacional divulgada pelo\u00a0Instituto Datafolha\u00a0nesta segunda-feira 2, a reprova\u00e7\u00e3o ao governo do presidente\u00a0Jair Bolsonaro\u00a0(\u00edndice de pessoas que consideram a administra\u00e7\u00e3o ruim ou p\u00e9ssima) chegou a 38% um aumento percentual de cinco pontos em rela\u00e7\u00e3o ao \u00faltimo levantamento divulgado pelo instituto, em julho. Uma parcela de 30% dos entrevistados classifica o governo como \u201cregular\u201d e 29% o consideram \u201cbom\u201d ou \u201c\u00f3timo\u201d. O Datafolha ouviu 2.878 pessoas com mais de 16 anos em 175 munic\u00edpios. Na compara\u00e7\u00e3o com o \u00faltimo levantamento do tipo, a aprova\u00e7\u00e3o do presidente diminuiu \u2013 dentro da margem de erro de dois pontos percentuais para ou mais para menos -, de 33% em julho para 29%. J\u00e1 a avalia\u00e7\u00e3o do governo como regular ficou est\u00e1vel: de 31% para 30%. Em recortes populacionais, os declarados \u201cateus\u201d s\u00e3o o grupo que mais rejeita Bolsonaro (76% dos entrevistados) e chamam a aten\u00e7\u00e3o os \u00edndices de rejei\u00e7\u00e3o entre moradores do Nordeste (52%), desempregados (48%) e mulheres (43%). J\u00e1 entre os grupos que mais aprovam o governo, destacam-se empres\u00e1rios (48%), evang\u00e9licos neopentecostais (46%), moradores do Sul e Centro-Oeste (37%) e homens (33%). Entre os que declararam voto a Bolsonaro no segundo turno das elei\u00e7\u00f5es de 2018, uma parcela de 57% creem que o governo \u00e9 \u201cbom\u201d ou \u201c\u00f3timo\u201d. Entre quem votou em Fernando Haddad (PT), 69% reprovam a atual administra\u00e7\u00e3o.\" \/>\n<meta property=\"og:url\" content=\"https:\/\/noticiasemdestaque.com\/cd\/?p=19424\" \/>\n<meta property=\"og:site_name\" content=\"Not&iacute;cias em Destaque\" \/>\n<meta property=\"article:published_time\" content=\"2019-09-02T10:15:43+00:00\" \/>\n<meta property=\"og:image\" content=\"https:\/\/noticiasemdestaque.com\/cd\/wp-content\/uploads\/2019\/01\/2019-01-01T201749Z_1969057052_RC118EA747D0_RTRMADP_3_BRAZIL-POLITICS.jpg\" \/>\n\t<meta property=\"og:image:width\" content=\"1425\" \/>\n\t<meta property=\"og:image:height\" content=\"995\" \/>\n\t<meta property=\"og:image:type\" content=\"image\/jpeg\" \/>\n<meta name=\"author\" content=\"Not\u00edcias em Destaque\" \/>\n<meta name=\"twitter:card\" content=\"summary_large_image\" \/>\n<meta name=\"twitter:label1\" content=\"Escrito por\" \/>\n\t<meta name=\"twitter:data1\" content=\"Not\u00edcias em Destaque\" \/>\n\t<meta name=\"twitter:label2\" content=\"Est. tempo de leitura\" \/>\n\t<meta name=\"twitter:data2\" content=\"1 minuto\" \/>\n<script type=\"application\/ld+json\" class=\"yoast-schema-graph\">{\"@context\":\"https:\/\/schema.org\",\"@graph\":[{\"@type\":\"Article\",\"@id\":\"https:\/\/noticiasemdestaque.com\/cd\/?p=19424#article\",\"isPartOf\":{\"@id\":\"https:\/\/noticiasemdestaque.com\/cd\/?p=19424\"},\"author\":{\"name\":\"Not\u00edcias em Destaque\",\"@id\":\"https:\/\/noticiasemdestaque.com\/cd\/#\/schema\/person\/3e6ba396ff5664a69c392f09a8e1504c\"},\"headline\":\"Datafolha: Reprova\u00e7\u00e3o do governo Bolsonaro sobe para 38%\",\"datePublished\":\"2019-09-02T10:15:43+00:00\",\"mainEntityOfPage\":{\"@id\":\"https:\/\/noticiasemdestaque.com\/cd\/?p=19424\"},\"wordCount\":224,\"publisher\":{\"@id\":\"https:\/\/noticiasemdestaque.com\/cd\/#organization\"},\"image\":{\"@id\":\"https:\/\/noticiasemdestaque.com\/cd\/?p=19424#primaryimage\"},\"thumbnailUrl\":\"https:\/\/noticiasemdestaque.com\/cd\/wp-content\/uploads\/2019\/01\/2019-01-01T201749Z_1969057052_RC118EA747D0_RTRMADP_3_BRAZIL-POLITICS.jpg\",\"articleSection\":[\"Pol\u00edtica\"],\"inLanguage\":\"pt-BR\"},{\"@type\":\"WebPage\",\"@id\":\"https:\/\/noticiasemdestaque.com\/cd\/?p=19424\",\"url\":\"https:\/\/noticiasemdestaque.com\/cd\/?p=19424\",\"name\":\"Datafolha: Reprova\u00e7\u00e3o do governo Bolsonaro sobe para 38% - Not&iacute;cias em Destaque\",\"isPartOf\":{\"@id\":\"https:\/\/noticiasemdestaque.com\/cd\/#website\"},\"primaryImageOfPage\":{\"@id\":\"https:\/\/noticiasemdestaque.com\/cd\/?p=19424#primaryimage\"},\"image\":{\"@id\":\"https:\/\/noticiasemdestaque.com\/cd\/?p=19424#primaryimage\"},\"thumbnailUrl\":\"https:\/\/noticiasemdestaque.com\/cd\/wp-content\/uploads\/2019\/01\/2019-01-01T201749Z_1969057052_RC118EA747D0_RTRMADP_3_BRAZIL-POLITICS.jpg\",\"datePublished\":\"2019-09-02T10:15:43+00:00\",\"breadcrumb\":{\"@id\":\"https:\/\/noticiasemdestaque.com\/cd\/?p=19424#breadcrumb\"},\"inLanguage\":\"pt-BR\",\"potentialAction\":[{\"@type\":\"ReadAction\",\"target\":[\"https:\/\/noticiasemdestaque.com\/cd\/?p=19424\"]}]},{\"@type\":\"ImageObject\",\"inLanguage\":\"pt-BR\",\"@id\":\"https:\/\/noticiasemdestaque.com\/cd\/?p=19424#primaryimage\",\"url\":\"https:\/\/noticiasemdestaque.com\/cd\/wp-content\/uploads\/2019\/01\/2019-01-01T201749Z_1969057052_RC118EA747D0_RTRMADP_3_BRAZIL-POLITICS.jpg\",\"contentUrl\":\"https:\/\/noticiasemdestaque.com\/cd\/wp-content\/uploads\/2019\/01\/2019-01-01T201749Z_1969057052_RC118EA747D0_RTRMADP_3_BRAZIL-POLITICS.jpg\",\"width\":1425,\"height\":995},{\"@type\":\"BreadcrumbList\",\"@id\":\"https:\/\/noticiasemdestaque.com\/cd\/?p=19424#breadcrumb\",\"itemListElement\":[{\"@type\":\"ListItem\",\"position\":1,\"name\":\"In\u00edcio\",\"item\":\"https:\/\/noticiasemdestaque.com\/cd\/\"},{\"@type\":\"ListItem\",\"position\":2,\"name\":\"Datafolha: Reprova\u00e7\u00e3o do governo Bolsonaro sobe para 38%\"}]},{\"@type\":\"WebSite\",\"@id\":\"https:\/\/noticiasemdestaque.com\/cd\/#website\",\"url\":\"https:\/\/noticiasemdestaque.com\/cd\/\",\"name\":\"Not&iacute;cias em Destaque\",\"description\":\"\",\"publisher\":{\"@id\":\"https:\/\/noticiasemdestaque.com\/cd\/#organization\"},\"potentialAction\":[{\"@type\":\"SearchAction\",\"target\":{\"@type\":\"EntryPoint\",\"urlTemplate\":\"https:\/\/noticiasemdestaque.com\/cd\/?s={search_term_string}\"},\"query-input\":{\"@type\":\"PropertyValueSpecification\",\"valueRequired\":true,\"valueName\":\"search_term_string\"}}],\"inLanguage\":\"pt-BR\"},{\"@type\":\"Organization\",\"@id\":\"https:\/\/noticiasemdestaque.com\/cd\/#organization\",\"name\":\"Not\u00edcias em Destaque\",\"url\":\"https:\/\/noticiasemdestaque.com\/cd\/\",\"logo\":{\"@type\":\"ImageObject\",\"inLanguage\":\"pt-BR\",\"@id\":\"https:\/\/noticiasemdestaque.com\/cd\/#\/schema\/logo\/image\/\",\"url\":\"https:\/\/noticiasemdestaque.com\/cd\/wp-content\/uploads\/2022\/05\/imagem-base-noticiasemdestaque.png\",\"contentUrl\":\"https:\/\/noticiasemdestaque.com\/cd\/wp-content\/uploads\/2022\/05\/imagem-base-noticiasemdestaque.png\",\"width\":1200,\"height\":630,\"caption\":\"Not\u00edcias em Destaque\"},\"image\":{\"@id\":\"https:\/\/noticiasemdestaque.com\/cd\/#\/schema\/logo\/image\/\"}},{\"@type\":\"Person\",\"@id\":\"https:\/\/noticiasemdestaque.com\/cd\/#\/schema\/person\/3e6ba396ff5664a69c392f09a8e1504c\",\"name\":\"Not\u00edcias em Destaque\",\"url\":\"https:\/\/noticiasemdestaque.com\/cd\/?author=2\"}]}<\/script>\n<!-- \/ Yoast SEO plugin. -->","yoast_head_json":{"title":"Datafolha: Reprova\u00e7\u00e3o do governo Bolsonaro sobe para 38% - Not&iacute;cias em Destaque","robots":{"index":"index","follow":"follow","max-snippet":"max-snippet:-1","max-image-preview":"max-image-preview:large","max-video-preview":"max-video-preview:-1"},"canonical":"https:\/\/noticiasemdestaque.com\/cd\/?p=19424","og_locale":"pt_BR","og_type":"article","og_title":"Datafolha: Reprova\u00e7\u00e3o do governo Bolsonaro sobe para 38% - Not&iacute;cias em Destaque","og_description":"De acordo com pesquisa nacional divulgada pelo\u00a0Instituto Datafolha\u00a0nesta segunda-feira 2, a reprova\u00e7\u00e3o ao governo do presidente\u00a0Jair Bolsonaro\u00a0(\u00edndice de pessoas que consideram a administra\u00e7\u00e3o ruim ou p\u00e9ssima) chegou a 38% um aumento percentual de cinco pontos em rela\u00e7\u00e3o ao \u00faltimo levantamento divulgado pelo instituto, em julho. Uma parcela de 30% dos entrevistados classifica o governo como \u201cregular\u201d e 29% o consideram \u201cbom\u201d ou \u201c\u00f3timo\u201d. O Datafolha ouviu 2.878 pessoas com mais de 16 anos em 175 munic\u00edpios. Na compara\u00e7\u00e3o com o \u00faltimo levantamento do tipo, a aprova\u00e7\u00e3o do presidente diminuiu \u2013 dentro da margem de erro de dois pontos percentuais para ou mais para menos -, de 33% em julho para 29%. J\u00e1 a avalia\u00e7\u00e3o do governo como regular ficou est\u00e1vel: de 31% para 30%. Em recortes populacionais, os declarados \u201cateus\u201d s\u00e3o o grupo que mais rejeita Bolsonaro (76% dos entrevistados) e chamam a aten\u00e7\u00e3o os \u00edndices de rejei\u00e7\u00e3o entre moradores do Nordeste (52%), desempregados (48%) e mulheres (43%). J\u00e1 entre os grupos que mais aprovam o governo, destacam-se empres\u00e1rios (48%), evang\u00e9licos neopentecostais (46%), moradores do Sul e Centro-Oeste (37%) e homens (33%). Entre os que declararam voto a Bolsonaro no segundo turno das elei\u00e7\u00f5es de 2018, uma parcela de 57% creem que o governo \u00e9 \u201cbom\u201d ou \u201c\u00f3timo\u201d. Entre quem votou em Fernando Haddad (PT), 69% reprovam a atual administra\u00e7\u00e3o.","og_url":"https:\/\/noticiasemdestaque.com\/cd\/?p=19424","og_site_name":"Not&iacute;cias em Destaque","article_published_time":"2019-09-02T10:15:43+00:00","og_image":[{"width":1425,"height":995,"url":"https:\/\/noticiasemdestaque.com\/cd\/wp-content\/uploads\/2019\/01\/2019-01-01T201749Z_1969057052_RC118EA747D0_RTRMADP_3_BRAZIL-POLITICS.jpg","type":"image\/jpeg"}],"author":"Not\u00edcias em Destaque","twitter_card":"summary_large_image","twitter_misc":{"Escrito por":"Not\u00edcias em Destaque","Est. tempo de leitura":"1 minuto"},"schema":{"@context":"https:\/\/schema.org","@graph":[{"@type":"Article","@id":"https:\/\/noticiasemdestaque.com\/cd\/?p=19424#article","isPartOf":{"@id":"https:\/\/noticiasemdestaque.com\/cd\/?p=19424"},"author":{"name":"Not\u00edcias em Destaque","@id":"https:\/\/noticiasemdestaque.com\/cd\/#\/schema\/person\/3e6ba396ff5664a69c392f09a8e1504c"},"headline":"Datafolha: Reprova\u00e7\u00e3o do governo Bolsonaro sobe para 38%","datePublished":"2019-09-02T10:15:43+00:00","mainEntityOfPage":{"@id":"https:\/\/noticiasemdestaque.com\/cd\/?p=19424"},"wordCount":224,"publisher":{"@id":"https:\/\/noticiasemdestaque.com\/cd\/#organization"},"image":{"@id":"https:\/\/noticiasemdestaque.com\/cd\/?p=19424#primaryimage"},"thumbnailUrl":"https:\/\/noticiasemdestaque.com\/cd\/wp-content\/uploads\/2019\/01\/2019-01-01T201749Z_1969057052_RC118EA747D0_RTRMADP_3_BRAZIL-POLITICS.jpg","articleSection":["Pol\u00edtica"],"inLanguage":"pt-BR"},{"@type":"WebPage","@id":"https:\/\/noticiasemdestaque.com\/cd\/?p=19424","url":"https:\/\/noticiasemdestaque.com\/cd\/?p=19424","name":"Datafolha: Reprova\u00e7\u00e3o do governo Bolsonaro sobe para 38% - Not&iacute;cias em Destaque","isPartOf":{"@id":"https:\/\/noticiasemdestaque.com\/cd\/#website"},"primaryImageOfPage":{"@id":"https:\/\/noticiasemdestaque.com\/cd\/?p=19424#primaryimage"},"image":{"@id":"https:\/\/noticiasemdestaque.com\/cd\/?p=19424#primaryimage"},"thumbnailUrl":"https:\/\/noticiasemdestaque.com\/cd\/wp-content\/uploads\/2019\/01\/2019-01-01T201749Z_1969057052_RC118EA747D0_RTRMADP_3_BRAZIL-POLITICS.jpg","datePublished":"2019-09-02T10:15:43+00:00","breadcrumb":{"@id":"https:\/\/noticiasemdestaque.com\/cd\/?p=19424#breadcrumb"},"inLanguage":"pt-BR","potentialAction":[{"@type":"ReadAction","target":["https:\/\/noticiasemdestaque.com\/cd\/?p=19424"]}]},{"@type":"ImageObject","inLanguage":"pt-BR","@id":"https:\/\/noticiasemdestaque.com\/cd\/?p=19424#primaryimage","url":"https:\/\/noticiasemdestaque.com\/cd\/wp-content\/uploads\/2019\/01\/2019-01-01T201749Z_1969057052_RC118EA747D0_RTRMADP_3_BRAZIL-POLITICS.jpg","contentUrl":"https:\/\/noticiasemdestaque.com\/cd\/wp-content\/uploads\/2019\/01\/2019-01-01T201749Z_1969057052_RC118EA747D0_RTRMADP_3_BRAZIL-POLITICS.jpg","width":1425,"height":995},{"@type":"BreadcrumbList","@id":"https:\/\/noticiasemdestaque.com\/cd\/?p=19424#breadcrumb","itemListElement":[{"@type":"ListItem","position":1,"name":"In\u00edcio","item":"https:\/\/noticiasemdestaque.com\/cd\/"},{"@type":"ListItem","position":2,"name":"Datafolha: Reprova\u00e7\u00e3o do governo Bolsonaro sobe para 38%"}]},{"@type":"WebSite","@id":"https:\/\/noticiasemdestaque.com\/cd\/#website","url":"https:\/\/noticiasemdestaque.com\/cd\/","name":"Not&iacute;cias em Destaque","description":"","publisher":{"@id":"https:\/\/noticiasemdestaque.com\/cd\/#organization"},"potentialAction":[{"@type":"SearchAction","target":{"@type":"EntryPoint","urlTemplate":"https:\/\/noticiasemdestaque.com\/cd\/?s={search_term_string}"},"query-input":{"@type":"PropertyValueSpecification","valueRequired":true,"valueName":"search_term_string"}}],"inLanguage":"pt-BR"},{"@type":"Organization","@id":"https:\/\/noticiasemdestaque.com\/cd\/#organization","name":"Not\u00edcias em Destaque","url":"https:\/\/noticiasemdestaque.com\/cd\/","logo":{"@type":"ImageObject","inLanguage":"pt-BR","@id":"https:\/\/noticiasemdestaque.com\/cd\/#\/schema\/logo\/image\/","url":"https:\/\/noticiasemdestaque.com\/cd\/wp-content\/uploads\/2022\/05\/imagem-base-noticiasemdestaque.png","contentUrl":"https:\/\/noticiasemdestaque.com\/cd\/wp-content\/uploads\/2022\/05\/imagem-base-noticiasemdestaque.png","width":1200,"height":630,"caption":"Not\u00edcias em Destaque"},"image":{"@id":"https:\/\/noticiasemdestaque.com\/cd\/#\/schema\/logo\/image\/"}},{"@type":"Person","@id":"https:\/\/noticiasemdestaque.com\/cd\/#\/schema\/person\/3e6ba396ff5664a69c392f09a8e1504c","name":"Not\u00edcias em Destaque","url":"https:\/\/noticiasemdestaque.com\/cd\/?author=2"}]}},"jetpack_featured_media_url":"https:\/\/noticiasemdestaque.com\/cd\/wp-content\/uploads\/2019\/01\/2019-01-01T201749Z_1969057052_RC118EA747D0_RTRMADP_3_BRAZIL-POLITICS.jpg","jetpack_sharing_enabled":true,"_links":{"self":[{"href":"https:\/\/noticiasemdestaque.com\/cd\/index.php?rest_route=\/wp\/v2\/posts\/19424","targetHints":{"allow":["GET"]}}],"collection":[{"href":"https:\/\/noticiasemdestaque.com\/cd\/index.php?rest_route=\/wp\/v2\/posts"}],"about":[{"href":"https:\/\/noticiasemdestaque.com\/cd\/index.php?rest_route=\/wp\/v2\/types\/post"}],"author":[{"embeddable":true,"href":"https:\/\/noticiasemdestaque.com\/cd\/index.php?rest_route=\/wp\/v2\/users\/2"}],"replies":[{"embeddable":true,"href":"https:\/\/noticiasemdestaque.com\/cd\/index.php?rest_route=%2Fwp%2Fv2%2Fcomments&post=19424"}],"version-history":[{"count":1,"href":"https:\/\/noticiasemdestaque.com\/cd\/index.php?rest_route=\/wp\/v2\/posts\/19424\/revisions"}],"predecessor-version":[{"id":19425,"href":"https:\/\/noticiasemdestaque.com\/cd\/index.php?rest_route=\/wp\/v2\/posts\/19424\/revisions\/19425"}],"wp:featuredmedia":[{"embeddable":true,"href":"https:\/\/noticiasemdestaque.com\/cd\/index.php?rest_route=\/wp\/v2\/media\/14687"}],"wp:attachment":[{"href":"https:\/\/noticiasemdestaque.com\/cd\/index.php?rest_route=%2Fwp%2Fv2%2Fmedia&parent=19424"}],"wp:term":[{"taxonomy":"category","embeddable":true,"href":"https:\/\/noticiasemdestaque.com\/cd\/index.php?rest_route=%2Fwp%2Fv2%2Fcategories&post=19424"},{"taxonomy":"post_tag","embeddable":true,"href":"https:\/\/noticiasemdestaque.com\/cd\/index.php?rest_route=%2Fwp%2Fv2%2Ftags&post=19424"}],"curies":[{"name":"wp","href":"https:\/\/api.w.org\/{rel}","templated":true}]}}