{"id":19416,"date":"2019-09-02T07:10:57","date_gmt":"2019-09-02T10:10:57","guid":{"rendered":"http:\/\/noticiasemdestaque.com\/cd\/?p=19416"},"modified":"2019-09-02T07:10:57","modified_gmt":"2019-09-02T10:10:57","slug":"pedidos-de-aposentadoria-disparam-em-julho-por-causa-de-reforma-e-digitalizacao","status":"publish","type":"post","link":"https:\/\/noticiasemdestaque.com\/cd\/?p=19416","title":{"rendered":"Pedidos de aposentadoria disparam em julho por causa de reforma e digitaliza\u00e7\u00e3o"},"content":{"rendered":"<p><a href=\"https:\/\/noticiasemdestaque.com\/cd\/wp-content\/uploads\/2017\/08\/economia-previdencia-social-inss-20170317-001.jpg\"><img fetchpriority=\"high\" decoding=\"async\" class=\"alignnone size-full wp-image-3463\" src=\"https:\/\/noticiasemdestaque.com\/cd\/wp-content\/uploads\/2017\/08\/economia-previdencia-social-inss-20170317-001.jpg\" alt=\"\" width=\"680\" height=\"453\" srcset=\"https:\/\/noticiasemdestaque.com\/cd\/wp-content\/uploads\/2017\/08\/economia-previdencia-social-inss-20170317-001.jpg 680w, https:\/\/noticiasemdestaque.com\/cd\/wp-content\/uploads\/2017\/08\/economia-previdencia-social-inss-20170317-001-300x200.jpg 300w, https:\/\/noticiasemdestaque.com\/cd\/wp-content\/uploads\/2017\/08\/economia-previdencia-social-inss-20170317-001-480x320.jpg 480w\" sizes=\"(max-width: 680px) 100vw, 680px\" \/><\/a><\/p>\n<p>Os pedidos de aposentadoria registraram forte alta em julho. Foram registradas 235,4 mil solicita\u00e7\u00f5es feitas ao INSS (Instituto Nacional do Seguro Social). Um recorde para o ano.<\/p>\n<p>Segundo o governo, o resultado \u00e9 explicado pela digitaliza\u00e7\u00e3o dos servi\u00e7os e tamb\u00e9m pela vota\u00e7\u00e3o da reforma da Previd\u00eancia, que foi aprovada, em primeiro turno, na C\u00e2mara naquele m\u00eas. Em junho, foram 152,6 mil pedidos e, em janeiro, segundo maior resultado do ano, 183,2 mil.<\/p>\n<p>O Minist\u00e9rio da Economia reconhece que as solicita\u00e7\u00f5es de aposentadoria no m\u00eas passado tiveram efeito do avan\u00e7o da proposta para endurecer regras da Previd\u00eancia.<\/p>\n<p class=\" tm_nativeauto\">Mas o secret\u00e1rio especial adjunto de Previd\u00eancia e Trabalho, Bruno Bianco, acredita que o principal fator no aumento dos dados foi a amplia\u00e7\u00e3o dos servi\u00e7os digitais do INSS.<\/p>\n<div id=\"sas_48311\"><\/div>\n<p>As solicita\u00e7\u00f5es via o aplicativo Meu INSS e pelo telefone est\u00e3o em alta no ano e aceleraram em julho. A entrega de documento para aposentadoria nas ag\u00eancias, por outro lado, caem desde janeiro.<\/p>\n<p>\u201cN\u00e3o h\u00e1 d\u00favida. Sempre que tem ajuste na Previd\u00eancia, por causa da falta de informa\u00e7\u00e3o, h\u00e1 corrida [para pedir aposentadoria]; Mas me parece que esse n\u00e3o foi o maior motivo\u201d, disse Bianco.<\/p>\n<p>A equipe econ\u00f4mica afirma que quem usa o aplicativo ou o telefone \u2013 origem da maioria dos pedidos de aposentadoria em julho \u2013 \u00e9 mais \u201cesclarecido\u201d em rela\u00e7\u00e3o \u00e0 reforma da Previd\u00eancia e, por isso, n\u00e3o correria por causa da vota\u00e7\u00e3o da proposta no Congresso.<\/p>\n<p>O governo avalia que a popula\u00e7\u00e3o est\u00e1 bem informada sobre as regras de transi\u00e7\u00e3o, j\u00e1 que a idade m\u00ednima de 65 anos e de 62 anos para aposentadoria entrar\u00e1 em vigor gradualmente. Mas reconhece que algumas pessoas ainda t\u00eam d\u00favidas sobre a reforma.<\/p>\n<p>Maria Machado da Silva, 63, esteve em uma ag\u00eancia do INSS em Bras\u00edlia nesta semana para dar in\u00edcio ao processo de pedido de aposentadoria.<\/p>\n<p>Ela trabalhou por 18 anos com carteira assinada como bab\u00e1 e cozinheira. Nos \u00faltimos anos, recebeu aux\u00edlio-doen\u00e7a, que foi encerrado em abril.<\/p>\n<p>Com a ajuda dos filhos, ela reuniu os documentos e foi de Santa Maria, cidade sat\u00e9lite de Bras\u00edlia, at\u00e9 a ag\u00eancia da regi\u00e3o central da capital federal.<\/p>\n<p>\u201cEst\u00e3o falando que a aposentadoria vai cair para menos de um sal\u00e1rio m\u00ednimo. Talvez R$ 400\u201d, afirmou Silva.<\/p>\n<p class=\" aBigClassNameToAvoidCollisionInText\">Ela se referia \u00e0 proposta original do governo para alterar o BPC \u2013 benef\u00edcio assistencial pago a idosos carentes. O ministro Paulo Guedes (Economia) queria que o valor fosse de R$ 400 para quem tivesse entre 60 e 70 anos. A partir desta idade, \u00e9 que o benef\u00edcio subiria para um sal\u00e1rio m\u00ednimo (R$ 998).<\/p>\n<p>Essa ideia foi derrubada na C\u00e2mara e n\u00e3o se aplicaria a Silva, que j\u00e1 cumpriu os requisitos atuais para aposentadoria por idade: 60 anos e contribui\u00e7\u00e3o por 15 anos.<\/p>\n<p>O n\u00famero de pedidos de aposentadoria em julho retornou a patamar pr\u00f3ximo da m\u00e9dia registrada em 2018 e 2017 -anos em que o Congresso tamb\u00e9m debatia uma reforma da Previd\u00eancia- e foi superior aos meses de 2016.<\/p>\n<p>O ex-presidente Michel Temer fracassou ao tentar aprovar uma restrutura\u00e7\u00e3o das regras de aposentadoria.<\/p>\n<p>A reforma da Previd\u00eancia do presidente Jair Bolsonaro foi enviada em fevereiro ao Congresso e, ap\u00f3s negocia\u00e7\u00f5es, aprovada pelo plen\u00e1rio da C\u00e2mara, em primeiro turno, em julho. O segundo turno de vota\u00e7\u00e3o foi no come\u00e7o de agosto.<\/p>\n<p>Depois, a proposta seguiu para o Senado, onde precisar\u00e1 de aprova\u00e7\u00e3o da CCJ (comiss\u00e3o de Constitui\u00e7\u00e3o e Justi\u00e7a) e, em dois turnos, pelo plen\u00e1rio.<\/p>\n<p>A previs\u00e3o \u00e9 que a an\u00e1lise dos senadores termine em outubro, quando a PEC (Proposta de Emenda \u00e0 Constitui\u00e7\u00e3o) da reforma seria promulgada e passaria a valer. Mas o governo refor\u00e7a que n\u00e3o h\u00e1 motivo para uma corrida ao INSS.<\/p>\n<p>&nbsp;<\/p>\n<p>Fonte: FOLHAPRESS<\/p>\n","protected":false},"excerpt":{"rendered":"<p>Os pedidos de aposentadoria registraram forte alta em julho. Foram registradas 235,4 mil solicita\u00e7\u00f5es feitas ao INSS (Instituto Nacional do Seguro Social). Um recorde para o ano. Segundo o governo, o resultado \u00e9 explicado pela digitaliza\u00e7\u00e3o dos servi\u00e7os e tamb\u00e9m pela vota\u00e7\u00e3o da reforma da Previd\u00eancia, que foi aprovada, em primeiro turno, na C\u00e2mara naquele m\u00eas. Em junho, foram 152,6 mil pedidos e, em janeiro, segundo maior resultado do ano, 183,2 mil. O Minist\u00e9rio da Economia reconhece que as solicita\u00e7\u00f5es de aposentadoria no m\u00eas passado tiveram efeito do avan\u00e7o da proposta para endurecer regras da Previd\u00eancia. Mas o secret\u00e1rio especial adjunto de Previd\u00eancia e Trabalho, Bruno Bianco, acredita que o principal fator no aumento dos dados foi a amplia\u00e7\u00e3o dos servi\u00e7os digitais do INSS. As solicita\u00e7\u00f5es via o aplicativo Meu INSS e pelo telefone est\u00e3o em alta no ano e aceleraram em julho. A entrega de documento para aposentadoria nas ag\u00eancias, por outro lado, caem desde janeiro. \u201cN\u00e3o h\u00e1 d\u00favida. Sempre que tem ajuste na Previd\u00eancia, por causa da falta de informa\u00e7\u00e3o, h\u00e1 corrida [para pedir aposentadoria]; Mas me parece que esse n\u00e3o foi o maior motivo\u201d, disse Bianco. A equipe econ\u00f4mica afirma que quem usa o aplicativo ou o telefone \u2013 origem da maioria dos pedidos de aposentadoria em julho \u2013 \u00e9 mais \u201cesclarecido\u201d em rela\u00e7\u00e3o \u00e0 reforma da Previd\u00eancia e, por isso, n\u00e3o correria por causa da vota\u00e7\u00e3o da proposta no Congresso. O governo avalia que a popula\u00e7\u00e3o est\u00e1 bem informada sobre as regras de transi\u00e7\u00e3o, j\u00e1 que a idade m\u00ednima de 65 anos e de 62 anos para aposentadoria entrar\u00e1 em vigor gradualmente. Mas reconhece que algumas pessoas ainda t\u00eam d\u00favidas sobre a reforma. Maria Machado da Silva, 63, esteve em uma ag\u00eancia do INSS em Bras\u00edlia nesta semana para dar in\u00edcio ao processo de pedido de aposentadoria. Ela trabalhou por 18 anos com carteira assinada como bab\u00e1 e cozinheira. Nos \u00faltimos anos, recebeu aux\u00edlio-doen\u00e7a, que foi encerrado em abril. Com a ajuda dos filhos, ela reuniu os documentos e foi de Santa Maria, cidade sat\u00e9lite de Bras\u00edlia, at\u00e9 a ag\u00eancia da regi\u00e3o central da capital federal. \u201cEst\u00e3o falando que a aposentadoria vai cair para menos de um sal\u00e1rio m\u00ednimo. Talvez R$ 400\u201d, afirmou Silva. Ela se referia \u00e0 proposta original do governo para alterar o BPC \u2013 benef\u00edcio assistencial pago a idosos carentes. O ministro Paulo Guedes (Economia) queria que o valor fosse de R$ 400 para quem tivesse entre 60 e 70 anos. A partir desta idade, \u00e9 que o benef\u00edcio subiria para um sal\u00e1rio m\u00ednimo (R$ 998). Essa ideia foi derrubada na C\u00e2mara e n\u00e3o se aplicaria a Silva, que j\u00e1 cumpriu os requisitos atuais para aposentadoria por idade: 60 anos e contribui\u00e7\u00e3o por 15 anos. O n\u00famero de pedidos de aposentadoria em julho retornou a patamar pr\u00f3ximo da m\u00e9dia registrada em 2018 e 2017 -anos em que o Congresso tamb\u00e9m debatia uma reforma da Previd\u00eancia- e foi superior aos meses de 2016. O ex-presidente Michel Temer fracassou ao tentar aprovar uma restrutura\u00e7\u00e3o das regras de aposentadoria. A reforma da Previd\u00eancia do presidente Jair Bolsonaro foi enviada em fevereiro ao Congresso e, ap\u00f3s negocia\u00e7\u00f5es, aprovada pelo plen\u00e1rio da C\u00e2mara, em primeiro turno, em julho. O segundo turno de vota\u00e7\u00e3o foi no come\u00e7o de agosto. Depois, a proposta seguiu para o Senado, onde precisar\u00e1 de aprova\u00e7\u00e3o da CCJ (comiss\u00e3o de Constitui\u00e7\u00e3o e Justi\u00e7a) e, em dois turnos, pelo plen\u00e1rio. A previs\u00e3o \u00e9 que a an\u00e1lise dos senadores termine em outubro, quando a PEC (Proposta de Emenda \u00e0 Constitui\u00e7\u00e3o) da reforma seria promulgada e passaria a valer. Mas o governo refor\u00e7a que n\u00e3o h\u00e1 motivo para uma corrida ao INSS. &nbsp; Fonte: FOLHAPRESS<\/p>\n","protected":false},"author":2,"featured_media":3463,"comment_status":"closed","ping_status":"open","sticky":false,"template":"","format":"standard","meta":{"_eb_attr":"","_jetpack_memberships_contains_paid_content":false,"footnotes":""},"categories":[12],"tags":[],"class_list":["post-19416","post","type-post","status-publish","format-standard","has-post-thumbnail","hentry","category-geral"],"yoast_head":"<!-- This site is optimized with the Yoast SEO plugin v26.5 - https:\/\/yoast.com\/wordpress\/plugins\/seo\/ -->\n<title>Pedidos de aposentadoria disparam em julho por causa de reforma e digitaliza\u00e7\u00e3o - Not&iacute;cias em Destaque<\/title>\n<meta name=\"robots\" content=\"index, follow, max-snippet:-1, max-image-preview:large, max-video-preview:-1\" \/>\n<link rel=\"canonical\" href=\"https:\/\/noticiasemdestaque.com\/cd\/?p=19416\" \/>\n<meta property=\"og:locale\" content=\"pt_BR\" \/>\n<meta property=\"og:type\" content=\"article\" \/>\n<meta property=\"og:title\" content=\"Pedidos de aposentadoria disparam em julho por causa de reforma e digitaliza\u00e7\u00e3o - Not&iacute;cias em Destaque\" \/>\n<meta property=\"og:description\" content=\"Os pedidos de aposentadoria registraram forte alta em julho. Foram registradas 235,4 mil solicita\u00e7\u00f5es feitas ao INSS (Instituto Nacional do Seguro Social). Um recorde para o ano. Segundo o governo, o resultado \u00e9 explicado pela digitaliza\u00e7\u00e3o dos servi\u00e7os e tamb\u00e9m pela vota\u00e7\u00e3o da reforma da Previd\u00eancia, que foi aprovada, em primeiro turno, na C\u00e2mara naquele m\u00eas. Em junho, foram 152,6 mil pedidos e, em janeiro, segundo maior resultado do ano, 183,2 mil. O Minist\u00e9rio da Economia reconhece que as solicita\u00e7\u00f5es de aposentadoria no m\u00eas passado tiveram efeito do avan\u00e7o da proposta para endurecer regras da Previd\u00eancia. Mas o secret\u00e1rio especial adjunto de Previd\u00eancia e Trabalho, Bruno Bianco, acredita que o principal fator no aumento dos dados foi a amplia\u00e7\u00e3o dos servi\u00e7os digitais do INSS. As solicita\u00e7\u00f5es via o aplicativo Meu INSS e pelo telefone est\u00e3o em alta no ano e aceleraram em julho. A entrega de documento para aposentadoria nas ag\u00eancias, por outro lado, caem desde janeiro. \u201cN\u00e3o h\u00e1 d\u00favida. Sempre que tem ajuste na Previd\u00eancia, por causa da falta de informa\u00e7\u00e3o, h\u00e1 corrida [para pedir aposentadoria]; Mas me parece que esse n\u00e3o foi o maior motivo\u201d, disse Bianco. A equipe econ\u00f4mica afirma que quem usa o aplicativo ou o telefone \u2013 origem da maioria dos pedidos de aposentadoria em julho \u2013 \u00e9 mais \u201cesclarecido\u201d em rela\u00e7\u00e3o \u00e0 reforma da Previd\u00eancia e, por isso, n\u00e3o correria por causa da vota\u00e7\u00e3o da proposta no Congresso. O governo avalia que a popula\u00e7\u00e3o est\u00e1 bem informada sobre as regras de transi\u00e7\u00e3o, j\u00e1 que a idade m\u00ednima de 65 anos e de 62 anos para aposentadoria entrar\u00e1 em vigor gradualmente. Mas reconhece que algumas pessoas ainda t\u00eam d\u00favidas sobre a reforma. Maria Machado da Silva, 63, esteve em uma ag\u00eancia do INSS em Bras\u00edlia nesta semana para dar in\u00edcio ao processo de pedido de aposentadoria. Ela trabalhou por 18 anos com carteira assinada como bab\u00e1 e cozinheira. Nos \u00faltimos anos, recebeu aux\u00edlio-doen\u00e7a, que foi encerrado em abril. Com a ajuda dos filhos, ela reuniu os documentos e foi de Santa Maria, cidade sat\u00e9lite de Bras\u00edlia, at\u00e9 a ag\u00eancia da regi\u00e3o central da capital federal. \u201cEst\u00e3o falando que a aposentadoria vai cair para menos de um sal\u00e1rio m\u00ednimo. Talvez R$ 400\u201d, afirmou Silva. Ela se referia \u00e0 proposta original do governo para alterar o BPC \u2013 benef\u00edcio assistencial pago a idosos carentes. O ministro Paulo Guedes (Economia) queria que o valor fosse de R$ 400 para quem tivesse entre 60 e 70 anos. A partir desta idade, \u00e9 que o benef\u00edcio subiria para um sal\u00e1rio m\u00ednimo (R$ 998). Essa ideia foi derrubada na C\u00e2mara e n\u00e3o se aplicaria a Silva, que j\u00e1 cumpriu os requisitos atuais para aposentadoria por idade: 60 anos e contribui\u00e7\u00e3o por 15 anos. O n\u00famero de pedidos de aposentadoria em julho retornou a patamar pr\u00f3ximo da m\u00e9dia registrada em 2018 e 2017 -anos em que o Congresso tamb\u00e9m debatia uma reforma da Previd\u00eancia- e foi superior aos meses de 2016. O ex-presidente Michel Temer fracassou ao tentar aprovar uma restrutura\u00e7\u00e3o das regras de aposentadoria. A reforma da Previd\u00eancia do presidente Jair Bolsonaro foi enviada em fevereiro ao Congresso e, ap\u00f3s negocia\u00e7\u00f5es, aprovada pelo plen\u00e1rio da C\u00e2mara, em primeiro turno, em julho. O segundo turno de vota\u00e7\u00e3o foi no come\u00e7o de agosto. Depois, a proposta seguiu para o Senado, onde precisar\u00e1 de aprova\u00e7\u00e3o da CCJ (comiss\u00e3o de Constitui\u00e7\u00e3o e Justi\u00e7a) e, em dois turnos, pelo plen\u00e1rio. A previs\u00e3o \u00e9 que a an\u00e1lise dos senadores termine em outubro, quando a PEC (Proposta de Emenda \u00e0 Constitui\u00e7\u00e3o) da reforma seria promulgada e passaria a valer. Mas o governo refor\u00e7a que n\u00e3o h\u00e1 motivo para uma corrida ao INSS. &nbsp; Fonte: FOLHAPRESS\" \/>\n<meta property=\"og:url\" content=\"https:\/\/noticiasemdestaque.com\/cd\/?p=19416\" \/>\n<meta property=\"og:site_name\" content=\"Not&iacute;cias em Destaque\" \/>\n<meta property=\"article:published_time\" content=\"2019-09-02T10:10:57+00:00\" \/>\n<meta property=\"og:image\" content=\"https:\/\/noticiasemdestaque.com\/cd\/wp-content\/uploads\/2017\/08\/economia-previdencia-social-inss-20170317-001.jpg\" \/>\n\t<meta property=\"og:image:width\" content=\"680\" \/>\n\t<meta property=\"og:image:height\" content=\"453\" \/>\n\t<meta property=\"og:image:type\" content=\"image\/jpeg\" \/>\n<meta name=\"author\" content=\"Not\u00edcias em Destaque\" \/>\n<meta name=\"twitter:card\" content=\"summary_large_image\" \/>\n<meta name=\"twitter:label1\" content=\"Escrito por\" \/>\n\t<meta name=\"twitter:data1\" content=\"Not\u00edcias em Destaque\" \/>\n\t<meta name=\"twitter:label2\" content=\"Est. tempo de leitura\" \/>\n\t<meta name=\"twitter:data2\" content=\"3 minutos\" \/>\n<script type=\"application\/ld+json\" class=\"yoast-schema-graph\">{\"@context\":\"https:\/\/schema.org\",\"@graph\":[{\"@type\":\"Article\",\"@id\":\"https:\/\/noticiasemdestaque.com\/cd\/?p=19416#article\",\"isPartOf\":{\"@id\":\"https:\/\/noticiasemdestaque.com\/cd\/?p=19416\"},\"author\":{\"name\":\"Not\u00edcias em Destaque\",\"@id\":\"https:\/\/noticiasemdestaque.com\/cd\/#\/schema\/person\/3e6ba396ff5664a69c392f09a8e1504c\"},\"headline\":\"Pedidos de aposentadoria disparam em julho por causa de reforma e digitaliza\u00e7\u00e3o\",\"datePublished\":\"2019-09-02T10:10:57+00:00\",\"mainEntityOfPage\":{\"@id\":\"https:\/\/noticiasemdestaque.com\/cd\/?p=19416\"},\"wordCount\":670,\"publisher\":{\"@id\":\"https:\/\/noticiasemdestaque.com\/cd\/#organization\"},\"image\":{\"@id\":\"https:\/\/noticiasemdestaque.com\/cd\/?p=19416#primaryimage\"},\"thumbnailUrl\":\"https:\/\/noticiasemdestaque.com\/cd\/wp-content\/uploads\/2017\/08\/economia-previdencia-social-inss-20170317-001.jpg\",\"articleSection\":[\"Geral\"],\"inLanguage\":\"pt-BR\"},{\"@type\":\"WebPage\",\"@id\":\"https:\/\/noticiasemdestaque.com\/cd\/?p=19416\",\"url\":\"https:\/\/noticiasemdestaque.com\/cd\/?p=19416\",\"name\":\"Pedidos de aposentadoria disparam em julho por causa de reforma e digitaliza\u00e7\u00e3o - Not&iacute;cias em Destaque\",\"isPartOf\":{\"@id\":\"https:\/\/noticiasemdestaque.com\/cd\/#website\"},\"primaryImageOfPage\":{\"@id\":\"https:\/\/noticiasemdestaque.com\/cd\/?p=19416#primaryimage\"},\"image\":{\"@id\":\"https:\/\/noticiasemdestaque.com\/cd\/?p=19416#primaryimage\"},\"thumbnailUrl\":\"https:\/\/noticiasemdestaque.com\/cd\/wp-content\/uploads\/2017\/08\/economia-previdencia-social-inss-20170317-001.jpg\",\"datePublished\":\"2019-09-02T10:10:57+00:00\",\"breadcrumb\":{\"@id\":\"https:\/\/noticiasemdestaque.com\/cd\/?p=19416#breadcrumb\"},\"inLanguage\":\"pt-BR\",\"potentialAction\":[{\"@type\":\"ReadAction\",\"target\":[\"https:\/\/noticiasemdestaque.com\/cd\/?p=19416\"]}]},{\"@type\":\"ImageObject\",\"inLanguage\":\"pt-BR\",\"@id\":\"https:\/\/noticiasemdestaque.com\/cd\/?p=19416#primaryimage\",\"url\":\"https:\/\/noticiasemdestaque.com\/cd\/wp-content\/uploads\/2017\/08\/economia-previdencia-social-inss-20170317-001.jpg\",\"contentUrl\":\"https:\/\/noticiasemdestaque.com\/cd\/wp-content\/uploads\/2017\/08\/economia-previdencia-social-inss-20170317-001.jpg\",\"width\":680,\"height\":453},{\"@type\":\"BreadcrumbList\",\"@id\":\"https:\/\/noticiasemdestaque.com\/cd\/?p=19416#breadcrumb\",\"itemListElement\":[{\"@type\":\"ListItem\",\"position\":1,\"name\":\"In\u00edcio\",\"item\":\"https:\/\/noticiasemdestaque.com\/cd\/\"},{\"@type\":\"ListItem\",\"position\":2,\"name\":\"Pedidos de aposentadoria disparam em julho por causa de reforma e digitaliza\u00e7\u00e3o\"}]},{\"@type\":\"WebSite\",\"@id\":\"https:\/\/noticiasemdestaque.com\/cd\/#website\",\"url\":\"https:\/\/noticiasemdestaque.com\/cd\/\",\"name\":\"Not&iacute;cias em Destaque\",\"description\":\"\",\"publisher\":{\"@id\":\"https:\/\/noticiasemdestaque.com\/cd\/#organization\"},\"potentialAction\":[{\"@type\":\"SearchAction\",\"target\":{\"@type\":\"EntryPoint\",\"urlTemplate\":\"https:\/\/noticiasemdestaque.com\/cd\/?s={search_term_string}\"},\"query-input\":{\"@type\":\"PropertyValueSpecification\",\"valueRequired\":true,\"valueName\":\"search_term_string\"}}],\"inLanguage\":\"pt-BR\"},{\"@type\":\"Organization\",\"@id\":\"https:\/\/noticiasemdestaque.com\/cd\/#organization\",\"name\":\"Not\u00edcias em Destaque\",\"url\":\"https:\/\/noticiasemdestaque.com\/cd\/\",\"logo\":{\"@type\":\"ImageObject\",\"inLanguage\":\"pt-BR\",\"@id\":\"https:\/\/noticiasemdestaque.com\/cd\/#\/schema\/logo\/image\/\",\"url\":\"https:\/\/noticiasemdestaque.com\/cd\/wp-content\/uploads\/2022\/05\/imagem-base-noticiasemdestaque.png\",\"contentUrl\":\"https:\/\/noticiasemdestaque.com\/cd\/wp-content\/uploads\/2022\/05\/imagem-base-noticiasemdestaque.png\",\"width\":1200,\"height\":630,\"caption\":\"Not\u00edcias em Destaque\"},\"image\":{\"@id\":\"https:\/\/noticiasemdestaque.com\/cd\/#\/schema\/logo\/image\/\"}},{\"@type\":\"Person\",\"@id\":\"https:\/\/noticiasemdestaque.com\/cd\/#\/schema\/person\/3e6ba396ff5664a69c392f09a8e1504c\",\"name\":\"Not\u00edcias em Destaque\",\"url\":\"https:\/\/noticiasemdestaque.com\/cd\/?author=2\"}]}<\/script>\n<!-- \/ Yoast SEO plugin. -->","yoast_head_json":{"title":"Pedidos de aposentadoria disparam em julho por causa de reforma e digitaliza\u00e7\u00e3o - Not&iacute;cias em Destaque","robots":{"index":"index","follow":"follow","max-snippet":"max-snippet:-1","max-image-preview":"max-image-preview:large","max-video-preview":"max-video-preview:-1"},"canonical":"https:\/\/noticiasemdestaque.com\/cd\/?p=19416","og_locale":"pt_BR","og_type":"article","og_title":"Pedidos de aposentadoria disparam em julho por causa de reforma e digitaliza\u00e7\u00e3o - Not&iacute;cias em Destaque","og_description":"Os pedidos de aposentadoria registraram forte alta em julho. Foram registradas 235,4 mil solicita\u00e7\u00f5es feitas ao INSS (Instituto Nacional do Seguro Social). Um recorde para o ano. Segundo o governo, o resultado \u00e9 explicado pela digitaliza\u00e7\u00e3o dos servi\u00e7os e tamb\u00e9m pela vota\u00e7\u00e3o da reforma da Previd\u00eancia, que foi aprovada, em primeiro turno, na C\u00e2mara naquele m\u00eas. Em junho, foram 152,6 mil pedidos e, em janeiro, segundo maior resultado do ano, 183,2 mil. O Minist\u00e9rio da Economia reconhece que as solicita\u00e7\u00f5es de aposentadoria no m\u00eas passado tiveram efeito do avan\u00e7o da proposta para endurecer regras da Previd\u00eancia. Mas o secret\u00e1rio especial adjunto de Previd\u00eancia e Trabalho, Bruno Bianco, acredita que o principal fator no aumento dos dados foi a amplia\u00e7\u00e3o dos servi\u00e7os digitais do INSS. As solicita\u00e7\u00f5es via o aplicativo Meu INSS e pelo telefone est\u00e3o em alta no ano e aceleraram em julho. A entrega de documento para aposentadoria nas ag\u00eancias, por outro lado, caem desde janeiro. \u201cN\u00e3o h\u00e1 d\u00favida. Sempre que tem ajuste na Previd\u00eancia, por causa da falta de informa\u00e7\u00e3o, h\u00e1 corrida [para pedir aposentadoria]; Mas me parece que esse n\u00e3o foi o maior motivo\u201d, disse Bianco. A equipe econ\u00f4mica afirma que quem usa o aplicativo ou o telefone \u2013 origem da maioria dos pedidos de aposentadoria em julho \u2013 \u00e9 mais \u201cesclarecido\u201d em rela\u00e7\u00e3o \u00e0 reforma da Previd\u00eancia e, por isso, n\u00e3o correria por causa da vota\u00e7\u00e3o da proposta no Congresso. O governo avalia que a popula\u00e7\u00e3o est\u00e1 bem informada sobre as regras de transi\u00e7\u00e3o, j\u00e1 que a idade m\u00ednima de 65 anos e de 62 anos para aposentadoria entrar\u00e1 em vigor gradualmente. Mas reconhece que algumas pessoas ainda t\u00eam d\u00favidas sobre a reforma. Maria Machado da Silva, 63, esteve em uma ag\u00eancia do INSS em Bras\u00edlia nesta semana para dar in\u00edcio ao processo de pedido de aposentadoria. Ela trabalhou por 18 anos com carteira assinada como bab\u00e1 e cozinheira. Nos \u00faltimos anos, recebeu aux\u00edlio-doen\u00e7a, que foi encerrado em abril. Com a ajuda dos filhos, ela reuniu os documentos e foi de Santa Maria, cidade sat\u00e9lite de Bras\u00edlia, at\u00e9 a ag\u00eancia da regi\u00e3o central da capital federal. \u201cEst\u00e3o falando que a aposentadoria vai cair para menos de um sal\u00e1rio m\u00ednimo. Talvez R$ 400\u201d, afirmou Silva. Ela se referia \u00e0 proposta original do governo para alterar o BPC \u2013 benef\u00edcio assistencial pago a idosos carentes. O ministro Paulo Guedes (Economia) queria que o valor fosse de R$ 400 para quem tivesse entre 60 e 70 anos. A partir desta idade, \u00e9 que o benef\u00edcio subiria para um sal\u00e1rio m\u00ednimo (R$ 998). Essa ideia foi derrubada na C\u00e2mara e n\u00e3o se aplicaria a Silva, que j\u00e1 cumpriu os requisitos atuais para aposentadoria por idade: 60 anos e contribui\u00e7\u00e3o por 15 anos. O n\u00famero de pedidos de aposentadoria em julho retornou a patamar pr\u00f3ximo da m\u00e9dia registrada em 2018 e 2017 -anos em que o Congresso tamb\u00e9m debatia uma reforma da Previd\u00eancia- e foi superior aos meses de 2016. O ex-presidente Michel Temer fracassou ao tentar aprovar uma restrutura\u00e7\u00e3o das regras de aposentadoria. A reforma da Previd\u00eancia do presidente Jair Bolsonaro foi enviada em fevereiro ao Congresso e, ap\u00f3s negocia\u00e7\u00f5es, aprovada pelo plen\u00e1rio da C\u00e2mara, em primeiro turno, em julho. O segundo turno de vota\u00e7\u00e3o foi no come\u00e7o de agosto. Depois, a proposta seguiu para o Senado, onde precisar\u00e1 de aprova\u00e7\u00e3o da CCJ (comiss\u00e3o de Constitui\u00e7\u00e3o e Justi\u00e7a) e, em dois turnos, pelo plen\u00e1rio. A previs\u00e3o \u00e9 que a an\u00e1lise dos senadores termine em outubro, quando a PEC (Proposta de Emenda \u00e0 Constitui\u00e7\u00e3o) da reforma seria promulgada e passaria a valer. Mas o governo refor\u00e7a que n\u00e3o h\u00e1 motivo para uma corrida ao INSS. &nbsp; Fonte: FOLHAPRESS","og_url":"https:\/\/noticiasemdestaque.com\/cd\/?p=19416","og_site_name":"Not&iacute;cias em Destaque","article_published_time":"2019-09-02T10:10:57+00:00","og_image":[{"width":680,"height":453,"url":"https:\/\/noticiasemdestaque.com\/cd\/wp-content\/uploads\/2017\/08\/economia-previdencia-social-inss-20170317-001.jpg","type":"image\/jpeg"}],"author":"Not\u00edcias em Destaque","twitter_card":"summary_large_image","twitter_misc":{"Escrito por":"Not\u00edcias em Destaque","Est. tempo de leitura":"3 minutos"},"schema":{"@context":"https:\/\/schema.org","@graph":[{"@type":"Article","@id":"https:\/\/noticiasemdestaque.com\/cd\/?p=19416#article","isPartOf":{"@id":"https:\/\/noticiasemdestaque.com\/cd\/?p=19416"},"author":{"name":"Not\u00edcias em Destaque","@id":"https:\/\/noticiasemdestaque.com\/cd\/#\/schema\/person\/3e6ba396ff5664a69c392f09a8e1504c"},"headline":"Pedidos de aposentadoria disparam em julho por causa de reforma e digitaliza\u00e7\u00e3o","datePublished":"2019-09-02T10:10:57+00:00","mainEntityOfPage":{"@id":"https:\/\/noticiasemdestaque.com\/cd\/?p=19416"},"wordCount":670,"publisher":{"@id":"https:\/\/noticiasemdestaque.com\/cd\/#organization"},"image":{"@id":"https:\/\/noticiasemdestaque.com\/cd\/?p=19416#primaryimage"},"thumbnailUrl":"https:\/\/noticiasemdestaque.com\/cd\/wp-content\/uploads\/2017\/08\/economia-previdencia-social-inss-20170317-001.jpg","articleSection":["Geral"],"inLanguage":"pt-BR"},{"@type":"WebPage","@id":"https:\/\/noticiasemdestaque.com\/cd\/?p=19416","url":"https:\/\/noticiasemdestaque.com\/cd\/?p=19416","name":"Pedidos de aposentadoria disparam em julho por causa de reforma e digitaliza\u00e7\u00e3o - Not&iacute;cias em Destaque","isPartOf":{"@id":"https:\/\/noticiasemdestaque.com\/cd\/#website"},"primaryImageOfPage":{"@id":"https:\/\/noticiasemdestaque.com\/cd\/?p=19416#primaryimage"},"image":{"@id":"https:\/\/noticiasemdestaque.com\/cd\/?p=19416#primaryimage"},"thumbnailUrl":"https:\/\/noticiasemdestaque.com\/cd\/wp-content\/uploads\/2017\/08\/economia-previdencia-social-inss-20170317-001.jpg","datePublished":"2019-09-02T10:10:57+00:00","breadcrumb":{"@id":"https:\/\/noticiasemdestaque.com\/cd\/?p=19416#breadcrumb"},"inLanguage":"pt-BR","potentialAction":[{"@type":"ReadAction","target":["https:\/\/noticiasemdestaque.com\/cd\/?p=19416"]}]},{"@type":"ImageObject","inLanguage":"pt-BR","@id":"https:\/\/noticiasemdestaque.com\/cd\/?p=19416#primaryimage","url":"https:\/\/noticiasemdestaque.com\/cd\/wp-content\/uploads\/2017\/08\/economia-previdencia-social-inss-20170317-001.jpg","contentUrl":"https:\/\/noticiasemdestaque.com\/cd\/wp-content\/uploads\/2017\/08\/economia-previdencia-social-inss-20170317-001.jpg","width":680,"height":453},{"@type":"BreadcrumbList","@id":"https:\/\/noticiasemdestaque.com\/cd\/?p=19416#breadcrumb","itemListElement":[{"@type":"ListItem","position":1,"name":"In\u00edcio","item":"https:\/\/noticiasemdestaque.com\/cd\/"},{"@type":"ListItem","position":2,"name":"Pedidos de aposentadoria disparam em julho por causa de reforma e digitaliza\u00e7\u00e3o"}]},{"@type":"WebSite","@id":"https:\/\/noticiasemdestaque.com\/cd\/#website","url":"https:\/\/noticiasemdestaque.com\/cd\/","name":"Not&iacute;cias em Destaque","description":"","publisher":{"@id":"https:\/\/noticiasemdestaque.com\/cd\/#organization"},"potentialAction":[{"@type":"SearchAction","target":{"@type":"EntryPoint","urlTemplate":"https:\/\/noticiasemdestaque.com\/cd\/?s={search_term_string}"},"query-input":{"@type":"PropertyValueSpecification","valueRequired":true,"valueName":"search_term_string"}}],"inLanguage":"pt-BR"},{"@type":"Organization","@id":"https:\/\/noticiasemdestaque.com\/cd\/#organization","name":"Not\u00edcias em Destaque","url":"https:\/\/noticiasemdestaque.com\/cd\/","logo":{"@type":"ImageObject","inLanguage":"pt-BR","@id":"https:\/\/noticiasemdestaque.com\/cd\/#\/schema\/logo\/image\/","url":"https:\/\/noticiasemdestaque.com\/cd\/wp-content\/uploads\/2022\/05\/imagem-base-noticiasemdestaque.png","contentUrl":"https:\/\/noticiasemdestaque.com\/cd\/wp-content\/uploads\/2022\/05\/imagem-base-noticiasemdestaque.png","width":1200,"height":630,"caption":"Not\u00edcias em Destaque"},"image":{"@id":"https:\/\/noticiasemdestaque.com\/cd\/#\/schema\/logo\/image\/"}},{"@type":"Person","@id":"https:\/\/noticiasemdestaque.com\/cd\/#\/schema\/person\/3e6ba396ff5664a69c392f09a8e1504c","name":"Not\u00edcias em Destaque","url":"https:\/\/noticiasemdestaque.com\/cd\/?author=2"}]}},"jetpack_featured_media_url":"https:\/\/noticiasemdestaque.com\/cd\/wp-content\/uploads\/2017\/08\/economia-previdencia-social-inss-20170317-001.jpg","jetpack_sharing_enabled":true,"_links":{"self":[{"href":"https:\/\/noticiasemdestaque.com\/cd\/index.php?rest_route=\/wp\/v2\/posts\/19416","targetHints":{"allow":["GET"]}}],"collection":[{"href":"https:\/\/noticiasemdestaque.com\/cd\/index.php?rest_route=\/wp\/v2\/posts"}],"about":[{"href":"https:\/\/noticiasemdestaque.com\/cd\/index.php?rest_route=\/wp\/v2\/types\/post"}],"author":[{"embeddable":true,"href":"https:\/\/noticiasemdestaque.com\/cd\/index.php?rest_route=\/wp\/v2\/users\/2"}],"replies":[{"embeddable":true,"href":"https:\/\/noticiasemdestaque.com\/cd\/index.php?rest_route=%2Fwp%2Fv2%2Fcomments&post=19416"}],"version-history":[{"count":1,"href":"https:\/\/noticiasemdestaque.com\/cd\/index.php?rest_route=\/wp\/v2\/posts\/19416\/revisions"}],"predecessor-version":[{"id":19419,"href":"https:\/\/noticiasemdestaque.com\/cd\/index.php?rest_route=\/wp\/v2\/posts\/19416\/revisions\/19419"}],"wp:featuredmedia":[{"embeddable":true,"href":"https:\/\/noticiasemdestaque.com\/cd\/index.php?rest_route=\/wp\/v2\/media\/3463"}],"wp:attachment":[{"href":"https:\/\/noticiasemdestaque.com\/cd\/index.php?rest_route=%2Fwp%2Fv2%2Fmedia&parent=19416"}],"wp:term":[{"taxonomy":"category","embeddable":true,"href":"https:\/\/noticiasemdestaque.com\/cd\/index.php?rest_route=%2Fwp%2Fv2%2Fcategories&post=19416"},{"taxonomy":"post_tag","embeddable":true,"href":"https:\/\/noticiasemdestaque.com\/cd\/index.php?rest_route=%2Fwp%2Fv2%2Ftags&post=19416"}],"curies":[{"name":"wp","href":"https:\/\/api.w.org\/{rel}","templated":true}]}}