{"id":1940,"date":"2017-07-17T12:56:56","date_gmt":"2017-07-17T15:56:56","guid":{"rendered":"http:\/\/caririemdestaque.com\/cd\/?p=1940"},"modified":"2017-07-17T12:56:56","modified_gmt":"2017-07-17T15:56:56","slug":"tce-pb-inicia-com-prefeituras-o-treinamento-de-gestores-publicos-para-o-sagres-diario","status":"publish","type":"post","link":"https:\/\/noticiasemdestaque.com\/cd\/?p=1940","title":{"rendered":"TCE-PB inicia com Prefeituras o treinamento de gestores p\u00fablicos para o Sagres Di\u00e1rio"},"content":{"rendered":"<p><a href=\"http:\/\/caririemdestaque.com\/cd\/wp-content\/uploads\/2017\/07\/ENCONTRO-300x225.jpg\"><img fetchpriority=\"high\" decoding=\"async\" class=\"size-medium wp-image-1941 alignleft\" src=\"http:\/\/caririemdestaque.com\/cd\/wp-content\/uploads\/2017\/07\/ENCONTRO-300x225-300x225.jpg\" alt=\"\" width=\"300\" height=\"225\" \/><\/a>\u201cUm momento hist\u00f3rico para a gest\u00e3o p\u00fablica em um Tribunal que faz hist\u00f3ria desde 2002 ap\u00f3s o lan\u00e7amento do Sistema de Acompanhamento da Gest\u00e3o dos Recursos da Sociedade, o Sagres, hoje com modelo adotado em oito Estados brasileiros\u201d.<\/p>\n<p>Com essa observa\u00e7\u00e3o o presidente do Tribunal de Contas da Para\u00edba, conselheiro Andr\u00e9 Carlo Torres Pontes, abriu o encontro com prefeitos e quadros t\u00e9cnicos municipais para treinamento sobre o \u201cSagres Di\u00e1rio\u201d, na manh\u00e3 desta quarta-feira (17), no audit\u00f3rio do Centro Cultural Ariano Suassuna.<\/p>\n<p>\u201cConsidero o dia de hoje t\u00e3o importante quanto o do lan\u00e7amento do Sagres, h\u00e1 15 anos, pois damos, agora, o passo que nos permitir\u00e1 o acompanhamento di\u00e1rio de atos, receitas e gastos p\u00fablicos de extremo interesse da sociedade, a exemplo daqueles atinentes \u00e0 sa\u00fade, \u00e0 educa\u00e7\u00e3o ou \u00e0 previd\u00eancia\u201d, disse ele \u00e0 plateia que superlotou o Audit\u00f3rio Celso Furtado, pertencente ao TCE.<\/p>\n<p>A todos o conselheiro Andr\u00e9 Carlo fez ver que a atualiza\u00e7\u00e3o di\u00e1ria do Sagres ampara-se em tr\u00eas pilares b\u00e1sicos e de igual import\u00e2ncia: o da orienta\u00e7\u00e3o aos gestores, o da fiscaliza\u00e7\u00e3o e o do controle social. No primeiro caso, aconselhou que prefeitos e assessores fa\u00e7am uso largo do \u201cSagres Pain\u00e9is\u201d, ferramenta por cujo meio eles poder\u00e3o acompanhar despesas de toda ordem e o comportamento dos diversos setores da administra\u00e7\u00e3o municipal, a tempo da corre\u00e7\u00e3o de rumos, quando isso for necess\u00e1rio.<\/p>\n<p>\u201cA transpar\u00eancia \u00e9 o melhor e o mais seguro caminho para a gest\u00e3o dos seus munic\u00edpios. Neste sentido, tenham sempre no Tribunal de Contas um parceiro fiel e constante\u201d, concluiu.<\/p>\n<p>As orienta\u00e7\u00f5es aos participantes do encontro \u2013 em meio aos quais contadores a servi\u00e7o das Prefeituras \u2013 foram prestadas, em seguida, por equipe t\u00e9cnica do TCE formada pelos auditores de contas p\u00fablicas Ed Wilson Santana, Severino Claudino, Marcos Uchoa e Rafael Chiappetta.<\/p>\n<p>REPETI\u00c7\u00c3O \u2013 O encontro ser\u00e1 repetido, nesta ter\u00e7a-feira (18), para representa\u00e7\u00f5es das C\u00e2maras de Vereadores e, na quarta-feira (19), para organismos vinculados ao Governo Estadual, sempre das 9h \u00e0s 12h.<\/p>\n<p>O prop\u00f3sito, em todos esses casos, \u00e9 promover a atualiza\u00e7\u00e3o constante e ininterrupta do Sagres, conforme termos da Resolu\u00e7\u00e3o Normativa n\u00ba 05\/2017, aprovada na sess\u00e3o plen\u00e1ria que a Corte realizou no \u00faltimo dia 29.<\/p>\n<p>Assim, as informa\u00e7\u00f5es e documentos relacionados aos atos, receitas e gastos dos entes jurisdicionados ter\u00e3o encaminhamento eletr\u00f4nico ao TCE, por meio do \u201cSagres Captura\u201d, at\u00e9 24 horas do primeiro dia \u00fatil subsequente \u00e0 data do registro cont\u00e1bil. Os dados ent\u00e3o enviados v\u00e3o compor o balancete correspondente ao m\u00eas de compet\u00eancia de cada informa\u00e7\u00e3o.<\/p>\n<p>Com Ascom<\/p>\n<p>&nbsp;<\/p>\n","protected":false},"excerpt":{"rendered":"<p>\u201cUm momento hist\u00f3rico para a gest\u00e3o p\u00fablica em um Tribunal que faz hist\u00f3ria desde 2002 ap\u00f3s o lan\u00e7amento do Sistema de Acompanhamento da Gest\u00e3o dos Recursos da Sociedade, o Sagres, hoje com modelo adotado em oito Estados brasileiros\u201d. Com essa observa\u00e7\u00e3o o presidente do Tribunal de Contas da Para\u00edba, conselheiro Andr\u00e9 Carlo Torres Pontes, abriu o encontro com prefeitos e quadros t\u00e9cnicos municipais para treinamento sobre o \u201cSagres Di\u00e1rio\u201d, na manh\u00e3 desta quarta-feira (17), no audit\u00f3rio do Centro Cultural Ariano Suassuna. \u201cConsidero o dia de hoje t\u00e3o importante quanto o do lan\u00e7amento do Sagres, h\u00e1 15 anos, pois damos, agora, o passo que nos permitir\u00e1 o acompanhamento di\u00e1rio de atos, receitas e gastos p\u00fablicos de extremo interesse da sociedade, a exemplo daqueles atinentes \u00e0 sa\u00fade, \u00e0 educa\u00e7\u00e3o ou \u00e0 previd\u00eancia\u201d, disse ele \u00e0 plateia que superlotou o Audit\u00f3rio Celso Furtado, pertencente ao TCE. A todos o conselheiro Andr\u00e9 Carlo fez ver que a atualiza\u00e7\u00e3o di\u00e1ria do Sagres ampara-se em tr\u00eas pilares b\u00e1sicos e de igual import\u00e2ncia: o da orienta\u00e7\u00e3o aos gestores, o da fiscaliza\u00e7\u00e3o e o do controle social. No primeiro caso, aconselhou que prefeitos e assessores fa\u00e7am uso largo do \u201cSagres Pain\u00e9is\u201d, ferramenta por cujo meio eles poder\u00e3o acompanhar despesas de toda ordem e o comportamento dos diversos setores da administra\u00e7\u00e3o municipal, a tempo da corre\u00e7\u00e3o de rumos, quando isso for necess\u00e1rio. \u201cA transpar\u00eancia \u00e9 o melhor e o mais seguro caminho para a gest\u00e3o dos seus munic\u00edpios. Neste sentido, tenham sempre no Tribunal de Contas um parceiro fiel e constante\u201d, concluiu. As orienta\u00e7\u00f5es aos participantes do encontro \u2013 em meio aos quais contadores a servi\u00e7o das Prefeituras \u2013 foram prestadas, em seguida, por equipe t\u00e9cnica do TCE formada pelos auditores de contas p\u00fablicas Ed Wilson Santana, Severino Claudino, Marcos Uchoa e Rafael Chiappetta. REPETI\u00c7\u00c3O \u2013 O encontro ser\u00e1 repetido, nesta ter\u00e7a-feira (18), para representa\u00e7\u00f5es das C\u00e2maras de Vereadores e, na quarta-feira (19), para organismos vinculados ao Governo Estadual, sempre das 9h \u00e0s 12h. O prop\u00f3sito, em todos esses casos, \u00e9 promover a atualiza\u00e7\u00e3o constante e ininterrupta do Sagres, conforme termos da Resolu\u00e7\u00e3o Normativa n\u00ba 05\/2017, aprovada na sess\u00e3o plen\u00e1ria que a Corte realizou no \u00faltimo dia 29. Assim, as informa\u00e7\u00f5es e documentos relacionados aos atos, receitas e gastos dos entes jurisdicionados ter\u00e3o encaminhamento eletr\u00f4nico ao TCE, por meio do \u201cSagres Captura\u201d, at\u00e9 24 horas do primeiro dia \u00fatil subsequente \u00e0 data do registro cont\u00e1bil. Os dados ent\u00e3o enviados v\u00e3o compor o balancete correspondente ao m\u00eas de compet\u00eancia de cada informa\u00e7\u00e3o. Com Ascom &nbsp;<\/p>\n","protected":false},"author":2,"featured_media":1941,"comment_status":"closed","ping_status":"open","sticky":false,"template":"","format":"standard","meta":{"_eb_attr":"","_jetpack_memberships_contains_paid_content":false,"footnotes":""},"categories":[4],"tags":[],"class_list":["post-1940","post","type-post","status-publish","format-standard","has-post-thumbnail","hentry","category-politica"],"yoast_head":"<!-- This site is optimized with the Yoast SEO plugin v26.5 - https:\/\/yoast.com\/wordpress\/plugins\/seo\/ -->\n<title>TCE-PB inicia com Prefeituras o treinamento de gestores p\u00fablicos para o Sagres Di\u00e1rio - Not&iacute;cias em Destaque<\/title>\n<meta name=\"robots\" content=\"index, follow, max-snippet:-1, max-image-preview:large, max-video-preview:-1\" \/>\n<link rel=\"canonical\" href=\"https:\/\/noticiasemdestaque.com\/cd\/?p=1940\" \/>\n<meta property=\"og:locale\" content=\"pt_BR\" \/>\n<meta property=\"og:type\" content=\"article\" \/>\n<meta property=\"og:title\" content=\"TCE-PB inicia com Prefeituras o treinamento de gestores p\u00fablicos para o Sagres Di\u00e1rio - Not&iacute;cias em Destaque\" \/>\n<meta property=\"og:description\" content=\"\u201cUm momento hist\u00f3rico para a gest\u00e3o p\u00fablica em um Tribunal que faz hist\u00f3ria desde 2002 ap\u00f3s o lan\u00e7amento do Sistema de Acompanhamento da Gest\u00e3o dos Recursos da Sociedade, o Sagres, hoje com modelo adotado em oito Estados brasileiros\u201d. Com essa observa\u00e7\u00e3o o presidente do Tribunal de Contas da Para\u00edba, conselheiro Andr\u00e9 Carlo Torres Pontes, abriu o encontro com prefeitos e quadros t\u00e9cnicos municipais para treinamento sobre o \u201cSagres Di\u00e1rio\u201d, na manh\u00e3 desta quarta-feira (17), no audit\u00f3rio do Centro Cultural Ariano Suassuna. \u201cConsidero o dia de hoje t\u00e3o importante quanto o do lan\u00e7amento do Sagres, h\u00e1 15 anos, pois damos, agora, o passo que nos permitir\u00e1 o acompanhamento di\u00e1rio de atos, receitas e gastos p\u00fablicos de extremo interesse da sociedade, a exemplo daqueles atinentes \u00e0 sa\u00fade, \u00e0 educa\u00e7\u00e3o ou \u00e0 previd\u00eancia\u201d, disse ele \u00e0 plateia que superlotou o Audit\u00f3rio Celso Furtado, pertencente ao TCE. A todos o conselheiro Andr\u00e9 Carlo fez ver que a atualiza\u00e7\u00e3o di\u00e1ria do Sagres ampara-se em tr\u00eas pilares b\u00e1sicos e de igual import\u00e2ncia: o da orienta\u00e7\u00e3o aos gestores, o da fiscaliza\u00e7\u00e3o e o do controle social. No primeiro caso, aconselhou que prefeitos e assessores fa\u00e7am uso largo do \u201cSagres Pain\u00e9is\u201d, ferramenta por cujo meio eles poder\u00e3o acompanhar despesas de toda ordem e o comportamento dos diversos setores da administra\u00e7\u00e3o municipal, a tempo da corre\u00e7\u00e3o de rumos, quando isso for necess\u00e1rio. \u201cA transpar\u00eancia \u00e9 o melhor e o mais seguro caminho para a gest\u00e3o dos seus munic\u00edpios. Neste sentido, tenham sempre no Tribunal de Contas um parceiro fiel e constante\u201d, concluiu. As orienta\u00e7\u00f5es aos participantes do encontro \u2013 em meio aos quais contadores a servi\u00e7o das Prefeituras \u2013 foram prestadas, em seguida, por equipe t\u00e9cnica do TCE formada pelos auditores de contas p\u00fablicas Ed Wilson Santana, Severino Claudino, Marcos Uchoa e Rafael Chiappetta. REPETI\u00c7\u00c3O \u2013 O encontro ser\u00e1 repetido, nesta ter\u00e7a-feira (18), para representa\u00e7\u00f5es das C\u00e2maras de Vereadores e, na quarta-feira (19), para organismos vinculados ao Governo Estadual, sempre das 9h \u00e0s 12h. O prop\u00f3sito, em todos esses casos, \u00e9 promover a atualiza\u00e7\u00e3o constante e ininterrupta do Sagres, conforme termos da Resolu\u00e7\u00e3o Normativa n\u00ba 05\/2017, aprovada na sess\u00e3o plen\u00e1ria que a Corte realizou no \u00faltimo dia 29. Assim, as informa\u00e7\u00f5es e documentos relacionados aos atos, receitas e gastos dos entes jurisdicionados ter\u00e3o encaminhamento eletr\u00f4nico ao TCE, por meio do \u201cSagres Captura\u201d, at\u00e9 24 horas do primeiro dia \u00fatil subsequente \u00e0 data do registro cont\u00e1bil. Os dados ent\u00e3o enviados v\u00e3o compor o balancete correspondente ao m\u00eas de compet\u00eancia de cada informa\u00e7\u00e3o. Com Ascom &nbsp;\" \/>\n<meta property=\"og:url\" content=\"https:\/\/noticiasemdestaque.com\/cd\/?p=1940\" \/>\n<meta property=\"og:site_name\" content=\"Not&iacute;cias em Destaque\" \/>\n<meta property=\"article:published_time\" content=\"2017-07-17T15:56:56+00:00\" \/>\n<meta property=\"og:image\" content=\"https:\/\/noticiasemdestaque.com\/cd\/wp-content\/uploads\/2017\/07\/ENCONTRO-300x225.jpg\" \/>\n\t<meta property=\"og:image:width\" content=\"300\" \/>\n\t<meta property=\"og:image:height\" content=\"225\" \/>\n\t<meta property=\"og:image:type\" content=\"image\/jpeg\" \/>\n<meta name=\"author\" content=\"Not\u00edcias em Destaque\" \/>\n<meta name=\"twitter:card\" content=\"summary_large_image\" \/>\n<meta name=\"twitter:label1\" content=\"Escrito por\" \/>\n\t<meta name=\"twitter:data1\" content=\"Not\u00edcias em Destaque\" \/>\n\t<meta name=\"twitter:label2\" content=\"Est. tempo de leitura\" \/>\n\t<meta name=\"twitter:data2\" content=\"2 minutos\" \/>\n<script type=\"application\/ld+json\" class=\"yoast-schema-graph\">{\"@context\":\"https:\/\/schema.org\",\"@graph\":[{\"@type\":\"Article\",\"@id\":\"https:\/\/noticiasemdestaque.com\/cd\/?p=1940#article\",\"isPartOf\":{\"@id\":\"https:\/\/noticiasemdestaque.com\/cd\/?p=1940\"},\"author\":{\"name\":\"Not\u00edcias em Destaque\",\"@id\":\"https:\/\/noticiasemdestaque.com\/cd\/#\/schema\/person\/47f7d4f55eec17c6b2ca036c5500f6ce\"},\"headline\":\"TCE-PB inicia com Prefeituras o treinamento de gestores p\u00fablicos para o Sagres Di\u00e1rio\",\"datePublished\":\"2017-07-17T15:56:56+00:00\",\"mainEntityOfPage\":{\"@id\":\"https:\/\/noticiasemdestaque.com\/cd\/?p=1940\"},\"wordCount\":470,\"publisher\":{\"@id\":\"https:\/\/noticiasemdestaque.com\/cd\/#organization\"},\"image\":{\"@id\":\"https:\/\/noticiasemdestaque.com\/cd\/?p=1940#primaryimage\"},\"thumbnailUrl\":\"https:\/\/noticiasemdestaque.com\/cd\/wp-content\/uploads\/2017\/07\/ENCONTRO-300x225.jpg\",\"articleSection\":[\"Pol\u00edtica\"],\"inLanguage\":\"pt-BR\"},{\"@type\":\"WebPage\",\"@id\":\"https:\/\/noticiasemdestaque.com\/cd\/?p=1940\",\"url\":\"https:\/\/noticiasemdestaque.com\/cd\/?p=1940\",\"name\":\"TCE-PB inicia com Prefeituras o treinamento de gestores p\u00fablicos para o Sagres Di\u00e1rio - Not&iacute;cias em Destaque\",\"isPartOf\":{\"@id\":\"https:\/\/noticiasemdestaque.com\/cd\/#website\"},\"primaryImageOfPage\":{\"@id\":\"https:\/\/noticiasemdestaque.com\/cd\/?p=1940#primaryimage\"},\"image\":{\"@id\":\"https:\/\/noticiasemdestaque.com\/cd\/?p=1940#primaryimage\"},\"thumbnailUrl\":\"https:\/\/noticiasemdestaque.com\/cd\/wp-content\/uploads\/2017\/07\/ENCONTRO-300x225.jpg\",\"datePublished\":\"2017-07-17T15:56:56+00:00\",\"breadcrumb\":{\"@id\":\"https:\/\/noticiasemdestaque.com\/cd\/?p=1940#breadcrumb\"},\"inLanguage\":\"pt-BR\",\"potentialAction\":[{\"@type\":\"ReadAction\",\"target\":[\"https:\/\/noticiasemdestaque.com\/cd\/?p=1940\"]}]},{\"@type\":\"ImageObject\",\"inLanguage\":\"pt-BR\",\"@id\":\"https:\/\/noticiasemdestaque.com\/cd\/?p=1940#primaryimage\",\"url\":\"https:\/\/noticiasemdestaque.com\/cd\/wp-content\/uploads\/2017\/07\/ENCONTRO-300x225.jpg\",\"contentUrl\":\"https:\/\/noticiasemdestaque.com\/cd\/wp-content\/uploads\/2017\/07\/ENCONTRO-300x225.jpg\",\"width\":300,\"height\":225},{\"@type\":\"BreadcrumbList\",\"@id\":\"https:\/\/noticiasemdestaque.com\/cd\/?p=1940#breadcrumb\",\"itemListElement\":[{\"@type\":\"ListItem\",\"position\":1,\"name\":\"In\u00edcio\",\"item\":\"https:\/\/noticiasemdestaque.com\/cd\/\"},{\"@type\":\"ListItem\",\"position\":2,\"name\":\"TCE-PB inicia com Prefeituras o treinamento de gestores p\u00fablicos para o Sagres Di\u00e1rio\"}]},{\"@type\":\"WebSite\",\"@id\":\"https:\/\/noticiasemdestaque.com\/cd\/#website\",\"url\":\"https:\/\/noticiasemdestaque.com\/cd\/\",\"name\":\"Not&iacute;cias em Destaque\",\"description\":\"\",\"publisher\":{\"@id\":\"https:\/\/noticiasemdestaque.com\/cd\/#organization\"},\"potentialAction\":[{\"@type\":\"SearchAction\",\"target\":{\"@type\":\"EntryPoint\",\"urlTemplate\":\"https:\/\/noticiasemdestaque.com\/cd\/?s={search_term_string}\"},\"query-input\":{\"@type\":\"PropertyValueSpecification\",\"valueRequired\":true,\"valueName\":\"search_term_string\"}}],\"inLanguage\":\"pt-BR\"},{\"@type\":\"Organization\",\"@id\":\"https:\/\/noticiasemdestaque.com\/cd\/#organization\",\"name\":\"Not\u00edcias em Destaque\",\"url\":\"https:\/\/noticiasemdestaque.com\/cd\/\",\"logo\":{\"@type\":\"ImageObject\",\"inLanguage\":\"pt-BR\",\"@id\":\"https:\/\/noticiasemdestaque.com\/cd\/#\/schema\/logo\/image\/\",\"url\":\"https:\/\/noticiasemdestaque.com\/cd\/wp-content\/uploads\/2022\/05\/imagem-base-noticiasemdestaque.png\",\"contentUrl\":\"https:\/\/noticiasemdestaque.com\/cd\/wp-content\/uploads\/2022\/05\/imagem-base-noticiasemdestaque.png\",\"width\":1200,\"height\":630,\"caption\":\"Not\u00edcias em Destaque\"},\"image\":{\"@id\":\"https:\/\/noticiasemdestaque.com\/cd\/#\/schema\/logo\/image\/\"}},{\"@type\":\"Person\",\"@id\":\"https:\/\/noticiasemdestaque.com\/cd\/#\/schema\/person\/47f7d4f55eec17c6b2ca036c5500f6ce\",\"name\":\"Not\u00edcias em Destaque\",\"url\":\"https:\/\/noticiasemdestaque.com\/cd\/?author=2\"}]}<\/script>\n<!-- \/ Yoast SEO plugin. -->","yoast_head_json":{"title":"TCE-PB inicia com Prefeituras o treinamento de gestores p\u00fablicos para o Sagres Di\u00e1rio - Not&iacute;cias em Destaque","robots":{"index":"index","follow":"follow","max-snippet":"max-snippet:-1","max-image-preview":"max-image-preview:large","max-video-preview":"max-video-preview:-1"},"canonical":"https:\/\/noticiasemdestaque.com\/cd\/?p=1940","og_locale":"pt_BR","og_type":"article","og_title":"TCE-PB inicia com Prefeituras o treinamento de gestores p\u00fablicos para o Sagres Di\u00e1rio - Not&iacute;cias em Destaque","og_description":"\u201cUm momento hist\u00f3rico para a gest\u00e3o p\u00fablica em um Tribunal que faz hist\u00f3ria desde 2002 ap\u00f3s o lan\u00e7amento do Sistema de Acompanhamento da Gest\u00e3o dos Recursos da Sociedade, o Sagres, hoje com modelo adotado em oito Estados brasileiros\u201d. Com essa observa\u00e7\u00e3o o presidente do Tribunal de Contas da Para\u00edba, conselheiro Andr\u00e9 Carlo Torres Pontes, abriu o encontro com prefeitos e quadros t\u00e9cnicos municipais para treinamento sobre o \u201cSagres Di\u00e1rio\u201d, na manh\u00e3 desta quarta-feira (17), no audit\u00f3rio do Centro Cultural Ariano Suassuna. \u201cConsidero o dia de hoje t\u00e3o importante quanto o do lan\u00e7amento do Sagres, h\u00e1 15 anos, pois damos, agora, o passo que nos permitir\u00e1 o acompanhamento di\u00e1rio de atos, receitas e gastos p\u00fablicos de extremo interesse da sociedade, a exemplo daqueles atinentes \u00e0 sa\u00fade, \u00e0 educa\u00e7\u00e3o ou \u00e0 previd\u00eancia\u201d, disse ele \u00e0 plateia que superlotou o Audit\u00f3rio Celso Furtado, pertencente ao TCE. A todos o conselheiro Andr\u00e9 Carlo fez ver que a atualiza\u00e7\u00e3o di\u00e1ria do Sagres ampara-se em tr\u00eas pilares b\u00e1sicos e de igual import\u00e2ncia: o da orienta\u00e7\u00e3o aos gestores, o da fiscaliza\u00e7\u00e3o e o do controle social. No primeiro caso, aconselhou que prefeitos e assessores fa\u00e7am uso largo do \u201cSagres Pain\u00e9is\u201d, ferramenta por cujo meio eles poder\u00e3o acompanhar despesas de toda ordem e o comportamento dos diversos setores da administra\u00e7\u00e3o municipal, a tempo da corre\u00e7\u00e3o de rumos, quando isso for necess\u00e1rio. \u201cA transpar\u00eancia \u00e9 o melhor e o mais seguro caminho para a gest\u00e3o dos seus munic\u00edpios. Neste sentido, tenham sempre no Tribunal de Contas um parceiro fiel e constante\u201d, concluiu. As orienta\u00e7\u00f5es aos participantes do encontro \u2013 em meio aos quais contadores a servi\u00e7o das Prefeituras \u2013 foram prestadas, em seguida, por equipe t\u00e9cnica do TCE formada pelos auditores de contas p\u00fablicas Ed Wilson Santana, Severino Claudino, Marcos Uchoa e Rafael Chiappetta. REPETI\u00c7\u00c3O \u2013 O encontro ser\u00e1 repetido, nesta ter\u00e7a-feira (18), para representa\u00e7\u00f5es das C\u00e2maras de Vereadores e, na quarta-feira (19), para organismos vinculados ao Governo Estadual, sempre das 9h \u00e0s 12h. O prop\u00f3sito, em todos esses casos, \u00e9 promover a atualiza\u00e7\u00e3o constante e ininterrupta do Sagres, conforme termos da Resolu\u00e7\u00e3o Normativa n\u00ba 05\/2017, aprovada na sess\u00e3o plen\u00e1ria que a Corte realizou no \u00faltimo dia 29. Assim, as informa\u00e7\u00f5es e documentos relacionados aos atos, receitas e gastos dos entes jurisdicionados ter\u00e3o encaminhamento eletr\u00f4nico ao TCE, por meio do \u201cSagres Captura\u201d, at\u00e9 24 horas do primeiro dia \u00fatil subsequente \u00e0 data do registro cont\u00e1bil. Os dados ent\u00e3o enviados v\u00e3o compor o balancete correspondente ao m\u00eas de compet\u00eancia de cada informa\u00e7\u00e3o. Com Ascom &nbsp;","og_url":"https:\/\/noticiasemdestaque.com\/cd\/?p=1940","og_site_name":"Not&iacute;cias em Destaque","article_published_time":"2017-07-17T15:56:56+00:00","og_image":[{"width":300,"height":225,"url":"https:\/\/noticiasemdestaque.com\/cd\/wp-content\/uploads\/2017\/07\/ENCONTRO-300x225.jpg","type":"image\/jpeg"}],"author":"Not\u00edcias em Destaque","twitter_card":"summary_large_image","twitter_misc":{"Escrito por":"Not\u00edcias em Destaque","Est. tempo de leitura":"2 minutos"},"schema":{"@context":"https:\/\/schema.org","@graph":[{"@type":"Article","@id":"https:\/\/noticiasemdestaque.com\/cd\/?p=1940#article","isPartOf":{"@id":"https:\/\/noticiasemdestaque.com\/cd\/?p=1940"},"author":{"name":"Not\u00edcias em Destaque","@id":"https:\/\/noticiasemdestaque.com\/cd\/#\/schema\/person\/47f7d4f55eec17c6b2ca036c5500f6ce"},"headline":"TCE-PB inicia com Prefeituras o treinamento de gestores p\u00fablicos para o Sagres Di\u00e1rio","datePublished":"2017-07-17T15:56:56+00:00","mainEntityOfPage":{"@id":"https:\/\/noticiasemdestaque.com\/cd\/?p=1940"},"wordCount":470,"publisher":{"@id":"https:\/\/noticiasemdestaque.com\/cd\/#organization"},"image":{"@id":"https:\/\/noticiasemdestaque.com\/cd\/?p=1940#primaryimage"},"thumbnailUrl":"https:\/\/noticiasemdestaque.com\/cd\/wp-content\/uploads\/2017\/07\/ENCONTRO-300x225.jpg","articleSection":["Pol\u00edtica"],"inLanguage":"pt-BR"},{"@type":"WebPage","@id":"https:\/\/noticiasemdestaque.com\/cd\/?p=1940","url":"https:\/\/noticiasemdestaque.com\/cd\/?p=1940","name":"TCE-PB inicia com Prefeituras o treinamento de gestores p\u00fablicos para o Sagres Di\u00e1rio - Not&iacute;cias em Destaque","isPartOf":{"@id":"https:\/\/noticiasemdestaque.com\/cd\/#website"},"primaryImageOfPage":{"@id":"https:\/\/noticiasemdestaque.com\/cd\/?p=1940#primaryimage"},"image":{"@id":"https:\/\/noticiasemdestaque.com\/cd\/?p=1940#primaryimage"},"thumbnailUrl":"https:\/\/noticiasemdestaque.com\/cd\/wp-content\/uploads\/2017\/07\/ENCONTRO-300x225.jpg","datePublished":"2017-07-17T15:56:56+00:00","breadcrumb":{"@id":"https:\/\/noticiasemdestaque.com\/cd\/?p=1940#breadcrumb"},"inLanguage":"pt-BR","potentialAction":[{"@type":"ReadAction","target":["https:\/\/noticiasemdestaque.com\/cd\/?p=1940"]}]},{"@type":"ImageObject","inLanguage":"pt-BR","@id":"https:\/\/noticiasemdestaque.com\/cd\/?p=1940#primaryimage","url":"https:\/\/noticiasemdestaque.com\/cd\/wp-content\/uploads\/2017\/07\/ENCONTRO-300x225.jpg","contentUrl":"https:\/\/noticiasemdestaque.com\/cd\/wp-content\/uploads\/2017\/07\/ENCONTRO-300x225.jpg","width":300,"height":225},{"@type":"BreadcrumbList","@id":"https:\/\/noticiasemdestaque.com\/cd\/?p=1940#breadcrumb","itemListElement":[{"@type":"ListItem","position":1,"name":"In\u00edcio","item":"https:\/\/noticiasemdestaque.com\/cd\/"},{"@type":"ListItem","position":2,"name":"TCE-PB inicia com Prefeituras o treinamento de gestores p\u00fablicos para o Sagres Di\u00e1rio"}]},{"@type":"WebSite","@id":"https:\/\/noticiasemdestaque.com\/cd\/#website","url":"https:\/\/noticiasemdestaque.com\/cd\/","name":"Not&iacute;cias em Destaque","description":"","publisher":{"@id":"https:\/\/noticiasemdestaque.com\/cd\/#organization"},"potentialAction":[{"@type":"SearchAction","target":{"@type":"EntryPoint","urlTemplate":"https:\/\/noticiasemdestaque.com\/cd\/?s={search_term_string}"},"query-input":{"@type":"PropertyValueSpecification","valueRequired":true,"valueName":"search_term_string"}}],"inLanguage":"pt-BR"},{"@type":"Organization","@id":"https:\/\/noticiasemdestaque.com\/cd\/#organization","name":"Not\u00edcias em Destaque","url":"https:\/\/noticiasemdestaque.com\/cd\/","logo":{"@type":"ImageObject","inLanguage":"pt-BR","@id":"https:\/\/noticiasemdestaque.com\/cd\/#\/schema\/logo\/image\/","url":"https:\/\/noticiasemdestaque.com\/cd\/wp-content\/uploads\/2022\/05\/imagem-base-noticiasemdestaque.png","contentUrl":"https:\/\/noticiasemdestaque.com\/cd\/wp-content\/uploads\/2022\/05\/imagem-base-noticiasemdestaque.png","width":1200,"height":630,"caption":"Not\u00edcias em Destaque"},"image":{"@id":"https:\/\/noticiasemdestaque.com\/cd\/#\/schema\/logo\/image\/"}},{"@type":"Person","@id":"https:\/\/noticiasemdestaque.com\/cd\/#\/schema\/person\/47f7d4f55eec17c6b2ca036c5500f6ce","name":"Not\u00edcias em Destaque","url":"https:\/\/noticiasemdestaque.com\/cd\/?author=2"}]}},"jetpack_featured_media_url":"https:\/\/noticiasemdestaque.com\/cd\/wp-content\/uploads\/2017\/07\/ENCONTRO-300x225.jpg","jetpack_sharing_enabled":true,"_links":{"self":[{"href":"https:\/\/noticiasemdestaque.com\/cd\/index.php?rest_route=\/wp\/v2\/posts\/1940","targetHints":{"allow":["GET"]}}],"collection":[{"href":"https:\/\/noticiasemdestaque.com\/cd\/index.php?rest_route=\/wp\/v2\/posts"}],"about":[{"href":"https:\/\/noticiasemdestaque.com\/cd\/index.php?rest_route=\/wp\/v2\/types\/post"}],"author":[{"embeddable":true,"href":"https:\/\/noticiasemdestaque.com\/cd\/index.php?rest_route=\/wp\/v2\/users\/2"}],"replies":[{"embeddable":true,"href":"https:\/\/noticiasemdestaque.com\/cd\/index.php?rest_route=%2Fwp%2Fv2%2Fcomments&post=1940"}],"version-history":[{"count":1,"href":"https:\/\/noticiasemdestaque.com\/cd\/index.php?rest_route=\/wp\/v2\/posts\/1940\/revisions"}],"predecessor-version":[{"id":1942,"href":"https:\/\/noticiasemdestaque.com\/cd\/index.php?rest_route=\/wp\/v2\/posts\/1940\/revisions\/1942"}],"wp:featuredmedia":[{"embeddable":true,"href":"https:\/\/noticiasemdestaque.com\/cd\/index.php?rest_route=\/wp\/v2\/media\/1941"}],"wp:attachment":[{"href":"https:\/\/noticiasemdestaque.com\/cd\/index.php?rest_route=%2Fwp%2Fv2%2Fmedia&parent=1940"}],"wp:term":[{"taxonomy":"category","embeddable":true,"href":"https:\/\/noticiasemdestaque.com\/cd\/index.php?rest_route=%2Fwp%2Fv2%2Fcategories&post=1940"},{"taxonomy":"post_tag","embeddable":true,"href":"https:\/\/noticiasemdestaque.com\/cd\/index.php?rest_route=%2Fwp%2Fv2%2Ftags&post=1940"}],"curies":[{"name":"wp","href":"https:\/\/api.w.org\/{rel}","templated":true}]}}