{"id":19336,"date":"2019-08-28T06:58:51","date_gmt":"2019-08-28T09:58:51","guid":{"rendered":"http:\/\/noticiasemdestaque.com\/cd\/?p=19336"},"modified":"2019-08-28T06:58:51","modified_gmt":"2019-08-28T09:58:51","slug":"prazo-para-pagamento-do-ipva-se-encerra-nesta-sexta-feita","status":"publish","type":"post","link":"https:\/\/noticiasemdestaque.com\/cd\/?p=19336","title":{"rendered":"Prazo para pagamento do IPVA se encerra nesta sexta-feita"},"content":{"rendered":"<p class=\" tm_nativeauto\"><a href=\"https:\/\/noticiasemdestaque.com\/cd\/wp-content\/uploads\/2019\/01\/IPVA-PLACA-FINAL-0.jpg\"><img fetchpriority=\"high\" decoding=\"async\" class=\"alignnone size-large wp-image-15211\" src=\"https:\/\/noticiasemdestaque.com\/cd\/wp-content\/uploads\/2019\/01\/IPVA-PLACA-FINAL-0-1024x518.jpg\" alt=\"\" width=\"1024\" height=\"518\" srcset=\"https:\/\/noticiasemdestaque.com\/cd\/wp-content\/uploads\/2019\/01\/IPVA-PLACA-FINAL-0-1024x518.jpg 1024w, https:\/\/noticiasemdestaque.com\/cd\/wp-content\/uploads\/2019\/01\/IPVA-PLACA-FINAL-0-300x152.jpg 300w, https:\/\/noticiasemdestaque.com\/cd\/wp-content\/uploads\/2019\/01\/IPVA-PLACA-FINAL-0-768x388.jpg 768w, https:\/\/noticiasemdestaque.com\/cd\/wp-content\/uploads\/2019\/01\/IPVA-PLACA-FINAL-0.jpg 1200w\" sizes=\"(max-width: 1024px) 100vw, 1024px\" \/><\/a><\/p>\n<p class=\" tm_nativeauto\">Os propriet\u00e1rios de ve\u00edculos com final de placa 8 no Estado da Para\u00edba devem efetuar o pagamento do Imposto Sobre a Propriedade de Ve\u00edculos Automotores (IPVA) at\u00e9 a pr\u00f3xima sexta-feira (30), como forma de evitar acr\u00e9scimos de juros e multa.<\/p>\n<p>Essa \u00e9 a data limite tamb\u00e9m daqueles que requereram a isen\u00e7\u00e3o do tributo, no ano passado, da placa final 8, para realizar a comprova\u00e7\u00e3o dos documentos em qualquer reparti\u00e7\u00e3o fiscal da Secretaria de Estado da Fazenda (Sefaz-PB) mais pr\u00f3xima de seu domic\u00edlio.<\/p>\n<p>Para quem vai pagar o IPVA com placa final 8 existem tr\u00eas op\u00e7\u00f5es: A primeira \u00e9 a cota \u00fanica com desconto de 10% \u00e0 vista; a segunda op\u00e7\u00e3o \u00e9 o pagamento em tr\u00eas parcelas, mas sem desconto, sendo a primeira com vencimento at\u00e9 o dia 30 deste m\u00eas; a terceira op\u00e7\u00e3o \u00e9 o pagamento total do IPVA no dia 31 de outubro, tamb\u00e9m sem o desconto de 10%.<\/p>\n<p>Os boletos do IPVA dever\u00e3o ser impressos por meio da internet, atrav\u00e9s do endere\u00e7o\u00a0<a href=\"https:\/\/paraiba.us20.list-manage.com\/track\/click?u=63cd2f513d25ab116c25e0753&amp;id=9c7f52bdd6&amp;e=9d474ac44d\" data-saferedirecturl=\"https:\/\/www.google.com\/url?q=https:\/\/paraiba.us20.list-manage.com\/track\/click?u%3D63cd2f513d25ab116c25e0753%26id%3D9c7f52bdd6%26e%3D9d474ac44d&amp;source=gmail&amp;ust=1567020388896000&amp;usg=AFQjCNHrR6efYE8X_C1zdkcN8aYqV6MoFg\">www.sefaz.pb.gov.br<\/a>\u00a0ou\u00a0<a href=\"http:\/\/www.detran.pb.gov.br\/\" data-saferedirecturl=\"https:\/\/www.google.com\/url?q=http:\/\/www.detran.pb.gov.br\/&amp;source=gmail&amp;ust=1567020388896000&amp;usg=AFQjCNGtpubj0QgM7hUT5-uNHKXbtn_rWA\">http:\/\/www.detran.pb.gov.br\/<\/a>. O boleto poder\u00e1 tamb\u00e9m ser impresso, preferencialmente, em uma reparti\u00e7\u00e3o fiscal ou ent\u00e3o nas unidades do Detran-PB.<\/p>\n<p><strong>Pagamento das parcelas anteriores<\/strong><\/p>\n<p class=\" aBigClassNameToAvoidCollisionInText\">Para quem optou pelo parcelamento do IPVA dos ve\u00edculos com finais das placas 6 e 7, os propriet\u00e1rios precisam\u00a0 efetuar o pagamento das parcelas at\u00e9 o dia 30 de agosto. Quem parcelou em tr\u00eas vezes a placa final 6, dever\u00e1 pagar a terceira e \u00faltima parcela, enquanto a placa final 7 ter\u00e1 de pagar a segunda parcela. Tamb\u00e9m vence no dia 30 de agosto o pagamento daqueles que optaram pelo pagamento total sem desconto da placa final 6.<\/p>\n<p>Fonte: MaisPB<\/p>\n","protected":false},"excerpt":{"rendered":"<p>Os propriet\u00e1rios de ve\u00edculos com final de placa 8 no Estado da Para\u00edba devem efetuar o pagamento do Imposto Sobre a Propriedade de Ve\u00edculos Automotores (IPVA) at\u00e9 a pr\u00f3xima sexta-feira (30), como forma de evitar acr\u00e9scimos de juros e multa. Essa \u00e9 a data limite tamb\u00e9m daqueles que requereram a isen\u00e7\u00e3o do tributo, no ano passado, da placa final 8, para realizar a comprova\u00e7\u00e3o dos documentos em qualquer reparti\u00e7\u00e3o fiscal da Secretaria de Estado da Fazenda (Sefaz-PB) mais pr\u00f3xima de seu domic\u00edlio. Para quem vai pagar o IPVA com placa final 8 existem tr\u00eas op\u00e7\u00f5es: A primeira \u00e9 a cota \u00fanica com desconto de 10% \u00e0 vista; a segunda op\u00e7\u00e3o \u00e9 o pagamento em tr\u00eas parcelas, mas sem desconto, sendo a primeira com vencimento at\u00e9 o dia 30 deste m\u00eas; a terceira op\u00e7\u00e3o \u00e9 o pagamento total do IPVA no dia 31 de outubro, tamb\u00e9m sem o desconto de 10%. Os boletos do IPVA dever\u00e3o ser impressos por meio da internet, atrav\u00e9s do endere\u00e7o\u00a0www.sefaz.pb.gov.br\u00a0ou\u00a0http:\/\/www.detran.pb.gov.br\/. O boleto poder\u00e1 tamb\u00e9m ser impresso, preferencialmente, em uma reparti\u00e7\u00e3o fiscal ou ent\u00e3o nas unidades do Detran-PB. Pagamento das parcelas anteriores Para quem optou pelo parcelamento do IPVA dos ve\u00edculos com finais das placas 6 e 7, os propriet\u00e1rios precisam\u00a0 efetuar o pagamento das parcelas at\u00e9 o dia 30 de agosto. Quem parcelou em tr\u00eas vezes a placa final 6, dever\u00e1 pagar a terceira e \u00faltima parcela, enquanto a placa final 7 ter\u00e1 de pagar a segunda parcela. Tamb\u00e9m vence no dia 30 de agosto o pagamento daqueles que optaram pelo pagamento total sem desconto da placa final 6. Fonte: MaisPB<\/p>\n","protected":false},"author":2,"featured_media":15211,"comment_status":"closed","ping_status":"open","sticky":false,"template":"","format":"standard","meta":{"_eb_attr":"","_jetpack_memberships_contains_paid_content":false,"footnotes":""},"categories":[12],"tags":[],"class_list":["post-19336","post","type-post","status-publish","format-standard","has-post-thumbnail","hentry","category-geral"],"yoast_head":"<!-- This site is optimized with the Yoast SEO plugin v26.5 - https:\/\/yoast.com\/wordpress\/plugins\/seo\/ -->\n<title>Prazo para pagamento do IPVA se encerra nesta sexta-feita - Not&iacute;cias em Destaque<\/title>\n<meta name=\"robots\" content=\"index, follow, max-snippet:-1, max-image-preview:large, max-video-preview:-1\" \/>\n<link rel=\"canonical\" href=\"https:\/\/noticiasemdestaque.com\/cd\/?p=19336\" \/>\n<meta property=\"og:locale\" content=\"pt_BR\" \/>\n<meta property=\"og:type\" content=\"article\" \/>\n<meta property=\"og:title\" content=\"Prazo para pagamento do IPVA se encerra nesta sexta-feita - Not&iacute;cias em Destaque\" \/>\n<meta property=\"og:description\" content=\"Os propriet\u00e1rios de ve\u00edculos com final de placa 8 no Estado da Para\u00edba devem efetuar o pagamento do Imposto Sobre a Propriedade de Ve\u00edculos Automotores (IPVA) at\u00e9 a pr\u00f3xima sexta-feira (30), como forma de evitar acr\u00e9scimos de juros e multa. Essa \u00e9 a data limite tamb\u00e9m daqueles que requereram a isen\u00e7\u00e3o do tributo, no ano passado, da placa final 8, para realizar a comprova\u00e7\u00e3o dos documentos em qualquer reparti\u00e7\u00e3o fiscal da Secretaria de Estado da Fazenda (Sefaz-PB) mais pr\u00f3xima de seu domic\u00edlio. Para quem vai pagar o IPVA com placa final 8 existem tr\u00eas op\u00e7\u00f5es: A primeira \u00e9 a cota \u00fanica com desconto de 10% \u00e0 vista; a segunda op\u00e7\u00e3o \u00e9 o pagamento em tr\u00eas parcelas, mas sem desconto, sendo a primeira com vencimento at\u00e9 o dia 30 deste m\u00eas; a terceira op\u00e7\u00e3o \u00e9 o pagamento total do IPVA no dia 31 de outubro, tamb\u00e9m sem o desconto de 10%. Os boletos do IPVA dever\u00e3o ser impressos por meio da internet, atrav\u00e9s do endere\u00e7o\u00a0www.sefaz.pb.gov.br\u00a0ou\u00a0http:\/\/www.detran.pb.gov.br\/. O boleto poder\u00e1 tamb\u00e9m ser impresso, preferencialmente, em uma reparti\u00e7\u00e3o fiscal ou ent\u00e3o nas unidades do Detran-PB. Pagamento das parcelas anteriores Para quem optou pelo parcelamento do IPVA dos ve\u00edculos com finais das placas 6 e 7, os propriet\u00e1rios precisam\u00a0 efetuar o pagamento das parcelas at\u00e9 o dia 30 de agosto. Quem parcelou em tr\u00eas vezes a placa final 6, dever\u00e1 pagar a terceira e \u00faltima parcela, enquanto a placa final 7 ter\u00e1 de pagar a segunda parcela. Tamb\u00e9m vence no dia 30 de agosto o pagamento daqueles que optaram pelo pagamento total sem desconto da placa final 6. Fonte: MaisPB\" \/>\n<meta property=\"og:url\" content=\"https:\/\/noticiasemdestaque.com\/cd\/?p=19336\" \/>\n<meta property=\"og:site_name\" content=\"Not&iacute;cias em Destaque\" \/>\n<meta property=\"article:published_time\" content=\"2019-08-28T09:58:51+00:00\" \/>\n<meta property=\"og:image\" content=\"https:\/\/noticiasemdestaque.com\/cd\/wp-content\/uploads\/2019\/01\/IPVA-PLACA-FINAL-0.jpg\" \/>\n\t<meta property=\"og:image:width\" content=\"1200\" \/>\n\t<meta property=\"og:image:height\" content=\"607\" \/>\n\t<meta property=\"og:image:type\" content=\"image\/jpeg\" \/>\n<meta name=\"author\" content=\"Not\u00edcias em Destaque\" \/>\n<meta name=\"twitter:card\" content=\"summary_large_image\" \/>\n<meta name=\"twitter:label1\" content=\"Escrito por\" \/>\n\t<meta name=\"twitter:data1\" content=\"Not\u00edcias em Destaque\" \/>\n\t<meta name=\"twitter:label2\" content=\"Est. tempo de leitura\" \/>\n\t<meta name=\"twitter:data2\" content=\"1 minuto\" \/>\n<script type=\"application\/ld+json\" class=\"yoast-schema-graph\">{\"@context\":\"https:\/\/schema.org\",\"@graph\":[{\"@type\":\"Article\",\"@id\":\"https:\/\/noticiasemdestaque.com\/cd\/?p=19336#article\",\"isPartOf\":{\"@id\":\"https:\/\/noticiasemdestaque.com\/cd\/?p=19336\"},\"author\":{\"name\":\"Not\u00edcias em Destaque\",\"@id\":\"https:\/\/noticiasemdestaque.com\/cd\/#\/schema\/person\/3e6ba396ff5664a69c392f09a8e1504c\"},\"headline\":\"Prazo para pagamento do IPVA se encerra nesta sexta-feita\",\"datePublished\":\"2019-08-28T09:58:51+00:00\",\"mainEntityOfPage\":{\"@id\":\"https:\/\/noticiasemdestaque.com\/cd\/?p=19336\"},\"wordCount\":295,\"publisher\":{\"@id\":\"https:\/\/noticiasemdestaque.com\/cd\/#organization\"},\"image\":{\"@id\":\"https:\/\/noticiasemdestaque.com\/cd\/?p=19336#primaryimage\"},\"thumbnailUrl\":\"https:\/\/noticiasemdestaque.com\/cd\/wp-content\/uploads\/2019\/01\/IPVA-PLACA-FINAL-0.jpg\",\"articleSection\":[\"Geral\"],\"inLanguage\":\"pt-BR\"},{\"@type\":\"WebPage\",\"@id\":\"https:\/\/noticiasemdestaque.com\/cd\/?p=19336\",\"url\":\"https:\/\/noticiasemdestaque.com\/cd\/?p=19336\",\"name\":\"Prazo para pagamento do IPVA se encerra nesta sexta-feita - Not&iacute;cias em Destaque\",\"isPartOf\":{\"@id\":\"https:\/\/noticiasemdestaque.com\/cd\/#website\"},\"primaryImageOfPage\":{\"@id\":\"https:\/\/noticiasemdestaque.com\/cd\/?p=19336#primaryimage\"},\"image\":{\"@id\":\"https:\/\/noticiasemdestaque.com\/cd\/?p=19336#primaryimage\"},\"thumbnailUrl\":\"https:\/\/noticiasemdestaque.com\/cd\/wp-content\/uploads\/2019\/01\/IPVA-PLACA-FINAL-0.jpg\",\"datePublished\":\"2019-08-28T09:58:51+00:00\",\"breadcrumb\":{\"@id\":\"https:\/\/noticiasemdestaque.com\/cd\/?p=19336#breadcrumb\"},\"inLanguage\":\"pt-BR\",\"potentialAction\":[{\"@type\":\"ReadAction\",\"target\":[\"https:\/\/noticiasemdestaque.com\/cd\/?p=19336\"]}]},{\"@type\":\"ImageObject\",\"inLanguage\":\"pt-BR\",\"@id\":\"https:\/\/noticiasemdestaque.com\/cd\/?p=19336#primaryimage\",\"url\":\"https:\/\/noticiasemdestaque.com\/cd\/wp-content\/uploads\/2019\/01\/IPVA-PLACA-FINAL-0.jpg\",\"contentUrl\":\"https:\/\/noticiasemdestaque.com\/cd\/wp-content\/uploads\/2019\/01\/IPVA-PLACA-FINAL-0.jpg\",\"width\":1200,\"height\":607},{\"@type\":\"BreadcrumbList\",\"@id\":\"https:\/\/noticiasemdestaque.com\/cd\/?p=19336#breadcrumb\",\"itemListElement\":[{\"@type\":\"ListItem\",\"position\":1,\"name\":\"In\u00edcio\",\"item\":\"https:\/\/noticiasemdestaque.com\/cd\/\"},{\"@type\":\"ListItem\",\"position\":2,\"name\":\"Prazo para pagamento do IPVA se encerra nesta sexta-feita\"}]},{\"@type\":\"WebSite\",\"@id\":\"https:\/\/noticiasemdestaque.com\/cd\/#website\",\"url\":\"https:\/\/noticiasemdestaque.com\/cd\/\",\"name\":\"Not&iacute;cias em Destaque\",\"description\":\"\",\"publisher\":{\"@id\":\"https:\/\/noticiasemdestaque.com\/cd\/#organization\"},\"potentialAction\":[{\"@type\":\"SearchAction\",\"target\":{\"@type\":\"EntryPoint\",\"urlTemplate\":\"https:\/\/noticiasemdestaque.com\/cd\/?s={search_term_string}\"},\"query-input\":{\"@type\":\"PropertyValueSpecification\",\"valueRequired\":true,\"valueName\":\"search_term_string\"}}],\"inLanguage\":\"pt-BR\"},{\"@type\":\"Organization\",\"@id\":\"https:\/\/noticiasemdestaque.com\/cd\/#organization\",\"name\":\"Not\u00edcias em Destaque\",\"url\":\"https:\/\/noticiasemdestaque.com\/cd\/\",\"logo\":{\"@type\":\"ImageObject\",\"inLanguage\":\"pt-BR\",\"@id\":\"https:\/\/noticiasemdestaque.com\/cd\/#\/schema\/logo\/image\/\",\"url\":\"https:\/\/noticiasemdestaque.com\/cd\/wp-content\/uploads\/2022\/05\/imagem-base-noticiasemdestaque.png\",\"contentUrl\":\"https:\/\/noticiasemdestaque.com\/cd\/wp-content\/uploads\/2022\/05\/imagem-base-noticiasemdestaque.png\",\"width\":1200,\"height\":630,\"caption\":\"Not\u00edcias em Destaque\"},\"image\":{\"@id\":\"https:\/\/noticiasemdestaque.com\/cd\/#\/schema\/logo\/image\/\"}},{\"@type\":\"Person\",\"@id\":\"https:\/\/noticiasemdestaque.com\/cd\/#\/schema\/person\/3e6ba396ff5664a69c392f09a8e1504c\",\"name\":\"Not\u00edcias em Destaque\",\"url\":\"https:\/\/noticiasemdestaque.com\/cd\/?author=2\"}]}<\/script>\n<!-- \/ Yoast SEO plugin. -->","yoast_head_json":{"title":"Prazo para pagamento do IPVA se encerra nesta sexta-feita - Not&iacute;cias em Destaque","robots":{"index":"index","follow":"follow","max-snippet":"max-snippet:-1","max-image-preview":"max-image-preview:large","max-video-preview":"max-video-preview:-1"},"canonical":"https:\/\/noticiasemdestaque.com\/cd\/?p=19336","og_locale":"pt_BR","og_type":"article","og_title":"Prazo para pagamento do IPVA se encerra nesta sexta-feita - Not&iacute;cias em Destaque","og_description":"Os propriet\u00e1rios de ve\u00edculos com final de placa 8 no Estado da Para\u00edba devem efetuar o pagamento do Imposto Sobre a Propriedade de Ve\u00edculos Automotores (IPVA) at\u00e9 a pr\u00f3xima sexta-feira (30), como forma de evitar acr\u00e9scimos de juros e multa. Essa \u00e9 a data limite tamb\u00e9m daqueles que requereram a isen\u00e7\u00e3o do tributo, no ano passado, da placa final 8, para realizar a comprova\u00e7\u00e3o dos documentos em qualquer reparti\u00e7\u00e3o fiscal da Secretaria de Estado da Fazenda (Sefaz-PB) mais pr\u00f3xima de seu domic\u00edlio. Para quem vai pagar o IPVA com placa final 8 existem tr\u00eas op\u00e7\u00f5es: A primeira \u00e9 a cota \u00fanica com desconto de 10% \u00e0 vista; a segunda op\u00e7\u00e3o \u00e9 o pagamento em tr\u00eas parcelas, mas sem desconto, sendo a primeira com vencimento at\u00e9 o dia 30 deste m\u00eas; a terceira op\u00e7\u00e3o \u00e9 o pagamento total do IPVA no dia 31 de outubro, tamb\u00e9m sem o desconto de 10%. Os boletos do IPVA dever\u00e3o ser impressos por meio da internet, atrav\u00e9s do endere\u00e7o\u00a0www.sefaz.pb.gov.br\u00a0ou\u00a0http:\/\/www.detran.pb.gov.br\/. O boleto poder\u00e1 tamb\u00e9m ser impresso, preferencialmente, em uma reparti\u00e7\u00e3o fiscal ou ent\u00e3o nas unidades do Detran-PB. Pagamento das parcelas anteriores Para quem optou pelo parcelamento do IPVA dos ve\u00edculos com finais das placas 6 e 7, os propriet\u00e1rios precisam\u00a0 efetuar o pagamento das parcelas at\u00e9 o dia 30 de agosto. Quem parcelou em tr\u00eas vezes a placa final 6, dever\u00e1 pagar a terceira e \u00faltima parcela, enquanto a placa final 7 ter\u00e1 de pagar a segunda parcela. Tamb\u00e9m vence no dia 30 de agosto o pagamento daqueles que optaram pelo pagamento total sem desconto da placa final 6. Fonte: MaisPB","og_url":"https:\/\/noticiasemdestaque.com\/cd\/?p=19336","og_site_name":"Not&iacute;cias em Destaque","article_published_time":"2019-08-28T09:58:51+00:00","og_image":[{"width":1200,"height":607,"url":"https:\/\/noticiasemdestaque.com\/cd\/wp-content\/uploads\/2019\/01\/IPVA-PLACA-FINAL-0.jpg","type":"image\/jpeg"}],"author":"Not\u00edcias em Destaque","twitter_card":"summary_large_image","twitter_misc":{"Escrito por":"Not\u00edcias em Destaque","Est. tempo de leitura":"1 minuto"},"schema":{"@context":"https:\/\/schema.org","@graph":[{"@type":"Article","@id":"https:\/\/noticiasemdestaque.com\/cd\/?p=19336#article","isPartOf":{"@id":"https:\/\/noticiasemdestaque.com\/cd\/?p=19336"},"author":{"name":"Not\u00edcias em Destaque","@id":"https:\/\/noticiasemdestaque.com\/cd\/#\/schema\/person\/3e6ba396ff5664a69c392f09a8e1504c"},"headline":"Prazo para pagamento do IPVA se encerra nesta sexta-feita","datePublished":"2019-08-28T09:58:51+00:00","mainEntityOfPage":{"@id":"https:\/\/noticiasemdestaque.com\/cd\/?p=19336"},"wordCount":295,"publisher":{"@id":"https:\/\/noticiasemdestaque.com\/cd\/#organization"},"image":{"@id":"https:\/\/noticiasemdestaque.com\/cd\/?p=19336#primaryimage"},"thumbnailUrl":"https:\/\/noticiasemdestaque.com\/cd\/wp-content\/uploads\/2019\/01\/IPVA-PLACA-FINAL-0.jpg","articleSection":["Geral"],"inLanguage":"pt-BR"},{"@type":"WebPage","@id":"https:\/\/noticiasemdestaque.com\/cd\/?p=19336","url":"https:\/\/noticiasemdestaque.com\/cd\/?p=19336","name":"Prazo para pagamento do IPVA se encerra nesta sexta-feita - Not&iacute;cias em Destaque","isPartOf":{"@id":"https:\/\/noticiasemdestaque.com\/cd\/#website"},"primaryImageOfPage":{"@id":"https:\/\/noticiasemdestaque.com\/cd\/?p=19336#primaryimage"},"image":{"@id":"https:\/\/noticiasemdestaque.com\/cd\/?p=19336#primaryimage"},"thumbnailUrl":"https:\/\/noticiasemdestaque.com\/cd\/wp-content\/uploads\/2019\/01\/IPVA-PLACA-FINAL-0.jpg","datePublished":"2019-08-28T09:58:51+00:00","breadcrumb":{"@id":"https:\/\/noticiasemdestaque.com\/cd\/?p=19336#breadcrumb"},"inLanguage":"pt-BR","potentialAction":[{"@type":"ReadAction","target":["https:\/\/noticiasemdestaque.com\/cd\/?p=19336"]}]},{"@type":"ImageObject","inLanguage":"pt-BR","@id":"https:\/\/noticiasemdestaque.com\/cd\/?p=19336#primaryimage","url":"https:\/\/noticiasemdestaque.com\/cd\/wp-content\/uploads\/2019\/01\/IPVA-PLACA-FINAL-0.jpg","contentUrl":"https:\/\/noticiasemdestaque.com\/cd\/wp-content\/uploads\/2019\/01\/IPVA-PLACA-FINAL-0.jpg","width":1200,"height":607},{"@type":"BreadcrumbList","@id":"https:\/\/noticiasemdestaque.com\/cd\/?p=19336#breadcrumb","itemListElement":[{"@type":"ListItem","position":1,"name":"In\u00edcio","item":"https:\/\/noticiasemdestaque.com\/cd\/"},{"@type":"ListItem","position":2,"name":"Prazo para pagamento do IPVA se encerra nesta sexta-feita"}]},{"@type":"WebSite","@id":"https:\/\/noticiasemdestaque.com\/cd\/#website","url":"https:\/\/noticiasemdestaque.com\/cd\/","name":"Not&iacute;cias em Destaque","description":"","publisher":{"@id":"https:\/\/noticiasemdestaque.com\/cd\/#organization"},"potentialAction":[{"@type":"SearchAction","target":{"@type":"EntryPoint","urlTemplate":"https:\/\/noticiasemdestaque.com\/cd\/?s={search_term_string}"},"query-input":{"@type":"PropertyValueSpecification","valueRequired":true,"valueName":"search_term_string"}}],"inLanguage":"pt-BR"},{"@type":"Organization","@id":"https:\/\/noticiasemdestaque.com\/cd\/#organization","name":"Not\u00edcias em Destaque","url":"https:\/\/noticiasemdestaque.com\/cd\/","logo":{"@type":"ImageObject","inLanguage":"pt-BR","@id":"https:\/\/noticiasemdestaque.com\/cd\/#\/schema\/logo\/image\/","url":"https:\/\/noticiasemdestaque.com\/cd\/wp-content\/uploads\/2022\/05\/imagem-base-noticiasemdestaque.png","contentUrl":"https:\/\/noticiasemdestaque.com\/cd\/wp-content\/uploads\/2022\/05\/imagem-base-noticiasemdestaque.png","width":1200,"height":630,"caption":"Not\u00edcias em Destaque"},"image":{"@id":"https:\/\/noticiasemdestaque.com\/cd\/#\/schema\/logo\/image\/"}},{"@type":"Person","@id":"https:\/\/noticiasemdestaque.com\/cd\/#\/schema\/person\/3e6ba396ff5664a69c392f09a8e1504c","name":"Not\u00edcias em Destaque","url":"https:\/\/noticiasemdestaque.com\/cd\/?author=2"}]}},"jetpack_featured_media_url":"https:\/\/noticiasemdestaque.com\/cd\/wp-content\/uploads\/2019\/01\/IPVA-PLACA-FINAL-0.jpg","jetpack_sharing_enabled":true,"_links":{"self":[{"href":"https:\/\/noticiasemdestaque.com\/cd\/index.php?rest_route=\/wp\/v2\/posts\/19336","targetHints":{"allow":["GET"]}}],"collection":[{"href":"https:\/\/noticiasemdestaque.com\/cd\/index.php?rest_route=\/wp\/v2\/posts"}],"about":[{"href":"https:\/\/noticiasemdestaque.com\/cd\/index.php?rest_route=\/wp\/v2\/types\/post"}],"author":[{"embeddable":true,"href":"https:\/\/noticiasemdestaque.com\/cd\/index.php?rest_route=\/wp\/v2\/users\/2"}],"replies":[{"embeddable":true,"href":"https:\/\/noticiasemdestaque.com\/cd\/index.php?rest_route=%2Fwp%2Fv2%2Fcomments&post=19336"}],"version-history":[{"count":1,"href":"https:\/\/noticiasemdestaque.com\/cd\/index.php?rest_route=\/wp\/v2\/posts\/19336\/revisions"}],"predecessor-version":[{"id":19337,"href":"https:\/\/noticiasemdestaque.com\/cd\/index.php?rest_route=\/wp\/v2\/posts\/19336\/revisions\/19337"}],"wp:featuredmedia":[{"embeddable":true,"href":"https:\/\/noticiasemdestaque.com\/cd\/index.php?rest_route=\/wp\/v2\/media\/15211"}],"wp:attachment":[{"href":"https:\/\/noticiasemdestaque.com\/cd\/index.php?rest_route=%2Fwp%2Fv2%2Fmedia&parent=19336"}],"wp:term":[{"taxonomy":"category","embeddable":true,"href":"https:\/\/noticiasemdestaque.com\/cd\/index.php?rest_route=%2Fwp%2Fv2%2Fcategories&post=19336"},{"taxonomy":"post_tag","embeddable":true,"href":"https:\/\/noticiasemdestaque.com\/cd\/index.php?rest_route=%2Fwp%2Fv2%2Ftags&post=19336"}],"curies":[{"name":"wp","href":"https:\/\/api.w.org\/{rel}","templated":true}]}}