{"id":19334,"date":"2019-08-27T07:23:12","date_gmt":"2019-08-27T10:23:12","guid":{"rendered":"http:\/\/noticiasemdestaque.com\/cd\/?p=19334"},"modified":"2019-08-27T07:23:12","modified_gmt":"2019-08-27T10:23:12","slug":"em-serra-branca-escola-senador-jose-gaudencio-entra-na-reta-final-para-o-enem-2019","status":"publish","type":"post","link":"https:\/\/noticiasemdestaque.com\/cd\/?p=19334","title":{"rendered":"Em Serra Branca: Escola Senador Jos\u00e9 Gaud\u00eancio entra na reta final para o ENEM 2019"},"content":{"rendered":"<p><a href=\"https:\/\/noticiasemdestaque.com\/cd\/wp-content\/uploads\/2017\/11\/05112010-arquivoalunos1.jpg\"><img fetchpriority=\"high\" decoding=\"async\" class=\"alignnone size-full wp-image-6151\" src=\"https:\/\/noticiasemdestaque.com\/cd\/wp-content\/uploads\/2017\/11\/05112010-arquivoalunos1.jpg\" alt=\"\" width=\"580\" height=\"388\" srcset=\"https:\/\/noticiasemdestaque.com\/cd\/wp-content\/uploads\/2017\/11\/05112010-arquivoalunos1.jpg 580w, https:\/\/noticiasemdestaque.com\/cd\/wp-content\/uploads\/2017\/11\/05112010-arquivoalunos1-300x201.jpg 300w, https:\/\/noticiasemdestaque.com\/cd\/wp-content\/uploads\/2017\/11\/05112010-arquivoalunos1-480x320.jpg 480w\" sizes=\"(max-width: 580px) 100vw, 580px\" \/><\/a><\/p>\n<p>Os estudantes concluintes do ensino m\u00e9dio da Escola Estadual Senador Jos\u00e9 Gaud\u00eancio em Serra Branca, bem como professoras e professores, est\u00e3o preparando a mobiliza\u00e7\u00e3o para as \u00faltimas semanas preparat\u00f3rias para o ENEM 2019.<\/p>\n<p>A proposta de intensifica\u00e7\u00e3o das atividades escolares com as turmas de terceiro ano do 2\u00ba grau partiu dos professores, mas foi imediatamente assumida pelas lideran\u00e7as estudantis e agora chega \u00e0s m\u00e3es e pais dos estudantes.<\/p>\n<p>Grupos virtuais foram criados nas redes sociais pelos pr\u00f3prios estudantes para mobilizar seus familiares, o que inspirou um nome para a iniciativa: \u201cENEM em fam\u00edlia\u201d. O prop\u00f3sito \u00e9 que toda a comunidade se envolva com os desafios do ENEM.<\/p>\n<p>\u201cAcreditamos que pais e m\u00e3es tenham grande interesse em que sejamos bem sucedidos nas provas do ENEM, afinal, quando nos matriculam e nos mant\u00eam na escola \u00e9 porque apostam no nosso potencial como jovens\u201d, ponderou Maycon Hyan, presidente do Gr\u00eamio Estudantil da escola.<\/p>\n<p>A partir desta sexta-feira, 30 de agosto, no pr\u00f3prio hor\u00e1rio das aulas, as turmas concluintes ter\u00e3o atividades espec\u00edficas para o ENEM e isto se repetir\u00e1 semanalmente at\u00e9 \u00e0s v\u00e9speras das provas, com a resolu\u00e7\u00e3o de quest\u00f5es simuladas, di\u00e1logos e exposi\u00e7\u00f5es sobre as \u00e1reas de conhecimento previstos no certame nacional executado pelo MEC.<\/p>\n<p>As provas do ENEM \u2013 Exame Nacional do Ensino M\u00e9dio, que \u00e9 o acesso aos cursos de gradua\u00e7\u00e3o das universidades p\u00fablicas \u2013 est\u00e3o marcadas para as datas de 03 e 10 de novembro.<\/p>\n<p>&nbsp;<\/p>\n","protected":false},"excerpt":{"rendered":"<p>Os estudantes concluintes do ensino m\u00e9dio da Escola Estadual Senador Jos\u00e9 Gaud\u00eancio em Serra Branca, bem como professoras e professores, est\u00e3o preparando a mobiliza\u00e7\u00e3o para as \u00faltimas semanas preparat\u00f3rias para o ENEM 2019. A proposta de intensifica\u00e7\u00e3o das atividades escolares com as turmas de terceiro ano do 2\u00ba grau partiu dos professores, mas foi imediatamente assumida pelas lideran\u00e7as estudantis e agora chega \u00e0s m\u00e3es e pais dos estudantes. Grupos virtuais foram criados nas redes sociais pelos pr\u00f3prios estudantes para mobilizar seus familiares, o que inspirou um nome para a iniciativa: \u201cENEM em fam\u00edlia\u201d. O prop\u00f3sito \u00e9 que toda a comunidade se envolva com os desafios do ENEM. \u201cAcreditamos que pais e m\u00e3es tenham grande interesse em que sejamos bem sucedidos nas provas do ENEM, afinal, quando nos matriculam e nos mant\u00eam na escola \u00e9 porque apostam no nosso potencial como jovens\u201d, ponderou Maycon Hyan, presidente do Gr\u00eamio Estudantil da escola. A partir desta sexta-feira, 30 de agosto, no pr\u00f3prio hor\u00e1rio das aulas, as turmas concluintes ter\u00e3o atividades espec\u00edficas para o ENEM e isto se repetir\u00e1 semanalmente at\u00e9 \u00e0s v\u00e9speras das provas, com a resolu\u00e7\u00e3o de quest\u00f5es simuladas, di\u00e1logos e exposi\u00e7\u00f5es sobre as \u00e1reas de conhecimento previstos no certame nacional executado pelo MEC. As provas do ENEM \u2013 Exame Nacional do Ensino M\u00e9dio, que \u00e9 o acesso aos cursos de gradua\u00e7\u00e3o das universidades p\u00fablicas \u2013 est\u00e3o marcadas para as datas de 03 e 10 de novembro. &nbsp;<\/p>\n","protected":false},"author":2,"featured_media":6151,"comment_status":"closed","ping_status":"open","sticky":false,"template":"","format":"standard","meta":{"_eb_attr":"","_jetpack_memberships_contains_paid_content":false,"footnotes":""},"categories":[6],"tags":[],"class_list":["post-19334","post","type-post","status-publish","format-standard","has-post-thumbnail","hentry","category-educacao"],"yoast_head":"<!-- This site is optimized with the Yoast SEO plugin v26.5 - https:\/\/yoast.com\/wordpress\/plugins\/seo\/ -->\n<title>Em Serra Branca: Escola Senador Jos\u00e9 Gaud\u00eancio entra na reta final para o ENEM 2019 - Not&iacute;cias em Destaque<\/title>\n<meta name=\"robots\" content=\"index, follow, max-snippet:-1, max-image-preview:large, max-video-preview:-1\" \/>\n<link rel=\"canonical\" href=\"https:\/\/noticiasemdestaque.com\/cd\/?p=19334\" \/>\n<meta property=\"og:locale\" content=\"pt_BR\" \/>\n<meta property=\"og:type\" content=\"article\" \/>\n<meta property=\"og:title\" content=\"Em Serra Branca: Escola Senador Jos\u00e9 Gaud\u00eancio entra na reta final para o ENEM 2019 - Not&iacute;cias em Destaque\" \/>\n<meta property=\"og:description\" content=\"Os estudantes concluintes do ensino m\u00e9dio da Escola Estadual Senador Jos\u00e9 Gaud\u00eancio em Serra Branca, bem como professoras e professores, est\u00e3o preparando a mobiliza\u00e7\u00e3o para as \u00faltimas semanas preparat\u00f3rias para o ENEM 2019. A proposta de intensifica\u00e7\u00e3o das atividades escolares com as turmas de terceiro ano do 2\u00ba grau partiu dos professores, mas foi imediatamente assumida pelas lideran\u00e7as estudantis e agora chega \u00e0s m\u00e3es e pais dos estudantes. Grupos virtuais foram criados nas redes sociais pelos pr\u00f3prios estudantes para mobilizar seus familiares, o que inspirou um nome para a iniciativa: \u201cENEM em fam\u00edlia\u201d. O prop\u00f3sito \u00e9 que toda a comunidade se envolva com os desafios do ENEM. \u201cAcreditamos que pais e m\u00e3es tenham grande interesse em que sejamos bem sucedidos nas provas do ENEM, afinal, quando nos matriculam e nos mant\u00eam na escola \u00e9 porque apostam no nosso potencial como jovens\u201d, ponderou Maycon Hyan, presidente do Gr\u00eamio Estudantil da escola. A partir desta sexta-feira, 30 de agosto, no pr\u00f3prio hor\u00e1rio das aulas, as turmas concluintes ter\u00e3o atividades espec\u00edficas para o ENEM e isto se repetir\u00e1 semanalmente at\u00e9 \u00e0s v\u00e9speras das provas, com a resolu\u00e7\u00e3o de quest\u00f5es simuladas, di\u00e1logos e exposi\u00e7\u00f5es sobre as \u00e1reas de conhecimento previstos no certame nacional executado pelo MEC. As provas do ENEM \u2013 Exame Nacional do Ensino M\u00e9dio, que \u00e9 o acesso aos cursos de gradua\u00e7\u00e3o das universidades p\u00fablicas \u2013 est\u00e3o marcadas para as datas de 03 e 10 de novembro. &nbsp;\" \/>\n<meta property=\"og:url\" content=\"https:\/\/noticiasemdestaque.com\/cd\/?p=19334\" \/>\n<meta property=\"og:site_name\" content=\"Not&iacute;cias em Destaque\" \/>\n<meta property=\"article:published_time\" content=\"2019-08-27T10:23:12+00:00\" \/>\n<meta property=\"og:image\" content=\"https:\/\/noticiasemdestaque.com\/cd\/wp-content\/uploads\/2017\/11\/05112010-arquivoalunos1.jpg\" \/>\n\t<meta property=\"og:image:width\" content=\"580\" \/>\n\t<meta property=\"og:image:height\" content=\"388\" \/>\n\t<meta property=\"og:image:type\" content=\"image\/jpeg\" \/>\n<meta name=\"author\" content=\"Not\u00edcias em Destaque\" \/>\n<meta name=\"twitter:card\" content=\"summary_large_image\" \/>\n<meta name=\"twitter:label1\" content=\"Escrito por\" \/>\n\t<meta name=\"twitter:data1\" content=\"Not\u00edcias em Destaque\" \/>\n\t<meta name=\"twitter:label2\" content=\"Est. tempo de leitura\" \/>\n\t<meta name=\"twitter:data2\" content=\"1 minuto\" \/>\n<script type=\"application\/ld+json\" class=\"yoast-schema-graph\">{\"@context\":\"https:\/\/schema.org\",\"@graph\":[{\"@type\":\"Article\",\"@id\":\"https:\/\/noticiasemdestaque.com\/cd\/?p=19334#article\",\"isPartOf\":{\"@id\":\"https:\/\/noticiasemdestaque.com\/cd\/?p=19334\"},\"author\":{\"name\":\"Not\u00edcias em Destaque\",\"@id\":\"https:\/\/noticiasemdestaque.com\/cd\/#\/schema\/person\/3e6ba396ff5664a69c392f09a8e1504c\"},\"headline\":\"Em Serra Branca: Escola Senador Jos\u00e9 Gaud\u00eancio entra na reta final para o ENEM 2019\",\"datePublished\":\"2019-08-27T10:23:12+00:00\",\"mainEntityOfPage\":{\"@id\":\"https:\/\/noticiasemdestaque.com\/cd\/?p=19334\"},\"wordCount\":268,\"publisher\":{\"@id\":\"https:\/\/noticiasemdestaque.com\/cd\/#organization\"},\"image\":{\"@id\":\"https:\/\/noticiasemdestaque.com\/cd\/?p=19334#primaryimage\"},\"thumbnailUrl\":\"https:\/\/noticiasemdestaque.com\/cd\/wp-content\/uploads\/2017\/11\/05112010-arquivoalunos1.jpg\",\"articleSection\":[\"Educa\u00e7\u00e3o\"],\"inLanguage\":\"pt-BR\"},{\"@type\":\"WebPage\",\"@id\":\"https:\/\/noticiasemdestaque.com\/cd\/?p=19334\",\"url\":\"https:\/\/noticiasemdestaque.com\/cd\/?p=19334\",\"name\":\"Em Serra Branca: Escola Senador Jos\u00e9 Gaud\u00eancio entra na reta final para o ENEM 2019 - Not&iacute;cias em Destaque\",\"isPartOf\":{\"@id\":\"https:\/\/noticiasemdestaque.com\/cd\/#website\"},\"primaryImageOfPage\":{\"@id\":\"https:\/\/noticiasemdestaque.com\/cd\/?p=19334#primaryimage\"},\"image\":{\"@id\":\"https:\/\/noticiasemdestaque.com\/cd\/?p=19334#primaryimage\"},\"thumbnailUrl\":\"https:\/\/noticiasemdestaque.com\/cd\/wp-content\/uploads\/2017\/11\/05112010-arquivoalunos1.jpg\",\"datePublished\":\"2019-08-27T10:23:12+00:00\",\"breadcrumb\":{\"@id\":\"https:\/\/noticiasemdestaque.com\/cd\/?p=19334#breadcrumb\"},\"inLanguage\":\"pt-BR\",\"potentialAction\":[{\"@type\":\"ReadAction\",\"target\":[\"https:\/\/noticiasemdestaque.com\/cd\/?p=19334\"]}]},{\"@type\":\"ImageObject\",\"inLanguage\":\"pt-BR\",\"@id\":\"https:\/\/noticiasemdestaque.com\/cd\/?p=19334#primaryimage\",\"url\":\"https:\/\/noticiasemdestaque.com\/cd\/wp-content\/uploads\/2017\/11\/05112010-arquivoalunos1.jpg\",\"contentUrl\":\"https:\/\/noticiasemdestaque.com\/cd\/wp-content\/uploads\/2017\/11\/05112010-arquivoalunos1.jpg\",\"width\":580,\"height\":388},{\"@type\":\"BreadcrumbList\",\"@id\":\"https:\/\/noticiasemdestaque.com\/cd\/?p=19334#breadcrumb\",\"itemListElement\":[{\"@type\":\"ListItem\",\"position\":1,\"name\":\"In\u00edcio\",\"item\":\"https:\/\/noticiasemdestaque.com\/cd\/\"},{\"@type\":\"ListItem\",\"position\":2,\"name\":\"Em Serra Branca: Escola Senador Jos\u00e9 Gaud\u00eancio entra na reta final para o ENEM 2019\"}]},{\"@type\":\"WebSite\",\"@id\":\"https:\/\/noticiasemdestaque.com\/cd\/#website\",\"url\":\"https:\/\/noticiasemdestaque.com\/cd\/\",\"name\":\"Not&iacute;cias em Destaque\",\"description\":\"\",\"publisher\":{\"@id\":\"https:\/\/noticiasemdestaque.com\/cd\/#organization\"},\"potentialAction\":[{\"@type\":\"SearchAction\",\"target\":{\"@type\":\"EntryPoint\",\"urlTemplate\":\"https:\/\/noticiasemdestaque.com\/cd\/?s={search_term_string}\"},\"query-input\":{\"@type\":\"PropertyValueSpecification\",\"valueRequired\":true,\"valueName\":\"search_term_string\"}}],\"inLanguage\":\"pt-BR\"},{\"@type\":\"Organization\",\"@id\":\"https:\/\/noticiasemdestaque.com\/cd\/#organization\",\"name\":\"Not\u00edcias em Destaque\",\"url\":\"https:\/\/noticiasemdestaque.com\/cd\/\",\"logo\":{\"@type\":\"ImageObject\",\"inLanguage\":\"pt-BR\",\"@id\":\"https:\/\/noticiasemdestaque.com\/cd\/#\/schema\/logo\/image\/\",\"url\":\"https:\/\/noticiasemdestaque.com\/cd\/wp-content\/uploads\/2022\/05\/imagem-base-noticiasemdestaque.png\",\"contentUrl\":\"https:\/\/noticiasemdestaque.com\/cd\/wp-content\/uploads\/2022\/05\/imagem-base-noticiasemdestaque.png\",\"width\":1200,\"height\":630,\"caption\":\"Not\u00edcias em Destaque\"},\"image\":{\"@id\":\"https:\/\/noticiasemdestaque.com\/cd\/#\/schema\/logo\/image\/\"}},{\"@type\":\"Person\",\"@id\":\"https:\/\/noticiasemdestaque.com\/cd\/#\/schema\/person\/3e6ba396ff5664a69c392f09a8e1504c\",\"name\":\"Not\u00edcias em Destaque\",\"url\":\"https:\/\/noticiasemdestaque.com\/cd\/?author=2\"}]}<\/script>\n<!-- \/ Yoast SEO plugin. -->","yoast_head_json":{"title":"Em Serra Branca: Escola Senador Jos\u00e9 Gaud\u00eancio entra na reta final para o ENEM 2019 - Not&iacute;cias em Destaque","robots":{"index":"index","follow":"follow","max-snippet":"max-snippet:-1","max-image-preview":"max-image-preview:large","max-video-preview":"max-video-preview:-1"},"canonical":"https:\/\/noticiasemdestaque.com\/cd\/?p=19334","og_locale":"pt_BR","og_type":"article","og_title":"Em Serra Branca: Escola Senador Jos\u00e9 Gaud\u00eancio entra na reta final para o ENEM 2019 - Not&iacute;cias em Destaque","og_description":"Os estudantes concluintes do ensino m\u00e9dio da Escola Estadual Senador Jos\u00e9 Gaud\u00eancio em Serra Branca, bem como professoras e professores, est\u00e3o preparando a mobiliza\u00e7\u00e3o para as \u00faltimas semanas preparat\u00f3rias para o ENEM 2019. A proposta de intensifica\u00e7\u00e3o das atividades escolares com as turmas de terceiro ano do 2\u00ba grau partiu dos professores, mas foi imediatamente assumida pelas lideran\u00e7as estudantis e agora chega \u00e0s m\u00e3es e pais dos estudantes. Grupos virtuais foram criados nas redes sociais pelos pr\u00f3prios estudantes para mobilizar seus familiares, o que inspirou um nome para a iniciativa: \u201cENEM em fam\u00edlia\u201d. O prop\u00f3sito \u00e9 que toda a comunidade se envolva com os desafios do ENEM. \u201cAcreditamos que pais e m\u00e3es tenham grande interesse em que sejamos bem sucedidos nas provas do ENEM, afinal, quando nos matriculam e nos mant\u00eam na escola \u00e9 porque apostam no nosso potencial como jovens\u201d, ponderou Maycon Hyan, presidente do Gr\u00eamio Estudantil da escola. A partir desta sexta-feira, 30 de agosto, no pr\u00f3prio hor\u00e1rio das aulas, as turmas concluintes ter\u00e3o atividades espec\u00edficas para o ENEM e isto se repetir\u00e1 semanalmente at\u00e9 \u00e0s v\u00e9speras das provas, com a resolu\u00e7\u00e3o de quest\u00f5es simuladas, di\u00e1logos e exposi\u00e7\u00f5es sobre as \u00e1reas de conhecimento previstos no certame nacional executado pelo MEC. As provas do ENEM \u2013 Exame Nacional do Ensino M\u00e9dio, que \u00e9 o acesso aos cursos de gradua\u00e7\u00e3o das universidades p\u00fablicas \u2013 est\u00e3o marcadas para as datas de 03 e 10 de novembro. &nbsp;","og_url":"https:\/\/noticiasemdestaque.com\/cd\/?p=19334","og_site_name":"Not&iacute;cias em Destaque","article_published_time":"2019-08-27T10:23:12+00:00","og_image":[{"width":580,"height":388,"url":"https:\/\/noticiasemdestaque.com\/cd\/wp-content\/uploads\/2017\/11\/05112010-arquivoalunos1.jpg","type":"image\/jpeg"}],"author":"Not\u00edcias em Destaque","twitter_card":"summary_large_image","twitter_misc":{"Escrito por":"Not\u00edcias em Destaque","Est. tempo de leitura":"1 minuto"},"schema":{"@context":"https:\/\/schema.org","@graph":[{"@type":"Article","@id":"https:\/\/noticiasemdestaque.com\/cd\/?p=19334#article","isPartOf":{"@id":"https:\/\/noticiasemdestaque.com\/cd\/?p=19334"},"author":{"name":"Not\u00edcias em Destaque","@id":"https:\/\/noticiasemdestaque.com\/cd\/#\/schema\/person\/3e6ba396ff5664a69c392f09a8e1504c"},"headline":"Em Serra Branca: Escola Senador Jos\u00e9 Gaud\u00eancio entra na reta final para o ENEM 2019","datePublished":"2019-08-27T10:23:12+00:00","mainEntityOfPage":{"@id":"https:\/\/noticiasemdestaque.com\/cd\/?p=19334"},"wordCount":268,"publisher":{"@id":"https:\/\/noticiasemdestaque.com\/cd\/#organization"},"image":{"@id":"https:\/\/noticiasemdestaque.com\/cd\/?p=19334#primaryimage"},"thumbnailUrl":"https:\/\/noticiasemdestaque.com\/cd\/wp-content\/uploads\/2017\/11\/05112010-arquivoalunos1.jpg","articleSection":["Educa\u00e7\u00e3o"],"inLanguage":"pt-BR"},{"@type":"WebPage","@id":"https:\/\/noticiasemdestaque.com\/cd\/?p=19334","url":"https:\/\/noticiasemdestaque.com\/cd\/?p=19334","name":"Em Serra Branca: Escola Senador Jos\u00e9 Gaud\u00eancio entra na reta final para o ENEM 2019 - Not&iacute;cias em Destaque","isPartOf":{"@id":"https:\/\/noticiasemdestaque.com\/cd\/#website"},"primaryImageOfPage":{"@id":"https:\/\/noticiasemdestaque.com\/cd\/?p=19334#primaryimage"},"image":{"@id":"https:\/\/noticiasemdestaque.com\/cd\/?p=19334#primaryimage"},"thumbnailUrl":"https:\/\/noticiasemdestaque.com\/cd\/wp-content\/uploads\/2017\/11\/05112010-arquivoalunos1.jpg","datePublished":"2019-08-27T10:23:12+00:00","breadcrumb":{"@id":"https:\/\/noticiasemdestaque.com\/cd\/?p=19334#breadcrumb"},"inLanguage":"pt-BR","potentialAction":[{"@type":"ReadAction","target":["https:\/\/noticiasemdestaque.com\/cd\/?p=19334"]}]},{"@type":"ImageObject","inLanguage":"pt-BR","@id":"https:\/\/noticiasemdestaque.com\/cd\/?p=19334#primaryimage","url":"https:\/\/noticiasemdestaque.com\/cd\/wp-content\/uploads\/2017\/11\/05112010-arquivoalunos1.jpg","contentUrl":"https:\/\/noticiasemdestaque.com\/cd\/wp-content\/uploads\/2017\/11\/05112010-arquivoalunos1.jpg","width":580,"height":388},{"@type":"BreadcrumbList","@id":"https:\/\/noticiasemdestaque.com\/cd\/?p=19334#breadcrumb","itemListElement":[{"@type":"ListItem","position":1,"name":"In\u00edcio","item":"https:\/\/noticiasemdestaque.com\/cd\/"},{"@type":"ListItem","position":2,"name":"Em Serra Branca: Escola Senador Jos\u00e9 Gaud\u00eancio entra na reta final para o ENEM 2019"}]},{"@type":"WebSite","@id":"https:\/\/noticiasemdestaque.com\/cd\/#website","url":"https:\/\/noticiasemdestaque.com\/cd\/","name":"Not&iacute;cias em Destaque","description":"","publisher":{"@id":"https:\/\/noticiasemdestaque.com\/cd\/#organization"},"potentialAction":[{"@type":"SearchAction","target":{"@type":"EntryPoint","urlTemplate":"https:\/\/noticiasemdestaque.com\/cd\/?s={search_term_string}"},"query-input":{"@type":"PropertyValueSpecification","valueRequired":true,"valueName":"search_term_string"}}],"inLanguage":"pt-BR"},{"@type":"Organization","@id":"https:\/\/noticiasemdestaque.com\/cd\/#organization","name":"Not\u00edcias em Destaque","url":"https:\/\/noticiasemdestaque.com\/cd\/","logo":{"@type":"ImageObject","inLanguage":"pt-BR","@id":"https:\/\/noticiasemdestaque.com\/cd\/#\/schema\/logo\/image\/","url":"https:\/\/noticiasemdestaque.com\/cd\/wp-content\/uploads\/2022\/05\/imagem-base-noticiasemdestaque.png","contentUrl":"https:\/\/noticiasemdestaque.com\/cd\/wp-content\/uploads\/2022\/05\/imagem-base-noticiasemdestaque.png","width":1200,"height":630,"caption":"Not\u00edcias em Destaque"},"image":{"@id":"https:\/\/noticiasemdestaque.com\/cd\/#\/schema\/logo\/image\/"}},{"@type":"Person","@id":"https:\/\/noticiasemdestaque.com\/cd\/#\/schema\/person\/3e6ba396ff5664a69c392f09a8e1504c","name":"Not\u00edcias em Destaque","url":"https:\/\/noticiasemdestaque.com\/cd\/?author=2"}]}},"jetpack_featured_media_url":"https:\/\/noticiasemdestaque.com\/cd\/wp-content\/uploads\/2017\/11\/05112010-arquivoalunos1.jpg","jetpack_sharing_enabled":true,"_links":{"self":[{"href":"https:\/\/noticiasemdestaque.com\/cd\/index.php?rest_route=\/wp\/v2\/posts\/19334","targetHints":{"allow":["GET"]}}],"collection":[{"href":"https:\/\/noticiasemdestaque.com\/cd\/index.php?rest_route=\/wp\/v2\/posts"}],"about":[{"href":"https:\/\/noticiasemdestaque.com\/cd\/index.php?rest_route=\/wp\/v2\/types\/post"}],"author":[{"embeddable":true,"href":"https:\/\/noticiasemdestaque.com\/cd\/index.php?rest_route=\/wp\/v2\/users\/2"}],"replies":[{"embeddable":true,"href":"https:\/\/noticiasemdestaque.com\/cd\/index.php?rest_route=%2Fwp%2Fv2%2Fcomments&post=19334"}],"version-history":[{"count":1,"href":"https:\/\/noticiasemdestaque.com\/cd\/index.php?rest_route=\/wp\/v2\/posts\/19334\/revisions"}],"predecessor-version":[{"id":19335,"href":"https:\/\/noticiasemdestaque.com\/cd\/index.php?rest_route=\/wp\/v2\/posts\/19334\/revisions\/19335"}],"wp:featuredmedia":[{"embeddable":true,"href":"https:\/\/noticiasemdestaque.com\/cd\/index.php?rest_route=\/wp\/v2\/media\/6151"}],"wp:attachment":[{"href":"https:\/\/noticiasemdestaque.com\/cd\/index.php?rest_route=%2Fwp%2Fv2%2Fmedia&parent=19334"}],"wp:term":[{"taxonomy":"category","embeddable":true,"href":"https:\/\/noticiasemdestaque.com\/cd\/index.php?rest_route=%2Fwp%2Fv2%2Fcategories&post=19334"},{"taxonomy":"post_tag","embeddable":true,"href":"https:\/\/noticiasemdestaque.com\/cd\/index.php?rest_route=%2Fwp%2Fv2%2Ftags&post=19334"}],"curies":[{"name":"wp","href":"https:\/\/api.w.org\/{rel}","templated":true}]}}