{"id":19331,"date":"2019-08-27T07:07:37","date_gmt":"2019-08-27T10:07:37","guid":{"rendered":"http:\/\/noticiasemdestaque.com\/cd\/?p=19331"},"modified":"2019-08-27T07:07:37","modified_gmt":"2019-08-27T10:07:37","slug":"prefeitos-e-secretarios-de-saude-discutem-crise-financeira-do-hospital-de-serra-branca","status":"publish","type":"post","link":"https:\/\/noticiasemdestaque.com\/cd\/?p=19331","title":{"rendered":"Prefeitos e Secret\u00e1rios de Sa\u00fade discutem crise financeira do Hospital de Serra Branca"},"content":{"rendered":"<p><a href=\"https:\/\/noticiasemdestaque.com\/cd\/wp-content\/uploads\/2019\/08\/reuni\u00e3o.jpg\"><img fetchpriority=\"high\" decoding=\"async\" class=\"alignnone size-full wp-image-19332\" src=\"https:\/\/noticiasemdestaque.com\/cd\/wp-content\/uploads\/2019\/08\/reuni\u00e3o.jpg\" alt=\"\" width=\"547\" height=\"398\" srcset=\"https:\/\/noticiasemdestaque.com\/cd\/wp-content\/uploads\/2019\/08\/reuni\u00e3o.jpg 547w, https:\/\/noticiasemdestaque.com\/cd\/wp-content\/uploads\/2019\/08\/reuni\u00e3o-300x218.jpg 300w\" sizes=\"(max-width: 547px) 100vw, 547px\" \/><\/a><\/p>\n<p>A crise enfrentada pelo Hospital de Serra Branca foi o tema de mais uma reuni\u00e3o provocada pela Prefeitura de Serra Branca nesta segunda-feira (26). O encontro aconteceu no audit\u00f3rio da Secretaria de Sa\u00fade e contou com os prefeitos de Souzinha (Serra Branca), Givaldo Limeira ( Coxixola) e Jefferson Roberto (S\u00e3o Jos\u00e9 dos Cordeiros), al\u00e9m dos secret\u00e1rios de sa\u00fade de Gurj\u00e3o, S\u00e3o Jo\u00e3o do Cariri, Parari, Santo Andr\u00e9, Coxixola e S\u00e3o Jos\u00e9 dos Cordeiros.<\/p>\n<p>Na reuni\u00e3o, a anfitri\u00e3 e secret\u00e1ria de sa\u00fade de Serra Branca, M\u00e1rcia Dantas, exp\u00f4s o demonstrativo financeiro de despesas e receitas do hospital e apresentou o d\u00e9ficit que a cidade de Serra Branca est\u00e1 acumulando, em condi\u00e7\u00e3o de sufocamento or\u00e7ament\u00e1rio. \u201cEstamos aqui expondo o problema para todos voc\u00eas, pois se nada for feito, o hospital come\u00e7ar\u00e1 a limitar o atendimento, o que n\u00e3o \u00e9 o desejado, ou at\u00e9 fechar de vez as portas sem financiamento\u201d, afirmou a auxiliar.<\/p>\n<p>O prefeito Souzinha disse que a Prefeitura tem feito um esfor\u00e7o sobrenatural para manter o hospital e infelizmente as garantias de repasse extra por parte do Governo do Estado tem ficado apenas na promessa. \u201cO Governador \u00e9 sempre sens\u00edvel a nossa causa, mas infelizmente a sensibilidade continua no discurso e n\u00e3o tem partido para a pr\u00e1tica. Enquanto isso, \u00f3rg\u00e3os de fiscaliza\u00e7\u00e3o t\u00eam nos autuado, as despesas s\u00f3 aumentam e nosso recurso s\u00f3 diminui. Essa matem\u00e1tica n\u00e3o fecha e a popula\u00e7\u00e3o j\u00e1 est\u00e1 come\u00e7ando a sofrer as consequ\u00eancias\u201d.<\/p>\n<p>O prefeito Givaldo Limeira sugeriu que um documento da Secretaria de Sa\u00fade seja formulado com a necessidade de complementa\u00e7\u00e3o financeira para o hospital. Esse documento ser\u00e1 entregue em m\u00e3os ao governador numa audi\u00eancia com pelo menos 7 prefeitos das cidades diretamente assistidas pelo hospital. O encontro vai ser agendado de forma urgente e segundo o prefeito Jefferson Roberto, o deputado Adriano Galdino j\u00e1 se colocou a disposi\u00e7\u00e3o para fazer a ponte para essa audi\u00eancia.<\/p>\n<p>Para se ter uma ideia do rombo nas contas do hospital, o t\u00e9cnico da secretaria de sa\u00fade mostrou que enquanto em 2018 a unidade recebeu cerca de R$ 900 mil de refer\u00eancia dos demais munic\u00edpios, apenas nos 6 primeiros meses deste ano, a unidade gastou 1,5 milh\u00e3o com insumos. \u201cO governador precisa entender que os hospitais de Serra Branca e Sum\u00e9, apesar de n\u00e3o ter o t\u00edtulo, s\u00e3o na pr\u00e1tica hospitais regionais\u201d, pontuou o t\u00e9cnico Marivaldo.<\/p>\n<p>&nbsp;<\/p>\n","protected":false},"excerpt":{"rendered":"<p>A crise enfrentada pelo Hospital de Serra Branca foi o tema de mais uma reuni\u00e3o provocada pela Prefeitura de Serra Branca nesta segunda-feira (26). O encontro aconteceu no audit\u00f3rio da Secretaria de Sa\u00fade e contou com os prefeitos de Souzinha (Serra Branca), Givaldo Limeira ( Coxixola) e Jefferson Roberto (S\u00e3o Jos\u00e9 dos Cordeiros), al\u00e9m dos secret\u00e1rios de sa\u00fade de Gurj\u00e3o, S\u00e3o Jo\u00e3o do Cariri, Parari, Santo Andr\u00e9, Coxixola e S\u00e3o Jos\u00e9 dos Cordeiros. Na reuni\u00e3o, a anfitri\u00e3 e secret\u00e1ria de sa\u00fade de Serra Branca, M\u00e1rcia Dantas, exp\u00f4s o demonstrativo financeiro de despesas e receitas do hospital e apresentou o d\u00e9ficit que a cidade de Serra Branca est\u00e1 acumulando, em condi\u00e7\u00e3o de sufocamento or\u00e7ament\u00e1rio. \u201cEstamos aqui expondo o problema para todos voc\u00eas, pois se nada for feito, o hospital come\u00e7ar\u00e1 a limitar o atendimento, o que n\u00e3o \u00e9 o desejado, ou at\u00e9 fechar de vez as portas sem financiamento\u201d, afirmou a auxiliar. O prefeito Souzinha disse que a Prefeitura tem feito um esfor\u00e7o sobrenatural para manter o hospital e infelizmente as garantias de repasse extra por parte do Governo do Estado tem ficado apenas na promessa. \u201cO Governador \u00e9 sempre sens\u00edvel a nossa causa, mas infelizmente a sensibilidade continua no discurso e n\u00e3o tem partido para a pr\u00e1tica. Enquanto isso, \u00f3rg\u00e3os de fiscaliza\u00e7\u00e3o t\u00eam nos autuado, as despesas s\u00f3 aumentam e nosso recurso s\u00f3 diminui. Essa matem\u00e1tica n\u00e3o fecha e a popula\u00e7\u00e3o j\u00e1 est\u00e1 come\u00e7ando a sofrer as consequ\u00eancias\u201d. O prefeito Givaldo Limeira sugeriu que um documento da Secretaria de Sa\u00fade seja formulado com a necessidade de complementa\u00e7\u00e3o financeira para o hospital. Esse documento ser\u00e1 entregue em m\u00e3os ao governador numa audi\u00eancia com pelo menos 7 prefeitos das cidades diretamente assistidas pelo hospital. O encontro vai ser agendado de forma urgente e segundo o prefeito Jefferson Roberto, o deputado Adriano Galdino j\u00e1 se colocou a disposi\u00e7\u00e3o para fazer a ponte para essa audi\u00eancia. Para se ter uma ideia do rombo nas contas do hospital, o t\u00e9cnico da secretaria de sa\u00fade mostrou que enquanto em 2018 a unidade recebeu cerca de R$ 900 mil de refer\u00eancia dos demais munic\u00edpios, apenas nos 6 primeiros meses deste ano, a unidade gastou 1,5 milh\u00e3o com insumos. \u201cO governador precisa entender que os hospitais de Serra Branca e Sum\u00e9, apesar de n\u00e3o ter o t\u00edtulo, s\u00e3o na pr\u00e1tica hospitais regionais\u201d, pontuou o t\u00e9cnico Marivaldo. &nbsp;<\/p>\n","protected":false},"author":2,"featured_media":19332,"comment_status":"closed","ping_status":"open","sticky":false,"template":"","format":"standard","meta":{"_eb_attr":"","_jetpack_memberships_contains_paid_content":false,"footnotes":""},"categories":[4],"tags":[],"class_list":["post-19331","post","type-post","status-publish","format-standard","has-post-thumbnail","hentry","category-politica"],"yoast_head":"<!-- This site is optimized with the Yoast SEO plugin v26.5 - https:\/\/yoast.com\/wordpress\/plugins\/seo\/ -->\n<title>Prefeitos e Secret\u00e1rios de Sa\u00fade discutem crise financeira do Hospital de Serra Branca - Not&iacute;cias em Destaque<\/title>\n<meta name=\"robots\" content=\"index, follow, max-snippet:-1, max-image-preview:large, max-video-preview:-1\" \/>\n<link rel=\"canonical\" href=\"https:\/\/noticiasemdestaque.com\/cd\/?p=19331\" \/>\n<meta property=\"og:locale\" content=\"pt_BR\" \/>\n<meta property=\"og:type\" content=\"article\" \/>\n<meta property=\"og:title\" content=\"Prefeitos e Secret\u00e1rios de Sa\u00fade discutem crise financeira do Hospital de Serra Branca - Not&iacute;cias em Destaque\" \/>\n<meta property=\"og:description\" content=\"A crise enfrentada pelo Hospital de Serra Branca foi o tema de mais uma reuni\u00e3o provocada pela Prefeitura de Serra Branca nesta segunda-feira (26). O encontro aconteceu no audit\u00f3rio da Secretaria de Sa\u00fade e contou com os prefeitos de Souzinha (Serra Branca), Givaldo Limeira ( Coxixola) e Jefferson Roberto (S\u00e3o Jos\u00e9 dos Cordeiros), al\u00e9m dos secret\u00e1rios de sa\u00fade de Gurj\u00e3o, S\u00e3o Jo\u00e3o do Cariri, Parari, Santo Andr\u00e9, Coxixola e S\u00e3o Jos\u00e9 dos Cordeiros. Na reuni\u00e3o, a anfitri\u00e3 e secret\u00e1ria de sa\u00fade de Serra Branca, M\u00e1rcia Dantas, exp\u00f4s o demonstrativo financeiro de despesas e receitas do hospital e apresentou o d\u00e9ficit que a cidade de Serra Branca est\u00e1 acumulando, em condi\u00e7\u00e3o de sufocamento or\u00e7ament\u00e1rio. \u201cEstamos aqui expondo o problema para todos voc\u00eas, pois se nada for feito, o hospital come\u00e7ar\u00e1 a limitar o atendimento, o que n\u00e3o \u00e9 o desejado, ou at\u00e9 fechar de vez as portas sem financiamento\u201d, afirmou a auxiliar. O prefeito Souzinha disse que a Prefeitura tem feito um esfor\u00e7o sobrenatural para manter o hospital e infelizmente as garantias de repasse extra por parte do Governo do Estado tem ficado apenas na promessa. \u201cO Governador \u00e9 sempre sens\u00edvel a nossa causa, mas infelizmente a sensibilidade continua no discurso e n\u00e3o tem partido para a pr\u00e1tica. Enquanto isso, \u00f3rg\u00e3os de fiscaliza\u00e7\u00e3o t\u00eam nos autuado, as despesas s\u00f3 aumentam e nosso recurso s\u00f3 diminui. Essa matem\u00e1tica n\u00e3o fecha e a popula\u00e7\u00e3o j\u00e1 est\u00e1 come\u00e7ando a sofrer as consequ\u00eancias\u201d. O prefeito Givaldo Limeira sugeriu que um documento da Secretaria de Sa\u00fade seja formulado com a necessidade de complementa\u00e7\u00e3o financeira para o hospital. Esse documento ser\u00e1 entregue em m\u00e3os ao governador numa audi\u00eancia com pelo menos 7 prefeitos das cidades diretamente assistidas pelo hospital. O encontro vai ser agendado de forma urgente e segundo o prefeito Jefferson Roberto, o deputado Adriano Galdino j\u00e1 se colocou a disposi\u00e7\u00e3o para fazer a ponte para essa audi\u00eancia. Para se ter uma ideia do rombo nas contas do hospital, o t\u00e9cnico da secretaria de sa\u00fade mostrou que enquanto em 2018 a unidade recebeu cerca de R$ 900 mil de refer\u00eancia dos demais munic\u00edpios, apenas nos 6 primeiros meses deste ano, a unidade gastou 1,5 milh\u00e3o com insumos. \u201cO governador precisa entender que os hospitais de Serra Branca e Sum\u00e9, apesar de n\u00e3o ter o t\u00edtulo, s\u00e3o na pr\u00e1tica hospitais regionais\u201d, pontuou o t\u00e9cnico Marivaldo. &nbsp;\" \/>\n<meta property=\"og:url\" content=\"https:\/\/noticiasemdestaque.com\/cd\/?p=19331\" \/>\n<meta property=\"og:site_name\" content=\"Not&iacute;cias em Destaque\" \/>\n<meta property=\"article:published_time\" content=\"2019-08-27T10:07:37+00:00\" \/>\n<meta property=\"og:image\" content=\"https:\/\/noticiasemdestaque.com\/cd\/wp-content\/uploads\/2019\/08\/reuni\u00e3o.jpg\" \/>\n\t<meta property=\"og:image:width\" content=\"547\" \/>\n\t<meta property=\"og:image:height\" content=\"398\" \/>\n\t<meta property=\"og:image:type\" content=\"image\/jpeg\" \/>\n<meta name=\"author\" content=\"Not\u00edcias em Destaque\" \/>\n<meta name=\"twitter:card\" content=\"summary_large_image\" \/>\n<meta name=\"twitter:label1\" content=\"Escrito por\" \/>\n\t<meta name=\"twitter:data1\" content=\"Not\u00edcias em Destaque\" \/>\n\t<meta name=\"twitter:label2\" content=\"Est. tempo de leitura\" \/>\n\t<meta name=\"twitter:data2\" content=\"2 minutos\" \/>\n<script type=\"application\/ld+json\" class=\"yoast-schema-graph\">{\"@context\":\"https:\/\/schema.org\",\"@graph\":[{\"@type\":\"Article\",\"@id\":\"https:\/\/noticiasemdestaque.com\/cd\/?p=19331#article\",\"isPartOf\":{\"@id\":\"https:\/\/noticiasemdestaque.com\/cd\/?p=19331\"},\"author\":{\"name\":\"Not\u00edcias em Destaque\",\"@id\":\"https:\/\/noticiasemdestaque.com\/cd\/#\/schema\/person\/3e6ba396ff5664a69c392f09a8e1504c\"},\"headline\":\"Prefeitos e Secret\u00e1rios de Sa\u00fade discutem crise financeira do Hospital de Serra Branca\",\"datePublished\":\"2019-08-27T10:07:37+00:00\",\"mainEntityOfPage\":{\"@id\":\"https:\/\/noticiasemdestaque.com\/cd\/?p=19331\"},\"wordCount\":446,\"publisher\":{\"@id\":\"https:\/\/noticiasemdestaque.com\/cd\/#organization\"},\"image\":{\"@id\":\"https:\/\/noticiasemdestaque.com\/cd\/?p=19331#primaryimage\"},\"thumbnailUrl\":\"https:\/\/noticiasemdestaque.com\/cd\/wp-content\/uploads\/2019\/08\/reuni\u00e3o.jpg\",\"articleSection\":[\"Pol\u00edtica\"],\"inLanguage\":\"pt-BR\"},{\"@type\":\"WebPage\",\"@id\":\"https:\/\/noticiasemdestaque.com\/cd\/?p=19331\",\"url\":\"https:\/\/noticiasemdestaque.com\/cd\/?p=19331\",\"name\":\"Prefeitos e Secret\u00e1rios de Sa\u00fade discutem crise financeira do Hospital de Serra Branca - Not&iacute;cias em Destaque\",\"isPartOf\":{\"@id\":\"https:\/\/noticiasemdestaque.com\/cd\/#website\"},\"primaryImageOfPage\":{\"@id\":\"https:\/\/noticiasemdestaque.com\/cd\/?p=19331#primaryimage\"},\"image\":{\"@id\":\"https:\/\/noticiasemdestaque.com\/cd\/?p=19331#primaryimage\"},\"thumbnailUrl\":\"https:\/\/noticiasemdestaque.com\/cd\/wp-content\/uploads\/2019\/08\/reuni\u00e3o.jpg\",\"datePublished\":\"2019-08-27T10:07:37+00:00\",\"breadcrumb\":{\"@id\":\"https:\/\/noticiasemdestaque.com\/cd\/?p=19331#breadcrumb\"},\"inLanguage\":\"pt-BR\",\"potentialAction\":[{\"@type\":\"ReadAction\",\"target\":[\"https:\/\/noticiasemdestaque.com\/cd\/?p=19331\"]}]},{\"@type\":\"ImageObject\",\"inLanguage\":\"pt-BR\",\"@id\":\"https:\/\/noticiasemdestaque.com\/cd\/?p=19331#primaryimage\",\"url\":\"https:\/\/noticiasemdestaque.com\/cd\/wp-content\/uploads\/2019\/08\/reuni\u00e3o.jpg\",\"contentUrl\":\"https:\/\/noticiasemdestaque.com\/cd\/wp-content\/uploads\/2019\/08\/reuni\u00e3o.jpg\",\"width\":547,\"height\":398},{\"@type\":\"BreadcrumbList\",\"@id\":\"https:\/\/noticiasemdestaque.com\/cd\/?p=19331#breadcrumb\",\"itemListElement\":[{\"@type\":\"ListItem\",\"position\":1,\"name\":\"In\u00edcio\",\"item\":\"https:\/\/noticiasemdestaque.com\/cd\/\"},{\"@type\":\"ListItem\",\"position\":2,\"name\":\"Prefeitos e Secret\u00e1rios de Sa\u00fade discutem crise financeira do Hospital de Serra Branca\"}]},{\"@type\":\"WebSite\",\"@id\":\"https:\/\/noticiasemdestaque.com\/cd\/#website\",\"url\":\"https:\/\/noticiasemdestaque.com\/cd\/\",\"name\":\"Not&iacute;cias em Destaque\",\"description\":\"\",\"publisher\":{\"@id\":\"https:\/\/noticiasemdestaque.com\/cd\/#organization\"},\"potentialAction\":[{\"@type\":\"SearchAction\",\"target\":{\"@type\":\"EntryPoint\",\"urlTemplate\":\"https:\/\/noticiasemdestaque.com\/cd\/?s={search_term_string}\"},\"query-input\":{\"@type\":\"PropertyValueSpecification\",\"valueRequired\":true,\"valueName\":\"search_term_string\"}}],\"inLanguage\":\"pt-BR\"},{\"@type\":\"Organization\",\"@id\":\"https:\/\/noticiasemdestaque.com\/cd\/#organization\",\"name\":\"Not\u00edcias em Destaque\",\"url\":\"https:\/\/noticiasemdestaque.com\/cd\/\",\"logo\":{\"@type\":\"ImageObject\",\"inLanguage\":\"pt-BR\",\"@id\":\"https:\/\/noticiasemdestaque.com\/cd\/#\/schema\/logo\/image\/\",\"url\":\"https:\/\/noticiasemdestaque.com\/cd\/wp-content\/uploads\/2022\/05\/imagem-base-noticiasemdestaque.png\",\"contentUrl\":\"https:\/\/noticiasemdestaque.com\/cd\/wp-content\/uploads\/2022\/05\/imagem-base-noticiasemdestaque.png\",\"width\":1200,\"height\":630,\"caption\":\"Not\u00edcias em Destaque\"},\"image\":{\"@id\":\"https:\/\/noticiasemdestaque.com\/cd\/#\/schema\/logo\/image\/\"}},{\"@type\":\"Person\",\"@id\":\"https:\/\/noticiasemdestaque.com\/cd\/#\/schema\/person\/3e6ba396ff5664a69c392f09a8e1504c\",\"name\":\"Not\u00edcias em Destaque\",\"url\":\"https:\/\/noticiasemdestaque.com\/cd\/?author=2\"}]}<\/script>\n<!-- \/ Yoast SEO plugin. -->","yoast_head_json":{"title":"Prefeitos e Secret\u00e1rios de Sa\u00fade discutem crise financeira do Hospital de Serra Branca - Not&iacute;cias em Destaque","robots":{"index":"index","follow":"follow","max-snippet":"max-snippet:-1","max-image-preview":"max-image-preview:large","max-video-preview":"max-video-preview:-1"},"canonical":"https:\/\/noticiasemdestaque.com\/cd\/?p=19331","og_locale":"pt_BR","og_type":"article","og_title":"Prefeitos e Secret\u00e1rios de Sa\u00fade discutem crise financeira do Hospital de Serra Branca - Not&iacute;cias em Destaque","og_description":"A crise enfrentada pelo Hospital de Serra Branca foi o tema de mais uma reuni\u00e3o provocada pela Prefeitura de Serra Branca nesta segunda-feira (26). O encontro aconteceu no audit\u00f3rio da Secretaria de Sa\u00fade e contou com os prefeitos de Souzinha (Serra Branca), Givaldo Limeira ( Coxixola) e Jefferson Roberto (S\u00e3o Jos\u00e9 dos Cordeiros), al\u00e9m dos secret\u00e1rios de sa\u00fade de Gurj\u00e3o, S\u00e3o Jo\u00e3o do Cariri, Parari, Santo Andr\u00e9, Coxixola e S\u00e3o Jos\u00e9 dos Cordeiros. Na reuni\u00e3o, a anfitri\u00e3 e secret\u00e1ria de sa\u00fade de Serra Branca, M\u00e1rcia Dantas, exp\u00f4s o demonstrativo financeiro de despesas e receitas do hospital e apresentou o d\u00e9ficit que a cidade de Serra Branca est\u00e1 acumulando, em condi\u00e7\u00e3o de sufocamento or\u00e7ament\u00e1rio. \u201cEstamos aqui expondo o problema para todos voc\u00eas, pois se nada for feito, o hospital come\u00e7ar\u00e1 a limitar o atendimento, o que n\u00e3o \u00e9 o desejado, ou at\u00e9 fechar de vez as portas sem financiamento\u201d, afirmou a auxiliar. O prefeito Souzinha disse que a Prefeitura tem feito um esfor\u00e7o sobrenatural para manter o hospital e infelizmente as garantias de repasse extra por parte do Governo do Estado tem ficado apenas na promessa. \u201cO Governador \u00e9 sempre sens\u00edvel a nossa causa, mas infelizmente a sensibilidade continua no discurso e n\u00e3o tem partido para a pr\u00e1tica. Enquanto isso, \u00f3rg\u00e3os de fiscaliza\u00e7\u00e3o t\u00eam nos autuado, as despesas s\u00f3 aumentam e nosso recurso s\u00f3 diminui. Essa matem\u00e1tica n\u00e3o fecha e a popula\u00e7\u00e3o j\u00e1 est\u00e1 come\u00e7ando a sofrer as consequ\u00eancias\u201d. O prefeito Givaldo Limeira sugeriu que um documento da Secretaria de Sa\u00fade seja formulado com a necessidade de complementa\u00e7\u00e3o financeira para o hospital. Esse documento ser\u00e1 entregue em m\u00e3os ao governador numa audi\u00eancia com pelo menos 7 prefeitos das cidades diretamente assistidas pelo hospital. O encontro vai ser agendado de forma urgente e segundo o prefeito Jefferson Roberto, o deputado Adriano Galdino j\u00e1 se colocou a disposi\u00e7\u00e3o para fazer a ponte para essa audi\u00eancia. Para se ter uma ideia do rombo nas contas do hospital, o t\u00e9cnico da secretaria de sa\u00fade mostrou que enquanto em 2018 a unidade recebeu cerca de R$ 900 mil de refer\u00eancia dos demais munic\u00edpios, apenas nos 6 primeiros meses deste ano, a unidade gastou 1,5 milh\u00e3o com insumos. \u201cO governador precisa entender que os hospitais de Serra Branca e Sum\u00e9, apesar de n\u00e3o ter o t\u00edtulo, s\u00e3o na pr\u00e1tica hospitais regionais\u201d, pontuou o t\u00e9cnico Marivaldo. &nbsp;","og_url":"https:\/\/noticiasemdestaque.com\/cd\/?p=19331","og_site_name":"Not&iacute;cias em Destaque","article_published_time":"2019-08-27T10:07:37+00:00","og_image":[{"width":547,"height":398,"url":"https:\/\/noticiasemdestaque.com\/cd\/wp-content\/uploads\/2019\/08\/reuni\u00e3o.jpg","type":"image\/jpeg"}],"author":"Not\u00edcias em Destaque","twitter_card":"summary_large_image","twitter_misc":{"Escrito por":"Not\u00edcias em Destaque","Est. tempo de leitura":"2 minutos"},"schema":{"@context":"https:\/\/schema.org","@graph":[{"@type":"Article","@id":"https:\/\/noticiasemdestaque.com\/cd\/?p=19331#article","isPartOf":{"@id":"https:\/\/noticiasemdestaque.com\/cd\/?p=19331"},"author":{"name":"Not\u00edcias em Destaque","@id":"https:\/\/noticiasemdestaque.com\/cd\/#\/schema\/person\/3e6ba396ff5664a69c392f09a8e1504c"},"headline":"Prefeitos e Secret\u00e1rios de Sa\u00fade discutem crise financeira do Hospital de Serra Branca","datePublished":"2019-08-27T10:07:37+00:00","mainEntityOfPage":{"@id":"https:\/\/noticiasemdestaque.com\/cd\/?p=19331"},"wordCount":446,"publisher":{"@id":"https:\/\/noticiasemdestaque.com\/cd\/#organization"},"image":{"@id":"https:\/\/noticiasemdestaque.com\/cd\/?p=19331#primaryimage"},"thumbnailUrl":"https:\/\/noticiasemdestaque.com\/cd\/wp-content\/uploads\/2019\/08\/reuni\u00e3o.jpg","articleSection":["Pol\u00edtica"],"inLanguage":"pt-BR"},{"@type":"WebPage","@id":"https:\/\/noticiasemdestaque.com\/cd\/?p=19331","url":"https:\/\/noticiasemdestaque.com\/cd\/?p=19331","name":"Prefeitos e Secret\u00e1rios de Sa\u00fade discutem crise financeira do Hospital de Serra Branca - Not&iacute;cias em Destaque","isPartOf":{"@id":"https:\/\/noticiasemdestaque.com\/cd\/#website"},"primaryImageOfPage":{"@id":"https:\/\/noticiasemdestaque.com\/cd\/?p=19331#primaryimage"},"image":{"@id":"https:\/\/noticiasemdestaque.com\/cd\/?p=19331#primaryimage"},"thumbnailUrl":"https:\/\/noticiasemdestaque.com\/cd\/wp-content\/uploads\/2019\/08\/reuni\u00e3o.jpg","datePublished":"2019-08-27T10:07:37+00:00","breadcrumb":{"@id":"https:\/\/noticiasemdestaque.com\/cd\/?p=19331#breadcrumb"},"inLanguage":"pt-BR","potentialAction":[{"@type":"ReadAction","target":["https:\/\/noticiasemdestaque.com\/cd\/?p=19331"]}]},{"@type":"ImageObject","inLanguage":"pt-BR","@id":"https:\/\/noticiasemdestaque.com\/cd\/?p=19331#primaryimage","url":"https:\/\/noticiasemdestaque.com\/cd\/wp-content\/uploads\/2019\/08\/reuni\u00e3o.jpg","contentUrl":"https:\/\/noticiasemdestaque.com\/cd\/wp-content\/uploads\/2019\/08\/reuni\u00e3o.jpg","width":547,"height":398},{"@type":"BreadcrumbList","@id":"https:\/\/noticiasemdestaque.com\/cd\/?p=19331#breadcrumb","itemListElement":[{"@type":"ListItem","position":1,"name":"In\u00edcio","item":"https:\/\/noticiasemdestaque.com\/cd\/"},{"@type":"ListItem","position":2,"name":"Prefeitos e Secret\u00e1rios de Sa\u00fade discutem crise financeira do Hospital de Serra Branca"}]},{"@type":"WebSite","@id":"https:\/\/noticiasemdestaque.com\/cd\/#website","url":"https:\/\/noticiasemdestaque.com\/cd\/","name":"Not&iacute;cias em Destaque","description":"","publisher":{"@id":"https:\/\/noticiasemdestaque.com\/cd\/#organization"},"potentialAction":[{"@type":"SearchAction","target":{"@type":"EntryPoint","urlTemplate":"https:\/\/noticiasemdestaque.com\/cd\/?s={search_term_string}"},"query-input":{"@type":"PropertyValueSpecification","valueRequired":true,"valueName":"search_term_string"}}],"inLanguage":"pt-BR"},{"@type":"Organization","@id":"https:\/\/noticiasemdestaque.com\/cd\/#organization","name":"Not\u00edcias em Destaque","url":"https:\/\/noticiasemdestaque.com\/cd\/","logo":{"@type":"ImageObject","inLanguage":"pt-BR","@id":"https:\/\/noticiasemdestaque.com\/cd\/#\/schema\/logo\/image\/","url":"https:\/\/noticiasemdestaque.com\/cd\/wp-content\/uploads\/2022\/05\/imagem-base-noticiasemdestaque.png","contentUrl":"https:\/\/noticiasemdestaque.com\/cd\/wp-content\/uploads\/2022\/05\/imagem-base-noticiasemdestaque.png","width":1200,"height":630,"caption":"Not\u00edcias em Destaque"},"image":{"@id":"https:\/\/noticiasemdestaque.com\/cd\/#\/schema\/logo\/image\/"}},{"@type":"Person","@id":"https:\/\/noticiasemdestaque.com\/cd\/#\/schema\/person\/3e6ba396ff5664a69c392f09a8e1504c","name":"Not\u00edcias em Destaque","url":"https:\/\/noticiasemdestaque.com\/cd\/?author=2"}]}},"jetpack_featured_media_url":"https:\/\/noticiasemdestaque.com\/cd\/wp-content\/uploads\/2019\/08\/reuni\u00e3o.jpg","jetpack_sharing_enabled":true,"_links":{"self":[{"href":"https:\/\/noticiasemdestaque.com\/cd\/index.php?rest_route=\/wp\/v2\/posts\/19331","targetHints":{"allow":["GET"]}}],"collection":[{"href":"https:\/\/noticiasemdestaque.com\/cd\/index.php?rest_route=\/wp\/v2\/posts"}],"about":[{"href":"https:\/\/noticiasemdestaque.com\/cd\/index.php?rest_route=\/wp\/v2\/types\/post"}],"author":[{"embeddable":true,"href":"https:\/\/noticiasemdestaque.com\/cd\/index.php?rest_route=\/wp\/v2\/users\/2"}],"replies":[{"embeddable":true,"href":"https:\/\/noticiasemdestaque.com\/cd\/index.php?rest_route=%2Fwp%2Fv2%2Fcomments&post=19331"}],"version-history":[{"count":1,"href":"https:\/\/noticiasemdestaque.com\/cd\/index.php?rest_route=\/wp\/v2\/posts\/19331\/revisions"}],"predecessor-version":[{"id":19333,"href":"https:\/\/noticiasemdestaque.com\/cd\/index.php?rest_route=\/wp\/v2\/posts\/19331\/revisions\/19333"}],"wp:featuredmedia":[{"embeddable":true,"href":"https:\/\/noticiasemdestaque.com\/cd\/index.php?rest_route=\/wp\/v2\/media\/19332"}],"wp:attachment":[{"href":"https:\/\/noticiasemdestaque.com\/cd\/index.php?rest_route=%2Fwp%2Fv2%2Fmedia&parent=19331"}],"wp:term":[{"taxonomy":"category","embeddable":true,"href":"https:\/\/noticiasemdestaque.com\/cd\/index.php?rest_route=%2Fwp%2Fv2%2Fcategories&post=19331"},{"taxonomy":"post_tag","embeddable":true,"href":"https:\/\/noticiasemdestaque.com\/cd\/index.php?rest_route=%2Fwp%2Fv2%2Ftags&post=19331"}],"curies":[{"name":"wp","href":"https:\/\/api.w.org\/{rel}","templated":true}]}}