{"id":19279,"date":"2019-08-23T09:24:50","date_gmt":"2019-08-23T12:24:50","guid":{"rendered":"http:\/\/noticiasemdestaque.com\/cd\/?p=19279"},"modified":"2019-08-23T09:24:50","modified_gmt":"2019-08-23T12:24:50","slug":"hoje-ricardo-participa-de-plenaria-em-monteiro-sobre-ato-sos-transposicao","status":"publish","type":"post","link":"https:\/\/noticiasemdestaque.com\/cd\/?p=19279","title":{"rendered":"Hoje: Ricardo participa de plen\u00e1ria em Monteiro sobre ato \u201cSOS Transposi\u00e7\u00e3o\u201d"},"content":{"rendered":"<p><a href=\"https:\/\/noticiasemdestaque.com\/cd\/wp-content\/uploads\/2018\/11\/ricardo_nova-600x400.jpg\"><img fetchpriority=\"high\" decoding=\"async\" class=\"size-full wp-image-13637 aligncenter\" src=\"https:\/\/noticiasemdestaque.com\/cd\/wp-content\/uploads\/2018\/11\/ricardo_nova-600x400.jpg\" alt=\"\" width=\"600\" height=\"400\" srcset=\"https:\/\/noticiasemdestaque.com\/cd\/wp-content\/uploads\/2018\/11\/ricardo_nova-600x400.jpg 600w, https:\/\/noticiasemdestaque.com\/cd\/wp-content\/uploads\/2018\/11\/ricardo_nova-600x400-300x200.jpg 300w, https:\/\/noticiasemdestaque.com\/cd\/wp-content\/uploads\/2018\/11\/ricardo_nova-600x400-480x320.jpg 480w\" sizes=\"(max-width: 600px) 100vw, 600px\" \/><\/a><\/p>\n<p>O ex -governador e presidente da Funda\u00e7\u00e3o Jo\u00e3o Mangabeira, Ricardo Coutinho (PSB) concede entrevista coletiva nesta sexta-feira (23), \u00e0s 15h, em Monteiro, sobre a mobiliza\u00e7\u00e3o do Ato SOS Transposi\u00e7\u00e3o, que acontece no pr\u00f3ximo domingo (1\u00b0 de setembro) com a presen\u00e7a de lideran\u00e7as nacionais, governadores, prefeitos, parlamentares, movimentos sociais e o povo Nordestino.<\/p>\n<p>Ap\u00f3s a coletiva, ser\u00e1 realizada na C\u00e2mara Municipal uma plen\u00e1ria com prefeitos, lideran\u00e7as pol\u00edticas e representantes dos movimentos sociais do estado para organiza\u00e7\u00e3o do ato.<\/p>\n<p>O ato SOS Transposi\u00e7\u00e3o \u00e9 um grito de socorro do povo Nordestino contra o abandono por parte do governo federal da maior obra h\u00eddrica da hist\u00f3ria do Nordeste e que se conclu\u00edda beneficiar\u00e1 mais de 12 milh\u00f5es de pessoas dos Estados da Para\u00edba, Pernambuco, Rio Grande do Norte e Cear\u00e1.<\/p>\n<p>H\u00e1 quase seis meses as \u00e1guas da transposi\u00e7\u00e3o deixaram de ser bombeadas para o Rio Para\u00edba, prejudicando o abastecimento de \u00e1gua de 44 munic\u00edpios da Para\u00edba e Pernambuco.<\/p>\n<p><strong>Servi\u00e7o:<\/strong><\/p>\n<p>Entrevista coletiva com ex-governador Ricardo Coutinho<br \/>\nData: 23 de agosto (Hoje), \u00e0s 15h<br \/>\nLocal: C\u00e2mara Municipal de Monteiro<\/p>\n","protected":false},"excerpt":{"rendered":"<p>O ex -governador e presidente da Funda\u00e7\u00e3o Jo\u00e3o Mangabeira, Ricardo Coutinho (PSB) concede entrevista coletiva nesta sexta-feira (23), \u00e0s 15h, em Monteiro, sobre a mobiliza\u00e7\u00e3o do Ato SOS Transposi\u00e7\u00e3o, que acontece no pr\u00f3ximo domingo (1\u00b0 de setembro) com a presen\u00e7a de lideran\u00e7as nacionais, governadores, prefeitos, parlamentares, movimentos sociais e o povo Nordestino. Ap\u00f3s a coletiva, ser\u00e1 realizada na C\u00e2mara Municipal uma plen\u00e1ria com prefeitos, lideran\u00e7as pol\u00edticas e representantes dos movimentos sociais do estado para organiza\u00e7\u00e3o do ato. O ato SOS Transposi\u00e7\u00e3o \u00e9 um grito de socorro do povo Nordestino contra o abandono por parte do governo federal da maior obra h\u00eddrica da hist\u00f3ria do Nordeste e que se conclu\u00edda beneficiar\u00e1 mais de 12 milh\u00f5es de pessoas dos Estados da Para\u00edba, Pernambuco, Rio Grande do Norte e Cear\u00e1. H\u00e1 quase seis meses as \u00e1guas da transposi\u00e7\u00e3o deixaram de ser bombeadas para o Rio Para\u00edba, prejudicando o abastecimento de \u00e1gua de 44 munic\u00edpios da Para\u00edba e Pernambuco. Servi\u00e7o: Entrevista coletiva com ex-governador Ricardo Coutinho Data: 23 de agosto (Hoje), \u00e0s 15h Local: C\u00e2mara Municipal de Monteiro<\/p>\n","protected":false},"author":2,"featured_media":13637,"comment_status":"closed","ping_status":"open","sticky":false,"template":"","format":"standard","meta":{"_eb_attr":"","_jetpack_memberships_contains_paid_content":false,"footnotes":""},"categories":[12],"tags":[],"class_list":["post-19279","post","type-post","status-publish","format-standard","has-post-thumbnail","hentry","category-geral"],"yoast_head":"<!-- This site is optimized with the Yoast SEO plugin v26.5 - https:\/\/yoast.com\/wordpress\/plugins\/seo\/ -->\n<title>Hoje: Ricardo participa de plen\u00e1ria em Monteiro sobre ato \u201cSOS Transposi\u00e7\u00e3o\u201d - Not&iacute;cias em Destaque<\/title>\n<meta name=\"robots\" content=\"index, follow, max-snippet:-1, max-image-preview:large, max-video-preview:-1\" \/>\n<link rel=\"canonical\" href=\"https:\/\/noticiasemdestaque.com\/cd\/?p=19279\" \/>\n<meta property=\"og:locale\" content=\"pt_BR\" \/>\n<meta property=\"og:type\" content=\"article\" \/>\n<meta property=\"og:title\" content=\"Hoje: Ricardo participa de plen\u00e1ria em Monteiro sobre ato \u201cSOS Transposi\u00e7\u00e3o\u201d - Not&iacute;cias em Destaque\" \/>\n<meta property=\"og:description\" content=\"O ex -governador e presidente da Funda\u00e7\u00e3o Jo\u00e3o Mangabeira, Ricardo Coutinho (PSB) concede entrevista coletiva nesta sexta-feira (23), \u00e0s 15h, em Monteiro, sobre a mobiliza\u00e7\u00e3o do Ato SOS Transposi\u00e7\u00e3o, que acontece no pr\u00f3ximo domingo (1\u00b0 de setembro) com a presen\u00e7a de lideran\u00e7as nacionais, governadores, prefeitos, parlamentares, movimentos sociais e o povo Nordestino. Ap\u00f3s a coletiva, ser\u00e1 realizada na C\u00e2mara Municipal uma plen\u00e1ria com prefeitos, lideran\u00e7as pol\u00edticas e representantes dos movimentos sociais do estado para organiza\u00e7\u00e3o do ato. O ato SOS Transposi\u00e7\u00e3o \u00e9 um grito de socorro do povo Nordestino contra o abandono por parte do governo federal da maior obra h\u00eddrica da hist\u00f3ria do Nordeste e que se conclu\u00edda beneficiar\u00e1 mais de 12 milh\u00f5es de pessoas dos Estados da Para\u00edba, Pernambuco, Rio Grande do Norte e Cear\u00e1. H\u00e1 quase seis meses as \u00e1guas da transposi\u00e7\u00e3o deixaram de ser bombeadas para o Rio Para\u00edba, prejudicando o abastecimento de \u00e1gua de 44 munic\u00edpios da Para\u00edba e Pernambuco. Servi\u00e7o: Entrevista coletiva com ex-governador Ricardo Coutinho Data: 23 de agosto (Hoje), \u00e0s 15h Local: C\u00e2mara Municipal de Monteiro\" \/>\n<meta property=\"og:url\" content=\"https:\/\/noticiasemdestaque.com\/cd\/?p=19279\" \/>\n<meta property=\"og:site_name\" content=\"Not&iacute;cias em Destaque\" \/>\n<meta property=\"article:published_time\" content=\"2019-08-23T12:24:50+00:00\" \/>\n<meta property=\"og:image\" content=\"https:\/\/noticiasemdestaque.com\/cd\/wp-content\/uploads\/2018\/11\/ricardo_nova-600x400.jpg\" \/>\n\t<meta property=\"og:image:width\" content=\"600\" \/>\n\t<meta property=\"og:image:height\" content=\"400\" \/>\n\t<meta property=\"og:image:type\" content=\"image\/jpeg\" \/>\n<meta name=\"author\" content=\"Not\u00edcias em Destaque\" \/>\n<meta name=\"twitter:card\" content=\"summary_large_image\" \/>\n<meta name=\"twitter:label1\" content=\"Escrito por\" \/>\n\t<meta name=\"twitter:data1\" content=\"Not\u00edcias em Destaque\" \/>\n\t<meta name=\"twitter:label2\" content=\"Est. tempo de leitura\" \/>\n\t<meta name=\"twitter:data2\" content=\"1 minuto\" \/>\n<script type=\"application\/ld+json\" class=\"yoast-schema-graph\">{\"@context\":\"https:\/\/schema.org\",\"@graph\":[{\"@type\":\"Article\",\"@id\":\"https:\/\/noticiasemdestaque.com\/cd\/?p=19279#article\",\"isPartOf\":{\"@id\":\"https:\/\/noticiasemdestaque.com\/cd\/?p=19279\"},\"author\":{\"name\":\"Not\u00edcias em Destaque\",\"@id\":\"https:\/\/noticiasemdestaque.com\/cd\/#\/schema\/person\/3e6ba396ff5664a69c392f09a8e1504c\"},\"headline\":\"Hoje: Ricardo participa de plen\u00e1ria em Monteiro sobre ato \u201cSOS Transposi\u00e7\u00e3o\u201d\",\"datePublished\":\"2019-08-23T12:24:50+00:00\",\"mainEntityOfPage\":{\"@id\":\"https:\/\/noticiasemdestaque.com\/cd\/?p=19279\"},\"wordCount\":206,\"publisher\":{\"@id\":\"https:\/\/noticiasemdestaque.com\/cd\/#organization\"},\"image\":{\"@id\":\"https:\/\/noticiasemdestaque.com\/cd\/?p=19279#primaryimage\"},\"thumbnailUrl\":\"https:\/\/noticiasemdestaque.com\/cd\/wp-content\/uploads\/2018\/11\/ricardo_nova-600x400.jpg\",\"articleSection\":[\"Geral\"],\"inLanguage\":\"pt-BR\"},{\"@type\":\"WebPage\",\"@id\":\"https:\/\/noticiasemdestaque.com\/cd\/?p=19279\",\"url\":\"https:\/\/noticiasemdestaque.com\/cd\/?p=19279\",\"name\":\"Hoje: Ricardo participa de plen\u00e1ria em Monteiro sobre ato \u201cSOS Transposi\u00e7\u00e3o\u201d - Not&iacute;cias em Destaque\",\"isPartOf\":{\"@id\":\"https:\/\/noticiasemdestaque.com\/cd\/#website\"},\"primaryImageOfPage\":{\"@id\":\"https:\/\/noticiasemdestaque.com\/cd\/?p=19279#primaryimage\"},\"image\":{\"@id\":\"https:\/\/noticiasemdestaque.com\/cd\/?p=19279#primaryimage\"},\"thumbnailUrl\":\"https:\/\/noticiasemdestaque.com\/cd\/wp-content\/uploads\/2018\/11\/ricardo_nova-600x400.jpg\",\"datePublished\":\"2019-08-23T12:24:50+00:00\",\"breadcrumb\":{\"@id\":\"https:\/\/noticiasemdestaque.com\/cd\/?p=19279#breadcrumb\"},\"inLanguage\":\"pt-BR\",\"potentialAction\":[{\"@type\":\"ReadAction\",\"target\":[\"https:\/\/noticiasemdestaque.com\/cd\/?p=19279\"]}]},{\"@type\":\"ImageObject\",\"inLanguage\":\"pt-BR\",\"@id\":\"https:\/\/noticiasemdestaque.com\/cd\/?p=19279#primaryimage\",\"url\":\"https:\/\/noticiasemdestaque.com\/cd\/wp-content\/uploads\/2018\/11\/ricardo_nova-600x400.jpg\",\"contentUrl\":\"https:\/\/noticiasemdestaque.com\/cd\/wp-content\/uploads\/2018\/11\/ricardo_nova-600x400.jpg\",\"width\":600,\"height\":400},{\"@type\":\"BreadcrumbList\",\"@id\":\"https:\/\/noticiasemdestaque.com\/cd\/?p=19279#breadcrumb\",\"itemListElement\":[{\"@type\":\"ListItem\",\"position\":1,\"name\":\"In\u00edcio\",\"item\":\"https:\/\/noticiasemdestaque.com\/cd\/\"},{\"@type\":\"ListItem\",\"position\":2,\"name\":\"Hoje: Ricardo participa de plen\u00e1ria em Monteiro sobre ato \u201cSOS Transposi\u00e7\u00e3o\u201d\"}]},{\"@type\":\"WebSite\",\"@id\":\"https:\/\/noticiasemdestaque.com\/cd\/#website\",\"url\":\"https:\/\/noticiasemdestaque.com\/cd\/\",\"name\":\"Not&iacute;cias em Destaque\",\"description\":\"\",\"publisher\":{\"@id\":\"https:\/\/noticiasemdestaque.com\/cd\/#organization\"},\"potentialAction\":[{\"@type\":\"SearchAction\",\"target\":{\"@type\":\"EntryPoint\",\"urlTemplate\":\"https:\/\/noticiasemdestaque.com\/cd\/?s={search_term_string}\"},\"query-input\":{\"@type\":\"PropertyValueSpecification\",\"valueRequired\":true,\"valueName\":\"search_term_string\"}}],\"inLanguage\":\"pt-BR\"},{\"@type\":\"Organization\",\"@id\":\"https:\/\/noticiasemdestaque.com\/cd\/#organization\",\"name\":\"Not\u00edcias em Destaque\",\"url\":\"https:\/\/noticiasemdestaque.com\/cd\/\",\"logo\":{\"@type\":\"ImageObject\",\"inLanguage\":\"pt-BR\",\"@id\":\"https:\/\/noticiasemdestaque.com\/cd\/#\/schema\/logo\/image\/\",\"url\":\"https:\/\/noticiasemdestaque.com\/cd\/wp-content\/uploads\/2022\/05\/imagem-base-noticiasemdestaque.png\",\"contentUrl\":\"https:\/\/noticiasemdestaque.com\/cd\/wp-content\/uploads\/2022\/05\/imagem-base-noticiasemdestaque.png\",\"width\":1200,\"height\":630,\"caption\":\"Not\u00edcias em Destaque\"},\"image\":{\"@id\":\"https:\/\/noticiasemdestaque.com\/cd\/#\/schema\/logo\/image\/\"}},{\"@type\":\"Person\",\"@id\":\"https:\/\/noticiasemdestaque.com\/cd\/#\/schema\/person\/3e6ba396ff5664a69c392f09a8e1504c\",\"name\":\"Not\u00edcias em Destaque\",\"url\":\"https:\/\/noticiasemdestaque.com\/cd\/?author=2\"}]}<\/script>\n<!-- \/ Yoast SEO plugin. -->","yoast_head_json":{"title":"Hoje: Ricardo participa de plen\u00e1ria em Monteiro sobre ato \u201cSOS Transposi\u00e7\u00e3o\u201d - Not&iacute;cias em Destaque","robots":{"index":"index","follow":"follow","max-snippet":"max-snippet:-1","max-image-preview":"max-image-preview:large","max-video-preview":"max-video-preview:-1"},"canonical":"https:\/\/noticiasemdestaque.com\/cd\/?p=19279","og_locale":"pt_BR","og_type":"article","og_title":"Hoje: Ricardo participa de plen\u00e1ria em Monteiro sobre ato \u201cSOS Transposi\u00e7\u00e3o\u201d - Not&iacute;cias em Destaque","og_description":"O ex -governador e presidente da Funda\u00e7\u00e3o Jo\u00e3o Mangabeira, Ricardo Coutinho (PSB) concede entrevista coletiva nesta sexta-feira (23), \u00e0s 15h, em Monteiro, sobre a mobiliza\u00e7\u00e3o do Ato SOS Transposi\u00e7\u00e3o, que acontece no pr\u00f3ximo domingo (1\u00b0 de setembro) com a presen\u00e7a de lideran\u00e7as nacionais, governadores, prefeitos, parlamentares, movimentos sociais e o povo Nordestino. Ap\u00f3s a coletiva, ser\u00e1 realizada na C\u00e2mara Municipal uma plen\u00e1ria com prefeitos, lideran\u00e7as pol\u00edticas e representantes dos movimentos sociais do estado para organiza\u00e7\u00e3o do ato. O ato SOS Transposi\u00e7\u00e3o \u00e9 um grito de socorro do povo Nordestino contra o abandono por parte do governo federal da maior obra h\u00eddrica da hist\u00f3ria do Nordeste e que se conclu\u00edda beneficiar\u00e1 mais de 12 milh\u00f5es de pessoas dos Estados da Para\u00edba, Pernambuco, Rio Grande do Norte e Cear\u00e1. H\u00e1 quase seis meses as \u00e1guas da transposi\u00e7\u00e3o deixaram de ser bombeadas para o Rio Para\u00edba, prejudicando o abastecimento de \u00e1gua de 44 munic\u00edpios da Para\u00edba e Pernambuco. Servi\u00e7o: Entrevista coletiva com ex-governador Ricardo Coutinho Data: 23 de agosto (Hoje), \u00e0s 15h Local: C\u00e2mara Municipal de Monteiro","og_url":"https:\/\/noticiasemdestaque.com\/cd\/?p=19279","og_site_name":"Not&iacute;cias em Destaque","article_published_time":"2019-08-23T12:24:50+00:00","og_image":[{"width":600,"height":400,"url":"https:\/\/noticiasemdestaque.com\/cd\/wp-content\/uploads\/2018\/11\/ricardo_nova-600x400.jpg","type":"image\/jpeg"}],"author":"Not\u00edcias em Destaque","twitter_card":"summary_large_image","twitter_misc":{"Escrito por":"Not\u00edcias em Destaque","Est. tempo de leitura":"1 minuto"},"schema":{"@context":"https:\/\/schema.org","@graph":[{"@type":"Article","@id":"https:\/\/noticiasemdestaque.com\/cd\/?p=19279#article","isPartOf":{"@id":"https:\/\/noticiasemdestaque.com\/cd\/?p=19279"},"author":{"name":"Not\u00edcias em Destaque","@id":"https:\/\/noticiasemdestaque.com\/cd\/#\/schema\/person\/3e6ba396ff5664a69c392f09a8e1504c"},"headline":"Hoje: Ricardo participa de plen\u00e1ria em Monteiro sobre ato \u201cSOS Transposi\u00e7\u00e3o\u201d","datePublished":"2019-08-23T12:24:50+00:00","mainEntityOfPage":{"@id":"https:\/\/noticiasemdestaque.com\/cd\/?p=19279"},"wordCount":206,"publisher":{"@id":"https:\/\/noticiasemdestaque.com\/cd\/#organization"},"image":{"@id":"https:\/\/noticiasemdestaque.com\/cd\/?p=19279#primaryimage"},"thumbnailUrl":"https:\/\/noticiasemdestaque.com\/cd\/wp-content\/uploads\/2018\/11\/ricardo_nova-600x400.jpg","articleSection":["Geral"],"inLanguage":"pt-BR"},{"@type":"WebPage","@id":"https:\/\/noticiasemdestaque.com\/cd\/?p=19279","url":"https:\/\/noticiasemdestaque.com\/cd\/?p=19279","name":"Hoje: Ricardo participa de plen\u00e1ria em Monteiro sobre ato \u201cSOS Transposi\u00e7\u00e3o\u201d - Not&iacute;cias em Destaque","isPartOf":{"@id":"https:\/\/noticiasemdestaque.com\/cd\/#website"},"primaryImageOfPage":{"@id":"https:\/\/noticiasemdestaque.com\/cd\/?p=19279#primaryimage"},"image":{"@id":"https:\/\/noticiasemdestaque.com\/cd\/?p=19279#primaryimage"},"thumbnailUrl":"https:\/\/noticiasemdestaque.com\/cd\/wp-content\/uploads\/2018\/11\/ricardo_nova-600x400.jpg","datePublished":"2019-08-23T12:24:50+00:00","breadcrumb":{"@id":"https:\/\/noticiasemdestaque.com\/cd\/?p=19279#breadcrumb"},"inLanguage":"pt-BR","potentialAction":[{"@type":"ReadAction","target":["https:\/\/noticiasemdestaque.com\/cd\/?p=19279"]}]},{"@type":"ImageObject","inLanguage":"pt-BR","@id":"https:\/\/noticiasemdestaque.com\/cd\/?p=19279#primaryimage","url":"https:\/\/noticiasemdestaque.com\/cd\/wp-content\/uploads\/2018\/11\/ricardo_nova-600x400.jpg","contentUrl":"https:\/\/noticiasemdestaque.com\/cd\/wp-content\/uploads\/2018\/11\/ricardo_nova-600x400.jpg","width":600,"height":400},{"@type":"BreadcrumbList","@id":"https:\/\/noticiasemdestaque.com\/cd\/?p=19279#breadcrumb","itemListElement":[{"@type":"ListItem","position":1,"name":"In\u00edcio","item":"https:\/\/noticiasemdestaque.com\/cd\/"},{"@type":"ListItem","position":2,"name":"Hoje: Ricardo participa de plen\u00e1ria em Monteiro sobre ato \u201cSOS Transposi\u00e7\u00e3o\u201d"}]},{"@type":"WebSite","@id":"https:\/\/noticiasemdestaque.com\/cd\/#website","url":"https:\/\/noticiasemdestaque.com\/cd\/","name":"Not&iacute;cias em Destaque","description":"","publisher":{"@id":"https:\/\/noticiasemdestaque.com\/cd\/#organization"},"potentialAction":[{"@type":"SearchAction","target":{"@type":"EntryPoint","urlTemplate":"https:\/\/noticiasemdestaque.com\/cd\/?s={search_term_string}"},"query-input":{"@type":"PropertyValueSpecification","valueRequired":true,"valueName":"search_term_string"}}],"inLanguage":"pt-BR"},{"@type":"Organization","@id":"https:\/\/noticiasemdestaque.com\/cd\/#organization","name":"Not\u00edcias em Destaque","url":"https:\/\/noticiasemdestaque.com\/cd\/","logo":{"@type":"ImageObject","inLanguage":"pt-BR","@id":"https:\/\/noticiasemdestaque.com\/cd\/#\/schema\/logo\/image\/","url":"https:\/\/noticiasemdestaque.com\/cd\/wp-content\/uploads\/2022\/05\/imagem-base-noticiasemdestaque.png","contentUrl":"https:\/\/noticiasemdestaque.com\/cd\/wp-content\/uploads\/2022\/05\/imagem-base-noticiasemdestaque.png","width":1200,"height":630,"caption":"Not\u00edcias em Destaque"},"image":{"@id":"https:\/\/noticiasemdestaque.com\/cd\/#\/schema\/logo\/image\/"}},{"@type":"Person","@id":"https:\/\/noticiasemdestaque.com\/cd\/#\/schema\/person\/3e6ba396ff5664a69c392f09a8e1504c","name":"Not\u00edcias em Destaque","url":"https:\/\/noticiasemdestaque.com\/cd\/?author=2"}]}},"jetpack_featured_media_url":"https:\/\/noticiasemdestaque.com\/cd\/wp-content\/uploads\/2018\/11\/ricardo_nova-600x400.jpg","jetpack_sharing_enabled":true,"_links":{"self":[{"href":"https:\/\/noticiasemdestaque.com\/cd\/index.php?rest_route=\/wp\/v2\/posts\/19279","targetHints":{"allow":["GET"]}}],"collection":[{"href":"https:\/\/noticiasemdestaque.com\/cd\/index.php?rest_route=\/wp\/v2\/posts"}],"about":[{"href":"https:\/\/noticiasemdestaque.com\/cd\/index.php?rest_route=\/wp\/v2\/types\/post"}],"author":[{"embeddable":true,"href":"https:\/\/noticiasemdestaque.com\/cd\/index.php?rest_route=\/wp\/v2\/users\/2"}],"replies":[{"embeddable":true,"href":"https:\/\/noticiasemdestaque.com\/cd\/index.php?rest_route=%2Fwp%2Fv2%2Fcomments&post=19279"}],"version-history":[{"count":1,"href":"https:\/\/noticiasemdestaque.com\/cd\/index.php?rest_route=\/wp\/v2\/posts\/19279\/revisions"}],"predecessor-version":[{"id":19280,"href":"https:\/\/noticiasemdestaque.com\/cd\/index.php?rest_route=\/wp\/v2\/posts\/19279\/revisions\/19280"}],"wp:featuredmedia":[{"embeddable":true,"href":"https:\/\/noticiasemdestaque.com\/cd\/index.php?rest_route=\/wp\/v2\/media\/13637"}],"wp:attachment":[{"href":"https:\/\/noticiasemdestaque.com\/cd\/index.php?rest_route=%2Fwp%2Fv2%2Fmedia&parent=19279"}],"wp:term":[{"taxonomy":"category","embeddable":true,"href":"https:\/\/noticiasemdestaque.com\/cd\/index.php?rest_route=%2Fwp%2Fv2%2Fcategories&post=19279"},{"taxonomy":"post_tag","embeddable":true,"href":"https:\/\/noticiasemdestaque.com\/cd\/index.php?rest_route=%2Fwp%2Fv2%2Ftags&post=19279"}],"curies":[{"name":"wp","href":"https:\/\/api.w.org\/{rel}","templated":true}]}}