{"id":19277,"date":"2019-08-23T09:19:32","date_gmt":"2019-08-23T12:19:32","guid":{"rendered":"http:\/\/noticiasemdestaque.com\/cd\/?p=19277"},"modified":"2019-08-23T09:19:32","modified_gmt":"2019-08-23T12:19:32","slug":"bolsonaro-ataca-a-imprensa-e-diz-que-jornal-vai-fechar","status":"publish","type":"post","link":"https:\/\/noticiasemdestaque.com\/cd\/?p=19277","title":{"rendered":"Bolsonaro ataca a imprensa e diz que jornal \u201cvai fechar\u201d"},"content":{"rendered":"<div class=\"noticiacorpo\">\n<p><a href=\"https:\/\/noticiasemdestaque.com\/cd\/wp-content\/uploads\/2019\/04\/antcrz_abr_01031912347-630x420.jpg\"><img fetchpriority=\"high\" decoding=\"async\" class=\"size-full wp-image-16649\" src=\"https:\/\/noticiasemdestaque.com\/cd\/wp-content\/uploads\/2019\/04\/antcrz_abr_01031912347-630x420.jpg\" alt=\"\" width=\"630\" height=\"420\" srcset=\"https:\/\/noticiasemdestaque.com\/cd\/wp-content\/uploads\/2019\/04\/antcrz_abr_01031912347-630x420.jpg 630w, https:\/\/noticiasemdestaque.com\/cd\/wp-content\/uploads\/2019\/04\/antcrz_abr_01031912347-630x420-300x200.jpg 300w, https:\/\/noticiasemdestaque.com\/cd\/wp-content\/uploads\/2019\/04\/antcrz_abr_01031912347-630x420-480x320.jpg 480w\" sizes=\"(max-width: 630px) 100vw, 630px\" \/><\/a><\/p>\n<p>O presidente Jair Bolsonaro voltou a criticar a imprensa nesta quinta-feira, 22, e afirmou que o jornal<em>\u00a0Valor Econ\u00f4mico<\/em>\u00a0\u201cvai fechar\u201d. O motivo, segundo o presidente, \u00e9 o fim da obrigatoriedade de empresas de capital aberto publicarem seus balan\u00e7os em jornais, previsto em medida provis\u00f3ria editada pelo seu governo no in\u00edcio do m\u00eas.<\/p>\n<p class=\" tm_nativeauto\">O coment\u00e1rio do presidente foi feito durante caf\u00e9 da manh\u00e3 com representantes da Associa\u00e7\u00e3o Catarinense de Emissoras de R\u00e1dio e Televis\u00e3o (ACAERT), no Pal\u00e1cio do Planalto. \u201cSabe o que eu posso fazer? Chamo o presidente da Petrobr\u00e1s aqui e digo: \u2018Vem c\u00e1,\u00a0<em>(Roberto)\u00a0<\/em>Castello Branco. Voc\u00ea vai mostrar seu balancete este ano no jornal\u00a0<em>O Globo\u2019\u201d,\u00a0<\/em>disse o presidente, acrescentando que, mesmo que custasse R$ 10 milh\u00f5es, poderia determinar.<\/p>\n<div id=\"sas_48311\"><\/div>\n<p>\u201cPosso fazer ou n\u00e3o? Vinte p\u00e1ginas de jornais para isso\u00a0<em>(publica\u00e7\u00e3o de balan\u00e7os)<\/em>.E o jornal\u00a0<em>Valor Econ\u00f4mico<\/em>, que \u00e9 da Globo, vai fechar. N\u00e3o devia falar? N\u00e3o devia falar, mas qual \u00e9 o problema? Ser\u00e1 que eu vou ser um presidente politicamente correto? Uai. \u00c9 isso da\u00ed aqui no Brasil\u201d, afirmou Bolsonaro durante o encontro.<\/p>\n<p class=\" aBigClassNameToAvoidCollisionInText\">A MP permite a empresas com a\u00e7\u00f5es em bolsa a publica\u00e7\u00e3o de seus balan\u00e7os no site da Comiss\u00e3o de Valores Mobili\u00e1rios (CVM) ou no Di\u00e1rio Oficial gratuitamente. Ao anunciar a medida, no dia 6 de agosto, Bolsonaro afirmou que era uma \u201cretribui\u00e7\u00e3o\u201d ao tratamento que recebeu da imprensa. Uma lei sancionada pelo pr\u00f3prio presidente em abril previa que os balan\u00e7os fossem publicados de forma resumida nos jornais a partir de 2022.<\/p>\n<p>\u201cH\u00e1 uma briga com a m\u00eddia tradicional, com a grande m\u00eddia, na quest\u00e3o de deturpar\u00a0<em>(informa\u00e7\u00f5es)<\/em>\u201c, disse o presidente no encontro.<\/p>\n<p>Mais cedo, Bolsonaro falou sobra a MP durante conversa com jornalistas. \u201cTirei de voc\u00eas\u00a0<em>(jornalistas)<\/em>\u00a0R$ 1,2 bilh\u00e3o com publica\u00e7\u00e3o de balancetes. N\u00e3o \u00e9 maldade. \u00c9 bondade e Justi\u00e7a com os empres\u00e1rios, que n\u00e3o aguentam pagar isso para publicar p\u00e1ginas e p\u00e1ginas que ningu\u00e9m l\u00ea. Ent\u00e3o, publica no site oficial, CVM, a custo zero\u201d, disse.<\/p>\n<p>O presidente afirmou ainda que \u201ca imprensa\u201d est\u00e1 acabando como acabou a profiss\u00e3o de datil\u00f3grafo. \u201cJ\u00e1 estamos ajudando assim a n\u00e3o ter desmatamento, porque papel vem de \u00e1rvore. Estamos em uma nova era. Assim como acabou no passado o datil\u00f3grafo, a imprensa est\u00e1 acabando tamb\u00e9m. N\u00e3o \u00e9 s\u00f3 por quest\u00e3o de poder aquisitivo do povo que n\u00e3o est\u00e1 bom. \u00c9 porque n\u00e3o se acha a verdade ali.\u201d<\/p>\n<\/div>\n<p class=\"noticia_fonte\">Fonte: TERRA<\/p>\n<p>&nbsp;<\/p>\n","protected":false},"excerpt":{"rendered":"<p>O presidente Jair Bolsonaro voltou a criticar a imprensa nesta quinta-feira, 22, e afirmou que o jornal\u00a0Valor Econ\u00f4mico\u00a0\u201cvai fechar\u201d. O motivo, segundo o presidente, \u00e9 o fim da obrigatoriedade de empresas de capital aberto publicarem seus balan\u00e7os em jornais, previsto em medida provis\u00f3ria editada pelo seu governo no in\u00edcio do m\u00eas. O coment\u00e1rio do presidente foi feito durante caf\u00e9 da manh\u00e3 com representantes da Associa\u00e7\u00e3o Catarinense de Emissoras de R\u00e1dio e Televis\u00e3o (ACAERT), no Pal\u00e1cio do Planalto. \u201cSabe o que eu posso fazer? Chamo o presidente da Petrobr\u00e1s aqui e digo: \u2018Vem c\u00e1,\u00a0(Roberto)\u00a0Castello Branco. Voc\u00ea vai mostrar seu balancete este ano no jornal\u00a0O Globo\u2019\u201d,\u00a0disse o presidente, acrescentando que, mesmo que custasse R$ 10 milh\u00f5es, poderia determinar. \u201cPosso fazer ou n\u00e3o? Vinte p\u00e1ginas de jornais para isso\u00a0(publica\u00e7\u00e3o de balan\u00e7os).E o jornal\u00a0Valor Econ\u00f4mico, que \u00e9 da Globo, vai fechar. N\u00e3o devia falar? N\u00e3o devia falar, mas qual \u00e9 o problema? Ser\u00e1 que eu vou ser um presidente politicamente correto? Uai. \u00c9 isso da\u00ed aqui no Brasil\u201d, afirmou Bolsonaro durante o encontro. A MP permite a empresas com a\u00e7\u00f5es em bolsa a publica\u00e7\u00e3o de seus balan\u00e7os no site da Comiss\u00e3o de Valores Mobili\u00e1rios (CVM) ou no Di\u00e1rio Oficial gratuitamente. Ao anunciar a medida, no dia 6 de agosto, Bolsonaro afirmou que era uma \u201cretribui\u00e7\u00e3o\u201d ao tratamento que recebeu da imprensa. Uma lei sancionada pelo pr\u00f3prio presidente em abril previa que os balan\u00e7os fossem publicados de forma resumida nos jornais a partir de 2022. \u201cH\u00e1 uma briga com a m\u00eddia tradicional, com a grande m\u00eddia, na quest\u00e3o de deturpar\u00a0(informa\u00e7\u00f5es)\u201c, disse o presidente no encontro. Mais cedo, Bolsonaro falou sobra a MP durante conversa com jornalistas. \u201cTirei de voc\u00eas\u00a0(jornalistas)\u00a0R$ 1,2 bilh\u00e3o com publica\u00e7\u00e3o de balancetes. N\u00e3o \u00e9 maldade. \u00c9 bondade e Justi\u00e7a com os empres\u00e1rios, que n\u00e3o aguentam pagar isso para publicar p\u00e1ginas e p\u00e1ginas que ningu\u00e9m l\u00ea. Ent\u00e3o, publica no site oficial, CVM, a custo zero\u201d, disse. O presidente afirmou ainda que \u201ca imprensa\u201d est\u00e1 acabando como acabou a profiss\u00e3o de datil\u00f3grafo. \u201cJ\u00e1 estamos ajudando assim a n\u00e3o ter desmatamento, porque papel vem de \u00e1rvore. Estamos em uma nova era. Assim como acabou no passado o datil\u00f3grafo, a imprensa est\u00e1 acabando tamb\u00e9m. N\u00e3o \u00e9 s\u00f3 por quest\u00e3o de poder aquisitivo do povo que n\u00e3o est\u00e1 bom. \u00c9 porque n\u00e3o se acha a verdade ali.\u201d Fonte: TERRA &nbsp;<\/p>\n","protected":false},"author":2,"featured_media":16649,"comment_status":"closed","ping_status":"open","sticky":false,"template":"","format":"standard","meta":{"_eb_attr":"","_jetpack_memberships_contains_paid_content":false,"footnotes":""},"categories":[12],"tags":[],"class_list":["post-19277","post","type-post","status-publish","format-standard","has-post-thumbnail","hentry","category-geral"],"yoast_head":"<!-- This site is optimized with the Yoast SEO plugin v26.5 - https:\/\/yoast.com\/wordpress\/plugins\/seo\/ -->\n<title>Bolsonaro ataca a imprensa e diz que jornal \u201cvai fechar\u201d - Not&iacute;cias em Destaque<\/title>\n<meta name=\"robots\" content=\"index, follow, max-snippet:-1, max-image-preview:large, max-video-preview:-1\" \/>\n<link rel=\"canonical\" href=\"https:\/\/noticiasemdestaque.com\/cd\/?p=19277\" \/>\n<meta property=\"og:locale\" content=\"pt_BR\" \/>\n<meta property=\"og:type\" content=\"article\" \/>\n<meta property=\"og:title\" content=\"Bolsonaro ataca a imprensa e diz que jornal \u201cvai fechar\u201d - Not&iacute;cias em Destaque\" \/>\n<meta property=\"og:description\" content=\"O presidente Jair Bolsonaro voltou a criticar a imprensa nesta quinta-feira, 22, e afirmou que o jornal\u00a0Valor Econ\u00f4mico\u00a0\u201cvai fechar\u201d. O motivo, segundo o presidente, \u00e9 o fim da obrigatoriedade de empresas de capital aberto publicarem seus balan\u00e7os em jornais, previsto em medida provis\u00f3ria editada pelo seu governo no in\u00edcio do m\u00eas. O coment\u00e1rio do presidente foi feito durante caf\u00e9 da manh\u00e3 com representantes da Associa\u00e7\u00e3o Catarinense de Emissoras de R\u00e1dio e Televis\u00e3o (ACAERT), no Pal\u00e1cio do Planalto. \u201cSabe o que eu posso fazer? Chamo o presidente da Petrobr\u00e1s aqui e digo: \u2018Vem c\u00e1,\u00a0(Roberto)\u00a0Castello Branco. Voc\u00ea vai mostrar seu balancete este ano no jornal\u00a0O Globo\u2019\u201d,\u00a0disse o presidente, acrescentando que, mesmo que custasse R$ 10 milh\u00f5es, poderia determinar. \u201cPosso fazer ou n\u00e3o? Vinte p\u00e1ginas de jornais para isso\u00a0(publica\u00e7\u00e3o de balan\u00e7os).E o jornal\u00a0Valor Econ\u00f4mico, que \u00e9 da Globo, vai fechar. N\u00e3o devia falar? N\u00e3o devia falar, mas qual \u00e9 o problema? Ser\u00e1 que eu vou ser um presidente politicamente correto? Uai. \u00c9 isso da\u00ed aqui no Brasil\u201d, afirmou Bolsonaro durante o encontro. A MP permite a empresas com a\u00e7\u00f5es em bolsa a publica\u00e7\u00e3o de seus balan\u00e7os no site da Comiss\u00e3o de Valores Mobili\u00e1rios (CVM) ou no Di\u00e1rio Oficial gratuitamente. Ao anunciar a medida, no dia 6 de agosto, Bolsonaro afirmou que era uma \u201cretribui\u00e7\u00e3o\u201d ao tratamento que recebeu da imprensa. Uma lei sancionada pelo pr\u00f3prio presidente em abril previa que os balan\u00e7os fossem publicados de forma resumida nos jornais a partir de 2022. \u201cH\u00e1 uma briga com a m\u00eddia tradicional, com a grande m\u00eddia, na quest\u00e3o de deturpar\u00a0(informa\u00e7\u00f5es)\u201c, disse o presidente no encontro. Mais cedo, Bolsonaro falou sobra a MP durante conversa com jornalistas. \u201cTirei de voc\u00eas\u00a0(jornalistas)\u00a0R$ 1,2 bilh\u00e3o com publica\u00e7\u00e3o de balancetes. N\u00e3o \u00e9 maldade. \u00c9 bondade e Justi\u00e7a com os empres\u00e1rios, que n\u00e3o aguentam pagar isso para publicar p\u00e1ginas e p\u00e1ginas que ningu\u00e9m l\u00ea. Ent\u00e3o, publica no site oficial, CVM, a custo zero\u201d, disse. O presidente afirmou ainda que \u201ca imprensa\u201d est\u00e1 acabando como acabou a profiss\u00e3o de datil\u00f3grafo. \u201cJ\u00e1 estamos ajudando assim a n\u00e3o ter desmatamento, porque papel vem de \u00e1rvore. Estamos em uma nova era. Assim como acabou no passado o datil\u00f3grafo, a imprensa est\u00e1 acabando tamb\u00e9m. N\u00e3o \u00e9 s\u00f3 por quest\u00e3o de poder aquisitivo do povo que n\u00e3o est\u00e1 bom. \u00c9 porque n\u00e3o se acha a verdade ali.\u201d Fonte: TERRA &nbsp;\" \/>\n<meta property=\"og:url\" content=\"https:\/\/noticiasemdestaque.com\/cd\/?p=19277\" \/>\n<meta property=\"og:site_name\" content=\"Not&iacute;cias em Destaque\" \/>\n<meta property=\"article:published_time\" content=\"2019-08-23T12:19:32+00:00\" \/>\n<meta property=\"og:image\" content=\"https:\/\/noticiasemdestaque.com\/cd\/wp-content\/uploads\/2019\/04\/antcrz_abr_01031912347-630x420.jpg\" \/>\n\t<meta property=\"og:image:width\" content=\"630\" \/>\n\t<meta property=\"og:image:height\" content=\"420\" \/>\n\t<meta property=\"og:image:type\" content=\"image\/jpeg\" \/>\n<meta name=\"author\" content=\"Not\u00edcias em Destaque\" \/>\n<meta name=\"twitter:card\" content=\"summary_large_image\" \/>\n<meta name=\"twitter:label1\" content=\"Escrito por\" \/>\n\t<meta name=\"twitter:data1\" content=\"Not\u00edcias em Destaque\" \/>\n\t<meta name=\"twitter:label2\" content=\"Est. tempo de leitura\" \/>\n\t<meta name=\"twitter:data2\" content=\"2 minutos\" \/>\n<script type=\"application\/ld+json\" class=\"yoast-schema-graph\">{\"@context\":\"https:\/\/schema.org\",\"@graph\":[{\"@type\":\"Article\",\"@id\":\"https:\/\/noticiasemdestaque.com\/cd\/?p=19277#article\",\"isPartOf\":{\"@id\":\"https:\/\/noticiasemdestaque.com\/cd\/?p=19277\"},\"author\":{\"name\":\"Not\u00edcias em Destaque\",\"@id\":\"https:\/\/noticiasemdestaque.com\/cd\/#\/schema\/person\/3e6ba396ff5664a69c392f09a8e1504c\"},\"headline\":\"Bolsonaro ataca a imprensa e diz que jornal \u201cvai fechar\u201d\",\"datePublished\":\"2019-08-23T12:19:32+00:00\",\"mainEntityOfPage\":{\"@id\":\"https:\/\/noticiasemdestaque.com\/cd\/?p=19277\"},\"wordCount\":444,\"publisher\":{\"@id\":\"https:\/\/noticiasemdestaque.com\/cd\/#organization\"},\"image\":{\"@id\":\"https:\/\/noticiasemdestaque.com\/cd\/?p=19277#primaryimage\"},\"thumbnailUrl\":\"https:\/\/noticiasemdestaque.com\/cd\/wp-content\/uploads\/2019\/04\/antcrz_abr_01031912347-630x420.jpg\",\"articleSection\":[\"Geral\"],\"inLanguage\":\"pt-BR\"},{\"@type\":\"WebPage\",\"@id\":\"https:\/\/noticiasemdestaque.com\/cd\/?p=19277\",\"url\":\"https:\/\/noticiasemdestaque.com\/cd\/?p=19277\",\"name\":\"Bolsonaro ataca a imprensa e diz que jornal \u201cvai fechar\u201d - Not&iacute;cias em Destaque\",\"isPartOf\":{\"@id\":\"https:\/\/noticiasemdestaque.com\/cd\/#website\"},\"primaryImageOfPage\":{\"@id\":\"https:\/\/noticiasemdestaque.com\/cd\/?p=19277#primaryimage\"},\"image\":{\"@id\":\"https:\/\/noticiasemdestaque.com\/cd\/?p=19277#primaryimage\"},\"thumbnailUrl\":\"https:\/\/noticiasemdestaque.com\/cd\/wp-content\/uploads\/2019\/04\/antcrz_abr_01031912347-630x420.jpg\",\"datePublished\":\"2019-08-23T12:19:32+00:00\",\"breadcrumb\":{\"@id\":\"https:\/\/noticiasemdestaque.com\/cd\/?p=19277#breadcrumb\"},\"inLanguage\":\"pt-BR\",\"potentialAction\":[{\"@type\":\"ReadAction\",\"target\":[\"https:\/\/noticiasemdestaque.com\/cd\/?p=19277\"]}]},{\"@type\":\"ImageObject\",\"inLanguage\":\"pt-BR\",\"@id\":\"https:\/\/noticiasemdestaque.com\/cd\/?p=19277#primaryimage\",\"url\":\"https:\/\/noticiasemdestaque.com\/cd\/wp-content\/uploads\/2019\/04\/antcrz_abr_01031912347-630x420.jpg\",\"contentUrl\":\"https:\/\/noticiasemdestaque.com\/cd\/wp-content\/uploads\/2019\/04\/antcrz_abr_01031912347-630x420.jpg\",\"width\":630,\"height\":420},{\"@type\":\"BreadcrumbList\",\"@id\":\"https:\/\/noticiasemdestaque.com\/cd\/?p=19277#breadcrumb\",\"itemListElement\":[{\"@type\":\"ListItem\",\"position\":1,\"name\":\"In\u00edcio\",\"item\":\"https:\/\/noticiasemdestaque.com\/cd\/\"},{\"@type\":\"ListItem\",\"position\":2,\"name\":\"Bolsonaro ataca a imprensa e diz que jornal \u201cvai fechar\u201d\"}]},{\"@type\":\"WebSite\",\"@id\":\"https:\/\/noticiasemdestaque.com\/cd\/#website\",\"url\":\"https:\/\/noticiasemdestaque.com\/cd\/\",\"name\":\"Not&iacute;cias em Destaque\",\"description\":\"\",\"publisher\":{\"@id\":\"https:\/\/noticiasemdestaque.com\/cd\/#organization\"},\"potentialAction\":[{\"@type\":\"SearchAction\",\"target\":{\"@type\":\"EntryPoint\",\"urlTemplate\":\"https:\/\/noticiasemdestaque.com\/cd\/?s={search_term_string}\"},\"query-input\":{\"@type\":\"PropertyValueSpecification\",\"valueRequired\":true,\"valueName\":\"search_term_string\"}}],\"inLanguage\":\"pt-BR\"},{\"@type\":\"Organization\",\"@id\":\"https:\/\/noticiasemdestaque.com\/cd\/#organization\",\"name\":\"Not\u00edcias em Destaque\",\"url\":\"https:\/\/noticiasemdestaque.com\/cd\/\",\"logo\":{\"@type\":\"ImageObject\",\"inLanguage\":\"pt-BR\",\"@id\":\"https:\/\/noticiasemdestaque.com\/cd\/#\/schema\/logo\/image\/\",\"url\":\"https:\/\/noticiasemdestaque.com\/cd\/wp-content\/uploads\/2022\/05\/imagem-base-noticiasemdestaque.png\",\"contentUrl\":\"https:\/\/noticiasemdestaque.com\/cd\/wp-content\/uploads\/2022\/05\/imagem-base-noticiasemdestaque.png\",\"width\":1200,\"height\":630,\"caption\":\"Not\u00edcias em Destaque\"},\"image\":{\"@id\":\"https:\/\/noticiasemdestaque.com\/cd\/#\/schema\/logo\/image\/\"}},{\"@type\":\"Person\",\"@id\":\"https:\/\/noticiasemdestaque.com\/cd\/#\/schema\/person\/3e6ba396ff5664a69c392f09a8e1504c\",\"name\":\"Not\u00edcias em Destaque\",\"url\":\"https:\/\/noticiasemdestaque.com\/cd\/?author=2\"}]}<\/script>\n<!-- \/ Yoast SEO plugin. -->","yoast_head_json":{"title":"Bolsonaro ataca a imprensa e diz que jornal \u201cvai fechar\u201d - Not&iacute;cias em Destaque","robots":{"index":"index","follow":"follow","max-snippet":"max-snippet:-1","max-image-preview":"max-image-preview:large","max-video-preview":"max-video-preview:-1"},"canonical":"https:\/\/noticiasemdestaque.com\/cd\/?p=19277","og_locale":"pt_BR","og_type":"article","og_title":"Bolsonaro ataca a imprensa e diz que jornal \u201cvai fechar\u201d - Not&iacute;cias em Destaque","og_description":"O presidente Jair Bolsonaro voltou a criticar a imprensa nesta quinta-feira, 22, e afirmou que o jornal\u00a0Valor Econ\u00f4mico\u00a0\u201cvai fechar\u201d. O motivo, segundo o presidente, \u00e9 o fim da obrigatoriedade de empresas de capital aberto publicarem seus balan\u00e7os em jornais, previsto em medida provis\u00f3ria editada pelo seu governo no in\u00edcio do m\u00eas. O coment\u00e1rio do presidente foi feito durante caf\u00e9 da manh\u00e3 com representantes da Associa\u00e7\u00e3o Catarinense de Emissoras de R\u00e1dio e Televis\u00e3o (ACAERT), no Pal\u00e1cio do Planalto. \u201cSabe o que eu posso fazer? Chamo o presidente da Petrobr\u00e1s aqui e digo: \u2018Vem c\u00e1,\u00a0(Roberto)\u00a0Castello Branco. Voc\u00ea vai mostrar seu balancete este ano no jornal\u00a0O Globo\u2019\u201d,\u00a0disse o presidente, acrescentando que, mesmo que custasse R$ 10 milh\u00f5es, poderia determinar. \u201cPosso fazer ou n\u00e3o? Vinte p\u00e1ginas de jornais para isso\u00a0(publica\u00e7\u00e3o de balan\u00e7os).E o jornal\u00a0Valor Econ\u00f4mico, que \u00e9 da Globo, vai fechar. N\u00e3o devia falar? N\u00e3o devia falar, mas qual \u00e9 o problema? Ser\u00e1 que eu vou ser um presidente politicamente correto? Uai. \u00c9 isso da\u00ed aqui no Brasil\u201d, afirmou Bolsonaro durante o encontro. A MP permite a empresas com a\u00e7\u00f5es em bolsa a publica\u00e7\u00e3o de seus balan\u00e7os no site da Comiss\u00e3o de Valores Mobili\u00e1rios (CVM) ou no Di\u00e1rio Oficial gratuitamente. Ao anunciar a medida, no dia 6 de agosto, Bolsonaro afirmou que era uma \u201cretribui\u00e7\u00e3o\u201d ao tratamento que recebeu da imprensa. Uma lei sancionada pelo pr\u00f3prio presidente em abril previa que os balan\u00e7os fossem publicados de forma resumida nos jornais a partir de 2022. \u201cH\u00e1 uma briga com a m\u00eddia tradicional, com a grande m\u00eddia, na quest\u00e3o de deturpar\u00a0(informa\u00e7\u00f5es)\u201c, disse o presidente no encontro. Mais cedo, Bolsonaro falou sobra a MP durante conversa com jornalistas. \u201cTirei de voc\u00eas\u00a0(jornalistas)\u00a0R$ 1,2 bilh\u00e3o com publica\u00e7\u00e3o de balancetes. N\u00e3o \u00e9 maldade. \u00c9 bondade e Justi\u00e7a com os empres\u00e1rios, que n\u00e3o aguentam pagar isso para publicar p\u00e1ginas e p\u00e1ginas que ningu\u00e9m l\u00ea. Ent\u00e3o, publica no site oficial, CVM, a custo zero\u201d, disse. O presidente afirmou ainda que \u201ca imprensa\u201d est\u00e1 acabando como acabou a profiss\u00e3o de datil\u00f3grafo. \u201cJ\u00e1 estamos ajudando assim a n\u00e3o ter desmatamento, porque papel vem de \u00e1rvore. Estamos em uma nova era. Assim como acabou no passado o datil\u00f3grafo, a imprensa est\u00e1 acabando tamb\u00e9m. N\u00e3o \u00e9 s\u00f3 por quest\u00e3o de poder aquisitivo do povo que n\u00e3o est\u00e1 bom. \u00c9 porque n\u00e3o se acha a verdade ali.\u201d Fonte: TERRA &nbsp;","og_url":"https:\/\/noticiasemdestaque.com\/cd\/?p=19277","og_site_name":"Not&iacute;cias em Destaque","article_published_time":"2019-08-23T12:19:32+00:00","og_image":[{"width":630,"height":420,"url":"https:\/\/noticiasemdestaque.com\/cd\/wp-content\/uploads\/2019\/04\/antcrz_abr_01031912347-630x420.jpg","type":"image\/jpeg"}],"author":"Not\u00edcias em Destaque","twitter_card":"summary_large_image","twitter_misc":{"Escrito por":"Not\u00edcias em Destaque","Est. tempo de leitura":"2 minutos"},"schema":{"@context":"https:\/\/schema.org","@graph":[{"@type":"Article","@id":"https:\/\/noticiasemdestaque.com\/cd\/?p=19277#article","isPartOf":{"@id":"https:\/\/noticiasemdestaque.com\/cd\/?p=19277"},"author":{"name":"Not\u00edcias em Destaque","@id":"https:\/\/noticiasemdestaque.com\/cd\/#\/schema\/person\/3e6ba396ff5664a69c392f09a8e1504c"},"headline":"Bolsonaro ataca a imprensa e diz que jornal \u201cvai fechar\u201d","datePublished":"2019-08-23T12:19:32+00:00","mainEntityOfPage":{"@id":"https:\/\/noticiasemdestaque.com\/cd\/?p=19277"},"wordCount":444,"publisher":{"@id":"https:\/\/noticiasemdestaque.com\/cd\/#organization"},"image":{"@id":"https:\/\/noticiasemdestaque.com\/cd\/?p=19277#primaryimage"},"thumbnailUrl":"https:\/\/noticiasemdestaque.com\/cd\/wp-content\/uploads\/2019\/04\/antcrz_abr_01031912347-630x420.jpg","articleSection":["Geral"],"inLanguage":"pt-BR"},{"@type":"WebPage","@id":"https:\/\/noticiasemdestaque.com\/cd\/?p=19277","url":"https:\/\/noticiasemdestaque.com\/cd\/?p=19277","name":"Bolsonaro ataca a imprensa e diz que jornal \u201cvai fechar\u201d - Not&iacute;cias em Destaque","isPartOf":{"@id":"https:\/\/noticiasemdestaque.com\/cd\/#website"},"primaryImageOfPage":{"@id":"https:\/\/noticiasemdestaque.com\/cd\/?p=19277#primaryimage"},"image":{"@id":"https:\/\/noticiasemdestaque.com\/cd\/?p=19277#primaryimage"},"thumbnailUrl":"https:\/\/noticiasemdestaque.com\/cd\/wp-content\/uploads\/2019\/04\/antcrz_abr_01031912347-630x420.jpg","datePublished":"2019-08-23T12:19:32+00:00","breadcrumb":{"@id":"https:\/\/noticiasemdestaque.com\/cd\/?p=19277#breadcrumb"},"inLanguage":"pt-BR","potentialAction":[{"@type":"ReadAction","target":["https:\/\/noticiasemdestaque.com\/cd\/?p=19277"]}]},{"@type":"ImageObject","inLanguage":"pt-BR","@id":"https:\/\/noticiasemdestaque.com\/cd\/?p=19277#primaryimage","url":"https:\/\/noticiasemdestaque.com\/cd\/wp-content\/uploads\/2019\/04\/antcrz_abr_01031912347-630x420.jpg","contentUrl":"https:\/\/noticiasemdestaque.com\/cd\/wp-content\/uploads\/2019\/04\/antcrz_abr_01031912347-630x420.jpg","width":630,"height":420},{"@type":"BreadcrumbList","@id":"https:\/\/noticiasemdestaque.com\/cd\/?p=19277#breadcrumb","itemListElement":[{"@type":"ListItem","position":1,"name":"In\u00edcio","item":"https:\/\/noticiasemdestaque.com\/cd\/"},{"@type":"ListItem","position":2,"name":"Bolsonaro ataca a imprensa e diz que jornal \u201cvai fechar\u201d"}]},{"@type":"WebSite","@id":"https:\/\/noticiasemdestaque.com\/cd\/#website","url":"https:\/\/noticiasemdestaque.com\/cd\/","name":"Not&iacute;cias em Destaque","description":"","publisher":{"@id":"https:\/\/noticiasemdestaque.com\/cd\/#organization"},"potentialAction":[{"@type":"SearchAction","target":{"@type":"EntryPoint","urlTemplate":"https:\/\/noticiasemdestaque.com\/cd\/?s={search_term_string}"},"query-input":{"@type":"PropertyValueSpecification","valueRequired":true,"valueName":"search_term_string"}}],"inLanguage":"pt-BR"},{"@type":"Organization","@id":"https:\/\/noticiasemdestaque.com\/cd\/#organization","name":"Not\u00edcias em Destaque","url":"https:\/\/noticiasemdestaque.com\/cd\/","logo":{"@type":"ImageObject","inLanguage":"pt-BR","@id":"https:\/\/noticiasemdestaque.com\/cd\/#\/schema\/logo\/image\/","url":"https:\/\/noticiasemdestaque.com\/cd\/wp-content\/uploads\/2022\/05\/imagem-base-noticiasemdestaque.png","contentUrl":"https:\/\/noticiasemdestaque.com\/cd\/wp-content\/uploads\/2022\/05\/imagem-base-noticiasemdestaque.png","width":1200,"height":630,"caption":"Not\u00edcias em Destaque"},"image":{"@id":"https:\/\/noticiasemdestaque.com\/cd\/#\/schema\/logo\/image\/"}},{"@type":"Person","@id":"https:\/\/noticiasemdestaque.com\/cd\/#\/schema\/person\/3e6ba396ff5664a69c392f09a8e1504c","name":"Not\u00edcias em Destaque","url":"https:\/\/noticiasemdestaque.com\/cd\/?author=2"}]}},"jetpack_featured_media_url":"https:\/\/noticiasemdestaque.com\/cd\/wp-content\/uploads\/2019\/04\/antcrz_abr_01031912347-630x420.jpg","jetpack_sharing_enabled":true,"_links":{"self":[{"href":"https:\/\/noticiasemdestaque.com\/cd\/index.php?rest_route=\/wp\/v2\/posts\/19277","targetHints":{"allow":["GET"]}}],"collection":[{"href":"https:\/\/noticiasemdestaque.com\/cd\/index.php?rest_route=\/wp\/v2\/posts"}],"about":[{"href":"https:\/\/noticiasemdestaque.com\/cd\/index.php?rest_route=\/wp\/v2\/types\/post"}],"author":[{"embeddable":true,"href":"https:\/\/noticiasemdestaque.com\/cd\/index.php?rest_route=\/wp\/v2\/users\/2"}],"replies":[{"embeddable":true,"href":"https:\/\/noticiasemdestaque.com\/cd\/index.php?rest_route=%2Fwp%2Fv2%2Fcomments&post=19277"}],"version-history":[{"count":1,"href":"https:\/\/noticiasemdestaque.com\/cd\/index.php?rest_route=\/wp\/v2\/posts\/19277\/revisions"}],"predecessor-version":[{"id":19278,"href":"https:\/\/noticiasemdestaque.com\/cd\/index.php?rest_route=\/wp\/v2\/posts\/19277\/revisions\/19278"}],"wp:featuredmedia":[{"embeddable":true,"href":"https:\/\/noticiasemdestaque.com\/cd\/index.php?rest_route=\/wp\/v2\/media\/16649"}],"wp:attachment":[{"href":"https:\/\/noticiasemdestaque.com\/cd\/index.php?rest_route=%2Fwp%2Fv2%2Fmedia&parent=19277"}],"wp:term":[{"taxonomy":"category","embeddable":true,"href":"https:\/\/noticiasemdestaque.com\/cd\/index.php?rest_route=%2Fwp%2Fv2%2Fcategories&post=19277"},{"taxonomy":"post_tag","embeddable":true,"href":"https:\/\/noticiasemdestaque.com\/cd\/index.php?rest_route=%2Fwp%2Fv2%2Ftags&post=19277"}],"curies":[{"name":"wp","href":"https:\/\/api.w.org\/{rel}","templated":true}]}}