{"id":192,"date":"2017-06-06T14:15:47","date_gmt":"2017-06-06T17:15:47","guid":{"rendered":"http:\/\/caririemdestaque.com\/cd\/?p=192"},"modified":"2017-06-06T14:15:47","modified_gmt":"2017-06-06T17:15:47","slug":"municipios-paraibanos-podem-ofertar-vacina-contra-gripe-a-populacao-em-geral-apos-atingir-meta","status":"publish","type":"post","link":"https:\/\/noticiasemdestaque.com\/cd\/?p=192","title":{"rendered":"Munic\u00edpios paraibanos podem ofertar vacina contra gripe \u00e0 popula\u00e7\u00e3o em geral ap\u00f3s atingir meta"},"content":{"rendered":"<p>A vacina contra a gripe ser\u00e1 ofertada para a popula\u00e7\u00e3o em geral apenas nos munic\u00edpios que atingiram a meta de cobertura vacinal de 90% dos grupos priorit\u00e1rios. Isso ficou acertado durante reuni\u00e3o entre a Secretaria de Estado da Sa\u00fade (SES) e o Conselho de Secret\u00e1rios Municipais de Sa\u00fade da Para\u00edba (Cosems), em Campina Grande, nesta segunda-feira (5) \u00e0 tarde, com a ressalva de que a vacina\u00e7\u00e3o para as demais pessoas vai depender do estoque dispon\u00edvel na Secretaria Municipal de Sa\u00fade. J\u00e1 para os munic\u00edpios que ainda n\u00e3o atingiram a cobertura vacinal, o recomendado \u00e9 continuar a vacina\u00e7\u00e3o contra influenza voltada para o p\u00fablico alvo j\u00e1 definido at\u00e9 9 de junho.<\/p>\n<p>De acordo com defini\u00e7\u00e3o do Minist\u00e9rio da Sa\u00fade, o p\u00fablico alvo \u00e9 formado por indiv\u00edduos com 60 anos ou mais de idade, crian\u00e7as na faixa et\u00e1ria de 6 meses a menores de 5 anos de idade, gestantes, pu\u00e9rperas, trabalhadores da sa\u00fade, os povos ind\u00edgenas, grupos portadores de doen\u00e7as cr\u00f4nicas n\u00e3o transmiss\u00edveis e outras condi\u00e7\u00f5es cl\u00ednicas especiais, os adolescentes e jovens de 12 a 21 anos de idade sob medidas socioeducativas, a popula\u00e7\u00e3o privada de liberdade e os funcion\u00e1rios do sistema prisional e os professores das escolas p\u00fablicas e privadas.<\/p>\n<p>\u201cOs munic\u00edpios que ainda n\u00e3o atingiram a meta \u00e9 importante que continuem realizando a busca ativa dos n\u00e3o vacinados inclu\u00eddos nos grupos priorit\u00e1rios, a fim de que tenhamos uma cobertura adequada em todo estado\u201d, disse a chefe do N\u00facleo de Imuniza\u00e7\u00e3o da SES, Isiane Queiroga.<\/p>\n<p>A vacina\u00e7\u00e3o contra influenza mostra-se como uma das medidas efetivas para a preven\u00e7\u00e3o da influenza grave (S\u00edndrome Respirat\u00f3ria Aguda Grave), cujo objetivo \u00e9 reduzir as complica\u00e7\u00f5es, as interna\u00e7\u00f5es e a mortalidade decorrentes das infec\u00e7\u00f5es pelo v\u00edrus da influenza, na popula\u00e7\u00e3o alvo para a vacina\u00e7\u00e3o.<\/p>\n<p>Na Para\u00edba, entre os p\u00fablicos-alvo, at\u00e9 o momento, a popula\u00e7\u00e3o ind\u00edgena registra a maior cobertura vacinal: (99,16%), seguido pelas pu\u00e9rperas (82,35%), idosos (82,02%), Trabalhador de sa\u00fade (79,48%) e gestantes (76,31%). Os grupos que apresentam menores coberturas s\u00e3o: professores (58,22%) e crian\u00e7as (67,7%). Al\u00e9m desses grupos foram aplicadas 128.160 doses nos grupos de pessoas com comorbidade, popula\u00e7\u00e3o privada de liberdade e funcion\u00e1rios do sistema prisional.<\/p>\n<p>Na Para\u00edba, a popula\u00e7\u00e3o a ser vacinada \u00e9 de aproximadamente 1.070.000 pessoas, de acordo com o informe t\u00e9cnico do Minist\u00e9rio da Sa\u00fade. O estado recebeu 1.177.000 doses da vacina e foi encaminhado aos munic\u00edpios o quantitativo de doses estimado por grupo priorit\u00e1rio.<\/p>\n<p><strong><em>Cariri em Destaque<\/em><\/strong><\/p>\n<p>Com Secom-PB<\/p>\n","protected":false},"excerpt":{"rendered":"<p>A vacina contra a gripe ser\u00e1 ofertada para a popula\u00e7\u00e3o em geral apenas nos munic\u00edpios que atingiram a meta de cobertura vacinal de 90% dos grupos priorit\u00e1rios. Isso ficou acertado durante reuni\u00e3o entre a Secretaria de Estado da Sa\u00fade (SES) e o Conselho de Secret\u00e1rios Municipais de Sa\u00fade da Para\u00edba (Cosems), em Campina Grande, nesta segunda-feira (5) \u00e0 tarde, com a ressalva de que a vacina\u00e7\u00e3o para as demais pessoas vai depender do estoque dispon\u00edvel na Secretaria Municipal de Sa\u00fade. J\u00e1 para os munic\u00edpios que ainda n\u00e3o atingiram a cobertura vacinal, o recomendado \u00e9 continuar a vacina\u00e7\u00e3o contra influenza voltada para o p\u00fablico alvo j\u00e1 definido at\u00e9 9 de junho. De acordo com defini\u00e7\u00e3o do Minist\u00e9rio da Sa\u00fade, o p\u00fablico alvo \u00e9 formado por indiv\u00edduos com 60 anos ou mais de idade, crian\u00e7as na faixa et\u00e1ria de 6 meses a menores de 5 anos de idade, gestantes, pu\u00e9rperas, trabalhadores da sa\u00fade, os povos ind\u00edgenas, grupos portadores de doen\u00e7as cr\u00f4nicas n\u00e3o transmiss\u00edveis e outras condi\u00e7\u00f5es cl\u00ednicas especiais, os adolescentes e jovens de 12 a 21 anos de idade sob medidas socioeducativas, a popula\u00e7\u00e3o privada de liberdade e os funcion\u00e1rios do sistema prisional e os professores das escolas p\u00fablicas e privadas. \u201cOs munic\u00edpios que ainda n\u00e3o atingiram a meta \u00e9 importante que continuem realizando a busca ativa dos n\u00e3o vacinados inclu\u00eddos nos grupos priorit\u00e1rios, a fim de que tenhamos uma cobertura adequada em todo estado\u201d, disse a chefe do N\u00facleo de Imuniza\u00e7\u00e3o da SES, Isiane Queiroga. A vacina\u00e7\u00e3o contra influenza mostra-se como uma das medidas efetivas para a preven\u00e7\u00e3o da influenza grave (S\u00edndrome Respirat\u00f3ria Aguda Grave), cujo objetivo \u00e9 reduzir as complica\u00e7\u00f5es, as interna\u00e7\u00f5es e a mortalidade decorrentes das infec\u00e7\u00f5es pelo v\u00edrus da influenza, na popula\u00e7\u00e3o alvo para a vacina\u00e7\u00e3o. Na Para\u00edba, entre os p\u00fablicos-alvo, at\u00e9 o momento, a popula\u00e7\u00e3o ind\u00edgena registra a maior cobertura vacinal: (99,16%), seguido pelas pu\u00e9rperas (82,35%), idosos (82,02%), Trabalhador de sa\u00fade (79,48%) e gestantes (76,31%). Os grupos que apresentam menores coberturas s\u00e3o: professores (58,22%) e crian\u00e7as (67,7%). Al\u00e9m desses grupos foram aplicadas 128.160 doses nos grupos de pessoas com comorbidade, popula\u00e7\u00e3o privada de liberdade e funcion\u00e1rios do sistema prisional. Na Para\u00edba, a popula\u00e7\u00e3o a ser vacinada \u00e9 de aproximadamente 1.070.000 pessoas, de acordo com o informe t\u00e9cnico do Minist\u00e9rio da Sa\u00fade. O estado recebeu 1.177.000 doses da vacina e foi encaminhado aos munic\u00edpios o quantitativo de doses estimado por grupo priorit\u00e1rio. Cariri em Destaque Com Secom-PB<\/p>\n","protected":false},"author":2,"featured_media":193,"comment_status":"closed","ping_status":"open","sticky":false,"template":"","format":"standard","meta":{"_eb_attr":"","_jetpack_memberships_contains_paid_content":false,"footnotes":""},"categories":[8],"tags":[],"class_list":["post-192","post","type-post","status-publish","format-standard","has-post-thumbnail","hentry","category-saude"],"yoast_head":"<!-- This site is optimized with the Yoast SEO plugin v26.5 - https:\/\/yoast.com\/wordpress\/plugins\/seo\/ -->\n<title>Munic\u00edpios paraibanos podem ofertar vacina contra gripe \u00e0 popula\u00e7\u00e3o em geral ap\u00f3s atingir meta - Not&iacute;cias em Destaque<\/title>\n<meta name=\"robots\" content=\"index, follow, max-snippet:-1, max-image-preview:large, max-video-preview:-1\" \/>\n<link rel=\"canonical\" href=\"https:\/\/noticiasemdestaque.com\/cd\/?p=192\" \/>\n<meta property=\"og:locale\" content=\"pt_BR\" \/>\n<meta property=\"og:type\" content=\"article\" \/>\n<meta property=\"og:title\" content=\"Munic\u00edpios paraibanos podem ofertar vacina contra gripe \u00e0 popula\u00e7\u00e3o em geral ap\u00f3s atingir meta - Not&iacute;cias em Destaque\" \/>\n<meta property=\"og:description\" content=\"A vacina contra a gripe ser\u00e1 ofertada para a popula\u00e7\u00e3o em geral apenas nos munic\u00edpios que atingiram a meta de cobertura vacinal de 90% dos grupos priorit\u00e1rios. Isso ficou acertado durante reuni\u00e3o entre a Secretaria de Estado da Sa\u00fade (SES) e o Conselho de Secret\u00e1rios Municipais de Sa\u00fade da Para\u00edba (Cosems), em Campina Grande, nesta segunda-feira (5) \u00e0 tarde, com a ressalva de que a vacina\u00e7\u00e3o para as demais pessoas vai depender do estoque dispon\u00edvel na Secretaria Municipal de Sa\u00fade. J\u00e1 para os munic\u00edpios que ainda n\u00e3o atingiram a cobertura vacinal, o recomendado \u00e9 continuar a vacina\u00e7\u00e3o contra influenza voltada para o p\u00fablico alvo j\u00e1 definido at\u00e9 9 de junho. De acordo com defini\u00e7\u00e3o do Minist\u00e9rio da Sa\u00fade, o p\u00fablico alvo \u00e9 formado por indiv\u00edduos com 60 anos ou mais de idade, crian\u00e7as na faixa et\u00e1ria de 6 meses a menores de 5 anos de idade, gestantes, pu\u00e9rperas, trabalhadores da sa\u00fade, os povos ind\u00edgenas, grupos portadores de doen\u00e7as cr\u00f4nicas n\u00e3o transmiss\u00edveis e outras condi\u00e7\u00f5es cl\u00ednicas especiais, os adolescentes e jovens de 12 a 21 anos de idade sob medidas socioeducativas, a popula\u00e7\u00e3o privada de liberdade e os funcion\u00e1rios do sistema prisional e os professores das escolas p\u00fablicas e privadas. \u201cOs munic\u00edpios que ainda n\u00e3o atingiram a meta \u00e9 importante que continuem realizando a busca ativa dos n\u00e3o vacinados inclu\u00eddos nos grupos priorit\u00e1rios, a fim de que tenhamos uma cobertura adequada em todo estado\u201d, disse a chefe do N\u00facleo de Imuniza\u00e7\u00e3o da SES, Isiane Queiroga. A vacina\u00e7\u00e3o contra influenza mostra-se como uma das medidas efetivas para a preven\u00e7\u00e3o da influenza grave (S\u00edndrome Respirat\u00f3ria Aguda Grave), cujo objetivo \u00e9 reduzir as complica\u00e7\u00f5es, as interna\u00e7\u00f5es e a mortalidade decorrentes das infec\u00e7\u00f5es pelo v\u00edrus da influenza, na popula\u00e7\u00e3o alvo para a vacina\u00e7\u00e3o. Na Para\u00edba, entre os p\u00fablicos-alvo, at\u00e9 o momento, a popula\u00e7\u00e3o ind\u00edgena registra a maior cobertura vacinal: (99,16%), seguido pelas pu\u00e9rperas (82,35%), idosos (82,02%), Trabalhador de sa\u00fade (79,48%) e gestantes (76,31%). Os grupos que apresentam menores coberturas s\u00e3o: professores (58,22%) e crian\u00e7as (67,7%). Al\u00e9m desses grupos foram aplicadas 128.160 doses nos grupos de pessoas com comorbidade, popula\u00e7\u00e3o privada de liberdade e funcion\u00e1rios do sistema prisional. Na Para\u00edba, a popula\u00e7\u00e3o a ser vacinada \u00e9 de aproximadamente 1.070.000 pessoas, de acordo com o informe t\u00e9cnico do Minist\u00e9rio da Sa\u00fade. O estado recebeu 1.177.000 doses da vacina e foi encaminhado aos munic\u00edpios o quantitativo de doses estimado por grupo priorit\u00e1rio. Cariri em Destaque Com Secom-PB\" \/>\n<meta property=\"og:url\" content=\"https:\/\/noticiasemdestaque.com\/cd\/?p=192\" \/>\n<meta property=\"og:site_name\" content=\"Not&iacute;cias em Destaque\" \/>\n<meta property=\"article:published_time\" content=\"2017-06-06T17:15:47+00:00\" \/>\n<meta property=\"og:image\" content=\"https:\/\/noticiasemdestaque.com\/cd\/wp-content\/uploads\/2017\/06\/vacina-divulgao.jpg\" \/>\n\t<meta property=\"og:image:width\" content=\"2128\" \/>\n\t<meta property=\"og:image:height\" content=\"1416\" \/>\n\t<meta property=\"og:image:type\" content=\"image\/jpeg\" \/>\n<meta name=\"author\" content=\"Not\u00edcias em Destaque\" \/>\n<meta name=\"twitter:card\" content=\"summary_large_image\" \/>\n<meta name=\"twitter:label1\" content=\"Escrito por\" \/>\n\t<meta name=\"twitter:data1\" content=\"Not\u00edcias em Destaque\" \/>\n\t<meta name=\"twitter:label2\" content=\"Est. tempo de leitura\" \/>\n\t<meta name=\"twitter:data2\" content=\"2 minutos\" \/>\n<script type=\"application\/ld+json\" class=\"yoast-schema-graph\">{\"@context\":\"https:\/\/schema.org\",\"@graph\":[{\"@type\":\"Article\",\"@id\":\"https:\/\/noticiasemdestaque.com\/cd\/?p=192#article\",\"isPartOf\":{\"@id\":\"https:\/\/noticiasemdestaque.com\/cd\/?p=192\"},\"author\":{\"name\":\"Not\u00edcias em Destaque\",\"@id\":\"https:\/\/noticiasemdestaque.com\/cd\/#\/schema\/person\/45ca272b3e1246ef14ebb78a48dbb218\"},\"headline\":\"Munic\u00edpios paraibanos podem ofertar vacina contra gripe \u00e0 popula\u00e7\u00e3o em geral ap\u00f3s atingir meta\",\"datePublished\":\"2017-06-06T17:15:47+00:00\",\"mainEntityOfPage\":{\"@id\":\"https:\/\/noticiasemdestaque.com\/cd\/?p=192\"},\"wordCount\":460,\"publisher\":{\"@id\":\"https:\/\/noticiasemdestaque.com\/cd\/#organization\"},\"image\":{\"@id\":\"https:\/\/noticiasemdestaque.com\/cd\/?p=192#primaryimage\"},\"thumbnailUrl\":\"https:\/\/noticiasemdestaque.com\/cd\/wp-content\/uploads\/2017\/06\/vacina-divulgao.jpg\",\"articleSection\":[\"Sa\u00fade\"],\"inLanguage\":\"pt-BR\"},{\"@type\":\"WebPage\",\"@id\":\"https:\/\/noticiasemdestaque.com\/cd\/?p=192\",\"url\":\"https:\/\/noticiasemdestaque.com\/cd\/?p=192\",\"name\":\"Munic\u00edpios paraibanos podem ofertar vacina contra gripe \u00e0 popula\u00e7\u00e3o em geral ap\u00f3s atingir meta - Not&iacute;cias em Destaque\",\"isPartOf\":{\"@id\":\"https:\/\/noticiasemdestaque.com\/cd\/#website\"},\"primaryImageOfPage\":{\"@id\":\"https:\/\/noticiasemdestaque.com\/cd\/?p=192#primaryimage\"},\"image\":{\"@id\":\"https:\/\/noticiasemdestaque.com\/cd\/?p=192#primaryimage\"},\"thumbnailUrl\":\"https:\/\/noticiasemdestaque.com\/cd\/wp-content\/uploads\/2017\/06\/vacina-divulgao.jpg\",\"datePublished\":\"2017-06-06T17:15:47+00:00\",\"breadcrumb\":{\"@id\":\"https:\/\/noticiasemdestaque.com\/cd\/?p=192#breadcrumb\"},\"inLanguage\":\"pt-BR\",\"potentialAction\":[{\"@type\":\"ReadAction\",\"target\":[\"https:\/\/noticiasemdestaque.com\/cd\/?p=192\"]}]},{\"@type\":\"ImageObject\",\"inLanguage\":\"pt-BR\",\"@id\":\"https:\/\/noticiasemdestaque.com\/cd\/?p=192#primaryimage\",\"url\":\"https:\/\/noticiasemdestaque.com\/cd\/wp-content\/uploads\/2017\/06\/vacina-divulgao.jpg\",\"contentUrl\":\"https:\/\/noticiasemdestaque.com\/cd\/wp-content\/uploads\/2017\/06\/vacina-divulgao.jpg\",\"width\":2128,\"height\":1416},{\"@type\":\"BreadcrumbList\",\"@id\":\"https:\/\/noticiasemdestaque.com\/cd\/?p=192#breadcrumb\",\"itemListElement\":[{\"@type\":\"ListItem\",\"position\":1,\"name\":\"In\u00edcio\",\"item\":\"https:\/\/noticiasemdestaque.com\/cd\/\"},{\"@type\":\"ListItem\",\"position\":2,\"name\":\"Munic\u00edpios paraibanos podem ofertar vacina contra gripe \u00e0 popula\u00e7\u00e3o em geral ap\u00f3s atingir meta\"}]},{\"@type\":\"WebSite\",\"@id\":\"https:\/\/noticiasemdestaque.com\/cd\/#website\",\"url\":\"https:\/\/noticiasemdestaque.com\/cd\/\",\"name\":\"Not&iacute;cias em Destaque\",\"description\":\"\",\"publisher\":{\"@id\":\"https:\/\/noticiasemdestaque.com\/cd\/#organization\"},\"potentialAction\":[{\"@type\":\"SearchAction\",\"target\":{\"@type\":\"EntryPoint\",\"urlTemplate\":\"https:\/\/noticiasemdestaque.com\/cd\/?s={search_term_string}\"},\"query-input\":{\"@type\":\"PropertyValueSpecification\",\"valueRequired\":true,\"valueName\":\"search_term_string\"}}],\"inLanguage\":\"pt-BR\"},{\"@type\":\"Organization\",\"@id\":\"https:\/\/noticiasemdestaque.com\/cd\/#organization\",\"name\":\"Not\u00edcias em Destaque\",\"url\":\"https:\/\/noticiasemdestaque.com\/cd\/\",\"logo\":{\"@type\":\"ImageObject\",\"inLanguage\":\"pt-BR\",\"@id\":\"https:\/\/noticiasemdestaque.com\/cd\/#\/schema\/logo\/image\/\",\"url\":\"https:\/\/noticiasemdestaque.com\/cd\/wp-content\/uploads\/2022\/05\/imagem-base-noticiasemdestaque.png\",\"contentUrl\":\"https:\/\/noticiasemdestaque.com\/cd\/wp-content\/uploads\/2022\/05\/imagem-base-noticiasemdestaque.png\",\"width\":1200,\"height\":630,\"caption\":\"Not\u00edcias em Destaque\"},\"image\":{\"@id\":\"https:\/\/noticiasemdestaque.com\/cd\/#\/schema\/logo\/image\/\"}},{\"@type\":\"Person\",\"@id\":\"https:\/\/noticiasemdestaque.com\/cd\/#\/schema\/person\/45ca272b3e1246ef14ebb78a48dbb218\",\"name\":\"Not\u00edcias em Destaque\",\"url\":\"https:\/\/noticiasemdestaque.com\/cd\/?author=2\"}]}<\/script>\n<!-- \/ Yoast SEO plugin. -->","yoast_head_json":{"title":"Munic\u00edpios paraibanos podem ofertar vacina contra gripe \u00e0 popula\u00e7\u00e3o em geral ap\u00f3s atingir meta - Not&iacute;cias em Destaque","robots":{"index":"index","follow":"follow","max-snippet":"max-snippet:-1","max-image-preview":"max-image-preview:large","max-video-preview":"max-video-preview:-1"},"canonical":"https:\/\/noticiasemdestaque.com\/cd\/?p=192","og_locale":"pt_BR","og_type":"article","og_title":"Munic\u00edpios paraibanos podem ofertar vacina contra gripe \u00e0 popula\u00e7\u00e3o em geral ap\u00f3s atingir meta - Not&iacute;cias em Destaque","og_description":"A vacina contra a gripe ser\u00e1 ofertada para a popula\u00e7\u00e3o em geral apenas nos munic\u00edpios que atingiram a meta de cobertura vacinal de 90% dos grupos priorit\u00e1rios. Isso ficou acertado durante reuni\u00e3o entre a Secretaria de Estado da Sa\u00fade (SES) e o Conselho de Secret\u00e1rios Municipais de Sa\u00fade da Para\u00edba (Cosems), em Campina Grande, nesta segunda-feira (5) \u00e0 tarde, com a ressalva de que a vacina\u00e7\u00e3o para as demais pessoas vai depender do estoque dispon\u00edvel na Secretaria Municipal de Sa\u00fade. J\u00e1 para os munic\u00edpios que ainda n\u00e3o atingiram a cobertura vacinal, o recomendado \u00e9 continuar a vacina\u00e7\u00e3o contra influenza voltada para o p\u00fablico alvo j\u00e1 definido at\u00e9 9 de junho. De acordo com defini\u00e7\u00e3o do Minist\u00e9rio da Sa\u00fade, o p\u00fablico alvo \u00e9 formado por indiv\u00edduos com 60 anos ou mais de idade, crian\u00e7as na faixa et\u00e1ria de 6 meses a menores de 5 anos de idade, gestantes, pu\u00e9rperas, trabalhadores da sa\u00fade, os povos ind\u00edgenas, grupos portadores de doen\u00e7as cr\u00f4nicas n\u00e3o transmiss\u00edveis e outras condi\u00e7\u00f5es cl\u00ednicas especiais, os adolescentes e jovens de 12 a 21 anos de idade sob medidas socioeducativas, a popula\u00e7\u00e3o privada de liberdade e os funcion\u00e1rios do sistema prisional e os professores das escolas p\u00fablicas e privadas. \u201cOs munic\u00edpios que ainda n\u00e3o atingiram a meta \u00e9 importante que continuem realizando a busca ativa dos n\u00e3o vacinados inclu\u00eddos nos grupos priorit\u00e1rios, a fim de que tenhamos uma cobertura adequada em todo estado\u201d, disse a chefe do N\u00facleo de Imuniza\u00e7\u00e3o da SES, Isiane Queiroga. A vacina\u00e7\u00e3o contra influenza mostra-se como uma das medidas efetivas para a preven\u00e7\u00e3o da influenza grave (S\u00edndrome Respirat\u00f3ria Aguda Grave), cujo objetivo \u00e9 reduzir as complica\u00e7\u00f5es, as interna\u00e7\u00f5es e a mortalidade decorrentes das infec\u00e7\u00f5es pelo v\u00edrus da influenza, na popula\u00e7\u00e3o alvo para a vacina\u00e7\u00e3o. Na Para\u00edba, entre os p\u00fablicos-alvo, at\u00e9 o momento, a popula\u00e7\u00e3o ind\u00edgena registra a maior cobertura vacinal: (99,16%), seguido pelas pu\u00e9rperas (82,35%), idosos (82,02%), Trabalhador de sa\u00fade (79,48%) e gestantes (76,31%). Os grupos que apresentam menores coberturas s\u00e3o: professores (58,22%) e crian\u00e7as (67,7%). Al\u00e9m desses grupos foram aplicadas 128.160 doses nos grupos de pessoas com comorbidade, popula\u00e7\u00e3o privada de liberdade e funcion\u00e1rios do sistema prisional. Na Para\u00edba, a popula\u00e7\u00e3o a ser vacinada \u00e9 de aproximadamente 1.070.000 pessoas, de acordo com o informe t\u00e9cnico do Minist\u00e9rio da Sa\u00fade. O estado recebeu 1.177.000 doses da vacina e foi encaminhado aos munic\u00edpios o quantitativo de doses estimado por grupo priorit\u00e1rio. Cariri em Destaque Com Secom-PB","og_url":"https:\/\/noticiasemdestaque.com\/cd\/?p=192","og_site_name":"Not&iacute;cias em Destaque","article_published_time":"2017-06-06T17:15:47+00:00","og_image":[{"width":2128,"height":1416,"url":"https:\/\/noticiasemdestaque.com\/cd\/wp-content\/uploads\/2017\/06\/vacina-divulgao.jpg","type":"image\/jpeg"}],"author":"Not\u00edcias em Destaque","twitter_card":"summary_large_image","twitter_misc":{"Escrito por":"Not\u00edcias em Destaque","Est. tempo de leitura":"2 minutos"},"schema":{"@context":"https:\/\/schema.org","@graph":[{"@type":"Article","@id":"https:\/\/noticiasemdestaque.com\/cd\/?p=192#article","isPartOf":{"@id":"https:\/\/noticiasemdestaque.com\/cd\/?p=192"},"author":{"name":"Not\u00edcias em Destaque","@id":"https:\/\/noticiasemdestaque.com\/cd\/#\/schema\/person\/45ca272b3e1246ef14ebb78a48dbb218"},"headline":"Munic\u00edpios paraibanos podem ofertar vacina contra gripe \u00e0 popula\u00e7\u00e3o em geral ap\u00f3s atingir meta","datePublished":"2017-06-06T17:15:47+00:00","mainEntityOfPage":{"@id":"https:\/\/noticiasemdestaque.com\/cd\/?p=192"},"wordCount":460,"publisher":{"@id":"https:\/\/noticiasemdestaque.com\/cd\/#organization"},"image":{"@id":"https:\/\/noticiasemdestaque.com\/cd\/?p=192#primaryimage"},"thumbnailUrl":"https:\/\/noticiasemdestaque.com\/cd\/wp-content\/uploads\/2017\/06\/vacina-divulgao.jpg","articleSection":["Sa\u00fade"],"inLanguage":"pt-BR"},{"@type":"WebPage","@id":"https:\/\/noticiasemdestaque.com\/cd\/?p=192","url":"https:\/\/noticiasemdestaque.com\/cd\/?p=192","name":"Munic\u00edpios paraibanos podem ofertar vacina contra gripe \u00e0 popula\u00e7\u00e3o em geral ap\u00f3s atingir meta - Not&iacute;cias em Destaque","isPartOf":{"@id":"https:\/\/noticiasemdestaque.com\/cd\/#website"},"primaryImageOfPage":{"@id":"https:\/\/noticiasemdestaque.com\/cd\/?p=192#primaryimage"},"image":{"@id":"https:\/\/noticiasemdestaque.com\/cd\/?p=192#primaryimage"},"thumbnailUrl":"https:\/\/noticiasemdestaque.com\/cd\/wp-content\/uploads\/2017\/06\/vacina-divulgao.jpg","datePublished":"2017-06-06T17:15:47+00:00","breadcrumb":{"@id":"https:\/\/noticiasemdestaque.com\/cd\/?p=192#breadcrumb"},"inLanguage":"pt-BR","potentialAction":[{"@type":"ReadAction","target":["https:\/\/noticiasemdestaque.com\/cd\/?p=192"]}]},{"@type":"ImageObject","inLanguage":"pt-BR","@id":"https:\/\/noticiasemdestaque.com\/cd\/?p=192#primaryimage","url":"https:\/\/noticiasemdestaque.com\/cd\/wp-content\/uploads\/2017\/06\/vacina-divulgao.jpg","contentUrl":"https:\/\/noticiasemdestaque.com\/cd\/wp-content\/uploads\/2017\/06\/vacina-divulgao.jpg","width":2128,"height":1416},{"@type":"BreadcrumbList","@id":"https:\/\/noticiasemdestaque.com\/cd\/?p=192#breadcrumb","itemListElement":[{"@type":"ListItem","position":1,"name":"In\u00edcio","item":"https:\/\/noticiasemdestaque.com\/cd\/"},{"@type":"ListItem","position":2,"name":"Munic\u00edpios paraibanos podem ofertar vacina contra gripe \u00e0 popula\u00e7\u00e3o em geral ap\u00f3s atingir meta"}]},{"@type":"WebSite","@id":"https:\/\/noticiasemdestaque.com\/cd\/#website","url":"https:\/\/noticiasemdestaque.com\/cd\/","name":"Not&iacute;cias em Destaque","description":"","publisher":{"@id":"https:\/\/noticiasemdestaque.com\/cd\/#organization"},"potentialAction":[{"@type":"SearchAction","target":{"@type":"EntryPoint","urlTemplate":"https:\/\/noticiasemdestaque.com\/cd\/?s={search_term_string}"},"query-input":{"@type":"PropertyValueSpecification","valueRequired":true,"valueName":"search_term_string"}}],"inLanguage":"pt-BR"},{"@type":"Organization","@id":"https:\/\/noticiasemdestaque.com\/cd\/#organization","name":"Not\u00edcias em Destaque","url":"https:\/\/noticiasemdestaque.com\/cd\/","logo":{"@type":"ImageObject","inLanguage":"pt-BR","@id":"https:\/\/noticiasemdestaque.com\/cd\/#\/schema\/logo\/image\/","url":"https:\/\/noticiasemdestaque.com\/cd\/wp-content\/uploads\/2022\/05\/imagem-base-noticiasemdestaque.png","contentUrl":"https:\/\/noticiasemdestaque.com\/cd\/wp-content\/uploads\/2022\/05\/imagem-base-noticiasemdestaque.png","width":1200,"height":630,"caption":"Not\u00edcias em Destaque"},"image":{"@id":"https:\/\/noticiasemdestaque.com\/cd\/#\/schema\/logo\/image\/"}},{"@type":"Person","@id":"https:\/\/noticiasemdestaque.com\/cd\/#\/schema\/person\/45ca272b3e1246ef14ebb78a48dbb218","name":"Not\u00edcias em Destaque","url":"https:\/\/noticiasemdestaque.com\/cd\/?author=2"}]}},"jetpack_featured_media_url":"https:\/\/noticiasemdestaque.com\/cd\/wp-content\/uploads\/2017\/06\/vacina-divulgao.jpg","jetpack_sharing_enabled":true,"_links":{"self":[{"href":"https:\/\/noticiasemdestaque.com\/cd\/index.php?rest_route=\/wp\/v2\/posts\/192","targetHints":{"allow":["GET"]}}],"collection":[{"href":"https:\/\/noticiasemdestaque.com\/cd\/index.php?rest_route=\/wp\/v2\/posts"}],"about":[{"href":"https:\/\/noticiasemdestaque.com\/cd\/index.php?rest_route=\/wp\/v2\/types\/post"}],"author":[{"embeddable":true,"href":"https:\/\/noticiasemdestaque.com\/cd\/index.php?rest_route=\/wp\/v2\/users\/2"}],"replies":[{"embeddable":true,"href":"https:\/\/noticiasemdestaque.com\/cd\/index.php?rest_route=%2Fwp%2Fv2%2Fcomments&post=192"}],"version-history":[{"count":1,"href":"https:\/\/noticiasemdestaque.com\/cd\/index.php?rest_route=\/wp\/v2\/posts\/192\/revisions"}],"predecessor-version":[{"id":194,"href":"https:\/\/noticiasemdestaque.com\/cd\/index.php?rest_route=\/wp\/v2\/posts\/192\/revisions\/194"}],"wp:featuredmedia":[{"embeddable":true,"href":"https:\/\/noticiasemdestaque.com\/cd\/index.php?rest_route=\/wp\/v2\/media\/193"}],"wp:attachment":[{"href":"https:\/\/noticiasemdestaque.com\/cd\/index.php?rest_route=%2Fwp%2Fv2%2Fmedia&parent=192"}],"wp:term":[{"taxonomy":"category","embeddable":true,"href":"https:\/\/noticiasemdestaque.com\/cd\/index.php?rest_route=%2Fwp%2Fv2%2Fcategories&post=192"},{"taxonomy":"post_tag","embeddable":true,"href":"https:\/\/noticiasemdestaque.com\/cd\/index.php?rest_route=%2Fwp%2Fv2%2Ftags&post=192"}],"curies":[{"name":"wp","href":"https:\/\/api.w.org\/{rel}","templated":true}]}}