{"id":19039,"date":"2019-08-15T07:13:09","date_gmt":"2019-08-15T10:13:09","guid":{"rendered":"http:\/\/noticiasemdestaque.com\/cd\/?p=19039"},"modified":"2019-08-15T07:13:09","modified_gmt":"2019-08-15T10:13:09","slug":"projeto-que-cria-cadastro-de-pedofilos-na-paraiba-e-aprovado-em-comissao-na-alpb","status":"publish","type":"post","link":"https:\/\/noticiasemdestaque.com\/cd\/?p=19039","title":{"rendered":"Projeto que cria cadastro de ped\u00f3filos na Para\u00edba \u00e9 aprovado em Comiss\u00e3o na ALPB"},"content":{"rendered":"<p class=\" tm_nativeauto\"><a href=\"https:\/\/noticiasemdestaque.com\/cd\/wp-content\/uploads\/2019\/08\/pedofilia.jpg\"><img fetchpriority=\"high\" decoding=\"async\" class=\"alignnone size-full wp-image-19040\" src=\"https:\/\/noticiasemdestaque.com\/cd\/wp-content\/uploads\/2019\/08\/pedofilia.jpg\" alt=\"\" width=\"732\" height=\"549\" srcset=\"https:\/\/noticiasemdestaque.com\/cd\/wp-content\/uploads\/2019\/08\/pedofilia.jpg 732w, https:\/\/noticiasemdestaque.com\/cd\/wp-content\/uploads\/2019\/08\/pedofilia-300x225.jpg 300w, https:\/\/noticiasemdestaque.com\/cd\/wp-content\/uploads\/2019\/08\/pedofilia-640x480.jpg 640w\" sizes=\"(max-width: 732px) 100vw, 732px\" \/><\/a><\/p>\n<p class=\" tm_nativeauto\">A Comiss\u00e3o de Constitui\u00e7\u00e3o, Justi\u00e7a e Reda\u00e7\u00e3o (CCJ) da\u00a0Assembleia Legislativa da Para\u00edba (ALPB)\u00a0aprovou, durante reuni\u00e3o na tarde desta quarta-feira (14), projeto de Lei 371\/2019, de autoria da deputada Camila Toscano, que disp\u00f5e sobre a cria\u00e7\u00e3o do Cadastro Estadual de Ped\u00f3filos no Estado.<\/p>\n<p>De acordo com o projeto, as pessoas que cometerem crime de pedofilia ser\u00e3o inclu\u00eddas no cadastro e ficar\u00e3o impedidas de prestar concurso p\u00fablico nas \u00e1reas de Sa\u00fade e Educa\u00e7\u00e3o do estado. A proposta, que deve seguir para vota\u00e7\u00e3o em plen\u00e1rio nos pr\u00f3ximos dias, determina que o cadastro ficar\u00e1 sob a responsabilidade da secretaria estadual de Seguran\u00e7a e Defesa Social. A mat\u00e9ria foi elogiada pelos membros da CCJ e aprovada por unanimidade.<\/p>\n<p class=\" aBigClassNameToAvoidCollisionInText\">\u201cOs poderes estatais t\u00eam que buscar mecanismos que co\u00edbam a realiza\u00e7\u00e3o desses crimes. A cria\u00e7\u00e3o de um banco de dados contendo informa\u00e7\u00f5es relevantes sobre os ped\u00f3filos vai agilizar a atua\u00e7\u00e3o das autoridades e facilitar a troca de informa\u00e7\u00f5es com outros estados. O cadastro tamb\u00e9m ser\u00e1 uma forma de consulta para que os familiares e entidades defensoras da inf\u00e2ncia e juventude possam ter \u00e1 disposi\u00e7\u00e3o para prote\u00e7\u00e3o dessas pessoas indefesas e que n\u00e3o podem carregar esse trauma pelo resto da vida\u201d, ressaltou Camila Toscano.<\/p>\n<p>Os parlamentares tamb\u00e9m votaram pela derrubada do veto encaminhado pelo Governo do Estado ao projeto do deputado Eduardo Carneiro, que garante a destina\u00e7\u00e3o de espa\u00e7o f\u00edsico em unidades da rede estadual de ensino e de cultura \u00e0s entidades da sociedade civil organizada, associa\u00e7\u00f5es e conselhos, para o desenvolvimento de atividades, forma\u00e7\u00e3o, aperfei\u00e7oamento, lazer e recrea\u00e7\u00e3o. A maioria dos deputados n\u00e3o acompanhou o relat\u00f3rio que era pela inconstitucionalidade do projeto.<\/p>\n<p>Participaram da reuni\u00e3o da CCJ os deputados Pollyanna Dutra (presidente), Edmilson Soares, Junior Ara\u00fajo, Felipe Leit\u00e3o, Tovar Correia Lima, Camila Toscano, Wilson Filho, Taciano Diniz, Cabo Gilberto, Doutor \u00c9rico e Walber Virgolino.<\/p>\n<p>Fonte: WSCOM<\/p>\n","protected":false},"excerpt":{"rendered":"<p>A Comiss\u00e3o de Constitui\u00e7\u00e3o, Justi\u00e7a e Reda\u00e7\u00e3o (CCJ) da\u00a0Assembleia Legislativa da Para\u00edba (ALPB)\u00a0aprovou, durante reuni\u00e3o na tarde desta quarta-feira (14), projeto de Lei 371\/2019, de autoria da deputada Camila Toscano, que disp\u00f5e sobre a cria\u00e7\u00e3o do Cadastro Estadual de Ped\u00f3filos no Estado. De acordo com o projeto, as pessoas que cometerem crime de pedofilia ser\u00e3o inclu\u00eddas no cadastro e ficar\u00e3o impedidas de prestar concurso p\u00fablico nas \u00e1reas de Sa\u00fade e Educa\u00e7\u00e3o do estado. A proposta, que deve seguir para vota\u00e7\u00e3o em plen\u00e1rio nos pr\u00f3ximos dias, determina que o cadastro ficar\u00e1 sob a responsabilidade da secretaria estadual de Seguran\u00e7a e Defesa Social. A mat\u00e9ria foi elogiada pelos membros da CCJ e aprovada por unanimidade. \u201cOs poderes estatais t\u00eam que buscar mecanismos que co\u00edbam a realiza\u00e7\u00e3o desses crimes. A cria\u00e7\u00e3o de um banco de dados contendo informa\u00e7\u00f5es relevantes sobre os ped\u00f3filos vai agilizar a atua\u00e7\u00e3o das autoridades e facilitar a troca de informa\u00e7\u00f5es com outros estados. O cadastro tamb\u00e9m ser\u00e1 uma forma de consulta para que os familiares e entidades defensoras da inf\u00e2ncia e juventude possam ter \u00e1 disposi\u00e7\u00e3o para prote\u00e7\u00e3o dessas pessoas indefesas e que n\u00e3o podem carregar esse trauma pelo resto da vida\u201d, ressaltou Camila Toscano. Os parlamentares tamb\u00e9m votaram pela derrubada do veto encaminhado pelo Governo do Estado ao projeto do deputado Eduardo Carneiro, que garante a destina\u00e7\u00e3o de espa\u00e7o f\u00edsico em unidades da rede estadual de ensino e de cultura \u00e0s entidades da sociedade civil organizada, associa\u00e7\u00f5es e conselhos, para o desenvolvimento de atividades, forma\u00e7\u00e3o, aperfei\u00e7oamento, lazer e recrea\u00e7\u00e3o. A maioria dos deputados n\u00e3o acompanhou o relat\u00f3rio que era pela inconstitucionalidade do projeto. Participaram da reuni\u00e3o da CCJ os deputados Pollyanna Dutra (presidente), Edmilson Soares, Junior Ara\u00fajo, Felipe Leit\u00e3o, Tovar Correia Lima, Camila Toscano, Wilson Filho, Taciano Diniz, Cabo Gilberto, Doutor \u00c9rico e Walber Virgolino. Fonte: WSCOM<\/p>\n","protected":false},"author":2,"featured_media":19040,"comment_status":"closed","ping_status":"open","sticky":false,"template":"","format":"standard","meta":{"_eb_attr":"","_jetpack_memberships_contains_paid_content":false,"footnotes":""},"categories":[4],"tags":[],"class_list":["post-19039","post","type-post","status-publish","format-standard","has-post-thumbnail","hentry","category-politica"],"yoast_head":"<!-- This site is optimized with the Yoast SEO plugin v26.5 - https:\/\/yoast.com\/wordpress\/plugins\/seo\/ -->\n<title>Projeto que cria cadastro de ped\u00f3filos na Para\u00edba \u00e9 aprovado em Comiss\u00e3o na ALPB - Not&iacute;cias em Destaque<\/title>\n<meta name=\"robots\" content=\"index, follow, max-snippet:-1, max-image-preview:large, max-video-preview:-1\" \/>\n<link rel=\"canonical\" href=\"https:\/\/noticiasemdestaque.com\/cd\/?p=19039\" \/>\n<meta property=\"og:locale\" content=\"pt_BR\" \/>\n<meta property=\"og:type\" content=\"article\" \/>\n<meta property=\"og:title\" content=\"Projeto que cria cadastro de ped\u00f3filos na Para\u00edba \u00e9 aprovado em Comiss\u00e3o na ALPB - Not&iacute;cias em Destaque\" \/>\n<meta property=\"og:description\" content=\"A Comiss\u00e3o de Constitui\u00e7\u00e3o, Justi\u00e7a e Reda\u00e7\u00e3o (CCJ) da\u00a0Assembleia Legislativa da Para\u00edba (ALPB)\u00a0aprovou, durante reuni\u00e3o na tarde desta quarta-feira (14), projeto de Lei 371\/2019, de autoria da deputada Camila Toscano, que disp\u00f5e sobre a cria\u00e7\u00e3o do Cadastro Estadual de Ped\u00f3filos no Estado. De acordo com o projeto, as pessoas que cometerem crime de pedofilia ser\u00e3o inclu\u00eddas no cadastro e ficar\u00e3o impedidas de prestar concurso p\u00fablico nas \u00e1reas de Sa\u00fade e Educa\u00e7\u00e3o do estado. A proposta, que deve seguir para vota\u00e7\u00e3o em plen\u00e1rio nos pr\u00f3ximos dias, determina que o cadastro ficar\u00e1 sob a responsabilidade da secretaria estadual de Seguran\u00e7a e Defesa Social. A mat\u00e9ria foi elogiada pelos membros da CCJ e aprovada por unanimidade. \u201cOs poderes estatais t\u00eam que buscar mecanismos que co\u00edbam a realiza\u00e7\u00e3o desses crimes. A cria\u00e7\u00e3o de um banco de dados contendo informa\u00e7\u00f5es relevantes sobre os ped\u00f3filos vai agilizar a atua\u00e7\u00e3o das autoridades e facilitar a troca de informa\u00e7\u00f5es com outros estados. O cadastro tamb\u00e9m ser\u00e1 uma forma de consulta para que os familiares e entidades defensoras da inf\u00e2ncia e juventude possam ter \u00e1 disposi\u00e7\u00e3o para prote\u00e7\u00e3o dessas pessoas indefesas e que n\u00e3o podem carregar esse trauma pelo resto da vida\u201d, ressaltou Camila Toscano. Os parlamentares tamb\u00e9m votaram pela derrubada do veto encaminhado pelo Governo do Estado ao projeto do deputado Eduardo Carneiro, que garante a destina\u00e7\u00e3o de espa\u00e7o f\u00edsico em unidades da rede estadual de ensino e de cultura \u00e0s entidades da sociedade civil organizada, associa\u00e7\u00f5es e conselhos, para o desenvolvimento de atividades, forma\u00e7\u00e3o, aperfei\u00e7oamento, lazer e recrea\u00e7\u00e3o. A maioria dos deputados n\u00e3o acompanhou o relat\u00f3rio que era pela inconstitucionalidade do projeto. Participaram da reuni\u00e3o da CCJ os deputados Pollyanna Dutra (presidente), Edmilson Soares, Junior Ara\u00fajo, Felipe Leit\u00e3o, Tovar Correia Lima, Camila Toscano, Wilson Filho, Taciano Diniz, Cabo Gilberto, Doutor \u00c9rico e Walber Virgolino. Fonte: WSCOM\" \/>\n<meta property=\"og:url\" content=\"https:\/\/noticiasemdestaque.com\/cd\/?p=19039\" \/>\n<meta property=\"og:site_name\" content=\"Not&iacute;cias em Destaque\" \/>\n<meta property=\"article:published_time\" content=\"2019-08-15T10:13:09+00:00\" \/>\n<meta property=\"og:image\" content=\"https:\/\/noticiasemdestaque.com\/cd\/wp-content\/uploads\/2019\/08\/pedofilia.jpg\" \/>\n\t<meta property=\"og:image:width\" content=\"732\" \/>\n\t<meta property=\"og:image:height\" content=\"549\" \/>\n\t<meta property=\"og:image:type\" content=\"image\/jpeg\" \/>\n<meta name=\"author\" content=\"Not\u00edcias em Destaque\" \/>\n<meta name=\"twitter:card\" content=\"summary_large_image\" \/>\n<meta name=\"twitter:label1\" content=\"Escrito por\" \/>\n\t<meta name=\"twitter:data1\" content=\"Not\u00edcias em Destaque\" \/>\n\t<meta name=\"twitter:label2\" content=\"Est. tempo de leitura\" \/>\n\t<meta name=\"twitter:data2\" content=\"2 minutos\" \/>\n<script type=\"application\/ld+json\" class=\"yoast-schema-graph\">{\"@context\":\"https:\/\/schema.org\",\"@graph\":[{\"@type\":\"Article\",\"@id\":\"https:\/\/noticiasemdestaque.com\/cd\/?p=19039#article\",\"isPartOf\":{\"@id\":\"https:\/\/noticiasemdestaque.com\/cd\/?p=19039\"},\"author\":{\"name\":\"Not\u00edcias em Destaque\",\"@id\":\"https:\/\/noticiasemdestaque.com\/cd\/#\/schema\/person\/47f7d4f55eec17c6b2ca036c5500f6ce\"},\"headline\":\"Projeto que cria cadastro de ped\u00f3filos na Para\u00edba \u00e9 aprovado em Comiss\u00e3o na ALPB\",\"datePublished\":\"2019-08-15T10:13:09+00:00\",\"mainEntityOfPage\":{\"@id\":\"https:\/\/noticiasemdestaque.com\/cd\/?p=19039\"},\"wordCount\":360,\"publisher\":{\"@id\":\"https:\/\/noticiasemdestaque.com\/cd\/#organization\"},\"image\":{\"@id\":\"https:\/\/noticiasemdestaque.com\/cd\/?p=19039#primaryimage\"},\"thumbnailUrl\":\"https:\/\/noticiasemdestaque.com\/cd\/wp-content\/uploads\/2019\/08\/pedofilia.jpg\",\"articleSection\":[\"Pol\u00edtica\"],\"inLanguage\":\"pt-BR\"},{\"@type\":\"WebPage\",\"@id\":\"https:\/\/noticiasemdestaque.com\/cd\/?p=19039\",\"url\":\"https:\/\/noticiasemdestaque.com\/cd\/?p=19039\",\"name\":\"Projeto que cria cadastro de ped\u00f3filos na Para\u00edba \u00e9 aprovado em Comiss\u00e3o na ALPB - Not&iacute;cias em Destaque\",\"isPartOf\":{\"@id\":\"https:\/\/noticiasemdestaque.com\/cd\/#website\"},\"primaryImageOfPage\":{\"@id\":\"https:\/\/noticiasemdestaque.com\/cd\/?p=19039#primaryimage\"},\"image\":{\"@id\":\"https:\/\/noticiasemdestaque.com\/cd\/?p=19039#primaryimage\"},\"thumbnailUrl\":\"https:\/\/noticiasemdestaque.com\/cd\/wp-content\/uploads\/2019\/08\/pedofilia.jpg\",\"datePublished\":\"2019-08-15T10:13:09+00:00\",\"breadcrumb\":{\"@id\":\"https:\/\/noticiasemdestaque.com\/cd\/?p=19039#breadcrumb\"},\"inLanguage\":\"pt-BR\",\"potentialAction\":[{\"@type\":\"ReadAction\",\"target\":[\"https:\/\/noticiasemdestaque.com\/cd\/?p=19039\"]}]},{\"@type\":\"ImageObject\",\"inLanguage\":\"pt-BR\",\"@id\":\"https:\/\/noticiasemdestaque.com\/cd\/?p=19039#primaryimage\",\"url\":\"https:\/\/noticiasemdestaque.com\/cd\/wp-content\/uploads\/2019\/08\/pedofilia.jpg\",\"contentUrl\":\"https:\/\/noticiasemdestaque.com\/cd\/wp-content\/uploads\/2019\/08\/pedofilia.jpg\",\"width\":732,\"height\":549},{\"@type\":\"BreadcrumbList\",\"@id\":\"https:\/\/noticiasemdestaque.com\/cd\/?p=19039#breadcrumb\",\"itemListElement\":[{\"@type\":\"ListItem\",\"position\":1,\"name\":\"In\u00edcio\",\"item\":\"https:\/\/noticiasemdestaque.com\/cd\/\"},{\"@type\":\"ListItem\",\"position\":2,\"name\":\"Projeto que cria cadastro de ped\u00f3filos na Para\u00edba \u00e9 aprovado em Comiss\u00e3o na ALPB\"}]},{\"@type\":\"WebSite\",\"@id\":\"https:\/\/noticiasemdestaque.com\/cd\/#website\",\"url\":\"https:\/\/noticiasemdestaque.com\/cd\/\",\"name\":\"Not&iacute;cias em Destaque\",\"description\":\"\",\"publisher\":{\"@id\":\"https:\/\/noticiasemdestaque.com\/cd\/#organization\"},\"potentialAction\":[{\"@type\":\"SearchAction\",\"target\":{\"@type\":\"EntryPoint\",\"urlTemplate\":\"https:\/\/noticiasemdestaque.com\/cd\/?s={search_term_string}\"},\"query-input\":{\"@type\":\"PropertyValueSpecification\",\"valueRequired\":true,\"valueName\":\"search_term_string\"}}],\"inLanguage\":\"pt-BR\"},{\"@type\":\"Organization\",\"@id\":\"https:\/\/noticiasemdestaque.com\/cd\/#organization\",\"name\":\"Not\u00edcias em Destaque\",\"url\":\"https:\/\/noticiasemdestaque.com\/cd\/\",\"logo\":{\"@type\":\"ImageObject\",\"inLanguage\":\"pt-BR\",\"@id\":\"https:\/\/noticiasemdestaque.com\/cd\/#\/schema\/logo\/image\/\",\"url\":\"https:\/\/noticiasemdestaque.com\/cd\/wp-content\/uploads\/2022\/05\/imagem-base-noticiasemdestaque.png\",\"contentUrl\":\"https:\/\/noticiasemdestaque.com\/cd\/wp-content\/uploads\/2022\/05\/imagem-base-noticiasemdestaque.png\",\"width\":1200,\"height\":630,\"caption\":\"Not\u00edcias em Destaque\"},\"image\":{\"@id\":\"https:\/\/noticiasemdestaque.com\/cd\/#\/schema\/logo\/image\/\"}},{\"@type\":\"Person\",\"@id\":\"https:\/\/noticiasemdestaque.com\/cd\/#\/schema\/person\/47f7d4f55eec17c6b2ca036c5500f6ce\",\"name\":\"Not\u00edcias em Destaque\",\"url\":\"https:\/\/noticiasemdestaque.com\/cd\/?author=2\"}]}<\/script>\n<!-- \/ Yoast SEO plugin. -->","yoast_head_json":{"title":"Projeto que cria cadastro de ped\u00f3filos na Para\u00edba \u00e9 aprovado em Comiss\u00e3o na ALPB - Not&iacute;cias em Destaque","robots":{"index":"index","follow":"follow","max-snippet":"max-snippet:-1","max-image-preview":"max-image-preview:large","max-video-preview":"max-video-preview:-1"},"canonical":"https:\/\/noticiasemdestaque.com\/cd\/?p=19039","og_locale":"pt_BR","og_type":"article","og_title":"Projeto que cria cadastro de ped\u00f3filos na Para\u00edba \u00e9 aprovado em Comiss\u00e3o na ALPB - Not&iacute;cias em Destaque","og_description":"A Comiss\u00e3o de Constitui\u00e7\u00e3o, Justi\u00e7a e Reda\u00e7\u00e3o (CCJ) da\u00a0Assembleia Legislativa da Para\u00edba (ALPB)\u00a0aprovou, durante reuni\u00e3o na tarde desta quarta-feira (14), projeto de Lei 371\/2019, de autoria da deputada Camila Toscano, que disp\u00f5e sobre a cria\u00e7\u00e3o do Cadastro Estadual de Ped\u00f3filos no Estado. De acordo com o projeto, as pessoas que cometerem crime de pedofilia ser\u00e3o inclu\u00eddas no cadastro e ficar\u00e3o impedidas de prestar concurso p\u00fablico nas \u00e1reas de Sa\u00fade e Educa\u00e7\u00e3o do estado. A proposta, que deve seguir para vota\u00e7\u00e3o em plen\u00e1rio nos pr\u00f3ximos dias, determina que o cadastro ficar\u00e1 sob a responsabilidade da secretaria estadual de Seguran\u00e7a e Defesa Social. A mat\u00e9ria foi elogiada pelos membros da CCJ e aprovada por unanimidade. \u201cOs poderes estatais t\u00eam que buscar mecanismos que co\u00edbam a realiza\u00e7\u00e3o desses crimes. A cria\u00e7\u00e3o de um banco de dados contendo informa\u00e7\u00f5es relevantes sobre os ped\u00f3filos vai agilizar a atua\u00e7\u00e3o das autoridades e facilitar a troca de informa\u00e7\u00f5es com outros estados. O cadastro tamb\u00e9m ser\u00e1 uma forma de consulta para que os familiares e entidades defensoras da inf\u00e2ncia e juventude possam ter \u00e1 disposi\u00e7\u00e3o para prote\u00e7\u00e3o dessas pessoas indefesas e que n\u00e3o podem carregar esse trauma pelo resto da vida\u201d, ressaltou Camila Toscano. Os parlamentares tamb\u00e9m votaram pela derrubada do veto encaminhado pelo Governo do Estado ao projeto do deputado Eduardo Carneiro, que garante a destina\u00e7\u00e3o de espa\u00e7o f\u00edsico em unidades da rede estadual de ensino e de cultura \u00e0s entidades da sociedade civil organizada, associa\u00e7\u00f5es e conselhos, para o desenvolvimento de atividades, forma\u00e7\u00e3o, aperfei\u00e7oamento, lazer e recrea\u00e7\u00e3o. A maioria dos deputados n\u00e3o acompanhou o relat\u00f3rio que era pela inconstitucionalidade do projeto. Participaram da reuni\u00e3o da CCJ os deputados Pollyanna Dutra (presidente), Edmilson Soares, Junior Ara\u00fajo, Felipe Leit\u00e3o, Tovar Correia Lima, Camila Toscano, Wilson Filho, Taciano Diniz, Cabo Gilberto, Doutor \u00c9rico e Walber Virgolino. Fonte: WSCOM","og_url":"https:\/\/noticiasemdestaque.com\/cd\/?p=19039","og_site_name":"Not&iacute;cias em Destaque","article_published_time":"2019-08-15T10:13:09+00:00","og_image":[{"width":732,"height":549,"url":"https:\/\/noticiasemdestaque.com\/cd\/wp-content\/uploads\/2019\/08\/pedofilia.jpg","type":"image\/jpeg"}],"author":"Not\u00edcias em Destaque","twitter_card":"summary_large_image","twitter_misc":{"Escrito por":"Not\u00edcias em Destaque","Est. tempo de leitura":"2 minutos"},"schema":{"@context":"https:\/\/schema.org","@graph":[{"@type":"Article","@id":"https:\/\/noticiasemdestaque.com\/cd\/?p=19039#article","isPartOf":{"@id":"https:\/\/noticiasemdestaque.com\/cd\/?p=19039"},"author":{"name":"Not\u00edcias em Destaque","@id":"https:\/\/noticiasemdestaque.com\/cd\/#\/schema\/person\/47f7d4f55eec17c6b2ca036c5500f6ce"},"headline":"Projeto que cria cadastro de ped\u00f3filos na Para\u00edba \u00e9 aprovado em Comiss\u00e3o na ALPB","datePublished":"2019-08-15T10:13:09+00:00","mainEntityOfPage":{"@id":"https:\/\/noticiasemdestaque.com\/cd\/?p=19039"},"wordCount":360,"publisher":{"@id":"https:\/\/noticiasemdestaque.com\/cd\/#organization"},"image":{"@id":"https:\/\/noticiasemdestaque.com\/cd\/?p=19039#primaryimage"},"thumbnailUrl":"https:\/\/noticiasemdestaque.com\/cd\/wp-content\/uploads\/2019\/08\/pedofilia.jpg","articleSection":["Pol\u00edtica"],"inLanguage":"pt-BR"},{"@type":"WebPage","@id":"https:\/\/noticiasemdestaque.com\/cd\/?p=19039","url":"https:\/\/noticiasemdestaque.com\/cd\/?p=19039","name":"Projeto que cria cadastro de ped\u00f3filos na Para\u00edba \u00e9 aprovado em Comiss\u00e3o na ALPB - Not&iacute;cias em Destaque","isPartOf":{"@id":"https:\/\/noticiasemdestaque.com\/cd\/#website"},"primaryImageOfPage":{"@id":"https:\/\/noticiasemdestaque.com\/cd\/?p=19039#primaryimage"},"image":{"@id":"https:\/\/noticiasemdestaque.com\/cd\/?p=19039#primaryimage"},"thumbnailUrl":"https:\/\/noticiasemdestaque.com\/cd\/wp-content\/uploads\/2019\/08\/pedofilia.jpg","datePublished":"2019-08-15T10:13:09+00:00","breadcrumb":{"@id":"https:\/\/noticiasemdestaque.com\/cd\/?p=19039#breadcrumb"},"inLanguage":"pt-BR","potentialAction":[{"@type":"ReadAction","target":["https:\/\/noticiasemdestaque.com\/cd\/?p=19039"]}]},{"@type":"ImageObject","inLanguage":"pt-BR","@id":"https:\/\/noticiasemdestaque.com\/cd\/?p=19039#primaryimage","url":"https:\/\/noticiasemdestaque.com\/cd\/wp-content\/uploads\/2019\/08\/pedofilia.jpg","contentUrl":"https:\/\/noticiasemdestaque.com\/cd\/wp-content\/uploads\/2019\/08\/pedofilia.jpg","width":732,"height":549},{"@type":"BreadcrumbList","@id":"https:\/\/noticiasemdestaque.com\/cd\/?p=19039#breadcrumb","itemListElement":[{"@type":"ListItem","position":1,"name":"In\u00edcio","item":"https:\/\/noticiasemdestaque.com\/cd\/"},{"@type":"ListItem","position":2,"name":"Projeto que cria cadastro de ped\u00f3filos na Para\u00edba \u00e9 aprovado em Comiss\u00e3o na ALPB"}]},{"@type":"WebSite","@id":"https:\/\/noticiasemdestaque.com\/cd\/#website","url":"https:\/\/noticiasemdestaque.com\/cd\/","name":"Not&iacute;cias em Destaque","description":"","publisher":{"@id":"https:\/\/noticiasemdestaque.com\/cd\/#organization"},"potentialAction":[{"@type":"SearchAction","target":{"@type":"EntryPoint","urlTemplate":"https:\/\/noticiasemdestaque.com\/cd\/?s={search_term_string}"},"query-input":{"@type":"PropertyValueSpecification","valueRequired":true,"valueName":"search_term_string"}}],"inLanguage":"pt-BR"},{"@type":"Organization","@id":"https:\/\/noticiasemdestaque.com\/cd\/#organization","name":"Not\u00edcias em Destaque","url":"https:\/\/noticiasemdestaque.com\/cd\/","logo":{"@type":"ImageObject","inLanguage":"pt-BR","@id":"https:\/\/noticiasemdestaque.com\/cd\/#\/schema\/logo\/image\/","url":"https:\/\/noticiasemdestaque.com\/cd\/wp-content\/uploads\/2022\/05\/imagem-base-noticiasemdestaque.png","contentUrl":"https:\/\/noticiasemdestaque.com\/cd\/wp-content\/uploads\/2022\/05\/imagem-base-noticiasemdestaque.png","width":1200,"height":630,"caption":"Not\u00edcias em Destaque"},"image":{"@id":"https:\/\/noticiasemdestaque.com\/cd\/#\/schema\/logo\/image\/"}},{"@type":"Person","@id":"https:\/\/noticiasemdestaque.com\/cd\/#\/schema\/person\/47f7d4f55eec17c6b2ca036c5500f6ce","name":"Not\u00edcias em Destaque","url":"https:\/\/noticiasemdestaque.com\/cd\/?author=2"}]}},"jetpack_featured_media_url":"https:\/\/noticiasemdestaque.com\/cd\/wp-content\/uploads\/2019\/08\/pedofilia.jpg","jetpack_sharing_enabled":true,"_links":{"self":[{"href":"https:\/\/noticiasemdestaque.com\/cd\/index.php?rest_route=\/wp\/v2\/posts\/19039","targetHints":{"allow":["GET"]}}],"collection":[{"href":"https:\/\/noticiasemdestaque.com\/cd\/index.php?rest_route=\/wp\/v2\/posts"}],"about":[{"href":"https:\/\/noticiasemdestaque.com\/cd\/index.php?rest_route=\/wp\/v2\/types\/post"}],"author":[{"embeddable":true,"href":"https:\/\/noticiasemdestaque.com\/cd\/index.php?rest_route=\/wp\/v2\/users\/2"}],"replies":[{"embeddable":true,"href":"https:\/\/noticiasemdestaque.com\/cd\/index.php?rest_route=%2Fwp%2Fv2%2Fcomments&post=19039"}],"version-history":[{"count":1,"href":"https:\/\/noticiasemdestaque.com\/cd\/index.php?rest_route=\/wp\/v2\/posts\/19039\/revisions"}],"predecessor-version":[{"id":19041,"href":"https:\/\/noticiasemdestaque.com\/cd\/index.php?rest_route=\/wp\/v2\/posts\/19039\/revisions\/19041"}],"wp:featuredmedia":[{"embeddable":true,"href":"https:\/\/noticiasemdestaque.com\/cd\/index.php?rest_route=\/wp\/v2\/media\/19040"}],"wp:attachment":[{"href":"https:\/\/noticiasemdestaque.com\/cd\/index.php?rest_route=%2Fwp%2Fv2%2Fmedia&parent=19039"}],"wp:term":[{"taxonomy":"category","embeddable":true,"href":"https:\/\/noticiasemdestaque.com\/cd\/index.php?rest_route=%2Fwp%2Fv2%2Fcategories&post=19039"},{"taxonomy":"post_tag","embeddable":true,"href":"https:\/\/noticiasemdestaque.com\/cd\/index.php?rest_route=%2Fwp%2Fv2%2Ftags&post=19039"}],"curies":[{"name":"wp","href":"https:\/\/api.w.org\/{rel}","templated":true}]}}