{"id":19037,"date":"2019-08-14T20:42:11","date_gmt":"2019-08-14T23:42:11","guid":{"rendered":"http:\/\/noticiasemdestaque.com\/cd\/?p=19037"},"modified":"2019-08-14T20:42:11","modified_gmt":"2019-08-14T23:42:11","slug":"prefeitura-e-camara-tem-45-vagas-com-remuneracoes-de-ate-r-4-mil","status":"publish","type":"post","link":"https:\/\/noticiasemdestaque.com\/cd\/?p=19037","title":{"rendered":"Prefeitura e C\u00e2mara t\u00eam 45 vagas com remunera\u00e7\u00f5es de at\u00e9 R$ 4 mil"},"content":{"rendered":"<p><a href=\"https:\/\/noticiasemdestaque.com\/cd\/wp-content\/uploads\/2017\/09\/concurso-1.jpg\"><img fetchpriority=\"high\" decoding=\"async\" class=\"wp-image-4299 aligncenter\" src=\"https:\/\/noticiasemdestaque.com\/cd\/wp-content\/uploads\/2017\/09\/concurso-1.jpg\" alt=\"\" width=\"356\" height=\"262\" srcset=\"https:\/\/noticiasemdestaque.com\/cd\/wp-content\/uploads\/2017\/09\/concurso-1.jpg 634w, https:\/\/noticiasemdestaque.com\/cd\/wp-content\/uploads\/2017\/09\/concurso-1-300x221.jpg 300w\" sizes=\"(max-width: 356px) 100vw, 356px\" \/><\/a><\/p>\n<p>A Prefeitura de Brejo do Cruz e a C\u00e2mara Municipal de Princesa Isabel, cidades sertanejas que ficam a 420 km de Jo\u00e3o Pessoa, est\u00e3o com inscri\u00e7\u00f5es abertas para concursos p\u00fablicos. Somando-se as duas entidades, s\u00e3o oferecidas 45 vagas nos n\u00edveis fundamental, m\u00e9dio e superior, com remunera\u00e7\u00f5es de at\u00e9 R$ 4 mil.<\/p>\n<p><strong>Prefeitura de Brejo do Cruz<\/strong><\/p>\n<p>O certame disponibiliza 41 vagas e remunera\u00e7\u00f5es de at\u00e9 R$ 2 mil mais gratifica\u00e7\u00e3o. O prazo de inscri\u00e7\u00f5es foi aberto nessa segunda-feira (12) e ser\u00e1 encerrado no dia 1\u00ba de setembro. Confira o\u00a0<a href=\"http:\/\/apiceconsultoria.com\/Concursos\/49\/pdf\/pdf_4962112082019122549.pdf\">edital do concurso<\/a>.<\/p>\n<p>As inscri\u00e7\u00f5es devem ser feitas no\u00a0<a href=\"http:\/\/apiceconsultoria.com\/inscricoes\/internet.php?id=49\">site da banca organizadora<\/a>. A taxa de participa\u00e7\u00e3o varia de R$ 65 a R$ 95, dependendo do cargo pretendido.<\/p>\n<p>As provas escritas objetivas devem ser aplicadas no dia 6 de outubro. Os locais de provas ser\u00e3o divulgados para os candidatos no dia 30 de setembro.<\/p>\n<p><strong>C\u00e2mara Municipal de Princesa Isabel<\/strong><\/p>\n<p>O concurso oferece quatro vagas: Auxiliar de Servi\u00e7os Gerais (1); Agente Administrativo (1); Contador (1) e Procurador Jur\u00eddico (1). Essas fun\u00e7\u00f5es t\u00eam remunera\u00e7\u00f5es que variam de R$ 998 a R$ 4.000. Todas ser\u00e3o exercidas em jornadas de 30h semanais.\u00a0<a href=\"https:\/\/cdn.gestoreditais.com.br\/edital\/200\/2282\/d11f61967e04a832efcf968834b218ff.pdf\">Veja aqui<\/a>\u00a0o edital.<\/p>\n<p>As inscri\u00e7\u00f5es, feitas no\u00a0<a href=\"https:\/\/advise.listaeditais.com.br\/edital\/ver\/2282\">site da empresa organizadora<\/a>\u00a0das provas, come\u00e7aram \u00e0s 14h dessa ter\u00e7a-feira (13) e v\u00e3o at\u00e9 as 23h59 do dia 6 de setembro de 2019, observado hor\u00e1rio local. As taxas de pagamento s\u00e3o de R$ 60, R$ 80 e R$ 100.<\/p>\n<p>A prova objetiva est\u00e1 prevista para o dia 13 de outubro de 2019.<\/p>\n<p><em><strong>Not\u00edcias em Destaque<\/strong><\/em><\/p>\n<p>Com Portal Correio<\/p>\n<p>&nbsp;<\/p>\n","protected":false},"excerpt":{"rendered":"<p>A Prefeitura de Brejo do Cruz e a C\u00e2mara Municipal de Princesa Isabel, cidades sertanejas que ficam a 420 km de Jo\u00e3o Pessoa, est\u00e3o com inscri\u00e7\u00f5es abertas para concursos p\u00fablicos. Somando-se as duas entidades, s\u00e3o oferecidas 45 vagas nos n\u00edveis fundamental, m\u00e9dio e superior, com remunera\u00e7\u00f5es de at\u00e9 R$ 4 mil. Prefeitura de Brejo do Cruz O certame disponibiliza 41 vagas e remunera\u00e7\u00f5es de at\u00e9 R$ 2 mil mais gratifica\u00e7\u00e3o. O prazo de inscri\u00e7\u00f5es foi aberto nessa segunda-feira (12) e ser\u00e1 encerrado no dia 1\u00ba de setembro. Confira o\u00a0edital do concurso. As inscri\u00e7\u00f5es devem ser feitas no\u00a0site da banca organizadora. A taxa de participa\u00e7\u00e3o varia de R$ 65 a R$ 95, dependendo do cargo pretendido. As provas escritas objetivas devem ser aplicadas no dia 6 de outubro. Os locais de provas ser\u00e3o divulgados para os candidatos no dia 30 de setembro. C\u00e2mara Municipal de Princesa Isabel O concurso oferece quatro vagas: Auxiliar de Servi\u00e7os Gerais (1); Agente Administrativo (1); Contador (1) e Procurador Jur\u00eddico (1). Essas fun\u00e7\u00f5es t\u00eam remunera\u00e7\u00f5es que variam de R$ 998 a R$ 4.000. Todas ser\u00e3o exercidas em jornadas de 30h semanais.\u00a0Veja aqui\u00a0o edital. As inscri\u00e7\u00f5es, feitas no\u00a0site da empresa organizadora\u00a0das provas, come\u00e7aram \u00e0s 14h dessa ter\u00e7a-feira (13) e v\u00e3o at\u00e9 as 23h59 do dia 6 de setembro de 2019, observado hor\u00e1rio local. As taxas de pagamento s\u00e3o de R$ 60, R$ 80 e R$ 100. A prova objetiva est\u00e1 prevista para o dia 13 de outubro de 2019. Not\u00edcias em Destaque Com Portal Correio &nbsp;<\/p>\n","protected":false},"author":2,"featured_media":5333,"comment_status":"closed","ping_status":"open","sticky":false,"template":"","format":"standard","meta":{"_eb_attr":"","_jetpack_memberships_contains_paid_content":false,"footnotes":""},"categories":[4],"tags":[],"class_list":["post-19037","post","type-post","status-publish","format-standard","has-post-thumbnail","hentry","category-politica"],"yoast_head":"<!-- This site is optimized with the Yoast SEO plugin v26.5 - https:\/\/yoast.com\/wordpress\/plugins\/seo\/ -->\n<title>Prefeitura e C\u00e2mara t\u00eam 45 vagas com remunera\u00e7\u00f5es de at\u00e9 R$ 4 mil - Not&iacute;cias em Destaque<\/title>\n<meta name=\"robots\" content=\"index, follow, max-snippet:-1, max-image-preview:large, max-video-preview:-1\" \/>\n<link rel=\"canonical\" href=\"https:\/\/noticiasemdestaque.com\/cd\/?p=19037\" \/>\n<meta property=\"og:locale\" content=\"pt_BR\" \/>\n<meta property=\"og:type\" content=\"article\" \/>\n<meta property=\"og:title\" content=\"Prefeitura e C\u00e2mara t\u00eam 45 vagas com remunera\u00e7\u00f5es de at\u00e9 R$ 4 mil - Not&iacute;cias em Destaque\" \/>\n<meta property=\"og:description\" content=\"A Prefeitura de Brejo do Cruz e a C\u00e2mara Municipal de Princesa Isabel, cidades sertanejas que ficam a 420 km de Jo\u00e3o Pessoa, est\u00e3o com inscri\u00e7\u00f5es abertas para concursos p\u00fablicos. Somando-se as duas entidades, s\u00e3o oferecidas 45 vagas nos n\u00edveis fundamental, m\u00e9dio e superior, com remunera\u00e7\u00f5es de at\u00e9 R$ 4 mil. Prefeitura de Brejo do Cruz O certame disponibiliza 41 vagas e remunera\u00e7\u00f5es de at\u00e9 R$ 2 mil mais gratifica\u00e7\u00e3o. O prazo de inscri\u00e7\u00f5es foi aberto nessa segunda-feira (12) e ser\u00e1 encerrado no dia 1\u00ba de setembro. Confira o\u00a0edital do concurso. As inscri\u00e7\u00f5es devem ser feitas no\u00a0site da banca organizadora. A taxa de participa\u00e7\u00e3o varia de R$ 65 a R$ 95, dependendo do cargo pretendido. As provas escritas objetivas devem ser aplicadas no dia 6 de outubro. Os locais de provas ser\u00e3o divulgados para os candidatos no dia 30 de setembro. C\u00e2mara Municipal de Princesa Isabel O concurso oferece quatro vagas: Auxiliar de Servi\u00e7os Gerais (1); Agente Administrativo (1); Contador (1) e Procurador Jur\u00eddico (1). Essas fun\u00e7\u00f5es t\u00eam remunera\u00e7\u00f5es que variam de R$ 998 a R$ 4.000. Todas ser\u00e3o exercidas em jornadas de 30h semanais.\u00a0Veja aqui\u00a0o edital. As inscri\u00e7\u00f5es, feitas no\u00a0site da empresa organizadora\u00a0das provas, come\u00e7aram \u00e0s 14h dessa ter\u00e7a-feira (13) e v\u00e3o at\u00e9 as 23h59 do dia 6 de setembro de 2019, observado hor\u00e1rio local. As taxas de pagamento s\u00e3o de R$ 60, R$ 80 e R$ 100. A prova objetiva est\u00e1 prevista para o dia 13 de outubro de 2019. Not\u00edcias em Destaque Com Portal Correio &nbsp;\" \/>\n<meta property=\"og:url\" content=\"https:\/\/noticiasemdestaque.com\/cd\/?p=19037\" \/>\n<meta property=\"og:site_name\" content=\"Not&iacute;cias em Destaque\" \/>\n<meta property=\"article:published_time\" content=\"2019-08-14T23:42:11+00:00\" \/>\n<meta property=\"og:image\" content=\"https:\/\/noticiasemdestaque.com\/cd\/wp-content\/uploads\/2017\/10\/Concursos-RN_01-1.jpg\" \/>\n\t<meta property=\"og:image:width\" content=\"2692\" \/>\n\t<meta property=\"og:image:height\" content=\"1435\" \/>\n\t<meta property=\"og:image:type\" content=\"image\/jpeg\" \/>\n<meta name=\"author\" content=\"Not\u00edcias em Destaque\" \/>\n<meta name=\"twitter:card\" content=\"summary_large_image\" \/>\n<meta name=\"twitter:label1\" content=\"Escrito por\" \/>\n\t<meta name=\"twitter:data1\" content=\"Not\u00edcias em Destaque\" \/>\n\t<meta name=\"twitter:label2\" content=\"Est. tempo de leitura\" \/>\n\t<meta name=\"twitter:data2\" content=\"1 minuto\" \/>\n<script type=\"application\/ld+json\" class=\"yoast-schema-graph\">{\"@context\":\"https:\/\/schema.org\",\"@graph\":[{\"@type\":\"Article\",\"@id\":\"https:\/\/noticiasemdestaque.com\/cd\/?p=19037#article\",\"isPartOf\":{\"@id\":\"https:\/\/noticiasemdestaque.com\/cd\/?p=19037\"},\"author\":{\"name\":\"Not\u00edcias em Destaque\",\"@id\":\"https:\/\/noticiasemdestaque.com\/cd\/#\/schema\/person\/47f7d4f55eec17c6b2ca036c5500f6ce\"},\"headline\":\"Prefeitura e C\u00e2mara t\u00eam 45 vagas com remunera\u00e7\u00f5es de at\u00e9 R$ 4 mil\",\"datePublished\":\"2019-08-14T23:42:11+00:00\",\"mainEntityOfPage\":{\"@id\":\"https:\/\/noticiasemdestaque.com\/cd\/?p=19037\"},\"wordCount\":273,\"publisher\":{\"@id\":\"https:\/\/noticiasemdestaque.com\/cd\/#organization\"},\"image\":{\"@id\":\"https:\/\/noticiasemdestaque.com\/cd\/?p=19037#primaryimage\"},\"thumbnailUrl\":\"https:\/\/noticiasemdestaque.com\/cd\/wp-content\/uploads\/2017\/10\/Concursos-RN_01-1.jpg\",\"articleSection\":[\"Pol\u00edtica\"],\"inLanguage\":\"pt-BR\"},{\"@type\":\"WebPage\",\"@id\":\"https:\/\/noticiasemdestaque.com\/cd\/?p=19037\",\"url\":\"https:\/\/noticiasemdestaque.com\/cd\/?p=19037\",\"name\":\"Prefeitura e C\u00e2mara t\u00eam 45 vagas com remunera\u00e7\u00f5es de at\u00e9 R$ 4 mil - Not&iacute;cias em Destaque\",\"isPartOf\":{\"@id\":\"https:\/\/noticiasemdestaque.com\/cd\/#website\"},\"primaryImageOfPage\":{\"@id\":\"https:\/\/noticiasemdestaque.com\/cd\/?p=19037#primaryimage\"},\"image\":{\"@id\":\"https:\/\/noticiasemdestaque.com\/cd\/?p=19037#primaryimage\"},\"thumbnailUrl\":\"https:\/\/noticiasemdestaque.com\/cd\/wp-content\/uploads\/2017\/10\/Concursos-RN_01-1.jpg\",\"datePublished\":\"2019-08-14T23:42:11+00:00\",\"breadcrumb\":{\"@id\":\"https:\/\/noticiasemdestaque.com\/cd\/?p=19037#breadcrumb\"},\"inLanguage\":\"pt-BR\",\"potentialAction\":[{\"@type\":\"ReadAction\",\"target\":[\"https:\/\/noticiasemdestaque.com\/cd\/?p=19037\"]}]},{\"@type\":\"ImageObject\",\"inLanguage\":\"pt-BR\",\"@id\":\"https:\/\/noticiasemdestaque.com\/cd\/?p=19037#primaryimage\",\"url\":\"https:\/\/noticiasemdestaque.com\/cd\/wp-content\/uploads\/2017\/10\/Concursos-RN_01-1.jpg\",\"contentUrl\":\"https:\/\/noticiasemdestaque.com\/cd\/wp-content\/uploads\/2017\/10\/Concursos-RN_01-1.jpg\",\"width\":2692,\"height\":1435},{\"@type\":\"BreadcrumbList\",\"@id\":\"https:\/\/noticiasemdestaque.com\/cd\/?p=19037#breadcrumb\",\"itemListElement\":[{\"@type\":\"ListItem\",\"position\":1,\"name\":\"In\u00edcio\",\"item\":\"https:\/\/noticiasemdestaque.com\/cd\/\"},{\"@type\":\"ListItem\",\"position\":2,\"name\":\"Prefeitura e C\u00e2mara t\u00eam 45 vagas com remunera\u00e7\u00f5es de at\u00e9 R$ 4 mil\"}]},{\"@type\":\"WebSite\",\"@id\":\"https:\/\/noticiasemdestaque.com\/cd\/#website\",\"url\":\"https:\/\/noticiasemdestaque.com\/cd\/\",\"name\":\"Not&iacute;cias em Destaque\",\"description\":\"\",\"publisher\":{\"@id\":\"https:\/\/noticiasemdestaque.com\/cd\/#organization\"},\"potentialAction\":[{\"@type\":\"SearchAction\",\"target\":{\"@type\":\"EntryPoint\",\"urlTemplate\":\"https:\/\/noticiasemdestaque.com\/cd\/?s={search_term_string}\"},\"query-input\":{\"@type\":\"PropertyValueSpecification\",\"valueRequired\":true,\"valueName\":\"search_term_string\"}}],\"inLanguage\":\"pt-BR\"},{\"@type\":\"Organization\",\"@id\":\"https:\/\/noticiasemdestaque.com\/cd\/#organization\",\"name\":\"Not\u00edcias em Destaque\",\"url\":\"https:\/\/noticiasemdestaque.com\/cd\/\",\"logo\":{\"@type\":\"ImageObject\",\"inLanguage\":\"pt-BR\",\"@id\":\"https:\/\/noticiasemdestaque.com\/cd\/#\/schema\/logo\/image\/\",\"url\":\"https:\/\/noticiasemdestaque.com\/cd\/wp-content\/uploads\/2022\/05\/imagem-base-noticiasemdestaque.png\",\"contentUrl\":\"https:\/\/noticiasemdestaque.com\/cd\/wp-content\/uploads\/2022\/05\/imagem-base-noticiasemdestaque.png\",\"width\":1200,\"height\":630,\"caption\":\"Not\u00edcias em Destaque\"},\"image\":{\"@id\":\"https:\/\/noticiasemdestaque.com\/cd\/#\/schema\/logo\/image\/\"}},{\"@type\":\"Person\",\"@id\":\"https:\/\/noticiasemdestaque.com\/cd\/#\/schema\/person\/47f7d4f55eec17c6b2ca036c5500f6ce\",\"name\":\"Not\u00edcias em Destaque\",\"url\":\"https:\/\/noticiasemdestaque.com\/cd\/?author=2\"}]}<\/script>\n<!-- \/ Yoast SEO plugin. -->","yoast_head_json":{"title":"Prefeitura e C\u00e2mara t\u00eam 45 vagas com remunera\u00e7\u00f5es de at\u00e9 R$ 4 mil - Not&iacute;cias em Destaque","robots":{"index":"index","follow":"follow","max-snippet":"max-snippet:-1","max-image-preview":"max-image-preview:large","max-video-preview":"max-video-preview:-1"},"canonical":"https:\/\/noticiasemdestaque.com\/cd\/?p=19037","og_locale":"pt_BR","og_type":"article","og_title":"Prefeitura e C\u00e2mara t\u00eam 45 vagas com remunera\u00e7\u00f5es de at\u00e9 R$ 4 mil - Not&iacute;cias em Destaque","og_description":"A Prefeitura de Brejo do Cruz e a C\u00e2mara Municipal de Princesa Isabel, cidades sertanejas que ficam a 420 km de Jo\u00e3o Pessoa, est\u00e3o com inscri\u00e7\u00f5es abertas para concursos p\u00fablicos. Somando-se as duas entidades, s\u00e3o oferecidas 45 vagas nos n\u00edveis fundamental, m\u00e9dio e superior, com remunera\u00e7\u00f5es de at\u00e9 R$ 4 mil. Prefeitura de Brejo do Cruz O certame disponibiliza 41 vagas e remunera\u00e7\u00f5es de at\u00e9 R$ 2 mil mais gratifica\u00e7\u00e3o. O prazo de inscri\u00e7\u00f5es foi aberto nessa segunda-feira (12) e ser\u00e1 encerrado no dia 1\u00ba de setembro. Confira o\u00a0edital do concurso. As inscri\u00e7\u00f5es devem ser feitas no\u00a0site da banca organizadora. A taxa de participa\u00e7\u00e3o varia de R$ 65 a R$ 95, dependendo do cargo pretendido. As provas escritas objetivas devem ser aplicadas no dia 6 de outubro. Os locais de provas ser\u00e3o divulgados para os candidatos no dia 30 de setembro. C\u00e2mara Municipal de Princesa Isabel O concurso oferece quatro vagas: Auxiliar de Servi\u00e7os Gerais (1); Agente Administrativo (1); Contador (1) e Procurador Jur\u00eddico (1). Essas fun\u00e7\u00f5es t\u00eam remunera\u00e7\u00f5es que variam de R$ 998 a R$ 4.000. Todas ser\u00e3o exercidas em jornadas de 30h semanais.\u00a0Veja aqui\u00a0o edital. As inscri\u00e7\u00f5es, feitas no\u00a0site da empresa organizadora\u00a0das provas, come\u00e7aram \u00e0s 14h dessa ter\u00e7a-feira (13) e v\u00e3o at\u00e9 as 23h59 do dia 6 de setembro de 2019, observado hor\u00e1rio local. As taxas de pagamento s\u00e3o de R$ 60, R$ 80 e R$ 100. A prova objetiva est\u00e1 prevista para o dia 13 de outubro de 2019. Not\u00edcias em Destaque Com Portal Correio &nbsp;","og_url":"https:\/\/noticiasemdestaque.com\/cd\/?p=19037","og_site_name":"Not&iacute;cias em Destaque","article_published_time":"2019-08-14T23:42:11+00:00","og_image":[{"width":2692,"height":1435,"url":"https:\/\/noticiasemdestaque.com\/cd\/wp-content\/uploads\/2017\/10\/Concursos-RN_01-1.jpg","type":"image\/jpeg"}],"author":"Not\u00edcias em Destaque","twitter_card":"summary_large_image","twitter_misc":{"Escrito por":"Not\u00edcias em Destaque","Est. tempo de leitura":"1 minuto"},"schema":{"@context":"https:\/\/schema.org","@graph":[{"@type":"Article","@id":"https:\/\/noticiasemdestaque.com\/cd\/?p=19037#article","isPartOf":{"@id":"https:\/\/noticiasemdestaque.com\/cd\/?p=19037"},"author":{"name":"Not\u00edcias em Destaque","@id":"https:\/\/noticiasemdestaque.com\/cd\/#\/schema\/person\/47f7d4f55eec17c6b2ca036c5500f6ce"},"headline":"Prefeitura e C\u00e2mara t\u00eam 45 vagas com remunera\u00e7\u00f5es de at\u00e9 R$ 4 mil","datePublished":"2019-08-14T23:42:11+00:00","mainEntityOfPage":{"@id":"https:\/\/noticiasemdestaque.com\/cd\/?p=19037"},"wordCount":273,"publisher":{"@id":"https:\/\/noticiasemdestaque.com\/cd\/#organization"},"image":{"@id":"https:\/\/noticiasemdestaque.com\/cd\/?p=19037#primaryimage"},"thumbnailUrl":"https:\/\/noticiasemdestaque.com\/cd\/wp-content\/uploads\/2017\/10\/Concursos-RN_01-1.jpg","articleSection":["Pol\u00edtica"],"inLanguage":"pt-BR"},{"@type":"WebPage","@id":"https:\/\/noticiasemdestaque.com\/cd\/?p=19037","url":"https:\/\/noticiasemdestaque.com\/cd\/?p=19037","name":"Prefeitura e C\u00e2mara t\u00eam 45 vagas com remunera\u00e7\u00f5es de at\u00e9 R$ 4 mil - Not&iacute;cias em Destaque","isPartOf":{"@id":"https:\/\/noticiasemdestaque.com\/cd\/#website"},"primaryImageOfPage":{"@id":"https:\/\/noticiasemdestaque.com\/cd\/?p=19037#primaryimage"},"image":{"@id":"https:\/\/noticiasemdestaque.com\/cd\/?p=19037#primaryimage"},"thumbnailUrl":"https:\/\/noticiasemdestaque.com\/cd\/wp-content\/uploads\/2017\/10\/Concursos-RN_01-1.jpg","datePublished":"2019-08-14T23:42:11+00:00","breadcrumb":{"@id":"https:\/\/noticiasemdestaque.com\/cd\/?p=19037#breadcrumb"},"inLanguage":"pt-BR","potentialAction":[{"@type":"ReadAction","target":["https:\/\/noticiasemdestaque.com\/cd\/?p=19037"]}]},{"@type":"ImageObject","inLanguage":"pt-BR","@id":"https:\/\/noticiasemdestaque.com\/cd\/?p=19037#primaryimage","url":"https:\/\/noticiasemdestaque.com\/cd\/wp-content\/uploads\/2017\/10\/Concursos-RN_01-1.jpg","contentUrl":"https:\/\/noticiasemdestaque.com\/cd\/wp-content\/uploads\/2017\/10\/Concursos-RN_01-1.jpg","width":2692,"height":1435},{"@type":"BreadcrumbList","@id":"https:\/\/noticiasemdestaque.com\/cd\/?p=19037#breadcrumb","itemListElement":[{"@type":"ListItem","position":1,"name":"In\u00edcio","item":"https:\/\/noticiasemdestaque.com\/cd\/"},{"@type":"ListItem","position":2,"name":"Prefeitura e C\u00e2mara t\u00eam 45 vagas com remunera\u00e7\u00f5es de at\u00e9 R$ 4 mil"}]},{"@type":"WebSite","@id":"https:\/\/noticiasemdestaque.com\/cd\/#website","url":"https:\/\/noticiasemdestaque.com\/cd\/","name":"Not&iacute;cias em Destaque","description":"","publisher":{"@id":"https:\/\/noticiasemdestaque.com\/cd\/#organization"},"potentialAction":[{"@type":"SearchAction","target":{"@type":"EntryPoint","urlTemplate":"https:\/\/noticiasemdestaque.com\/cd\/?s={search_term_string}"},"query-input":{"@type":"PropertyValueSpecification","valueRequired":true,"valueName":"search_term_string"}}],"inLanguage":"pt-BR"},{"@type":"Organization","@id":"https:\/\/noticiasemdestaque.com\/cd\/#organization","name":"Not\u00edcias em Destaque","url":"https:\/\/noticiasemdestaque.com\/cd\/","logo":{"@type":"ImageObject","inLanguage":"pt-BR","@id":"https:\/\/noticiasemdestaque.com\/cd\/#\/schema\/logo\/image\/","url":"https:\/\/noticiasemdestaque.com\/cd\/wp-content\/uploads\/2022\/05\/imagem-base-noticiasemdestaque.png","contentUrl":"https:\/\/noticiasemdestaque.com\/cd\/wp-content\/uploads\/2022\/05\/imagem-base-noticiasemdestaque.png","width":1200,"height":630,"caption":"Not\u00edcias em Destaque"},"image":{"@id":"https:\/\/noticiasemdestaque.com\/cd\/#\/schema\/logo\/image\/"}},{"@type":"Person","@id":"https:\/\/noticiasemdestaque.com\/cd\/#\/schema\/person\/47f7d4f55eec17c6b2ca036c5500f6ce","name":"Not\u00edcias em Destaque","url":"https:\/\/noticiasemdestaque.com\/cd\/?author=2"}]}},"jetpack_featured_media_url":"https:\/\/noticiasemdestaque.com\/cd\/wp-content\/uploads\/2017\/10\/Concursos-RN_01-1.jpg","jetpack_sharing_enabled":true,"_links":{"self":[{"href":"https:\/\/noticiasemdestaque.com\/cd\/index.php?rest_route=\/wp\/v2\/posts\/19037","targetHints":{"allow":["GET"]}}],"collection":[{"href":"https:\/\/noticiasemdestaque.com\/cd\/index.php?rest_route=\/wp\/v2\/posts"}],"about":[{"href":"https:\/\/noticiasemdestaque.com\/cd\/index.php?rest_route=\/wp\/v2\/types\/post"}],"author":[{"embeddable":true,"href":"https:\/\/noticiasemdestaque.com\/cd\/index.php?rest_route=\/wp\/v2\/users\/2"}],"replies":[{"embeddable":true,"href":"https:\/\/noticiasemdestaque.com\/cd\/index.php?rest_route=%2Fwp%2Fv2%2Fcomments&post=19037"}],"version-history":[{"count":1,"href":"https:\/\/noticiasemdestaque.com\/cd\/index.php?rest_route=\/wp\/v2\/posts\/19037\/revisions"}],"predecessor-version":[{"id":19038,"href":"https:\/\/noticiasemdestaque.com\/cd\/index.php?rest_route=\/wp\/v2\/posts\/19037\/revisions\/19038"}],"wp:featuredmedia":[{"embeddable":true,"href":"https:\/\/noticiasemdestaque.com\/cd\/index.php?rest_route=\/wp\/v2\/media\/5333"}],"wp:attachment":[{"href":"https:\/\/noticiasemdestaque.com\/cd\/index.php?rest_route=%2Fwp%2Fv2%2Fmedia&parent=19037"}],"wp:term":[{"taxonomy":"category","embeddable":true,"href":"https:\/\/noticiasemdestaque.com\/cd\/index.php?rest_route=%2Fwp%2Fv2%2Fcategories&post=19037"},{"taxonomy":"post_tag","embeddable":true,"href":"https:\/\/noticiasemdestaque.com\/cd\/index.php?rest_route=%2Fwp%2Fv2%2Ftags&post=19037"}],"curies":[{"name":"wp","href":"https:\/\/api.w.org\/{rel}","templated":true}]}}