{"id":19031,"date":"2019-08-14T19:54:27","date_gmt":"2019-08-14T22:54:27","guid":{"rendered":"http:\/\/noticiasemdestaque.com\/cd\/?p=19031"},"modified":"2019-08-14T19:54:27","modified_gmt":"2019-08-14T22:54:27","slug":"estudante-da-rede-municipal-de-ensino-de-sume-e-campeao-de-judo-nos-jogos-escolares-da-paraiba","status":"publish","type":"post","link":"https:\/\/noticiasemdestaque.com\/cd\/?p=19031","title":{"rendered":"Estudante da rede municipal de ensino de Sum\u00e9 \u00e9 campe\u00e3o de jud\u00f4 nos jogos escolares da Para\u00edba"},"content":{"rendered":"<p><a href=\"https:\/\/noticiasemdestaque.com\/cd\/wp-content\/uploads\/2019\/08\/68907117_2938877682850984_8233435839527387136_n.jpg\"><img fetchpriority=\"high\" decoding=\"async\" class=\"wp-image-19032 aligncenter\" src=\"https:\/\/noticiasemdestaque.com\/cd\/wp-content\/uploads\/2019\/08\/68907117_2938877682850984_8233435839527387136_n.jpg\" alt=\"\" width=\"510\" height=\"356\" srcset=\"https:\/\/noticiasemdestaque.com\/cd\/wp-content\/uploads\/2019\/08\/68907117_2938877682850984_8233435839527387136_n.jpg 619w, https:\/\/noticiasemdestaque.com\/cd\/wp-content\/uploads\/2019\/08\/68907117_2938877682850984_8233435839527387136_n-300x209.jpg 300w\" sizes=\"(max-width: 510px) 100vw, 510px\" \/><\/a><\/p>\n<p>O estudante do 4\u00b0 ano da Escola Maria Leite Rafael, Victor Kayky foi campe\u00e3o paraibano de jud\u00f4 nos Jogos Escolares e Paraescolares da Para\u00edba, que acontece em Jo\u00e3o Pessoa. A competi\u00e7\u00e3o envolve alunos-atletas das institui\u00e7\u00f5es de ensino p\u00fablicas e particulares.<\/p>\n<p>Com a vit\u00f3ria, Victor se classificou para representar a Para\u00edba na etapa nacional, nos Jogos Escolares da Juventude que ser\u00e1 realizado em Santa Catarina.<\/p>\n<p>Outros alunos da rede municipal de ensino de Sum\u00e9 e que fazem parte do Projeto Ol\u00edmpico do Cariri tamb\u00e9m ganharam medalhas na etapa estadual. Foram eles:<\/p>\n<p>\u2013 Joaquim Ricardo (Escola Agrot\u00e9cnica): 2\u00b0 lugar;<\/p>\n<p>\u2013 Igor Alc\u00e2ntara (Escola Presidente Vargas): 2\u00b0 lugar;<\/p>\n<p>\u2013 Mateus Bispo (Escola Presidente Vargas): 3\u00b0 lugar;<\/p>\n<p>\u2013 Pedro Ant\u00f4nio (Escola Jos\u00e9 Gon\u00e7alves de Queiroz): \u00a03\u00b0 lugar<\/p>\n<p>A aluna do 7\u00b0 ano da Escola Municipal Padre Paulo Roberto, Edmylla Mariana, participou dos jogos escolares da Para\u00edba, na modalidade esportiva Atletismo, na prova dos 250m rasos da categoria A. Ela ficou com a quarta coloca\u00e7\u00e3o geral.<\/p>\n<p>O atleta Carlos William da Silva Freitas, tamb\u00e9m se classificou para os Jogos Escolares da Juventude, em Santa Catarina.<\/p>\n<p>Ascom PMS<\/p>\n","protected":false},"excerpt":{"rendered":"<p>O estudante do 4\u00b0 ano da Escola Maria Leite Rafael, Victor Kayky foi campe\u00e3o paraibano de jud\u00f4 nos Jogos Escolares e Paraescolares da Para\u00edba, que acontece em Jo\u00e3o Pessoa. A competi\u00e7\u00e3o envolve alunos-atletas das institui\u00e7\u00f5es de ensino p\u00fablicas e particulares. Com a vit\u00f3ria, Victor se classificou para representar a Para\u00edba na etapa nacional, nos Jogos Escolares da Juventude que ser\u00e1 realizado em Santa Catarina. Outros alunos da rede municipal de ensino de Sum\u00e9 e que fazem parte do Projeto Ol\u00edmpico do Cariri tamb\u00e9m ganharam medalhas na etapa estadual. Foram eles: \u2013 Joaquim Ricardo (Escola Agrot\u00e9cnica): 2\u00b0 lugar; \u2013 Igor Alc\u00e2ntara (Escola Presidente Vargas): 2\u00b0 lugar; \u2013 Mateus Bispo (Escola Presidente Vargas): 3\u00b0 lugar; \u2013 Pedro Ant\u00f4nio (Escola Jos\u00e9 Gon\u00e7alves de Queiroz): \u00a03\u00b0 lugar A aluna do 7\u00b0 ano da Escola Municipal Padre Paulo Roberto, Edmylla Mariana, participou dos jogos escolares da Para\u00edba, na modalidade esportiva Atletismo, na prova dos 250m rasos da categoria A. Ela ficou com a quarta coloca\u00e7\u00e3o geral. O atleta Carlos William da Silva Freitas, tamb\u00e9m se classificou para os Jogos Escolares da Juventude, em Santa Catarina. Ascom PMS<\/p>\n","protected":false},"author":2,"featured_media":19032,"comment_status":"closed","ping_status":"open","sticky":false,"template":"","format":"standard","meta":{"_eb_attr":"","_jetpack_memberships_contains_paid_content":false,"footnotes":""},"categories":[12],"tags":[],"class_list":["post-19031","post","type-post","status-publish","format-standard","has-post-thumbnail","hentry","category-geral"],"yoast_head":"<!-- This site is optimized with the Yoast SEO plugin v26.5 - https:\/\/yoast.com\/wordpress\/plugins\/seo\/ -->\n<title>Estudante da rede municipal de ensino de Sum\u00e9 \u00e9 campe\u00e3o de jud\u00f4 nos jogos escolares da Para\u00edba - Not&iacute;cias em Destaque<\/title>\n<meta name=\"robots\" content=\"index, follow, max-snippet:-1, max-image-preview:large, max-video-preview:-1\" \/>\n<link rel=\"canonical\" href=\"https:\/\/noticiasemdestaque.com\/cd\/?p=19031\" \/>\n<meta property=\"og:locale\" content=\"pt_BR\" \/>\n<meta property=\"og:type\" content=\"article\" \/>\n<meta property=\"og:title\" content=\"Estudante da rede municipal de ensino de Sum\u00e9 \u00e9 campe\u00e3o de jud\u00f4 nos jogos escolares da Para\u00edba - Not&iacute;cias em Destaque\" \/>\n<meta property=\"og:description\" content=\"O estudante do 4\u00b0 ano da Escola Maria Leite Rafael, Victor Kayky foi campe\u00e3o paraibano de jud\u00f4 nos Jogos Escolares e Paraescolares da Para\u00edba, que acontece em Jo\u00e3o Pessoa. A competi\u00e7\u00e3o envolve alunos-atletas das institui\u00e7\u00f5es de ensino p\u00fablicas e particulares. Com a vit\u00f3ria, Victor se classificou para representar a Para\u00edba na etapa nacional, nos Jogos Escolares da Juventude que ser\u00e1 realizado em Santa Catarina. Outros alunos da rede municipal de ensino de Sum\u00e9 e que fazem parte do Projeto Ol\u00edmpico do Cariri tamb\u00e9m ganharam medalhas na etapa estadual. Foram eles: \u2013 Joaquim Ricardo (Escola Agrot\u00e9cnica): 2\u00b0 lugar; \u2013 Igor Alc\u00e2ntara (Escola Presidente Vargas): 2\u00b0 lugar; \u2013 Mateus Bispo (Escola Presidente Vargas): 3\u00b0 lugar; \u2013 Pedro Ant\u00f4nio (Escola Jos\u00e9 Gon\u00e7alves de Queiroz): \u00a03\u00b0 lugar A aluna do 7\u00b0 ano da Escola Municipal Padre Paulo Roberto, Edmylla Mariana, participou dos jogos escolares da Para\u00edba, na modalidade esportiva Atletismo, na prova dos 250m rasos da categoria A. Ela ficou com a quarta coloca\u00e7\u00e3o geral. O atleta Carlos William da Silva Freitas, tamb\u00e9m se classificou para os Jogos Escolares da Juventude, em Santa Catarina. Ascom PMS\" \/>\n<meta property=\"og:url\" content=\"https:\/\/noticiasemdestaque.com\/cd\/?p=19031\" \/>\n<meta property=\"og:site_name\" content=\"Not&iacute;cias em Destaque\" \/>\n<meta property=\"article:published_time\" content=\"2019-08-14T22:54:27+00:00\" \/>\n<meta property=\"og:image\" content=\"https:\/\/noticiasemdestaque.com\/cd\/wp-content\/uploads\/2019\/08\/68907117_2938877682850984_8233435839527387136_n.jpg\" \/>\n\t<meta property=\"og:image:width\" content=\"619\" \/>\n\t<meta property=\"og:image:height\" content=\"432\" \/>\n\t<meta property=\"og:image:type\" content=\"image\/jpeg\" \/>\n<meta name=\"author\" content=\"Not\u00edcias em Destaque\" \/>\n<meta name=\"twitter:card\" content=\"summary_large_image\" \/>\n<meta name=\"twitter:label1\" content=\"Escrito por\" \/>\n\t<meta name=\"twitter:data1\" content=\"Not\u00edcias em Destaque\" \/>\n\t<meta name=\"twitter:label2\" content=\"Est. tempo de leitura\" \/>\n\t<meta name=\"twitter:data2\" content=\"1 minuto\" \/>\n<script type=\"application\/ld+json\" class=\"yoast-schema-graph\">{\"@context\":\"https:\/\/schema.org\",\"@graph\":[{\"@type\":\"Article\",\"@id\":\"https:\/\/noticiasemdestaque.com\/cd\/?p=19031#article\",\"isPartOf\":{\"@id\":\"https:\/\/noticiasemdestaque.com\/cd\/?p=19031\"},\"author\":{\"name\":\"Not\u00edcias em Destaque\",\"@id\":\"https:\/\/noticiasemdestaque.com\/cd\/#\/schema\/person\/47f7d4f55eec17c6b2ca036c5500f6ce\"},\"headline\":\"Estudante da rede municipal de ensino de Sum\u00e9 \u00e9 campe\u00e3o de jud\u00f4 nos jogos escolares da Para\u00edba\",\"datePublished\":\"2019-08-14T22:54:27+00:00\",\"mainEntityOfPage\":{\"@id\":\"https:\/\/noticiasemdestaque.com\/cd\/?p=19031\"},\"wordCount\":207,\"publisher\":{\"@id\":\"https:\/\/noticiasemdestaque.com\/cd\/#organization\"},\"image\":{\"@id\":\"https:\/\/noticiasemdestaque.com\/cd\/?p=19031#primaryimage\"},\"thumbnailUrl\":\"https:\/\/noticiasemdestaque.com\/cd\/wp-content\/uploads\/2019\/08\/68907117_2938877682850984_8233435839527387136_n.jpg\",\"articleSection\":[\"Geral\"],\"inLanguage\":\"pt-BR\"},{\"@type\":\"WebPage\",\"@id\":\"https:\/\/noticiasemdestaque.com\/cd\/?p=19031\",\"url\":\"https:\/\/noticiasemdestaque.com\/cd\/?p=19031\",\"name\":\"Estudante da rede municipal de ensino de Sum\u00e9 \u00e9 campe\u00e3o de jud\u00f4 nos jogos escolares da Para\u00edba - Not&iacute;cias em Destaque\",\"isPartOf\":{\"@id\":\"https:\/\/noticiasemdestaque.com\/cd\/#website\"},\"primaryImageOfPage\":{\"@id\":\"https:\/\/noticiasemdestaque.com\/cd\/?p=19031#primaryimage\"},\"image\":{\"@id\":\"https:\/\/noticiasemdestaque.com\/cd\/?p=19031#primaryimage\"},\"thumbnailUrl\":\"https:\/\/noticiasemdestaque.com\/cd\/wp-content\/uploads\/2019\/08\/68907117_2938877682850984_8233435839527387136_n.jpg\",\"datePublished\":\"2019-08-14T22:54:27+00:00\",\"breadcrumb\":{\"@id\":\"https:\/\/noticiasemdestaque.com\/cd\/?p=19031#breadcrumb\"},\"inLanguage\":\"pt-BR\",\"potentialAction\":[{\"@type\":\"ReadAction\",\"target\":[\"https:\/\/noticiasemdestaque.com\/cd\/?p=19031\"]}]},{\"@type\":\"ImageObject\",\"inLanguage\":\"pt-BR\",\"@id\":\"https:\/\/noticiasemdestaque.com\/cd\/?p=19031#primaryimage\",\"url\":\"https:\/\/noticiasemdestaque.com\/cd\/wp-content\/uploads\/2019\/08\/68907117_2938877682850984_8233435839527387136_n.jpg\",\"contentUrl\":\"https:\/\/noticiasemdestaque.com\/cd\/wp-content\/uploads\/2019\/08\/68907117_2938877682850984_8233435839527387136_n.jpg\",\"width\":619,\"height\":432},{\"@type\":\"BreadcrumbList\",\"@id\":\"https:\/\/noticiasemdestaque.com\/cd\/?p=19031#breadcrumb\",\"itemListElement\":[{\"@type\":\"ListItem\",\"position\":1,\"name\":\"In\u00edcio\",\"item\":\"https:\/\/noticiasemdestaque.com\/cd\/\"},{\"@type\":\"ListItem\",\"position\":2,\"name\":\"Estudante da rede municipal de ensino de Sum\u00e9 \u00e9 campe\u00e3o de jud\u00f4 nos jogos escolares da Para\u00edba\"}]},{\"@type\":\"WebSite\",\"@id\":\"https:\/\/noticiasemdestaque.com\/cd\/#website\",\"url\":\"https:\/\/noticiasemdestaque.com\/cd\/\",\"name\":\"Not&iacute;cias em Destaque\",\"description\":\"\",\"publisher\":{\"@id\":\"https:\/\/noticiasemdestaque.com\/cd\/#organization\"},\"potentialAction\":[{\"@type\":\"SearchAction\",\"target\":{\"@type\":\"EntryPoint\",\"urlTemplate\":\"https:\/\/noticiasemdestaque.com\/cd\/?s={search_term_string}\"},\"query-input\":{\"@type\":\"PropertyValueSpecification\",\"valueRequired\":true,\"valueName\":\"search_term_string\"}}],\"inLanguage\":\"pt-BR\"},{\"@type\":\"Organization\",\"@id\":\"https:\/\/noticiasemdestaque.com\/cd\/#organization\",\"name\":\"Not\u00edcias em Destaque\",\"url\":\"https:\/\/noticiasemdestaque.com\/cd\/\",\"logo\":{\"@type\":\"ImageObject\",\"inLanguage\":\"pt-BR\",\"@id\":\"https:\/\/noticiasemdestaque.com\/cd\/#\/schema\/logo\/image\/\",\"url\":\"https:\/\/noticiasemdestaque.com\/cd\/wp-content\/uploads\/2022\/05\/imagem-base-noticiasemdestaque.png\",\"contentUrl\":\"https:\/\/noticiasemdestaque.com\/cd\/wp-content\/uploads\/2022\/05\/imagem-base-noticiasemdestaque.png\",\"width\":1200,\"height\":630,\"caption\":\"Not\u00edcias em Destaque\"},\"image\":{\"@id\":\"https:\/\/noticiasemdestaque.com\/cd\/#\/schema\/logo\/image\/\"}},{\"@type\":\"Person\",\"@id\":\"https:\/\/noticiasemdestaque.com\/cd\/#\/schema\/person\/47f7d4f55eec17c6b2ca036c5500f6ce\",\"name\":\"Not\u00edcias em Destaque\",\"url\":\"https:\/\/noticiasemdestaque.com\/cd\/?author=2\"}]}<\/script>\n<!-- \/ Yoast SEO plugin. -->","yoast_head_json":{"title":"Estudante da rede municipal de ensino de Sum\u00e9 \u00e9 campe\u00e3o de jud\u00f4 nos jogos escolares da Para\u00edba - Not&iacute;cias em Destaque","robots":{"index":"index","follow":"follow","max-snippet":"max-snippet:-1","max-image-preview":"max-image-preview:large","max-video-preview":"max-video-preview:-1"},"canonical":"https:\/\/noticiasemdestaque.com\/cd\/?p=19031","og_locale":"pt_BR","og_type":"article","og_title":"Estudante da rede municipal de ensino de Sum\u00e9 \u00e9 campe\u00e3o de jud\u00f4 nos jogos escolares da Para\u00edba - Not&iacute;cias em Destaque","og_description":"O estudante do 4\u00b0 ano da Escola Maria Leite Rafael, Victor Kayky foi campe\u00e3o paraibano de jud\u00f4 nos Jogos Escolares e Paraescolares da Para\u00edba, que acontece em Jo\u00e3o Pessoa. A competi\u00e7\u00e3o envolve alunos-atletas das institui\u00e7\u00f5es de ensino p\u00fablicas e particulares. Com a vit\u00f3ria, Victor se classificou para representar a Para\u00edba na etapa nacional, nos Jogos Escolares da Juventude que ser\u00e1 realizado em Santa Catarina. Outros alunos da rede municipal de ensino de Sum\u00e9 e que fazem parte do Projeto Ol\u00edmpico do Cariri tamb\u00e9m ganharam medalhas na etapa estadual. Foram eles: \u2013 Joaquim Ricardo (Escola Agrot\u00e9cnica): 2\u00b0 lugar; \u2013 Igor Alc\u00e2ntara (Escola Presidente Vargas): 2\u00b0 lugar; \u2013 Mateus Bispo (Escola Presidente Vargas): 3\u00b0 lugar; \u2013 Pedro Ant\u00f4nio (Escola Jos\u00e9 Gon\u00e7alves de Queiroz): \u00a03\u00b0 lugar A aluna do 7\u00b0 ano da Escola Municipal Padre Paulo Roberto, Edmylla Mariana, participou dos jogos escolares da Para\u00edba, na modalidade esportiva Atletismo, na prova dos 250m rasos da categoria A. Ela ficou com a quarta coloca\u00e7\u00e3o geral. O atleta Carlos William da Silva Freitas, tamb\u00e9m se classificou para os Jogos Escolares da Juventude, em Santa Catarina. Ascom PMS","og_url":"https:\/\/noticiasemdestaque.com\/cd\/?p=19031","og_site_name":"Not&iacute;cias em Destaque","article_published_time":"2019-08-14T22:54:27+00:00","og_image":[{"width":619,"height":432,"url":"https:\/\/noticiasemdestaque.com\/cd\/wp-content\/uploads\/2019\/08\/68907117_2938877682850984_8233435839527387136_n.jpg","type":"image\/jpeg"}],"author":"Not\u00edcias em Destaque","twitter_card":"summary_large_image","twitter_misc":{"Escrito por":"Not\u00edcias em Destaque","Est. tempo de leitura":"1 minuto"},"schema":{"@context":"https:\/\/schema.org","@graph":[{"@type":"Article","@id":"https:\/\/noticiasemdestaque.com\/cd\/?p=19031#article","isPartOf":{"@id":"https:\/\/noticiasemdestaque.com\/cd\/?p=19031"},"author":{"name":"Not\u00edcias em Destaque","@id":"https:\/\/noticiasemdestaque.com\/cd\/#\/schema\/person\/47f7d4f55eec17c6b2ca036c5500f6ce"},"headline":"Estudante da rede municipal de ensino de Sum\u00e9 \u00e9 campe\u00e3o de jud\u00f4 nos jogos escolares da Para\u00edba","datePublished":"2019-08-14T22:54:27+00:00","mainEntityOfPage":{"@id":"https:\/\/noticiasemdestaque.com\/cd\/?p=19031"},"wordCount":207,"publisher":{"@id":"https:\/\/noticiasemdestaque.com\/cd\/#organization"},"image":{"@id":"https:\/\/noticiasemdestaque.com\/cd\/?p=19031#primaryimage"},"thumbnailUrl":"https:\/\/noticiasemdestaque.com\/cd\/wp-content\/uploads\/2019\/08\/68907117_2938877682850984_8233435839527387136_n.jpg","articleSection":["Geral"],"inLanguage":"pt-BR"},{"@type":"WebPage","@id":"https:\/\/noticiasemdestaque.com\/cd\/?p=19031","url":"https:\/\/noticiasemdestaque.com\/cd\/?p=19031","name":"Estudante da rede municipal de ensino de Sum\u00e9 \u00e9 campe\u00e3o de jud\u00f4 nos jogos escolares da Para\u00edba - Not&iacute;cias em Destaque","isPartOf":{"@id":"https:\/\/noticiasemdestaque.com\/cd\/#website"},"primaryImageOfPage":{"@id":"https:\/\/noticiasemdestaque.com\/cd\/?p=19031#primaryimage"},"image":{"@id":"https:\/\/noticiasemdestaque.com\/cd\/?p=19031#primaryimage"},"thumbnailUrl":"https:\/\/noticiasemdestaque.com\/cd\/wp-content\/uploads\/2019\/08\/68907117_2938877682850984_8233435839527387136_n.jpg","datePublished":"2019-08-14T22:54:27+00:00","breadcrumb":{"@id":"https:\/\/noticiasemdestaque.com\/cd\/?p=19031#breadcrumb"},"inLanguage":"pt-BR","potentialAction":[{"@type":"ReadAction","target":["https:\/\/noticiasemdestaque.com\/cd\/?p=19031"]}]},{"@type":"ImageObject","inLanguage":"pt-BR","@id":"https:\/\/noticiasemdestaque.com\/cd\/?p=19031#primaryimage","url":"https:\/\/noticiasemdestaque.com\/cd\/wp-content\/uploads\/2019\/08\/68907117_2938877682850984_8233435839527387136_n.jpg","contentUrl":"https:\/\/noticiasemdestaque.com\/cd\/wp-content\/uploads\/2019\/08\/68907117_2938877682850984_8233435839527387136_n.jpg","width":619,"height":432},{"@type":"BreadcrumbList","@id":"https:\/\/noticiasemdestaque.com\/cd\/?p=19031#breadcrumb","itemListElement":[{"@type":"ListItem","position":1,"name":"In\u00edcio","item":"https:\/\/noticiasemdestaque.com\/cd\/"},{"@type":"ListItem","position":2,"name":"Estudante da rede municipal de ensino de Sum\u00e9 \u00e9 campe\u00e3o de jud\u00f4 nos jogos escolares da Para\u00edba"}]},{"@type":"WebSite","@id":"https:\/\/noticiasemdestaque.com\/cd\/#website","url":"https:\/\/noticiasemdestaque.com\/cd\/","name":"Not&iacute;cias em Destaque","description":"","publisher":{"@id":"https:\/\/noticiasemdestaque.com\/cd\/#organization"},"potentialAction":[{"@type":"SearchAction","target":{"@type":"EntryPoint","urlTemplate":"https:\/\/noticiasemdestaque.com\/cd\/?s={search_term_string}"},"query-input":{"@type":"PropertyValueSpecification","valueRequired":true,"valueName":"search_term_string"}}],"inLanguage":"pt-BR"},{"@type":"Organization","@id":"https:\/\/noticiasemdestaque.com\/cd\/#organization","name":"Not\u00edcias em Destaque","url":"https:\/\/noticiasemdestaque.com\/cd\/","logo":{"@type":"ImageObject","inLanguage":"pt-BR","@id":"https:\/\/noticiasemdestaque.com\/cd\/#\/schema\/logo\/image\/","url":"https:\/\/noticiasemdestaque.com\/cd\/wp-content\/uploads\/2022\/05\/imagem-base-noticiasemdestaque.png","contentUrl":"https:\/\/noticiasemdestaque.com\/cd\/wp-content\/uploads\/2022\/05\/imagem-base-noticiasemdestaque.png","width":1200,"height":630,"caption":"Not\u00edcias em Destaque"},"image":{"@id":"https:\/\/noticiasemdestaque.com\/cd\/#\/schema\/logo\/image\/"}},{"@type":"Person","@id":"https:\/\/noticiasemdestaque.com\/cd\/#\/schema\/person\/47f7d4f55eec17c6b2ca036c5500f6ce","name":"Not\u00edcias em Destaque","url":"https:\/\/noticiasemdestaque.com\/cd\/?author=2"}]}},"jetpack_featured_media_url":"https:\/\/noticiasemdestaque.com\/cd\/wp-content\/uploads\/2019\/08\/68907117_2938877682850984_8233435839527387136_n.jpg","jetpack_sharing_enabled":true,"_links":{"self":[{"href":"https:\/\/noticiasemdestaque.com\/cd\/index.php?rest_route=\/wp\/v2\/posts\/19031","targetHints":{"allow":["GET"]}}],"collection":[{"href":"https:\/\/noticiasemdestaque.com\/cd\/index.php?rest_route=\/wp\/v2\/posts"}],"about":[{"href":"https:\/\/noticiasemdestaque.com\/cd\/index.php?rest_route=\/wp\/v2\/types\/post"}],"author":[{"embeddable":true,"href":"https:\/\/noticiasemdestaque.com\/cd\/index.php?rest_route=\/wp\/v2\/users\/2"}],"replies":[{"embeddable":true,"href":"https:\/\/noticiasemdestaque.com\/cd\/index.php?rest_route=%2Fwp%2Fv2%2Fcomments&post=19031"}],"version-history":[{"count":1,"href":"https:\/\/noticiasemdestaque.com\/cd\/index.php?rest_route=\/wp\/v2\/posts\/19031\/revisions"}],"predecessor-version":[{"id":19033,"href":"https:\/\/noticiasemdestaque.com\/cd\/index.php?rest_route=\/wp\/v2\/posts\/19031\/revisions\/19033"}],"wp:featuredmedia":[{"embeddable":true,"href":"https:\/\/noticiasemdestaque.com\/cd\/index.php?rest_route=\/wp\/v2\/media\/19032"}],"wp:attachment":[{"href":"https:\/\/noticiasemdestaque.com\/cd\/index.php?rest_route=%2Fwp%2Fv2%2Fmedia&parent=19031"}],"wp:term":[{"taxonomy":"category","embeddable":true,"href":"https:\/\/noticiasemdestaque.com\/cd\/index.php?rest_route=%2Fwp%2Fv2%2Fcategories&post=19031"},{"taxonomy":"post_tag","embeddable":true,"href":"https:\/\/noticiasemdestaque.com\/cd\/index.php?rest_route=%2Fwp%2Fv2%2Ftags&post=19031"}],"curies":[{"name":"wp","href":"https:\/\/api.w.org\/{rel}","templated":true}]}}