{"id":19027,"date":"2019-08-14T19:51:04","date_gmt":"2019-08-14T22:51:04","guid":{"rendered":"http:\/\/noticiasemdestaque.com\/cd\/?p=19027"},"modified":"2019-08-14T19:51:04","modified_gmt":"2019-08-14T22:51:04","slug":"centro-de-atendimento-as-mulheres-do-cariri-debate-acoes-de-enfrentamento-a-violencia-contra-a-mulher","status":"publish","type":"post","link":"https:\/\/noticiasemdestaque.com\/cd\/?p=19027","title":{"rendered":"Centro de Atendimento \u00e0s Mulheres do Cariri debate a\u00e7\u00f5es de enfrentamento \u00e0 viol\u00eancia contra a mulher"},"content":{"rendered":"<p><a href=\"https:\/\/noticiasemdestaque.com\/cd\/wp-content\/uploads\/2019\/08\/f1cca629-3da4-4196-9651-296d2191b5f7.jpg\"><img fetchpriority=\"high\" decoding=\"async\" class=\"wp-image-19028 aligncenter\" src=\"https:\/\/noticiasemdestaque.com\/cd\/wp-content\/uploads\/2019\/08\/f1cca629-3da4-4196-9651-296d2191b5f7.jpg\" alt=\"\" width=\"510\" height=\"339\" srcset=\"https:\/\/noticiasemdestaque.com\/cd\/wp-content\/uploads\/2019\/08\/f1cca629-3da4-4196-9651-296d2191b5f7.jpg 800w, https:\/\/noticiasemdestaque.com\/cd\/wp-content\/uploads\/2019\/08\/f1cca629-3da4-4196-9651-296d2191b5f7-300x200.jpg 300w, https:\/\/noticiasemdestaque.com\/cd\/wp-content\/uploads\/2019\/08\/f1cca629-3da4-4196-9651-296d2191b5f7-768x511.jpg 768w, https:\/\/noticiasemdestaque.com\/cd\/wp-content\/uploads\/2019\/08\/f1cca629-3da4-4196-9651-296d2191b5f7-480x320.jpg 480w\" sizes=\"(max-width: 510px) 100vw, 510px\" \/><\/a><\/p>\n<p>Na \u00faltima nesta ter\u00e7a-feira (13), o Centro Intermunicipal de Atendimento as Mulheres do Cariri, promoveu em encontro com representantes dos munic\u00edpios que fazem parte do Cons\u00f3rcio Intermunicipal de Sa\u00fade do Cariri com o objetivo de articular a\u00e7\u00f5es estrat\u00e9gicas em conjunto com os munic\u00edpios e governo estadual para o enfrentamento a viol\u00eancia contra as mulheres na regi\u00e3o do Cariri.<\/p>\n<p>Estiveram participando da reuni\u00e3o profissionais do Centro da Mulher, o presidente do Cisco e prefeito de S\u00e3o Jos\u00e9 dos Cordeiros, Jefferson Roberto, o prefeito de Sum\u00e9, \u00c9den Duarte e a secret\u00e1ria de Estado da Secretaria da Mulher e da Diversidade Humana, Gilberta Santos Soares.<\/p>\n<p><a href=\"https:\/\/noticiasemdestaque.com\/cd\/wp-content\/uploads\/2019\/08\/6f15256a-8692-4097-813e-be6e3055723d.jpg\"><img decoding=\"async\" class=\"wp-image-19029 aligncenter\" src=\"https:\/\/noticiasemdestaque.com\/cd\/wp-content\/uploads\/2019\/08\/6f15256a-8692-4097-813e-be6e3055723d.jpg\" alt=\"\" width=\"504\" height=\"303\" srcset=\"https:\/\/noticiasemdestaque.com\/cd\/wp-content\/uploads\/2019\/08\/6f15256a-8692-4097-813e-be6e3055723d.jpg 703w, https:\/\/noticiasemdestaque.com\/cd\/wp-content\/uploads\/2019\/08\/6f15256a-8692-4097-813e-be6e3055723d-300x181.jpg 300w\" sizes=\"(max-width: 504px) 100vw, 504px\" \/><\/a><\/p>\n<p>O debate levantou uma discuss\u00e3o sobre as a\u00e7\u00f5es a serem desenvolvidas na regi\u00e3o para o enfrentamento da viol\u00eancia contra a mulher e o empenho de todos os profissionais para o fortalecimento dos servi\u00e7os que atendem e acompanham demandas relativas \u00e0s mulheres em situa\u00e7\u00e3o de risco.<\/p>\n<div id=\"gallery-2\" class=\"gallery galleryid-8496 gallery-columns-3 gallery-size-medium\">\n<p><em><strong>Not\u00edcias em Destaque<\/strong><\/em><\/p>\n<\/div>\n","protected":false},"excerpt":{"rendered":"<p>Na \u00faltima nesta ter\u00e7a-feira (13), o Centro Intermunicipal de Atendimento as Mulheres do Cariri, promoveu em encontro com representantes dos munic\u00edpios que fazem parte do Cons\u00f3rcio Intermunicipal de Sa\u00fade do Cariri com o objetivo de articular a\u00e7\u00f5es estrat\u00e9gicas em conjunto com os munic\u00edpios e governo estadual para o enfrentamento a viol\u00eancia contra as mulheres na regi\u00e3o do Cariri. Estiveram participando da reuni\u00e3o profissionais do Centro da Mulher, o presidente do Cisco e prefeito de S\u00e3o Jos\u00e9 dos Cordeiros, Jefferson Roberto, o prefeito de Sum\u00e9, \u00c9den Duarte e a secret\u00e1ria de Estado da Secretaria da Mulher e da Diversidade Humana, Gilberta Santos Soares. O debate levantou uma discuss\u00e3o sobre as a\u00e7\u00f5es a serem desenvolvidas na regi\u00e3o para o enfrentamento da viol\u00eancia contra a mulher e o empenho de todos os profissionais para o fortalecimento dos servi\u00e7os que atendem e acompanham demandas relativas \u00e0s mulheres em situa\u00e7\u00e3o de risco. Not\u00edcias em Destaque<\/p>\n","protected":false},"author":2,"featured_media":19028,"comment_status":"closed","ping_status":"open","sticky":false,"template":"","format":"standard","meta":{"_eb_attr":"","_jetpack_memberships_contains_paid_content":false,"footnotes":""},"categories":[3],"tags":[],"class_list":["post-19027","post","type-post","status-publish","format-standard","has-post-thumbnail","hentry","category-cidades"],"yoast_head":"<!-- This site is optimized with the Yoast SEO plugin v26.5 - https:\/\/yoast.com\/wordpress\/plugins\/seo\/ -->\n<title>Centro de Atendimento \u00e0s Mulheres do Cariri debate a\u00e7\u00f5es de enfrentamento \u00e0 viol\u00eancia contra a mulher - Not&iacute;cias em Destaque<\/title>\n<meta name=\"robots\" content=\"index, follow, max-snippet:-1, max-image-preview:large, max-video-preview:-1\" \/>\n<link rel=\"canonical\" href=\"https:\/\/noticiasemdestaque.com\/cd\/?p=19027\" \/>\n<meta property=\"og:locale\" content=\"pt_BR\" \/>\n<meta property=\"og:type\" content=\"article\" \/>\n<meta property=\"og:title\" content=\"Centro de Atendimento \u00e0s Mulheres do Cariri debate a\u00e7\u00f5es de enfrentamento \u00e0 viol\u00eancia contra a mulher - Not&iacute;cias em Destaque\" \/>\n<meta property=\"og:description\" content=\"Na \u00faltima nesta ter\u00e7a-feira (13), o Centro Intermunicipal de Atendimento as Mulheres do Cariri, promoveu em encontro com representantes dos munic\u00edpios que fazem parte do Cons\u00f3rcio Intermunicipal de Sa\u00fade do Cariri com o objetivo de articular a\u00e7\u00f5es estrat\u00e9gicas em conjunto com os munic\u00edpios e governo estadual para o enfrentamento a viol\u00eancia contra as mulheres na regi\u00e3o do Cariri. Estiveram participando da reuni\u00e3o profissionais do Centro da Mulher, o presidente do Cisco e prefeito de S\u00e3o Jos\u00e9 dos Cordeiros, Jefferson Roberto, o prefeito de Sum\u00e9, \u00c9den Duarte e a secret\u00e1ria de Estado da Secretaria da Mulher e da Diversidade Humana, Gilberta Santos Soares. O debate levantou uma discuss\u00e3o sobre as a\u00e7\u00f5es a serem desenvolvidas na regi\u00e3o para o enfrentamento da viol\u00eancia contra a mulher e o empenho de todos os profissionais para o fortalecimento dos servi\u00e7os que atendem e acompanham demandas relativas \u00e0s mulheres em situa\u00e7\u00e3o de risco. Not\u00edcias em Destaque\" \/>\n<meta property=\"og:url\" content=\"https:\/\/noticiasemdestaque.com\/cd\/?p=19027\" \/>\n<meta property=\"og:site_name\" content=\"Not&iacute;cias em Destaque\" \/>\n<meta property=\"article:published_time\" content=\"2019-08-14T22:51:04+00:00\" \/>\n<meta property=\"og:image\" content=\"https:\/\/noticiasemdestaque.com\/cd\/wp-content\/uploads\/2019\/08\/f1cca629-3da4-4196-9651-296d2191b5f7.jpg\" \/>\n\t<meta property=\"og:image:width\" content=\"800\" \/>\n\t<meta property=\"og:image:height\" content=\"532\" \/>\n\t<meta property=\"og:image:type\" content=\"image\/jpeg\" \/>\n<meta name=\"author\" content=\"Not\u00edcias em Destaque\" \/>\n<meta name=\"twitter:card\" content=\"summary_large_image\" \/>\n<meta name=\"twitter:label1\" content=\"Escrito por\" \/>\n\t<meta name=\"twitter:data1\" content=\"Not\u00edcias em Destaque\" \/>\n\t<meta name=\"twitter:label2\" content=\"Est. tempo de leitura\" \/>\n\t<meta name=\"twitter:data2\" content=\"1 minuto\" \/>\n<script type=\"application\/ld+json\" class=\"yoast-schema-graph\">{\"@context\":\"https:\/\/schema.org\",\"@graph\":[{\"@type\":\"Article\",\"@id\":\"https:\/\/noticiasemdestaque.com\/cd\/?p=19027#article\",\"isPartOf\":{\"@id\":\"https:\/\/noticiasemdestaque.com\/cd\/?p=19027\"},\"author\":{\"name\":\"Not\u00edcias em Destaque\",\"@id\":\"https:\/\/noticiasemdestaque.com\/cd\/#\/schema\/person\/47f7d4f55eec17c6b2ca036c5500f6ce\"},\"headline\":\"Centro de Atendimento \u00e0s Mulheres do Cariri debate a\u00e7\u00f5es de enfrentamento \u00e0 viol\u00eancia contra a mulher\",\"datePublished\":\"2019-08-14T22:51:04+00:00\",\"mainEntityOfPage\":{\"@id\":\"https:\/\/noticiasemdestaque.com\/cd\/?p=19027\"},\"wordCount\":185,\"publisher\":{\"@id\":\"https:\/\/noticiasemdestaque.com\/cd\/#organization\"},\"image\":{\"@id\":\"https:\/\/noticiasemdestaque.com\/cd\/?p=19027#primaryimage\"},\"thumbnailUrl\":\"https:\/\/noticiasemdestaque.com\/cd\/wp-content\/uploads\/2019\/08\/f1cca629-3da4-4196-9651-296d2191b5f7.jpg\",\"articleSection\":[\"Cidades\"],\"inLanguage\":\"pt-BR\"},{\"@type\":\"WebPage\",\"@id\":\"https:\/\/noticiasemdestaque.com\/cd\/?p=19027\",\"url\":\"https:\/\/noticiasemdestaque.com\/cd\/?p=19027\",\"name\":\"Centro de Atendimento \u00e0s Mulheres do Cariri debate a\u00e7\u00f5es de enfrentamento \u00e0 viol\u00eancia contra a mulher - Not&iacute;cias em Destaque\",\"isPartOf\":{\"@id\":\"https:\/\/noticiasemdestaque.com\/cd\/#website\"},\"primaryImageOfPage\":{\"@id\":\"https:\/\/noticiasemdestaque.com\/cd\/?p=19027#primaryimage\"},\"image\":{\"@id\":\"https:\/\/noticiasemdestaque.com\/cd\/?p=19027#primaryimage\"},\"thumbnailUrl\":\"https:\/\/noticiasemdestaque.com\/cd\/wp-content\/uploads\/2019\/08\/f1cca629-3da4-4196-9651-296d2191b5f7.jpg\",\"datePublished\":\"2019-08-14T22:51:04+00:00\",\"breadcrumb\":{\"@id\":\"https:\/\/noticiasemdestaque.com\/cd\/?p=19027#breadcrumb\"},\"inLanguage\":\"pt-BR\",\"potentialAction\":[{\"@type\":\"ReadAction\",\"target\":[\"https:\/\/noticiasemdestaque.com\/cd\/?p=19027\"]}]},{\"@type\":\"ImageObject\",\"inLanguage\":\"pt-BR\",\"@id\":\"https:\/\/noticiasemdestaque.com\/cd\/?p=19027#primaryimage\",\"url\":\"https:\/\/noticiasemdestaque.com\/cd\/wp-content\/uploads\/2019\/08\/f1cca629-3da4-4196-9651-296d2191b5f7.jpg\",\"contentUrl\":\"https:\/\/noticiasemdestaque.com\/cd\/wp-content\/uploads\/2019\/08\/f1cca629-3da4-4196-9651-296d2191b5f7.jpg\",\"width\":800,\"height\":532},{\"@type\":\"BreadcrumbList\",\"@id\":\"https:\/\/noticiasemdestaque.com\/cd\/?p=19027#breadcrumb\",\"itemListElement\":[{\"@type\":\"ListItem\",\"position\":1,\"name\":\"In\u00edcio\",\"item\":\"https:\/\/noticiasemdestaque.com\/cd\/\"},{\"@type\":\"ListItem\",\"position\":2,\"name\":\"Centro de Atendimento \u00e0s Mulheres do Cariri debate a\u00e7\u00f5es de enfrentamento \u00e0 viol\u00eancia contra a mulher\"}]},{\"@type\":\"WebSite\",\"@id\":\"https:\/\/noticiasemdestaque.com\/cd\/#website\",\"url\":\"https:\/\/noticiasemdestaque.com\/cd\/\",\"name\":\"Not&iacute;cias em Destaque\",\"description\":\"\",\"publisher\":{\"@id\":\"https:\/\/noticiasemdestaque.com\/cd\/#organization\"},\"potentialAction\":[{\"@type\":\"SearchAction\",\"target\":{\"@type\":\"EntryPoint\",\"urlTemplate\":\"https:\/\/noticiasemdestaque.com\/cd\/?s={search_term_string}\"},\"query-input\":{\"@type\":\"PropertyValueSpecification\",\"valueRequired\":true,\"valueName\":\"search_term_string\"}}],\"inLanguage\":\"pt-BR\"},{\"@type\":\"Organization\",\"@id\":\"https:\/\/noticiasemdestaque.com\/cd\/#organization\",\"name\":\"Not\u00edcias em Destaque\",\"url\":\"https:\/\/noticiasemdestaque.com\/cd\/\",\"logo\":{\"@type\":\"ImageObject\",\"inLanguage\":\"pt-BR\",\"@id\":\"https:\/\/noticiasemdestaque.com\/cd\/#\/schema\/logo\/image\/\",\"url\":\"https:\/\/noticiasemdestaque.com\/cd\/wp-content\/uploads\/2022\/05\/imagem-base-noticiasemdestaque.png\",\"contentUrl\":\"https:\/\/noticiasemdestaque.com\/cd\/wp-content\/uploads\/2022\/05\/imagem-base-noticiasemdestaque.png\",\"width\":1200,\"height\":630,\"caption\":\"Not\u00edcias em Destaque\"},\"image\":{\"@id\":\"https:\/\/noticiasemdestaque.com\/cd\/#\/schema\/logo\/image\/\"}},{\"@type\":\"Person\",\"@id\":\"https:\/\/noticiasemdestaque.com\/cd\/#\/schema\/person\/47f7d4f55eec17c6b2ca036c5500f6ce\",\"name\":\"Not\u00edcias em Destaque\",\"url\":\"https:\/\/noticiasemdestaque.com\/cd\/?author=2\"}]}<\/script>\n<!-- \/ Yoast SEO plugin. -->","yoast_head_json":{"title":"Centro de Atendimento \u00e0s Mulheres do Cariri debate a\u00e7\u00f5es de enfrentamento \u00e0 viol\u00eancia contra a mulher - Not&iacute;cias em Destaque","robots":{"index":"index","follow":"follow","max-snippet":"max-snippet:-1","max-image-preview":"max-image-preview:large","max-video-preview":"max-video-preview:-1"},"canonical":"https:\/\/noticiasemdestaque.com\/cd\/?p=19027","og_locale":"pt_BR","og_type":"article","og_title":"Centro de Atendimento \u00e0s Mulheres do Cariri debate a\u00e7\u00f5es de enfrentamento \u00e0 viol\u00eancia contra a mulher - Not&iacute;cias em Destaque","og_description":"Na \u00faltima nesta ter\u00e7a-feira (13), o Centro Intermunicipal de Atendimento as Mulheres do Cariri, promoveu em encontro com representantes dos munic\u00edpios que fazem parte do Cons\u00f3rcio Intermunicipal de Sa\u00fade do Cariri com o objetivo de articular a\u00e7\u00f5es estrat\u00e9gicas em conjunto com os munic\u00edpios e governo estadual para o enfrentamento a viol\u00eancia contra as mulheres na regi\u00e3o do Cariri. Estiveram participando da reuni\u00e3o profissionais do Centro da Mulher, o presidente do Cisco e prefeito de S\u00e3o Jos\u00e9 dos Cordeiros, Jefferson Roberto, o prefeito de Sum\u00e9, \u00c9den Duarte e a secret\u00e1ria de Estado da Secretaria da Mulher e da Diversidade Humana, Gilberta Santos Soares. O debate levantou uma discuss\u00e3o sobre as a\u00e7\u00f5es a serem desenvolvidas na regi\u00e3o para o enfrentamento da viol\u00eancia contra a mulher e o empenho de todos os profissionais para o fortalecimento dos servi\u00e7os que atendem e acompanham demandas relativas \u00e0s mulheres em situa\u00e7\u00e3o de risco. Not\u00edcias em Destaque","og_url":"https:\/\/noticiasemdestaque.com\/cd\/?p=19027","og_site_name":"Not&iacute;cias em Destaque","article_published_time":"2019-08-14T22:51:04+00:00","og_image":[{"width":800,"height":532,"url":"https:\/\/noticiasemdestaque.com\/cd\/wp-content\/uploads\/2019\/08\/f1cca629-3da4-4196-9651-296d2191b5f7.jpg","type":"image\/jpeg"}],"author":"Not\u00edcias em Destaque","twitter_card":"summary_large_image","twitter_misc":{"Escrito por":"Not\u00edcias em Destaque","Est. tempo de leitura":"1 minuto"},"schema":{"@context":"https:\/\/schema.org","@graph":[{"@type":"Article","@id":"https:\/\/noticiasemdestaque.com\/cd\/?p=19027#article","isPartOf":{"@id":"https:\/\/noticiasemdestaque.com\/cd\/?p=19027"},"author":{"name":"Not\u00edcias em Destaque","@id":"https:\/\/noticiasemdestaque.com\/cd\/#\/schema\/person\/47f7d4f55eec17c6b2ca036c5500f6ce"},"headline":"Centro de Atendimento \u00e0s Mulheres do Cariri debate a\u00e7\u00f5es de enfrentamento \u00e0 viol\u00eancia contra a mulher","datePublished":"2019-08-14T22:51:04+00:00","mainEntityOfPage":{"@id":"https:\/\/noticiasemdestaque.com\/cd\/?p=19027"},"wordCount":185,"publisher":{"@id":"https:\/\/noticiasemdestaque.com\/cd\/#organization"},"image":{"@id":"https:\/\/noticiasemdestaque.com\/cd\/?p=19027#primaryimage"},"thumbnailUrl":"https:\/\/noticiasemdestaque.com\/cd\/wp-content\/uploads\/2019\/08\/f1cca629-3da4-4196-9651-296d2191b5f7.jpg","articleSection":["Cidades"],"inLanguage":"pt-BR"},{"@type":"WebPage","@id":"https:\/\/noticiasemdestaque.com\/cd\/?p=19027","url":"https:\/\/noticiasemdestaque.com\/cd\/?p=19027","name":"Centro de Atendimento \u00e0s Mulheres do Cariri debate a\u00e7\u00f5es de enfrentamento \u00e0 viol\u00eancia contra a mulher - Not&iacute;cias em Destaque","isPartOf":{"@id":"https:\/\/noticiasemdestaque.com\/cd\/#website"},"primaryImageOfPage":{"@id":"https:\/\/noticiasemdestaque.com\/cd\/?p=19027#primaryimage"},"image":{"@id":"https:\/\/noticiasemdestaque.com\/cd\/?p=19027#primaryimage"},"thumbnailUrl":"https:\/\/noticiasemdestaque.com\/cd\/wp-content\/uploads\/2019\/08\/f1cca629-3da4-4196-9651-296d2191b5f7.jpg","datePublished":"2019-08-14T22:51:04+00:00","breadcrumb":{"@id":"https:\/\/noticiasemdestaque.com\/cd\/?p=19027#breadcrumb"},"inLanguage":"pt-BR","potentialAction":[{"@type":"ReadAction","target":["https:\/\/noticiasemdestaque.com\/cd\/?p=19027"]}]},{"@type":"ImageObject","inLanguage":"pt-BR","@id":"https:\/\/noticiasemdestaque.com\/cd\/?p=19027#primaryimage","url":"https:\/\/noticiasemdestaque.com\/cd\/wp-content\/uploads\/2019\/08\/f1cca629-3da4-4196-9651-296d2191b5f7.jpg","contentUrl":"https:\/\/noticiasemdestaque.com\/cd\/wp-content\/uploads\/2019\/08\/f1cca629-3da4-4196-9651-296d2191b5f7.jpg","width":800,"height":532},{"@type":"BreadcrumbList","@id":"https:\/\/noticiasemdestaque.com\/cd\/?p=19027#breadcrumb","itemListElement":[{"@type":"ListItem","position":1,"name":"In\u00edcio","item":"https:\/\/noticiasemdestaque.com\/cd\/"},{"@type":"ListItem","position":2,"name":"Centro de Atendimento \u00e0s Mulheres do Cariri debate a\u00e7\u00f5es de enfrentamento \u00e0 viol\u00eancia contra a mulher"}]},{"@type":"WebSite","@id":"https:\/\/noticiasemdestaque.com\/cd\/#website","url":"https:\/\/noticiasemdestaque.com\/cd\/","name":"Not&iacute;cias em Destaque","description":"","publisher":{"@id":"https:\/\/noticiasemdestaque.com\/cd\/#organization"},"potentialAction":[{"@type":"SearchAction","target":{"@type":"EntryPoint","urlTemplate":"https:\/\/noticiasemdestaque.com\/cd\/?s={search_term_string}"},"query-input":{"@type":"PropertyValueSpecification","valueRequired":true,"valueName":"search_term_string"}}],"inLanguage":"pt-BR"},{"@type":"Organization","@id":"https:\/\/noticiasemdestaque.com\/cd\/#organization","name":"Not\u00edcias em Destaque","url":"https:\/\/noticiasemdestaque.com\/cd\/","logo":{"@type":"ImageObject","inLanguage":"pt-BR","@id":"https:\/\/noticiasemdestaque.com\/cd\/#\/schema\/logo\/image\/","url":"https:\/\/noticiasemdestaque.com\/cd\/wp-content\/uploads\/2022\/05\/imagem-base-noticiasemdestaque.png","contentUrl":"https:\/\/noticiasemdestaque.com\/cd\/wp-content\/uploads\/2022\/05\/imagem-base-noticiasemdestaque.png","width":1200,"height":630,"caption":"Not\u00edcias em Destaque"},"image":{"@id":"https:\/\/noticiasemdestaque.com\/cd\/#\/schema\/logo\/image\/"}},{"@type":"Person","@id":"https:\/\/noticiasemdestaque.com\/cd\/#\/schema\/person\/47f7d4f55eec17c6b2ca036c5500f6ce","name":"Not\u00edcias em Destaque","url":"https:\/\/noticiasemdestaque.com\/cd\/?author=2"}]}},"jetpack_featured_media_url":"https:\/\/noticiasemdestaque.com\/cd\/wp-content\/uploads\/2019\/08\/f1cca629-3da4-4196-9651-296d2191b5f7.jpg","jetpack_sharing_enabled":true,"_links":{"self":[{"href":"https:\/\/noticiasemdestaque.com\/cd\/index.php?rest_route=\/wp\/v2\/posts\/19027","targetHints":{"allow":["GET"]}}],"collection":[{"href":"https:\/\/noticiasemdestaque.com\/cd\/index.php?rest_route=\/wp\/v2\/posts"}],"about":[{"href":"https:\/\/noticiasemdestaque.com\/cd\/index.php?rest_route=\/wp\/v2\/types\/post"}],"author":[{"embeddable":true,"href":"https:\/\/noticiasemdestaque.com\/cd\/index.php?rest_route=\/wp\/v2\/users\/2"}],"replies":[{"embeddable":true,"href":"https:\/\/noticiasemdestaque.com\/cd\/index.php?rest_route=%2Fwp%2Fv2%2Fcomments&post=19027"}],"version-history":[{"count":1,"href":"https:\/\/noticiasemdestaque.com\/cd\/index.php?rest_route=\/wp\/v2\/posts\/19027\/revisions"}],"predecessor-version":[{"id":19030,"href":"https:\/\/noticiasemdestaque.com\/cd\/index.php?rest_route=\/wp\/v2\/posts\/19027\/revisions\/19030"}],"wp:featuredmedia":[{"embeddable":true,"href":"https:\/\/noticiasemdestaque.com\/cd\/index.php?rest_route=\/wp\/v2\/media\/19028"}],"wp:attachment":[{"href":"https:\/\/noticiasemdestaque.com\/cd\/index.php?rest_route=%2Fwp%2Fv2%2Fmedia&parent=19027"}],"wp:term":[{"taxonomy":"category","embeddable":true,"href":"https:\/\/noticiasemdestaque.com\/cd\/index.php?rest_route=%2Fwp%2Fv2%2Fcategories&post=19027"},{"taxonomy":"post_tag","embeddable":true,"href":"https:\/\/noticiasemdestaque.com\/cd\/index.php?rest_route=%2Fwp%2Fv2%2Ftags&post=19027"}],"curies":[{"name":"wp","href":"https:\/\/api.w.org\/{rel}","templated":true}]}}