{"id":1886,"date":"2017-07-16T11:16:14","date_gmt":"2017-07-16T14:16:14","guid":{"rendered":"http:\/\/caririemdestaque.com\/cd\/?p=1886"},"modified":"2017-07-16T11:16:14","modified_gmt":"2017-07-16T14:16:14","slug":"pressao-de-partidos-por-mais-espaco-no-governo-pode-fazer-aguinaldo-ribeiro-retornar-ao-ministerio-das-cidades","status":"publish","type":"post","link":"https:\/\/noticiasemdestaque.com\/cd\/?p=1886","title":{"rendered":"Press\u00e3o de partidos por mais espa\u00e7o no governo, pode fazer Aguinaldo Ribeiro retornar ao Minist\u00e9rio das Cidades"},"content":{"rendered":"<p><a href=\"http:\/\/caririemdestaque.com\/cd\/wp-content\/uploads\/2017\/07\/aguinaldo-ribeiro.jpg\"><img fetchpriority=\"high\" decoding=\"async\" class=\"size-medium wp-image-1887 alignleft\" src=\"http:\/\/caririemdestaque.com\/cd\/wp-content\/uploads\/2017\/07\/aguinaldo-ribeiro-300x184.jpg\" alt=\"\" width=\"300\" height=\"184\" srcset=\"https:\/\/noticiasemdestaque.com\/cd\/wp-content\/uploads\/2017\/07\/aguinaldo-ribeiro-300x184.jpg 300w, https:\/\/noticiasemdestaque.com\/cd\/wp-content\/uploads\/2017\/07\/aguinaldo-ribeiro.jpg 620w\" sizes=\"(max-width: 300px) 100vw, 300px\" \/><\/a>O l\u00edder do governo na C\u00e2mara, Aguinaldo Ribeiro (PP), pode retornar ao Minist\u00e9rio das Cidades caso a press\u00e3o da base aliada mais fiel ao presidente Michel Temer (PMDB) por mais espa\u00e7o na gest\u00e3o surta efeito. Em meio \u00e0 pol\u00eamica est\u00e1 o PSDB que pode debandar da base e j\u00e1 \u00e9 hostilizado por alguns parlamentares que se expuseram durante a vota\u00e7\u00e3o do processo contra o gestor na Comiss\u00e3o de Constitui\u00e7\u00e3o e Justi\u00e7a (CCJ).<\/p>\n<p>Resolvida a batalha na CCJ da C\u00e2mara, o Pal\u00e1cio do Planalto deve ceder a maioria das pastas hoje ocupadas pelo partido \u2014 a exce\u00e7\u00e3o deve ser o Itamaraty \u2014 aos fi\u00e9is escudeiros do chamado \u201ccentr\u00e3o\u201d. \u00c0 frente do maior bloco parlamentar da C\u00e2mara, com 66 deputados, o PP reivindica o papel de principal aliado do governo Michel Temer em substitui\u00e7\u00e3o aos tucanos.<\/p>\n<p>A sigla tem dois alvos preferenciais: o Minist\u00e9rio das Cidades, com seu robusto or\u00e7amento para obras de infraestrutura e execu\u00e7\u00e3o r\u00e1pida a um ano da corrida eleitoral, e o controle da articula\u00e7\u00e3o pol\u00edtica (Secretaria de Governo). No caso das Cidades, o PP argumenta que conhece bem os caminhos da pasta, uma vez que a chefiou durante anos nas gest\u00f5es petistas. Dois nomes despontam na bancada: o atual l\u00edder do governo na C\u00e2mara, Aguinaldo Ribeiro (PB), e Arthur Lira (AL), ainda que contra este pesem as investiga\u00e7\u00f5es da Lava Jato.<\/p>\n<p><em><strong>Cariri em Destaque<\/strong><\/em><\/p>\n<p>Com informa\u00e7\u00f5es da Veja<\/p>\n","protected":false},"excerpt":{"rendered":"<p>O l\u00edder do governo na C\u00e2mara, Aguinaldo Ribeiro (PP), pode retornar ao Minist\u00e9rio das Cidades caso a press\u00e3o da base aliada mais fiel ao presidente Michel Temer (PMDB) por mais espa\u00e7o na gest\u00e3o surta efeito. Em meio \u00e0 pol\u00eamica est\u00e1 o PSDB que pode debandar da base e j\u00e1 \u00e9 hostilizado por alguns parlamentares que se expuseram durante a vota\u00e7\u00e3o do processo contra o gestor na Comiss\u00e3o de Constitui\u00e7\u00e3o e Justi\u00e7a (CCJ). Resolvida a batalha na CCJ da C\u00e2mara, o Pal\u00e1cio do Planalto deve ceder a maioria das pastas hoje ocupadas pelo partido \u2014 a exce\u00e7\u00e3o deve ser o Itamaraty \u2014 aos fi\u00e9is escudeiros do chamado \u201ccentr\u00e3o\u201d. \u00c0 frente do maior bloco parlamentar da C\u00e2mara, com 66 deputados, o PP reivindica o papel de principal aliado do governo Michel Temer em substitui\u00e7\u00e3o aos tucanos. A sigla tem dois alvos preferenciais: o Minist\u00e9rio das Cidades, com seu robusto or\u00e7amento para obras de infraestrutura e execu\u00e7\u00e3o r\u00e1pida a um ano da corrida eleitoral, e o controle da articula\u00e7\u00e3o pol\u00edtica (Secretaria de Governo). No caso das Cidades, o PP argumenta que conhece bem os caminhos da pasta, uma vez que a chefiou durante anos nas gest\u00f5es petistas. Dois nomes despontam na bancada: o atual l\u00edder do governo na C\u00e2mara, Aguinaldo Ribeiro (PB), e Arthur Lira (AL), ainda que contra este pesem as investiga\u00e7\u00f5es da Lava Jato. Cariri em Destaque Com informa\u00e7\u00f5es da Veja<\/p>\n","protected":false},"author":2,"featured_media":1887,"comment_status":"closed","ping_status":"open","sticky":false,"template":"","format":"standard","meta":{"_eb_attr":"","_jetpack_memberships_contains_paid_content":false,"footnotes":""},"categories":[4],"tags":[],"class_list":["post-1886","post","type-post","status-publish","format-standard","has-post-thumbnail","hentry","category-politica"],"yoast_head":"<!-- This site is optimized with the Yoast SEO plugin v26.5 - https:\/\/yoast.com\/wordpress\/plugins\/seo\/ -->\n<title>Press\u00e3o de partidos por mais espa\u00e7o no governo, pode fazer Aguinaldo Ribeiro retornar ao Minist\u00e9rio das Cidades - Not&iacute;cias em Destaque<\/title>\n<meta name=\"robots\" content=\"index, follow, max-snippet:-1, max-image-preview:large, max-video-preview:-1\" \/>\n<link rel=\"canonical\" href=\"https:\/\/noticiasemdestaque.com\/cd\/?p=1886\" \/>\n<meta property=\"og:locale\" content=\"pt_BR\" \/>\n<meta property=\"og:type\" content=\"article\" \/>\n<meta property=\"og:title\" content=\"Press\u00e3o de partidos por mais espa\u00e7o no governo, pode fazer Aguinaldo Ribeiro retornar ao Minist\u00e9rio das Cidades - Not&iacute;cias em Destaque\" \/>\n<meta property=\"og:description\" content=\"O l\u00edder do governo na C\u00e2mara, Aguinaldo Ribeiro (PP), pode retornar ao Minist\u00e9rio das Cidades caso a press\u00e3o da base aliada mais fiel ao presidente Michel Temer (PMDB) por mais espa\u00e7o na gest\u00e3o surta efeito. Em meio \u00e0 pol\u00eamica est\u00e1 o PSDB que pode debandar da base e j\u00e1 \u00e9 hostilizado por alguns parlamentares que se expuseram durante a vota\u00e7\u00e3o do processo contra o gestor na Comiss\u00e3o de Constitui\u00e7\u00e3o e Justi\u00e7a (CCJ). Resolvida a batalha na CCJ da C\u00e2mara, o Pal\u00e1cio do Planalto deve ceder a maioria das pastas hoje ocupadas pelo partido \u2014 a exce\u00e7\u00e3o deve ser o Itamaraty \u2014 aos fi\u00e9is escudeiros do chamado \u201ccentr\u00e3o\u201d. \u00c0 frente do maior bloco parlamentar da C\u00e2mara, com 66 deputados, o PP reivindica o papel de principal aliado do governo Michel Temer em substitui\u00e7\u00e3o aos tucanos. A sigla tem dois alvos preferenciais: o Minist\u00e9rio das Cidades, com seu robusto or\u00e7amento para obras de infraestrutura e execu\u00e7\u00e3o r\u00e1pida a um ano da corrida eleitoral, e o controle da articula\u00e7\u00e3o pol\u00edtica (Secretaria de Governo). No caso das Cidades, o PP argumenta que conhece bem os caminhos da pasta, uma vez que a chefiou durante anos nas gest\u00f5es petistas. Dois nomes despontam na bancada: o atual l\u00edder do governo na C\u00e2mara, Aguinaldo Ribeiro (PB), e Arthur Lira (AL), ainda que contra este pesem as investiga\u00e7\u00f5es da Lava Jato. Cariri em Destaque Com informa\u00e7\u00f5es da Veja\" \/>\n<meta property=\"og:url\" content=\"https:\/\/noticiasemdestaque.com\/cd\/?p=1886\" \/>\n<meta property=\"og:site_name\" content=\"Not&iacute;cias em Destaque\" \/>\n<meta property=\"article:published_time\" content=\"2017-07-16T14:16:14+00:00\" \/>\n<meta property=\"og:image\" content=\"https:\/\/noticiasemdestaque.com\/cd\/wp-content\/uploads\/2017\/07\/aguinaldo-ribeiro.jpg\" \/>\n\t<meta property=\"og:image:width\" content=\"620\" \/>\n\t<meta property=\"og:image:height\" content=\"380\" \/>\n\t<meta property=\"og:image:type\" content=\"image\/jpeg\" \/>\n<meta name=\"author\" content=\"Not\u00edcias em Destaque\" \/>\n<meta name=\"twitter:card\" content=\"summary_large_image\" \/>\n<meta name=\"twitter:label1\" content=\"Escrito por\" \/>\n\t<meta name=\"twitter:data1\" content=\"Not\u00edcias em Destaque\" \/>\n\t<meta name=\"twitter:label2\" content=\"Est. tempo de leitura\" \/>\n\t<meta name=\"twitter:data2\" content=\"1 minuto\" \/>\n<script type=\"application\/ld+json\" class=\"yoast-schema-graph\">{\"@context\":\"https:\/\/schema.org\",\"@graph\":[{\"@type\":\"Article\",\"@id\":\"https:\/\/noticiasemdestaque.com\/cd\/?p=1886#article\",\"isPartOf\":{\"@id\":\"https:\/\/noticiasemdestaque.com\/cd\/?p=1886\"},\"author\":{\"name\":\"Not\u00edcias em Destaque\",\"@id\":\"https:\/\/noticiasemdestaque.com\/cd\/#\/schema\/person\/4a81fb71f77579d059c3045891fa1786\"},\"headline\":\"Press\u00e3o de partidos por mais espa\u00e7o no governo, pode fazer Aguinaldo Ribeiro retornar ao Minist\u00e9rio das Cidades\",\"datePublished\":\"2017-07-16T14:16:14+00:00\",\"mainEntityOfPage\":{\"@id\":\"https:\/\/noticiasemdestaque.com\/cd\/?p=1886\"},\"wordCount\":273,\"publisher\":{\"@id\":\"https:\/\/noticiasemdestaque.com\/cd\/#organization\"},\"image\":{\"@id\":\"https:\/\/noticiasemdestaque.com\/cd\/?p=1886#primaryimage\"},\"thumbnailUrl\":\"https:\/\/noticiasemdestaque.com\/cd\/wp-content\/uploads\/2017\/07\/aguinaldo-ribeiro.jpg\",\"articleSection\":[\"Pol\u00edtica\"],\"inLanguage\":\"pt-BR\"},{\"@type\":\"WebPage\",\"@id\":\"https:\/\/noticiasemdestaque.com\/cd\/?p=1886\",\"url\":\"https:\/\/noticiasemdestaque.com\/cd\/?p=1886\",\"name\":\"Press\u00e3o de partidos por mais espa\u00e7o no governo, pode fazer Aguinaldo Ribeiro retornar ao Minist\u00e9rio das Cidades - Not&iacute;cias em Destaque\",\"isPartOf\":{\"@id\":\"https:\/\/noticiasemdestaque.com\/cd\/#website\"},\"primaryImageOfPage\":{\"@id\":\"https:\/\/noticiasemdestaque.com\/cd\/?p=1886#primaryimage\"},\"image\":{\"@id\":\"https:\/\/noticiasemdestaque.com\/cd\/?p=1886#primaryimage\"},\"thumbnailUrl\":\"https:\/\/noticiasemdestaque.com\/cd\/wp-content\/uploads\/2017\/07\/aguinaldo-ribeiro.jpg\",\"datePublished\":\"2017-07-16T14:16:14+00:00\",\"breadcrumb\":{\"@id\":\"https:\/\/noticiasemdestaque.com\/cd\/?p=1886#breadcrumb\"},\"inLanguage\":\"pt-BR\",\"potentialAction\":[{\"@type\":\"ReadAction\",\"target\":[\"https:\/\/noticiasemdestaque.com\/cd\/?p=1886\"]}]},{\"@type\":\"ImageObject\",\"inLanguage\":\"pt-BR\",\"@id\":\"https:\/\/noticiasemdestaque.com\/cd\/?p=1886#primaryimage\",\"url\":\"https:\/\/noticiasemdestaque.com\/cd\/wp-content\/uploads\/2017\/07\/aguinaldo-ribeiro.jpg\",\"contentUrl\":\"https:\/\/noticiasemdestaque.com\/cd\/wp-content\/uploads\/2017\/07\/aguinaldo-ribeiro.jpg\",\"width\":620,\"height\":380},{\"@type\":\"BreadcrumbList\",\"@id\":\"https:\/\/noticiasemdestaque.com\/cd\/?p=1886#breadcrumb\",\"itemListElement\":[{\"@type\":\"ListItem\",\"position\":1,\"name\":\"In\u00edcio\",\"item\":\"https:\/\/noticiasemdestaque.com\/cd\/\"},{\"@type\":\"ListItem\",\"position\":2,\"name\":\"Press\u00e3o de partidos por mais espa\u00e7o no governo, pode fazer Aguinaldo Ribeiro retornar ao Minist\u00e9rio das Cidades\"}]},{\"@type\":\"WebSite\",\"@id\":\"https:\/\/noticiasemdestaque.com\/cd\/#website\",\"url\":\"https:\/\/noticiasemdestaque.com\/cd\/\",\"name\":\"Not&iacute;cias em Destaque\",\"description\":\"\",\"publisher\":{\"@id\":\"https:\/\/noticiasemdestaque.com\/cd\/#organization\"},\"potentialAction\":[{\"@type\":\"SearchAction\",\"target\":{\"@type\":\"EntryPoint\",\"urlTemplate\":\"https:\/\/noticiasemdestaque.com\/cd\/?s={search_term_string}\"},\"query-input\":{\"@type\":\"PropertyValueSpecification\",\"valueRequired\":true,\"valueName\":\"search_term_string\"}}],\"inLanguage\":\"pt-BR\"},{\"@type\":\"Organization\",\"@id\":\"https:\/\/noticiasemdestaque.com\/cd\/#organization\",\"name\":\"Not\u00edcias em Destaque\",\"url\":\"https:\/\/noticiasemdestaque.com\/cd\/\",\"logo\":{\"@type\":\"ImageObject\",\"inLanguage\":\"pt-BR\",\"@id\":\"https:\/\/noticiasemdestaque.com\/cd\/#\/schema\/logo\/image\/\",\"url\":\"https:\/\/noticiasemdestaque.com\/cd\/wp-content\/uploads\/2022\/05\/imagem-base-noticiasemdestaque.png\",\"contentUrl\":\"https:\/\/noticiasemdestaque.com\/cd\/wp-content\/uploads\/2022\/05\/imagem-base-noticiasemdestaque.png\",\"width\":1200,\"height\":630,\"caption\":\"Not\u00edcias em Destaque\"},\"image\":{\"@id\":\"https:\/\/noticiasemdestaque.com\/cd\/#\/schema\/logo\/image\/\"}},{\"@type\":\"Person\",\"@id\":\"https:\/\/noticiasemdestaque.com\/cd\/#\/schema\/person\/4a81fb71f77579d059c3045891fa1786\",\"name\":\"Not\u00edcias em Destaque\",\"url\":\"https:\/\/noticiasemdestaque.com\/cd\/?author=2\"}]}<\/script>\n<!-- \/ Yoast SEO plugin. -->","yoast_head_json":{"title":"Press\u00e3o de partidos por mais espa\u00e7o no governo, pode fazer Aguinaldo Ribeiro retornar ao Minist\u00e9rio das Cidades - Not&iacute;cias em Destaque","robots":{"index":"index","follow":"follow","max-snippet":"max-snippet:-1","max-image-preview":"max-image-preview:large","max-video-preview":"max-video-preview:-1"},"canonical":"https:\/\/noticiasemdestaque.com\/cd\/?p=1886","og_locale":"pt_BR","og_type":"article","og_title":"Press\u00e3o de partidos por mais espa\u00e7o no governo, pode fazer Aguinaldo Ribeiro retornar ao Minist\u00e9rio das Cidades - Not&iacute;cias em Destaque","og_description":"O l\u00edder do governo na C\u00e2mara, Aguinaldo Ribeiro (PP), pode retornar ao Minist\u00e9rio das Cidades caso a press\u00e3o da base aliada mais fiel ao presidente Michel Temer (PMDB) por mais espa\u00e7o na gest\u00e3o surta efeito. Em meio \u00e0 pol\u00eamica est\u00e1 o PSDB que pode debandar da base e j\u00e1 \u00e9 hostilizado por alguns parlamentares que se expuseram durante a vota\u00e7\u00e3o do processo contra o gestor na Comiss\u00e3o de Constitui\u00e7\u00e3o e Justi\u00e7a (CCJ). Resolvida a batalha na CCJ da C\u00e2mara, o Pal\u00e1cio do Planalto deve ceder a maioria das pastas hoje ocupadas pelo partido \u2014 a exce\u00e7\u00e3o deve ser o Itamaraty \u2014 aos fi\u00e9is escudeiros do chamado \u201ccentr\u00e3o\u201d. \u00c0 frente do maior bloco parlamentar da C\u00e2mara, com 66 deputados, o PP reivindica o papel de principal aliado do governo Michel Temer em substitui\u00e7\u00e3o aos tucanos. A sigla tem dois alvos preferenciais: o Minist\u00e9rio das Cidades, com seu robusto or\u00e7amento para obras de infraestrutura e execu\u00e7\u00e3o r\u00e1pida a um ano da corrida eleitoral, e o controle da articula\u00e7\u00e3o pol\u00edtica (Secretaria de Governo). No caso das Cidades, o PP argumenta que conhece bem os caminhos da pasta, uma vez que a chefiou durante anos nas gest\u00f5es petistas. Dois nomes despontam na bancada: o atual l\u00edder do governo na C\u00e2mara, Aguinaldo Ribeiro (PB), e Arthur Lira (AL), ainda que contra este pesem as investiga\u00e7\u00f5es da Lava Jato. Cariri em Destaque Com informa\u00e7\u00f5es da Veja","og_url":"https:\/\/noticiasemdestaque.com\/cd\/?p=1886","og_site_name":"Not&iacute;cias em Destaque","article_published_time":"2017-07-16T14:16:14+00:00","og_image":[{"width":620,"height":380,"url":"https:\/\/noticiasemdestaque.com\/cd\/wp-content\/uploads\/2017\/07\/aguinaldo-ribeiro.jpg","type":"image\/jpeg"}],"author":"Not\u00edcias em Destaque","twitter_card":"summary_large_image","twitter_misc":{"Escrito por":"Not\u00edcias em Destaque","Est. tempo de leitura":"1 minuto"},"schema":{"@context":"https:\/\/schema.org","@graph":[{"@type":"Article","@id":"https:\/\/noticiasemdestaque.com\/cd\/?p=1886#article","isPartOf":{"@id":"https:\/\/noticiasemdestaque.com\/cd\/?p=1886"},"author":{"name":"Not\u00edcias em Destaque","@id":"https:\/\/noticiasemdestaque.com\/cd\/#\/schema\/person\/4a81fb71f77579d059c3045891fa1786"},"headline":"Press\u00e3o de partidos por mais espa\u00e7o no governo, pode fazer Aguinaldo Ribeiro retornar ao Minist\u00e9rio das Cidades","datePublished":"2017-07-16T14:16:14+00:00","mainEntityOfPage":{"@id":"https:\/\/noticiasemdestaque.com\/cd\/?p=1886"},"wordCount":273,"publisher":{"@id":"https:\/\/noticiasemdestaque.com\/cd\/#organization"},"image":{"@id":"https:\/\/noticiasemdestaque.com\/cd\/?p=1886#primaryimage"},"thumbnailUrl":"https:\/\/noticiasemdestaque.com\/cd\/wp-content\/uploads\/2017\/07\/aguinaldo-ribeiro.jpg","articleSection":["Pol\u00edtica"],"inLanguage":"pt-BR"},{"@type":"WebPage","@id":"https:\/\/noticiasemdestaque.com\/cd\/?p=1886","url":"https:\/\/noticiasemdestaque.com\/cd\/?p=1886","name":"Press\u00e3o de partidos por mais espa\u00e7o no governo, pode fazer Aguinaldo Ribeiro retornar ao Minist\u00e9rio das Cidades - Not&iacute;cias em Destaque","isPartOf":{"@id":"https:\/\/noticiasemdestaque.com\/cd\/#website"},"primaryImageOfPage":{"@id":"https:\/\/noticiasemdestaque.com\/cd\/?p=1886#primaryimage"},"image":{"@id":"https:\/\/noticiasemdestaque.com\/cd\/?p=1886#primaryimage"},"thumbnailUrl":"https:\/\/noticiasemdestaque.com\/cd\/wp-content\/uploads\/2017\/07\/aguinaldo-ribeiro.jpg","datePublished":"2017-07-16T14:16:14+00:00","breadcrumb":{"@id":"https:\/\/noticiasemdestaque.com\/cd\/?p=1886#breadcrumb"},"inLanguage":"pt-BR","potentialAction":[{"@type":"ReadAction","target":["https:\/\/noticiasemdestaque.com\/cd\/?p=1886"]}]},{"@type":"ImageObject","inLanguage":"pt-BR","@id":"https:\/\/noticiasemdestaque.com\/cd\/?p=1886#primaryimage","url":"https:\/\/noticiasemdestaque.com\/cd\/wp-content\/uploads\/2017\/07\/aguinaldo-ribeiro.jpg","contentUrl":"https:\/\/noticiasemdestaque.com\/cd\/wp-content\/uploads\/2017\/07\/aguinaldo-ribeiro.jpg","width":620,"height":380},{"@type":"BreadcrumbList","@id":"https:\/\/noticiasemdestaque.com\/cd\/?p=1886#breadcrumb","itemListElement":[{"@type":"ListItem","position":1,"name":"In\u00edcio","item":"https:\/\/noticiasemdestaque.com\/cd\/"},{"@type":"ListItem","position":2,"name":"Press\u00e3o de partidos por mais espa\u00e7o no governo, pode fazer Aguinaldo Ribeiro retornar ao Minist\u00e9rio das Cidades"}]},{"@type":"WebSite","@id":"https:\/\/noticiasemdestaque.com\/cd\/#website","url":"https:\/\/noticiasemdestaque.com\/cd\/","name":"Not&iacute;cias em Destaque","description":"","publisher":{"@id":"https:\/\/noticiasemdestaque.com\/cd\/#organization"},"potentialAction":[{"@type":"SearchAction","target":{"@type":"EntryPoint","urlTemplate":"https:\/\/noticiasemdestaque.com\/cd\/?s={search_term_string}"},"query-input":{"@type":"PropertyValueSpecification","valueRequired":true,"valueName":"search_term_string"}}],"inLanguage":"pt-BR"},{"@type":"Organization","@id":"https:\/\/noticiasemdestaque.com\/cd\/#organization","name":"Not\u00edcias em Destaque","url":"https:\/\/noticiasemdestaque.com\/cd\/","logo":{"@type":"ImageObject","inLanguage":"pt-BR","@id":"https:\/\/noticiasemdestaque.com\/cd\/#\/schema\/logo\/image\/","url":"https:\/\/noticiasemdestaque.com\/cd\/wp-content\/uploads\/2022\/05\/imagem-base-noticiasemdestaque.png","contentUrl":"https:\/\/noticiasemdestaque.com\/cd\/wp-content\/uploads\/2022\/05\/imagem-base-noticiasemdestaque.png","width":1200,"height":630,"caption":"Not\u00edcias em Destaque"},"image":{"@id":"https:\/\/noticiasemdestaque.com\/cd\/#\/schema\/logo\/image\/"}},{"@type":"Person","@id":"https:\/\/noticiasemdestaque.com\/cd\/#\/schema\/person\/4a81fb71f77579d059c3045891fa1786","name":"Not\u00edcias em Destaque","url":"https:\/\/noticiasemdestaque.com\/cd\/?author=2"}]}},"jetpack_featured_media_url":"https:\/\/noticiasemdestaque.com\/cd\/wp-content\/uploads\/2017\/07\/aguinaldo-ribeiro.jpg","jetpack_sharing_enabled":true,"_links":{"self":[{"href":"https:\/\/noticiasemdestaque.com\/cd\/index.php?rest_route=\/wp\/v2\/posts\/1886","targetHints":{"allow":["GET"]}}],"collection":[{"href":"https:\/\/noticiasemdestaque.com\/cd\/index.php?rest_route=\/wp\/v2\/posts"}],"about":[{"href":"https:\/\/noticiasemdestaque.com\/cd\/index.php?rest_route=\/wp\/v2\/types\/post"}],"author":[{"embeddable":true,"href":"https:\/\/noticiasemdestaque.com\/cd\/index.php?rest_route=\/wp\/v2\/users\/2"}],"replies":[{"embeddable":true,"href":"https:\/\/noticiasemdestaque.com\/cd\/index.php?rest_route=%2Fwp%2Fv2%2Fcomments&post=1886"}],"version-history":[{"count":1,"href":"https:\/\/noticiasemdestaque.com\/cd\/index.php?rest_route=\/wp\/v2\/posts\/1886\/revisions"}],"predecessor-version":[{"id":1888,"href":"https:\/\/noticiasemdestaque.com\/cd\/index.php?rest_route=\/wp\/v2\/posts\/1886\/revisions\/1888"}],"wp:featuredmedia":[{"embeddable":true,"href":"https:\/\/noticiasemdestaque.com\/cd\/index.php?rest_route=\/wp\/v2\/media\/1887"}],"wp:attachment":[{"href":"https:\/\/noticiasemdestaque.com\/cd\/index.php?rest_route=%2Fwp%2Fv2%2Fmedia&parent=1886"}],"wp:term":[{"taxonomy":"category","embeddable":true,"href":"https:\/\/noticiasemdestaque.com\/cd\/index.php?rest_route=%2Fwp%2Fv2%2Fcategories&post=1886"},{"taxonomy":"post_tag","embeddable":true,"href":"https:\/\/noticiasemdestaque.com\/cd\/index.php?rest_route=%2Fwp%2Fv2%2Ftags&post=1886"}],"curies":[{"name":"wp","href":"https:\/\/api.w.org\/{rel}","templated":true}]}}