{"id":18857,"date":"2019-08-07T22:26:32","date_gmt":"2019-08-08T01:26:32","guid":{"rendered":"http:\/\/noticiasemdestaque.com\/cd\/?p=18857"},"modified":"2019-08-07T22:26:32","modified_gmt":"2019-08-08T01:26:32","slug":"sarampo-criancas-que-forem-para-municipios-em-situacao-de-risco-devem-ser-vacinadas","status":"publish","type":"post","link":"https:\/\/noticiasemdestaque.com\/cd\/?p=18857","title":{"rendered":"Sarampo: crian\u00e7as que forem para munic\u00edpios em situa\u00e7\u00e3o de risco devem ser vacinadas"},"content":{"rendered":"<p><a href=\"https:\/\/noticiasemdestaque.com\/cd\/wp-content\/uploads\/2019\/08\/foto1-3441.jpg\"><img fetchpriority=\"high\" decoding=\"async\" class=\"wp-image-18858 aligncenter\" src=\"https:\/\/noticiasemdestaque.com\/cd\/wp-content\/uploads\/2019\/08\/foto1-3441-1024x683.jpg\" alt=\"\" width=\"513\" height=\"342\" srcset=\"https:\/\/noticiasemdestaque.com\/cd\/wp-content\/uploads\/2019\/08\/foto1-3441-1024x683.jpg 1024w, https:\/\/noticiasemdestaque.com\/cd\/wp-content\/uploads\/2019\/08\/foto1-3441-300x200.jpg 300w, https:\/\/noticiasemdestaque.com\/cd\/wp-content\/uploads\/2019\/08\/foto1-3441-768x512.jpg 768w, https:\/\/noticiasemdestaque.com\/cd\/wp-content\/uploads\/2019\/08\/foto1-3441-480x320.jpg 480w, https:\/\/noticiasemdestaque.com\/cd\/wp-content\/uploads\/2019\/08\/foto1-3441.jpg 1140w\" sizes=\"(max-width: 513px) 100vw, 513px\" \/><\/a><\/p>\n<p>O Minist\u00e9rio da Sa\u00fade alerta aos pais, m\u00e3es e respons\u00e1veis que v\u00e3o viajar com os filhos de seis meses a menores de um ano de idade para munic\u00edpios em situa\u00e7\u00e3o de surto ativo do sarampo no pa\u00eds (lista abaixo). A recomenda\u00e7\u00e3o \u00e9 que todas essas crian\u00e7as, nesta faixa et\u00e1ria, sejam vacinadas contra a doen\u00e7a, no per\u00edodo m\u00ednimo de 15 dias, antes da data prevista para a viagem. Al\u00e9m de proteger, a medida de seguran\u00e7a pretende interromper a cadeia de transmiss\u00e3o do v\u00edrus do sarampo no pa\u00eds. Atualmente, 43 cidades em tr\u00eas estados brasileiros (S\u00e3o Paulo, Rio de Janeiro e Bahia) se mant\u00e9m com surto ativo, ou seja,\u00a0com crescimento do n\u00famero de casos confirmados da doen\u00e7a.<\/p>\n<p>A chamada \u201cdose zero\u201d n\u00e3o substitui e n\u00e3o ser\u00e1 considerada v\u00e1lida para fins do calend\u00e1rio nacional de vacina\u00e7\u00e3o da crian\u00e7a. Assim, al\u00e9m dessa dose que est\u00e1 sendo aplicada agora, os pais e respons\u00e1veis devem levar os filhos para tomar a vacina tr\u00edplice viral (D1) aos 12 meses de idade (1\u00aa dose); e aos 15 meses (2\u00aadose) para tomar a vacina tetra viral ou a tr\u00edplice viral + varicela. A vacina\u00e7\u00e3o de rotina das crian\u00e7as deve ser mantida independentemente do planejamento de viagens para os locais com surto ativo do sarampo ou n\u00e3o.<\/p>\n<p>Na rotina do Sistema \u00danico de Sa\u00fade (SUS) a tr\u00edplice viral est\u00e1 dispon\u00edvel em todos os mais de 37 mil postos de vacina\u00e7\u00e3o em todo o Brasil. A vacina previne tamb\u00e9m contra rub\u00e9ola e caxumba.<\/p>\n<div id=\"navigation\" class=\"span3\"><\/div>\n<div id=\"content\" class=\"span9 internas\">\n<section id=\"content-section\">\n<div class=\"row-fluid\">\n<div class=\"item-page\">\n<p>&nbsp;<\/p>\n<p>&nbsp;<\/p>\n<\/div>\n<\/div>\n<\/section>\n<\/div>\n","protected":false},"excerpt":{"rendered":"<p>O Minist\u00e9rio da Sa\u00fade alerta aos pais, m\u00e3es e respons\u00e1veis que v\u00e3o viajar com os filhos de seis meses a menores de um ano de idade para munic\u00edpios em situa\u00e7\u00e3o de surto ativo do sarampo no pa\u00eds (lista abaixo). A recomenda\u00e7\u00e3o \u00e9 que todas essas crian\u00e7as, nesta faixa et\u00e1ria, sejam vacinadas contra a doen\u00e7a, no per\u00edodo m\u00ednimo de 15 dias, antes da data prevista para a viagem. Al\u00e9m de proteger, a medida de seguran\u00e7a pretende interromper a cadeia de transmiss\u00e3o do v\u00edrus do sarampo no pa\u00eds. Atualmente, 43 cidades em tr\u00eas estados brasileiros (S\u00e3o Paulo, Rio de Janeiro e Bahia) se mant\u00e9m com surto ativo, ou seja,\u00a0com crescimento do n\u00famero de casos confirmados da doen\u00e7a. A chamada \u201cdose zero\u201d n\u00e3o substitui e n\u00e3o ser\u00e1 considerada v\u00e1lida para fins do calend\u00e1rio nacional de vacina\u00e7\u00e3o da crian\u00e7a. Assim, al\u00e9m dessa dose que est\u00e1 sendo aplicada agora, os pais e respons\u00e1veis devem levar os filhos para tomar a vacina tr\u00edplice viral (D1) aos 12 meses de idade (1\u00aa dose); e aos 15 meses (2\u00aadose) para tomar a vacina tetra viral ou a tr\u00edplice viral + varicela. A vacina\u00e7\u00e3o de rotina das crian\u00e7as deve ser mantida independentemente do planejamento de viagens para os locais com surto ativo do sarampo ou n\u00e3o. Na rotina do Sistema \u00danico de Sa\u00fade (SUS) a tr\u00edplice viral est\u00e1 dispon\u00edvel em todos os mais de 37 mil postos de vacina\u00e7\u00e3o em todo o Brasil. A vacina previne tamb\u00e9m contra rub\u00e9ola e caxumba. &nbsp; &nbsp;<\/p>\n","protected":false},"author":2,"featured_media":18858,"comment_status":"closed","ping_status":"open","sticky":false,"template":"","format":"standard","meta":{"_eb_attr":"","_jetpack_memberships_contains_paid_content":false,"footnotes":""},"categories":[8],"tags":[],"class_list":["post-18857","post","type-post","status-publish","format-standard","has-post-thumbnail","hentry","category-saude"],"yoast_head":"<!-- This site is optimized with the Yoast SEO plugin v26.5 - https:\/\/yoast.com\/wordpress\/plugins\/seo\/ -->\n<title>Sarampo: crian\u00e7as que forem para munic\u00edpios em situa\u00e7\u00e3o de risco devem ser vacinadas - Not&iacute;cias em Destaque<\/title>\n<meta name=\"robots\" content=\"index, follow, max-snippet:-1, max-image-preview:large, max-video-preview:-1\" \/>\n<link rel=\"canonical\" href=\"https:\/\/noticiasemdestaque.com\/cd\/?p=18857\" \/>\n<meta property=\"og:locale\" content=\"pt_BR\" \/>\n<meta property=\"og:type\" content=\"article\" \/>\n<meta property=\"og:title\" content=\"Sarampo: crian\u00e7as que forem para munic\u00edpios em situa\u00e7\u00e3o de risco devem ser vacinadas - Not&iacute;cias em Destaque\" \/>\n<meta property=\"og:description\" content=\"O Minist\u00e9rio da Sa\u00fade alerta aos pais, m\u00e3es e respons\u00e1veis que v\u00e3o viajar com os filhos de seis meses a menores de um ano de idade para munic\u00edpios em situa\u00e7\u00e3o de surto ativo do sarampo no pa\u00eds (lista abaixo). A recomenda\u00e7\u00e3o \u00e9 que todas essas crian\u00e7as, nesta faixa et\u00e1ria, sejam vacinadas contra a doen\u00e7a, no per\u00edodo m\u00ednimo de 15 dias, antes da data prevista para a viagem. Al\u00e9m de proteger, a medida de seguran\u00e7a pretende interromper a cadeia de transmiss\u00e3o do v\u00edrus do sarampo no pa\u00eds. Atualmente, 43 cidades em tr\u00eas estados brasileiros (S\u00e3o Paulo, Rio de Janeiro e Bahia) se mant\u00e9m com surto ativo, ou seja,\u00a0com crescimento do n\u00famero de casos confirmados da doen\u00e7a. A chamada \u201cdose zero\u201d n\u00e3o substitui e n\u00e3o ser\u00e1 considerada v\u00e1lida para fins do calend\u00e1rio nacional de vacina\u00e7\u00e3o da crian\u00e7a. Assim, al\u00e9m dessa dose que est\u00e1 sendo aplicada agora, os pais e respons\u00e1veis devem levar os filhos para tomar a vacina tr\u00edplice viral (D1) aos 12 meses de idade (1\u00aa dose); e aos 15 meses (2\u00aadose) para tomar a vacina tetra viral ou a tr\u00edplice viral + varicela. A vacina\u00e7\u00e3o de rotina das crian\u00e7as deve ser mantida independentemente do planejamento de viagens para os locais com surto ativo do sarampo ou n\u00e3o. Na rotina do Sistema \u00danico de Sa\u00fade (SUS) a tr\u00edplice viral est\u00e1 dispon\u00edvel em todos os mais de 37 mil postos de vacina\u00e7\u00e3o em todo o Brasil. A vacina previne tamb\u00e9m contra rub\u00e9ola e caxumba. &nbsp; &nbsp;\" \/>\n<meta property=\"og:url\" content=\"https:\/\/noticiasemdestaque.com\/cd\/?p=18857\" \/>\n<meta property=\"og:site_name\" content=\"Not&iacute;cias em Destaque\" \/>\n<meta property=\"article:published_time\" content=\"2019-08-08T01:26:32+00:00\" \/>\n<meta property=\"og:image\" content=\"https:\/\/noticiasemdestaque.com\/cd\/wp-content\/uploads\/2019\/08\/foto1-3441.jpg\" \/>\n\t<meta property=\"og:image:width\" content=\"1140\" \/>\n\t<meta property=\"og:image:height\" content=\"760\" \/>\n\t<meta property=\"og:image:type\" content=\"image\/jpeg\" \/>\n<meta name=\"author\" content=\"Not\u00edcias em Destaque\" \/>\n<meta name=\"twitter:card\" content=\"summary_large_image\" \/>\n<meta name=\"twitter:label1\" content=\"Escrito por\" \/>\n\t<meta name=\"twitter:data1\" content=\"Not\u00edcias em Destaque\" \/>\n\t<meta name=\"twitter:label2\" content=\"Est. tempo de leitura\" \/>\n\t<meta name=\"twitter:data2\" content=\"1 minuto\" \/>\n<script type=\"application\/ld+json\" class=\"yoast-schema-graph\">{\"@context\":\"https:\/\/schema.org\",\"@graph\":[{\"@type\":\"Article\",\"@id\":\"https:\/\/noticiasemdestaque.com\/cd\/?p=18857#article\",\"isPartOf\":{\"@id\":\"https:\/\/noticiasemdestaque.com\/cd\/?p=18857\"},\"author\":{\"name\":\"Not\u00edcias em Destaque\",\"@id\":\"https:\/\/noticiasemdestaque.com\/cd\/#\/schema\/person\/47f7d4f55eec17c6b2ca036c5500f6ce\"},\"headline\":\"Sarampo: crian\u00e7as que forem para munic\u00edpios em situa\u00e7\u00e3o de risco devem ser vacinadas\",\"datePublished\":\"2019-08-08T01:26:32+00:00\",\"mainEntityOfPage\":{\"@id\":\"https:\/\/noticiasemdestaque.com\/cd\/?p=18857\"},\"wordCount\":296,\"publisher\":{\"@id\":\"https:\/\/noticiasemdestaque.com\/cd\/#organization\"},\"image\":{\"@id\":\"https:\/\/noticiasemdestaque.com\/cd\/?p=18857#primaryimage\"},\"thumbnailUrl\":\"https:\/\/noticiasemdestaque.com\/cd\/wp-content\/uploads\/2019\/08\/foto1-3441.jpg\",\"articleSection\":[\"Sa\u00fade\"],\"inLanguage\":\"pt-BR\"},{\"@type\":\"WebPage\",\"@id\":\"https:\/\/noticiasemdestaque.com\/cd\/?p=18857\",\"url\":\"https:\/\/noticiasemdestaque.com\/cd\/?p=18857\",\"name\":\"Sarampo: crian\u00e7as que forem para munic\u00edpios em situa\u00e7\u00e3o de risco devem ser vacinadas - Not&iacute;cias em Destaque\",\"isPartOf\":{\"@id\":\"https:\/\/noticiasemdestaque.com\/cd\/#website\"},\"primaryImageOfPage\":{\"@id\":\"https:\/\/noticiasemdestaque.com\/cd\/?p=18857#primaryimage\"},\"image\":{\"@id\":\"https:\/\/noticiasemdestaque.com\/cd\/?p=18857#primaryimage\"},\"thumbnailUrl\":\"https:\/\/noticiasemdestaque.com\/cd\/wp-content\/uploads\/2019\/08\/foto1-3441.jpg\",\"datePublished\":\"2019-08-08T01:26:32+00:00\",\"breadcrumb\":{\"@id\":\"https:\/\/noticiasemdestaque.com\/cd\/?p=18857#breadcrumb\"},\"inLanguage\":\"pt-BR\",\"potentialAction\":[{\"@type\":\"ReadAction\",\"target\":[\"https:\/\/noticiasemdestaque.com\/cd\/?p=18857\"]}]},{\"@type\":\"ImageObject\",\"inLanguage\":\"pt-BR\",\"@id\":\"https:\/\/noticiasemdestaque.com\/cd\/?p=18857#primaryimage\",\"url\":\"https:\/\/noticiasemdestaque.com\/cd\/wp-content\/uploads\/2019\/08\/foto1-3441.jpg\",\"contentUrl\":\"https:\/\/noticiasemdestaque.com\/cd\/wp-content\/uploads\/2019\/08\/foto1-3441.jpg\",\"width\":1140,\"height\":760},{\"@type\":\"BreadcrumbList\",\"@id\":\"https:\/\/noticiasemdestaque.com\/cd\/?p=18857#breadcrumb\",\"itemListElement\":[{\"@type\":\"ListItem\",\"position\":1,\"name\":\"In\u00edcio\",\"item\":\"https:\/\/noticiasemdestaque.com\/cd\/\"},{\"@type\":\"ListItem\",\"position\":2,\"name\":\"Sarampo: crian\u00e7as que forem para munic\u00edpios em situa\u00e7\u00e3o de risco devem ser vacinadas\"}]},{\"@type\":\"WebSite\",\"@id\":\"https:\/\/noticiasemdestaque.com\/cd\/#website\",\"url\":\"https:\/\/noticiasemdestaque.com\/cd\/\",\"name\":\"Not&iacute;cias em Destaque\",\"description\":\"\",\"publisher\":{\"@id\":\"https:\/\/noticiasemdestaque.com\/cd\/#organization\"},\"potentialAction\":[{\"@type\":\"SearchAction\",\"target\":{\"@type\":\"EntryPoint\",\"urlTemplate\":\"https:\/\/noticiasemdestaque.com\/cd\/?s={search_term_string}\"},\"query-input\":{\"@type\":\"PropertyValueSpecification\",\"valueRequired\":true,\"valueName\":\"search_term_string\"}}],\"inLanguage\":\"pt-BR\"},{\"@type\":\"Organization\",\"@id\":\"https:\/\/noticiasemdestaque.com\/cd\/#organization\",\"name\":\"Not\u00edcias em Destaque\",\"url\":\"https:\/\/noticiasemdestaque.com\/cd\/\",\"logo\":{\"@type\":\"ImageObject\",\"inLanguage\":\"pt-BR\",\"@id\":\"https:\/\/noticiasemdestaque.com\/cd\/#\/schema\/logo\/image\/\",\"url\":\"https:\/\/noticiasemdestaque.com\/cd\/wp-content\/uploads\/2022\/05\/imagem-base-noticiasemdestaque.png\",\"contentUrl\":\"https:\/\/noticiasemdestaque.com\/cd\/wp-content\/uploads\/2022\/05\/imagem-base-noticiasemdestaque.png\",\"width\":1200,\"height\":630,\"caption\":\"Not\u00edcias em Destaque\"},\"image\":{\"@id\":\"https:\/\/noticiasemdestaque.com\/cd\/#\/schema\/logo\/image\/\"}},{\"@type\":\"Person\",\"@id\":\"https:\/\/noticiasemdestaque.com\/cd\/#\/schema\/person\/47f7d4f55eec17c6b2ca036c5500f6ce\",\"name\":\"Not\u00edcias em Destaque\",\"url\":\"https:\/\/noticiasemdestaque.com\/cd\/?author=2\"}]}<\/script>\n<!-- \/ Yoast SEO plugin. -->","yoast_head_json":{"title":"Sarampo: crian\u00e7as que forem para munic\u00edpios em situa\u00e7\u00e3o de risco devem ser vacinadas - Not&iacute;cias em Destaque","robots":{"index":"index","follow":"follow","max-snippet":"max-snippet:-1","max-image-preview":"max-image-preview:large","max-video-preview":"max-video-preview:-1"},"canonical":"https:\/\/noticiasemdestaque.com\/cd\/?p=18857","og_locale":"pt_BR","og_type":"article","og_title":"Sarampo: crian\u00e7as que forem para munic\u00edpios em situa\u00e7\u00e3o de risco devem ser vacinadas - Not&iacute;cias em Destaque","og_description":"O Minist\u00e9rio da Sa\u00fade alerta aos pais, m\u00e3es e respons\u00e1veis que v\u00e3o viajar com os filhos de seis meses a menores de um ano de idade para munic\u00edpios em situa\u00e7\u00e3o de surto ativo do sarampo no pa\u00eds (lista abaixo). A recomenda\u00e7\u00e3o \u00e9 que todas essas crian\u00e7as, nesta faixa et\u00e1ria, sejam vacinadas contra a doen\u00e7a, no per\u00edodo m\u00ednimo de 15 dias, antes da data prevista para a viagem. Al\u00e9m de proteger, a medida de seguran\u00e7a pretende interromper a cadeia de transmiss\u00e3o do v\u00edrus do sarampo no pa\u00eds. Atualmente, 43 cidades em tr\u00eas estados brasileiros (S\u00e3o Paulo, Rio de Janeiro e Bahia) se mant\u00e9m com surto ativo, ou seja,\u00a0com crescimento do n\u00famero de casos confirmados da doen\u00e7a. A chamada \u201cdose zero\u201d n\u00e3o substitui e n\u00e3o ser\u00e1 considerada v\u00e1lida para fins do calend\u00e1rio nacional de vacina\u00e7\u00e3o da crian\u00e7a. Assim, al\u00e9m dessa dose que est\u00e1 sendo aplicada agora, os pais e respons\u00e1veis devem levar os filhos para tomar a vacina tr\u00edplice viral (D1) aos 12 meses de idade (1\u00aa dose); e aos 15 meses (2\u00aadose) para tomar a vacina tetra viral ou a tr\u00edplice viral + varicela. A vacina\u00e7\u00e3o de rotina das crian\u00e7as deve ser mantida independentemente do planejamento de viagens para os locais com surto ativo do sarampo ou n\u00e3o. Na rotina do Sistema \u00danico de Sa\u00fade (SUS) a tr\u00edplice viral est\u00e1 dispon\u00edvel em todos os mais de 37 mil postos de vacina\u00e7\u00e3o em todo o Brasil. A vacina previne tamb\u00e9m contra rub\u00e9ola e caxumba. &nbsp; &nbsp;","og_url":"https:\/\/noticiasemdestaque.com\/cd\/?p=18857","og_site_name":"Not&iacute;cias em Destaque","article_published_time":"2019-08-08T01:26:32+00:00","og_image":[{"width":1140,"height":760,"url":"https:\/\/noticiasemdestaque.com\/cd\/wp-content\/uploads\/2019\/08\/foto1-3441.jpg","type":"image\/jpeg"}],"author":"Not\u00edcias em Destaque","twitter_card":"summary_large_image","twitter_misc":{"Escrito por":"Not\u00edcias em Destaque","Est. tempo de leitura":"1 minuto"},"schema":{"@context":"https:\/\/schema.org","@graph":[{"@type":"Article","@id":"https:\/\/noticiasemdestaque.com\/cd\/?p=18857#article","isPartOf":{"@id":"https:\/\/noticiasemdestaque.com\/cd\/?p=18857"},"author":{"name":"Not\u00edcias em Destaque","@id":"https:\/\/noticiasemdestaque.com\/cd\/#\/schema\/person\/47f7d4f55eec17c6b2ca036c5500f6ce"},"headline":"Sarampo: crian\u00e7as que forem para munic\u00edpios em situa\u00e7\u00e3o de risco devem ser vacinadas","datePublished":"2019-08-08T01:26:32+00:00","mainEntityOfPage":{"@id":"https:\/\/noticiasemdestaque.com\/cd\/?p=18857"},"wordCount":296,"publisher":{"@id":"https:\/\/noticiasemdestaque.com\/cd\/#organization"},"image":{"@id":"https:\/\/noticiasemdestaque.com\/cd\/?p=18857#primaryimage"},"thumbnailUrl":"https:\/\/noticiasemdestaque.com\/cd\/wp-content\/uploads\/2019\/08\/foto1-3441.jpg","articleSection":["Sa\u00fade"],"inLanguage":"pt-BR"},{"@type":"WebPage","@id":"https:\/\/noticiasemdestaque.com\/cd\/?p=18857","url":"https:\/\/noticiasemdestaque.com\/cd\/?p=18857","name":"Sarampo: crian\u00e7as que forem para munic\u00edpios em situa\u00e7\u00e3o de risco devem ser vacinadas - Not&iacute;cias em Destaque","isPartOf":{"@id":"https:\/\/noticiasemdestaque.com\/cd\/#website"},"primaryImageOfPage":{"@id":"https:\/\/noticiasemdestaque.com\/cd\/?p=18857#primaryimage"},"image":{"@id":"https:\/\/noticiasemdestaque.com\/cd\/?p=18857#primaryimage"},"thumbnailUrl":"https:\/\/noticiasemdestaque.com\/cd\/wp-content\/uploads\/2019\/08\/foto1-3441.jpg","datePublished":"2019-08-08T01:26:32+00:00","breadcrumb":{"@id":"https:\/\/noticiasemdestaque.com\/cd\/?p=18857#breadcrumb"},"inLanguage":"pt-BR","potentialAction":[{"@type":"ReadAction","target":["https:\/\/noticiasemdestaque.com\/cd\/?p=18857"]}]},{"@type":"ImageObject","inLanguage":"pt-BR","@id":"https:\/\/noticiasemdestaque.com\/cd\/?p=18857#primaryimage","url":"https:\/\/noticiasemdestaque.com\/cd\/wp-content\/uploads\/2019\/08\/foto1-3441.jpg","contentUrl":"https:\/\/noticiasemdestaque.com\/cd\/wp-content\/uploads\/2019\/08\/foto1-3441.jpg","width":1140,"height":760},{"@type":"BreadcrumbList","@id":"https:\/\/noticiasemdestaque.com\/cd\/?p=18857#breadcrumb","itemListElement":[{"@type":"ListItem","position":1,"name":"In\u00edcio","item":"https:\/\/noticiasemdestaque.com\/cd\/"},{"@type":"ListItem","position":2,"name":"Sarampo: crian\u00e7as que forem para munic\u00edpios em situa\u00e7\u00e3o de risco devem ser vacinadas"}]},{"@type":"WebSite","@id":"https:\/\/noticiasemdestaque.com\/cd\/#website","url":"https:\/\/noticiasemdestaque.com\/cd\/","name":"Not&iacute;cias em Destaque","description":"","publisher":{"@id":"https:\/\/noticiasemdestaque.com\/cd\/#organization"},"potentialAction":[{"@type":"SearchAction","target":{"@type":"EntryPoint","urlTemplate":"https:\/\/noticiasemdestaque.com\/cd\/?s={search_term_string}"},"query-input":{"@type":"PropertyValueSpecification","valueRequired":true,"valueName":"search_term_string"}}],"inLanguage":"pt-BR"},{"@type":"Organization","@id":"https:\/\/noticiasemdestaque.com\/cd\/#organization","name":"Not\u00edcias em Destaque","url":"https:\/\/noticiasemdestaque.com\/cd\/","logo":{"@type":"ImageObject","inLanguage":"pt-BR","@id":"https:\/\/noticiasemdestaque.com\/cd\/#\/schema\/logo\/image\/","url":"https:\/\/noticiasemdestaque.com\/cd\/wp-content\/uploads\/2022\/05\/imagem-base-noticiasemdestaque.png","contentUrl":"https:\/\/noticiasemdestaque.com\/cd\/wp-content\/uploads\/2022\/05\/imagem-base-noticiasemdestaque.png","width":1200,"height":630,"caption":"Not\u00edcias em Destaque"},"image":{"@id":"https:\/\/noticiasemdestaque.com\/cd\/#\/schema\/logo\/image\/"}},{"@type":"Person","@id":"https:\/\/noticiasemdestaque.com\/cd\/#\/schema\/person\/47f7d4f55eec17c6b2ca036c5500f6ce","name":"Not\u00edcias em Destaque","url":"https:\/\/noticiasemdestaque.com\/cd\/?author=2"}]}},"jetpack_featured_media_url":"https:\/\/noticiasemdestaque.com\/cd\/wp-content\/uploads\/2019\/08\/foto1-3441.jpg","jetpack_sharing_enabled":true,"_links":{"self":[{"href":"https:\/\/noticiasemdestaque.com\/cd\/index.php?rest_route=\/wp\/v2\/posts\/18857","targetHints":{"allow":["GET"]}}],"collection":[{"href":"https:\/\/noticiasemdestaque.com\/cd\/index.php?rest_route=\/wp\/v2\/posts"}],"about":[{"href":"https:\/\/noticiasemdestaque.com\/cd\/index.php?rest_route=\/wp\/v2\/types\/post"}],"author":[{"embeddable":true,"href":"https:\/\/noticiasemdestaque.com\/cd\/index.php?rest_route=\/wp\/v2\/users\/2"}],"replies":[{"embeddable":true,"href":"https:\/\/noticiasemdestaque.com\/cd\/index.php?rest_route=%2Fwp%2Fv2%2Fcomments&post=18857"}],"version-history":[{"count":1,"href":"https:\/\/noticiasemdestaque.com\/cd\/index.php?rest_route=\/wp\/v2\/posts\/18857\/revisions"}],"predecessor-version":[{"id":18859,"href":"https:\/\/noticiasemdestaque.com\/cd\/index.php?rest_route=\/wp\/v2\/posts\/18857\/revisions\/18859"}],"wp:featuredmedia":[{"embeddable":true,"href":"https:\/\/noticiasemdestaque.com\/cd\/index.php?rest_route=\/wp\/v2\/media\/18858"}],"wp:attachment":[{"href":"https:\/\/noticiasemdestaque.com\/cd\/index.php?rest_route=%2Fwp%2Fv2%2Fmedia&parent=18857"}],"wp:term":[{"taxonomy":"category","embeddable":true,"href":"https:\/\/noticiasemdestaque.com\/cd\/index.php?rest_route=%2Fwp%2Fv2%2Fcategories&post=18857"},{"taxonomy":"post_tag","embeddable":true,"href":"https:\/\/noticiasemdestaque.com\/cd\/index.php?rest_route=%2Fwp%2Fv2%2Ftags&post=18857"}],"curies":[{"name":"wp","href":"https:\/\/api.w.org\/{rel}","templated":true}]}}