{"id":18845,"date":"2019-08-07T21:54:28","date_gmt":"2019-08-08T00:54:28","guid":{"rendered":"http:\/\/noticiasemdestaque.com\/cd\/?p=18845"},"modified":"2019-08-07T21:54:28","modified_gmt":"2019-08-08T00:54:28","slug":"stf-suspende-transferencia-para-presidio-paulista-e-decide-manter-lula-preso-em-curitiba","status":"publish","type":"post","link":"https:\/\/noticiasemdestaque.com\/cd\/?p=18845","title":{"rendered":"STF suspende transfer\u00eancia para pres\u00eddio paulista e decide manter Lula preso em Curitiba"},"content":{"rendered":"<div class=\"mc-column content-text active-extra-styles \" data-block-type=\"unstyled\" data-block-weight=\"54\" data-block-id=\"2\">\n<p data-track-category=\"Link no Texto\" data-track-links=\"\"><a href=\"https:\/\/noticiasemdestaque.com\/cd\/wp-content\/uploads\/2018\/11\/lula-1.jpg\"><img fetchpriority=\"high\" decoding=\"async\" class=\"wp-image-13645 aligncenter\" src=\"https:\/\/noticiasemdestaque.com\/cd\/wp-content\/uploads\/2018\/11\/lula-1.jpg\" alt=\"\" width=\"466\" height=\"204\" srcset=\"https:\/\/noticiasemdestaque.com\/cd\/wp-content\/uploads\/2018\/11\/lula-1.jpg 940w, https:\/\/noticiasemdestaque.com\/cd\/wp-content\/uploads\/2018\/11\/lula-1-300x131.jpg 300w, https:\/\/noticiasemdestaque.com\/cd\/wp-content\/uploads\/2018\/11\/lula-1-768x336.jpg 768w\" sizes=\"(max-width: 466px) 100vw, 466px\" \/><\/a><\/p>\n<p class=\"content-text__container \" data-track-category=\"Link no Texto\" data-track-links=\"\">O\u00a0Supremo Tribunal Federal (STF)\u00a0suspendeu nesta quarta-feira (7), por 10 votos a 1, a transfer\u00eancia do ex-presidente\u00a0Luiz In\u00e1cio Lula da Silva\u00a0para o pres\u00eddio de Trememb\u00e9, no interior de S\u00e3o Paulo, e decidiu mant\u00ea-lo preso na Superintend\u00eancia da Pol\u00edcia Federal em Curitiba. O \u00fanico voto contr\u00e1rio foi do ministro Marco Aur\u00e9lio Mello.<\/p>\n<\/div>\n<div class=\"wall protected-content\">\n<div class=\"mc-column content-text active-extra-styles \" data-block-type=\"unstyled\" data-block-weight=\"62\" data-block-id=\"3\">\n<p class=\"content-text__container \" data-track-category=\"Link no Texto\" data-track-links=\"\">O\u00a0caso foi levado ao Supremo pela defesa de Lula\u00a0depois de o juiz Paulo Eduardo de Almeida Sorci, da Justi\u00e7a estadual de S\u00e3o Paulo, ter\u00a0decidido mais cedo que o ex-presidente cumpriria pena em Trememb\u00e9. Essa decis\u00e3o foi tomada horas depois de a ju\u00edza federal do Paran\u00e1 Carolina Lebbos emitir\u00a0ordem de transfer\u00eancia de Lula de Curitiba para um pres\u00eddio paulista.<\/p>\n<\/div>\n<div class=\"mc-column content-text active-extra-styles \" data-block-type=\"unstyled\" data-block-weight=\"58\" data-block-id=\"4\">\n<p class=\"content-text__container \" data-track-category=\"Link no Texto\" data-track-links=\"\">Ap\u00f3s\u00a0receber no Supremo parlamentares\u00a0que protestavam contra a transfer\u00eancia, o presidente do STF, ministro Dias Toffoli, decidiu em car\u00e1ter de urg\u00eancia submeter o recurso de Lula ao plen\u00e1rio do tribunal enquanto ainda transcorria a sess\u00e3o desta quarta \u2013 at\u00e9 aquele momento, os ministros julgavam uma a\u00e7\u00e3o que questiona trechos do Estatuto da Crian\u00e7a e do Adolescente (ECA).<\/p>\n<\/div>\n<div class=\"mc-column content-text active-extra-styles \" data-block-type=\"unstyled\" data-block-weight=\"71\" data-block-id=\"5\">\n<p class=\"content-text__container \" data-track-category=\"Link no Texto\" data-track-links=\"\">Em menos de meia hora, os ministros decidiram manter o ex-presidente em Curitiba at\u00e9 que a Segunda Turma do STF\u00a0conclua o julgamento\u00a0de um\u00a0pedido de suspei\u00e7\u00e3o\u00a0do ex-juiz e atual ministro da Justi\u00e7a, S\u00e9rgio Moro, na condu\u00e7\u00e3o do processo do triplex de Guaruj\u00e1 (SP), no qual\u00a0Lula foi condenado. Na a\u00e7\u00e3o, a defesa aponta parcialidade do ex-juiz no julgamento e, em raz\u00e3o disso, pede que o ex-presidente seja libertado.<\/p>\n<p data-track-category=\"Link no Texto\" data-track-links=\"\"><em><strong>Not\u00edcias em Destaque<\/strong><\/em><\/p>\n<p data-track-category=\"Link no Texto\" data-track-links=\"\">Com G1<\/p>\n<\/div>\n<\/div>\n","protected":false},"excerpt":{"rendered":"<p>O\u00a0Supremo Tribunal Federal (STF)\u00a0suspendeu nesta quarta-feira (7), por 10 votos a 1, a transfer\u00eancia do ex-presidente\u00a0Luiz In\u00e1cio Lula da Silva\u00a0para o pres\u00eddio de Trememb\u00e9, no interior de S\u00e3o Paulo, e decidiu mant\u00ea-lo preso na Superintend\u00eancia da Pol\u00edcia Federal em Curitiba. O \u00fanico voto contr\u00e1rio foi do ministro Marco Aur\u00e9lio Mello. O\u00a0caso foi levado ao Supremo pela defesa de Lula\u00a0depois de o juiz Paulo Eduardo de Almeida Sorci, da Justi\u00e7a estadual de S\u00e3o Paulo, ter\u00a0decidido mais cedo que o ex-presidente cumpriria pena em Trememb\u00e9. Essa decis\u00e3o foi tomada horas depois de a ju\u00edza federal do Paran\u00e1 Carolina Lebbos emitir\u00a0ordem de transfer\u00eancia de Lula de Curitiba para um pres\u00eddio paulista. Ap\u00f3s\u00a0receber no Supremo parlamentares\u00a0que protestavam contra a transfer\u00eancia, o presidente do STF, ministro Dias Toffoli, decidiu em car\u00e1ter de urg\u00eancia submeter o recurso de Lula ao plen\u00e1rio do tribunal enquanto ainda transcorria a sess\u00e3o desta quarta \u2013 at\u00e9 aquele momento, os ministros julgavam uma a\u00e7\u00e3o que questiona trechos do Estatuto da Crian\u00e7a e do Adolescente (ECA). Em menos de meia hora, os ministros decidiram manter o ex-presidente em Curitiba at\u00e9 que a Segunda Turma do STF\u00a0conclua o julgamento\u00a0de um\u00a0pedido de suspei\u00e7\u00e3o\u00a0do ex-juiz e atual ministro da Justi\u00e7a, S\u00e9rgio Moro, na condu\u00e7\u00e3o do processo do triplex de Guaruj\u00e1 (SP), no qual\u00a0Lula foi condenado. Na a\u00e7\u00e3o, a defesa aponta parcialidade do ex-juiz no julgamento e, em raz\u00e3o disso, pede que o ex-presidente seja libertado. Not\u00edcias em Destaque Com G1<\/p>\n","protected":false},"author":2,"featured_media":13645,"comment_status":"closed","ping_status":"open","sticky":false,"template":"","format":"standard","meta":{"_eb_attr":"","_jetpack_memberships_contains_paid_content":false,"footnotes":""},"categories":[4],"tags":[],"class_list":["post-18845","post","type-post","status-publish","format-standard","has-post-thumbnail","hentry","category-politica"],"yoast_head":"<!-- This site is optimized with the Yoast SEO plugin v26.5 - https:\/\/yoast.com\/wordpress\/plugins\/seo\/ -->\n<title>STF suspende transfer\u00eancia para pres\u00eddio paulista e decide manter Lula preso em Curitiba - Not&iacute;cias em Destaque<\/title>\n<meta name=\"robots\" content=\"index, follow, max-snippet:-1, max-image-preview:large, max-video-preview:-1\" \/>\n<link rel=\"canonical\" href=\"https:\/\/noticiasemdestaque.com\/cd\/?p=18845\" \/>\n<meta property=\"og:locale\" content=\"pt_BR\" \/>\n<meta property=\"og:type\" content=\"article\" \/>\n<meta property=\"og:title\" content=\"STF suspende transfer\u00eancia para pres\u00eddio paulista e decide manter Lula preso em Curitiba - Not&iacute;cias em Destaque\" \/>\n<meta property=\"og:description\" content=\"O\u00a0Supremo Tribunal Federal (STF)\u00a0suspendeu nesta quarta-feira (7), por 10 votos a 1, a transfer\u00eancia do ex-presidente\u00a0Luiz In\u00e1cio Lula da Silva\u00a0para o pres\u00eddio de Trememb\u00e9, no interior de S\u00e3o Paulo, e decidiu mant\u00ea-lo preso na Superintend\u00eancia da Pol\u00edcia Federal em Curitiba. O \u00fanico voto contr\u00e1rio foi do ministro Marco Aur\u00e9lio Mello. O\u00a0caso foi levado ao Supremo pela defesa de Lula\u00a0depois de o juiz Paulo Eduardo de Almeida Sorci, da Justi\u00e7a estadual de S\u00e3o Paulo, ter\u00a0decidido mais cedo que o ex-presidente cumpriria pena em Trememb\u00e9. Essa decis\u00e3o foi tomada horas depois de a ju\u00edza federal do Paran\u00e1 Carolina Lebbos emitir\u00a0ordem de transfer\u00eancia de Lula de Curitiba para um pres\u00eddio paulista. Ap\u00f3s\u00a0receber no Supremo parlamentares\u00a0que protestavam contra a transfer\u00eancia, o presidente do STF, ministro Dias Toffoli, decidiu em car\u00e1ter de urg\u00eancia submeter o recurso de Lula ao plen\u00e1rio do tribunal enquanto ainda transcorria a sess\u00e3o desta quarta \u2013 at\u00e9 aquele momento, os ministros julgavam uma a\u00e7\u00e3o que questiona trechos do Estatuto da Crian\u00e7a e do Adolescente (ECA). Em menos de meia hora, os ministros decidiram manter o ex-presidente em Curitiba at\u00e9 que a Segunda Turma do STF\u00a0conclua o julgamento\u00a0de um\u00a0pedido de suspei\u00e7\u00e3o\u00a0do ex-juiz e atual ministro da Justi\u00e7a, S\u00e9rgio Moro, na condu\u00e7\u00e3o do processo do triplex de Guaruj\u00e1 (SP), no qual\u00a0Lula foi condenado. Na a\u00e7\u00e3o, a defesa aponta parcialidade do ex-juiz no julgamento e, em raz\u00e3o disso, pede que o ex-presidente seja libertado. Not\u00edcias em Destaque Com G1\" \/>\n<meta property=\"og:url\" content=\"https:\/\/noticiasemdestaque.com\/cd\/?p=18845\" \/>\n<meta property=\"og:site_name\" content=\"Not&iacute;cias em Destaque\" \/>\n<meta property=\"article:published_time\" content=\"2019-08-08T00:54:28+00:00\" \/>\n<meta property=\"og:image\" content=\"https:\/\/noticiasemdestaque.com\/cd\/wp-content\/uploads\/2018\/11\/lula-1.jpg\" \/>\n\t<meta property=\"og:image:width\" content=\"940\" \/>\n\t<meta property=\"og:image:height\" content=\"411\" \/>\n\t<meta property=\"og:image:type\" content=\"image\/jpeg\" \/>\n<meta name=\"author\" content=\"Not\u00edcias em Destaque\" \/>\n<meta name=\"twitter:card\" content=\"summary_large_image\" \/>\n<meta name=\"twitter:label1\" content=\"Escrito por\" \/>\n\t<meta name=\"twitter:data1\" content=\"Not\u00edcias em Destaque\" \/>\n\t<meta name=\"twitter:label2\" content=\"Est. tempo de leitura\" \/>\n\t<meta name=\"twitter:data2\" content=\"1 minuto\" \/>\n<script type=\"application\/ld+json\" class=\"yoast-schema-graph\">{\"@context\":\"https:\/\/schema.org\",\"@graph\":[{\"@type\":\"Article\",\"@id\":\"https:\/\/noticiasemdestaque.com\/cd\/?p=18845#article\",\"isPartOf\":{\"@id\":\"https:\/\/noticiasemdestaque.com\/cd\/?p=18845\"},\"author\":{\"name\":\"Not\u00edcias em Destaque\",\"@id\":\"https:\/\/noticiasemdestaque.com\/cd\/#\/schema\/person\/47f7d4f55eec17c6b2ca036c5500f6ce\"},\"headline\":\"STF suspende transfer\u00eancia para pres\u00eddio paulista e decide manter Lula preso em Curitiba\",\"datePublished\":\"2019-08-08T00:54:28+00:00\",\"mainEntityOfPage\":{\"@id\":\"https:\/\/noticiasemdestaque.com\/cd\/?p=18845\"},\"wordCount\":291,\"publisher\":{\"@id\":\"https:\/\/noticiasemdestaque.com\/cd\/#organization\"},\"image\":{\"@id\":\"https:\/\/noticiasemdestaque.com\/cd\/?p=18845#primaryimage\"},\"thumbnailUrl\":\"https:\/\/noticiasemdestaque.com\/cd\/wp-content\/uploads\/2018\/11\/lula-1.jpg\",\"articleSection\":[\"Pol\u00edtica\"],\"inLanguage\":\"pt-BR\"},{\"@type\":\"WebPage\",\"@id\":\"https:\/\/noticiasemdestaque.com\/cd\/?p=18845\",\"url\":\"https:\/\/noticiasemdestaque.com\/cd\/?p=18845\",\"name\":\"STF suspende transfer\u00eancia para pres\u00eddio paulista e decide manter Lula preso em Curitiba - Not&iacute;cias em Destaque\",\"isPartOf\":{\"@id\":\"https:\/\/noticiasemdestaque.com\/cd\/#website\"},\"primaryImageOfPage\":{\"@id\":\"https:\/\/noticiasemdestaque.com\/cd\/?p=18845#primaryimage\"},\"image\":{\"@id\":\"https:\/\/noticiasemdestaque.com\/cd\/?p=18845#primaryimage\"},\"thumbnailUrl\":\"https:\/\/noticiasemdestaque.com\/cd\/wp-content\/uploads\/2018\/11\/lula-1.jpg\",\"datePublished\":\"2019-08-08T00:54:28+00:00\",\"breadcrumb\":{\"@id\":\"https:\/\/noticiasemdestaque.com\/cd\/?p=18845#breadcrumb\"},\"inLanguage\":\"pt-BR\",\"potentialAction\":[{\"@type\":\"ReadAction\",\"target\":[\"https:\/\/noticiasemdestaque.com\/cd\/?p=18845\"]}]},{\"@type\":\"ImageObject\",\"inLanguage\":\"pt-BR\",\"@id\":\"https:\/\/noticiasemdestaque.com\/cd\/?p=18845#primaryimage\",\"url\":\"https:\/\/noticiasemdestaque.com\/cd\/wp-content\/uploads\/2018\/11\/lula-1.jpg\",\"contentUrl\":\"https:\/\/noticiasemdestaque.com\/cd\/wp-content\/uploads\/2018\/11\/lula-1.jpg\",\"width\":940,\"height\":411},{\"@type\":\"BreadcrumbList\",\"@id\":\"https:\/\/noticiasemdestaque.com\/cd\/?p=18845#breadcrumb\",\"itemListElement\":[{\"@type\":\"ListItem\",\"position\":1,\"name\":\"In\u00edcio\",\"item\":\"https:\/\/noticiasemdestaque.com\/cd\/\"},{\"@type\":\"ListItem\",\"position\":2,\"name\":\"STF suspende transfer\u00eancia para pres\u00eddio paulista e decide manter Lula preso em Curitiba\"}]},{\"@type\":\"WebSite\",\"@id\":\"https:\/\/noticiasemdestaque.com\/cd\/#website\",\"url\":\"https:\/\/noticiasemdestaque.com\/cd\/\",\"name\":\"Not&iacute;cias em Destaque\",\"description\":\"\",\"publisher\":{\"@id\":\"https:\/\/noticiasemdestaque.com\/cd\/#organization\"},\"potentialAction\":[{\"@type\":\"SearchAction\",\"target\":{\"@type\":\"EntryPoint\",\"urlTemplate\":\"https:\/\/noticiasemdestaque.com\/cd\/?s={search_term_string}\"},\"query-input\":{\"@type\":\"PropertyValueSpecification\",\"valueRequired\":true,\"valueName\":\"search_term_string\"}}],\"inLanguage\":\"pt-BR\"},{\"@type\":\"Organization\",\"@id\":\"https:\/\/noticiasemdestaque.com\/cd\/#organization\",\"name\":\"Not\u00edcias em Destaque\",\"url\":\"https:\/\/noticiasemdestaque.com\/cd\/\",\"logo\":{\"@type\":\"ImageObject\",\"inLanguage\":\"pt-BR\",\"@id\":\"https:\/\/noticiasemdestaque.com\/cd\/#\/schema\/logo\/image\/\",\"url\":\"https:\/\/noticiasemdestaque.com\/cd\/wp-content\/uploads\/2022\/05\/imagem-base-noticiasemdestaque.png\",\"contentUrl\":\"https:\/\/noticiasemdestaque.com\/cd\/wp-content\/uploads\/2022\/05\/imagem-base-noticiasemdestaque.png\",\"width\":1200,\"height\":630,\"caption\":\"Not\u00edcias em Destaque\"},\"image\":{\"@id\":\"https:\/\/noticiasemdestaque.com\/cd\/#\/schema\/logo\/image\/\"}},{\"@type\":\"Person\",\"@id\":\"https:\/\/noticiasemdestaque.com\/cd\/#\/schema\/person\/47f7d4f55eec17c6b2ca036c5500f6ce\",\"name\":\"Not\u00edcias em Destaque\",\"url\":\"https:\/\/noticiasemdestaque.com\/cd\/?author=2\"}]}<\/script>\n<!-- \/ Yoast SEO plugin. -->","yoast_head_json":{"title":"STF suspende transfer\u00eancia para pres\u00eddio paulista e decide manter Lula preso em Curitiba - Not&iacute;cias em Destaque","robots":{"index":"index","follow":"follow","max-snippet":"max-snippet:-1","max-image-preview":"max-image-preview:large","max-video-preview":"max-video-preview:-1"},"canonical":"https:\/\/noticiasemdestaque.com\/cd\/?p=18845","og_locale":"pt_BR","og_type":"article","og_title":"STF suspende transfer\u00eancia para pres\u00eddio paulista e decide manter Lula preso em Curitiba - Not&iacute;cias em Destaque","og_description":"O\u00a0Supremo Tribunal Federal (STF)\u00a0suspendeu nesta quarta-feira (7), por 10 votos a 1, a transfer\u00eancia do ex-presidente\u00a0Luiz In\u00e1cio Lula da Silva\u00a0para o pres\u00eddio de Trememb\u00e9, no interior de S\u00e3o Paulo, e decidiu mant\u00ea-lo preso na Superintend\u00eancia da Pol\u00edcia Federal em Curitiba. O \u00fanico voto contr\u00e1rio foi do ministro Marco Aur\u00e9lio Mello. O\u00a0caso foi levado ao Supremo pela defesa de Lula\u00a0depois de o juiz Paulo Eduardo de Almeida Sorci, da Justi\u00e7a estadual de S\u00e3o Paulo, ter\u00a0decidido mais cedo que o ex-presidente cumpriria pena em Trememb\u00e9. Essa decis\u00e3o foi tomada horas depois de a ju\u00edza federal do Paran\u00e1 Carolina Lebbos emitir\u00a0ordem de transfer\u00eancia de Lula de Curitiba para um pres\u00eddio paulista. Ap\u00f3s\u00a0receber no Supremo parlamentares\u00a0que protestavam contra a transfer\u00eancia, o presidente do STF, ministro Dias Toffoli, decidiu em car\u00e1ter de urg\u00eancia submeter o recurso de Lula ao plen\u00e1rio do tribunal enquanto ainda transcorria a sess\u00e3o desta quarta \u2013 at\u00e9 aquele momento, os ministros julgavam uma a\u00e7\u00e3o que questiona trechos do Estatuto da Crian\u00e7a e do Adolescente (ECA). Em menos de meia hora, os ministros decidiram manter o ex-presidente em Curitiba at\u00e9 que a Segunda Turma do STF\u00a0conclua o julgamento\u00a0de um\u00a0pedido de suspei\u00e7\u00e3o\u00a0do ex-juiz e atual ministro da Justi\u00e7a, S\u00e9rgio Moro, na condu\u00e7\u00e3o do processo do triplex de Guaruj\u00e1 (SP), no qual\u00a0Lula foi condenado. Na a\u00e7\u00e3o, a defesa aponta parcialidade do ex-juiz no julgamento e, em raz\u00e3o disso, pede que o ex-presidente seja libertado. Not\u00edcias em Destaque Com G1","og_url":"https:\/\/noticiasemdestaque.com\/cd\/?p=18845","og_site_name":"Not&iacute;cias em Destaque","article_published_time":"2019-08-08T00:54:28+00:00","og_image":[{"width":940,"height":411,"url":"https:\/\/noticiasemdestaque.com\/cd\/wp-content\/uploads\/2018\/11\/lula-1.jpg","type":"image\/jpeg"}],"author":"Not\u00edcias em Destaque","twitter_card":"summary_large_image","twitter_misc":{"Escrito por":"Not\u00edcias em Destaque","Est. tempo de leitura":"1 minuto"},"schema":{"@context":"https:\/\/schema.org","@graph":[{"@type":"Article","@id":"https:\/\/noticiasemdestaque.com\/cd\/?p=18845#article","isPartOf":{"@id":"https:\/\/noticiasemdestaque.com\/cd\/?p=18845"},"author":{"name":"Not\u00edcias em Destaque","@id":"https:\/\/noticiasemdestaque.com\/cd\/#\/schema\/person\/47f7d4f55eec17c6b2ca036c5500f6ce"},"headline":"STF suspende transfer\u00eancia para pres\u00eddio paulista e decide manter Lula preso em Curitiba","datePublished":"2019-08-08T00:54:28+00:00","mainEntityOfPage":{"@id":"https:\/\/noticiasemdestaque.com\/cd\/?p=18845"},"wordCount":291,"publisher":{"@id":"https:\/\/noticiasemdestaque.com\/cd\/#organization"},"image":{"@id":"https:\/\/noticiasemdestaque.com\/cd\/?p=18845#primaryimage"},"thumbnailUrl":"https:\/\/noticiasemdestaque.com\/cd\/wp-content\/uploads\/2018\/11\/lula-1.jpg","articleSection":["Pol\u00edtica"],"inLanguage":"pt-BR"},{"@type":"WebPage","@id":"https:\/\/noticiasemdestaque.com\/cd\/?p=18845","url":"https:\/\/noticiasemdestaque.com\/cd\/?p=18845","name":"STF suspende transfer\u00eancia para pres\u00eddio paulista e decide manter Lula preso em Curitiba - Not&iacute;cias em Destaque","isPartOf":{"@id":"https:\/\/noticiasemdestaque.com\/cd\/#website"},"primaryImageOfPage":{"@id":"https:\/\/noticiasemdestaque.com\/cd\/?p=18845#primaryimage"},"image":{"@id":"https:\/\/noticiasemdestaque.com\/cd\/?p=18845#primaryimage"},"thumbnailUrl":"https:\/\/noticiasemdestaque.com\/cd\/wp-content\/uploads\/2018\/11\/lula-1.jpg","datePublished":"2019-08-08T00:54:28+00:00","breadcrumb":{"@id":"https:\/\/noticiasemdestaque.com\/cd\/?p=18845#breadcrumb"},"inLanguage":"pt-BR","potentialAction":[{"@type":"ReadAction","target":["https:\/\/noticiasemdestaque.com\/cd\/?p=18845"]}]},{"@type":"ImageObject","inLanguage":"pt-BR","@id":"https:\/\/noticiasemdestaque.com\/cd\/?p=18845#primaryimage","url":"https:\/\/noticiasemdestaque.com\/cd\/wp-content\/uploads\/2018\/11\/lula-1.jpg","contentUrl":"https:\/\/noticiasemdestaque.com\/cd\/wp-content\/uploads\/2018\/11\/lula-1.jpg","width":940,"height":411},{"@type":"BreadcrumbList","@id":"https:\/\/noticiasemdestaque.com\/cd\/?p=18845#breadcrumb","itemListElement":[{"@type":"ListItem","position":1,"name":"In\u00edcio","item":"https:\/\/noticiasemdestaque.com\/cd\/"},{"@type":"ListItem","position":2,"name":"STF suspende transfer\u00eancia para pres\u00eddio paulista e decide manter Lula preso em Curitiba"}]},{"@type":"WebSite","@id":"https:\/\/noticiasemdestaque.com\/cd\/#website","url":"https:\/\/noticiasemdestaque.com\/cd\/","name":"Not&iacute;cias em Destaque","description":"","publisher":{"@id":"https:\/\/noticiasemdestaque.com\/cd\/#organization"},"potentialAction":[{"@type":"SearchAction","target":{"@type":"EntryPoint","urlTemplate":"https:\/\/noticiasemdestaque.com\/cd\/?s={search_term_string}"},"query-input":{"@type":"PropertyValueSpecification","valueRequired":true,"valueName":"search_term_string"}}],"inLanguage":"pt-BR"},{"@type":"Organization","@id":"https:\/\/noticiasemdestaque.com\/cd\/#organization","name":"Not\u00edcias em Destaque","url":"https:\/\/noticiasemdestaque.com\/cd\/","logo":{"@type":"ImageObject","inLanguage":"pt-BR","@id":"https:\/\/noticiasemdestaque.com\/cd\/#\/schema\/logo\/image\/","url":"https:\/\/noticiasemdestaque.com\/cd\/wp-content\/uploads\/2022\/05\/imagem-base-noticiasemdestaque.png","contentUrl":"https:\/\/noticiasemdestaque.com\/cd\/wp-content\/uploads\/2022\/05\/imagem-base-noticiasemdestaque.png","width":1200,"height":630,"caption":"Not\u00edcias em Destaque"},"image":{"@id":"https:\/\/noticiasemdestaque.com\/cd\/#\/schema\/logo\/image\/"}},{"@type":"Person","@id":"https:\/\/noticiasemdestaque.com\/cd\/#\/schema\/person\/47f7d4f55eec17c6b2ca036c5500f6ce","name":"Not\u00edcias em Destaque","url":"https:\/\/noticiasemdestaque.com\/cd\/?author=2"}]}},"jetpack_featured_media_url":"https:\/\/noticiasemdestaque.com\/cd\/wp-content\/uploads\/2018\/11\/lula-1.jpg","jetpack_sharing_enabled":true,"_links":{"self":[{"href":"https:\/\/noticiasemdestaque.com\/cd\/index.php?rest_route=\/wp\/v2\/posts\/18845","targetHints":{"allow":["GET"]}}],"collection":[{"href":"https:\/\/noticiasemdestaque.com\/cd\/index.php?rest_route=\/wp\/v2\/posts"}],"about":[{"href":"https:\/\/noticiasemdestaque.com\/cd\/index.php?rest_route=\/wp\/v2\/types\/post"}],"author":[{"embeddable":true,"href":"https:\/\/noticiasemdestaque.com\/cd\/index.php?rest_route=\/wp\/v2\/users\/2"}],"replies":[{"embeddable":true,"href":"https:\/\/noticiasemdestaque.com\/cd\/index.php?rest_route=%2Fwp%2Fv2%2Fcomments&post=18845"}],"version-history":[{"count":1,"href":"https:\/\/noticiasemdestaque.com\/cd\/index.php?rest_route=\/wp\/v2\/posts\/18845\/revisions"}],"predecessor-version":[{"id":18846,"href":"https:\/\/noticiasemdestaque.com\/cd\/index.php?rest_route=\/wp\/v2\/posts\/18845\/revisions\/18846"}],"wp:featuredmedia":[{"embeddable":true,"href":"https:\/\/noticiasemdestaque.com\/cd\/index.php?rest_route=\/wp\/v2\/media\/13645"}],"wp:attachment":[{"href":"https:\/\/noticiasemdestaque.com\/cd\/index.php?rest_route=%2Fwp%2Fv2%2Fmedia&parent=18845"}],"wp:term":[{"taxonomy":"category","embeddable":true,"href":"https:\/\/noticiasemdestaque.com\/cd\/index.php?rest_route=%2Fwp%2Fv2%2Fcategories&post=18845"},{"taxonomy":"post_tag","embeddable":true,"href":"https:\/\/noticiasemdestaque.com\/cd\/index.php?rest_route=%2Fwp%2Fv2%2Ftags&post=18845"}],"curies":[{"name":"wp","href":"https:\/\/api.w.org\/{rel}","templated":true}]}}