{"id":18838,"date":"2019-08-06T23:09:36","date_gmt":"2019-08-07T02:09:36","guid":{"rendered":"http:\/\/noticiasemdestaque.com\/cd\/?p=18838"},"modified":"2019-08-06T23:15:40","modified_gmt":"2019-08-07T02:15:40","slug":"presidente-da-camara-de-sume-mantem-agenda-extensa-nesta-terca-feira","status":"publish","type":"post","link":"https:\/\/noticiasemdestaque.com\/cd\/?p=18838","title":{"rendered":"Presidente da C\u00e2mara de Sum\u00e9 mant\u00e9m agenda extensa nesta ter\u00e7a-feira"},"content":{"rendered":"<p><a href=\"https:\/\/noticiasemdestaque.com\/cd\/wp-content\/uploads\/2019\/08\/67715976_653669295144748_243139116533809152_n.jpg\"><img fetchpriority=\"high\" decoding=\"async\" class=\"wp-image-18839 aligncenter\" src=\"https:\/\/noticiasemdestaque.com\/cd\/wp-content\/uploads\/2019\/08\/67715976_653669295144748_243139116533809152_n.jpg\" alt=\"\" width=\"454\" height=\"341\" srcset=\"https:\/\/noticiasemdestaque.com\/cd\/wp-content\/uploads\/2019\/08\/67715976_653669295144748_243139116533809152_n.jpg 960w, https:\/\/noticiasemdestaque.com\/cd\/wp-content\/uploads\/2019\/08\/67715976_653669295144748_243139116533809152_n-300x225.jpg 300w, https:\/\/noticiasemdestaque.com\/cd\/wp-content\/uploads\/2019\/08\/67715976_653669295144748_243139116533809152_n-768x576.jpg 768w, https:\/\/noticiasemdestaque.com\/cd\/wp-content\/uploads\/2019\/08\/67715976_653669295144748_243139116533809152_n-640x480.jpg 640w\" sizes=\"(max-width: 454px) 100vw, 454px\" \/><\/a><\/p>\n<p>O Presidente da C\u00e2mara Municipal de Sum\u00e9, Le\u00f4nidas Albino, esteve reunido na manh\u00e3 desta segunda feira (06\/08) em seu gabinete, com o l\u00edder do Governo Ant\u00f4nio Carlos, o primeiro secret\u00e1rio da casa Bonilson Tim\u00f3teo, Sebasti\u00e3o Souza assessor direto da presid\u00eancia, e o Advogado Jos\u00e9 Carlos Assessor Jur\u00eddico do Legislativo.<\/p>\n<p>Na pauta, os projetos que ser\u00e3o apreciados na sess\u00e3o desta quarta-feira (07.08), na oportunidade a C\u00e2mara Municipal est\u00e1 retornando os trabalhos depois do recesso parlamentar.<\/p>\n<p>O Presidente Bomba aproveitou para despachar com funcion\u00e1rios, manteve contato com secret\u00e1rios de governo, e o prefeito \u00c9den Duarte tratando de demandas de interesse da comunidade.<\/p>\n<p><strong><em>Not\u00edcias em Destaque<\/em><\/strong><\/p>\n<p>Com C\u00e9sar Alexandre<\/p>\n","protected":false},"excerpt":{"rendered":"<p>O Presidente da C\u00e2mara Municipal de Sum\u00e9, Le\u00f4nidas Albino, esteve reunido na manh\u00e3 desta segunda feira (06\/08) em seu gabinete, com o l\u00edder do Governo Ant\u00f4nio Carlos, o primeiro secret\u00e1rio da casa Bonilson Tim\u00f3teo, Sebasti\u00e3o Souza assessor direto da presid\u00eancia, e o Advogado Jos\u00e9 Carlos Assessor Jur\u00eddico do Legislativo. Na pauta, os projetos que ser\u00e3o apreciados na sess\u00e3o desta quarta-feira (07.08), na oportunidade a C\u00e2mara Municipal est\u00e1 retornando os trabalhos depois do recesso parlamentar. O Presidente Bomba aproveitou para despachar com funcion\u00e1rios, manteve contato com secret\u00e1rios de governo, e o prefeito \u00c9den Duarte tratando de demandas de interesse da comunidade. Not\u00edcias em Destaque Com C\u00e9sar Alexandre<\/p>\n","protected":false},"author":2,"featured_media":18839,"comment_status":"closed","ping_status":"open","sticky":false,"template":"","format":"standard","meta":{"_eb_attr":"","_jetpack_memberships_contains_paid_content":false,"footnotes":""},"categories":[4],"tags":[],"class_list":["post-18838","post","type-post","status-publish","format-standard","has-post-thumbnail","hentry","category-politica"],"yoast_head":"<!-- This site is optimized with the Yoast SEO plugin v26.5 - https:\/\/yoast.com\/wordpress\/plugins\/seo\/ -->\n<title>Presidente da C\u00e2mara de Sum\u00e9 mant\u00e9m agenda extensa nesta ter\u00e7a-feira - Not&iacute;cias em Destaque<\/title>\n<meta name=\"robots\" content=\"index, follow, max-snippet:-1, max-image-preview:large, max-video-preview:-1\" \/>\n<link rel=\"canonical\" href=\"https:\/\/noticiasemdestaque.com\/cd\/?p=18838\" \/>\n<meta property=\"og:locale\" content=\"pt_BR\" \/>\n<meta property=\"og:type\" content=\"article\" \/>\n<meta property=\"og:title\" content=\"Presidente da C\u00e2mara de Sum\u00e9 mant\u00e9m agenda extensa nesta ter\u00e7a-feira - Not&iacute;cias em Destaque\" \/>\n<meta property=\"og:description\" content=\"O Presidente da C\u00e2mara Municipal de Sum\u00e9, Le\u00f4nidas Albino, esteve reunido na manh\u00e3 desta segunda feira (06\/08) em seu gabinete, com o l\u00edder do Governo Ant\u00f4nio Carlos, o primeiro secret\u00e1rio da casa Bonilson Tim\u00f3teo, Sebasti\u00e3o Souza assessor direto da presid\u00eancia, e o Advogado Jos\u00e9 Carlos Assessor Jur\u00eddico do Legislativo. Na pauta, os projetos que ser\u00e3o apreciados na sess\u00e3o desta quarta-feira (07.08), na oportunidade a C\u00e2mara Municipal est\u00e1 retornando os trabalhos depois do recesso parlamentar. O Presidente Bomba aproveitou para despachar com funcion\u00e1rios, manteve contato com secret\u00e1rios de governo, e o prefeito \u00c9den Duarte tratando de demandas de interesse da comunidade. Not\u00edcias em Destaque Com C\u00e9sar Alexandre\" \/>\n<meta property=\"og:url\" content=\"https:\/\/noticiasemdestaque.com\/cd\/?p=18838\" \/>\n<meta property=\"og:site_name\" content=\"Not&iacute;cias em Destaque\" \/>\n<meta property=\"article:published_time\" content=\"2019-08-07T02:09:36+00:00\" \/>\n<meta property=\"article:modified_time\" content=\"2019-08-07T02:15:40+00:00\" \/>\n<meta property=\"og:image\" content=\"https:\/\/noticiasemdestaque.com\/cd\/wp-content\/uploads\/2019\/08\/67715976_653669295144748_243139116533809152_n.jpg\" \/>\n\t<meta property=\"og:image:width\" content=\"960\" \/>\n\t<meta property=\"og:image:height\" content=\"720\" \/>\n\t<meta property=\"og:image:type\" content=\"image\/jpeg\" \/>\n<meta name=\"author\" content=\"Not\u00edcias em Destaque\" \/>\n<meta name=\"twitter:card\" content=\"summary_large_image\" \/>\n<meta name=\"twitter:label1\" content=\"Escrito por\" \/>\n\t<meta name=\"twitter:data1\" content=\"Not\u00edcias em Destaque\" \/>\n\t<meta name=\"twitter:label2\" content=\"Est. tempo de leitura\" \/>\n\t<meta name=\"twitter:data2\" content=\"1 minuto\" \/>\n<script type=\"application\/ld+json\" class=\"yoast-schema-graph\">{\"@context\":\"https:\/\/schema.org\",\"@graph\":[{\"@type\":\"Article\",\"@id\":\"https:\/\/noticiasemdestaque.com\/cd\/?p=18838#article\",\"isPartOf\":{\"@id\":\"https:\/\/noticiasemdestaque.com\/cd\/?p=18838\"},\"author\":{\"name\":\"Not\u00edcias em Destaque\",\"@id\":\"https:\/\/noticiasemdestaque.com\/cd\/#\/schema\/person\/47f7d4f55eec17c6b2ca036c5500f6ce\"},\"headline\":\"Presidente da C\u00e2mara de Sum\u00e9 mant\u00e9m agenda extensa nesta ter\u00e7a-feira\",\"datePublished\":\"2019-08-07T02:09:36+00:00\",\"dateModified\":\"2019-08-07T02:15:40+00:00\",\"mainEntityOfPage\":{\"@id\":\"https:\/\/noticiasemdestaque.com\/cd\/?p=18838\"},\"wordCount\":133,\"publisher\":{\"@id\":\"https:\/\/noticiasemdestaque.com\/cd\/#organization\"},\"image\":{\"@id\":\"https:\/\/noticiasemdestaque.com\/cd\/?p=18838#primaryimage\"},\"thumbnailUrl\":\"https:\/\/noticiasemdestaque.com\/cd\/wp-content\/uploads\/2019\/08\/67715976_653669295144748_243139116533809152_n.jpg\",\"articleSection\":[\"Pol\u00edtica\"],\"inLanguage\":\"pt-BR\"},{\"@type\":\"WebPage\",\"@id\":\"https:\/\/noticiasemdestaque.com\/cd\/?p=18838\",\"url\":\"https:\/\/noticiasemdestaque.com\/cd\/?p=18838\",\"name\":\"Presidente da C\u00e2mara de Sum\u00e9 mant\u00e9m agenda extensa nesta ter\u00e7a-feira - Not&iacute;cias em Destaque\",\"isPartOf\":{\"@id\":\"https:\/\/noticiasemdestaque.com\/cd\/#website\"},\"primaryImageOfPage\":{\"@id\":\"https:\/\/noticiasemdestaque.com\/cd\/?p=18838#primaryimage\"},\"image\":{\"@id\":\"https:\/\/noticiasemdestaque.com\/cd\/?p=18838#primaryimage\"},\"thumbnailUrl\":\"https:\/\/noticiasemdestaque.com\/cd\/wp-content\/uploads\/2019\/08\/67715976_653669295144748_243139116533809152_n.jpg\",\"datePublished\":\"2019-08-07T02:09:36+00:00\",\"dateModified\":\"2019-08-07T02:15:40+00:00\",\"breadcrumb\":{\"@id\":\"https:\/\/noticiasemdestaque.com\/cd\/?p=18838#breadcrumb\"},\"inLanguage\":\"pt-BR\",\"potentialAction\":[{\"@type\":\"ReadAction\",\"target\":[\"https:\/\/noticiasemdestaque.com\/cd\/?p=18838\"]}]},{\"@type\":\"ImageObject\",\"inLanguage\":\"pt-BR\",\"@id\":\"https:\/\/noticiasemdestaque.com\/cd\/?p=18838#primaryimage\",\"url\":\"https:\/\/noticiasemdestaque.com\/cd\/wp-content\/uploads\/2019\/08\/67715976_653669295144748_243139116533809152_n.jpg\",\"contentUrl\":\"https:\/\/noticiasemdestaque.com\/cd\/wp-content\/uploads\/2019\/08\/67715976_653669295144748_243139116533809152_n.jpg\",\"width\":960,\"height\":720},{\"@type\":\"BreadcrumbList\",\"@id\":\"https:\/\/noticiasemdestaque.com\/cd\/?p=18838#breadcrumb\",\"itemListElement\":[{\"@type\":\"ListItem\",\"position\":1,\"name\":\"In\u00edcio\",\"item\":\"https:\/\/noticiasemdestaque.com\/cd\/\"},{\"@type\":\"ListItem\",\"position\":2,\"name\":\"Presidente da C\u00e2mara de Sum\u00e9 mant\u00e9m agenda extensa nesta ter\u00e7a-feira\"}]},{\"@type\":\"WebSite\",\"@id\":\"https:\/\/noticiasemdestaque.com\/cd\/#website\",\"url\":\"https:\/\/noticiasemdestaque.com\/cd\/\",\"name\":\"Not&iacute;cias em Destaque\",\"description\":\"\",\"publisher\":{\"@id\":\"https:\/\/noticiasemdestaque.com\/cd\/#organization\"},\"potentialAction\":[{\"@type\":\"SearchAction\",\"target\":{\"@type\":\"EntryPoint\",\"urlTemplate\":\"https:\/\/noticiasemdestaque.com\/cd\/?s={search_term_string}\"},\"query-input\":{\"@type\":\"PropertyValueSpecification\",\"valueRequired\":true,\"valueName\":\"search_term_string\"}}],\"inLanguage\":\"pt-BR\"},{\"@type\":\"Organization\",\"@id\":\"https:\/\/noticiasemdestaque.com\/cd\/#organization\",\"name\":\"Not\u00edcias em Destaque\",\"url\":\"https:\/\/noticiasemdestaque.com\/cd\/\",\"logo\":{\"@type\":\"ImageObject\",\"inLanguage\":\"pt-BR\",\"@id\":\"https:\/\/noticiasemdestaque.com\/cd\/#\/schema\/logo\/image\/\",\"url\":\"https:\/\/noticiasemdestaque.com\/cd\/wp-content\/uploads\/2022\/05\/imagem-base-noticiasemdestaque.png\",\"contentUrl\":\"https:\/\/noticiasemdestaque.com\/cd\/wp-content\/uploads\/2022\/05\/imagem-base-noticiasemdestaque.png\",\"width\":1200,\"height\":630,\"caption\":\"Not\u00edcias em Destaque\"},\"image\":{\"@id\":\"https:\/\/noticiasemdestaque.com\/cd\/#\/schema\/logo\/image\/\"}},{\"@type\":\"Person\",\"@id\":\"https:\/\/noticiasemdestaque.com\/cd\/#\/schema\/person\/47f7d4f55eec17c6b2ca036c5500f6ce\",\"name\":\"Not\u00edcias em Destaque\",\"url\":\"https:\/\/noticiasemdestaque.com\/cd\/?author=2\"}]}<\/script>\n<!-- \/ Yoast SEO plugin. -->","yoast_head_json":{"title":"Presidente da C\u00e2mara de Sum\u00e9 mant\u00e9m agenda extensa nesta ter\u00e7a-feira - Not&iacute;cias em Destaque","robots":{"index":"index","follow":"follow","max-snippet":"max-snippet:-1","max-image-preview":"max-image-preview:large","max-video-preview":"max-video-preview:-1"},"canonical":"https:\/\/noticiasemdestaque.com\/cd\/?p=18838","og_locale":"pt_BR","og_type":"article","og_title":"Presidente da C\u00e2mara de Sum\u00e9 mant\u00e9m agenda extensa nesta ter\u00e7a-feira - Not&iacute;cias em Destaque","og_description":"O Presidente da C\u00e2mara Municipal de Sum\u00e9, Le\u00f4nidas Albino, esteve reunido na manh\u00e3 desta segunda feira (06\/08) em seu gabinete, com o l\u00edder do Governo Ant\u00f4nio Carlos, o primeiro secret\u00e1rio da casa Bonilson Tim\u00f3teo, Sebasti\u00e3o Souza assessor direto da presid\u00eancia, e o Advogado Jos\u00e9 Carlos Assessor Jur\u00eddico do Legislativo. Na pauta, os projetos que ser\u00e3o apreciados na sess\u00e3o desta quarta-feira (07.08), na oportunidade a C\u00e2mara Municipal est\u00e1 retornando os trabalhos depois do recesso parlamentar. O Presidente Bomba aproveitou para despachar com funcion\u00e1rios, manteve contato com secret\u00e1rios de governo, e o prefeito \u00c9den Duarte tratando de demandas de interesse da comunidade. Not\u00edcias em Destaque Com C\u00e9sar Alexandre","og_url":"https:\/\/noticiasemdestaque.com\/cd\/?p=18838","og_site_name":"Not&iacute;cias em Destaque","article_published_time":"2019-08-07T02:09:36+00:00","article_modified_time":"2019-08-07T02:15:40+00:00","og_image":[{"width":960,"height":720,"url":"https:\/\/noticiasemdestaque.com\/cd\/wp-content\/uploads\/2019\/08\/67715976_653669295144748_243139116533809152_n.jpg","type":"image\/jpeg"}],"author":"Not\u00edcias em Destaque","twitter_card":"summary_large_image","twitter_misc":{"Escrito por":"Not\u00edcias em Destaque","Est. tempo de leitura":"1 minuto"},"schema":{"@context":"https:\/\/schema.org","@graph":[{"@type":"Article","@id":"https:\/\/noticiasemdestaque.com\/cd\/?p=18838#article","isPartOf":{"@id":"https:\/\/noticiasemdestaque.com\/cd\/?p=18838"},"author":{"name":"Not\u00edcias em Destaque","@id":"https:\/\/noticiasemdestaque.com\/cd\/#\/schema\/person\/47f7d4f55eec17c6b2ca036c5500f6ce"},"headline":"Presidente da C\u00e2mara de Sum\u00e9 mant\u00e9m agenda extensa nesta ter\u00e7a-feira","datePublished":"2019-08-07T02:09:36+00:00","dateModified":"2019-08-07T02:15:40+00:00","mainEntityOfPage":{"@id":"https:\/\/noticiasemdestaque.com\/cd\/?p=18838"},"wordCount":133,"publisher":{"@id":"https:\/\/noticiasemdestaque.com\/cd\/#organization"},"image":{"@id":"https:\/\/noticiasemdestaque.com\/cd\/?p=18838#primaryimage"},"thumbnailUrl":"https:\/\/noticiasemdestaque.com\/cd\/wp-content\/uploads\/2019\/08\/67715976_653669295144748_243139116533809152_n.jpg","articleSection":["Pol\u00edtica"],"inLanguage":"pt-BR"},{"@type":"WebPage","@id":"https:\/\/noticiasemdestaque.com\/cd\/?p=18838","url":"https:\/\/noticiasemdestaque.com\/cd\/?p=18838","name":"Presidente da C\u00e2mara de Sum\u00e9 mant\u00e9m agenda extensa nesta ter\u00e7a-feira - Not&iacute;cias em Destaque","isPartOf":{"@id":"https:\/\/noticiasemdestaque.com\/cd\/#website"},"primaryImageOfPage":{"@id":"https:\/\/noticiasemdestaque.com\/cd\/?p=18838#primaryimage"},"image":{"@id":"https:\/\/noticiasemdestaque.com\/cd\/?p=18838#primaryimage"},"thumbnailUrl":"https:\/\/noticiasemdestaque.com\/cd\/wp-content\/uploads\/2019\/08\/67715976_653669295144748_243139116533809152_n.jpg","datePublished":"2019-08-07T02:09:36+00:00","dateModified":"2019-08-07T02:15:40+00:00","breadcrumb":{"@id":"https:\/\/noticiasemdestaque.com\/cd\/?p=18838#breadcrumb"},"inLanguage":"pt-BR","potentialAction":[{"@type":"ReadAction","target":["https:\/\/noticiasemdestaque.com\/cd\/?p=18838"]}]},{"@type":"ImageObject","inLanguage":"pt-BR","@id":"https:\/\/noticiasemdestaque.com\/cd\/?p=18838#primaryimage","url":"https:\/\/noticiasemdestaque.com\/cd\/wp-content\/uploads\/2019\/08\/67715976_653669295144748_243139116533809152_n.jpg","contentUrl":"https:\/\/noticiasemdestaque.com\/cd\/wp-content\/uploads\/2019\/08\/67715976_653669295144748_243139116533809152_n.jpg","width":960,"height":720},{"@type":"BreadcrumbList","@id":"https:\/\/noticiasemdestaque.com\/cd\/?p=18838#breadcrumb","itemListElement":[{"@type":"ListItem","position":1,"name":"In\u00edcio","item":"https:\/\/noticiasemdestaque.com\/cd\/"},{"@type":"ListItem","position":2,"name":"Presidente da C\u00e2mara de Sum\u00e9 mant\u00e9m agenda extensa nesta ter\u00e7a-feira"}]},{"@type":"WebSite","@id":"https:\/\/noticiasemdestaque.com\/cd\/#website","url":"https:\/\/noticiasemdestaque.com\/cd\/","name":"Not&iacute;cias em Destaque","description":"","publisher":{"@id":"https:\/\/noticiasemdestaque.com\/cd\/#organization"},"potentialAction":[{"@type":"SearchAction","target":{"@type":"EntryPoint","urlTemplate":"https:\/\/noticiasemdestaque.com\/cd\/?s={search_term_string}"},"query-input":{"@type":"PropertyValueSpecification","valueRequired":true,"valueName":"search_term_string"}}],"inLanguage":"pt-BR"},{"@type":"Organization","@id":"https:\/\/noticiasemdestaque.com\/cd\/#organization","name":"Not\u00edcias em Destaque","url":"https:\/\/noticiasemdestaque.com\/cd\/","logo":{"@type":"ImageObject","inLanguage":"pt-BR","@id":"https:\/\/noticiasemdestaque.com\/cd\/#\/schema\/logo\/image\/","url":"https:\/\/noticiasemdestaque.com\/cd\/wp-content\/uploads\/2022\/05\/imagem-base-noticiasemdestaque.png","contentUrl":"https:\/\/noticiasemdestaque.com\/cd\/wp-content\/uploads\/2022\/05\/imagem-base-noticiasemdestaque.png","width":1200,"height":630,"caption":"Not\u00edcias em Destaque"},"image":{"@id":"https:\/\/noticiasemdestaque.com\/cd\/#\/schema\/logo\/image\/"}},{"@type":"Person","@id":"https:\/\/noticiasemdestaque.com\/cd\/#\/schema\/person\/47f7d4f55eec17c6b2ca036c5500f6ce","name":"Not\u00edcias em Destaque","url":"https:\/\/noticiasemdestaque.com\/cd\/?author=2"}]}},"jetpack_featured_media_url":"https:\/\/noticiasemdestaque.com\/cd\/wp-content\/uploads\/2019\/08\/67715976_653669295144748_243139116533809152_n.jpg","jetpack_sharing_enabled":true,"_links":{"self":[{"href":"https:\/\/noticiasemdestaque.com\/cd\/index.php?rest_route=\/wp\/v2\/posts\/18838","targetHints":{"allow":["GET"]}}],"collection":[{"href":"https:\/\/noticiasemdestaque.com\/cd\/index.php?rest_route=\/wp\/v2\/posts"}],"about":[{"href":"https:\/\/noticiasemdestaque.com\/cd\/index.php?rest_route=\/wp\/v2\/types\/post"}],"author":[{"embeddable":true,"href":"https:\/\/noticiasemdestaque.com\/cd\/index.php?rest_route=\/wp\/v2\/users\/2"}],"replies":[{"embeddable":true,"href":"https:\/\/noticiasemdestaque.com\/cd\/index.php?rest_route=%2Fwp%2Fv2%2Fcomments&post=18838"}],"version-history":[{"count":4,"href":"https:\/\/noticiasemdestaque.com\/cd\/index.php?rest_route=\/wp\/v2\/posts\/18838\/revisions"}],"predecessor-version":[{"id":18844,"href":"https:\/\/noticiasemdestaque.com\/cd\/index.php?rest_route=\/wp\/v2\/posts\/18838\/revisions\/18844"}],"wp:featuredmedia":[{"embeddable":true,"href":"https:\/\/noticiasemdestaque.com\/cd\/index.php?rest_route=\/wp\/v2\/media\/18839"}],"wp:attachment":[{"href":"https:\/\/noticiasemdestaque.com\/cd\/index.php?rest_route=%2Fwp%2Fv2%2Fmedia&parent=18838"}],"wp:term":[{"taxonomy":"category","embeddable":true,"href":"https:\/\/noticiasemdestaque.com\/cd\/index.php?rest_route=%2Fwp%2Fv2%2Fcategories&post=18838"},{"taxonomy":"post_tag","embeddable":true,"href":"https:\/\/noticiasemdestaque.com\/cd\/index.php?rest_route=%2Fwp%2Fv2%2Ftags&post=18838"}],"curies":[{"name":"wp","href":"https:\/\/api.w.org\/{rel}","templated":true}]}}