{"id":18831,"date":"2019-08-05T18:37:12","date_gmt":"2019-08-05T21:37:12","guid":{"rendered":"http:\/\/noticiasemdestaque.com\/cd\/?p=18831"},"modified":"2019-08-05T18:37:31","modified_gmt":"2019-08-05T21:37:31","slug":"18831","status":"publish","type":"post","link":"https:\/\/noticiasemdestaque.com\/cd\/?p=18831","title":{"rendered":"Comando do PSB na Para\u00edba pode recair nas m\u00e3os de RC"},"content":{"rendered":"<p><a href=\"https:\/\/noticiasemdestaque.com\/cd\/wp-content\/uploads\/2017\/10\/Ricardo-Coutinho-81.jpg\"><img fetchpriority=\"high\" decoding=\"async\" class=\"wp-image-5400 aligncenter\" src=\"https:\/\/noticiasemdestaque.com\/cd\/wp-content\/uploads\/2017\/10\/Ricardo-Coutinho-81-1024x682.jpg\" alt=\"\" width=\"506\" height=\"337\" srcset=\"https:\/\/noticiasemdestaque.com\/cd\/wp-content\/uploads\/2017\/10\/Ricardo-Coutinho-81-1024x682.jpg 1024w, https:\/\/noticiasemdestaque.com\/cd\/wp-content\/uploads\/2017\/10\/Ricardo-Coutinho-81-300x200.jpg 300w, https:\/\/noticiasemdestaque.com\/cd\/wp-content\/uploads\/2017\/10\/Ricardo-Coutinho-81-768x511.jpg 768w, https:\/\/noticiasemdestaque.com\/cd\/wp-content\/uploads\/2017\/10\/Ricardo-Coutinho-81-480x320.jpg 480w\" sizes=\"(max-width: 506px) 100vw, 506px\" \/><\/a><\/p>\n<p><span style=\"display: inline !important; float: none; background-color: transparent; color: #000000; font-family: 'Roboto Condensed',sans-serif; font-size: 17px; font-style: normal; font-variant: normal; font-weight: 400; letter-spacing: 0.5px; line-height: 21px; orphans: 2; text-align: justify; text-decoration: none; text-indent: 0px; text-transform: none; -webkit-text-stroke-width: 0px; white-space: normal; word-spacing: 0px;\">C<\/span><span style=\"display: inline !important; float: none; background-color: transparent; color: #000000; font-family: 'Roboto Condensed',sans-serif; font-size: 17px; font-style: normal; font-variant: normal; font-weight: 400; letter-spacing: 0.5px; line-height: 21px; orphans: 2; text-align: justify; text-decoration: none; text-indent: 0px; text-transform: none; -webkit-text-stroke-width: 0px; white-space: normal; word-spacing: 0px;\">om o atual presidente do PSB na Para\u00edba agora rec\u00e9m nomeado para comandar a\u00a0 Secretaria de Governo da gest\u00e3o Jo\u00e3o Azev\u00eado, a dire\u00e7\u00e3o da sigla na Para\u00edba pode recair nas m\u00e3os de outra pessoa, e o mais cotado para acumular essa fun\u00e7\u00e3o \u00e9 o ex-governador da Para\u00edba, Ricardo Coutinho (PSB). <\/span><\/p>\n<p><span style=\"display: inline !important; float: none; background-color: transparent; color: #000000; font-family: 'Roboto Condensed',sans-serif; font-size: 17px; font-style: normal; font-variant: normal; font-weight: 400; letter-spacing: 0.5px; line-height: 21px; orphans: 2; text-align: justify; text-decoration: none; text-indent: 0px; text-transform: none; -webkit-text-stroke-width: 0px; white-space: normal; word-spacing: 0px;\">A defesa do nome do socialista foi feita nesta sexta-feira (02), pela deputada estadual Estela Bezerra (PSB,), em entrevista que repercutiu no portal ParalamentoPB. Segundo ela, Ricardo renunciou a tudo\u00a0 para dar continuidade ao projeto e nada mais justo que ele ser o nome mais indicado para assumir tal fun\u00e7\u00e3o.<\/span><\/p>\n<p><em><strong>ND<\/strong><\/em><\/p>\n<p>Com Agora PB<\/p>\n","protected":false},"excerpt":{"rendered":"<p>Com o atual presidente do PSB na Para\u00edba agora rec\u00e9m nomeado para comandar a\u00a0 Secretaria de Governo da gest\u00e3o Jo\u00e3o Azev\u00eado, a dire\u00e7\u00e3o da sigla na Para\u00edba pode recair nas m\u00e3os de outra pessoa, e o mais cotado para acumular essa fun\u00e7\u00e3o \u00e9 o ex-governador da Para\u00edba, Ricardo Coutinho (PSB). A defesa do nome do socialista foi feita nesta sexta-feira (02), pela deputada estadual Estela Bezerra (PSB,), em entrevista que repercutiu no portal ParalamentoPB. Segundo ela, Ricardo renunciou a tudo\u00a0 para dar continuidade ao projeto e nada mais justo que ele ser o nome mais indicado para assumir tal fun\u00e7\u00e3o. ND Com Agora PB<\/p>\n","protected":false},"author":2,"featured_media":5400,"comment_status":"closed","ping_status":"open","sticky":false,"template":"","format":"standard","meta":{"_eb_attr":"","_jetpack_memberships_contains_paid_content":false,"footnotes":""},"categories":[4],"tags":[],"class_list":["post-18831","post","type-post","status-publish","format-standard","has-post-thumbnail","hentry","category-politica"],"yoast_head":"<!-- This site is optimized with the Yoast SEO plugin v26.5 - https:\/\/yoast.com\/wordpress\/plugins\/seo\/ -->\n<title>Comando do PSB na Para\u00edba pode recair nas m\u00e3os de RC - Not&iacute;cias em Destaque<\/title>\n<meta name=\"robots\" content=\"index, follow, max-snippet:-1, max-image-preview:large, max-video-preview:-1\" \/>\n<link rel=\"canonical\" href=\"https:\/\/noticiasemdestaque.com\/cd\/?p=18831\" \/>\n<meta property=\"og:locale\" content=\"pt_BR\" \/>\n<meta property=\"og:type\" content=\"article\" \/>\n<meta property=\"og:title\" content=\"Comando do PSB na Para\u00edba pode recair nas m\u00e3os de RC - Not&iacute;cias em Destaque\" \/>\n<meta property=\"og:description\" content=\"Com o atual presidente do PSB na Para\u00edba agora rec\u00e9m nomeado para comandar a\u00a0 Secretaria de Governo da gest\u00e3o Jo\u00e3o Azev\u00eado, a dire\u00e7\u00e3o da sigla na Para\u00edba pode recair nas m\u00e3os de outra pessoa, e o mais cotado para acumular essa fun\u00e7\u00e3o \u00e9 o ex-governador da Para\u00edba, Ricardo Coutinho (PSB). A defesa do nome do socialista foi feita nesta sexta-feira (02), pela deputada estadual Estela Bezerra (PSB,), em entrevista que repercutiu no portal ParalamentoPB. Segundo ela, Ricardo renunciou a tudo\u00a0 para dar continuidade ao projeto e nada mais justo que ele ser o nome mais indicado para assumir tal fun\u00e7\u00e3o. ND Com Agora PB\" \/>\n<meta property=\"og:url\" content=\"https:\/\/noticiasemdestaque.com\/cd\/?p=18831\" \/>\n<meta property=\"og:site_name\" content=\"Not&iacute;cias em Destaque\" \/>\n<meta property=\"article:published_time\" content=\"2019-08-05T21:37:12+00:00\" \/>\n<meta property=\"article:modified_time\" content=\"2019-08-05T21:37:31+00:00\" \/>\n<meta property=\"og:image\" content=\"https:\/\/noticiasemdestaque.com\/cd\/wp-content\/uploads\/2017\/10\/Ricardo-Coutinho-81.jpg\" \/>\n\t<meta property=\"og:image:width\" content=\"2662\" \/>\n\t<meta property=\"og:image:height\" content=\"1772\" \/>\n\t<meta property=\"og:image:type\" content=\"image\/jpeg\" \/>\n<meta name=\"author\" content=\"Not\u00edcias em Destaque\" \/>\n<meta name=\"twitter:card\" content=\"summary_large_image\" \/>\n<meta name=\"twitter:label1\" content=\"Escrito por\" \/>\n\t<meta name=\"twitter:data1\" content=\"Not\u00edcias em Destaque\" \/>\n\t<meta name=\"twitter:label2\" content=\"Est. tempo de leitura\" \/>\n\t<meta name=\"twitter:data2\" content=\"1 minuto\" \/>\n<script type=\"application\/ld+json\" class=\"yoast-schema-graph\">{\"@context\":\"https:\/\/schema.org\",\"@graph\":[{\"@type\":\"Article\",\"@id\":\"https:\/\/noticiasemdestaque.com\/cd\/?p=18831#article\",\"isPartOf\":{\"@id\":\"https:\/\/noticiasemdestaque.com\/cd\/?p=18831\"},\"author\":{\"name\":\"Not\u00edcias em Destaque\",\"@id\":\"https:\/\/noticiasemdestaque.com\/cd\/#\/schema\/person\/47f7d4f55eec17c6b2ca036c5500f6ce\"},\"headline\":\"Comando do PSB na Para\u00edba pode recair nas m\u00e3os de RC\",\"datePublished\":\"2019-08-05T21:37:12+00:00\",\"dateModified\":\"2019-08-05T21:37:31+00:00\",\"mainEntityOfPage\":{\"@id\":\"https:\/\/noticiasemdestaque.com\/cd\/?p=18831\"},\"wordCount\":127,\"publisher\":{\"@id\":\"https:\/\/noticiasemdestaque.com\/cd\/#organization\"},\"image\":{\"@id\":\"https:\/\/noticiasemdestaque.com\/cd\/?p=18831#primaryimage\"},\"thumbnailUrl\":\"https:\/\/noticiasemdestaque.com\/cd\/wp-content\/uploads\/2017\/10\/Ricardo-Coutinho-81.jpg\",\"articleSection\":[\"Pol\u00edtica\"],\"inLanguage\":\"pt-BR\"},{\"@type\":\"WebPage\",\"@id\":\"https:\/\/noticiasemdestaque.com\/cd\/?p=18831\",\"url\":\"https:\/\/noticiasemdestaque.com\/cd\/?p=18831\",\"name\":\"Comando do PSB na Para\u00edba pode recair nas m\u00e3os de RC - Not&iacute;cias em Destaque\",\"isPartOf\":{\"@id\":\"https:\/\/noticiasemdestaque.com\/cd\/#website\"},\"primaryImageOfPage\":{\"@id\":\"https:\/\/noticiasemdestaque.com\/cd\/?p=18831#primaryimage\"},\"image\":{\"@id\":\"https:\/\/noticiasemdestaque.com\/cd\/?p=18831#primaryimage\"},\"thumbnailUrl\":\"https:\/\/noticiasemdestaque.com\/cd\/wp-content\/uploads\/2017\/10\/Ricardo-Coutinho-81.jpg\",\"datePublished\":\"2019-08-05T21:37:12+00:00\",\"dateModified\":\"2019-08-05T21:37:31+00:00\",\"breadcrumb\":{\"@id\":\"https:\/\/noticiasemdestaque.com\/cd\/?p=18831#breadcrumb\"},\"inLanguage\":\"pt-BR\",\"potentialAction\":[{\"@type\":\"ReadAction\",\"target\":[\"https:\/\/noticiasemdestaque.com\/cd\/?p=18831\"]}]},{\"@type\":\"ImageObject\",\"inLanguage\":\"pt-BR\",\"@id\":\"https:\/\/noticiasemdestaque.com\/cd\/?p=18831#primaryimage\",\"url\":\"https:\/\/noticiasemdestaque.com\/cd\/wp-content\/uploads\/2017\/10\/Ricardo-Coutinho-81.jpg\",\"contentUrl\":\"https:\/\/noticiasemdestaque.com\/cd\/wp-content\/uploads\/2017\/10\/Ricardo-Coutinho-81.jpg\",\"width\":2662,\"height\":1772},{\"@type\":\"BreadcrumbList\",\"@id\":\"https:\/\/noticiasemdestaque.com\/cd\/?p=18831#breadcrumb\",\"itemListElement\":[{\"@type\":\"ListItem\",\"position\":1,\"name\":\"In\u00edcio\",\"item\":\"https:\/\/noticiasemdestaque.com\/cd\/\"},{\"@type\":\"ListItem\",\"position\":2,\"name\":\"Comando do PSB na Para\u00edba pode recair nas m\u00e3os de RC\"}]},{\"@type\":\"WebSite\",\"@id\":\"https:\/\/noticiasemdestaque.com\/cd\/#website\",\"url\":\"https:\/\/noticiasemdestaque.com\/cd\/\",\"name\":\"Not&iacute;cias em Destaque\",\"description\":\"\",\"publisher\":{\"@id\":\"https:\/\/noticiasemdestaque.com\/cd\/#organization\"},\"potentialAction\":[{\"@type\":\"SearchAction\",\"target\":{\"@type\":\"EntryPoint\",\"urlTemplate\":\"https:\/\/noticiasemdestaque.com\/cd\/?s={search_term_string}\"},\"query-input\":{\"@type\":\"PropertyValueSpecification\",\"valueRequired\":true,\"valueName\":\"search_term_string\"}}],\"inLanguage\":\"pt-BR\"},{\"@type\":\"Organization\",\"@id\":\"https:\/\/noticiasemdestaque.com\/cd\/#organization\",\"name\":\"Not\u00edcias em Destaque\",\"url\":\"https:\/\/noticiasemdestaque.com\/cd\/\",\"logo\":{\"@type\":\"ImageObject\",\"inLanguage\":\"pt-BR\",\"@id\":\"https:\/\/noticiasemdestaque.com\/cd\/#\/schema\/logo\/image\/\",\"url\":\"https:\/\/noticiasemdestaque.com\/cd\/wp-content\/uploads\/2022\/05\/imagem-base-noticiasemdestaque.png\",\"contentUrl\":\"https:\/\/noticiasemdestaque.com\/cd\/wp-content\/uploads\/2022\/05\/imagem-base-noticiasemdestaque.png\",\"width\":1200,\"height\":630,\"caption\":\"Not\u00edcias em Destaque\"},\"image\":{\"@id\":\"https:\/\/noticiasemdestaque.com\/cd\/#\/schema\/logo\/image\/\"}},{\"@type\":\"Person\",\"@id\":\"https:\/\/noticiasemdestaque.com\/cd\/#\/schema\/person\/47f7d4f55eec17c6b2ca036c5500f6ce\",\"name\":\"Not\u00edcias em Destaque\",\"url\":\"https:\/\/noticiasemdestaque.com\/cd\/?author=2\"}]}<\/script>\n<!-- \/ Yoast SEO plugin. -->","yoast_head_json":{"title":"Comando do PSB na Para\u00edba pode recair nas m\u00e3os de RC - Not&iacute;cias em Destaque","robots":{"index":"index","follow":"follow","max-snippet":"max-snippet:-1","max-image-preview":"max-image-preview:large","max-video-preview":"max-video-preview:-1"},"canonical":"https:\/\/noticiasemdestaque.com\/cd\/?p=18831","og_locale":"pt_BR","og_type":"article","og_title":"Comando do PSB na Para\u00edba pode recair nas m\u00e3os de RC - Not&iacute;cias em Destaque","og_description":"Com o atual presidente do PSB na Para\u00edba agora rec\u00e9m nomeado para comandar a\u00a0 Secretaria de Governo da gest\u00e3o Jo\u00e3o Azev\u00eado, a dire\u00e7\u00e3o da sigla na Para\u00edba pode recair nas m\u00e3os de outra pessoa, e o mais cotado para acumular essa fun\u00e7\u00e3o \u00e9 o ex-governador da Para\u00edba, Ricardo Coutinho (PSB). A defesa do nome do socialista foi feita nesta sexta-feira (02), pela deputada estadual Estela Bezerra (PSB,), em entrevista que repercutiu no portal ParalamentoPB. Segundo ela, Ricardo renunciou a tudo\u00a0 para dar continuidade ao projeto e nada mais justo que ele ser o nome mais indicado para assumir tal fun\u00e7\u00e3o. ND Com Agora PB","og_url":"https:\/\/noticiasemdestaque.com\/cd\/?p=18831","og_site_name":"Not&iacute;cias em Destaque","article_published_time":"2019-08-05T21:37:12+00:00","article_modified_time":"2019-08-05T21:37:31+00:00","og_image":[{"width":2662,"height":1772,"url":"https:\/\/noticiasemdestaque.com\/cd\/wp-content\/uploads\/2017\/10\/Ricardo-Coutinho-81.jpg","type":"image\/jpeg"}],"author":"Not\u00edcias em Destaque","twitter_card":"summary_large_image","twitter_misc":{"Escrito por":"Not\u00edcias em Destaque","Est. tempo de leitura":"1 minuto"},"schema":{"@context":"https:\/\/schema.org","@graph":[{"@type":"Article","@id":"https:\/\/noticiasemdestaque.com\/cd\/?p=18831#article","isPartOf":{"@id":"https:\/\/noticiasemdestaque.com\/cd\/?p=18831"},"author":{"name":"Not\u00edcias em Destaque","@id":"https:\/\/noticiasemdestaque.com\/cd\/#\/schema\/person\/47f7d4f55eec17c6b2ca036c5500f6ce"},"headline":"Comando do PSB na Para\u00edba pode recair nas m\u00e3os de RC","datePublished":"2019-08-05T21:37:12+00:00","dateModified":"2019-08-05T21:37:31+00:00","mainEntityOfPage":{"@id":"https:\/\/noticiasemdestaque.com\/cd\/?p=18831"},"wordCount":127,"publisher":{"@id":"https:\/\/noticiasemdestaque.com\/cd\/#organization"},"image":{"@id":"https:\/\/noticiasemdestaque.com\/cd\/?p=18831#primaryimage"},"thumbnailUrl":"https:\/\/noticiasemdestaque.com\/cd\/wp-content\/uploads\/2017\/10\/Ricardo-Coutinho-81.jpg","articleSection":["Pol\u00edtica"],"inLanguage":"pt-BR"},{"@type":"WebPage","@id":"https:\/\/noticiasemdestaque.com\/cd\/?p=18831","url":"https:\/\/noticiasemdestaque.com\/cd\/?p=18831","name":"Comando do PSB na Para\u00edba pode recair nas m\u00e3os de RC - Not&iacute;cias em Destaque","isPartOf":{"@id":"https:\/\/noticiasemdestaque.com\/cd\/#website"},"primaryImageOfPage":{"@id":"https:\/\/noticiasemdestaque.com\/cd\/?p=18831#primaryimage"},"image":{"@id":"https:\/\/noticiasemdestaque.com\/cd\/?p=18831#primaryimage"},"thumbnailUrl":"https:\/\/noticiasemdestaque.com\/cd\/wp-content\/uploads\/2017\/10\/Ricardo-Coutinho-81.jpg","datePublished":"2019-08-05T21:37:12+00:00","dateModified":"2019-08-05T21:37:31+00:00","breadcrumb":{"@id":"https:\/\/noticiasemdestaque.com\/cd\/?p=18831#breadcrumb"},"inLanguage":"pt-BR","potentialAction":[{"@type":"ReadAction","target":["https:\/\/noticiasemdestaque.com\/cd\/?p=18831"]}]},{"@type":"ImageObject","inLanguage":"pt-BR","@id":"https:\/\/noticiasemdestaque.com\/cd\/?p=18831#primaryimage","url":"https:\/\/noticiasemdestaque.com\/cd\/wp-content\/uploads\/2017\/10\/Ricardo-Coutinho-81.jpg","contentUrl":"https:\/\/noticiasemdestaque.com\/cd\/wp-content\/uploads\/2017\/10\/Ricardo-Coutinho-81.jpg","width":2662,"height":1772},{"@type":"BreadcrumbList","@id":"https:\/\/noticiasemdestaque.com\/cd\/?p=18831#breadcrumb","itemListElement":[{"@type":"ListItem","position":1,"name":"In\u00edcio","item":"https:\/\/noticiasemdestaque.com\/cd\/"},{"@type":"ListItem","position":2,"name":"Comando do PSB na Para\u00edba pode recair nas m\u00e3os de RC"}]},{"@type":"WebSite","@id":"https:\/\/noticiasemdestaque.com\/cd\/#website","url":"https:\/\/noticiasemdestaque.com\/cd\/","name":"Not&iacute;cias em Destaque","description":"","publisher":{"@id":"https:\/\/noticiasemdestaque.com\/cd\/#organization"},"potentialAction":[{"@type":"SearchAction","target":{"@type":"EntryPoint","urlTemplate":"https:\/\/noticiasemdestaque.com\/cd\/?s={search_term_string}"},"query-input":{"@type":"PropertyValueSpecification","valueRequired":true,"valueName":"search_term_string"}}],"inLanguage":"pt-BR"},{"@type":"Organization","@id":"https:\/\/noticiasemdestaque.com\/cd\/#organization","name":"Not\u00edcias em Destaque","url":"https:\/\/noticiasemdestaque.com\/cd\/","logo":{"@type":"ImageObject","inLanguage":"pt-BR","@id":"https:\/\/noticiasemdestaque.com\/cd\/#\/schema\/logo\/image\/","url":"https:\/\/noticiasemdestaque.com\/cd\/wp-content\/uploads\/2022\/05\/imagem-base-noticiasemdestaque.png","contentUrl":"https:\/\/noticiasemdestaque.com\/cd\/wp-content\/uploads\/2022\/05\/imagem-base-noticiasemdestaque.png","width":1200,"height":630,"caption":"Not\u00edcias em Destaque"},"image":{"@id":"https:\/\/noticiasemdestaque.com\/cd\/#\/schema\/logo\/image\/"}},{"@type":"Person","@id":"https:\/\/noticiasemdestaque.com\/cd\/#\/schema\/person\/47f7d4f55eec17c6b2ca036c5500f6ce","name":"Not\u00edcias em Destaque","url":"https:\/\/noticiasemdestaque.com\/cd\/?author=2"}]}},"jetpack_featured_media_url":"https:\/\/noticiasemdestaque.com\/cd\/wp-content\/uploads\/2017\/10\/Ricardo-Coutinho-81.jpg","jetpack_sharing_enabled":true,"_links":{"self":[{"href":"https:\/\/noticiasemdestaque.com\/cd\/index.php?rest_route=\/wp\/v2\/posts\/18831","targetHints":{"allow":["GET"]}}],"collection":[{"href":"https:\/\/noticiasemdestaque.com\/cd\/index.php?rest_route=\/wp\/v2\/posts"}],"about":[{"href":"https:\/\/noticiasemdestaque.com\/cd\/index.php?rest_route=\/wp\/v2\/types\/post"}],"author":[{"embeddable":true,"href":"https:\/\/noticiasemdestaque.com\/cd\/index.php?rest_route=\/wp\/v2\/users\/2"}],"replies":[{"embeddable":true,"href":"https:\/\/noticiasemdestaque.com\/cd\/index.php?rest_route=%2Fwp%2Fv2%2Fcomments&post=18831"}],"version-history":[{"count":2,"href":"https:\/\/noticiasemdestaque.com\/cd\/index.php?rest_route=\/wp\/v2\/posts\/18831\/revisions"}],"predecessor-version":[{"id":18833,"href":"https:\/\/noticiasemdestaque.com\/cd\/index.php?rest_route=\/wp\/v2\/posts\/18831\/revisions\/18833"}],"wp:featuredmedia":[{"embeddable":true,"href":"https:\/\/noticiasemdestaque.com\/cd\/index.php?rest_route=\/wp\/v2\/media\/5400"}],"wp:attachment":[{"href":"https:\/\/noticiasemdestaque.com\/cd\/index.php?rest_route=%2Fwp%2Fv2%2Fmedia&parent=18831"}],"wp:term":[{"taxonomy":"category","embeddable":true,"href":"https:\/\/noticiasemdestaque.com\/cd\/index.php?rest_route=%2Fwp%2Fv2%2Fcategories&post=18831"},{"taxonomy":"post_tag","embeddable":true,"href":"https:\/\/noticiasemdestaque.com\/cd\/index.php?rest_route=%2Fwp%2Fv2%2Ftags&post=18831"}],"curies":[{"name":"wp","href":"https:\/\/api.w.org\/{rel}","templated":true}]}}