{"id":18765,"date":"2019-08-02T07:03:27","date_gmt":"2019-08-02T10:03:27","guid":{"rendered":"http:\/\/noticiasemdestaque.com\/cd\/?p=18765"},"modified":"2019-08-02T07:03:27","modified_gmt":"2019-08-02T10:03:27","slug":"nonato-bandeira-e-fabio-de-barros-assumem-secretaria-de-comunicacao","status":"publish","type":"post","link":"https:\/\/noticiasemdestaque.com\/cd\/?p=18765","title":{"rendered":"Nonato Bandeira e F\u00e1bio de Barros assumem Secretaria de Comunica\u00e7\u00e3o"},"content":{"rendered":"<p><a href=\"https:\/\/noticiasemdestaque.com\/cd\/wp-content\/uploads\/2019\/08\/nonato-bandeira-acusa-ricardo-de-tentar-controlar-pps.jpg\"><img fetchpriority=\"high\" decoding=\"async\" class=\"alignnone size-full wp-image-18766\" src=\"https:\/\/noticiasemdestaque.com\/cd\/wp-content\/uploads\/2019\/08\/nonato-bandeira-acusa-ricardo-de-tentar-controlar-pps.jpg\" alt=\"\" width=\"876\" height=\"585\" srcset=\"https:\/\/noticiasemdestaque.com\/cd\/wp-content\/uploads\/2019\/08\/nonato-bandeira-acusa-ricardo-de-tentar-controlar-pps.jpg 876w, https:\/\/noticiasemdestaque.com\/cd\/wp-content\/uploads\/2019\/08\/nonato-bandeira-acusa-ricardo-de-tentar-controlar-pps-300x200.jpg 300w, https:\/\/noticiasemdestaque.com\/cd\/wp-content\/uploads\/2019\/08\/nonato-bandeira-acusa-ricardo-de-tentar-controlar-pps-768x513.jpg 768w, https:\/\/noticiasemdestaque.com\/cd\/wp-content\/uploads\/2019\/08\/nonato-bandeira-acusa-ricardo-de-tentar-controlar-pps-480x320.jpg 480w\" sizes=\"(max-width: 876px) 100vw, 876px\" \/><\/a><\/p>\n<p>O governador da Para\u00edba, Jo\u00e3o Azev\u00eado (PSB), escolheu o jornalista Nonato Bandeira e o advogado F\u00e1bio de Barros Ara\u00fajo para substitu\u00edrem Lu\u00eds Torres e Ti\u00e3o Lucena na Secretaria de Comunica\u00e7\u00e3o do Estado da Para\u00edba (SECOM), a decis\u00e3o foi publicada no Di\u00e1rio Oficial desta sexta-feira.<\/p>\n<p>Nonato Bandeira \u00e9 jornalista, j\u00e1 foi\u00a0secret\u00e1rio-chefe do Gabinete do ex-governador Ricardo Coutinho, Secret\u00e1rio de Comunica\u00e7\u00e3o do estado e vice-prefeito de Jo\u00e3o Pessoa.<\/p>\n<div class=\"banner-inside-text\">\n<div class=\"banner center-block arroba\"><\/div>\n<\/div>\n<p><a href=\"https:\/\/i1.wp.com\/www.polemicaparaiba.com.br\/wp-content\/uploads\/2019\/08\/fabiodebarros.jpg?ssl=1\" rel=\"lightbox[453317]\"><img decoding=\"async\" class=\"alignnone  wp-image-453319\" title=\"Nonato Bandeira e F\u00e1bio de Barros assumem Secretaria de Comunica\u00e7\u00e3o\" src=\"https:\/\/i1.wp.com\/www.polemicaparaiba.com.br\/wp-content\/uploads\/2019\/08\/fabiodebarros.jpg?resize=634%2C169&amp;ssl=1\" sizes=\"(max-width: 634px) 100vw, 634px\" srcset=\"https:\/\/i1.wp.com\/www.polemicaparaiba.com.br\/wp-content\/uploads\/2019\/08\/fabiodebarros.jpg?resize=300%2C80&amp;ssl=1 300w, https:\/\/i1.wp.com\/www.polemicaparaiba.com.br\/wp-content\/uploads\/2019\/08\/fabiodebarros.jpg?w=575&amp;ssl=1 575w\" alt=\"fabiodebarros 300x80 - Nonato Bandeira e F\u00e1bio de Barros assumem Secretaria de Comunica\u00e7\u00e3o\" width=\"634\" height=\"169\" data-recalc-dims=\"1\" \/><\/a><\/p>\n<p>Fonte: Pol\u00eamica Para\u00edba<\/p>\n","protected":false},"excerpt":{"rendered":"<p>O governador da Para\u00edba, Jo\u00e3o Azev\u00eado (PSB), escolheu o jornalista Nonato Bandeira e o advogado F\u00e1bio de Barros Ara\u00fajo para substitu\u00edrem Lu\u00eds Torres e Ti\u00e3o Lucena na Secretaria de Comunica\u00e7\u00e3o do Estado da Para\u00edba (SECOM), a decis\u00e3o foi publicada no Di\u00e1rio Oficial desta sexta-feira. Nonato Bandeira \u00e9 jornalista, j\u00e1 foi\u00a0secret\u00e1rio-chefe do Gabinete do ex-governador Ricardo Coutinho, Secret\u00e1rio de Comunica\u00e7\u00e3o do estado e vice-prefeito de Jo\u00e3o Pessoa. Fonte: Pol\u00eamica Para\u00edba<\/p>\n","protected":false},"author":2,"featured_media":18766,"comment_status":"closed","ping_status":"open","sticky":false,"template":"","format":"standard","meta":{"_eb_attr":"","_jetpack_memberships_contains_paid_content":false,"footnotes":""},"categories":[4],"tags":[],"class_list":["post-18765","post","type-post","status-publish","format-standard","has-post-thumbnail","hentry","category-politica"],"yoast_head":"<!-- This site is optimized with the Yoast SEO plugin v26.5 - https:\/\/yoast.com\/wordpress\/plugins\/seo\/ -->\n<title>Nonato Bandeira e F\u00e1bio de Barros assumem Secretaria de Comunica\u00e7\u00e3o - Not&iacute;cias em Destaque<\/title>\n<meta name=\"robots\" content=\"index, follow, max-snippet:-1, max-image-preview:large, max-video-preview:-1\" \/>\n<link rel=\"canonical\" href=\"https:\/\/noticiasemdestaque.com\/cd\/?p=18765\" \/>\n<meta property=\"og:locale\" content=\"pt_BR\" \/>\n<meta property=\"og:type\" content=\"article\" \/>\n<meta property=\"og:title\" content=\"Nonato Bandeira e F\u00e1bio de Barros assumem Secretaria de Comunica\u00e7\u00e3o - Not&iacute;cias em Destaque\" \/>\n<meta property=\"og:description\" content=\"O governador da Para\u00edba, Jo\u00e3o Azev\u00eado (PSB), escolheu o jornalista Nonato Bandeira e o advogado F\u00e1bio de Barros Ara\u00fajo para substitu\u00edrem Lu\u00eds Torres e Ti\u00e3o Lucena na Secretaria de Comunica\u00e7\u00e3o do Estado da Para\u00edba (SECOM), a decis\u00e3o foi publicada no Di\u00e1rio Oficial desta sexta-feira. Nonato Bandeira \u00e9 jornalista, j\u00e1 foi\u00a0secret\u00e1rio-chefe do Gabinete do ex-governador Ricardo Coutinho, Secret\u00e1rio de Comunica\u00e7\u00e3o do estado e vice-prefeito de Jo\u00e3o Pessoa. Fonte: Pol\u00eamica Para\u00edba\" \/>\n<meta property=\"og:url\" content=\"https:\/\/noticiasemdestaque.com\/cd\/?p=18765\" \/>\n<meta property=\"og:site_name\" content=\"Not&iacute;cias em Destaque\" \/>\n<meta property=\"article:published_time\" content=\"2019-08-02T10:03:27+00:00\" \/>\n<meta property=\"og:image\" content=\"https:\/\/noticiasemdestaque.com\/cd\/wp-content\/uploads\/2019\/08\/nonato-bandeira-acusa-ricardo-de-tentar-controlar-pps.jpg\" \/>\n\t<meta property=\"og:image:width\" content=\"876\" \/>\n\t<meta property=\"og:image:height\" content=\"585\" \/>\n\t<meta property=\"og:image:type\" content=\"image\/jpeg\" \/>\n<meta name=\"author\" content=\"Not\u00edcias em Destaque\" \/>\n<meta name=\"twitter:card\" content=\"summary_large_image\" \/>\n<meta name=\"twitter:label1\" content=\"Escrito por\" \/>\n\t<meta name=\"twitter:data1\" content=\"Not\u00edcias em Destaque\" \/>\n<script type=\"application\/ld+json\" class=\"yoast-schema-graph\">{\"@context\":\"https:\/\/schema.org\",\"@graph\":[{\"@type\":\"Article\",\"@id\":\"https:\/\/noticiasemdestaque.com\/cd\/?p=18765#article\",\"isPartOf\":{\"@id\":\"https:\/\/noticiasemdestaque.com\/cd\/?p=18765\"},\"author\":{\"name\":\"Not\u00edcias em Destaque\",\"@id\":\"https:\/\/noticiasemdestaque.com\/cd\/#\/schema\/person\/c1451142d5e4d7aa7848244ea9e4606f\"},\"headline\":\"Nonato Bandeira e F\u00e1bio de Barros assumem Secretaria de Comunica\u00e7\u00e3o\",\"datePublished\":\"2019-08-02T10:03:27+00:00\",\"mainEntityOfPage\":{\"@id\":\"https:\/\/noticiasemdestaque.com\/cd\/?p=18765\"},\"wordCount\":99,\"publisher\":{\"@id\":\"https:\/\/noticiasemdestaque.com\/cd\/#organization\"},\"image\":{\"@id\":\"https:\/\/noticiasemdestaque.com\/cd\/?p=18765#primaryimage\"},\"thumbnailUrl\":\"https:\/\/noticiasemdestaque.com\/cd\/wp-content\/uploads\/2019\/08\/nonato-bandeira-acusa-ricardo-de-tentar-controlar-pps.jpg\",\"articleSection\":[\"Pol\u00edtica\"],\"inLanguage\":\"pt-BR\"},{\"@type\":\"WebPage\",\"@id\":\"https:\/\/noticiasemdestaque.com\/cd\/?p=18765\",\"url\":\"https:\/\/noticiasemdestaque.com\/cd\/?p=18765\",\"name\":\"Nonato Bandeira e F\u00e1bio de Barros assumem Secretaria de Comunica\u00e7\u00e3o - Not&iacute;cias em Destaque\",\"isPartOf\":{\"@id\":\"https:\/\/noticiasemdestaque.com\/cd\/#website\"},\"primaryImageOfPage\":{\"@id\":\"https:\/\/noticiasemdestaque.com\/cd\/?p=18765#primaryimage\"},\"image\":{\"@id\":\"https:\/\/noticiasemdestaque.com\/cd\/?p=18765#primaryimage\"},\"thumbnailUrl\":\"https:\/\/noticiasemdestaque.com\/cd\/wp-content\/uploads\/2019\/08\/nonato-bandeira-acusa-ricardo-de-tentar-controlar-pps.jpg\",\"datePublished\":\"2019-08-02T10:03:27+00:00\",\"breadcrumb\":{\"@id\":\"https:\/\/noticiasemdestaque.com\/cd\/?p=18765#breadcrumb\"},\"inLanguage\":\"pt-BR\",\"potentialAction\":[{\"@type\":\"ReadAction\",\"target\":[\"https:\/\/noticiasemdestaque.com\/cd\/?p=18765\"]}]},{\"@type\":\"ImageObject\",\"inLanguage\":\"pt-BR\",\"@id\":\"https:\/\/noticiasemdestaque.com\/cd\/?p=18765#primaryimage\",\"url\":\"https:\/\/noticiasemdestaque.com\/cd\/wp-content\/uploads\/2019\/08\/nonato-bandeira-acusa-ricardo-de-tentar-controlar-pps.jpg\",\"contentUrl\":\"https:\/\/noticiasemdestaque.com\/cd\/wp-content\/uploads\/2019\/08\/nonato-bandeira-acusa-ricardo-de-tentar-controlar-pps.jpg\",\"width\":876,\"height\":585},{\"@type\":\"BreadcrumbList\",\"@id\":\"https:\/\/noticiasemdestaque.com\/cd\/?p=18765#breadcrumb\",\"itemListElement\":[{\"@type\":\"ListItem\",\"position\":1,\"name\":\"In\u00edcio\",\"item\":\"https:\/\/noticiasemdestaque.com\/cd\/\"},{\"@type\":\"ListItem\",\"position\":2,\"name\":\"Nonato Bandeira e F\u00e1bio de Barros assumem Secretaria de Comunica\u00e7\u00e3o\"}]},{\"@type\":\"WebSite\",\"@id\":\"https:\/\/noticiasemdestaque.com\/cd\/#website\",\"url\":\"https:\/\/noticiasemdestaque.com\/cd\/\",\"name\":\"Not&iacute;cias em Destaque\",\"description\":\"\",\"publisher\":{\"@id\":\"https:\/\/noticiasemdestaque.com\/cd\/#organization\"},\"potentialAction\":[{\"@type\":\"SearchAction\",\"target\":{\"@type\":\"EntryPoint\",\"urlTemplate\":\"https:\/\/noticiasemdestaque.com\/cd\/?s={search_term_string}\"},\"query-input\":{\"@type\":\"PropertyValueSpecification\",\"valueRequired\":true,\"valueName\":\"search_term_string\"}}],\"inLanguage\":\"pt-BR\"},{\"@type\":\"Organization\",\"@id\":\"https:\/\/noticiasemdestaque.com\/cd\/#organization\",\"name\":\"Not\u00edcias em Destaque\",\"url\":\"https:\/\/noticiasemdestaque.com\/cd\/\",\"logo\":{\"@type\":\"ImageObject\",\"inLanguage\":\"pt-BR\",\"@id\":\"https:\/\/noticiasemdestaque.com\/cd\/#\/schema\/logo\/image\/\",\"url\":\"https:\/\/noticiasemdestaque.com\/cd\/wp-content\/uploads\/2022\/05\/imagem-base-noticiasemdestaque.png\",\"contentUrl\":\"https:\/\/noticiasemdestaque.com\/cd\/wp-content\/uploads\/2022\/05\/imagem-base-noticiasemdestaque.png\",\"width\":1200,\"height\":630,\"caption\":\"Not\u00edcias em Destaque\"},\"image\":{\"@id\":\"https:\/\/noticiasemdestaque.com\/cd\/#\/schema\/logo\/image\/\"}},{\"@type\":\"Person\",\"@id\":\"https:\/\/noticiasemdestaque.com\/cd\/#\/schema\/person\/c1451142d5e4d7aa7848244ea9e4606f\",\"name\":\"Not\u00edcias em Destaque\",\"url\":\"https:\/\/noticiasemdestaque.com\/cd\/?author=2\"}]}<\/script>\n<!-- \/ Yoast SEO plugin. -->","yoast_head_json":{"title":"Nonato Bandeira e F\u00e1bio de Barros assumem Secretaria de Comunica\u00e7\u00e3o - Not&iacute;cias em Destaque","robots":{"index":"index","follow":"follow","max-snippet":"max-snippet:-1","max-image-preview":"max-image-preview:large","max-video-preview":"max-video-preview:-1"},"canonical":"https:\/\/noticiasemdestaque.com\/cd\/?p=18765","og_locale":"pt_BR","og_type":"article","og_title":"Nonato Bandeira e F\u00e1bio de Barros assumem Secretaria de Comunica\u00e7\u00e3o - Not&iacute;cias em Destaque","og_description":"O governador da Para\u00edba, Jo\u00e3o Azev\u00eado (PSB), escolheu o jornalista Nonato Bandeira e o advogado F\u00e1bio de Barros Ara\u00fajo para substitu\u00edrem Lu\u00eds Torres e Ti\u00e3o Lucena na Secretaria de Comunica\u00e7\u00e3o do Estado da Para\u00edba (SECOM), a decis\u00e3o foi publicada no Di\u00e1rio Oficial desta sexta-feira. Nonato Bandeira \u00e9 jornalista, j\u00e1 foi\u00a0secret\u00e1rio-chefe do Gabinete do ex-governador Ricardo Coutinho, Secret\u00e1rio de Comunica\u00e7\u00e3o do estado e vice-prefeito de Jo\u00e3o Pessoa. Fonte: Pol\u00eamica Para\u00edba","og_url":"https:\/\/noticiasemdestaque.com\/cd\/?p=18765","og_site_name":"Not&iacute;cias em Destaque","article_published_time":"2019-08-02T10:03:27+00:00","og_image":[{"width":876,"height":585,"url":"https:\/\/noticiasemdestaque.com\/cd\/wp-content\/uploads\/2019\/08\/nonato-bandeira-acusa-ricardo-de-tentar-controlar-pps.jpg","type":"image\/jpeg"}],"author":"Not\u00edcias em Destaque","twitter_card":"summary_large_image","twitter_misc":{"Escrito por":"Not\u00edcias em Destaque"},"schema":{"@context":"https:\/\/schema.org","@graph":[{"@type":"Article","@id":"https:\/\/noticiasemdestaque.com\/cd\/?p=18765#article","isPartOf":{"@id":"https:\/\/noticiasemdestaque.com\/cd\/?p=18765"},"author":{"name":"Not\u00edcias em Destaque","@id":"https:\/\/noticiasemdestaque.com\/cd\/#\/schema\/person\/c1451142d5e4d7aa7848244ea9e4606f"},"headline":"Nonato Bandeira e F\u00e1bio de Barros assumem Secretaria de Comunica\u00e7\u00e3o","datePublished":"2019-08-02T10:03:27+00:00","mainEntityOfPage":{"@id":"https:\/\/noticiasemdestaque.com\/cd\/?p=18765"},"wordCount":99,"publisher":{"@id":"https:\/\/noticiasemdestaque.com\/cd\/#organization"},"image":{"@id":"https:\/\/noticiasemdestaque.com\/cd\/?p=18765#primaryimage"},"thumbnailUrl":"https:\/\/noticiasemdestaque.com\/cd\/wp-content\/uploads\/2019\/08\/nonato-bandeira-acusa-ricardo-de-tentar-controlar-pps.jpg","articleSection":["Pol\u00edtica"],"inLanguage":"pt-BR"},{"@type":"WebPage","@id":"https:\/\/noticiasemdestaque.com\/cd\/?p=18765","url":"https:\/\/noticiasemdestaque.com\/cd\/?p=18765","name":"Nonato Bandeira e F\u00e1bio de Barros assumem Secretaria de Comunica\u00e7\u00e3o - Not&iacute;cias em Destaque","isPartOf":{"@id":"https:\/\/noticiasemdestaque.com\/cd\/#website"},"primaryImageOfPage":{"@id":"https:\/\/noticiasemdestaque.com\/cd\/?p=18765#primaryimage"},"image":{"@id":"https:\/\/noticiasemdestaque.com\/cd\/?p=18765#primaryimage"},"thumbnailUrl":"https:\/\/noticiasemdestaque.com\/cd\/wp-content\/uploads\/2019\/08\/nonato-bandeira-acusa-ricardo-de-tentar-controlar-pps.jpg","datePublished":"2019-08-02T10:03:27+00:00","breadcrumb":{"@id":"https:\/\/noticiasemdestaque.com\/cd\/?p=18765#breadcrumb"},"inLanguage":"pt-BR","potentialAction":[{"@type":"ReadAction","target":["https:\/\/noticiasemdestaque.com\/cd\/?p=18765"]}]},{"@type":"ImageObject","inLanguage":"pt-BR","@id":"https:\/\/noticiasemdestaque.com\/cd\/?p=18765#primaryimage","url":"https:\/\/noticiasemdestaque.com\/cd\/wp-content\/uploads\/2019\/08\/nonato-bandeira-acusa-ricardo-de-tentar-controlar-pps.jpg","contentUrl":"https:\/\/noticiasemdestaque.com\/cd\/wp-content\/uploads\/2019\/08\/nonato-bandeira-acusa-ricardo-de-tentar-controlar-pps.jpg","width":876,"height":585},{"@type":"BreadcrumbList","@id":"https:\/\/noticiasemdestaque.com\/cd\/?p=18765#breadcrumb","itemListElement":[{"@type":"ListItem","position":1,"name":"In\u00edcio","item":"https:\/\/noticiasemdestaque.com\/cd\/"},{"@type":"ListItem","position":2,"name":"Nonato Bandeira e F\u00e1bio de Barros assumem Secretaria de Comunica\u00e7\u00e3o"}]},{"@type":"WebSite","@id":"https:\/\/noticiasemdestaque.com\/cd\/#website","url":"https:\/\/noticiasemdestaque.com\/cd\/","name":"Not&iacute;cias em Destaque","description":"","publisher":{"@id":"https:\/\/noticiasemdestaque.com\/cd\/#organization"},"potentialAction":[{"@type":"SearchAction","target":{"@type":"EntryPoint","urlTemplate":"https:\/\/noticiasemdestaque.com\/cd\/?s={search_term_string}"},"query-input":{"@type":"PropertyValueSpecification","valueRequired":true,"valueName":"search_term_string"}}],"inLanguage":"pt-BR"},{"@type":"Organization","@id":"https:\/\/noticiasemdestaque.com\/cd\/#organization","name":"Not\u00edcias em Destaque","url":"https:\/\/noticiasemdestaque.com\/cd\/","logo":{"@type":"ImageObject","inLanguage":"pt-BR","@id":"https:\/\/noticiasemdestaque.com\/cd\/#\/schema\/logo\/image\/","url":"https:\/\/noticiasemdestaque.com\/cd\/wp-content\/uploads\/2022\/05\/imagem-base-noticiasemdestaque.png","contentUrl":"https:\/\/noticiasemdestaque.com\/cd\/wp-content\/uploads\/2022\/05\/imagem-base-noticiasemdestaque.png","width":1200,"height":630,"caption":"Not\u00edcias em Destaque"},"image":{"@id":"https:\/\/noticiasemdestaque.com\/cd\/#\/schema\/logo\/image\/"}},{"@type":"Person","@id":"https:\/\/noticiasemdestaque.com\/cd\/#\/schema\/person\/c1451142d5e4d7aa7848244ea9e4606f","name":"Not\u00edcias em Destaque","url":"https:\/\/noticiasemdestaque.com\/cd\/?author=2"}]}},"jetpack_featured_media_url":"https:\/\/noticiasemdestaque.com\/cd\/wp-content\/uploads\/2019\/08\/nonato-bandeira-acusa-ricardo-de-tentar-controlar-pps.jpg","jetpack_sharing_enabled":true,"_links":{"self":[{"href":"https:\/\/noticiasemdestaque.com\/cd\/index.php?rest_route=\/wp\/v2\/posts\/18765","targetHints":{"allow":["GET"]}}],"collection":[{"href":"https:\/\/noticiasemdestaque.com\/cd\/index.php?rest_route=\/wp\/v2\/posts"}],"about":[{"href":"https:\/\/noticiasemdestaque.com\/cd\/index.php?rest_route=\/wp\/v2\/types\/post"}],"author":[{"embeddable":true,"href":"https:\/\/noticiasemdestaque.com\/cd\/index.php?rest_route=\/wp\/v2\/users\/2"}],"replies":[{"embeddable":true,"href":"https:\/\/noticiasemdestaque.com\/cd\/index.php?rest_route=%2Fwp%2Fv2%2Fcomments&post=18765"}],"version-history":[{"count":1,"href":"https:\/\/noticiasemdestaque.com\/cd\/index.php?rest_route=\/wp\/v2\/posts\/18765\/revisions"}],"predecessor-version":[{"id":18767,"href":"https:\/\/noticiasemdestaque.com\/cd\/index.php?rest_route=\/wp\/v2\/posts\/18765\/revisions\/18767"}],"wp:featuredmedia":[{"embeddable":true,"href":"https:\/\/noticiasemdestaque.com\/cd\/index.php?rest_route=\/wp\/v2\/media\/18766"}],"wp:attachment":[{"href":"https:\/\/noticiasemdestaque.com\/cd\/index.php?rest_route=%2Fwp%2Fv2%2Fmedia&parent=18765"}],"wp:term":[{"taxonomy":"category","embeddable":true,"href":"https:\/\/noticiasemdestaque.com\/cd\/index.php?rest_route=%2Fwp%2Fv2%2Fcategories&post=18765"},{"taxonomy":"post_tag","embeddable":true,"href":"https:\/\/noticiasemdestaque.com\/cd\/index.php?rest_route=%2Fwp%2Fv2%2Ftags&post=18765"}],"curies":[{"name":"wp","href":"https:\/\/api.w.org\/{rel}","templated":true}]}}