{"id":18760,"date":"2019-08-01T19:31:30","date_gmt":"2019-08-01T22:31:30","guid":{"rendered":"http:\/\/noticiasemdestaque.com\/cd\/?p=18760"},"modified":"2019-08-01T19:31:30","modified_gmt":"2019-08-01T22:31:30","slug":"prefeitura-de-sume-lanca-1-festival-de-musica-ze-marcolino","status":"publish","type":"post","link":"https:\/\/noticiasemdestaque.com\/cd\/?p=18760","title":{"rendered":"Prefeitura de Sum\u00e9 lan\u00e7a 1\u00b0 Festival de M\u00fasica Z\u00e9 Marcolino"},"content":{"rendered":"<p><a href=\"https:\/\/noticiasemdestaque.com\/cd\/wp-content\/uploads\/2017\/12\/concurso-sum\u00e9.jpg\"><img fetchpriority=\"high\" decoding=\"async\" class=\"size-full wp-image-6596 aligncenter\" src=\"https:\/\/noticiasemdestaque.com\/cd\/wp-content\/uploads\/2017\/12\/concurso-sum\u00e9.jpg\" alt=\"\" width=\"480\" height=\"360\" srcset=\"https:\/\/noticiasemdestaque.com\/cd\/wp-content\/uploads\/2017\/12\/concurso-sum\u00e9.jpg 480w, https:\/\/noticiasemdestaque.com\/cd\/wp-content\/uploads\/2017\/12\/concurso-sum\u00e9-300x225.jpg 300w, https:\/\/noticiasemdestaque.com\/cd\/wp-content\/uploads\/2017\/12\/concurso-sum\u00e9-200x150.jpg 200w\" sizes=\"(max-width: 480px) 100vw, 480px\" \/><\/a><\/p>\n<p>A Prefeitura de Sum\u00e9, atrav\u00e9s da Secretaria de Educa\u00e7\u00e3o lan\u00e7ou o Projeto 1\u00b0 Festival de M\u00fasica Z\u00e9 Marcolino que tem por objetivo revelar talentos no cen\u00e1rio da m\u00fasica, incentivar o desenvolvimento da cultura musical local e regional e promover a socializa\u00e7\u00e3o por meio da m\u00fasica.<\/p>\n<p>O Festival acontecer\u00e1 na Pra\u00e7a Jos\u00e9 Am\u00e9rico, destina-se a participantes a partir de 18 anos de idade, domiciliados no munic\u00edpio de Sum\u00e9-PB e da regi\u00e3o do Cariri Paraibano.<\/p>\n<p>As inscri\u00e7\u00f5es s\u00e3o gratuitas e come\u00e7am na ter\u00e7a-feira (06\/08) indo at\u00e9 20 de agosto. Os interessados devem se inscrever na Secretaria Municipal de Educa\u00e7\u00e3o, das 08h \u00e0s 14h.<\/p>\n<p>Para efeito de inscri\u00e7\u00e3o s\u00f3 ser\u00e1 permitida uma composi\u00e7\u00e3o para cada participante. Fica vedado o mesmo int\u00e9rprete em mais de uma can\u00e7\u00e3o.<\/p>\n<p>\u00c9 necess\u00e1rio o candidato preencher a ficha de inscri\u00e7\u00e3o obtida nos Anexos I e II do Edital (dispon\u00edvel no site www.sume.pb.gov.br) preenchida e assinada pelo compositor da m\u00fasica, al\u00e9m disso, apresentar:<\/p>\n<ol>\n<li>a) C\u00f3pia da Carteira de Identidade;<\/li>\n<li>b) C\u00f3pia do CPF;<\/li>\n<li>c) Comprovante de resid\u00eancia;<\/li>\n<li>d) Uma foto art\u00edstica;<\/li>\n<li>e) Breve relato art\u00edstico (ver modelo Anexo III, ficha de anamnese);<\/li>\n<li>f) C\u00f3pia da letra da m\u00fasica digitada e devidamente identificada com o nome do autor;<\/li>\n<li>g) letra da m\u00fasica com Cifra ou com Partitura (opcional);<\/li>\n<li>h) Autoriza\u00e7\u00e3o do compositor da m\u00fasica, acompanhada de c\u00f3pia do RG e CPF do mesmo, caso a m\u00fasica seja defendida por outro int\u00e9rprete (ver modelo Anexo II do Edital).<\/li>\n<\/ol>\n<p>Na primeira etapa (pr\u00e9-sele\u00e7\u00e3o), de car\u00e1ter classificat\u00f3rio e eliminat\u00f3rio, o participante poder\u00e1 inscrever at\u00e9 02 (duas) composi\u00e7\u00f5es que ser\u00e3o julgadas por uma comiss\u00e3o.<\/p>\n<p><strong>\u00a0<\/strong>A segunda etapa acontecer\u00e1 na noite do festival, no dia 28 de setembro, com a apresenta\u00e7\u00e3o dos candidatos classificados para a fase final. Eles ser\u00e3o julgados por um corpo t\u00e9cnico e ser\u00e3o premiados nas categorias melhor m\u00fasica e melhor int\u00e9rprete.<\/p>\n<p>De acordo com o secret\u00e1rio de Educa\u00e7\u00e3o, Odilon Ara\u00fajo, o 1\u00b0 Festival de M\u00fasica Z\u00e9 Marcolino ser\u00e1 aberto para composi\u00e7\u00f5es in\u00e9ditas e originais de estilos e g\u00eaneros musicais do forr\u00f3 que enalte\u00e7am e retratem a cultura e as viv\u00eancias locais e regionais.<\/p>\n<p>\u201cO Festival al\u00e9m de homenagear o poeta e compositor Z\u00e9 Marcolino, tamb\u00e9m \u00e9 uma forma de estimular e resgatar a produ\u00e7\u00e3o autoral. Al\u00e9m disso, \u00e9 uma maneira tamb\u00e9m de valoriza\u00e7\u00e3o dos artistas da terra e da regi\u00e3o\u201d, declarou Odilon.<\/p>\n<p>Confira:\u00a0<a href=\"http:\/\/www.sume.pb.gov.br\/wp-content\/uploads\/2019\/08\/EDITAL-lan%C3%A7amento-I-FESTIVAL-Z%C3%89-MARCOLINO.pdf\">EDITAL lan\u00e7amento I FESTIVAL Z\u00c9 MARCOLINO<\/a><\/p>\n<p>Ascom<\/p>\n","protected":false},"excerpt":{"rendered":"<p>A Prefeitura de Sum\u00e9, atrav\u00e9s da Secretaria de Educa\u00e7\u00e3o lan\u00e7ou o Projeto 1\u00b0 Festival de M\u00fasica Z\u00e9 Marcolino que tem por objetivo revelar talentos no cen\u00e1rio da m\u00fasica, incentivar o desenvolvimento da cultura musical local e regional e promover a socializa\u00e7\u00e3o por meio da m\u00fasica. O Festival acontecer\u00e1 na Pra\u00e7a Jos\u00e9 Am\u00e9rico, destina-se a participantes a partir de 18 anos de idade, domiciliados no munic\u00edpio de Sum\u00e9-PB e da regi\u00e3o do Cariri Paraibano. As inscri\u00e7\u00f5es s\u00e3o gratuitas e come\u00e7am na ter\u00e7a-feira (06\/08) indo at\u00e9 20 de agosto. Os interessados devem se inscrever na Secretaria Municipal de Educa\u00e7\u00e3o, das 08h \u00e0s 14h. Para efeito de inscri\u00e7\u00e3o s\u00f3 ser\u00e1 permitida uma composi\u00e7\u00e3o para cada participante. Fica vedado o mesmo int\u00e9rprete em mais de uma can\u00e7\u00e3o. \u00c9 necess\u00e1rio o candidato preencher a ficha de inscri\u00e7\u00e3o obtida nos Anexos I e II do Edital (dispon\u00edvel no site www.sume.pb.gov.br) preenchida e assinada pelo compositor da m\u00fasica, al\u00e9m disso, apresentar: a) C\u00f3pia da Carteira de Identidade; b) C\u00f3pia do CPF; c) Comprovante de resid\u00eancia; d) Uma foto art\u00edstica; e) Breve relato art\u00edstico (ver modelo Anexo III, ficha de anamnese); f) C\u00f3pia da letra da m\u00fasica digitada e devidamente identificada com o nome do autor; g) letra da m\u00fasica com Cifra ou com Partitura (opcional); h) Autoriza\u00e7\u00e3o do compositor da m\u00fasica, acompanhada de c\u00f3pia do RG e CPF do mesmo, caso a m\u00fasica seja defendida por outro int\u00e9rprete (ver modelo Anexo II do Edital). Na primeira etapa (pr\u00e9-sele\u00e7\u00e3o), de car\u00e1ter classificat\u00f3rio e eliminat\u00f3rio, o participante poder\u00e1 inscrever at\u00e9 02 (duas) composi\u00e7\u00f5es que ser\u00e3o julgadas por uma comiss\u00e3o. \u00a0A segunda etapa acontecer\u00e1 na noite do festival, no dia 28 de setembro, com a apresenta\u00e7\u00e3o dos candidatos classificados para a fase final. Eles ser\u00e3o julgados por um corpo t\u00e9cnico e ser\u00e3o premiados nas categorias melhor m\u00fasica e melhor int\u00e9rprete. De acordo com o secret\u00e1rio de Educa\u00e7\u00e3o, Odilon Ara\u00fajo, o 1\u00b0 Festival de M\u00fasica Z\u00e9 Marcolino ser\u00e1 aberto para composi\u00e7\u00f5es in\u00e9ditas e originais de estilos e g\u00eaneros musicais do forr\u00f3 que enalte\u00e7am e retratem a cultura e as viv\u00eancias locais e regionais. \u201cO Festival al\u00e9m de homenagear o poeta e compositor Z\u00e9 Marcolino, tamb\u00e9m \u00e9 uma forma de estimular e resgatar a produ\u00e7\u00e3o autoral. Al\u00e9m disso, \u00e9 uma maneira tamb\u00e9m de valoriza\u00e7\u00e3o dos artistas da terra e da regi\u00e3o\u201d, declarou Odilon. Confira:\u00a0EDITAL lan\u00e7amento I FESTIVAL Z\u00c9 MARCOLINO Ascom<\/p>\n","protected":false},"author":2,"featured_media":6596,"comment_status":"closed","ping_status":"open","sticky":false,"template":"","format":"standard","meta":{"_eb_attr":"","_jetpack_memberships_contains_paid_content":false,"footnotes":""},"categories":[3],"tags":[],"class_list":["post-18760","post","type-post","status-publish","format-standard","has-post-thumbnail","hentry","category-cidades"],"yoast_head":"<!-- This site is optimized with the Yoast SEO plugin v26.5 - https:\/\/yoast.com\/wordpress\/plugins\/seo\/ -->\n<title>Prefeitura de Sum\u00e9 lan\u00e7a 1\u00b0 Festival de M\u00fasica Z\u00e9 Marcolino - Not&iacute;cias em Destaque<\/title>\n<meta name=\"robots\" content=\"index, follow, max-snippet:-1, max-image-preview:large, max-video-preview:-1\" \/>\n<link rel=\"canonical\" href=\"https:\/\/noticiasemdestaque.com\/cd\/?p=18760\" \/>\n<meta property=\"og:locale\" content=\"pt_BR\" \/>\n<meta property=\"og:type\" content=\"article\" \/>\n<meta property=\"og:title\" content=\"Prefeitura de Sum\u00e9 lan\u00e7a 1\u00b0 Festival de M\u00fasica Z\u00e9 Marcolino - Not&iacute;cias em Destaque\" \/>\n<meta property=\"og:description\" content=\"A Prefeitura de Sum\u00e9, atrav\u00e9s da Secretaria de Educa\u00e7\u00e3o lan\u00e7ou o Projeto 1\u00b0 Festival de M\u00fasica Z\u00e9 Marcolino que tem por objetivo revelar talentos no cen\u00e1rio da m\u00fasica, incentivar o desenvolvimento da cultura musical local e regional e promover a socializa\u00e7\u00e3o por meio da m\u00fasica. O Festival acontecer\u00e1 na Pra\u00e7a Jos\u00e9 Am\u00e9rico, destina-se a participantes a partir de 18 anos de idade, domiciliados no munic\u00edpio de Sum\u00e9-PB e da regi\u00e3o do Cariri Paraibano. As inscri\u00e7\u00f5es s\u00e3o gratuitas e come\u00e7am na ter\u00e7a-feira (06\/08) indo at\u00e9 20 de agosto. Os interessados devem se inscrever na Secretaria Municipal de Educa\u00e7\u00e3o, das 08h \u00e0s 14h. Para efeito de inscri\u00e7\u00e3o s\u00f3 ser\u00e1 permitida uma composi\u00e7\u00e3o para cada participante. Fica vedado o mesmo int\u00e9rprete em mais de uma can\u00e7\u00e3o. \u00c9 necess\u00e1rio o candidato preencher a ficha de inscri\u00e7\u00e3o obtida nos Anexos I e II do Edital (dispon\u00edvel no site www.sume.pb.gov.br) preenchida e assinada pelo compositor da m\u00fasica, al\u00e9m disso, apresentar: a) C\u00f3pia da Carteira de Identidade; b) C\u00f3pia do CPF; c) Comprovante de resid\u00eancia; d) Uma foto art\u00edstica; e) Breve relato art\u00edstico (ver modelo Anexo III, ficha de anamnese); f) C\u00f3pia da letra da m\u00fasica digitada e devidamente identificada com o nome do autor; g) letra da m\u00fasica com Cifra ou com Partitura (opcional); h) Autoriza\u00e7\u00e3o do compositor da m\u00fasica, acompanhada de c\u00f3pia do RG e CPF do mesmo, caso a m\u00fasica seja defendida por outro int\u00e9rprete (ver modelo Anexo II do Edital). Na primeira etapa (pr\u00e9-sele\u00e7\u00e3o), de car\u00e1ter classificat\u00f3rio e eliminat\u00f3rio, o participante poder\u00e1 inscrever at\u00e9 02 (duas) composi\u00e7\u00f5es que ser\u00e3o julgadas por uma comiss\u00e3o. \u00a0A segunda etapa acontecer\u00e1 na noite do festival, no dia 28 de setembro, com a apresenta\u00e7\u00e3o dos candidatos classificados para a fase final. Eles ser\u00e3o julgados por um corpo t\u00e9cnico e ser\u00e3o premiados nas categorias melhor m\u00fasica e melhor int\u00e9rprete. De acordo com o secret\u00e1rio de Educa\u00e7\u00e3o, Odilon Ara\u00fajo, o 1\u00b0 Festival de M\u00fasica Z\u00e9 Marcolino ser\u00e1 aberto para composi\u00e7\u00f5es in\u00e9ditas e originais de estilos e g\u00eaneros musicais do forr\u00f3 que enalte\u00e7am e retratem a cultura e as viv\u00eancias locais e regionais. \u201cO Festival al\u00e9m de homenagear o poeta e compositor Z\u00e9 Marcolino, tamb\u00e9m \u00e9 uma forma de estimular e resgatar a produ\u00e7\u00e3o autoral. Al\u00e9m disso, \u00e9 uma maneira tamb\u00e9m de valoriza\u00e7\u00e3o dos artistas da terra e da regi\u00e3o\u201d, declarou Odilon. Confira:\u00a0EDITAL lan\u00e7amento I FESTIVAL Z\u00c9 MARCOLINO Ascom\" \/>\n<meta property=\"og:url\" content=\"https:\/\/noticiasemdestaque.com\/cd\/?p=18760\" \/>\n<meta property=\"og:site_name\" content=\"Not&iacute;cias em Destaque\" \/>\n<meta property=\"article:published_time\" content=\"2019-08-01T22:31:30+00:00\" \/>\n<meta property=\"og:image\" content=\"https:\/\/noticiasemdestaque.com\/cd\/wp-content\/uploads\/2017\/12\/concurso-sum\u00e9.jpg\" \/>\n\t<meta property=\"og:image:width\" content=\"480\" \/>\n\t<meta property=\"og:image:height\" content=\"360\" \/>\n\t<meta property=\"og:image:type\" content=\"image\/jpeg\" \/>\n<meta name=\"author\" content=\"Not\u00edcias em Destaque\" \/>\n<meta name=\"twitter:card\" content=\"summary_large_image\" \/>\n<meta name=\"twitter:label1\" content=\"Escrito por\" \/>\n\t<meta name=\"twitter:data1\" content=\"Not\u00edcias em Destaque\" \/>\n\t<meta name=\"twitter:label2\" content=\"Est. tempo de leitura\" \/>\n\t<meta name=\"twitter:data2\" content=\"2 minutos\" \/>\n<script type=\"application\/ld+json\" class=\"yoast-schema-graph\">{\"@context\":\"https:\/\/schema.org\",\"@graph\":[{\"@type\":\"Article\",\"@id\":\"https:\/\/noticiasemdestaque.com\/cd\/?p=18760#article\",\"isPartOf\":{\"@id\":\"https:\/\/noticiasemdestaque.com\/cd\/?p=18760\"},\"author\":{\"name\":\"Not\u00edcias em Destaque\",\"@id\":\"https:\/\/noticiasemdestaque.com\/cd\/#\/schema\/person\/c1451142d5e4d7aa7848244ea9e4606f\"},\"headline\":\"Prefeitura de Sum\u00e9 lan\u00e7a 1\u00b0 Festival de M\u00fasica Z\u00e9 Marcolino\",\"datePublished\":\"2019-08-01T22:31:30+00:00\",\"mainEntityOfPage\":{\"@id\":\"https:\/\/noticiasemdestaque.com\/cd\/?p=18760\"},\"wordCount\":465,\"publisher\":{\"@id\":\"https:\/\/noticiasemdestaque.com\/cd\/#organization\"},\"image\":{\"@id\":\"https:\/\/noticiasemdestaque.com\/cd\/?p=18760#primaryimage\"},\"thumbnailUrl\":\"https:\/\/noticiasemdestaque.com\/cd\/wp-content\/uploads\/2017\/12\/concurso-sum\u00e9.jpg\",\"articleSection\":[\"Cidades\"],\"inLanguage\":\"pt-BR\"},{\"@type\":\"WebPage\",\"@id\":\"https:\/\/noticiasemdestaque.com\/cd\/?p=18760\",\"url\":\"https:\/\/noticiasemdestaque.com\/cd\/?p=18760\",\"name\":\"Prefeitura de Sum\u00e9 lan\u00e7a 1\u00b0 Festival de M\u00fasica Z\u00e9 Marcolino - Not&iacute;cias em Destaque\",\"isPartOf\":{\"@id\":\"https:\/\/noticiasemdestaque.com\/cd\/#website\"},\"primaryImageOfPage\":{\"@id\":\"https:\/\/noticiasemdestaque.com\/cd\/?p=18760#primaryimage\"},\"image\":{\"@id\":\"https:\/\/noticiasemdestaque.com\/cd\/?p=18760#primaryimage\"},\"thumbnailUrl\":\"https:\/\/noticiasemdestaque.com\/cd\/wp-content\/uploads\/2017\/12\/concurso-sum\u00e9.jpg\",\"datePublished\":\"2019-08-01T22:31:30+00:00\",\"breadcrumb\":{\"@id\":\"https:\/\/noticiasemdestaque.com\/cd\/?p=18760#breadcrumb\"},\"inLanguage\":\"pt-BR\",\"potentialAction\":[{\"@type\":\"ReadAction\",\"target\":[\"https:\/\/noticiasemdestaque.com\/cd\/?p=18760\"]}]},{\"@type\":\"ImageObject\",\"inLanguage\":\"pt-BR\",\"@id\":\"https:\/\/noticiasemdestaque.com\/cd\/?p=18760#primaryimage\",\"url\":\"https:\/\/noticiasemdestaque.com\/cd\/wp-content\/uploads\/2017\/12\/concurso-sum\u00e9.jpg\",\"contentUrl\":\"https:\/\/noticiasemdestaque.com\/cd\/wp-content\/uploads\/2017\/12\/concurso-sum\u00e9.jpg\",\"width\":480,\"height\":360},{\"@type\":\"BreadcrumbList\",\"@id\":\"https:\/\/noticiasemdestaque.com\/cd\/?p=18760#breadcrumb\",\"itemListElement\":[{\"@type\":\"ListItem\",\"position\":1,\"name\":\"In\u00edcio\",\"item\":\"https:\/\/noticiasemdestaque.com\/cd\/\"},{\"@type\":\"ListItem\",\"position\":2,\"name\":\"Prefeitura de Sum\u00e9 lan\u00e7a 1\u00b0 Festival de M\u00fasica Z\u00e9 Marcolino\"}]},{\"@type\":\"WebSite\",\"@id\":\"https:\/\/noticiasemdestaque.com\/cd\/#website\",\"url\":\"https:\/\/noticiasemdestaque.com\/cd\/\",\"name\":\"Not&iacute;cias em Destaque\",\"description\":\"\",\"publisher\":{\"@id\":\"https:\/\/noticiasemdestaque.com\/cd\/#organization\"},\"potentialAction\":[{\"@type\":\"SearchAction\",\"target\":{\"@type\":\"EntryPoint\",\"urlTemplate\":\"https:\/\/noticiasemdestaque.com\/cd\/?s={search_term_string}\"},\"query-input\":{\"@type\":\"PropertyValueSpecification\",\"valueRequired\":true,\"valueName\":\"search_term_string\"}}],\"inLanguage\":\"pt-BR\"},{\"@type\":\"Organization\",\"@id\":\"https:\/\/noticiasemdestaque.com\/cd\/#organization\",\"name\":\"Not\u00edcias em Destaque\",\"url\":\"https:\/\/noticiasemdestaque.com\/cd\/\",\"logo\":{\"@type\":\"ImageObject\",\"inLanguage\":\"pt-BR\",\"@id\":\"https:\/\/noticiasemdestaque.com\/cd\/#\/schema\/logo\/image\/\",\"url\":\"https:\/\/noticiasemdestaque.com\/cd\/wp-content\/uploads\/2022\/05\/imagem-base-noticiasemdestaque.png\",\"contentUrl\":\"https:\/\/noticiasemdestaque.com\/cd\/wp-content\/uploads\/2022\/05\/imagem-base-noticiasemdestaque.png\",\"width\":1200,\"height\":630,\"caption\":\"Not\u00edcias em Destaque\"},\"image\":{\"@id\":\"https:\/\/noticiasemdestaque.com\/cd\/#\/schema\/logo\/image\/\"}},{\"@type\":\"Person\",\"@id\":\"https:\/\/noticiasemdestaque.com\/cd\/#\/schema\/person\/c1451142d5e4d7aa7848244ea9e4606f\",\"name\":\"Not\u00edcias em Destaque\",\"url\":\"https:\/\/noticiasemdestaque.com\/cd\/?author=2\"}]}<\/script>\n<!-- \/ Yoast SEO plugin. -->","yoast_head_json":{"title":"Prefeitura de Sum\u00e9 lan\u00e7a 1\u00b0 Festival de M\u00fasica Z\u00e9 Marcolino - Not&iacute;cias em Destaque","robots":{"index":"index","follow":"follow","max-snippet":"max-snippet:-1","max-image-preview":"max-image-preview:large","max-video-preview":"max-video-preview:-1"},"canonical":"https:\/\/noticiasemdestaque.com\/cd\/?p=18760","og_locale":"pt_BR","og_type":"article","og_title":"Prefeitura de Sum\u00e9 lan\u00e7a 1\u00b0 Festival de M\u00fasica Z\u00e9 Marcolino - Not&iacute;cias em Destaque","og_description":"A Prefeitura de Sum\u00e9, atrav\u00e9s da Secretaria de Educa\u00e7\u00e3o lan\u00e7ou o Projeto 1\u00b0 Festival de M\u00fasica Z\u00e9 Marcolino que tem por objetivo revelar talentos no cen\u00e1rio da m\u00fasica, incentivar o desenvolvimento da cultura musical local e regional e promover a socializa\u00e7\u00e3o por meio da m\u00fasica. O Festival acontecer\u00e1 na Pra\u00e7a Jos\u00e9 Am\u00e9rico, destina-se a participantes a partir de 18 anos de idade, domiciliados no munic\u00edpio de Sum\u00e9-PB e da regi\u00e3o do Cariri Paraibano. As inscri\u00e7\u00f5es s\u00e3o gratuitas e come\u00e7am na ter\u00e7a-feira (06\/08) indo at\u00e9 20 de agosto. Os interessados devem se inscrever na Secretaria Municipal de Educa\u00e7\u00e3o, das 08h \u00e0s 14h. Para efeito de inscri\u00e7\u00e3o s\u00f3 ser\u00e1 permitida uma composi\u00e7\u00e3o para cada participante. Fica vedado o mesmo int\u00e9rprete em mais de uma can\u00e7\u00e3o. \u00c9 necess\u00e1rio o candidato preencher a ficha de inscri\u00e7\u00e3o obtida nos Anexos I e II do Edital (dispon\u00edvel no site www.sume.pb.gov.br) preenchida e assinada pelo compositor da m\u00fasica, al\u00e9m disso, apresentar: a) C\u00f3pia da Carteira de Identidade; b) C\u00f3pia do CPF; c) Comprovante de resid\u00eancia; d) Uma foto art\u00edstica; e) Breve relato art\u00edstico (ver modelo Anexo III, ficha de anamnese); f) C\u00f3pia da letra da m\u00fasica digitada e devidamente identificada com o nome do autor; g) letra da m\u00fasica com Cifra ou com Partitura (opcional); h) Autoriza\u00e7\u00e3o do compositor da m\u00fasica, acompanhada de c\u00f3pia do RG e CPF do mesmo, caso a m\u00fasica seja defendida por outro int\u00e9rprete (ver modelo Anexo II do Edital). Na primeira etapa (pr\u00e9-sele\u00e7\u00e3o), de car\u00e1ter classificat\u00f3rio e eliminat\u00f3rio, o participante poder\u00e1 inscrever at\u00e9 02 (duas) composi\u00e7\u00f5es que ser\u00e3o julgadas por uma comiss\u00e3o. \u00a0A segunda etapa acontecer\u00e1 na noite do festival, no dia 28 de setembro, com a apresenta\u00e7\u00e3o dos candidatos classificados para a fase final. Eles ser\u00e3o julgados por um corpo t\u00e9cnico e ser\u00e3o premiados nas categorias melhor m\u00fasica e melhor int\u00e9rprete. De acordo com o secret\u00e1rio de Educa\u00e7\u00e3o, Odilon Ara\u00fajo, o 1\u00b0 Festival de M\u00fasica Z\u00e9 Marcolino ser\u00e1 aberto para composi\u00e7\u00f5es in\u00e9ditas e originais de estilos e g\u00eaneros musicais do forr\u00f3 que enalte\u00e7am e retratem a cultura e as viv\u00eancias locais e regionais. \u201cO Festival al\u00e9m de homenagear o poeta e compositor Z\u00e9 Marcolino, tamb\u00e9m \u00e9 uma forma de estimular e resgatar a produ\u00e7\u00e3o autoral. Al\u00e9m disso, \u00e9 uma maneira tamb\u00e9m de valoriza\u00e7\u00e3o dos artistas da terra e da regi\u00e3o\u201d, declarou Odilon. Confira:\u00a0EDITAL lan\u00e7amento I FESTIVAL Z\u00c9 MARCOLINO Ascom","og_url":"https:\/\/noticiasemdestaque.com\/cd\/?p=18760","og_site_name":"Not&iacute;cias em Destaque","article_published_time":"2019-08-01T22:31:30+00:00","og_image":[{"width":480,"height":360,"url":"https:\/\/noticiasemdestaque.com\/cd\/wp-content\/uploads\/2017\/12\/concurso-sum\u00e9.jpg","type":"image\/jpeg"}],"author":"Not\u00edcias em Destaque","twitter_card":"summary_large_image","twitter_misc":{"Escrito por":"Not\u00edcias em Destaque","Est. tempo de leitura":"2 minutos"},"schema":{"@context":"https:\/\/schema.org","@graph":[{"@type":"Article","@id":"https:\/\/noticiasemdestaque.com\/cd\/?p=18760#article","isPartOf":{"@id":"https:\/\/noticiasemdestaque.com\/cd\/?p=18760"},"author":{"name":"Not\u00edcias em Destaque","@id":"https:\/\/noticiasemdestaque.com\/cd\/#\/schema\/person\/c1451142d5e4d7aa7848244ea9e4606f"},"headline":"Prefeitura de Sum\u00e9 lan\u00e7a 1\u00b0 Festival de M\u00fasica Z\u00e9 Marcolino","datePublished":"2019-08-01T22:31:30+00:00","mainEntityOfPage":{"@id":"https:\/\/noticiasemdestaque.com\/cd\/?p=18760"},"wordCount":465,"publisher":{"@id":"https:\/\/noticiasemdestaque.com\/cd\/#organization"},"image":{"@id":"https:\/\/noticiasemdestaque.com\/cd\/?p=18760#primaryimage"},"thumbnailUrl":"https:\/\/noticiasemdestaque.com\/cd\/wp-content\/uploads\/2017\/12\/concurso-sum\u00e9.jpg","articleSection":["Cidades"],"inLanguage":"pt-BR"},{"@type":"WebPage","@id":"https:\/\/noticiasemdestaque.com\/cd\/?p=18760","url":"https:\/\/noticiasemdestaque.com\/cd\/?p=18760","name":"Prefeitura de Sum\u00e9 lan\u00e7a 1\u00b0 Festival de M\u00fasica Z\u00e9 Marcolino - Not&iacute;cias em Destaque","isPartOf":{"@id":"https:\/\/noticiasemdestaque.com\/cd\/#website"},"primaryImageOfPage":{"@id":"https:\/\/noticiasemdestaque.com\/cd\/?p=18760#primaryimage"},"image":{"@id":"https:\/\/noticiasemdestaque.com\/cd\/?p=18760#primaryimage"},"thumbnailUrl":"https:\/\/noticiasemdestaque.com\/cd\/wp-content\/uploads\/2017\/12\/concurso-sum\u00e9.jpg","datePublished":"2019-08-01T22:31:30+00:00","breadcrumb":{"@id":"https:\/\/noticiasemdestaque.com\/cd\/?p=18760#breadcrumb"},"inLanguage":"pt-BR","potentialAction":[{"@type":"ReadAction","target":["https:\/\/noticiasemdestaque.com\/cd\/?p=18760"]}]},{"@type":"ImageObject","inLanguage":"pt-BR","@id":"https:\/\/noticiasemdestaque.com\/cd\/?p=18760#primaryimage","url":"https:\/\/noticiasemdestaque.com\/cd\/wp-content\/uploads\/2017\/12\/concurso-sum\u00e9.jpg","contentUrl":"https:\/\/noticiasemdestaque.com\/cd\/wp-content\/uploads\/2017\/12\/concurso-sum\u00e9.jpg","width":480,"height":360},{"@type":"BreadcrumbList","@id":"https:\/\/noticiasemdestaque.com\/cd\/?p=18760#breadcrumb","itemListElement":[{"@type":"ListItem","position":1,"name":"In\u00edcio","item":"https:\/\/noticiasemdestaque.com\/cd\/"},{"@type":"ListItem","position":2,"name":"Prefeitura de Sum\u00e9 lan\u00e7a 1\u00b0 Festival de M\u00fasica Z\u00e9 Marcolino"}]},{"@type":"WebSite","@id":"https:\/\/noticiasemdestaque.com\/cd\/#website","url":"https:\/\/noticiasemdestaque.com\/cd\/","name":"Not&iacute;cias em Destaque","description":"","publisher":{"@id":"https:\/\/noticiasemdestaque.com\/cd\/#organization"},"potentialAction":[{"@type":"SearchAction","target":{"@type":"EntryPoint","urlTemplate":"https:\/\/noticiasemdestaque.com\/cd\/?s={search_term_string}"},"query-input":{"@type":"PropertyValueSpecification","valueRequired":true,"valueName":"search_term_string"}}],"inLanguage":"pt-BR"},{"@type":"Organization","@id":"https:\/\/noticiasemdestaque.com\/cd\/#organization","name":"Not\u00edcias em Destaque","url":"https:\/\/noticiasemdestaque.com\/cd\/","logo":{"@type":"ImageObject","inLanguage":"pt-BR","@id":"https:\/\/noticiasemdestaque.com\/cd\/#\/schema\/logo\/image\/","url":"https:\/\/noticiasemdestaque.com\/cd\/wp-content\/uploads\/2022\/05\/imagem-base-noticiasemdestaque.png","contentUrl":"https:\/\/noticiasemdestaque.com\/cd\/wp-content\/uploads\/2022\/05\/imagem-base-noticiasemdestaque.png","width":1200,"height":630,"caption":"Not\u00edcias em Destaque"},"image":{"@id":"https:\/\/noticiasemdestaque.com\/cd\/#\/schema\/logo\/image\/"}},{"@type":"Person","@id":"https:\/\/noticiasemdestaque.com\/cd\/#\/schema\/person\/c1451142d5e4d7aa7848244ea9e4606f","name":"Not\u00edcias em Destaque","url":"https:\/\/noticiasemdestaque.com\/cd\/?author=2"}]}},"jetpack_featured_media_url":"https:\/\/noticiasemdestaque.com\/cd\/wp-content\/uploads\/2017\/12\/concurso-sum\u00e9.jpg","jetpack_sharing_enabled":true,"_links":{"self":[{"href":"https:\/\/noticiasemdestaque.com\/cd\/index.php?rest_route=\/wp\/v2\/posts\/18760","targetHints":{"allow":["GET"]}}],"collection":[{"href":"https:\/\/noticiasemdestaque.com\/cd\/index.php?rest_route=\/wp\/v2\/posts"}],"about":[{"href":"https:\/\/noticiasemdestaque.com\/cd\/index.php?rest_route=\/wp\/v2\/types\/post"}],"author":[{"embeddable":true,"href":"https:\/\/noticiasemdestaque.com\/cd\/index.php?rest_route=\/wp\/v2\/users\/2"}],"replies":[{"embeddable":true,"href":"https:\/\/noticiasemdestaque.com\/cd\/index.php?rest_route=%2Fwp%2Fv2%2Fcomments&post=18760"}],"version-history":[{"count":1,"href":"https:\/\/noticiasemdestaque.com\/cd\/index.php?rest_route=\/wp\/v2\/posts\/18760\/revisions"}],"predecessor-version":[{"id":18761,"href":"https:\/\/noticiasemdestaque.com\/cd\/index.php?rest_route=\/wp\/v2\/posts\/18760\/revisions\/18761"}],"wp:featuredmedia":[{"embeddable":true,"href":"https:\/\/noticiasemdestaque.com\/cd\/index.php?rest_route=\/wp\/v2\/media\/6596"}],"wp:attachment":[{"href":"https:\/\/noticiasemdestaque.com\/cd\/index.php?rest_route=%2Fwp%2Fv2%2Fmedia&parent=18760"}],"wp:term":[{"taxonomy":"category","embeddable":true,"href":"https:\/\/noticiasemdestaque.com\/cd\/index.php?rest_route=%2Fwp%2Fv2%2Fcategories&post=18760"},{"taxonomy":"post_tag","embeddable":true,"href":"https:\/\/noticiasemdestaque.com\/cd\/index.php?rest_route=%2Fwp%2Fv2%2Ftags&post=18760"}],"curies":[{"name":"wp","href":"https:\/\/api.w.org\/{rel}","templated":true}]}}