{"id":18754,"date":"2019-08-01T19:20:54","date_gmt":"2019-08-01T22:20:54","guid":{"rendered":"http:\/\/noticiasemdestaque.com\/cd\/?p=18754"},"modified":"2019-08-01T19:20:54","modified_gmt":"2019-08-01T22:20:54","slug":"festival-do-mel-tem-programacao-de-shows-anunciada-e-tres-dias-de-eventos-em-sao-jose-dos-cordeiros","status":"publish","type":"post","link":"https:\/\/noticiasemdestaque.com\/cd\/?p=18754","title":{"rendered":"Festival do Mel tem programa\u00e7\u00e3o de shows anunciada e tr\u00eas dias de eventos em S\u00e3o Jos\u00e9 dos Cordeiros"},"content":{"rendered":"<p><a href=\"https:\/\/noticiasemdestaque.com\/cd\/wp-content\/uploads\/2019\/08\/festival_mel_2019.jpg\"><img fetchpriority=\"high\" decoding=\"async\" class=\"wp-image-18755 aligncenter\" src=\"https:\/\/noticiasemdestaque.com\/cd\/wp-content\/uploads\/2019\/08\/festival_mel_2019.jpg\" alt=\"\" width=\"514\" height=\"459\" srcset=\"https:\/\/noticiasemdestaque.com\/cd\/wp-content\/uploads\/2019\/08\/festival_mel_2019.jpg 800w, https:\/\/noticiasemdestaque.com\/cd\/wp-content\/uploads\/2019\/08\/festival_mel_2019-300x268.jpg 300w, https:\/\/noticiasemdestaque.com\/cd\/wp-content\/uploads\/2019\/08\/festival_mel_2019-768x685.jpg 768w\" sizes=\"(max-width: 514px) 100vw, 514px\" \/><\/a><\/p>\n<p>O XI Festival do Mel em S\u00e3o Jos\u00e9 dos Cordeiros j\u00e1 entrou na contagem regressiva. A Prefeitura Municipal, organizadora do evento, anunciou nesta sexta-feira (01) toda a grade de shows do festival, que atrai anualmente um grande p\u00fablico para a cidade conhecida como a Capital do Mel.<\/p>\n<p>Neste ano, o Festival do Mel acontecer\u00e1 nos dias 29, 30 e 31 de agosto e contar\u00e1 com shows de\u00a0<strong>Solange Almeida, Gil Mendes, Pedrinho Pega\u00e7\u00e3o, Cavalo de Pau<\/strong>, Forr\u00f3 do Garotinho, Rog\u00e9rio Lima, Z\u00e9 da Paz do Acordeon e Pequeno do Acordeon.<\/p>\n<p>O Festival do Mel contar\u00e1 ainda com o tradicional desfile da Garota do Mel, que abre o evento junto a fala das autoridades. Uma vasta programa\u00e7\u00e3o t\u00e9cnica atrai apicultores de todo o Nordeste e \u00e9 realizado junto a feira de produtos ap\u00edcolas, visita\u00e7\u00f5es a api\u00e1rios e oficinas.<\/p>\n<p><strong>Veja a programa\u00e7\u00e3o completa de shows:<\/strong><\/p>\n<p><strong>Quinta-feira (29)<br \/>\n<\/strong>Desfile da Garota do Mel<br \/>\nPequeno do Acordeon<\/p>\n<p><strong>Sexta-feira (30)<br \/>\n<\/strong>Pedrinho Pega\u00e7\u00e3o<br \/>\nGil Mendes<br \/>\nRog\u00e9rio Lima<\/p>\n<p><strong>S\u00e1bado (31)<br \/>\n<\/strong>Solange Almeida<br \/>\nCavalo de Pau<br \/>\nForr\u00f3 do Garotinho<br \/>\nZ\u00e9 da Paz do Acordeon<\/p>\n","protected":false},"excerpt":{"rendered":"<p>O XI Festival do Mel em S\u00e3o Jos\u00e9 dos Cordeiros j\u00e1 entrou na contagem regressiva. A Prefeitura Municipal, organizadora do evento, anunciou nesta sexta-feira (01) toda a grade de shows do festival, que atrai anualmente um grande p\u00fablico para a cidade conhecida como a Capital do Mel. Neste ano, o Festival do Mel acontecer\u00e1 nos dias 29, 30 e 31 de agosto e contar\u00e1 com shows de\u00a0Solange Almeida, Gil Mendes, Pedrinho Pega\u00e7\u00e3o, Cavalo de Pau, Forr\u00f3 do Garotinho, Rog\u00e9rio Lima, Z\u00e9 da Paz do Acordeon e Pequeno do Acordeon. O Festival do Mel contar\u00e1 ainda com o tradicional desfile da Garota do Mel, que abre o evento junto a fala das autoridades. Uma vasta programa\u00e7\u00e3o t\u00e9cnica atrai apicultores de todo o Nordeste e \u00e9 realizado junto a feira de produtos ap\u00edcolas, visita\u00e7\u00f5es a api\u00e1rios e oficinas. Veja a programa\u00e7\u00e3o completa de shows: Quinta-feira (29) Desfile da Garota do Mel Pequeno do Acordeon Sexta-feira (30) Pedrinho Pega\u00e7\u00e3o Gil Mendes Rog\u00e9rio Lima S\u00e1bado (31) Solange Almeida Cavalo de Pau Forr\u00f3 do Garotinho Z\u00e9 da Paz do Acordeon<\/p>\n","protected":false},"author":2,"featured_media":18755,"comment_status":"closed","ping_status":"open","sticky":false,"template":"","format":"standard","meta":{"_eb_attr":"","_jetpack_memberships_contains_paid_content":false,"footnotes":""},"categories":[3],"tags":[],"class_list":["post-18754","post","type-post","status-publish","format-standard","has-post-thumbnail","hentry","category-cidades"],"yoast_head":"<!-- This site is optimized with the Yoast SEO plugin v26.5 - https:\/\/yoast.com\/wordpress\/plugins\/seo\/ -->\n<title>Festival do Mel tem programa\u00e7\u00e3o de shows anunciada e tr\u00eas dias de eventos em S\u00e3o Jos\u00e9 dos Cordeiros - Not&iacute;cias em Destaque<\/title>\n<meta name=\"robots\" content=\"index, follow, max-snippet:-1, max-image-preview:large, max-video-preview:-1\" \/>\n<link rel=\"canonical\" href=\"https:\/\/noticiasemdestaque.com\/cd\/?p=18754\" \/>\n<meta property=\"og:locale\" content=\"pt_BR\" \/>\n<meta property=\"og:type\" content=\"article\" \/>\n<meta property=\"og:title\" content=\"Festival do Mel tem programa\u00e7\u00e3o de shows anunciada e tr\u00eas dias de eventos em S\u00e3o Jos\u00e9 dos Cordeiros - Not&iacute;cias em Destaque\" \/>\n<meta property=\"og:description\" content=\"O XI Festival do Mel em S\u00e3o Jos\u00e9 dos Cordeiros j\u00e1 entrou na contagem regressiva. A Prefeitura Municipal, organizadora do evento, anunciou nesta sexta-feira (01) toda a grade de shows do festival, que atrai anualmente um grande p\u00fablico para a cidade conhecida como a Capital do Mel. Neste ano, o Festival do Mel acontecer\u00e1 nos dias 29, 30 e 31 de agosto e contar\u00e1 com shows de\u00a0Solange Almeida, Gil Mendes, Pedrinho Pega\u00e7\u00e3o, Cavalo de Pau, Forr\u00f3 do Garotinho, Rog\u00e9rio Lima, Z\u00e9 da Paz do Acordeon e Pequeno do Acordeon. O Festival do Mel contar\u00e1 ainda com o tradicional desfile da Garota do Mel, que abre o evento junto a fala das autoridades. Uma vasta programa\u00e7\u00e3o t\u00e9cnica atrai apicultores de todo o Nordeste e \u00e9 realizado junto a feira de produtos ap\u00edcolas, visita\u00e7\u00f5es a api\u00e1rios e oficinas. Veja a programa\u00e7\u00e3o completa de shows: Quinta-feira (29) Desfile da Garota do Mel Pequeno do Acordeon Sexta-feira (30) Pedrinho Pega\u00e7\u00e3o Gil Mendes Rog\u00e9rio Lima S\u00e1bado (31) Solange Almeida Cavalo de Pau Forr\u00f3 do Garotinho Z\u00e9 da Paz do Acordeon\" \/>\n<meta property=\"og:url\" content=\"https:\/\/noticiasemdestaque.com\/cd\/?p=18754\" \/>\n<meta property=\"og:site_name\" content=\"Not&iacute;cias em Destaque\" \/>\n<meta property=\"article:published_time\" content=\"2019-08-01T22:20:54+00:00\" \/>\n<meta property=\"og:image\" content=\"https:\/\/noticiasemdestaque.com\/cd\/wp-content\/uploads\/2019\/08\/festival_mel_2019.jpg\" \/>\n\t<meta property=\"og:image:width\" content=\"800\" \/>\n\t<meta property=\"og:image:height\" content=\"714\" \/>\n\t<meta property=\"og:image:type\" content=\"image\/jpeg\" \/>\n<meta name=\"author\" content=\"Not\u00edcias em Destaque\" \/>\n<meta name=\"twitter:card\" content=\"summary_large_image\" \/>\n<meta name=\"twitter:label1\" content=\"Escrito por\" \/>\n\t<meta name=\"twitter:data1\" content=\"Not\u00edcias em Destaque\" \/>\n\t<meta name=\"twitter:label2\" content=\"Est. tempo de leitura\" \/>\n\t<meta name=\"twitter:data2\" content=\"1 minuto\" \/>\n<script type=\"application\/ld+json\" class=\"yoast-schema-graph\">{\"@context\":\"https:\/\/schema.org\",\"@graph\":[{\"@type\":\"Article\",\"@id\":\"https:\/\/noticiasemdestaque.com\/cd\/?p=18754#article\",\"isPartOf\":{\"@id\":\"https:\/\/noticiasemdestaque.com\/cd\/?p=18754\"},\"author\":{\"name\":\"Not\u00edcias em Destaque\",\"@id\":\"https:\/\/noticiasemdestaque.com\/cd\/#\/schema\/person\/c1451142d5e4d7aa7848244ea9e4606f\"},\"headline\":\"Festival do Mel tem programa\u00e7\u00e3o de shows anunciada e tr\u00eas dias de eventos em S\u00e3o Jos\u00e9 dos Cordeiros\",\"datePublished\":\"2019-08-01T22:20:54+00:00\",\"mainEntityOfPage\":{\"@id\":\"https:\/\/noticiasemdestaque.com\/cd\/?p=18754\"},\"wordCount\":202,\"publisher\":{\"@id\":\"https:\/\/noticiasemdestaque.com\/cd\/#organization\"},\"image\":{\"@id\":\"https:\/\/noticiasemdestaque.com\/cd\/?p=18754#primaryimage\"},\"thumbnailUrl\":\"https:\/\/noticiasemdestaque.com\/cd\/wp-content\/uploads\/2019\/08\/festival_mel_2019.jpg\",\"articleSection\":[\"Cidades\"],\"inLanguage\":\"pt-BR\"},{\"@type\":\"WebPage\",\"@id\":\"https:\/\/noticiasemdestaque.com\/cd\/?p=18754\",\"url\":\"https:\/\/noticiasemdestaque.com\/cd\/?p=18754\",\"name\":\"Festival do Mel tem programa\u00e7\u00e3o de shows anunciada e tr\u00eas dias de eventos em S\u00e3o Jos\u00e9 dos Cordeiros - Not&iacute;cias em Destaque\",\"isPartOf\":{\"@id\":\"https:\/\/noticiasemdestaque.com\/cd\/#website\"},\"primaryImageOfPage\":{\"@id\":\"https:\/\/noticiasemdestaque.com\/cd\/?p=18754#primaryimage\"},\"image\":{\"@id\":\"https:\/\/noticiasemdestaque.com\/cd\/?p=18754#primaryimage\"},\"thumbnailUrl\":\"https:\/\/noticiasemdestaque.com\/cd\/wp-content\/uploads\/2019\/08\/festival_mel_2019.jpg\",\"datePublished\":\"2019-08-01T22:20:54+00:00\",\"breadcrumb\":{\"@id\":\"https:\/\/noticiasemdestaque.com\/cd\/?p=18754#breadcrumb\"},\"inLanguage\":\"pt-BR\",\"potentialAction\":[{\"@type\":\"ReadAction\",\"target\":[\"https:\/\/noticiasemdestaque.com\/cd\/?p=18754\"]}]},{\"@type\":\"ImageObject\",\"inLanguage\":\"pt-BR\",\"@id\":\"https:\/\/noticiasemdestaque.com\/cd\/?p=18754#primaryimage\",\"url\":\"https:\/\/noticiasemdestaque.com\/cd\/wp-content\/uploads\/2019\/08\/festival_mel_2019.jpg\",\"contentUrl\":\"https:\/\/noticiasemdestaque.com\/cd\/wp-content\/uploads\/2019\/08\/festival_mel_2019.jpg\",\"width\":800,\"height\":714},{\"@type\":\"BreadcrumbList\",\"@id\":\"https:\/\/noticiasemdestaque.com\/cd\/?p=18754#breadcrumb\",\"itemListElement\":[{\"@type\":\"ListItem\",\"position\":1,\"name\":\"In\u00edcio\",\"item\":\"https:\/\/noticiasemdestaque.com\/cd\/\"},{\"@type\":\"ListItem\",\"position\":2,\"name\":\"Festival do Mel tem programa\u00e7\u00e3o de shows anunciada e tr\u00eas dias de eventos em S\u00e3o Jos\u00e9 dos Cordeiros\"}]},{\"@type\":\"WebSite\",\"@id\":\"https:\/\/noticiasemdestaque.com\/cd\/#website\",\"url\":\"https:\/\/noticiasemdestaque.com\/cd\/\",\"name\":\"Not&iacute;cias em Destaque\",\"description\":\"\",\"publisher\":{\"@id\":\"https:\/\/noticiasemdestaque.com\/cd\/#organization\"},\"potentialAction\":[{\"@type\":\"SearchAction\",\"target\":{\"@type\":\"EntryPoint\",\"urlTemplate\":\"https:\/\/noticiasemdestaque.com\/cd\/?s={search_term_string}\"},\"query-input\":{\"@type\":\"PropertyValueSpecification\",\"valueRequired\":true,\"valueName\":\"search_term_string\"}}],\"inLanguage\":\"pt-BR\"},{\"@type\":\"Organization\",\"@id\":\"https:\/\/noticiasemdestaque.com\/cd\/#organization\",\"name\":\"Not\u00edcias em Destaque\",\"url\":\"https:\/\/noticiasemdestaque.com\/cd\/\",\"logo\":{\"@type\":\"ImageObject\",\"inLanguage\":\"pt-BR\",\"@id\":\"https:\/\/noticiasemdestaque.com\/cd\/#\/schema\/logo\/image\/\",\"url\":\"https:\/\/noticiasemdestaque.com\/cd\/wp-content\/uploads\/2022\/05\/imagem-base-noticiasemdestaque.png\",\"contentUrl\":\"https:\/\/noticiasemdestaque.com\/cd\/wp-content\/uploads\/2022\/05\/imagem-base-noticiasemdestaque.png\",\"width\":1200,\"height\":630,\"caption\":\"Not\u00edcias em Destaque\"},\"image\":{\"@id\":\"https:\/\/noticiasemdestaque.com\/cd\/#\/schema\/logo\/image\/\"}},{\"@type\":\"Person\",\"@id\":\"https:\/\/noticiasemdestaque.com\/cd\/#\/schema\/person\/c1451142d5e4d7aa7848244ea9e4606f\",\"name\":\"Not\u00edcias em Destaque\",\"url\":\"https:\/\/noticiasemdestaque.com\/cd\/?author=2\"}]}<\/script>\n<!-- \/ Yoast SEO plugin. -->","yoast_head_json":{"title":"Festival do Mel tem programa\u00e7\u00e3o de shows anunciada e tr\u00eas dias de eventos em S\u00e3o Jos\u00e9 dos Cordeiros - Not&iacute;cias em Destaque","robots":{"index":"index","follow":"follow","max-snippet":"max-snippet:-1","max-image-preview":"max-image-preview:large","max-video-preview":"max-video-preview:-1"},"canonical":"https:\/\/noticiasemdestaque.com\/cd\/?p=18754","og_locale":"pt_BR","og_type":"article","og_title":"Festival do Mel tem programa\u00e7\u00e3o de shows anunciada e tr\u00eas dias de eventos em S\u00e3o Jos\u00e9 dos Cordeiros - Not&iacute;cias em Destaque","og_description":"O XI Festival do Mel em S\u00e3o Jos\u00e9 dos Cordeiros j\u00e1 entrou na contagem regressiva. A Prefeitura Municipal, organizadora do evento, anunciou nesta sexta-feira (01) toda a grade de shows do festival, que atrai anualmente um grande p\u00fablico para a cidade conhecida como a Capital do Mel. Neste ano, o Festival do Mel acontecer\u00e1 nos dias 29, 30 e 31 de agosto e contar\u00e1 com shows de\u00a0Solange Almeida, Gil Mendes, Pedrinho Pega\u00e7\u00e3o, Cavalo de Pau, Forr\u00f3 do Garotinho, Rog\u00e9rio Lima, Z\u00e9 da Paz do Acordeon e Pequeno do Acordeon. O Festival do Mel contar\u00e1 ainda com o tradicional desfile da Garota do Mel, que abre o evento junto a fala das autoridades. Uma vasta programa\u00e7\u00e3o t\u00e9cnica atrai apicultores de todo o Nordeste e \u00e9 realizado junto a feira de produtos ap\u00edcolas, visita\u00e7\u00f5es a api\u00e1rios e oficinas. Veja a programa\u00e7\u00e3o completa de shows: Quinta-feira (29) Desfile da Garota do Mel Pequeno do Acordeon Sexta-feira (30) Pedrinho Pega\u00e7\u00e3o Gil Mendes Rog\u00e9rio Lima S\u00e1bado (31) Solange Almeida Cavalo de Pau Forr\u00f3 do Garotinho Z\u00e9 da Paz do Acordeon","og_url":"https:\/\/noticiasemdestaque.com\/cd\/?p=18754","og_site_name":"Not&iacute;cias em Destaque","article_published_time":"2019-08-01T22:20:54+00:00","og_image":[{"width":800,"height":714,"url":"https:\/\/noticiasemdestaque.com\/cd\/wp-content\/uploads\/2019\/08\/festival_mel_2019.jpg","type":"image\/jpeg"}],"author":"Not\u00edcias em Destaque","twitter_card":"summary_large_image","twitter_misc":{"Escrito por":"Not\u00edcias em Destaque","Est. tempo de leitura":"1 minuto"},"schema":{"@context":"https:\/\/schema.org","@graph":[{"@type":"Article","@id":"https:\/\/noticiasemdestaque.com\/cd\/?p=18754#article","isPartOf":{"@id":"https:\/\/noticiasemdestaque.com\/cd\/?p=18754"},"author":{"name":"Not\u00edcias em Destaque","@id":"https:\/\/noticiasemdestaque.com\/cd\/#\/schema\/person\/c1451142d5e4d7aa7848244ea9e4606f"},"headline":"Festival do Mel tem programa\u00e7\u00e3o de shows anunciada e tr\u00eas dias de eventos em S\u00e3o Jos\u00e9 dos Cordeiros","datePublished":"2019-08-01T22:20:54+00:00","mainEntityOfPage":{"@id":"https:\/\/noticiasemdestaque.com\/cd\/?p=18754"},"wordCount":202,"publisher":{"@id":"https:\/\/noticiasemdestaque.com\/cd\/#organization"},"image":{"@id":"https:\/\/noticiasemdestaque.com\/cd\/?p=18754#primaryimage"},"thumbnailUrl":"https:\/\/noticiasemdestaque.com\/cd\/wp-content\/uploads\/2019\/08\/festival_mel_2019.jpg","articleSection":["Cidades"],"inLanguage":"pt-BR"},{"@type":"WebPage","@id":"https:\/\/noticiasemdestaque.com\/cd\/?p=18754","url":"https:\/\/noticiasemdestaque.com\/cd\/?p=18754","name":"Festival do Mel tem programa\u00e7\u00e3o de shows anunciada e tr\u00eas dias de eventos em S\u00e3o Jos\u00e9 dos Cordeiros - Not&iacute;cias em Destaque","isPartOf":{"@id":"https:\/\/noticiasemdestaque.com\/cd\/#website"},"primaryImageOfPage":{"@id":"https:\/\/noticiasemdestaque.com\/cd\/?p=18754#primaryimage"},"image":{"@id":"https:\/\/noticiasemdestaque.com\/cd\/?p=18754#primaryimage"},"thumbnailUrl":"https:\/\/noticiasemdestaque.com\/cd\/wp-content\/uploads\/2019\/08\/festival_mel_2019.jpg","datePublished":"2019-08-01T22:20:54+00:00","breadcrumb":{"@id":"https:\/\/noticiasemdestaque.com\/cd\/?p=18754#breadcrumb"},"inLanguage":"pt-BR","potentialAction":[{"@type":"ReadAction","target":["https:\/\/noticiasemdestaque.com\/cd\/?p=18754"]}]},{"@type":"ImageObject","inLanguage":"pt-BR","@id":"https:\/\/noticiasemdestaque.com\/cd\/?p=18754#primaryimage","url":"https:\/\/noticiasemdestaque.com\/cd\/wp-content\/uploads\/2019\/08\/festival_mel_2019.jpg","contentUrl":"https:\/\/noticiasemdestaque.com\/cd\/wp-content\/uploads\/2019\/08\/festival_mel_2019.jpg","width":800,"height":714},{"@type":"BreadcrumbList","@id":"https:\/\/noticiasemdestaque.com\/cd\/?p=18754#breadcrumb","itemListElement":[{"@type":"ListItem","position":1,"name":"In\u00edcio","item":"https:\/\/noticiasemdestaque.com\/cd\/"},{"@type":"ListItem","position":2,"name":"Festival do Mel tem programa\u00e7\u00e3o de shows anunciada e tr\u00eas dias de eventos em S\u00e3o Jos\u00e9 dos Cordeiros"}]},{"@type":"WebSite","@id":"https:\/\/noticiasemdestaque.com\/cd\/#website","url":"https:\/\/noticiasemdestaque.com\/cd\/","name":"Not&iacute;cias em Destaque","description":"","publisher":{"@id":"https:\/\/noticiasemdestaque.com\/cd\/#organization"},"potentialAction":[{"@type":"SearchAction","target":{"@type":"EntryPoint","urlTemplate":"https:\/\/noticiasemdestaque.com\/cd\/?s={search_term_string}"},"query-input":{"@type":"PropertyValueSpecification","valueRequired":true,"valueName":"search_term_string"}}],"inLanguage":"pt-BR"},{"@type":"Organization","@id":"https:\/\/noticiasemdestaque.com\/cd\/#organization","name":"Not\u00edcias em Destaque","url":"https:\/\/noticiasemdestaque.com\/cd\/","logo":{"@type":"ImageObject","inLanguage":"pt-BR","@id":"https:\/\/noticiasemdestaque.com\/cd\/#\/schema\/logo\/image\/","url":"https:\/\/noticiasemdestaque.com\/cd\/wp-content\/uploads\/2022\/05\/imagem-base-noticiasemdestaque.png","contentUrl":"https:\/\/noticiasemdestaque.com\/cd\/wp-content\/uploads\/2022\/05\/imagem-base-noticiasemdestaque.png","width":1200,"height":630,"caption":"Not\u00edcias em Destaque"},"image":{"@id":"https:\/\/noticiasemdestaque.com\/cd\/#\/schema\/logo\/image\/"}},{"@type":"Person","@id":"https:\/\/noticiasemdestaque.com\/cd\/#\/schema\/person\/c1451142d5e4d7aa7848244ea9e4606f","name":"Not\u00edcias em Destaque","url":"https:\/\/noticiasemdestaque.com\/cd\/?author=2"}]}},"jetpack_featured_media_url":"https:\/\/noticiasemdestaque.com\/cd\/wp-content\/uploads\/2019\/08\/festival_mel_2019.jpg","jetpack_sharing_enabled":true,"_links":{"self":[{"href":"https:\/\/noticiasemdestaque.com\/cd\/index.php?rest_route=\/wp\/v2\/posts\/18754","targetHints":{"allow":["GET"]}}],"collection":[{"href":"https:\/\/noticiasemdestaque.com\/cd\/index.php?rest_route=\/wp\/v2\/posts"}],"about":[{"href":"https:\/\/noticiasemdestaque.com\/cd\/index.php?rest_route=\/wp\/v2\/types\/post"}],"author":[{"embeddable":true,"href":"https:\/\/noticiasemdestaque.com\/cd\/index.php?rest_route=\/wp\/v2\/users\/2"}],"replies":[{"embeddable":true,"href":"https:\/\/noticiasemdestaque.com\/cd\/index.php?rest_route=%2Fwp%2Fv2%2Fcomments&post=18754"}],"version-history":[{"count":1,"href":"https:\/\/noticiasemdestaque.com\/cd\/index.php?rest_route=\/wp\/v2\/posts\/18754\/revisions"}],"predecessor-version":[{"id":18756,"href":"https:\/\/noticiasemdestaque.com\/cd\/index.php?rest_route=\/wp\/v2\/posts\/18754\/revisions\/18756"}],"wp:featuredmedia":[{"embeddable":true,"href":"https:\/\/noticiasemdestaque.com\/cd\/index.php?rest_route=\/wp\/v2\/media\/18755"}],"wp:attachment":[{"href":"https:\/\/noticiasemdestaque.com\/cd\/index.php?rest_route=%2Fwp%2Fv2%2Fmedia&parent=18754"}],"wp:term":[{"taxonomy":"category","embeddable":true,"href":"https:\/\/noticiasemdestaque.com\/cd\/index.php?rest_route=%2Fwp%2Fv2%2Fcategories&post=18754"},{"taxonomy":"post_tag","embeddable":true,"href":"https:\/\/noticiasemdestaque.com\/cd\/index.php?rest_route=%2Fwp%2Fv2%2Ftags&post=18754"}],"curies":[{"name":"wp","href":"https:\/\/api.w.org\/{rel}","templated":true}]}}