{"id":18752,"date":"2019-08-01T09:01:23","date_gmt":"2019-08-01T12:01:23","guid":{"rendered":"http:\/\/noticiasemdestaque.com\/cd\/?p=18752"},"modified":"2019-08-01T09:01:23","modified_gmt":"2019-08-01T12:01:23","slug":"contas-de-energia-terao-bandeira-vermelha-em-todo-o-pais-no-mes-de-agosto","status":"publish","type":"post","link":"https:\/\/noticiasemdestaque.com\/cd\/?p=18752","title":{"rendered":"Contas de energia ter\u00e3o bandeira vermelha em todo o pa\u00eds no m\u00eas de agosto"},"content":{"rendered":"<p><a href=\"https:\/\/noticiasemdestaque.com\/cd\/wp-content\/uploads\/2019\/01\/reajuste-de-2083-nas-contas-de-energisa-tem-efeito-devastador-no-bolso-dos-paraibanos.jpg__1200x630_q85_crop-smart_subsampling-2_upscale.jpg\"><img fetchpriority=\"high\" decoding=\"async\" class=\"alignnone size-large wp-image-14713\" src=\"https:\/\/noticiasemdestaque.com\/cd\/wp-content\/uploads\/2019\/01\/reajuste-de-2083-nas-contas-de-energisa-tem-efeito-devastador-no-bolso-dos-paraibanos.jpg__1200x630_q85_crop-smart_subsampling-2_upscale-1024x538.jpg\" alt=\"\" width=\"1024\" height=\"538\" srcset=\"https:\/\/noticiasemdestaque.com\/cd\/wp-content\/uploads\/2019\/01\/reajuste-de-2083-nas-contas-de-energisa-tem-efeito-devastador-no-bolso-dos-paraibanos.jpg__1200x630_q85_crop-smart_subsampling-2_upscale-1024x538.jpg 1024w, https:\/\/noticiasemdestaque.com\/cd\/wp-content\/uploads\/2019\/01\/reajuste-de-2083-nas-contas-de-energisa-tem-efeito-devastador-no-bolso-dos-paraibanos.jpg__1200x630_q85_crop-smart_subsampling-2_upscale-300x158.jpg 300w, https:\/\/noticiasemdestaque.com\/cd\/wp-content\/uploads\/2019\/01\/reajuste-de-2083-nas-contas-de-energisa-tem-efeito-devastador-no-bolso-dos-paraibanos.jpg__1200x630_q85_crop-smart_subsampling-2_upscale-768x403.jpg 768w, https:\/\/noticiasemdestaque.com\/cd\/wp-content\/uploads\/2019\/01\/reajuste-de-2083-nas-contas-de-energisa-tem-efeito-devastador-no-bolso-dos-paraibanos.jpg__1200x630_q85_crop-smart_subsampling-2_upscale.jpg 1200w\" sizes=\"(max-width: 1024px) 100vw, 1024px\" \/><\/a><\/p>\n<p>Ag\u00eancia Nacional de Energia El\u00e9trica (Aneel) anunciou na \u00faltima sexta-feira, 26, que as contas de luz em todo o pa\u00eds ter\u00e3o a bandeira tarif\u00e1ria vermelha patamar a partir de hoje(01\/08) o que representa um custo adicional de 4,00 reais para cada 100 quilowatts-hora consumidos. Segundo a ag\u00eancia, ocorrer\u00e1 aumento da gera\u00e7\u00e3o de energia termel\u00e9trica, porque o m\u00eas deve ser de seca nas principais bacias hidrogr\u00e1ficas do Sistema Interligado Nacional (SIN). Em julho, a bandeira foi amarela.<\/p>\n<p>De acordo com a Aneel, a previs\u00e3o hidrol\u00f3gica para agosto sinaliza vaz\u00f5es abaixo da m\u00e9dia hist\u00f3rica e tend\u00eancia de redu\u00e7\u00e3o dos n\u00edveis dos principais reservat\u00f3rios. \u201cEsse cen\u00e1rio requer o aumento da gera\u00e7\u00e3o termel\u00e9trica, o que influenciou o aumento do pre\u00e7o da energia e dos custos relacionados ao risco hidrol\u00f3gico em patamares condizentes com o da Bandeira Vermelha 1\u201d, informou a ag\u00eancia, em comunicado. A bandeira vermelha n\u00e3o era registrada desde outubro de 2018, mas naquele m\u00eas o patamar foi 2, com um custo adicional ainda superior.<\/p>\n<p>Criado pela Aneel, o sistema de bandeiras tarif\u00e1rias sinaliza o custo real da energia gerada, possibilitando aos consumidores o controle do uso da energia el\u00e9trica. As bandeiras tarif\u00e1rias funcionam da seguinte forma: as cores verde, amarela ou vermelha (nos patamares 1 e 2) indicam se a energia custar\u00e1 mais ou menos em fun\u00e7\u00e3o das condi\u00e7\u00f5es de gera\u00e7\u00e3o. Assim, a bandeira vermelha 2 \u00e9 a que possui o custo mais alto.<\/p>\n<p>Em reuni\u00e3o realizada em 21 de maio, a Aneel reajustou o sistema de bandeiras tarif\u00e1rias, que \u00e9 atualizado uma vez por ano. A bandeira verde continua sem cobran\u00e7a de taxa extra. Na bandeira amarela, a taxa extra passou para 1,50 real a cada 100 kWh consumidos. No primeiro n\u00edvel da bandeira vermelha, o adicional agora \u00e9 de 4,00 reais a cada 100 kWh. E, no segundo n\u00edvel da bandeira vermelha, a cobran\u00e7a passou a ser 6,00 reais a cada 100 kWh.<\/p>\n","protected":false},"excerpt":{"rendered":"<p>Ag\u00eancia Nacional de Energia El\u00e9trica (Aneel) anunciou na \u00faltima sexta-feira, 26, que as contas de luz em todo o pa\u00eds ter\u00e3o a bandeira tarif\u00e1ria vermelha patamar a partir de hoje(01\/08) o que representa um custo adicional de 4,00 reais para cada 100 quilowatts-hora consumidos. Segundo a ag\u00eancia, ocorrer\u00e1 aumento da gera\u00e7\u00e3o de energia termel\u00e9trica, porque o m\u00eas deve ser de seca nas principais bacias hidrogr\u00e1ficas do Sistema Interligado Nacional (SIN). Em julho, a bandeira foi amarela. De acordo com a Aneel, a previs\u00e3o hidrol\u00f3gica para agosto sinaliza vaz\u00f5es abaixo da m\u00e9dia hist\u00f3rica e tend\u00eancia de redu\u00e7\u00e3o dos n\u00edveis dos principais reservat\u00f3rios. \u201cEsse cen\u00e1rio requer o aumento da gera\u00e7\u00e3o termel\u00e9trica, o que influenciou o aumento do pre\u00e7o da energia e dos custos relacionados ao risco hidrol\u00f3gico em patamares condizentes com o da Bandeira Vermelha 1\u201d, informou a ag\u00eancia, em comunicado. A bandeira vermelha n\u00e3o era registrada desde outubro de 2018, mas naquele m\u00eas o patamar foi 2, com um custo adicional ainda superior. Criado pela Aneel, o sistema de bandeiras tarif\u00e1rias sinaliza o custo real da energia gerada, possibilitando aos consumidores o controle do uso da energia el\u00e9trica. As bandeiras tarif\u00e1rias funcionam da seguinte forma: as cores verde, amarela ou vermelha (nos patamares 1 e 2) indicam se a energia custar\u00e1 mais ou menos em fun\u00e7\u00e3o das condi\u00e7\u00f5es de gera\u00e7\u00e3o. Assim, a bandeira vermelha 2 \u00e9 a que possui o custo mais alto. Em reuni\u00e3o realizada em 21 de maio, a Aneel reajustou o sistema de bandeiras tarif\u00e1rias, que \u00e9 atualizado uma vez por ano. A bandeira verde continua sem cobran\u00e7a de taxa extra. Na bandeira amarela, a taxa extra passou para 1,50 real a cada 100 kWh consumidos. No primeiro n\u00edvel da bandeira vermelha, o adicional agora \u00e9 de 4,00 reais a cada 100 kWh. E, no segundo n\u00edvel da bandeira vermelha, a cobran\u00e7a passou a ser 6,00 reais a cada 100 kWh.<\/p>\n","protected":false},"author":2,"featured_media":14713,"comment_status":"closed","ping_status":"open","sticky":false,"template":"","format":"standard","meta":{"_eb_attr":"","_jetpack_memberships_contains_paid_content":false,"footnotes":""},"categories":[3],"tags":[],"class_list":["post-18752","post","type-post","status-publish","format-standard","has-post-thumbnail","hentry","category-cidades"],"yoast_head":"<!-- This site is optimized with the Yoast SEO plugin v26.5 - https:\/\/yoast.com\/wordpress\/plugins\/seo\/ -->\n<title>Contas de energia ter\u00e3o bandeira vermelha em todo o pa\u00eds no m\u00eas de agosto - Not&iacute;cias em Destaque<\/title>\n<meta name=\"robots\" content=\"index, follow, max-snippet:-1, max-image-preview:large, max-video-preview:-1\" \/>\n<link rel=\"canonical\" href=\"https:\/\/noticiasemdestaque.com\/cd\/?p=18752\" \/>\n<meta property=\"og:locale\" content=\"pt_BR\" \/>\n<meta property=\"og:type\" content=\"article\" \/>\n<meta property=\"og:title\" content=\"Contas de energia ter\u00e3o bandeira vermelha em todo o pa\u00eds no m\u00eas de agosto - Not&iacute;cias em Destaque\" \/>\n<meta property=\"og:description\" content=\"Ag\u00eancia Nacional de Energia El\u00e9trica (Aneel) anunciou na \u00faltima sexta-feira, 26, que as contas de luz em todo o pa\u00eds ter\u00e3o a bandeira tarif\u00e1ria vermelha patamar a partir de hoje(01\/08) o que representa um custo adicional de 4,00 reais para cada 100 quilowatts-hora consumidos. Segundo a ag\u00eancia, ocorrer\u00e1 aumento da gera\u00e7\u00e3o de energia termel\u00e9trica, porque o m\u00eas deve ser de seca nas principais bacias hidrogr\u00e1ficas do Sistema Interligado Nacional (SIN). Em julho, a bandeira foi amarela. De acordo com a Aneel, a previs\u00e3o hidrol\u00f3gica para agosto sinaliza vaz\u00f5es abaixo da m\u00e9dia hist\u00f3rica e tend\u00eancia de redu\u00e7\u00e3o dos n\u00edveis dos principais reservat\u00f3rios. \u201cEsse cen\u00e1rio requer o aumento da gera\u00e7\u00e3o termel\u00e9trica, o que influenciou o aumento do pre\u00e7o da energia e dos custos relacionados ao risco hidrol\u00f3gico em patamares condizentes com o da Bandeira Vermelha 1\u201d, informou a ag\u00eancia, em comunicado. A bandeira vermelha n\u00e3o era registrada desde outubro de 2018, mas naquele m\u00eas o patamar foi 2, com um custo adicional ainda superior. Criado pela Aneel, o sistema de bandeiras tarif\u00e1rias sinaliza o custo real da energia gerada, possibilitando aos consumidores o controle do uso da energia el\u00e9trica. As bandeiras tarif\u00e1rias funcionam da seguinte forma: as cores verde, amarela ou vermelha (nos patamares 1 e 2) indicam se a energia custar\u00e1 mais ou menos em fun\u00e7\u00e3o das condi\u00e7\u00f5es de gera\u00e7\u00e3o. Assim, a bandeira vermelha 2 \u00e9 a que possui o custo mais alto. Em reuni\u00e3o realizada em 21 de maio, a Aneel reajustou o sistema de bandeiras tarif\u00e1rias, que \u00e9 atualizado uma vez por ano. A bandeira verde continua sem cobran\u00e7a de taxa extra. Na bandeira amarela, a taxa extra passou para 1,50 real a cada 100 kWh consumidos. No primeiro n\u00edvel da bandeira vermelha, o adicional agora \u00e9 de 4,00 reais a cada 100 kWh. E, no segundo n\u00edvel da bandeira vermelha, a cobran\u00e7a passou a ser 6,00 reais a cada 100 kWh.\" \/>\n<meta property=\"og:url\" content=\"https:\/\/noticiasemdestaque.com\/cd\/?p=18752\" \/>\n<meta property=\"og:site_name\" content=\"Not&iacute;cias em Destaque\" \/>\n<meta property=\"article:published_time\" content=\"2019-08-01T12:01:23+00:00\" \/>\n<meta property=\"og:image\" content=\"https:\/\/noticiasemdestaque.com\/cd\/wp-content\/uploads\/2019\/01\/reajuste-de-2083-nas-contas-de-energisa-tem-efeito-devastador-no-bolso-dos-paraibanos.jpg__1200x630_q85_crop-smart_subsampling-2_upscale.jpg\" \/>\n\t<meta property=\"og:image:width\" content=\"1200\" \/>\n\t<meta property=\"og:image:height\" content=\"630\" \/>\n\t<meta property=\"og:image:type\" content=\"image\/jpeg\" \/>\n<meta name=\"author\" content=\"Not\u00edcias em Destaque\" \/>\n<meta name=\"twitter:card\" content=\"summary_large_image\" \/>\n<meta name=\"twitter:label1\" content=\"Escrito por\" \/>\n\t<meta name=\"twitter:data1\" content=\"Not\u00edcias em Destaque\" \/>\n\t<meta name=\"twitter:label2\" content=\"Est. tempo de leitura\" \/>\n\t<meta name=\"twitter:data2\" content=\"2 minutos\" \/>\n<script type=\"application\/ld+json\" class=\"yoast-schema-graph\">{\"@context\":\"https:\/\/schema.org\",\"@graph\":[{\"@type\":\"Article\",\"@id\":\"https:\/\/noticiasemdestaque.com\/cd\/?p=18752#article\",\"isPartOf\":{\"@id\":\"https:\/\/noticiasemdestaque.com\/cd\/?p=18752\"},\"author\":{\"name\":\"Not\u00edcias em Destaque\",\"@id\":\"https:\/\/noticiasemdestaque.com\/cd\/#\/schema\/person\/c1451142d5e4d7aa7848244ea9e4606f\"},\"headline\":\"Contas de energia ter\u00e3o bandeira vermelha em todo o pa\u00eds no m\u00eas de agosto\",\"datePublished\":\"2019-08-01T12:01:23+00:00\",\"mainEntityOfPage\":{\"@id\":\"https:\/\/noticiasemdestaque.com\/cd\/?p=18752\"},\"wordCount\":350,\"publisher\":{\"@id\":\"https:\/\/noticiasemdestaque.com\/cd\/#organization\"},\"image\":{\"@id\":\"https:\/\/noticiasemdestaque.com\/cd\/?p=18752#primaryimage\"},\"thumbnailUrl\":\"https:\/\/noticiasemdestaque.com\/cd\/wp-content\/uploads\/2019\/01\/reajuste-de-2083-nas-contas-de-energisa-tem-efeito-devastador-no-bolso-dos-paraibanos.jpg__1200x630_q85_crop-smart_subsampling-2_upscale.jpg\",\"articleSection\":[\"Cidades\"],\"inLanguage\":\"pt-BR\"},{\"@type\":\"WebPage\",\"@id\":\"https:\/\/noticiasemdestaque.com\/cd\/?p=18752\",\"url\":\"https:\/\/noticiasemdestaque.com\/cd\/?p=18752\",\"name\":\"Contas de energia ter\u00e3o bandeira vermelha em todo o pa\u00eds no m\u00eas de agosto - Not&iacute;cias em Destaque\",\"isPartOf\":{\"@id\":\"https:\/\/noticiasemdestaque.com\/cd\/#website\"},\"primaryImageOfPage\":{\"@id\":\"https:\/\/noticiasemdestaque.com\/cd\/?p=18752#primaryimage\"},\"image\":{\"@id\":\"https:\/\/noticiasemdestaque.com\/cd\/?p=18752#primaryimage\"},\"thumbnailUrl\":\"https:\/\/noticiasemdestaque.com\/cd\/wp-content\/uploads\/2019\/01\/reajuste-de-2083-nas-contas-de-energisa-tem-efeito-devastador-no-bolso-dos-paraibanos.jpg__1200x630_q85_crop-smart_subsampling-2_upscale.jpg\",\"datePublished\":\"2019-08-01T12:01:23+00:00\",\"breadcrumb\":{\"@id\":\"https:\/\/noticiasemdestaque.com\/cd\/?p=18752#breadcrumb\"},\"inLanguage\":\"pt-BR\",\"potentialAction\":[{\"@type\":\"ReadAction\",\"target\":[\"https:\/\/noticiasemdestaque.com\/cd\/?p=18752\"]}]},{\"@type\":\"ImageObject\",\"inLanguage\":\"pt-BR\",\"@id\":\"https:\/\/noticiasemdestaque.com\/cd\/?p=18752#primaryimage\",\"url\":\"https:\/\/noticiasemdestaque.com\/cd\/wp-content\/uploads\/2019\/01\/reajuste-de-2083-nas-contas-de-energisa-tem-efeito-devastador-no-bolso-dos-paraibanos.jpg__1200x630_q85_crop-smart_subsampling-2_upscale.jpg\",\"contentUrl\":\"https:\/\/noticiasemdestaque.com\/cd\/wp-content\/uploads\/2019\/01\/reajuste-de-2083-nas-contas-de-energisa-tem-efeito-devastador-no-bolso-dos-paraibanos.jpg__1200x630_q85_crop-smart_subsampling-2_upscale.jpg\",\"width\":1200,\"height\":630},{\"@type\":\"BreadcrumbList\",\"@id\":\"https:\/\/noticiasemdestaque.com\/cd\/?p=18752#breadcrumb\",\"itemListElement\":[{\"@type\":\"ListItem\",\"position\":1,\"name\":\"In\u00edcio\",\"item\":\"https:\/\/noticiasemdestaque.com\/cd\/\"},{\"@type\":\"ListItem\",\"position\":2,\"name\":\"Contas de energia ter\u00e3o bandeira vermelha em todo o pa\u00eds no m\u00eas de agosto\"}]},{\"@type\":\"WebSite\",\"@id\":\"https:\/\/noticiasemdestaque.com\/cd\/#website\",\"url\":\"https:\/\/noticiasemdestaque.com\/cd\/\",\"name\":\"Not&iacute;cias em Destaque\",\"description\":\"\",\"publisher\":{\"@id\":\"https:\/\/noticiasemdestaque.com\/cd\/#organization\"},\"potentialAction\":[{\"@type\":\"SearchAction\",\"target\":{\"@type\":\"EntryPoint\",\"urlTemplate\":\"https:\/\/noticiasemdestaque.com\/cd\/?s={search_term_string}\"},\"query-input\":{\"@type\":\"PropertyValueSpecification\",\"valueRequired\":true,\"valueName\":\"search_term_string\"}}],\"inLanguage\":\"pt-BR\"},{\"@type\":\"Organization\",\"@id\":\"https:\/\/noticiasemdestaque.com\/cd\/#organization\",\"name\":\"Not\u00edcias em Destaque\",\"url\":\"https:\/\/noticiasemdestaque.com\/cd\/\",\"logo\":{\"@type\":\"ImageObject\",\"inLanguage\":\"pt-BR\",\"@id\":\"https:\/\/noticiasemdestaque.com\/cd\/#\/schema\/logo\/image\/\",\"url\":\"https:\/\/noticiasemdestaque.com\/cd\/wp-content\/uploads\/2022\/05\/imagem-base-noticiasemdestaque.png\",\"contentUrl\":\"https:\/\/noticiasemdestaque.com\/cd\/wp-content\/uploads\/2022\/05\/imagem-base-noticiasemdestaque.png\",\"width\":1200,\"height\":630,\"caption\":\"Not\u00edcias em Destaque\"},\"image\":{\"@id\":\"https:\/\/noticiasemdestaque.com\/cd\/#\/schema\/logo\/image\/\"}},{\"@type\":\"Person\",\"@id\":\"https:\/\/noticiasemdestaque.com\/cd\/#\/schema\/person\/c1451142d5e4d7aa7848244ea9e4606f\",\"name\":\"Not\u00edcias em Destaque\",\"url\":\"https:\/\/noticiasemdestaque.com\/cd\/?author=2\"}]}<\/script>\n<!-- \/ Yoast SEO plugin. -->","yoast_head_json":{"title":"Contas de energia ter\u00e3o bandeira vermelha em todo o pa\u00eds no m\u00eas de agosto - Not&iacute;cias em Destaque","robots":{"index":"index","follow":"follow","max-snippet":"max-snippet:-1","max-image-preview":"max-image-preview:large","max-video-preview":"max-video-preview:-1"},"canonical":"https:\/\/noticiasemdestaque.com\/cd\/?p=18752","og_locale":"pt_BR","og_type":"article","og_title":"Contas de energia ter\u00e3o bandeira vermelha em todo o pa\u00eds no m\u00eas de agosto - Not&iacute;cias em Destaque","og_description":"Ag\u00eancia Nacional de Energia El\u00e9trica (Aneel) anunciou na \u00faltima sexta-feira, 26, que as contas de luz em todo o pa\u00eds ter\u00e3o a bandeira tarif\u00e1ria vermelha patamar a partir de hoje(01\/08) o que representa um custo adicional de 4,00 reais para cada 100 quilowatts-hora consumidos. Segundo a ag\u00eancia, ocorrer\u00e1 aumento da gera\u00e7\u00e3o de energia termel\u00e9trica, porque o m\u00eas deve ser de seca nas principais bacias hidrogr\u00e1ficas do Sistema Interligado Nacional (SIN). Em julho, a bandeira foi amarela. De acordo com a Aneel, a previs\u00e3o hidrol\u00f3gica para agosto sinaliza vaz\u00f5es abaixo da m\u00e9dia hist\u00f3rica e tend\u00eancia de redu\u00e7\u00e3o dos n\u00edveis dos principais reservat\u00f3rios. \u201cEsse cen\u00e1rio requer o aumento da gera\u00e7\u00e3o termel\u00e9trica, o que influenciou o aumento do pre\u00e7o da energia e dos custos relacionados ao risco hidrol\u00f3gico em patamares condizentes com o da Bandeira Vermelha 1\u201d, informou a ag\u00eancia, em comunicado. A bandeira vermelha n\u00e3o era registrada desde outubro de 2018, mas naquele m\u00eas o patamar foi 2, com um custo adicional ainda superior. Criado pela Aneel, o sistema de bandeiras tarif\u00e1rias sinaliza o custo real da energia gerada, possibilitando aos consumidores o controle do uso da energia el\u00e9trica. As bandeiras tarif\u00e1rias funcionam da seguinte forma: as cores verde, amarela ou vermelha (nos patamares 1 e 2) indicam se a energia custar\u00e1 mais ou menos em fun\u00e7\u00e3o das condi\u00e7\u00f5es de gera\u00e7\u00e3o. Assim, a bandeira vermelha 2 \u00e9 a que possui o custo mais alto. Em reuni\u00e3o realizada em 21 de maio, a Aneel reajustou o sistema de bandeiras tarif\u00e1rias, que \u00e9 atualizado uma vez por ano. A bandeira verde continua sem cobran\u00e7a de taxa extra. Na bandeira amarela, a taxa extra passou para 1,50 real a cada 100 kWh consumidos. No primeiro n\u00edvel da bandeira vermelha, o adicional agora \u00e9 de 4,00 reais a cada 100 kWh. E, no segundo n\u00edvel da bandeira vermelha, a cobran\u00e7a passou a ser 6,00 reais a cada 100 kWh.","og_url":"https:\/\/noticiasemdestaque.com\/cd\/?p=18752","og_site_name":"Not&iacute;cias em Destaque","article_published_time":"2019-08-01T12:01:23+00:00","og_image":[{"width":1200,"height":630,"url":"https:\/\/noticiasemdestaque.com\/cd\/wp-content\/uploads\/2019\/01\/reajuste-de-2083-nas-contas-de-energisa-tem-efeito-devastador-no-bolso-dos-paraibanos.jpg__1200x630_q85_crop-smart_subsampling-2_upscale.jpg","type":"image\/jpeg"}],"author":"Not\u00edcias em Destaque","twitter_card":"summary_large_image","twitter_misc":{"Escrito por":"Not\u00edcias em Destaque","Est. tempo de leitura":"2 minutos"},"schema":{"@context":"https:\/\/schema.org","@graph":[{"@type":"Article","@id":"https:\/\/noticiasemdestaque.com\/cd\/?p=18752#article","isPartOf":{"@id":"https:\/\/noticiasemdestaque.com\/cd\/?p=18752"},"author":{"name":"Not\u00edcias em Destaque","@id":"https:\/\/noticiasemdestaque.com\/cd\/#\/schema\/person\/c1451142d5e4d7aa7848244ea9e4606f"},"headline":"Contas de energia ter\u00e3o bandeira vermelha em todo o pa\u00eds no m\u00eas de agosto","datePublished":"2019-08-01T12:01:23+00:00","mainEntityOfPage":{"@id":"https:\/\/noticiasemdestaque.com\/cd\/?p=18752"},"wordCount":350,"publisher":{"@id":"https:\/\/noticiasemdestaque.com\/cd\/#organization"},"image":{"@id":"https:\/\/noticiasemdestaque.com\/cd\/?p=18752#primaryimage"},"thumbnailUrl":"https:\/\/noticiasemdestaque.com\/cd\/wp-content\/uploads\/2019\/01\/reajuste-de-2083-nas-contas-de-energisa-tem-efeito-devastador-no-bolso-dos-paraibanos.jpg__1200x630_q85_crop-smart_subsampling-2_upscale.jpg","articleSection":["Cidades"],"inLanguage":"pt-BR"},{"@type":"WebPage","@id":"https:\/\/noticiasemdestaque.com\/cd\/?p=18752","url":"https:\/\/noticiasemdestaque.com\/cd\/?p=18752","name":"Contas de energia ter\u00e3o bandeira vermelha em todo o pa\u00eds no m\u00eas de agosto - Not&iacute;cias em Destaque","isPartOf":{"@id":"https:\/\/noticiasemdestaque.com\/cd\/#website"},"primaryImageOfPage":{"@id":"https:\/\/noticiasemdestaque.com\/cd\/?p=18752#primaryimage"},"image":{"@id":"https:\/\/noticiasemdestaque.com\/cd\/?p=18752#primaryimage"},"thumbnailUrl":"https:\/\/noticiasemdestaque.com\/cd\/wp-content\/uploads\/2019\/01\/reajuste-de-2083-nas-contas-de-energisa-tem-efeito-devastador-no-bolso-dos-paraibanos.jpg__1200x630_q85_crop-smart_subsampling-2_upscale.jpg","datePublished":"2019-08-01T12:01:23+00:00","breadcrumb":{"@id":"https:\/\/noticiasemdestaque.com\/cd\/?p=18752#breadcrumb"},"inLanguage":"pt-BR","potentialAction":[{"@type":"ReadAction","target":["https:\/\/noticiasemdestaque.com\/cd\/?p=18752"]}]},{"@type":"ImageObject","inLanguage":"pt-BR","@id":"https:\/\/noticiasemdestaque.com\/cd\/?p=18752#primaryimage","url":"https:\/\/noticiasemdestaque.com\/cd\/wp-content\/uploads\/2019\/01\/reajuste-de-2083-nas-contas-de-energisa-tem-efeito-devastador-no-bolso-dos-paraibanos.jpg__1200x630_q85_crop-smart_subsampling-2_upscale.jpg","contentUrl":"https:\/\/noticiasemdestaque.com\/cd\/wp-content\/uploads\/2019\/01\/reajuste-de-2083-nas-contas-de-energisa-tem-efeito-devastador-no-bolso-dos-paraibanos.jpg__1200x630_q85_crop-smart_subsampling-2_upscale.jpg","width":1200,"height":630},{"@type":"BreadcrumbList","@id":"https:\/\/noticiasemdestaque.com\/cd\/?p=18752#breadcrumb","itemListElement":[{"@type":"ListItem","position":1,"name":"In\u00edcio","item":"https:\/\/noticiasemdestaque.com\/cd\/"},{"@type":"ListItem","position":2,"name":"Contas de energia ter\u00e3o bandeira vermelha em todo o pa\u00eds no m\u00eas de agosto"}]},{"@type":"WebSite","@id":"https:\/\/noticiasemdestaque.com\/cd\/#website","url":"https:\/\/noticiasemdestaque.com\/cd\/","name":"Not&iacute;cias em Destaque","description":"","publisher":{"@id":"https:\/\/noticiasemdestaque.com\/cd\/#organization"},"potentialAction":[{"@type":"SearchAction","target":{"@type":"EntryPoint","urlTemplate":"https:\/\/noticiasemdestaque.com\/cd\/?s={search_term_string}"},"query-input":{"@type":"PropertyValueSpecification","valueRequired":true,"valueName":"search_term_string"}}],"inLanguage":"pt-BR"},{"@type":"Organization","@id":"https:\/\/noticiasemdestaque.com\/cd\/#organization","name":"Not\u00edcias em Destaque","url":"https:\/\/noticiasemdestaque.com\/cd\/","logo":{"@type":"ImageObject","inLanguage":"pt-BR","@id":"https:\/\/noticiasemdestaque.com\/cd\/#\/schema\/logo\/image\/","url":"https:\/\/noticiasemdestaque.com\/cd\/wp-content\/uploads\/2022\/05\/imagem-base-noticiasemdestaque.png","contentUrl":"https:\/\/noticiasemdestaque.com\/cd\/wp-content\/uploads\/2022\/05\/imagem-base-noticiasemdestaque.png","width":1200,"height":630,"caption":"Not\u00edcias em Destaque"},"image":{"@id":"https:\/\/noticiasemdestaque.com\/cd\/#\/schema\/logo\/image\/"}},{"@type":"Person","@id":"https:\/\/noticiasemdestaque.com\/cd\/#\/schema\/person\/c1451142d5e4d7aa7848244ea9e4606f","name":"Not\u00edcias em Destaque","url":"https:\/\/noticiasemdestaque.com\/cd\/?author=2"}]}},"jetpack_featured_media_url":"https:\/\/noticiasemdestaque.com\/cd\/wp-content\/uploads\/2019\/01\/reajuste-de-2083-nas-contas-de-energisa-tem-efeito-devastador-no-bolso-dos-paraibanos.jpg__1200x630_q85_crop-smart_subsampling-2_upscale.jpg","jetpack_sharing_enabled":true,"_links":{"self":[{"href":"https:\/\/noticiasemdestaque.com\/cd\/index.php?rest_route=\/wp\/v2\/posts\/18752","targetHints":{"allow":["GET"]}}],"collection":[{"href":"https:\/\/noticiasemdestaque.com\/cd\/index.php?rest_route=\/wp\/v2\/posts"}],"about":[{"href":"https:\/\/noticiasemdestaque.com\/cd\/index.php?rest_route=\/wp\/v2\/types\/post"}],"author":[{"embeddable":true,"href":"https:\/\/noticiasemdestaque.com\/cd\/index.php?rest_route=\/wp\/v2\/users\/2"}],"replies":[{"embeddable":true,"href":"https:\/\/noticiasemdestaque.com\/cd\/index.php?rest_route=%2Fwp%2Fv2%2Fcomments&post=18752"}],"version-history":[{"count":1,"href":"https:\/\/noticiasemdestaque.com\/cd\/index.php?rest_route=\/wp\/v2\/posts\/18752\/revisions"}],"predecessor-version":[{"id":18753,"href":"https:\/\/noticiasemdestaque.com\/cd\/index.php?rest_route=\/wp\/v2\/posts\/18752\/revisions\/18753"}],"wp:featuredmedia":[{"embeddable":true,"href":"https:\/\/noticiasemdestaque.com\/cd\/index.php?rest_route=\/wp\/v2\/media\/14713"}],"wp:attachment":[{"href":"https:\/\/noticiasemdestaque.com\/cd\/index.php?rest_route=%2Fwp%2Fv2%2Fmedia&parent=18752"}],"wp:term":[{"taxonomy":"category","embeddable":true,"href":"https:\/\/noticiasemdestaque.com\/cd\/index.php?rest_route=%2Fwp%2Fv2%2Fcategories&post=18752"},{"taxonomy":"post_tag","embeddable":true,"href":"https:\/\/noticiasemdestaque.com\/cd\/index.php?rest_route=%2Fwp%2Fv2%2Ftags&post=18752"}],"curies":[{"name":"wp","href":"https:\/\/api.w.org\/{rel}","templated":true}]}}