{"id":18750,"date":"2019-08-01T08:59:28","date_gmt":"2019-08-01T11:59:28","guid":{"rendered":"http:\/\/noticiasemdestaque.com\/cd\/?p=18750"},"modified":"2019-08-01T08:59:28","modified_gmt":"2019-08-01T11:59:28","slug":"programa-de-monitoria-2019-2-inscricao-ocorre-ate-2-de-agosto","status":"publish","type":"post","link":"https:\/\/noticiasemdestaque.com\/cd\/?p=18750","title":{"rendered":"Programa de Monitoria 2019.2: Inscri\u00e7\u00e3o ocorre at\u00e9 2 de agosto"},"content":{"rendered":"<p><a href=\"https:\/\/noticiasemdestaque.com\/cd\/wp-content\/uploads\/2017\/09\/1469103154411-programa-mais-bolsas-estudantes.jpg\"><img fetchpriority=\"high\" decoding=\"async\" class=\"alignnone size-full wp-image-3961\" src=\"https:\/\/noticiasemdestaque.com\/cd\/wp-content\/uploads\/2017\/09\/1469103154411-programa-mais-bolsas-estudantes.jpg\" alt=\"\" width=\"768\" height=\"512\" srcset=\"https:\/\/noticiasemdestaque.com\/cd\/wp-content\/uploads\/2017\/09\/1469103154411-programa-mais-bolsas-estudantes.jpg 768w, https:\/\/noticiasemdestaque.com\/cd\/wp-content\/uploads\/2017\/09\/1469103154411-programa-mais-bolsas-estudantes-300x200.jpg 300w, https:\/\/noticiasemdestaque.com\/cd\/wp-content\/uploads\/2017\/09\/1469103154411-programa-mais-bolsas-estudantes-480x320.jpg 480w\" sizes=\"(max-width: 768px) 100vw, 768px\" \/><\/a><\/p>\n<p>Est\u00e3o abertas at\u00e9 o dia 02 de agosto as inscri\u00e7\u00f5es para o Programa Institucional de Monitoria do CDSA 2019.2. Os alunos interessados poder\u00e3o efetuar a inscri\u00e7\u00e3o por meio do Link Sistema de Inscri\u00e7\u00e3o de Monitores, dispon\u00edvel no site da PRE (<a href=\"https:\/\/pre.ufcg.edu.br\/pre\/monitoria\" target=\"_blank\" rel=\"noopener noreferrer\">https:\/\/pre.ufcg.edu.br\/pre\/monitoria<\/a>).<\/p>\n<p>O processo seletivo para o Programa Institucional de Monitoria no CDSA ser\u00e1 regido, no que couber, pelo Edital PRE N\u00ba 23\/2019 (disponibilizado em\u00a0<a href=\"http:\/\/pre.ufcg.edu.br\/pre\/editais\" target=\"_blank\" rel=\"noopener noreferrer\">http:\/\/pre.ufcg.edu.br\/pre\/editais<\/a>), onde h\u00e1 a informa\u00e7\u00e3o sobre a documenta\u00e7\u00e3o exigida do aluno.<\/p>\n<p>A sele\u00e7\u00e3o contempla duas modalidades de Monitoria \u2013 remunerada (bolsista) e n\u00e3o-remunerada (volunt\u00e1ria). Essas modalidades atendem aos mesmos objetivos, portanto, obedecem \u00e0 id\u00eantica sistem\u00e1tica de sele\u00e7\u00e3o e avalia\u00e7\u00e3o.<\/p>\n<p>O monitor classificado como bolsista, dependendo da disponibilidade or\u00e7ament\u00e1ria da UFCG, receber\u00e1 uma bolsa semestral (100 dias letivos) de R$ 1.200 reais, distribu\u00eddos em parcelas iguais de R$ 300 reais, cada parcela corresponder\u00e1 a vinte e cinco dias letivos;<\/p>\n<p>O per\u00edodo de vig\u00eancia da bolsa de Monitoria 2019.2 ser\u00e1 durante o per\u00edodo letivo, que corresponde aos meses de agosto, setembro, outubro e novembro).<\/p>\n<p>A a sele\u00e7\u00e3o ser\u00e1 atrav\u00e9s de uma prova escrita, prevista para ocorrer nos dias 7 e 8 de agosto.<\/p>\n<p>(Rosenato Barreto \u2013 Assimp CDSA\/UFCG)<\/p>\n","protected":false},"excerpt":{"rendered":"<p>Est\u00e3o abertas at\u00e9 o dia 02 de agosto as inscri\u00e7\u00f5es para o Programa Institucional de Monitoria do CDSA 2019.2. Os alunos interessados poder\u00e3o efetuar a inscri\u00e7\u00e3o por meio do Link Sistema de Inscri\u00e7\u00e3o de Monitores, dispon\u00edvel no site da PRE (https:\/\/pre.ufcg.edu.br\/pre\/monitoria). O processo seletivo para o Programa Institucional de Monitoria no CDSA ser\u00e1 regido, no que couber, pelo Edital PRE N\u00ba 23\/2019 (disponibilizado em\u00a0http:\/\/pre.ufcg.edu.br\/pre\/editais), onde h\u00e1 a informa\u00e7\u00e3o sobre a documenta\u00e7\u00e3o exigida do aluno. A sele\u00e7\u00e3o contempla duas modalidades de Monitoria \u2013 remunerada (bolsista) e n\u00e3o-remunerada (volunt\u00e1ria). Essas modalidades atendem aos mesmos objetivos, portanto, obedecem \u00e0 id\u00eantica sistem\u00e1tica de sele\u00e7\u00e3o e avalia\u00e7\u00e3o. O monitor classificado como bolsista, dependendo da disponibilidade or\u00e7ament\u00e1ria da UFCG, receber\u00e1 uma bolsa semestral (100 dias letivos) de R$ 1.200 reais, distribu\u00eddos em parcelas iguais de R$ 300 reais, cada parcela corresponder\u00e1 a vinte e cinco dias letivos; O per\u00edodo de vig\u00eancia da bolsa de Monitoria 2019.2 ser\u00e1 durante o per\u00edodo letivo, que corresponde aos meses de agosto, setembro, outubro e novembro). A a sele\u00e7\u00e3o ser\u00e1 atrav\u00e9s de uma prova escrita, prevista para ocorrer nos dias 7 e 8 de agosto. (Rosenato Barreto \u2013 Assimp CDSA\/UFCG)<\/p>\n","protected":false},"author":2,"featured_media":15794,"comment_status":"closed","ping_status":"open","sticky":false,"template":"","format":"standard","meta":{"_eb_attr":"","_jetpack_memberships_contains_paid_content":false,"footnotes":""},"categories":[6],"tags":[],"class_list":["post-18750","post","type-post","status-publish","format-standard","has-post-thumbnail","hentry","category-educacao"],"yoast_head":"<!-- This site is optimized with the Yoast SEO plugin v26.5 - https:\/\/yoast.com\/wordpress\/plugins\/seo\/ -->\n<title>Programa de Monitoria 2019.2: Inscri\u00e7\u00e3o ocorre at\u00e9 2 de agosto - Not&iacute;cias em Destaque<\/title>\n<meta name=\"robots\" content=\"index, follow, max-snippet:-1, max-image-preview:large, max-video-preview:-1\" \/>\n<link rel=\"canonical\" href=\"https:\/\/noticiasemdestaque.com\/cd\/?p=18750\" \/>\n<meta property=\"og:locale\" content=\"pt_BR\" \/>\n<meta property=\"og:type\" content=\"article\" \/>\n<meta property=\"og:title\" content=\"Programa de Monitoria 2019.2: Inscri\u00e7\u00e3o ocorre at\u00e9 2 de agosto - Not&iacute;cias em Destaque\" \/>\n<meta property=\"og:description\" content=\"Est\u00e3o abertas at\u00e9 o dia 02 de agosto as inscri\u00e7\u00f5es para o Programa Institucional de Monitoria do CDSA 2019.2. Os alunos interessados poder\u00e3o efetuar a inscri\u00e7\u00e3o por meio do Link Sistema de Inscri\u00e7\u00e3o de Monitores, dispon\u00edvel no site da PRE (https:\/\/pre.ufcg.edu.br\/pre\/monitoria). O processo seletivo para o Programa Institucional de Monitoria no CDSA ser\u00e1 regido, no que couber, pelo Edital PRE N\u00ba 23\/2019 (disponibilizado em\u00a0http:\/\/pre.ufcg.edu.br\/pre\/editais), onde h\u00e1 a informa\u00e7\u00e3o sobre a documenta\u00e7\u00e3o exigida do aluno. A sele\u00e7\u00e3o contempla duas modalidades de Monitoria \u2013 remunerada (bolsista) e n\u00e3o-remunerada (volunt\u00e1ria). Essas modalidades atendem aos mesmos objetivos, portanto, obedecem \u00e0 id\u00eantica sistem\u00e1tica de sele\u00e7\u00e3o e avalia\u00e7\u00e3o. O monitor classificado como bolsista, dependendo da disponibilidade or\u00e7ament\u00e1ria da UFCG, receber\u00e1 uma bolsa semestral (100 dias letivos) de R$ 1.200 reais, distribu\u00eddos em parcelas iguais de R$ 300 reais, cada parcela corresponder\u00e1 a vinte e cinco dias letivos; O per\u00edodo de vig\u00eancia da bolsa de Monitoria 2019.2 ser\u00e1 durante o per\u00edodo letivo, que corresponde aos meses de agosto, setembro, outubro e novembro). A a sele\u00e7\u00e3o ser\u00e1 atrav\u00e9s de uma prova escrita, prevista para ocorrer nos dias 7 e 8 de agosto. (Rosenato Barreto \u2013 Assimp CDSA\/UFCG)\" \/>\n<meta property=\"og:url\" content=\"https:\/\/noticiasemdestaque.com\/cd\/?p=18750\" \/>\n<meta property=\"og:site_name\" content=\"Not&iacute;cias em Destaque\" \/>\n<meta property=\"article:published_time\" content=\"2019-08-01T11:59:28+00:00\" \/>\n<meta property=\"og:image\" content=\"https:\/\/noticiasemdestaque.com\/cd\/wp-content\/uploads\/2019\/02\/o-estudantes-facebook-1.jpg\" \/>\n\t<meta property=\"og:image:width\" content=\"2000\" \/>\n\t<meta property=\"og:image:height\" content=\"1000\" \/>\n\t<meta property=\"og:image:type\" content=\"image\/jpeg\" \/>\n<meta name=\"author\" content=\"Not\u00edcias em Destaque\" \/>\n<meta name=\"twitter:card\" content=\"summary_large_image\" \/>\n<meta name=\"twitter:label1\" content=\"Escrito por\" \/>\n\t<meta name=\"twitter:data1\" content=\"Not\u00edcias em Destaque\" \/>\n\t<meta name=\"twitter:label2\" content=\"Est. tempo de leitura\" \/>\n\t<meta name=\"twitter:data2\" content=\"1 minuto\" \/>\n<script type=\"application\/ld+json\" class=\"yoast-schema-graph\">{\"@context\":\"https:\/\/schema.org\",\"@graph\":[{\"@type\":\"Article\",\"@id\":\"https:\/\/noticiasemdestaque.com\/cd\/?p=18750#article\",\"isPartOf\":{\"@id\":\"https:\/\/noticiasemdestaque.com\/cd\/?p=18750\"},\"author\":{\"name\":\"Not\u00edcias em Destaque\",\"@id\":\"https:\/\/noticiasemdestaque.com\/cd\/#\/schema\/person\/c1451142d5e4d7aa7848244ea9e4606f\"},\"headline\":\"Programa de Monitoria 2019.2: Inscri\u00e7\u00e3o ocorre at\u00e9 2 de agosto\",\"datePublished\":\"2019-08-01T11:59:28+00:00\",\"mainEntityOfPage\":{\"@id\":\"https:\/\/noticiasemdestaque.com\/cd\/?p=18750\"},\"wordCount\":223,\"publisher\":{\"@id\":\"https:\/\/noticiasemdestaque.com\/cd\/#organization\"},\"image\":{\"@id\":\"https:\/\/noticiasemdestaque.com\/cd\/?p=18750#primaryimage\"},\"thumbnailUrl\":\"https:\/\/noticiasemdestaque.com\/cd\/wp-content\/uploads\/2019\/02\/o-estudantes-facebook-1.jpg\",\"articleSection\":[\"Educa\u00e7\u00e3o\"],\"inLanguage\":\"pt-BR\"},{\"@type\":\"WebPage\",\"@id\":\"https:\/\/noticiasemdestaque.com\/cd\/?p=18750\",\"url\":\"https:\/\/noticiasemdestaque.com\/cd\/?p=18750\",\"name\":\"Programa de Monitoria 2019.2: Inscri\u00e7\u00e3o ocorre at\u00e9 2 de agosto - Not&iacute;cias em Destaque\",\"isPartOf\":{\"@id\":\"https:\/\/noticiasemdestaque.com\/cd\/#website\"},\"primaryImageOfPage\":{\"@id\":\"https:\/\/noticiasemdestaque.com\/cd\/?p=18750#primaryimage\"},\"image\":{\"@id\":\"https:\/\/noticiasemdestaque.com\/cd\/?p=18750#primaryimage\"},\"thumbnailUrl\":\"https:\/\/noticiasemdestaque.com\/cd\/wp-content\/uploads\/2019\/02\/o-estudantes-facebook-1.jpg\",\"datePublished\":\"2019-08-01T11:59:28+00:00\",\"breadcrumb\":{\"@id\":\"https:\/\/noticiasemdestaque.com\/cd\/?p=18750#breadcrumb\"},\"inLanguage\":\"pt-BR\",\"potentialAction\":[{\"@type\":\"ReadAction\",\"target\":[\"https:\/\/noticiasemdestaque.com\/cd\/?p=18750\"]}]},{\"@type\":\"ImageObject\",\"inLanguage\":\"pt-BR\",\"@id\":\"https:\/\/noticiasemdestaque.com\/cd\/?p=18750#primaryimage\",\"url\":\"https:\/\/noticiasemdestaque.com\/cd\/wp-content\/uploads\/2019\/02\/o-estudantes-facebook-1.jpg\",\"contentUrl\":\"https:\/\/noticiasemdestaque.com\/cd\/wp-content\/uploads\/2019\/02\/o-estudantes-facebook-1.jpg\",\"width\":2000,\"height\":1000},{\"@type\":\"BreadcrumbList\",\"@id\":\"https:\/\/noticiasemdestaque.com\/cd\/?p=18750#breadcrumb\",\"itemListElement\":[{\"@type\":\"ListItem\",\"position\":1,\"name\":\"In\u00edcio\",\"item\":\"https:\/\/noticiasemdestaque.com\/cd\/\"},{\"@type\":\"ListItem\",\"position\":2,\"name\":\"Programa de Monitoria 2019.2: Inscri\u00e7\u00e3o ocorre at\u00e9 2 de agosto\"}]},{\"@type\":\"WebSite\",\"@id\":\"https:\/\/noticiasemdestaque.com\/cd\/#website\",\"url\":\"https:\/\/noticiasemdestaque.com\/cd\/\",\"name\":\"Not&iacute;cias em Destaque\",\"description\":\"\",\"publisher\":{\"@id\":\"https:\/\/noticiasemdestaque.com\/cd\/#organization\"},\"potentialAction\":[{\"@type\":\"SearchAction\",\"target\":{\"@type\":\"EntryPoint\",\"urlTemplate\":\"https:\/\/noticiasemdestaque.com\/cd\/?s={search_term_string}\"},\"query-input\":{\"@type\":\"PropertyValueSpecification\",\"valueRequired\":true,\"valueName\":\"search_term_string\"}}],\"inLanguage\":\"pt-BR\"},{\"@type\":\"Organization\",\"@id\":\"https:\/\/noticiasemdestaque.com\/cd\/#organization\",\"name\":\"Not\u00edcias em Destaque\",\"url\":\"https:\/\/noticiasemdestaque.com\/cd\/\",\"logo\":{\"@type\":\"ImageObject\",\"inLanguage\":\"pt-BR\",\"@id\":\"https:\/\/noticiasemdestaque.com\/cd\/#\/schema\/logo\/image\/\",\"url\":\"https:\/\/noticiasemdestaque.com\/cd\/wp-content\/uploads\/2022\/05\/imagem-base-noticiasemdestaque.png\",\"contentUrl\":\"https:\/\/noticiasemdestaque.com\/cd\/wp-content\/uploads\/2022\/05\/imagem-base-noticiasemdestaque.png\",\"width\":1200,\"height\":630,\"caption\":\"Not\u00edcias em Destaque\"},\"image\":{\"@id\":\"https:\/\/noticiasemdestaque.com\/cd\/#\/schema\/logo\/image\/\"}},{\"@type\":\"Person\",\"@id\":\"https:\/\/noticiasemdestaque.com\/cd\/#\/schema\/person\/c1451142d5e4d7aa7848244ea9e4606f\",\"name\":\"Not\u00edcias em Destaque\",\"url\":\"https:\/\/noticiasemdestaque.com\/cd\/?author=2\"}]}<\/script>\n<!-- \/ Yoast SEO plugin. -->","yoast_head_json":{"title":"Programa de Monitoria 2019.2: Inscri\u00e7\u00e3o ocorre at\u00e9 2 de agosto - Not&iacute;cias em Destaque","robots":{"index":"index","follow":"follow","max-snippet":"max-snippet:-1","max-image-preview":"max-image-preview:large","max-video-preview":"max-video-preview:-1"},"canonical":"https:\/\/noticiasemdestaque.com\/cd\/?p=18750","og_locale":"pt_BR","og_type":"article","og_title":"Programa de Monitoria 2019.2: Inscri\u00e7\u00e3o ocorre at\u00e9 2 de agosto - Not&iacute;cias em Destaque","og_description":"Est\u00e3o abertas at\u00e9 o dia 02 de agosto as inscri\u00e7\u00f5es para o Programa Institucional de Monitoria do CDSA 2019.2. Os alunos interessados poder\u00e3o efetuar a inscri\u00e7\u00e3o por meio do Link Sistema de Inscri\u00e7\u00e3o de Monitores, dispon\u00edvel no site da PRE (https:\/\/pre.ufcg.edu.br\/pre\/monitoria). O processo seletivo para o Programa Institucional de Monitoria no CDSA ser\u00e1 regido, no que couber, pelo Edital PRE N\u00ba 23\/2019 (disponibilizado em\u00a0http:\/\/pre.ufcg.edu.br\/pre\/editais), onde h\u00e1 a informa\u00e7\u00e3o sobre a documenta\u00e7\u00e3o exigida do aluno. A sele\u00e7\u00e3o contempla duas modalidades de Monitoria \u2013 remunerada (bolsista) e n\u00e3o-remunerada (volunt\u00e1ria). Essas modalidades atendem aos mesmos objetivos, portanto, obedecem \u00e0 id\u00eantica sistem\u00e1tica de sele\u00e7\u00e3o e avalia\u00e7\u00e3o. O monitor classificado como bolsista, dependendo da disponibilidade or\u00e7ament\u00e1ria da UFCG, receber\u00e1 uma bolsa semestral (100 dias letivos) de R$ 1.200 reais, distribu\u00eddos em parcelas iguais de R$ 300 reais, cada parcela corresponder\u00e1 a vinte e cinco dias letivos; O per\u00edodo de vig\u00eancia da bolsa de Monitoria 2019.2 ser\u00e1 durante o per\u00edodo letivo, que corresponde aos meses de agosto, setembro, outubro e novembro). A a sele\u00e7\u00e3o ser\u00e1 atrav\u00e9s de uma prova escrita, prevista para ocorrer nos dias 7 e 8 de agosto. (Rosenato Barreto \u2013 Assimp CDSA\/UFCG)","og_url":"https:\/\/noticiasemdestaque.com\/cd\/?p=18750","og_site_name":"Not&iacute;cias em Destaque","article_published_time":"2019-08-01T11:59:28+00:00","og_image":[{"width":2000,"height":1000,"url":"https:\/\/noticiasemdestaque.com\/cd\/wp-content\/uploads\/2019\/02\/o-estudantes-facebook-1.jpg","type":"image\/jpeg"}],"author":"Not\u00edcias em Destaque","twitter_card":"summary_large_image","twitter_misc":{"Escrito por":"Not\u00edcias em Destaque","Est. tempo de leitura":"1 minuto"},"schema":{"@context":"https:\/\/schema.org","@graph":[{"@type":"Article","@id":"https:\/\/noticiasemdestaque.com\/cd\/?p=18750#article","isPartOf":{"@id":"https:\/\/noticiasemdestaque.com\/cd\/?p=18750"},"author":{"name":"Not\u00edcias em Destaque","@id":"https:\/\/noticiasemdestaque.com\/cd\/#\/schema\/person\/c1451142d5e4d7aa7848244ea9e4606f"},"headline":"Programa de Monitoria 2019.2: Inscri\u00e7\u00e3o ocorre at\u00e9 2 de agosto","datePublished":"2019-08-01T11:59:28+00:00","mainEntityOfPage":{"@id":"https:\/\/noticiasemdestaque.com\/cd\/?p=18750"},"wordCount":223,"publisher":{"@id":"https:\/\/noticiasemdestaque.com\/cd\/#organization"},"image":{"@id":"https:\/\/noticiasemdestaque.com\/cd\/?p=18750#primaryimage"},"thumbnailUrl":"https:\/\/noticiasemdestaque.com\/cd\/wp-content\/uploads\/2019\/02\/o-estudantes-facebook-1.jpg","articleSection":["Educa\u00e7\u00e3o"],"inLanguage":"pt-BR"},{"@type":"WebPage","@id":"https:\/\/noticiasemdestaque.com\/cd\/?p=18750","url":"https:\/\/noticiasemdestaque.com\/cd\/?p=18750","name":"Programa de Monitoria 2019.2: Inscri\u00e7\u00e3o ocorre at\u00e9 2 de agosto - Not&iacute;cias em Destaque","isPartOf":{"@id":"https:\/\/noticiasemdestaque.com\/cd\/#website"},"primaryImageOfPage":{"@id":"https:\/\/noticiasemdestaque.com\/cd\/?p=18750#primaryimage"},"image":{"@id":"https:\/\/noticiasemdestaque.com\/cd\/?p=18750#primaryimage"},"thumbnailUrl":"https:\/\/noticiasemdestaque.com\/cd\/wp-content\/uploads\/2019\/02\/o-estudantes-facebook-1.jpg","datePublished":"2019-08-01T11:59:28+00:00","breadcrumb":{"@id":"https:\/\/noticiasemdestaque.com\/cd\/?p=18750#breadcrumb"},"inLanguage":"pt-BR","potentialAction":[{"@type":"ReadAction","target":["https:\/\/noticiasemdestaque.com\/cd\/?p=18750"]}]},{"@type":"ImageObject","inLanguage":"pt-BR","@id":"https:\/\/noticiasemdestaque.com\/cd\/?p=18750#primaryimage","url":"https:\/\/noticiasemdestaque.com\/cd\/wp-content\/uploads\/2019\/02\/o-estudantes-facebook-1.jpg","contentUrl":"https:\/\/noticiasemdestaque.com\/cd\/wp-content\/uploads\/2019\/02\/o-estudantes-facebook-1.jpg","width":2000,"height":1000},{"@type":"BreadcrumbList","@id":"https:\/\/noticiasemdestaque.com\/cd\/?p=18750#breadcrumb","itemListElement":[{"@type":"ListItem","position":1,"name":"In\u00edcio","item":"https:\/\/noticiasemdestaque.com\/cd\/"},{"@type":"ListItem","position":2,"name":"Programa de Monitoria 2019.2: Inscri\u00e7\u00e3o ocorre at\u00e9 2 de agosto"}]},{"@type":"WebSite","@id":"https:\/\/noticiasemdestaque.com\/cd\/#website","url":"https:\/\/noticiasemdestaque.com\/cd\/","name":"Not&iacute;cias em Destaque","description":"","publisher":{"@id":"https:\/\/noticiasemdestaque.com\/cd\/#organization"},"potentialAction":[{"@type":"SearchAction","target":{"@type":"EntryPoint","urlTemplate":"https:\/\/noticiasemdestaque.com\/cd\/?s={search_term_string}"},"query-input":{"@type":"PropertyValueSpecification","valueRequired":true,"valueName":"search_term_string"}}],"inLanguage":"pt-BR"},{"@type":"Organization","@id":"https:\/\/noticiasemdestaque.com\/cd\/#organization","name":"Not\u00edcias em Destaque","url":"https:\/\/noticiasemdestaque.com\/cd\/","logo":{"@type":"ImageObject","inLanguage":"pt-BR","@id":"https:\/\/noticiasemdestaque.com\/cd\/#\/schema\/logo\/image\/","url":"https:\/\/noticiasemdestaque.com\/cd\/wp-content\/uploads\/2022\/05\/imagem-base-noticiasemdestaque.png","contentUrl":"https:\/\/noticiasemdestaque.com\/cd\/wp-content\/uploads\/2022\/05\/imagem-base-noticiasemdestaque.png","width":1200,"height":630,"caption":"Not\u00edcias em Destaque"},"image":{"@id":"https:\/\/noticiasemdestaque.com\/cd\/#\/schema\/logo\/image\/"}},{"@type":"Person","@id":"https:\/\/noticiasemdestaque.com\/cd\/#\/schema\/person\/c1451142d5e4d7aa7848244ea9e4606f","name":"Not\u00edcias em Destaque","url":"https:\/\/noticiasemdestaque.com\/cd\/?author=2"}]}},"jetpack_featured_media_url":"https:\/\/noticiasemdestaque.com\/cd\/wp-content\/uploads\/2019\/02\/o-estudantes-facebook-1.jpg","jetpack_sharing_enabled":true,"_links":{"self":[{"href":"https:\/\/noticiasemdestaque.com\/cd\/index.php?rest_route=\/wp\/v2\/posts\/18750","targetHints":{"allow":["GET"]}}],"collection":[{"href":"https:\/\/noticiasemdestaque.com\/cd\/index.php?rest_route=\/wp\/v2\/posts"}],"about":[{"href":"https:\/\/noticiasemdestaque.com\/cd\/index.php?rest_route=\/wp\/v2\/types\/post"}],"author":[{"embeddable":true,"href":"https:\/\/noticiasemdestaque.com\/cd\/index.php?rest_route=\/wp\/v2\/users\/2"}],"replies":[{"embeddable":true,"href":"https:\/\/noticiasemdestaque.com\/cd\/index.php?rest_route=%2Fwp%2Fv2%2Fcomments&post=18750"}],"version-history":[{"count":1,"href":"https:\/\/noticiasemdestaque.com\/cd\/index.php?rest_route=\/wp\/v2\/posts\/18750\/revisions"}],"predecessor-version":[{"id":18751,"href":"https:\/\/noticiasemdestaque.com\/cd\/index.php?rest_route=\/wp\/v2\/posts\/18750\/revisions\/18751"}],"wp:featuredmedia":[{"embeddable":true,"href":"https:\/\/noticiasemdestaque.com\/cd\/index.php?rest_route=\/wp\/v2\/media\/15794"}],"wp:attachment":[{"href":"https:\/\/noticiasemdestaque.com\/cd\/index.php?rest_route=%2Fwp%2Fv2%2Fmedia&parent=18750"}],"wp:term":[{"taxonomy":"category","embeddable":true,"href":"https:\/\/noticiasemdestaque.com\/cd\/index.php?rest_route=%2Fwp%2Fv2%2Fcategories&post=18750"},{"taxonomy":"post_tag","embeddable":true,"href":"https:\/\/noticiasemdestaque.com\/cd\/index.php?rest_route=%2Fwp%2Fv2%2Ftags&post=18750"}],"curies":[{"name":"wp","href":"https:\/\/api.w.org\/{rel}","templated":true}]}}