{"id":18721,"date":"2019-07-31T07:06:02","date_gmt":"2019-07-31T10:06:02","guid":{"rendered":"http:\/\/noticiasemdestaque.com\/cd\/?p=18721"},"modified":"2019-07-31T07:06:02","modified_gmt":"2019-07-31T10:06:02","slug":"comandante-da-pm-anuncia-reforco-no-policiamento-de-serra-branca-e-mais-operacoes-noturnas","status":"publish","type":"post","link":"https:\/\/noticiasemdestaque.com\/cd\/?p=18721","title":{"rendered":"Comandante da PM anuncia refor\u00e7o no policiamento de Serra Branca e mais opera\u00e7\u00f5es noturnas"},"content":{"rendered":"<p><a href=\"https:\/\/noticiasemdestaque.com\/cd\/wp-content\/uploads\/2019\/07\/capitao_claudio_2019-600x450.jpg\"><img fetchpriority=\"high\" decoding=\"async\" class=\"alignnone size-full wp-image-18722\" src=\"https:\/\/noticiasemdestaque.com\/cd\/wp-content\/uploads\/2019\/07\/capitao_claudio_2019-600x450.jpg\" alt=\"\" width=\"600\" height=\"450\" srcset=\"https:\/\/noticiasemdestaque.com\/cd\/wp-content\/uploads\/2019\/07\/capitao_claudio_2019-600x450.jpg 600w, https:\/\/noticiasemdestaque.com\/cd\/wp-content\/uploads\/2019\/07\/capitao_claudio_2019-600x450-300x225.jpg 300w\" sizes=\"(max-width: 600px) 100vw, 600px\" \/><\/a><\/p>\n<p>O comandante da Companhia de Pol\u00edcia Militar de Serra Branca, capit\u00e3o Cl\u00e1udio, foi entrevistado nesta ter\u00e7a-feira (30) pelo jornalista Klebson Wanderley e anunciou com exclusividade o aumento do refor\u00e7o de homens da corpora\u00e7\u00e3o na seguran\u00e7a de Serra Branca.<\/p>\n<p>Segundo o capit\u00e3o, apesar de ainda n\u00e3o haver aumento num\u00e9rico da tropa, os policiais aceitaram voluntariamente fazer plant\u00f5es extras para melhorar a estrat\u00e9gia de seguran\u00e7a da cidade, especialmente ap\u00f3s a normaliza\u00e7\u00e3o dos servi\u00e7os banc\u00e1rios existentes no munic\u00edpio.<\/p>\n<p>O capit\u00e3o confirmou que ser\u00e3o realizadas mais opera\u00e7\u00f5es e as rondas ser\u00e3o ampliadas tanto em hor\u00e1rio comercial, como no per\u00edodo da noite e madrugada. O capit\u00e3o afirmou que a estrat\u00e9gia ser\u00e1 voltada para toda a seguran\u00e7a da cidade e em especial para o centro comercial de Serra Branca.<\/p>\n<p>O comandante ainda agradeceu a parceria da Prefeitura de Serra Branca, que garantir\u00e1 um apoio log\u00edstico com alimenta\u00e7\u00e3o para a tropa; agradeceu aos policiais que compreenderam a necessidade de oferecer esse apoio em seus dias de folga e conclamou \u00e0 sociedade civil e comerciantes a se responsabilizar tamb\u00e9m pela melhoria na seguran\u00e7a p\u00fablica local.<\/p>\n<p>Fonte: De Olho no Cariri<\/p>\n","protected":false},"excerpt":{"rendered":"<p>O comandante da Companhia de Pol\u00edcia Militar de Serra Branca, capit\u00e3o Cl\u00e1udio, foi entrevistado nesta ter\u00e7a-feira (30) pelo jornalista Klebson Wanderley e anunciou com exclusividade o aumento do refor\u00e7o de homens da corpora\u00e7\u00e3o na seguran\u00e7a de Serra Branca. Segundo o capit\u00e3o, apesar de ainda n\u00e3o haver aumento num\u00e9rico da tropa, os policiais aceitaram voluntariamente fazer plant\u00f5es extras para melhorar a estrat\u00e9gia de seguran\u00e7a da cidade, especialmente ap\u00f3s a normaliza\u00e7\u00e3o dos servi\u00e7os banc\u00e1rios existentes no munic\u00edpio. O capit\u00e3o confirmou que ser\u00e3o realizadas mais opera\u00e7\u00f5es e as rondas ser\u00e3o ampliadas tanto em hor\u00e1rio comercial, como no per\u00edodo da noite e madrugada. O capit\u00e3o afirmou que a estrat\u00e9gia ser\u00e1 voltada para toda a seguran\u00e7a da cidade e em especial para o centro comercial de Serra Branca. O comandante ainda agradeceu a parceria da Prefeitura de Serra Branca, que garantir\u00e1 um apoio log\u00edstico com alimenta\u00e7\u00e3o para a tropa; agradeceu aos policiais que compreenderam a necessidade de oferecer esse apoio em seus dias de folga e conclamou \u00e0 sociedade civil e comerciantes a se responsabilizar tamb\u00e9m pela melhoria na seguran\u00e7a p\u00fablica local. Fonte: De Olho no Cariri<\/p>\n","protected":false},"author":2,"featured_media":18722,"comment_status":"closed","ping_status":"open","sticky":false,"template":"","format":"standard","meta":{"_eb_attr":"","_jetpack_memberships_contains_paid_content":false,"footnotes":""},"categories":[1],"tags":[],"class_list":["post-18721","post","type-post","status-publish","format-standard","has-post-thumbnail","hentry","category-uncategorized"],"yoast_head":"<!-- This site is optimized with the Yoast SEO plugin v26.5 - https:\/\/yoast.com\/wordpress\/plugins\/seo\/ -->\n<title>Comandante da PM anuncia refor\u00e7o no policiamento de Serra Branca e mais opera\u00e7\u00f5es noturnas - Not&iacute;cias em Destaque<\/title>\n<meta name=\"robots\" content=\"index, follow, max-snippet:-1, max-image-preview:large, max-video-preview:-1\" \/>\n<link rel=\"canonical\" href=\"https:\/\/noticiasemdestaque.com\/cd\/?p=18721\" \/>\n<meta property=\"og:locale\" content=\"pt_BR\" \/>\n<meta property=\"og:type\" content=\"article\" \/>\n<meta property=\"og:title\" content=\"Comandante da PM anuncia refor\u00e7o no policiamento de Serra Branca e mais opera\u00e7\u00f5es noturnas - Not&iacute;cias em Destaque\" \/>\n<meta property=\"og:description\" content=\"O comandante da Companhia de Pol\u00edcia Militar de Serra Branca, capit\u00e3o Cl\u00e1udio, foi entrevistado nesta ter\u00e7a-feira (30) pelo jornalista Klebson Wanderley e anunciou com exclusividade o aumento do refor\u00e7o de homens da corpora\u00e7\u00e3o na seguran\u00e7a de Serra Branca. Segundo o capit\u00e3o, apesar de ainda n\u00e3o haver aumento num\u00e9rico da tropa, os policiais aceitaram voluntariamente fazer plant\u00f5es extras para melhorar a estrat\u00e9gia de seguran\u00e7a da cidade, especialmente ap\u00f3s a normaliza\u00e7\u00e3o dos servi\u00e7os banc\u00e1rios existentes no munic\u00edpio. O capit\u00e3o confirmou que ser\u00e3o realizadas mais opera\u00e7\u00f5es e as rondas ser\u00e3o ampliadas tanto em hor\u00e1rio comercial, como no per\u00edodo da noite e madrugada. O capit\u00e3o afirmou que a estrat\u00e9gia ser\u00e1 voltada para toda a seguran\u00e7a da cidade e em especial para o centro comercial de Serra Branca. O comandante ainda agradeceu a parceria da Prefeitura de Serra Branca, que garantir\u00e1 um apoio log\u00edstico com alimenta\u00e7\u00e3o para a tropa; agradeceu aos policiais que compreenderam a necessidade de oferecer esse apoio em seus dias de folga e conclamou \u00e0 sociedade civil e comerciantes a se responsabilizar tamb\u00e9m pela melhoria na seguran\u00e7a p\u00fablica local. Fonte: De Olho no Cariri\" \/>\n<meta property=\"og:url\" content=\"https:\/\/noticiasemdestaque.com\/cd\/?p=18721\" \/>\n<meta property=\"og:site_name\" content=\"Not&iacute;cias em Destaque\" \/>\n<meta property=\"article:published_time\" content=\"2019-07-31T10:06:02+00:00\" \/>\n<meta property=\"og:image\" content=\"https:\/\/noticiasemdestaque.com\/cd\/wp-content\/uploads\/2019\/07\/capitao_claudio_2019-600x450.jpg\" \/>\n\t<meta property=\"og:image:width\" content=\"600\" \/>\n\t<meta property=\"og:image:height\" content=\"450\" \/>\n\t<meta property=\"og:image:type\" content=\"image\/jpeg\" \/>\n<meta name=\"author\" content=\"Not\u00edcias em Destaque\" \/>\n<meta name=\"twitter:card\" content=\"summary_large_image\" \/>\n<meta name=\"twitter:label1\" content=\"Escrito por\" \/>\n\t<meta name=\"twitter:data1\" content=\"Not\u00edcias em Destaque\" \/>\n\t<meta name=\"twitter:label2\" content=\"Est. tempo de leitura\" \/>\n\t<meta name=\"twitter:data2\" content=\"1 minuto\" \/>\n<script type=\"application\/ld+json\" class=\"yoast-schema-graph\">{\"@context\":\"https:\/\/schema.org\",\"@graph\":[{\"@type\":\"Article\",\"@id\":\"https:\/\/noticiasemdestaque.com\/cd\/?p=18721#article\",\"isPartOf\":{\"@id\":\"https:\/\/noticiasemdestaque.com\/cd\/?p=18721\"},\"author\":{\"name\":\"Not\u00edcias em Destaque\",\"@id\":\"https:\/\/noticiasemdestaque.com\/cd\/#\/schema\/person\/21320b03a7e8bb90128938dafc9b908a\"},\"headline\":\"Comandante da PM anuncia refor\u00e7o no policiamento de Serra Branca e mais opera\u00e7\u00f5es noturnas\",\"datePublished\":\"2019-07-31T10:06:02+00:00\",\"mainEntityOfPage\":{\"@id\":\"https:\/\/noticiasemdestaque.com\/cd\/?p=18721\"},\"wordCount\":228,\"publisher\":{\"@id\":\"https:\/\/noticiasemdestaque.com\/cd\/#organization\"},\"image\":{\"@id\":\"https:\/\/noticiasemdestaque.com\/cd\/?p=18721#primaryimage\"},\"thumbnailUrl\":\"https:\/\/noticiasemdestaque.com\/cd\/wp-content\/uploads\/2019\/07\/capitao_claudio_2019-600x450.jpg\",\"articleSection\":[\"Uncategorized\"],\"inLanguage\":\"pt-BR\"},{\"@type\":\"WebPage\",\"@id\":\"https:\/\/noticiasemdestaque.com\/cd\/?p=18721\",\"url\":\"https:\/\/noticiasemdestaque.com\/cd\/?p=18721\",\"name\":\"Comandante da PM anuncia refor\u00e7o no policiamento de Serra Branca e mais opera\u00e7\u00f5es noturnas - Not&iacute;cias em Destaque\",\"isPartOf\":{\"@id\":\"https:\/\/noticiasemdestaque.com\/cd\/#website\"},\"primaryImageOfPage\":{\"@id\":\"https:\/\/noticiasemdestaque.com\/cd\/?p=18721#primaryimage\"},\"image\":{\"@id\":\"https:\/\/noticiasemdestaque.com\/cd\/?p=18721#primaryimage\"},\"thumbnailUrl\":\"https:\/\/noticiasemdestaque.com\/cd\/wp-content\/uploads\/2019\/07\/capitao_claudio_2019-600x450.jpg\",\"datePublished\":\"2019-07-31T10:06:02+00:00\",\"breadcrumb\":{\"@id\":\"https:\/\/noticiasemdestaque.com\/cd\/?p=18721#breadcrumb\"},\"inLanguage\":\"pt-BR\",\"potentialAction\":[{\"@type\":\"ReadAction\",\"target\":[\"https:\/\/noticiasemdestaque.com\/cd\/?p=18721\"]}]},{\"@type\":\"ImageObject\",\"inLanguage\":\"pt-BR\",\"@id\":\"https:\/\/noticiasemdestaque.com\/cd\/?p=18721#primaryimage\",\"url\":\"https:\/\/noticiasemdestaque.com\/cd\/wp-content\/uploads\/2019\/07\/capitao_claudio_2019-600x450.jpg\",\"contentUrl\":\"https:\/\/noticiasemdestaque.com\/cd\/wp-content\/uploads\/2019\/07\/capitao_claudio_2019-600x450.jpg\",\"width\":600,\"height\":450},{\"@type\":\"BreadcrumbList\",\"@id\":\"https:\/\/noticiasemdestaque.com\/cd\/?p=18721#breadcrumb\",\"itemListElement\":[{\"@type\":\"ListItem\",\"position\":1,\"name\":\"In\u00edcio\",\"item\":\"https:\/\/noticiasemdestaque.com\/cd\/\"},{\"@type\":\"ListItem\",\"position\":2,\"name\":\"Comandante da PM anuncia refor\u00e7o no policiamento de Serra Branca e mais opera\u00e7\u00f5es noturnas\"}]},{\"@type\":\"WebSite\",\"@id\":\"https:\/\/noticiasemdestaque.com\/cd\/#website\",\"url\":\"https:\/\/noticiasemdestaque.com\/cd\/\",\"name\":\"Not&iacute;cias em Destaque\",\"description\":\"\",\"publisher\":{\"@id\":\"https:\/\/noticiasemdestaque.com\/cd\/#organization\"},\"potentialAction\":[{\"@type\":\"SearchAction\",\"target\":{\"@type\":\"EntryPoint\",\"urlTemplate\":\"https:\/\/noticiasemdestaque.com\/cd\/?s={search_term_string}\"},\"query-input\":{\"@type\":\"PropertyValueSpecification\",\"valueRequired\":true,\"valueName\":\"search_term_string\"}}],\"inLanguage\":\"pt-BR\"},{\"@type\":\"Organization\",\"@id\":\"https:\/\/noticiasemdestaque.com\/cd\/#organization\",\"name\":\"Not\u00edcias em Destaque\",\"url\":\"https:\/\/noticiasemdestaque.com\/cd\/\",\"logo\":{\"@type\":\"ImageObject\",\"inLanguage\":\"pt-BR\",\"@id\":\"https:\/\/noticiasemdestaque.com\/cd\/#\/schema\/logo\/image\/\",\"url\":\"https:\/\/noticiasemdestaque.com\/cd\/wp-content\/uploads\/2022\/05\/imagem-base-noticiasemdestaque.png\",\"contentUrl\":\"https:\/\/noticiasemdestaque.com\/cd\/wp-content\/uploads\/2022\/05\/imagem-base-noticiasemdestaque.png\",\"width\":1200,\"height\":630,\"caption\":\"Not\u00edcias em Destaque\"},\"image\":{\"@id\":\"https:\/\/noticiasemdestaque.com\/cd\/#\/schema\/logo\/image\/\"}},{\"@type\":\"Person\",\"@id\":\"https:\/\/noticiasemdestaque.com\/cd\/#\/schema\/person\/21320b03a7e8bb90128938dafc9b908a\",\"name\":\"Not\u00edcias em Destaque\",\"url\":\"https:\/\/noticiasemdestaque.com\/cd\/?author=2\"}]}<\/script>\n<!-- \/ Yoast SEO plugin. -->","yoast_head_json":{"title":"Comandante da PM anuncia refor\u00e7o no policiamento de Serra Branca e mais opera\u00e7\u00f5es noturnas - Not&iacute;cias em Destaque","robots":{"index":"index","follow":"follow","max-snippet":"max-snippet:-1","max-image-preview":"max-image-preview:large","max-video-preview":"max-video-preview:-1"},"canonical":"https:\/\/noticiasemdestaque.com\/cd\/?p=18721","og_locale":"pt_BR","og_type":"article","og_title":"Comandante da PM anuncia refor\u00e7o no policiamento de Serra Branca e mais opera\u00e7\u00f5es noturnas - Not&iacute;cias em Destaque","og_description":"O comandante da Companhia de Pol\u00edcia Militar de Serra Branca, capit\u00e3o Cl\u00e1udio, foi entrevistado nesta ter\u00e7a-feira (30) pelo jornalista Klebson Wanderley e anunciou com exclusividade o aumento do refor\u00e7o de homens da corpora\u00e7\u00e3o na seguran\u00e7a de Serra Branca. Segundo o capit\u00e3o, apesar de ainda n\u00e3o haver aumento num\u00e9rico da tropa, os policiais aceitaram voluntariamente fazer plant\u00f5es extras para melhorar a estrat\u00e9gia de seguran\u00e7a da cidade, especialmente ap\u00f3s a normaliza\u00e7\u00e3o dos servi\u00e7os banc\u00e1rios existentes no munic\u00edpio. O capit\u00e3o confirmou que ser\u00e3o realizadas mais opera\u00e7\u00f5es e as rondas ser\u00e3o ampliadas tanto em hor\u00e1rio comercial, como no per\u00edodo da noite e madrugada. O capit\u00e3o afirmou que a estrat\u00e9gia ser\u00e1 voltada para toda a seguran\u00e7a da cidade e em especial para o centro comercial de Serra Branca. O comandante ainda agradeceu a parceria da Prefeitura de Serra Branca, que garantir\u00e1 um apoio log\u00edstico com alimenta\u00e7\u00e3o para a tropa; agradeceu aos policiais que compreenderam a necessidade de oferecer esse apoio em seus dias de folga e conclamou \u00e0 sociedade civil e comerciantes a se responsabilizar tamb\u00e9m pela melhoria na seguran\u00e7a p\u00fablica local. Fonte: De Olho no Cariri","og_url":"https:\/\/noticiasemdestaque.com\/cd\/?p=18721","og_site_name":"Not&iacute;cias em Destaque","article_published_time":"2019-07-31T10:06:02+00:00","og_image":[{"width":600,"height":450,"url":"https:\/\/noticiasemdestaque.com\/cd\/wp-content\/uploads\/2019\/07\/capitao_claudio_2019-600x450.jpg","type":"image\/jpeg"}],"author":"Not\u00edcias em Destaque","twitter_card":"summary_large_image","twitter_misc":{"Escrito por":"Not\u00edcias em Destaque","Est. tempo de leitura":"1 minuto"},"schema":{"@context":"https:\/\/schema.org","@graph":[{"@type":"Article","@id":"https:\/\/noticiasemdestaque.com\/cd\/?p=18721#article","isPartOf":{"@id":"https:\/\/noticiasemdestaque.com\/cd\/?p=18721"},"author":{"name":"Not\u00edcias em Destaque","@id":"https:\/\/noticiasemdestaque.com\/cd\/#\/schema\/person\/21320b03a7e8bb90128938dafc9b908a"},"headline":"Comandante da PM anuncia refor\u00e7o no policiamento de Serra Branca e mais opera\u00e7\u00f5es noturnas","datePublished":"2019-07-31T10:06:02+00:00","mainEntityOfPage":{"@id":"https:\/\/noticiasemdestaque.com\/cd\/?p=18721"},"wordCount":228,"publisher":{"@id":"https:\/\/noticiasemdestaque.com\/cd\/#organization"},"image":{"@id":"https:\/\/noticiasemdestaque.com\/cd\/?p=18721#primaryimage"},"thumbnailUrl":"https:\/\/noticiasemdestaque.com\/cd\/wp-content\/uploads\/2019\/07\/capitao_claudio_2019-600x450.jpg","articleSection":["Uncategorized"],"inLanguage":"pt-BR"},{"@type":"WebPage","@id":"https:\/\/noticiasemdestaque.com\/cd\/?p=18721","url":"https:\/\/noticiasemdestaque.com\/cd\/?p=18721","name":"Comandante da PM anuncia refor\u00e7o no policiamento de Serra Branca e mais opera\u00e7\u00f5es noturnas - Not&iacute;cias em Destaque","isPartOf":{"@id":"https:\/\/noticiasemdestaque.com\/cd\/#website"},"primaryImageOfPage":{"@id":"https:\/\/noticiasemdestaque.com\/cd\/?p=18721#primaryimage"},"image":{"@id":"https:\/\/noticiasemdestaque.com\/cd\/?p=18721#primaryimage"},"thumbnailUrl":"https:\/\/noticiasemdestaque.com\/cd\/wp-content\/uploads\/2019\/07\/capitao_claudio_2019-600x450.jpg","datePublished":"2019-07-31T10:06:02+00:00","breadcrumb":{"@id":"https:\/\/noticiasemdestaque.com\/cd\/?p=18721#breadcrumb"},"inLanguage":"pt-BR","potentialAction":[{"@type":"ReadAction","target":["https:\/\/noticiasemdestaque.com\/cd\/?p=18721"]}]},{"@type":"ImageObject","inLanguage":"pt-BR","@id":"https:\/\/noticiasemdestaque.com\/cd\/?p=18721#primaryimage","url":"https:\/\/noticiasemdestaque.com\/cd\/wp-content\/uploads\/2019\/07\/capitao_claudio_2019-600x450.jpg","contentUrl":"https:\/\/noticiasemdestaque.com\/cd\/wp-content\/uploads\/2019\/07\/capitao_claudio_2019-600x450.jpg","width":600,"height":450},{"@type":"BreadcrumbList","@id":"https:\/\/noticiasemdestaque.com\/cd\/?p=18721#breadcrumb","itemListElement":[{"@type":"ListItem","position":1,"name":"In\u00edcio","item":"https:\/\/noticiasemdestaque.com\/cd\/"},{"@type":"ListItem","position":2,"name":"Comandante da PM anuncia refor\u00e7o no policiamento de Serra Branca e mais opera\u00e7\u00f5es noturnas"}]},{"@type":"WebSite","@id":"https:\/\/noticiasemdestaque.com\/cd\/#website","url":"https:\/\/noticiasemdestaque.com\/cd\/","name":"Not&iacute;cias em Destaque","description":"","publisher":{"@id":"https:\/\/noticiasemdestaque.com\/cd\/#organization"},"potentialAction":[{"@type":"SearchAction","target":{"@type":"EntryPoint","urlTemplate":"https:\/\/noticiasemdestaque.com\/cd\/?s={search_term_string}"},"query-input":{"@type":"PropertyValueSpecification","valueRequired":true,"valueName":"search_term_string"}}],"inLanguage":"pt-BR"},{"@type":"Organization","@id":"https:\/\/noticiasemdestaque.com\/cd\/#organization","name":"Not\u00edcias em Destaque","url":"https:\/\/noticiasemdestaque.com\/cd\/","logo":{"@type":"ImageObject","inLanguage":"pt-BR","@id":"https:\/\/noticiasemdestaque.com\/cd\/#\/schema\/logo\/image\/","url":"https:\/\/noticiasemdestaque.com\/cd\/wp-content\/uploads\/2022\/05\/imagem-base-noticiasemdestaque.png","contentUrl":"https:\/\/noticiasemdestaque.com\/cd\/wp-content\/uploads\/2022\/05\/imagem-base-noticiasemdestaque.png","width":1200,"height":630,"caption":"Not\u00edcias em Destaque"},"image":{"@id":"https:\/\/noticiasemdestaque.com\/cd\/#\/schema\/logo\/image\/"}},{"@type":"Person","@id":"https:\/\/noticiasemdestaque.com\/cd\/#\/schema\/person\/21320b03a7e8bb90128938dafc9b908a","name":"Not\u00edcias em Destaque","url":"https:\/\/noticiasemdestaque.com\/cd\/?author=2"}]}},"jetpack_featured_media_url":"https:\/\/noticiasemdestaque.com\/cd\/wp-content\/uploads\/2019\/07\/capitao_claudio_2019-600x450.jpg","jetpack_sharing_enabled":true,"_links":{"self":[{"href":"https:\/\/noticiasemdestaque.com\/cd\/index.php?rest_route=\/wp\/v2\/posts\/18721","targetHints":{"allow":["GET"]}}],"collection":[{"href":"https:\/\/noticiasemdestaque.com\/cd\/index.php?rest_route=\/wp\/v2\/posts"}],"about":[{"href":"https:\/\/noticiasemdestaque.com\/cd\/index.php?rest_route=\/wp\/v2\/types\/post"}],"author":[{"embeddable":true,"href":"https:\/\/noticiasemdestaque.com\/cd\/index.php?rest_route=\/wp\/v2\/users\/2"}],"replies":[{"embeddable":true,"href":"https:\/\/noticiasemdestaque.com\/cd\/index.php?rest_route=%2Fwp%2Fv2%2Fcomments&post=18721"}],"version-history":[{"count":1,"href":"https:\/\/noticiasemdestaque.com\/cd\/index.php?rest_route=\/wp\/v2\/posts\/18721\/revisions"}],"predecessor-version":[{"id":18723,"href":"https:\/\/noticiasemdestaque.com\/cd\/index.php?rest_route=\/wp\/v2\/posts\/18721\/revisions\/18723"}],"wp:featuredmedia":[{"embeddable":true,"href":"https:\/\/noticiasemdestaque.com\/cd\/index.php?rest_route=\/wp\/v2\/media\/18722"}],"wp:attachment":[{"href":"https:\/\/noticiasemdestaque.com\/cd\/index.php?rest_route=%2Fwp%2Fv2%2Fmedia&parent=18721"}],"wp:term":[{"taxonomy":"category","embeddable":true,"href":"https:\/\/noticiasemdestaque.com\/cd\/index.php?rest_route=%2Fwp%2Fv2%2Fcategories&post=18721"},{"taxonomy":"post_tag","embeddable":true,"href":"https:\/\/noticiasemdestaque.com\/cd\/index.php?rest_route=%2Fwp%2Fv2%2Ftags&post=18721"}],"curies":[{"name":"wp","href":"https:\/\/api.w.org\/{rel}","templated":true}]}}