{"id":18122,"date":"2019-07-02T19:06:00","date_gmt":"2019-07-02T22:06:00","guid":{"rendered":"http:\/\/noticiasemdestaque.com\/cd\/?p=18122"},"modified":"2019-07-02T19:06:00","modified_gmt":"2019-07-02T22:06:00","slug":"jovem-diz-ter-sido-agredido-por-pms-em-festa-na-paraiba","status":"publish","type":"post","link":"https:\/\/noticiasemdestaque.com\/cd\/?p=18122","title":{"rendered":"Jovem diz ter sido agredido por PMs em festa na Para\u00edba"},"content":{"rendered":"<figure id=\"attachment_18123\" aria-describedby=\"caption-attachment-18123\" style=\"width: 707px\" class=\"wp-caption alignnone\"><a href=\"https:\/\/noticiasemdestaque.com\/cd\/wp-content\/uploads\/2019\/07\/1.png\"><img fetchpriority=\"high\" decoding=\"async\" class=\"size-full wp-image-18123\" src=\"https:\/\/noticiasemdestaque.com\/cd\/wp-content\/uploads\/2019\/07\/1.png\" alt=\"\" width=\"707\" height=\"593\" srcset=\"https:\/\/noticiasemdestaque.com\/cd\/wp-content\/uploads\/2019\/07\/1.png 707w, https:\/\/noticiasemdestaque.com\/cd\/wp-content\/uploads\/2019\/07\/1-300x252.png 300w\" sizes=\"(max-width: 707px) 100vw, 707px\" \/><\/a><figcaption id=\"caption-attachment-18123\" class=\"wp-caption-text\">Caso aconteceu em Cuit\u00e9 e jovem fez relato no Instagram (Foto: Reprodu\u00e7\u00e3o)<\/figcaption><\/figure>\n<p>Um bacharel em Direito denunciou ter sido agredido com um golpe no pesco\u00e7o e com spray de pimenta por policiais militares durante a festa de S\u00e3o Jo\u00e3o no munic\u00edpio de Cuit\u00e9, Agreste paraibano, a 227 quil\u00f4metros de Jo\u00e3o Pessoa.<\/p>\n<p>O caso teria acontecido no dia 24 de junho ap\u00f3s a v\u00edtima, Ronaldo Silva, ter sido abordada por um seguran\u00e7a em um dos port\u00f5es da festa ao tentar no local com um copo de bebida.<\/p>\n<p>\u201cO seguran\u00e7a n\u00e3o quis deixar que eu entrasse e disse que eu deveria tomar a bebida, porque era proibido entrar. Eu estava dizendo que isso estava errado e que n\u00e3o teria o menor cabimento, mesmo que fosse uma festa particular, qualquer um poderia entrar. Esse seguran\u00e7a n\u00e3o entendeu, veio para cima de mim e derramou o copo. Depois ele saiu irritado e eu entrei com o copo vazio\u201d, relatou Ronaldo atrav\u00e9s de um v\u00eddeo postado via rede social.<\/p>\n<p><iframe id=\"instagram-embed-0\" class=\"instagram-media instagram-media-rendered\" src=\"https:\/\/www.instagram.com\/tv\/BzJZUb_BwJv\/embed\/?cr=1&amp;v=12&amp;wp=648&amp;rd=https%3A%2F%2Fportalcorreio.com.br&amp;rp=%2Fjovem-diz-ter-sido-agredido-por-pms-em-festa-na-paraiba%2F#%7B%22ci%22%3A0%2C%22os%22%3A26248.889999988023%7D\" height=\"853\" frameborder=\"0\" scrolling=\"no\" allowfullscreen=\"allowfullscreen\" data-instgrm-payload-id=\"instagram-media-payload-0\" data-mce-fragment=\"1\"><\/iframe><\/p>\n<p>Conforme a v\u00edtima, cinco minutos ap\u00f3s o ocorrido com o seguran\u00e7a, policiais militares chegaram \u00e0 mesa onde ele estava e o abordaram. Os policiais teriam agido de forma truculenta, pediram que ele levantasse as m\u00e3os e o retiraram da festa puxando-o pelo pesco\u00e7o.<\/p>\n<p>\u201cOs policiais chegaram dizendo v\u00e1rias coisas e eu e minha fam\u00edlia tentando entender o que estava acontecendo. Me expuseram ao rid\u00edculo na frente de todos. Me puxaram para fora da festa e quando eu estava tentando argumentar e entender o que estava acontecendo, um policial veio de longe e jogou spray de pimenta no meu rosto. Eles disseram que aquilo estava acontecendo porque eu havia derramado bebida no seguran\u00e7a\u201d, disse Ronaldo.<\/p>\n<p>Al\u00e9m das redes sociais, Ronaldo tamb\u00e9m relatou o ocorrido em uma den\u00fancia ao Minist\u00e9rio P\u00fablico da Para\u00edba (MPPB) e disse que vai fazer um Boletim de Ocorr\u00eancia na Pol\u00edcia Civil.<\/p>\n<p>\u201cUma situa\u00e7\u00e3o como essa \u00e9 inadmiss\u00edvel. Cobro uma posi\u00e7\u00e3o do Governo do Estado, da Prefeitura de Cuit\u00e9 e do Batalh\u00e3o da Pol\u00edcia. Situa\u00e7\u00f5es como essa de abuso de autoridade e les\u00e3o corporal por parte do Estado \u00e9 inadmiss\u00edvel. O Estado est\u00e1 para suprir a necessidade da minha seguran\u00e7a e n\u00e3o para me agredir\u201d, afirmou Ronaldo.<\/p>\n<p>O comandante do 9\u00ba Batalh\u00e3o da Pol\u00edcia Militar em Cuit\u00e9, coronel Afonso Galv\u00e3o, disse \u00a0que \u00e9 necess\u00e1rio que a v\u00edtima procure a PM para registrar a situa\u00e7\u00e3o e possibilitar uma investiga\u00e7\u00e3o<\/p>\n<p>\u201cN\u00e3o fomos procurados pela pessoa que alega os fatos. Isso \u00e9 necess\u00e1rio para que ela fa\u00e7a um registro formal da situa\u00e7\u00e3o para que a gente possa investigar. Dependemos dessa procura dele, sem isso n\u00e3o tenho como instaurar o procedimento\u201d, pontuou o coronel.<\/p>\n<p>Ap\u00f3s os contatos , Ronaldo Silva disse que procurou a Ouvidoria da Pol\u00edcia Militar para registrar o caso, nessa segunda-feira (1\u00ba).<\/p>\n<h2>Outro caso de agress\u00e3o<\/h2>\n<p>Em outro caso recente, um jovem levou um tapa de um PM durante uma manifesta\u00e7\u00e3o em Campina Grande. O policial militar foi\u00a0afastado das atividades operacionais<strong>.<\/strong><\/p>\n<p>Segundo o corregedor-geral da Pol\u00edcia Militar, coronel Severino do Ramo Ger\u00f4nimo, o PM ficar\u00e1 fora das ruas enquanto estiver sendo investigado, mas seguir\u00e1 desempenhando trabalhos administrativos da corpora\u00e7\u00e3o.<\/p>\n","protected":false},"excerpt":{"rendered":"<p>Um bacharel em Direito denunciou ter sido agredido com um golpe no pesco\u00e7o e com spray de pimenta por policiais militares durante a festa de S\u00e3o Jo\u00e3o no munic\u00edpio de Cuit\u00e9, Agreste paraibano, a 227 quil\u00f4metros de Jo\u00e3o Pessoa. O caso teria acontecido no dia 24 de junho ap\u00f3s a v\u00edtima, Ronaldo Silva, ter sido abordada por um seguran\u00e7a em um dos port\u00f5es da festa ao tentar no local com um copo de bebida. \u201cO seguran\u00e7a n\u00e3o quis deixar que eu entrasse e disse que eu deveria tomar a bebida, porque era proibido entrar. Eu estava dizendo que isso estava errado e que n\u00e3o teria o menor cabimento, mesmo que fosse uma festa particular, qualquer um poderia entrar. Esse seguran\u00e7a n\u00e3o entendeu, veio para cima de mim e derramou o copo. Depois ele saiu irritado e eu entrei com o copo vazio\u201d, relatou Ronaldo atrav\u00e9s de um v\u00eddeo postado via rede social. Conforme a v\u00edtima, cinco minutos ap\u00f3s o ocorrido com o seguran\u00e7a, policiais militares chegaram \u00e0 mesa onde ele estava e o abordaram. Os policiais teriam agido de forma truculenta, pediram que ele levantasse as m\u00e3os e o retiraram da festa puxando-o pelo pesco\u00e7o. \u201cOs policiais chegaram dizendo v\u00e1rias coisas e eu e minha fam\u00edlia tentando entender o que estava acontecendo. Me expuseram ao rid\u00edculo na frente de todos. Me puxaram para fora da festa e quando eu estava tentando argumentar e entender o que estava acontecendo, um policial veio de longe e jogou spray de pimenta no meu rosto. Eles disseram que aquilo estava acontecendo porque eu havia derramado bebida no seguran\u00e7a\u201d, disse Ronaldo. Al\u00e9m das redes sociais, Ronaldo tamb\u00e9m relatou o ocorrido em uma den\u00fancia ao Minist\u00e9rio P\u00fablico da Para\u00edba (MPPB) e disse que vai fazer um Boletim de Ocorr\u00eancia na Pol\u00edcia Civil. \u201cUma situa\u00e7\u00e3o como essa \u00e9 inadmiss\u00edvel. Cobro uma posi\u00e7\u00e3o do Governo do Estado, da Prefeitura de Cuit\u00e9 e do Batalh\u00e3o da Pol\u00edcia. Situa\u00e7\u00f5es como essa de abuso de autoridade e les\u00e3o corporal por parte do Estado \u00e9 inadmiss\u00edvel. O Estado est\u00e1 para suprir a necessidade da minha seguran\u00e7a e n\u00e3o para me agredir\u201d, afirmou Ronaldo. O comandante do 9\u00ba Batalh\u00e3o da Pol\u00edcia Militar em Cuit\u00e9, coronel Afonso Galv\u00e3o, disse \u00a0que \u00e9 necess\u00e1rio que a v\u00edtima procure a PM para registrar a situa\u00e7\u00e3o e possibilitar uma investiga\u00e7\u00e3o \u201cN\u00e3o fomos procurados pela pessoa que alega os fatos. Isso \u00e9 necess\u00e1rio para que ela fa\u00e7a um registro formal da situa\u00e7\u00e3o para que a gente possa investigar. Dependemos dessa procura dele, sem isso n\u00e3o tenho como instaurar o procedimento\u201d, pontuou o coronel. Ap\u00f3s os contatos , Ronaldo Silva disse que procurou a Ouvidoria da Pol\u00edcia Militar para registrar o caso, nessa segunda-feira (1\u00ba). Outro caso de agress\u00e3o Em outro caso recente, um jovem levou um tapa de um PM durante uma manifesta\u00e7\u00e3o em Campina Grande. O policial militar foi\u00a0afastado das atividades operacionais. Segundo o corregedor-geral da Pol\u00edcia Militar, coronel Severino do Ramo Ger\u00f4nimo, o PM ficar\u00e1 fora das ruas enquanto estiver sendo investigado, mas seguir\u00e1 desempenhando trabalhos administrativos da corpora\u00e7\u00e3o.<\/p>\n","protected":false},"author":2,"featured_media":18123,"comment_status":"closed","ping_status":"open","sticky":false,"template":"","format":"standard","meta":{"_eb_attr":"","_jetpack_memberships_contains_paid_content":false,"footnotes":""},"categories":[1],"tags":[],"class_list":["post-18122","post","type-post","status-publish","format-standard","has-post-thumbnail","hentry","category-uncategorized"],"yoast_head":"<!-- This site is optimized with the Yoast SEO plugin v26.5 - https:\/\/yoast.com\/wordpress\/plugins\/seo\/ -->\n<title>Jovem diz ter sido agredido por PMs em festa na Para\u00edba - Not&iacute;cias em Destaque<\/title>\n<meta name=\"robots\" content=\"index, follow, max-snippet:-1, max-image-preview:large, max-video-preview:-1\" \/>\n<link rel=\"canonical\" href=\"https:\/\/noticiasemdestaque.com\/cd\/?p=18122\" \/>\n<meta property=\"og:locale\" content=\"pt_BR\" \/>\n<meta property=\"og:type\" content=\"article\" \/>\n<meta property=\"og:title\" content=\"Jovem diz ter sido agredido por PMs em festa na Para\u00edba - Not&iacute;cias em Destaque\" \/>\n<meta property=\"og:description\" content=\"Um bacharel em Direito denunciou ter sido agredido com um golpe no pesco\u00e7o e com spray de pimenta por policiais militares durante a festa de S\u00e3o Jo\u00e3o no munic\u00edpio de Cuit\u00e9, Agreste paraibano, a 227 quil\u00f4metros de Jo\u00e3o Pessoa. O caso teria acontecido no dia 24 de junho ap\u00f3s a v\u00edtima, Ronaldo Silva, ter sido abordada por um seguran\u00e7a em um dos port\u00f5es da festa ao tentar no local com um copo de bebida. \u201cO seguran\u00e7a n\u00e3o quis deixar que eu entrasse e disse que eu deveria tomar a bebida, porque era proibido entrar. Eu estava dizendo que isso estava errado e que n\u00e3o teria o menor cabimento, mesmo que fosse uma festa particular, qualquer um poderia entrar. Esse seguran\u00e7a n\u00e3o entendeu, veio para cima de mim e derramou o copo. Depois ele saiu irritado e eu entrei com o copo vazio\u201d, relatou Ronaldo atrav\u00e9s de um v\u00eddeo postado via rede social. Conforme a v\u00edtima, cinco minutos ap\u00f3s o ocorrido com o seguran\u00e7a, policiais militares chegaram \u00e0 mesa onde ele estava e o abordaram. Os policiais teriam agido de forma truculenta, pediram que ele levantasse as m\u00e3os e o retiraram da festa puxando-o pelo pesco\u00e7o. \u201cOs policiais chegaram dizendo v\u00e1rias coisas e eu e minha fam\u00edlia tentando entender o que estava acontecendo. Me expuseram ao rid\u00edculo na frente de todos. Me puxaram para fora da festa e quando eu estava tentando argumentar e entender o que estava acontecendo, um policial veio de longe e jogou spray de pimenta no meu rosto. Eles disseram que aquilo estava acontecendo porque eu havia derramado bebida no seguran\u00e7a\u201d, disse Ronaldo. Al\u00e9m das redes sociais, Ronaldo tamb\u00e9m relatou o ocorrido em uma den\u00fancia ao Minist\u00e9rio P\u00fablico da Para\u00edba (MPPB) e disse que vai fazer um Boletim de Ocorr\u00eancia na Pol\u00edcia Civil. \u201cUma situa\u00e7\u00e3o como essa \u00e9 inadmiss\u00edvel. Cobro uma posi\u00e7\u00e3o do Governo do Estado, da Prefeitura de Cuit\u00e9 e do Batalh\u00e3o da Pol\u00edcia. Situa\u00e7\u00f5es como essa de abuso de autoridade e les\u00e3o corporal por parte do Estado \u00e9 inadmiss\u00edvel. O Estado est\u00e1 para suprir a necessidade da minha seguran\u00e7a e n\u00e3o para me agredir\u201d, afirmou Ronaldo. O comandante do 9\u00ba Batalh\u00e3o da Pol\u00edcia Militar em Cuit\u00e9, coronel Afonso Galv\u00e3o, disse \u00a0que \u00e9 necess\u00e1rio que a v\u00edtima procure a PM para registrar a situa\u00e7\u00e3o e possibilitar uma investiga\u00e7\u00e3o \u201cN\u00e3o fomos procurados pela pessoa que alega os fatos. Isso \u00e9 necess\u00e1rio para que ela fa\u00e7a um registro formal da situa\u00e7\u00e3o para que a gente possa investigar. Dependemos dessa procura dele, sem isso n\u00e3o tenho como instaurar o procedimento\u201d, pontuou o coronel. Ap\u00f3s os contatos , Ronaldo Silva disse que procurou a Ouvidoria da Pol\u00edcia Militar para registrar o caso, nessa segunda-feira (1\u00ba). Outro caso de agress\u00e3o Em outro caso recente, um jovem levou um tapa de um PM durante uma manifesta\u00e7\u00e3o em Campina Grande. O policial militar foi\u00a0afastado das atividades operacionais. Segundo o corregedor-geral da Pol\u00edcia Militar, coronel Severino do Ramo Ger\u00f4nimo, o PM ficar\u00e1 fora das ruas enquanto estiver sendo investigado, mas seguir\u00e1 desempenhando trabalhos administrativos da corpora\u00e7\u00e3o.\" \/>\n<meta property=\"og:url\" content=\"https:\/\/noticiasemdestaque.com\/cd\/?p=18122\" \/>\n<meta property=\"og:site_name\" content=\"Not&iacute;cias em Destaque\" \/>\n<meta property=\"article:published_time\" content=\"2019-07-02T22:06:00+00:00\" \/>\n<meta property=\"og:image\" content=\"https:\/\/noticiasemdestaque.com\/cd\/wp-content\/uploads\/2019\/07\/1.png\" \/>\n\t<meta property=\"og:image:width\" content=\"707\" \/>\n\t<meta property=\"og:image:height\" content=\"593\" \/>\n\t<meta property=\"og:image:type\" content=\"image\/png\" \/>\n<meta name=\"author\" content=\"Not\u00edcias em Destaque\" \/>\n<meta name=\"twitter:card\" content=\"summary_large_image\" \/>\n<meta name=\"twitter:label1\" content=\"Escrito por\" \/>\n\t<meta name=\"twitter:data1\" content=\"Not\u00edcias em Destaque\" \/>\n\t<meta name=\"twitter:label2\" content=\"Est. tempo de leitura\" \/>\n\t<meta name=\"twitter:data2\" content=\"3 minutos\" \/>\n<script type=\"application\/ld+json\" class=\"yoast-schema-graph\">{\"@context\":\"https:\/\/schema.org\",\"@graph\":[{\"@type\":\"Article\",\"@id\":\"https:\/\/noticiasemdestaque.com\/cd\/?p=18122#article\",\"isPartOf\":{\"@id\":\"https:\/\/noticiasemdestaque.com\/cd\/?p=18122\"},\"author\":{\"name\":\"Not\u00edcias em Destaque\",\"@id\":\"https:\/\/noticiasemdestaque.com\/cd\/#\/schema\/person\/21320b03a7e8bb90128938dafc9b908a\"},\"headline\":\"Jovem diz ter sido agredido por PMs em festa na Para\u00edba\",\"datePublished\":\"2019-07-02T22:06:00+00:00\",\"mainEntityOfPage\":{\"@id\":\"https:\/\/noticiasemdestaque.com\/cd\/?p=18122\"},\"wordCount\":588,\"publisher\":{\"@id\":\"https:\/\/noticiasemdestaque.com\/cd\/#organization\"},\"image\":{\"@id\":\"https:\/\/noticiasemdestaque.com\/cd\/?p=18122#primaryimage\"},\"thumbnailUrl\":\"https:\/\/noticiasemdestaque.com\/cd\/wp-content\/uploads\/2019\/07\/1.png\",\"articleSection\":[\"Uncategorized\"],\"inLanguage\":\"pt-BR\"},{\"@type\":\"WebPage\",\"@id\":\"https:\/\/noticiasemdestaque.com\/cd\/?p=18122\",\"url\":\"https:\/\/noticiasemdestaque.com\/cd\/?p=18122\",\"name\":\"Jovem diz ter sido agredido por PMs em festa na Para\u00edba - Not&iacute;cias em Destaque\",\"isPartOf\":{\"@id\":\"https:\/\/noticiasemdestaque.com\/cd\/#website\"},\"primaryImageOfPage\":{\"@id\":\"https:\/\/noticiasemdestaque.com\/cd\/?p=18122#primaryimage\"},\"image\":{\"@id\":\"https:\/\/noticiasemdestaque.com\/cd\/?p=18122#primaryimage\"},\"thumbnailUrl\":\"https:\/\/noticiasemdestaque.com\/cd\/wp-content\/uploads\/2019\/07\/1.png\",\"datePublished\":\"2019-07-02T22:06:00+00:00\",\"breadcrumb\":{\"@id\":\"https:\/\/noticiasemdestaque.com\/cd\/?p=18122#breadcrumb\"},\"inLanguage\":\"pt-BR\",\"potentialAction\":[{\"@type\":\"ReadAction\",\"target\":[\"https:\/\/noticiasemdestaque.com\/cd\/?p=18122\"]}]},{\"@type\":\"ImageObject\",\"inLanguage\":\"pt-BR\",\"@id\":\"https:\/\/noticiasemdestaque.com\/cd\/?p=18122#primaryimage\",\"url\":\"https:\/\/noticiasemdestaque.com\/cd\/wp-content\/uploads\/2019\/07\/1.png\",\"contentUrl\":\"https:\/\/noticiasemdestaque.com\/cd\/wp-content\/uploads\/2019\/07\/1.png\",\"width\":707,\"height\":593,\"caption\":\"Caso aconteceu em Cuit\u00e9 e jovem fez relato no Instagram (Foto: Reprodu\u00e7\u00e3o)\"},{\"@type\":\"BreadcrumbList\",\"@id\":\"https:\/\/noticiasemdestaque.com\/cd\/?p=18122#breadcrumb\",\"itemListElement\":[{\"@type\":\"ListItem\",\"position\":1,\"name\":\"In\u00edcio\",\"item\":\"https:\/\/noticiasemdestaque.com\/cd\/\"},{\"@type\":\"ListItem\",\"position\":2,\"name\":\"Jovem diz ter sido agredido por PMs em festa na Para\u00edba\"}]},{\"@type\":\"WebSite\",\"@id\":\"https:\/\/noticiasemdestaque.com\/cd\/#website\",\"url\":\"https:\/\/noticiasemdestaque.com\/cd\/\",\"name\":\"Not&iacute;cias em Destaque\",\"description\":\"\",\"publisher\":{\"@id\":\"https:\/\/noticiasemdestaque.com\/cd\/#organization\"},\"potentialAction\":[{\"@type\":\"SearchAction\",\"target\":{\"@type\":\"EntryPoint\",\"urlTemplate\":\"https:\/\/noticiasemdestaque.com\/cd\/?s={search_term_string}\"},\"query-input\":{\"@type\":\"PropertyValueSpecification\",\"valueRequired\":true,\"valueName\":\"search_term_string\"}}],\"inLanguage\":\"pt-BR\"},{\"@type\":\"Organization\",\"@id\":\"https:\/\/noticiasemdestaque.com\/cd\/#organization\",\"name\":\"Not\u00edcias em Destaque\",\"url\":\"https:\/\/noticiasemdestaque.com\/cd\/\",\"logo\":{\"@type\":\"ImageObject\",\"inLanguage\":\"pt-BR\",\"@id\":\"https:\/\/noticiasemdestaque.com\/cd\/#\/schema\/logo\/image\/\",\"url\":\"https:\/\/noticiasemdestaque.com\/cd\/wp-content\/uploads\/2022\/05\/imagem-base-noticiasemdestaque.png\",\"contentUrl\":\"https:\/\/noticiasemdestaque.com\/cd\/wp-content\/uploads\/2022\/05\/imagem-base-noticiasemdestaque.png\",\"width\":1200,\"height\":630,\"caption\":\"Not\u00edcias em Destaque\"},\"image\":{\"@id\":\"https:\/\/noticiasemdestaque.com\/cd\/#\/schema\/logo\/image\/\"}},{\"@type\":\"Person\",\"@id\":\"https:\/\/noticiasemdestaque.com\/cd\/#\/schema\/person\/21320b03a7e8bb90128938dafc9b908a\",\"name\":\"Not\u00edcias em Destaque\",\"url\":\"https:\/\/noticiasemdestaque.com\/cd\/?author=2\"}]}<\/script>\n<!-- \/ Yoast SEO plugin. -->","yoast_head_json":{"title":"Jovem diz ter sido agredido por PMs em festa na Para\u00edba - Not&iacute;cias em Destaque","robots":{"index":"index","follow":"follow","max-snippet":"max-snippet:-1","max-image-preview":"max-image-preview:large","max-video-preview":"max-video-preview:-1"},"canonical":"https:\/\/noticiasemdestaque.com\/cd\/?p=18122","og_locale":"pt_BR","og_type":"article","og_title":"Jovem diz ter sido agredido por PMs em festa na Para\u00edba - Not&iacute;cias em Destaque","og_description":"Um bacharel em Direito denunciou ter sido agredido com um golpe no pesco\u00e7o e com spray de pimenta por policiais militares durante a festa de S\u00e3o Jo\u00e3o no munic\u00edpio de Cuit\u00e9, Agreste paraibano, a 227 quil\u00f4metros de Jo\u00e3o Pessoa. O caso teria acontecido no dia 24 de junho ap\u00f3s a v\u00edtima, Ronaldo Silva, ter sido abordada por um seguran\u00e7a em um dos port\u00f5es da festa ao tentar no local com um copo de bebida. \u201cO seguran\u00e7a n\u00e3o quis deixar que eu entrasse e disse que eu deveria tomar a bebida, porque era proibido entrar. Eu estava dizendo que isso estava errado e que n\u00e3o teria o menor cabimento, mesmo que fosse uma festa particular, qualquer um poderia entrar. Esse seguran\u00e7a n\u00e3o entendeu, veio para cima de mim e derramou o copo. Depois ele saiu irritado e eu entrei com o copo vazio\u201d, relatou Ronaldo atrav\u00e9s de um v\u00eddeo postado via rede social. Conforme a v\u00edtima, cinco minutos ap\u00f3s o ocorrido com o seguran\u00e7a, policiais militares chegaram \u00e0 mesa onde ele estava e o abordaram. Os policiais teriam agido de forma truculenta, pediram que ele levantasse as m\u00e3os e o retiraram da festa puxando-o pelo pesco\u00e7o. \u201cOs policiais chegaram dizendo v\u00e1rias coisas e eu e minha fam\u00edlia tentando entender o que estava acontecendo. Me expuseram ao rid\u00edculo na frente de todos. Me puxaram para fora da festa e quando eu estava tentando argumentar e entender o que estava acontecendo, um policial veio de longe e jogou spray de pimenta no meu rosto. Eles disseram que aquilo estava acontecendo porque eu havia derramado bebida no seguran\u00e7a\u201d, disse Ronaldo. Al\u00e9m das redes sociais, Ronaldo tamb\u00e9m relatou o ocorrido em uma den\u00fancia ao Minist\u00e9rio P\u00fablico da Para\u00edba (MPPB) e disse que vai fazer um Boletim de Ocorr\u00eancia na Pol\u00edcia Civil. \u201cUma situa\u00e7\u00e3o como essa \u00e9 inadmiss\u00edvel. Cobro uma posi\u00e7\u00e3o do Governo do Estado, da Prefeitura de Cuit\u00e9 e do Batalh\u00e3o da Pol\u00edcia. Situa\u00e7\u00f5es como essa de abuso de autoridade e les\u00e3o corporal por parte do Estado \u00e9 inadmiss\u00edvel. O Estado est\u00e1 para suprir a necessidade da minha seguran\u00e7a e n\u00e3o para me agredir\u201d, afirmou Ronaldo. O comandante do 9\u00ba Batalh\u00e3o da Pol\u00edcia Militar em Cuit\u00e9, coronel Afonso Galv\u00e3o, disse \u00a0que \u00e9 necess\u00e1rio que a v\u00edtima procure a PM para registrar a situa\u00e7\u00e3o e possibilitar uma investiga\u00e7\u00e3o \u201cN\u00e3o fomos procurados pela pessoa que alega os fatos. Isso \u00e9 necess\u00e1rio para que ela fa\u00e7a um registro formal da situa\u00e7\u00e3o para que a gente possa investigar. Dependemos dessa procura dele, sem isso n\u00e3o tenho como instaurar o procedimento\u201d, pontuou o coronel. Ap\u00f3s os contatos , Ronaldo Silva disse que procurou a Ouvidoria da Pol\u00edcia Militar para registrar o caso, nessa segunda-feira (1\u00ba). Outro caso de agress\u00e3o Em outro caso recente, um jovem levou um tapa de um PM durante uma manifesta\u00e7\u00e3o em Campina Grande. O policial militar foi\u00a0afastado das atividades operacionais. Segundo o corregedor-geral da Pol\u00edcia Militar, coronel Severino do Ramo Ger\u00f4nimo, o PM ficar\u00e1 fora das ruas enquanto estiver sendo investigado, mas seguir\u00e1 desempenhando trabalhos administrativos da corpora\u00e7\u00e3o.","og_url":"https:\/\/noticiasemdestaque.com\/cd\/?p=18122","og_site_name":"Not&iacute;cias em Destaque","article_published_time":"2019-07-02T22:06:00+00:00","og_image":[{"width":707,"height":593,"url":"https:\/\/noticiasemdestaque.com\/cd\/wp-content\/uploads\/2019\/07\/1.png","type":"image\/png"}],"author":"Not\u00edcias em Destaque","twitter_card":"summary_large_image","twitter_misc":{"Escrito por":"Not\u00edcias em Destaque","Est. tempo de leitura":"3 minutos"},"schema":{"@context":"https:\/\/schema.org","@graph":[{"@type":"Article","@id":"https:\/\/noticiasemdestaque.com\/cd\/?p=18122#article","isPartOf":{"@id":"https:\/\/noticiasemdestaque.com\/cd\/?p=18122"},"author":{"name":"Not\u00edcias em Destaque","@id":"https:\/\/noticiasemdestaque.com\/cd\/#\/schema\/person\/21320b03a7e8bb90128938dafc9b908a"},"headline":"Jovem diz ter sido agredido por PMs em festa na Para\u00edba","datePublished":"2019-07-02T22:06:00+00:00","mainEntityOfPage":{"@id":"https:\/\/noticiasemdestaque.com\/cd\/?p=18122"},"wordCount":588,"publisher":{"@id":"https:\/\/noticiasemdestaque.com\/cd\/#organization"},"image":{"@id":"https:\/\/noticiasemdestaque.com\/cd\/?p=18122#primaryimage"},"thumbnailUrl":"https:\/\/noticiasemdestaque.com\/cd\/wp-content\/uploads\/2019\/07\/1.png","articleSection":["Uncategorized"],"inLanguage":"pt-BR"},{"@type":"WebPage","@id":"https:\/\/noticiasemdestaque.com\/cd\/?p=18122","url":"https:\/\/noticiasemdestaque.com\/cd\/?p=18122","name":"Jovem diz ter sido agredido por PMs em festa na Para\u00edba - Not&iacute;cias em Destaque","isPartOf":{"@id":"https:\/\/noticiasemdestaque.com\/cd\/#website"},"primaryImageOfPage":{"@id":"https:\/\/noticiasemdestaque.com\/cd\/?p=18122#primaryimage"},"image":{"@id":"https:\/\/noticiasemdestaque.com\/cd\/?p=18122#primaryimage"},"thumbnailUrl":"https:\/\/noticiasemdestaque.com\/cd\/wp-content\/uploads\/2019\/07\/1.png","datePublished":"2019-07-02T22:06:00+00:00","breadcrumb":{"@id":"https:\/\/noticiasemdestaque.com\/cd\/?p=18122#breadcrumb"},"inLanguage":"pt-BR","potentialAction":[{"@type":"ReadAction","target":["https:\/\/noticiasemdestaque.com\/cd\/?p=18122"]}]},{"@type":"ImageObject","inLanguage":"pt-BR","@id":"https:\/\/noticiasemdestaque.com\/cd\/?p=18122#primaryimage","url":"https:\/\/noticiasemdestaque.com\/cd\/wp-content\/uploads\/2019\/07\/1.png","contentUrl":"https:\/\/noticiasemdestaque.com\/cd\/wp-content\/uploads\/2019\/07\/1.png","width":707,"height":593,"caption":"Caso aconteceu em Cuit\u00e9 e jovem fez relato no Instagram (Foto: Reprodu\u00e7\u00e3o)"},{"@type":"BreadcrumbList","@id":"https:\/\/noticiasemdestaque.com\/cd\/?p=18122#breadcrumb","itemListElement":[{"@type":"ListItem","position":1,"name":"In\u00edcio","item":"https:\/\/noticiasemdestaque.com\/cd\/"},{"@type":"ListItem","position":2,"name":"Jovem diz ter sido agredido por PMs em festa na Para\u00edba"}]},{"@type":"WebSite","@id":"https:\/\/noticiasemdestaque.com\/cd\/#website","url":"https:\/\/noticiasemdestaque.com\/cd\/","name":"Not&iacute;cias em Destaque","description":"","publisher":{"@id":"https:\/\/noticiasemdestaque.com\/cd\/#organization"},"potentialAction":[{"@type":"SearchAction","target":{"@type":"EntryPoint","urlTemplate":"https:\/\/noticiasemdestaque.com\/cd\/?s={search_term_string}"},"query-input":{"@type":"PropertyValueSpecification","valueRequired":true,"valueName":"search_term_string"}}],"inLanguage":"pt-BR"},{"@type":"Organization","@id":"https:\/\/noticiasemdestaque.com\/cd\/#organization","name":"Not\u00edcias em Destaque","url":"https:\/\/noticiasemdestaque.com\/cd\/","logo":{"@type":"ImageObject","inLanguage":"pt-BR","@id":"https:\/\/noticiasemdestaque.com\/cd\/#\/schema\/logo\/image\/","url":"https:\/\/noticiasemdestaque.com\/cd\/wp-content\/uploads\/2022\/05\/imagem-base-noticiasemdestaque.png","contentUrl":"https:\/\/noticiasemdestaque.com\/cd\/wp-content\/uploads\/2022\/05\/imagem-base-noticiasemdestaque.png","width":1200,"height":630,"caption":"Not\u00edcias em Destaque"},"image":{"@id":"https:\/\/noticiasemdestaque.com\/cd\/#\/schema\/logo\/image\/"}},{"@type":"Person","@id":"https:\/\/noticiasemdestaque.com\/cd\/#\/schema\/person\/21320b03a7e8bb90128938dafc9b908a","name":"Not\u00edcias em Destaque","url":"https:\/\/noticiasemdestaque.com\/cd\/?author=2"}]}},"jetpack_featured_media_url":"https:\/\/noticiasemdestaque.com\/cd\/wp-content\/uploads\/2019\/07\/1.png","jetpack_sharing_enabled":true,"_links":{"self":[{"href":"https:\/\/noticiasemdestaque.com\/cd\/index.php?rest_route=\/wp\/v2\/posts\/18122","targetHints":{"allow":["GET"]}}],"collection":[{"href":"https:\/\/noticiasemdestaque.com\/cd\/index.php?rest_route=\/wp\/v2\/posts"}],"about":[{"href":"https:\/\/noticiasemdestaque.com\/cd\/index.php?rest_route=\/wp\/v2\/types\/post"}],"author":[{"embeddable":true,"href":"https:\/\/noticiasemdestaque.com\/cd\/index.php?rest_route=\/wp\/v2\/users\/2"}],"replies":[{"embeddable":true,"href":"https:\/\/noticiasemdestaque.com\/cd\/index.php?rest_route=%2Fwp%2Fv2%2Fcomments&post=18122"}],"version-history":[{"count":1,"href":"https:\/\/noticiasemdestaque.com\/cd\/index.php?rest_route=\/wp\/v2\/posts\/18122\/revisions"}],"predecessor-version":[{"id":18124,"href":"https:\/\/noticiasemdestaque.com\/cd\/index.php?rest_route=\/wp\/v2\/posts\/18122\/revisions\/18124"}],"wp:featuredmedia":[{"embeddable":true,"href":"https:\/\/noticiasemdestaque.com\/cd\/index.php?rest_route=\/wp\/v2\/media\/18123"}],"wp:attachment":[{"href":"https:\/\/noticiasemdestaque.com\/cd\/index.php?rest_route=%2Fwp%2Fv2%2Fmedia&parent=18122"}],"wp:term":[{"taxonomy":"category","embeddable":true,"href":"https:\/\/noticiasemdestaque.com\/cd\/index.php?rest_route=%2Fwp%2Fv2%2Fcategories&post=18122"},{"taxonomy":"post_tag","embeddable":true,"href":"https:\/\/noticiasemdestaque.com\/cd\/index.php?rest_route=%2Fwp%2Fv2%2Ftags&post=18122"}],"curies":[{"name":"wp","href":"https:\/\/api.w.org\/{rel}","templated":true}]}}