{"id":1795,"date":"2017-07-15T19:08:07","date_gmt":"2017-07-15T22:08:07","guid":{"rendered":"http:\/\/caririemdestaque.com\/cd\/?p=1795"},"modified":"2017-07-15T19:08:07","modified_gmt":"2017-07-15T22:08:07","slug":"amanha-comeca-o-circuito-de-futebol-amador-de-serra-branca","status":"publish","type":"post","link":"https:\/\/noticiasemdestaque.com\/cd\/?p=1795","title":{"rendered":"Amanh\u00e3 come\u00e7a o Circuito de Futebol Amador de Serra Branca\u00a0\u00a0\u00a0\u00a0\u00a0\u00a0\u00a0\u00a0\u00a0\u00a0\u00a0\u00a0\u00a0\u00a0\u00a0\u00a0"},"content":{"rendered":"<p><a href=\"http:\/\/caririemdestaque.com\/cd\/wp-content\/uploads\/2017\/07\/d96ddce9-09e7-4984-a4bd-83e24ca1b1c3.jpg\"><img fetchpriority=\"high\" decoding=\"async\" class=\"size-medium wp-image-1804 alignleft\" src=\"http:\/\/caririemdestaque.com\/cd\/wp-content\/uploads\/2017\/07\/d96ddce9-09e7-4984-a4bd-83e24ca1b1c3-300x169.jpg\" alt=\"\" width=\"300\" height=\"169\" srcset=\"https:\/\/noticiasemdestaque.com\/cd\/wp-content\/uploads\/2017\/07\/d96ddce9-09e7-4984-a4bd-83e24ca1b1c3-300x169.jpg 300w, https:\/\/noticiasemdestaque.com\/cd\/wp-content\/uploads\/2017\/07\/d96ddce9-09e7-4984-a4bd-83e24ca1b1c3-768x432.jpg 768w, https:\/\/noticiasemdestaque.com\/cd\/wp-content\/uploads\/2017\/07\/d96ddce9-09e7-4984-a4bd-83e24ca1b1c3-1024x576.jpg 1024w, https:\/\/noticiasemdestaque.com\/cd\/wp-content\/uploads\/2017\/07\/d96ddce9-09e7-4984-a4bd-83e24ca1b1c3.jpg 1032w\" sizes=\"(max-width: 300px) 100vw, 300px\" \/><\/a>O evento que tem como idealiza\u00e7\u00e3o e coordena\u00e7\u00e3o, o professor de Educa\u00e7\u00e3o F\u00edsica Galeguinho promove desse domingo (16), \u00a0disputas entre equipes de futebol.<\/p>\n<p>O primeiro local das competi\u00e7\u00f5es ser\u00e1 no s\u00edtio V\u00e1rzea Nova, onde seis equipes participaram da fase \u00a0de abertura s\u00e3o elas: Esporte Clube V\u00e1rzea Nova, Vila Nova do \u00a0Ah\u00fa e Campinense da Serrinha, Tabajara das Vertentes, Olaria das Malvinas e Juventus.<\/p>\n<p>Depois acontecer\u00e3o rodadas no S\u00edtio Ligeiro, Regi\u00e3o de Sucuru, Regi\u00e3o das Serras e uma grande festa de encerramento com os classificados de cada etapa.<\/p>\n<p>Ao total participar\u00e3o 24 equipes de nosso munic\u00edpio, ser\u00e3o quatro etapas classificat\u00f3rias. A premia\u00e7\u00e3o \u00e9 a seguinte: 5 padr\u00f5es, 24 bolas de futebol, trof\u00e9us e medalhas na grande final.<\/p>\n<p><em><strong>Cariri em Destaque<\/strong><\/em><\/p>\n<p>&nbsp;<\/p>\n","protected":false},"excerpt":{"rendered":"<p>O evento que tem como idealiza\u00e7\u00e3o e coordena\u00e7\u00e3o, o professor de Educa\u00e7\u00e3o F\u00edsica Galeguinho promove desse domingo (16), \u00a0disputas entre equipes de futebol. O primeiro local das competi\u00e7\u00f5es ser\u00e1 no s\u00edtio V\u00e1rzea Nova, onde seis equipes participaram da fase \u00a0de abertura s\u00e3o elas: Esporte Clube V\u00e1rzea Nova, Vila Nova do \u00a0Ah\u00fa e Campinense da Serrinha, Tabajara das Vertentes, Olaria das Malvinas e Juventus. Depois acontecer\u00e3o rodadas no S\u00edtio Ligeiro, Regi\u00e3o de Sucuru, Regi\u00e3o das Serras e uma grande festa de encerramento com os classificados de cada etapa. Ao total participar\u00e3o 24 equipes de nosso munic\u00edpio, ser\u00e3o quatro etapas classificat\u00f3rias. A premia\u00e7\u00e3o \u00e9 a seguinte: 5 padr\u00f5es, 24 bolas de futebol, trof\u00e9us e medalhas na grande final. Cariri em Destaque &nbsp;<\/p>\n","protected":false},"author":2,"featured_media":1803,"comment_status":"closed","ping_status":"open","sticky":false,"template":"","format":"standard","meta":{"_eb_attr":"","_jetpack_memberships_contains_paid_content":false,"footnotes":""},"categories":[3],"tags":[],"class_list":["post-1795","post","type-post","status-publish","format-standard","has-post-thumbnail","hentry","category-cidades"],"yoast_head":"<!-- This site is optimized with the Yoast SEO plugin v26.5 - https:\/\/yoast.com\/wordpress\/plugins\/seo\/ -->\n<title>Amanh\u00e3 come\u00e7a o Circuito de Futebol Amador de Serra Branca\u00a0\u00a0\u00a0\u00a0\u00a0\u00a0\u00a0\u00a0\u00a0\u00a0\u00a0\u00a0\u00a0\u00a0\u00a0\u00a0 - Not&iacute;cias em Destaque<\/title>\n<meta name=\"robots\" content=\"index, follow, max-snippet:-1, max-image-preview:large, max-video-preview:-1\" \/>\n<link rel=\"canonical\" href=\"https:\/\/noticiasemdestaque.com\/cd\/?p=1795\" \/>\n<meta property=\"og:locale\" content=\"pt_BR\" \/>\n<meta property=\"og:type\" content=\"article\" \/>\n<meta property=\"og:title\" content=\"Amanh\u00e3 come\u00e7a o Circuito de Futebol Amador de Serra Branca\u00a0\u00a0\u00a0\u00a0\u00a0\u00a0\u00a0\u00a0\u00a0\u00a0\u00a0\u00a0\u00a0\u00a0\u00a0\u00a0 - Not&iacute;cias em Destaque\" \/>\n<meta property=\"og:description\" content=\"O evento que tem como idealiza\u00e7\u00e3o e coordena\u00e7\u00e3o, o professor de Educa\u00e7\u00e3o F\u00edsica Galeguinho promove desse domingo (16), \u00a0disputas entre equipes de futebol. O primeiro local das competi\u00e7\u00f5es ser\u00e1 no s\u00edtio V\u00e1rzea Nova, onde seis equipes participaram da fase \u00a0de abertura s\u00e3o elas: Esporte Clube V\u00e1rzea Nova, Vila Nova do \u00a0Ah\u00fa e Campinense da Serrinha, Tabajara das Vertentes, Olaria das Malvinas e Juventus. Depois acontecer\u00e3o rodadas no S\u00edtio Ligeiro, Regi\u00e3o de Sucuru, Regi\u00e3o das Serras e uma grande festa de encerramento com os classificados de cada etapa. Ao total participar\u00e3o 24 equipes de nosso munic\u00edpio, ser\u00e3o quatro etapas classificat\u00f3rias. A premia\u00e7\u00e3o \u00e9 a seguinte: 5 padr\u00f5es, 24 bolas de futebol, trof\u00e9us e medalhas na grande final. Cariri em Destaque &nbsp;\" \/>\n<meta property=\"og:url\" content=\"https:\/\/noticiasemdestaque.com\/cd\/?p=1795\" \/>\n<meta property=\"og:site_name\" content=\"Not&iacute;cias em Destaque\" \/>\n<meta property=\"article:published_time\" content=\"2017-07-15T22:08:07+00:00\" \/>\n<meta property=\"og:image\" content=\"https:\/\/noticiasemdestaque.com\/cd\/wp-content\/uploads\/2017\/07\/e89701e0-02b7-4f10-83a8-71f0b800af6c.jpg\" \/>\n\t<meta property=\"og:image:width\" content=\"974\" \/>\n\t<meta property=\"og:image:height\" content=\"1280\" \/>\n\t<meta property=\"og:image:type\" content=\"image\/jpeg\" \/>\n<meta name=\"author\" content=\"Not\u00edcias em Destaque\" \/>\n<meta name=\"twitter:card\" content=\"summary_large_image\" \/>\n<meta name=\"twitter:label1\" content=\"Escrito por\" \/>\n\t<meta name=\"twitter:data1\" content=\"Not\u00edcias em Destaque\" \/>\n\t<meta name=\"twitter:label2\" content=\"Est. tempo de leitura\" \/>\n\t<meta name=\"twitter:data2\" content=\"1 minuto\" \/>\n<script type=\"application\/ld+json\" class=\"yoast-schema-graph\">{\"@context\":\"https:\/\/schema.org\",\"@graph\":[{\"@type\":\"Article\",\"@id\":\"https:\/\/noticiasemdestaque.com\/cd\/?p=1795#article\",\"isPartOf\":{\"@id\":\"https:\/\/noticiasemdestaque.com\/cd\/?p=1795\"},\"author\":{\"name\":\"Not\u00edcias em Destaque\",\"@id\":\"https:\/\/noticiasemdestaque.com\/cd\/#\/schema\/person\/4a81fb71f77579d059c3045891fa1786\"},\"headline\":\"Amanh\u00e3 come\u00e7a o Circuito de Futebol Amador de Serra Branca\u00a0\u00a0\u00a0\u00a0\u00a0\u00a0\u00a0\u00a0\u00a0\u00a0\u00a0\u00a0\u00a0\u00a0\u00a0\u00a0\",\"datePublished\":\"2017-07-15T22:08:07+00:00\",\"mainEntityOfPage\":{\"@id\":\"https:\/\/noticiasemdestaque.com\/cd\/?p=1795\"},\"wordCount\":146,\"publisher\":{\"@id\":\"https:\/\/noticiasemdestaque.com\/cd\/#organization\"},\"image\":{\"@id\":\"https:\/\/noticiasemdestaque.com\/cd\/?p=1795#primaryimage\"},\"thumbnailUrl\":\"https:\/\/noticiasemdestaque.com\/cd\/wp-content\/uploads\/2017\/07\/e89701e0-02b7-4f10-83a8-71f0b800af6c.jpg\",\"articleSection\":[\"Cidades\"],\"inLanguage\":\"pt-BR\"},{\"@type\":\"WebPage\",\"@id\":\"https:\/\/noticiasemdestaque.com\/cd\/?p=1795\",\"url\":\"https:\/\/noticiasemdestaque.com\/cd\/?p=1795\",\"name\":\"Amanh\u00e3 come\u00e7a o Circuito de Futebol Amador de Serra Branca\u00a0\u00a0\u00a0\u00a0\u00a0\u00a0\u00a0\u00a0\u00a0\u00a0\u00a0\u00a0\u00a0\u00a0\u00a0\u00a0 - Not&iacute;cias em Destaque\",\"isPartOf\":{\"@id\":\"https:\/\/noticiasemdestaque.com\/cd\/#website\"},\"primaryImageOfPage\":{\"@id\":\"https:\/\/noticiasemdestaque.com\/cd\/?p=1795#primaryimage\"},\"image\":{\"@id\":\"https:\/\/noticiasemdestaque.com\/cd\/?p=1795#primaryimage\"},\"thumbnailUrl\":\"https:\/\/noticiasemdestaque.com\/cd\/wp-content\/uploads\/2017\/07\/e89701e0-02b7-4f10-83a8-71f0b800af6c.jpg\",\"datePublished\":\"2017-07-15T22:08:07+00:00\",\"breadcrumb\":{\"@id\":\"https:\/\/noticiasemdestaque.com\/cd\/?p=1795#breadcrumb\"},\"inLanguage\":\"pt-BR\",\"potentialAction\":[{\"@type\":\"ReadAction\",\"target\":[\"https:\/\/noticiasemdestaque.com\/cd\/?p=1795\"]}]},{\"@type\":\"ImageObject\",\"inLanguage\":\"pt-BR\",\"@id\":\"https:\/\/noticiasemdestaque.com\/cd\/?p=1795#primaryimage\",\"url\":\"https:\/\/noticiasemdestaque.com\/cd\/wp-content\/uploads\/2017\/07\/e89701e0-02b7-4f10-83a8-71f0b800af6c.jpg\",\"contentUrl\":\"https:\/\/noticiasemdestaque.com\/cd\/wp-content\/uploads\/2017\/07\/e89701e0-02b7-4f10-83a8-71f0b800af6c.jpg\",\"width\":974,\"height\":1280},{\"@type\":\"BreadcrumbList\",\"@id\":\"https:\/\/noticiasemdestaque.com\/cd\/?p=1795#breadcrumb\",\"itemListElement\":[{\"@type\":\"ListItem\",\"position\":1,\"name\":\"In\u00edcio\",\"item\":\"https:\/\/noticiasemdestaque.com\/cd\/\"},{\"@type\":\"ListItem\",\"position\":2,\"name\":\"Amanh\u00e3 come\u00e7a o Circuito de Futebol Amador de Serra Branca\u00a0\u00a0\u00a0\u00a0\u00a0\u00a0\u00a0\u00a0\u00a0\u00a0\u00a0\u00a0\u00a0\u00a0\u00a0\u00a0\"}]},{\"@type\":\"WebSite\",\"@id\":\"https:\/\/noticiasemdestaque.com\/cd\/#website\",\"url\":\"https:\/\/noticiasemdestaque.com\/cd\/\",\"name\":\"Not&iacute;cias em Destaque\",\"description\":\"\",\"publisher\":{\"@id\":\"https:\/\/noticiasemdestaque.com\/cd\/#organization\"},\"potentialAction\":[{\"@type\":\"SearchAction\",\"target\":{\"@type\":\"EntryPoint\",\"urlTemplate\":\"https:\/\/noticiasemdestaque.com\/cd\/?s={search_term_string}\"},\"query-input\":{\"@type\":\"PropertyValueSpecification\",\"valueRequired\":true,\"valueName\":\"search_term_string\"}}],\"inLanguage\":\"pt-BR\"},{\"@type\":\"Organization\",\"@id\":\"https:\/\/noticiasemdestaque.com\/cd\/#organization\",\"name\":\"Not\u00edcias em Destaque\",\"url\":\"https:\/\/noticiasemdestaque.com\/cd\/\",\"logo\":{\"@type\":\"ImageObject\",\"inLanguage\":\"pt-BR\",\"@id\":\"https:\/\/noticiasemdestaque.com\/cd\/#\/schema\/logo\/image\/\",\"url\":\"https:\/\/noticiasemdestaque.com\/cd\/wp-content\/uploads\/2022\/05\/imagem-base-noticiasemdestaque.png\",\"contentUrl\":\"https:\/\/noticiasemdestaque.com\/cd\/wp-content\/uploads\/2022\/05\/imagem-base-noticiasemdestaque.png\",\"width\":1200,\"height\":630,\"caption\":\"Not\u00edcias em Destaque\"},\"image\":{\"@id\":\"https:\/\/noticiasemdestaque.com\/cd\/#\/schema\/logo\/image\/\"}},{\"@type\":\"Person\",\"@id\":\"https:\/\/noticiasemdestaque.com\/cd\/#\/schema\/person\/4a81fb71f77579d059c3045891fa1786\",\"name\":\"Not\u00edcias em Destaque\",\"url\":\"https:\/\/noticiasemdestaque.com\/cd\/?author=2\"}]}<\/script>\n<!-- \/ Yoast SEO plugin. -->","yoast_head_json":{"title":"Amanh\u00e3 come\u00e7a o Circuito de Futebol Amador de Serra Branca\u00a0\u00a0\u00a0\u00a0\u00a0\u00a0\u00a0\u00a0\u00a0\u00a0\u00a0\u00a0\u00a0\u00a0\u00a0\u00a0 - Not&iacute;cias em Destaque","robots":{"index":"index","follow":"follow","max-snippet":"max-snippet:-1","max-image-preview":"max-image-preview:large","max-video-preview":"max-video-preview:-1"},"canonical":"https:\/\/noticiasemdestaque.com\/cd\/?p=1795","og_locale":"pt_BR","og_type":"article","og_title":"Amanh\u00e3 come\u00e7a o Circuito de Futebol Amador de Serra Branca\u00a0\u00a0\u00a0\u00a0\u00a0\u00a0\u00a0\u00a0\u00a0\u00a0\u00a0\u00a0\u00a0\u00a0\u00a0\u00a0 - Not&iacute;cias em Destaque","og_description":"O evento que tem como idealiza\u00e7\u00e3o e coordena\u00e7\u00e3o, o professor de Educa\u00e7\u00e3o F\u00edsica Galeguinho promove desse domingo (16), \u00a0disputas entre equipes de futebol. O primeiro local das competi\u00e7\u00f5es ser\u00e1 no s\u00edtio V\u00e1rzea Nova, onde seis equipes participaram da fase \u00a0de abertura s\u00e3o elas: Esporte Clube V\u00e1rzea Nova, Vila Nova do \u00a0Ah\u00fa e Campinense da Serrinha, Tabajara das Vertentes, Olaria das Malvinas e Juventus. Depois acontecer\u00e3o rodadas no S\u00edtio Ligeiro, Regi\u00e3o de Sucuru, Regi\u00e3o das Serras e uma grande festa de encerramento com os classificados de cada etapa. Ao total participar\u00e3o 24 equipes de nosso munic\u00edpio, ser\u00e3o quatro etapas classificat\u00f3rias. A premia\u00e7\u00e3o \u00e9 a seguinte: 5 padr\u00f5es, 24 bolas de futebol, trof\u00e9us e medalhas na grande final. Cariri em Destaque &nbsp;","og_url":"https:\/\/noticiasemdestaque.com\/cd\/?p=1795","og_site_name":"Not&iacute;cias em Destaque","article_published_time":"2017-07-15T22:08:07+00:00","og_image":[{"width":974,"height":1280,"url":"https:\/\/noticiasemdestaque.com\/cd\/wp-content\/uploads\/2017\/07\/e89701e0-02b7-4f10-83a8-71f0b800af6c.jpg","type":"image\/jpeg"}],"author":"Not\u00edcias em Destaque","twitter_card":"summary_large_image","twitter_misc":{"Escrito por":"Not\u00edcias em Destaque","Est. tempo de leitura":"1 minuto"},"schema":{"@context":"https:\/\/schema.org","@graph":[{"@type":"Article","@id":"https:\/\/noticiasemdestaque.com\/cd\/?p=1795#article","isPartOf":{"@id":"https:\/\/noticiasemdestaque.com\/cd\/?p=1795"},"author":{"name":"Not\u00edcias em Destaque","@id":"https:\/\/noticiasemdestaque.com\/cd\/#\/schema\/person\/4a81fb71f77579d059c3045891fa1786"},"headline":"Amanh\u00e3 come\u00e7a o Circuito de Futebol Amador de Serra Branca\u00a0\u00a0\u00a0\u00a0\u00a0\u00a0\u00a0\u00a0\u00a0\u00a0\u00a0\u00a0\u00a0\u00a0\u00a0\u00a0","datePublished":"2017-07-15T22:08:07+00:00","mainEntityOfPage":{"@id":"https:\/\/noticiasemdestaque.com\/cd\/?p=1795"},"wordCount":146,"publisher":{"@id":"https:\/\/noticiasemdestaque.com\/cd\/#organization"},"image":{"@id":"https:\/\/noticiasemdestaque.com\/cd\/?p=1795#primaryimage"},"thumbnailUrl":"https:\/\/noticiasemdestaque.com\/cd\/wp-content\/uploads\/2017\/07\/e89701e0-02b7-4f10-83a8-71f0b800af6c.jpg","articleSection":["Cidades"],"inLanguage":"pt-BR"},{"@type":"WebPage","@id":"https:\/\/noticiasemdestaque.com\/cd\/?p=1795","url":"https:\/\/noticiasemdestaque.com\/cd\/?p=1795","name":"Amanh\u00e3 come\u00e7a o Circuito de Futebol Amador de Serra Branca\u00a0\u00a0\u00a0\u00a0\u00a0\u00a0\u00a0\u00a0\u00a0\u00a0\u00a0\u00a0\u00a0\u00a0\u00a0\u00a0 - Not&iacute;cias em Destaque","isPartOf":{"@id":"https:\/\/noticiasemdestaque.com\/cd\/#website"},"primaryImageOfPage":{"@id":"https:\/\/noticiasemdestaque.com\/cd\/?p=1795#primaryimage"},"image":{"@id":"https:\/\/noticiasemdestaque.com\/cd\/?p=1795#primaryimage"},"thumbnailUrl":"https:\/\/noticiasemdestaque.com\/cd\/wp-content\/uploads\/2017\/07\/e89701e0-02b7-4f10-83a8-71f0b800af6c.jpg","datePublished":"2017-07-15T22:08:07+00:00","breadcrumb":{"@id":"https:\/\/noticiasemdestaque.com\/cd\/?p=1795#breadcrumb"},"inLanguage":"pt-BR","potentialAction":[{"@type":"ReadAction","target":["https:\/\/noticiasemdestaque.com\/cd\/?p=1795"]}]},{"@type":"ImageObject","inLanguage":"pt-BR","@id":"https:\/\/noticiasemdestaque.com\/cd\/?p=1795#primaryimage","url":"https:\/\/noticiasemdestaque.com\/cd\/wp-content\/uploads\/2017\/07\/e89701e0-02b7-4f10-83a8-71f0b800af6c.jpg","contentUrl":"https:\/\/noticiasemdestaque.com\/cd\/wp-content\/uploads\/2017\/07\/e89701e0-02b7-4f10-83a8-71f0b800af6c.jpg","width":974,"height":1280},{"@type":"BreadcrumbList","@id":"https:\/\/noticiasemdestaque.com\/cd\/?p=1795#breadcrumb","itemListElement":[{"@type":"ListItem","position":1,"name":"In\u00edcio","item":"https:\/\/noticiasemdestaque.com\/cd\/"},{"@type":"ListItem","position":2,"name":"Amanh\u00e3 come\u00e7a o Circuito de Futebol Amador de Serra Branca\u00a0\u00a0\u00a0\u00a0\u00a0\u00a0\u00a0\u00a0\u00a0\u00a0\u00a0\u00a0\u00a0\u00a0\u00a0\u00a0"}]},{"@type":"WebSite","@id":"https:\/\/noticiasemdestaque.com\/cd\/#website","url":"https:\/\/noticiasemdestaque.com\/cd\/","name":"Not&iacute;cias em Destaque","description":"","publisher":{"@id":"https:\/\/noticiasemdestaque.com\/cd\/#organization"},"potentialAction":[{"@type":"SearchAction","target":{"@type":"EntryPoint","urlTemplate":"https:\/\/noticiasemdestaque.com\/cd\/?s={search_term_string}"},"query-input":{"@type":"PropertyValueSpecification","valueRequired":true,"valueName":"search_term_string"}}],"inLanguage":"pt-BR"},{"@type":"Organization","@id":"https:\/\/noticiasemdestaque.com\/cd\/#organization","name":"Not\u00edcias em Destaque","url":"https:\/\/noticiasemdestaque.com\/cd\/","logo":{"@type":"ImageObject","inLanguage":"pt-BR","@id":"https:\/\/noticiasemdestaque.com\/cd\/#\/schema\/logo\/image\/","url":"https:\/\/noticiasemdestaque.com\/cd\/wp-content\/uploads\/2022\/05\/imagem-base-noticiasemdestaque.png","contentUrl":"https:\/\/noticiasemdestaque.com\/cd\/wp-content\/uploads\/2022\/05\/imagem-base-noticiasemdestaque.png","width":1200,"height":630,"caption":"Not\u00edcias em Destaque"},"image":{"@id":"https:\/\/noticiasemdestaque.com\/cd\/#\/schema\/logo\/image\/"}},{"@type":"Person","@id":"https:\/\/noticiasemdestaque.com\/cd\/#\/schema\/person\/4a81fb71f77579d059c3045891fa1786","name":"Not\u00edcias em Destaque","url":"https:\/\/noticiasemdestaque.com\/cd\/?author=2"}]}},"jetpack_featured_media_url":"https:\/\/noticiasemdestaque.com\/cd\/wp-content\/uploads\/2017\/07\/e89701e0-02b7-4f10-83a8-71f0b800af6c.jpg","jetpack_sharing_enabled":true,"_links":{"self":[{"href":"https:\/\/noticiasemdestaque.com\/cd\/index.php?rest_route=\/wp\/v2\/posts\/1795","targetHints":{"allow":["GET"]}}],"collection":[{"href":"https:\/\/noticiasemdestaque.com\/cd\/index.php?rest_route=\/wp\/v2\/posts"}],"about":[{"href":"https:\/\/noticiasemdestaque.com\/cd\/index.php?rest_route=\/wp\/v2\/types\/post"}],"author":[{"embeddable":true,"href":"https:\/\/noticiasemdestaque.com\/cd\/index.php?rest_route=\/wp\/v2\/users\/2"}],"replies":[{"embeddable":true,"href":"https:\/\/noticiasemdestaque.com\/cd\/index.php?rest_route=%2Fwp%2Fv2%2Fcomments&post=1795"}],"version-history":[{"count":2,"href":"https:\/\/noticiasemdestaque.com\/cd\/index.php?rest_route=\/wp\/v2\/posts\/1795\/revisions"}],"predecessor-version":[{"id":1857,"href":"https:\/\/noticiasemdestaque.com\/cd\/index.php?rest_route=\/wp\/v2\/posts\/1795\/revisions\/1857"}],"wp:featuredmedia":[{"embeddable":true,"href":"https:\/\/noticiasemdestaque.com\/cd\/index.php?rest_route=\/wp\/v2\/media\/1803"}],"wp:attachment":[{"href":"https:\/\/noticiasemdestaque.com\/cd\/index.php?rest_route=%2Fwp%2Fv2%2Fmedia&parent=1795"}],"wp:term":[{"taxonomy":"category","embeddable":true,"href":"https:\/\/noticiasemdestaque.com\/cd\/index.php?rest_route=%2Fwp%2Fv2%2Fcategories&post=1795"},{"taxonomy":"post_tag","embeddable":true,"href":"https:\/\/noticiasemdestaque.com\/cd\/index.php?rest_route=%2Fwp%2Fv2%2Ftags&post=1795"}],"curies":[{"name":"wp","href":"https:\/\/api.w.org\/{rel}","templated":true}]}}