{"id":1767,"date":"2017-07-14T17:42:13","date_gmt":"2017-07-14T20:42:13","guid":{"rendered":"http:\/\/caririemdestaque.com\/cd\/?p=1767"},"modified":"2017-07-14T17:42:13","modified_gmt":"2017-07-14T20:42:13","slug":"cisco-divulga-resultado-final-da-1a-etapa-do-processo-seletivo-para-formacao-de-cadastro-de-reserva","status":"publish","type":"post","link":"https:\/\/noticiasemdestaque.com\/cd\/?p=1767","title":{"rendered":"CISCO DIVULGA RESULTADO FINAL DA 1\u00aa ETAPA DO PROCESSO SELETIVO PARA FORMA\u00c7\u00c3O DE CADASTRO DE RESERVA"},"content":{"rendered":"<p><a href=\"http:\/\/caririemdestaque.com\/cd\/wp-content\/uploads\/2017\/07\/processo-seletivo-prova-destaque.jpg\"><img decoding=\"async\" class=\"size-medium wp-image-1768 alignleft\" src=\"http:\/\/caririemdestaque.com\/cd\/wp-content\/uploads\/2017\/07\/processo-seletivo-prova-destaque-300x164.jpg\" alt=\"\" width=\"300\" height=\"164\" srcset=\"https:\/\/noticiasemdestaque.com\/cd\/wp-content\/uploads\/2017\/07\/processo-seletivo-prova-destaque-300x164.jpg 300w, https:\/\/noticiasemdestaque.com\/cd\/wp-content\/uploads\/2017\/07\/processo-seletivo-prova-destaque.jpg 660w\" sizes=\"(max-width: 300px) 100vw, 300px\" \/><\/a>A comiss\u00e3o Organizadora do processo seletivo para forma\u00e7\u00e3o de cadastro de reserva N\u00ba 001\/2017 do Cons\u00f3rcio P\u00fablico Intermunicipal de Sa\u00fade do Cariri Ocidental (CISCO), torna p\u00fablico o resultado Final da 1\u00aa etapa dos Candidatos selecionados\/inscritos do Processo Seletivo P\u00fablico Simplificado do Cons\u00f3rcio P\u00fablico Intermunicipal de Sa\u00fade do Cariri Ocidental (CISCO).<\/p>\n<p>CONFIRA AQUI: <a href=\"https:\/\/drive.google.com\/file\/d\/0B5vOph2wXK29ZzVGZ0QyM1hDMXM\/view?ts=59691a40\">CLICK RESULTADO<\/a><\/p>\n<p>A segunda fase (os candidatos classificados at\u00e9 a 3\u00aa posi\u00e7\u00e3o) consiste em entrevistas, ser\u00e1 no dia 18 de julho de 2017, a partir das 14h, na sede do CISCO, localizado \u00e0 Rua Vereador Elias Duarte s\/n, Centro, Sum\u00e9(PB).<\/p>\n<p>Cariri em Destaque<\/p>\n","protected":false},"excerpt":{"rendered":"<p>A comiss\u00e3o Organizadora do processo seletivo para forma\u00e7\u00e3o de cadastro de reserva N\u00ba 001\/2017 do Cons\u00f3rcio P\u00fablico Intermunicipal de Sa\u00fade do Cariri Ocidental (CISCO), torna p\u00fablico o resultado Final da 1\u00aa etapa dos Candidatos selecionados\/inscritos do Processo Seletivo P\u00fablico Simplificado do Cons\u00f3rcio P\u00fablico Intermunicipal de Sa\u00fade do Cariri Ocidental (CISCO). CONFIRA AQUI: CLICK RESULTADO A segunda fase (os candidatos classificados at\u00e9 a 3\u00aa posi\u00e7\u00e3o) consiste em entrevistas, ser\u00e1 no dia 18 de julho de 2017, a partir das 14h, na sede do CISCO, localizado \u00e0 Rua Vereador Elias Duarte s\/n, Centro, Sum\u00e9(PB). Cariri em Destaque<\/p>\n","protected":false},"author":2,"featured_media":0,"comment_status":"closed","ping_status":"open","sticky":false,"template":"","format":"standard","meta":{"_eb_attr":"","_jetpack_memberships_contains_paid_content":false,"footnotes":""},"categories":[3],"tags":[],"class_list":["post-1767","post","type-post","status-publish","format-standard","hentry","category-cidades"],"yoast_head":"<!-- This site is optimized with the Yoast SEO plugin v26.5 - https:\/\/yoast.com\/wordpress\/plugins\/seo\/ -->\n<title>CISCO DIVULGA RESULTADO FINAL DA 1\u00aa ETAPA DO PROCESSO SELETIVO PARA FORMA\u00c7\u00c3O DE CADASTRO DE RESERVA - Not&iacute;cias em Destaque<\/title>\n<meta name=\"robots\" content=\"index, follow, max-snippet:-1, max-image-preview:large, max-video-preview:-1\" \/>\n<link rel=\"canonical\" href=\"https:\/\/noticiasemdestaque.com\/cd\/?p=1767\" \/>\n<meta property=\"og:locale\" content=\"pt_BR\" \/>\n<meta property=\"og:type\" content=\"article\" \/>\n<meta property=\"og:title\" content=\"CISCO DIVULGA RESULTADO FINAL DA 1\u00aa ETAPA DO PROCESSO SELETIVO PARA FORMA\u00c7\u00c3O DE CADASTRO DE RESERVA - Not&iacute;cias em Destaque\" \/>\n<meta property=\"og:description\" content=\"A comiss\u00e3o Organizadora do processo seletivo para forma\u00e7\u00e3o de cadastro de reserva N\u00ba 001\/2017 do Cons\u00f3rcio P\u00fablico Intermunicipal de Sa\u00fade do Cariri Ocidental (CISCO), torna p\u00fablico o resultado Final da 1\u00aa etapa dos Candidatos selecionados\/inscritos do Processo Seletivo P\u00fablico Simplificado do Cons\u00f3rcio P\u00fablico Intermunicipal de Sa\u00fade do Cariri Ocidental (CISCO). CONFIRA AQUI: CLICK RESULTADO A segunda fase (os candidatos classificados at\u00e9 a 3\u00aa posi\u00e7\u00e3o) consiste em entrevistas, ser\u00e1 no dia 18 de julho de 2017, a partir das 14h, na sede do CISCO, localizado \u00e0 Rua Vereador Elias Duarte s\/n, Centro, Sum\u00e9(PB). Cariri em Destaque\" \/>\n<meta property=\"og:url\" content=\"https:\/\/noticiasemdestaque.com\/cd\/?p=1767\" \/>\n<meta property=\"og:site_name\" content=\"Not&iacute;cias em Destaque\" \/>\n<meta property=\"article:published_time\" content=\"2017-07-14T20:42:13+00:00\" \/>\n<meta property=\"og:image\" content=\"http:\/\/caririemdestaque.com\/cd\/wp-content\/uploads\/2017\/07\/processo-seletivo-prova-destaque-300x164.jpg\" \/>\n<meta name=\"author\" content=\"Not\u00edcias em Destaque\" \/>\n<meta name=\"twitter:card\" content=\"summary_large_image\" \/>\n<meta name=\"twitter:label1\" content=\"Escrito por\" \/>\n\t<meta name=\"twitter:data1\" content=\"Not\u00edcias em Destaque\" \/>\n\t<meta name=\"twitter:label2\" content=\"Est. tempo de leitura\" \/>\n\t<meta name=\"twitter:data2\" content=\"1 minuto\" \/>\n<script type=\"application\/ld+json\" class=\"yoast-schema-graph\">{\"@context\":\"https:\/\/schema.org\",\"@graph\":[{\"@type\":\"Article\",\"@id\":\"https:\/\/noticiasemdestaque.com\/cd\/?p=1767#article\",\"isPartOf\":{\"@id\":\"https:\/\/noticiasemdestaque.com\/cd\/?p=1767\"},\"author\":{\"name\":\"Not\u00edcias em Destaque\",\"@id\":\"https:\/\/noticiasemdestaque.com\/cd\/#\/schema\/person\/4a81fb71f77579d059c3045891fa1786\"},\"headline\":\"CISCO DIVULGA RESULTADO FINAL DA 1\u00aa ETAPA DO PROCESSO SELETIVO PARA FORMA\u00c7\u00c3O DE CADASTRO DE RESERVA\",\"datePublished\":\"2017-07-14T20:42:13+00:00\",\"mainEntityOfPage\":{\"@id\":\"https:\/\/noticiasemdestaque.com\/cd\/?p=1767\"},\"wordCount\":119,\"publisher\":{\"@id\":\"https:\/\/noticiasemdestaque.com\/cd\/#organization\"},\"image\":{\"@id\":\"https:\/\/noticiasemdestaque.com\/cd\/?p=1767#primaryimage\"},\"thumbnailUrl\":\"http:\/\/caririemdestaque.com\/cd\/wp-content\/uploads\/2017\/07\/processo-seletivo-prova-destaque-300x164.jpg\",\"articleSection\":[\"Cidades\"],\"inLanguage\":\"pt-BR\"},{\"@type\":\"WebPage\",\"@id\":\"https:\/\/noticiasemdestaque.com\/cd\/?p=1767\",\"url\":\"https:\/\/noticiasemdestaque.com\/cd\/?p=1767\",\"name\":\"CISCO DIVULGA RESULTADO FINAL DA 1\u00aa ETAPA DO PROCESSO SELETIVO PARA FORMA\u00c7\u00c3O DE CADASTRO DE RESERVA - Not&iacute;cias em Destaque\",\"isPartOf\":{\"@id\":\"https:\/\/noticiasemdestaque.com\/cd\/#website\"},\"primaryImageOfPage\":{\"@id\":\"https:\/\/noticiasemdestaque.com\/cd\/?p=1767#primaryimage\"},\"image\":{\"@id\":\"https:\/\/noticiasemdestaque.com\/cd\/?p=1767#primaryimage\"},\"thumbnailUrl\":\"http:\/\/caririemdestaque.com\/cd\/wp-content\/uploads\/2017\/07\/processo-seletivo-prova-destaque-300x164.jpg\",\"datePublished\":\"2017-07-14T20:42:13+00:00\",\"breadcrumb\":{\"@id\":\"https:\/\/noticiasemdestaque.com\/cd\/?p=1767#breadcrumb\"},\"inLanguage\":\"pt-BR\",\"potentialAction\":[{\"@type\":\"ReadAction\",\"target\":[\"https:\/\/noticiasemdestaque.com\/cd\/?p=1767\"]}]},{\"@type\":\"ImageObject\",\"inLanguage\":\"pt-BR\",\"@id\":\"https:\/\/noticiasemdestaque.com\/cd\/?p=1767#primaryimage\",\"url\":\"http:\/\/caririemdestaque.com\/cd\/wp-content\/uploads\/2017\/07\/processo-seletivo-prova-destaque-300x164.jpg\",\"contentUrl\":\"http:\/\/caririemdestaque.com\/cd\/wp-content\/uploads\/2017\/07\/processo-seletivo-prova-destaque-300x164.jpg\"},{\"@type\":\"BreadcrumbList\",\"@id\":\"https:\/\/noticiasemdestaque.com\/cd\/?p=1767#breadcrumb\",\"itemListElement\":[{\"@type\":\"ListItem\",\"position\":1,\"name\":\"In\u00edcio\",\"item\":\"https:\/\/noticiasemdestaque.com\/cd\/\"},{\"@type\":\"ListItem\",\"position\":2,\"name\":\"CISCO DIVULGA RESULTADO FINAL DA 1\u00aa ETAPA DO PROCESSO SELETIVO PARA FORMA\u00c7\u00c3O DE CADASTRO DE RESERVA\"}]},{\"@type\":\"WebSite\",\"@id\":\"https:\/\/noticiasemdestaque.com\/cd\/#website\",\"url\":\"https:\/\/noticiasemdestaque.com\/cd\/\",\"name\":\"Not&iacute;cias em Destaque\",\"description\":\"\",\"publisher\":{\"@id\":\"https:\/\/noticiasemdestaque.com\/cd\/#organization\"},\"potentialAction\":[{\"@type\":\"SearchAction\",\"target\":{\"@type\":\"EntryPoint\",\"urlTemplate\":\"https:\/\/noticiasemdestaque.com\/cd\/?s={search_term_string}\"},\"query-input\":{\"@type\":\"PropertyValueSpecification\",\"valueRequired\":true,\"valueName\":\"search_term_string\"}}],\"inLanguage\":\"pt-BR\"},{\"@type\":\"Organization\",\"@id\":\"https:\/\/noticiasemdestaque.com\/cd\/#organization\",\"name\":\"Not\u00edcias em Destaque\",\"url\":\"https:\/\/noticiasemdestaque.com\/cd\/\",\"logo\":{\"@type\":\"ImageObject\",\"inLanguage\":\"pt-BR\",\"@id\":\"https:\/\/noticiasemdestaque.com\/cd\/#\/schema\/logo\/image\/\",\"url\":\"https:\/\/noticiasemdestaque.com\/cd\/wp-content\/uploads\/2022\/05\/imagem-base-noticiasemdestaque.png\",\"contentUrl\":\"https:\/\/noticiasemdestaque.com\/cd\/wp-content\/uploads\/2022\/05\/imagem-base-noticiasemdestaque.png\",\"width\":1200,\"height\":630,\"caption\":\"Not\u00edcias em Destaque\"},\"image\":{\"@id\":\"https:\/\/noticiasemdestaque.com\/cd\/#\/schema\/logo\/image\/\"}},{\"@type\":\"Person\",\"@id\":\"https:\/\/noticiasemdestaque.com\/cd\/#\/schema\/person\/4a81fb71f77579d059c3045891fa1786\",\"name\":\"Not\u00edcias em Destaque\",\"url\":\"https:\/\/noticiasemdestaque.com\/cd\/?author=2\"}]}<\/script>\n<!-- \/ Yoast SEO plugin. -->","yoast_head_json":{"title":"CISCO DIVULGA RESULTADO FINAL DA 1\u00aa ETAPA DO PROCESSO SELETIVO PARA FORMA\u00c7\u00c3O DE CADASTRO DE RESERVA - Not&iacute;cias em Destaque","robots":{"index":"index","follow":"follow","max-snippet":"max-snippet:-1","max-image-preview":"max-image-preview:large","max-video-preview":"max-video-preview:-1"},"canonical":"https:\/\/noticiasemdestaque.com\/cd\/?p=1767","og_locale":"pt_BR","og_type":"article","og_title":"CISCO DIVULGA RESULTADO FINAL DA 1\u00aa ETAPA DO PROCESSO SELETIVO PARA FORMA\u00c7\u00c3O DE CADASTRO DE RESERVA - Not&iacute;cias em Destaque","og_description":"A comiss\u00e3o Organizadora do processo seletivo para forma\u00e7\u00e3o de cadastro de reserva N\u00ba 001\/2017 do Cons\u00f3rcio P\u00fablico Intermunicipal de Sa\u00fade do Cariri Ocidental (CISCO), torna p\u00fablico o resultado Final da 1\u00aa etapa dos Candidatos selecionados\/inscritos do Processo Seletivo P\u00fablico Simplificado do Cons\u00f3rcio P\u00fablico Intermunicipal de Sa\u00fade do Cariri Ocidental (CISCO). CONFIRA AQUI: CLICK RESULTADO A segunda fase (os candidatos classificados at\u00e9 a 3\u00aa posi\u00e7\u00e3o) consiste em entrevistas, ser\u00e1 no dia 18 de julho de 2017, a partir das 14h, na sede do CISCO, localizado \u00e0 Rua Vereador Elias Duarte s\/n, Centro, Sum\u00e9(PB). Cariri em Destaque","og_url":"https:\/\/noticiasemdestaque.com\/cd\/?p=1767","og_site_name":"Not&iacute;cias em Destaque","article_published_time":"2017-07-14T20:42:13+00:00","og_image":[{"url":"http:\/\/caririemdestaque.com\/cd\/wp-content\/uploads\/2017\/07\/processo-seletivo-prova-destaque-300x164.jpg","type":"","width":"","height":""}],"author":"Not\u00edcias em Destaque","twitter_card":"summary_large_image","twitter_misc":{"Escrito por":"Not\u00edcias em Destaque","Est. tempo de leitura":"1 minuto"},"schema":{"@context":"https:\/\/schema.org","@graph":[{"@type":"Article","@id":"https:\/\/noticiasemdestaque.com\/cd\/?p=1767#article","isPartOf":{"@id":"https:\/\/noticiasemdestaque.com\/cd\/?p=1767"},"author":{"name":"Not\u00edcias em Destaque","@id":"https:\/\/noticiasemdestaque.com\/cd\/#\/schema\/person\/4a81fb71f77579d059c3045891fa1786"},"headline":"CISCO DIVULGA RESULTADO FINAL DA 1\u00aa ETAPA DO PROCESSO SELETIVO PARA FORMA\u00c7\u00c3O DE CADASTRO DE RESERVA","datePublished":"2017-07-14T20:42:13+00:00","mainEntityOfPage":{"@id":"https:\/\/noticiasemdestaque.com\/cd\/?p=1767"},"wordCount":119,"publisher":{"@id":"https:\/\/noticiasemdestaque.com\/cd\/#organization"},"image":{"@id":"https:\/\/noticiasemdestaque.com\/cd\/?p=1767#primaryimage"},"thumbnailUrl":"http:\/\/caririemdestaque.com\/cd\/wp-content\/uploads\/2017\/07\/processo-seletivo-prova-destaque-300x164.jpg","articleSection":["Cidades"],"inLanguage":"pt-BR"},{"@type":"WebPage","@id":"https:\/\/noticiasemdestaque.com\/cd\/?p=1767","url":"https:\/\/noticiasemdestaque.com\/cd\/?p=1767","name":"CISCO DIVULGA RESULTADO FINAL DA 1\u00aa ETAPA DO PROCESSO SELETIVO PARA FORMA\u00c7\u00c3O DE CADASTRO DE RESERVA - Not&iacute;cias em Destaque","isPartOf":{"@id":"https:\/\/noticiasemdestaque.com\/cd\/#website"},"primaryImageOfPage":{"@id":"https:\/\/noticiasemdestaque.com\/cd\/?p=1767#primaryimage"},"image":{"@id":"https:\/\/noticiasemdestaque.com\/cd\/?p=1767#primaryimage"},"thumbnailUrl":"http:\/\/caririemdestaque.com\/cd\/wp-content\/uploads\/2017\/07\/processo-seletivo-prova-destaque-300x164.jpg","datePublished":"2017-07-14T20:42:13+00:00","breadcrumb":{"@id":"https:\/\/noticiasemdestaque.com\/cd\/?p=1767#breadcrumb"},"inLanguage":"pt-BR","potentialAction":[{"@type":"ReadAction","target":["https:\/\/noticiasemdestaque.com\/cd\/?p=1767"]}]},{"@type":"ImageObject","inLanguage":"pt-BR","@id":"https:\/\/noticiasemdestaque.com\/cd\/?p=1767#primaryimage","url":"http:\/\/caririemdestaque.com\/cd\/wp-content\/uploads\/2017\/07\/processo-seletivo-prova-destaque-300x164.jpg","contentUrl":"http:\/\/caririemdestaque.com\/cd\/wp-content\/uploads\/2017\/07\/processo-seletivo-prova-destaque-300x164.jpg"},{"@type":"BreadcrumbList","@id":"https:\/\/noticiasemdestaque.com\/cd\/?p=1767#breadcrumb","itemListElement":[{"@type":"ListItem","position":1,"name":"In\u00edcio","item":"https:\/\/noticiasemdestaque.com\/cd\/"},{"@type":"ListItem","position":2,"name":"CISCO DIVULGA RESULTADO FINAL DA 1\u00aa ETAPA DO PROCESSO SELETIVO PARA FORMA\u00c7\u00c3O DE CADASTRO DE RESERVA"}]},{"@type":"WebSite","@id":"https:\/\/noticiasemdestaque.com\/cd\/#website","url":"https:\/\/noticiasemdestaque.com\/cd\/","name":"Not&iacute;cias em Destaque","description":"","publisher":{"@id":"https:\/\/noticiasemdestaque.com\/cd\/#organization"},"potentialAction":[{"@type":"SearchAction","target":{"@type":"EntryPoint","urlTemplate":"https:\/\/noticiasemdestaque.com\/cd\/?s={search_term_string}"},"query-input":{"@type":"PropertyValueSpecification","valueRequired":true,"valueName":"search_term_string"}}],"inLanguage":"pt-BR"},{"@type":"Organization","@id":"https:\/\/noticiasemdestaque.com\/cd\/#organization","name":"Not\u00edcias em Destaque","url":"https:\/\/noticiasemdestaque.com\/cd\/","logo":{"@type":"ImageObject","inLanguage":"pt-BR","@id":"https:\/\/noticiasemdestaque.com\/cd\/#\/schema\/logo\/image\/","url":"https:\/\/noticiasemdestaque.com\/cd\/wp-content\/uploads\/2022\/05\/imagem-base-noticiasemdestaque.png","contentUrl":"https:\/\/noticiasemdestaque.com\/cd\/wp-content\/uploads\/2022\/05\/imagem-base-noticiasemdestaque.png","width":1200,"height":630,"caption":"Not\u00edcias em Destaque"},"image":{"@id":"https:\/\/noticiasemdestaque.com\/cd\/#\/schema\/logo\/image\/"}},{"@type":"Person","@id":"https:\/\/noticiasemdestaque.com\/cd\/#\/schema\/person\/4a81fb71f77579d059c3045891fa1786","name":"Not\u00edcias em Destaque","url":"https:\/\/noticiasemdestaque.com\/cd\/?author=2"}]}},"jetpack_featured_media_url":"","jetpack_sharing_enabled":true,"_links":{"self":[{"href":"https:\/\/noticiasemdestaque.com\/cd\/index.php?rest_route=\/wp\/v2\/posts\/1767","targetHints":{"allow":["GET"]}}],"collection":[{"href":"https:\/\/noticiasemdestaque.com\/cd\/index.php?rest_route=\/wp\/v2\/posts"}],"about":[{"href":"https:\/\/noticiasemdestaque.com\/cd\/index.php?rest_route=\/wp\/v2\/types\/post"}],"author":[{"embeddable":true,"href":"https:\/\/noticiasemdestaque.com\/cd\/index.php?rest_route=\/wp\/v2\/users\/2"}],"replies":[{"embeddable":true,"href":"https:\/\/noticiasemdestaque.com\/cd\/index.php?rest_route=%2Fwp%2Fv2%2Fcomments&post=1767"}],"version-history":[{"count":2,"href":"https:\/\/noticiasemdestaque.com\/cd\/index.php?rest_route=\/wp\/v2\/posts\/1767\/revisions"}],"predecessor-version":[{"id":1770,"href":"https:\/\/noticiasemdestaque.com\/cd\/index.php?rest_route=\/wp\/v2\/posts\/1767\/revisions\/1770"}],"wp:attachment":[{"href":"https:\/\/noticiasemdestaque.com\/cd\/index.php?rest_route=%2Fwp%2Fv2%2Fmedia&parent=1767"}],"wp:term":[{"taxonomy":"category","embeddable":true,"href":"https:\/\/noticiasemdestaque.com\/cd\/index.php?rest_route=%2Fwp%2Fv2%2Fcategories&post=1767"},{"taxonomy":"post_tag","embeddable":true,"href":"https:\/\/noticiasemdestaque.com\/cd\/index.php?rest_route=%2Fwp%2Fv2%2Ftags&post=1767"}],"curies":[{"name":"wp","href":"https:\/\/api.w.org\/{rel}","templated":true}]}}