{"id":1728,"date":"2017-07-13T21:23:01","date_gmt":"2017-07-14T00:23:01","guid":{"rendered":"http:\/\/caririemdestaque.com\/cd\/?p=1728"},"modified":"2017-07-13T21:23:01","modified_gmt":"2017-07-14T00:23:01","slug":"rodrigo-maia-marca-para-2-de-agosto-votacao-da-denuncia-contra-temer-no-plenario","status":"publish","type":"post","link":"https:\/\/noticiasemdestaque.com\/cd\/?p=1728","title":{"rendered":"Rodrigo Maia marca para 2 de agosto vota\u00e7\u00e3o da den\u00fancia contra Temer no plen\u00e1rio"},"content":{"rendered":"<figure id=\"attachment_1729\" aria-describedby=\"caption-attachment-1729\" style=\"width: 300px\" class=\"wp-caption alignleft\"><a href=\"http:\/\/caririemdestaque.com\/cd\/wp-content\/uploads\/2017\/07\/1079950-mcamgo_df_abr080617_edt_08061705334.jpg\"><img decoding=\"async\" class=\"size-medium wp-image-1729\" src=\"http:\/\/caririemdestaque.com\/cd\/wp-content\/uploads\/2017\/07\/1079950-mcamgo_df_abr080617_edt_08061705334-300x138.jpg\" alt=\"\" width=\"300\" height=\"138\" srcset=\"https:\/\/noticiasemdestaque.com\/cd\/wp-content\/uploads\/2017\/07\/1079950-mcamgo_df_abr080617_edt_08061705334-300x138.jpg 300w, https:\/\/noticiasemdestaque.com\/cd\/wp-content\/uploads\/2017\/07\/1079950-mcamgo_df_abr080617_edt_08061705334.jpg 576w\" sizes=\"(max-width: 300px) 100vw, 300px\" \/><\/a><figcaption id=\"caption-attachment-1729\" class=\"wp-caption-text\">Bras\u00edlia &#8211; O presidente da C\u00e2mara dos Deputados, Rodrigo Maia, durante cerim\u00f4nia de entrega da Medalha Ordem do M\u00e9rito da Defesa, no Clube do Ex\u00e9rcito (Marcelo Camargo\/Ag\u00eancia Brasil)<\/figcaption><\/figure>\n<p>O presidente da C\u00e2mara, Rodrigo Maia, anunciou que a vota\u00e7\u00e3o do parecer contr\u00e1rio ao prosseguimento da den\u00fancia contra Michel Temer ocorer\u00e1 no proximo dia 2 de agosto, ap\u00f3s o recesso parlamentar. De acordo com ele, a decis\u00e3o foi tomada ap\u00f3s um acordo feito com as lideran\u00e7as do governo e da oposi\u00e7\u00e3o, logo depois de ter sido aprovado na Comiss\u00e3o de Constitui\u00e7\u00e3o e Justi\u00e7a (CCJ) o relat\u00f3rio que recomenda o arquivamento da den\u00fancia apresentada pela Procuradoria-Geral da Rep\u00fablica (PGR) contra o presidente Michel Temer pelo crime de corrup\u00e7\u00e3o passiva.<\/p>\n<p>O entendimento das lideran\u00e7as, segundo Maia, \u00e9 que nao haveria qu\u00f3rum para que a vota\u00e7\u00e3o fosse aberta nesta sexta (14) e nem na pr\u00f3xima segunda-feira (17), quando se inicia o recesso. &#8220;Eu estava disposto a votar na segunda, mas os l\u00edderes da oposi\u00e7\u00e3o e do governo optaram pelo dia 2 de agosto&#8221;, disse.<\/p>\n<p>Para que a C\u00e2mara autorize que a den\u00fancia apresentada pela PGR seja analisada pelo Supremo Tribunal Federal (STF), s\u00e3o necess\u00e1rios os votos de dois ter\u00e7os da Casa, o que representa 342 deputados. De acordo com o presidente, a vota\u00e7\u00e3o pode ser iniciada assim que 342 dos 513 deputados estiverem presentes em plen\u00e1rio.<\/p>\n<p>A sess\u00e3o est\u00e1 marcada para ter in\u00edcio \u00e0s 9h. &#8220;Espero que no dia 2 e agosto \u00e0 noite a gente possa ter esse asusnto encerrado&#8221;, disse o presidente. Maia explicou ainda que, antes da vota\u00e7\u00e3o, dever\u00e3o ser dados 25 minutos para que o relator do parecer e a defesa do presidente exponham seus argumentos novamente.<\/p>\n<p>CCJ<\/p>\n<p>Na tarde de hoje (13), a CCJ votou dois pareceres diferentes a respeito da den\u00fancia apresentada pela PGR contra Temer. O primeiro, de autoria de Sergio Zveiter (PMDB-RJ), era a favor da admissibilidade da den\u00fancia e foi rejeitado por 40 votos a 25. J\u00e1 o segundo parecer pelo arquivamento da den\u00fancia, apresentado pelo deputado Paulo Abi-Ackel (PSDB-MG), foi aprovado por 41 votos a 24.<\/p>\n<p><em><strong>Cariri em Destaque<\/strong><\/em><\/p>\n<p>Com EBC<\/p>\n","protected":false},"excerpt":{"rendered":"<p>O presidente da C\u00e2mara, Rodrigo Maia, anunciou que a vota\u00e7\u00e3o do parecer contr\u00e1rio ao prosseguimento da den\u00fancia contra Michel Temer ocorer\u00e1 no proximo dia 2 de agosto, ap\u00f3s o recesso parlamentar. De acordo com ele, a decis\u00e3o foi tomada ap\u00f3s um acordo feito com as lideran\u00e7as do governo e da oposi\u00e7\u00e3o, logo depois de ter sido aprovado na Comiss\u00e3o de Constitui\u00e7\u00e3o e Justi\u00e7a (CCJ) o relat\u00f3rio que recomenda o arquivamento da den\u00fancia apresentada pela Procuradoria-Geral da Rep\u00fablica (PGR) contra o presidente Michel Temer pelo crime de corrup\u00e7\u00e3o passiva. O entendimento das lideran\u00e7as, segundo Maia, \u00e9 que nao haveria qu\u00f3rum para que a vota\u00e7\u00e3o fosse aberta nesta sexta (14) e nem na pr\u00f3xima segunda-feira (17), quando se inicia o recesso. &#8220;Eu estava disposto a votar na segunda, mas os l\u00edderes da oposi\u00e7\u00e3o e do governo optaram pelo dia 2 de agosto&#8221;, disse. Para que a C\u00e2mara autorize que a den\u00fancia apresentada pela PGR seja analisada pelo Supremo Tribunal Federal (STF), s\u00e3o necess\u00e1rios os votos de dois ter\u00e7os da Casa, o que representa 342 deputados. De acordo com o presidente, a vota\u00e7\u00e3o pode ser iniciada assim que 342 dos 513 deputados estiverem presentes em plen\u00e1rio. A sess\u00e3o est\u00e1 marcada para ter in\u00edcio \u00e0s 9h. &#8220;Espero que no dia 2 e agosto \u00e0 noite a gente possa ter esse asusnto encerrado&#8221;, disse o presidente. Maia explicou ainda que, antes da vota\u00e7\u00e3o, dever\u00e3o ser dados 25 minutos para que o relator do parecer e a defesa do presidente exponham seus argumentos novamente. CCJ Na tarde de hoje (13), a CCJ votou dois pareceres diferentes a respeito da den\u00fancia apresentada pela PGR contra Temer. O primeiro, de autoria de Sergio Zveiter (PMDB-RJ), era a favor da admissibilidade da den\u00fancia e foi rejeitado por 40 votos a 25. J\u00e1 o segundo parecer pelo arquivamento da den\u00fancia, apresentado pelo deputado Paulo Abi-Ackel (PSDB-MG), foi aprovado por 41 votos a 24. Cariri em Destaque Com EBC<\/p>\n","protected":false},"author":2,"featured_media":1729,"comment_status":"closed","ping_status":"open","sticky":false,"template":"","format":"standard","meta":{"_eb_attr":"","_jetpack_memberships_contains_paid_content":false,"footnotes":""},"categories":[4],"tags":[],"class_list":["post-1728","post","type-post","status-publish","format-standard","has-post-thumbnail","hentry","category-politica"],"yoast_head":"<!-- This site is optimized with the Yoast SEO plugin v26.5 - https:\/\/yoast.com\/wordpress\/plugins\/seo\/ -->\n<title>Rodrigo Maia marca para 2 de agosto vota\u00e7\u00e3o da den\u00fancia contra Temer no plen\u00e1rio - Not&iacute;cias em Destaque<\/title>\n<meta name=\"robots\" content=\"index, follow, max-snippet:-1, max-image-preview:large, max-video-preview:-1\" \/>\n<link rel=\"canonical\" href=\"https:\/\/noticiasemdestaque.com\/cd\/?p=1728\" \/>\n<meta property=\"og:locale\" content=\"pt_BR\" \/>\n<meta property=\"og:type\" content=\"article\" \/>\n<meta property=\"og:title\" content=\"Rodrigo Maia marca para 2 de agosto vota\u00e7\u00e3o da den\u00fancia contra Temer no plen\u00e1rio - Not&iacute;cias em Destaque\" \/>\n<meta property=\"og:description\" content=\"O presidente da C\u00e2mara, Rodrigo Maia, anunciou que a vota\u00e7\u00e3o do parecer contr\u00e1rio ao prosseguimento da den\u00fancia contra Michel Temer ocorer\u00e1 no proximo dia 2 de agosto, ap\u00f3s o recesso parlamentar. De acordo com ele, a decis\u00e3o foi tomada ap\u00f3s um acordo feito com as lideran\u00e7as do governo e da oposi\u00e7\u00e3o, logo depois de ter sido aprovado na Comiss\u00e3o de Constitui\u00e7\u00e3o e Justi\u00e7a (CCJ) o relat\u00f3rio que recomenda o arquivamento da den\u00fancia apresentada pela Procuradoria-Geral da Rep\u00fablica (PGR) contra o presidente Michel Temer pelo crime de corrup\u00e7\u00e3o passiva. O entendimento das lideran\u00e7as, segundo Maia, \u00e9 que nao haveria qu\u00f3rum para que a vota\u00e7\u00e3o fosse aberta nesta sexta (14) e nem na pr\u00f3xima segunda-feira (17), quando se inicia o recesso. &#8220;Eu estava disposto a votar na segunda, mas os l\u00edderes da oposi\u00e7\u00e3o e do governo optaram pelo dia 2 de agosto&#8221;, disse. Para que a C\u00e2mara autorize que a den\u00fancia apresentada pela PGR seja analisada pelo Supremo Tribunal Federal (STF), s\u00e3o necess\u00e1rios os votos de dois ter\u00e7os da Casa, o que representa 342 deputados. De acordo com o presidente, a vota\u00e7\u00e3o pode ser iniciada assim que 342 dos 513 deputados estiverem presentes em plen\u00e1rio. A sess\u00e3o est\u00e1 marcada para ter in\u00edcio \u00e0s 9h. &#8220;Espero que no dia 2 e agosto \u00e0 noite a gente possa ter esse asusnto encerrado&#8221;, disse o presidente. Maia explicou ainda que, antes da vota\u00e7\u00e3o, dever\u00e3o ser dados 25 minutos para que o relator do parecer e a defesa do presidente exponham seus argumentos novamente. CCJ Na tarde de hoje (13), a CCJ votou dois pareceres diferentes a respeito da den\u00fancia apresentada pela PGR contra Temer. O primeiro, de autoria de Sergio Zveiter (PMDB-RJ), era a favor da admissibilidade da den\u00fancia e foi rejeitado por 40 votos a 25. J\u00e1 o segundo parecer pelo arquivamento da den\u00fancia, apresentado pelo deputado Paulo Abi-Ackel (PSDB-MG), foi aprovado por 41 votos a 24. Cariri em Destaque Com EBC\" \/>\n<meta property=\"og:url\" content=\"https:\/\/noticiasemdestaque.com\/cd\/?p=1728\" \/>\n<meta property=\"og:site_name\" content=\"Not&iacute;cias em Destaque\" \/>\n<meta property=\"article:published_time\" content=\"2017-07-14T00:23:01+00:00\" \/>\n<meta property=\"og:image\" content=\"https:\/\/noticiasemdestaque.com\/cd\/wp-content\/uploads\/2017\/07\/1079950-mcamgo_df_abr080617_edt_08061705334.jpg\" \/>\n\t<meta property=\"og:image:width\" content=\"576\" \/>\n\t<meta property=\"og:image:height\" content=\"264\" \/>\n\t<meta property=\"og:image:type\" content=\"image\/jpeg\" \/>\n<meta name=\"author\" content=\"Not\u00edcias em Destaque\" \/>\n<meta name=\"twitter:card\" content=\"summary_large_image\" \/>\n<meta name=\"twitter:label1\" content=\"Escrito por\" \/>\n\t<meta name=\"twitter:data1\" content=\"Not\u00edcias em Destaque\" \/>\n\t<meta name=\"twitter:label2\" content=\"Est. tempo de leitura\" \/>\n\t<meta name=\"twitter:data2\" content=\"2 minutos\" \/>\n<script type=\"application\/ld+json\" class=\"yoast-schema-graph\">{\"@context\":\"https:\/\/schema.org\",\"@graph\":[{\"@type\":\"Article\",\"@id\":\"https:\/\/noticiasemdestaque.com\/cd\/?p=1728#article\",\"isPartOf\":{\"@id\":\"https:\/\/noticiasemdestaque.com\/cd\/?p=1728\"},\"author\":{\"name\":\"Not\u00edcias em Destaque\",\"@id\":\"https:\/\/noticiasemdestaque.com\/cd\/#\/schema\/person\/4a81fb71f77579d059c3045891fa1786\"},\"headline\":\"Rodrigo Maia marca para 2 de agosto vota\u00e7\u00e3o da den\u00fancia contra Temer no plen\u00e1rio\",\"datePublished\":\"2017-07-14T00:23:01+00:00\",\"mainEntityOfPage\":{\"@id\":\"https:\/\/noticiasemdestaque.com\/cd\/?p=1728\"},\"wordCount\":396,\"publisher\":{\"@id\":\"https:\/\/noticiasemdestaque.com\/cd\/#organization\"},\"image\":{\"@id\":\"https:\/\/noticiasemdestaque.com\/cd\/?p=1728#primaryimage\"},\"thumbnailUrl\":\"https:\/\/noticiasemdestaque.com\/cd\/wp-content\/uploads\/2017\/07\/1079950-mcamgo_df_abr080617_edt_08061705334.jpg\",\"articleSection\":[\"Pol\u00edtica\"],\"inLanguage\":\"pt-BR\"},{\"@type\":\"WebPage\",\"@id\":\"https:\/\/noticiasemdestaque.com\/cd\/?p=1728\",\"url\":\"https:\/\/noticiasemdestaque.com\/cd\/?p=1728\",\"name\":\"Rodrigo Maia marca para 2 de agosto vota\u00e7\u00e3o da den\u00fancia contra Temer no plen\u00e1rio - Not&iacute;cias em Destaque\",\"isPartOf\":{\"@id\":\"https:\/\/noticiasemdestaque.com\/cd\/#website\"},\"primaryImageOfPage\":{\"@id\":\"https:\/\/noticiasemdestaque.com\/cd\/?p=1728#primaryimage\"},\"image\":{\"@id\":\"https:\/\/noticiasemdestaque.com\/cd\/?p=1728#primaryimage\"},\"thumbnailUrl\":\"https:\/\/noticiasemdestaque.com\/cd\/wp-content\/uploads\/2017\/07\/1079950-mcamgo_df_abr080617_edt_08061705334.jpg\",\"datePublished\":\"2017-07-14T00:23:01+00:00\",\"breadcrumb\":{\"@id\":\"https:\/\/noticiasemdestaque.com\/cd\/?p=1728#breadcrumb\"},\"inLanguage\":\"pt-BR\",\"potentialAction\":[{\"@type\":\"ReadAction\",\"target\":[\"https:\/\/noticiasemdestaque.com\/cd\/?p=1728\"]}]},{\"@type\":\"ImageObject\",\"inLanguage\":\"pt-BR\",\"@id\":\"https:\/\/noticiasemdestaque.com\/cd\/?p=1728#primaryimage\",\"url\":\"https:\/\/noticiasemdestaque.com\/cd\/wp-content\/uploads\/2017\/07\/1079950-mcamgo_df_abr080617_edt_08061705334.jpg\",\"contentUrl\":\"https:\/\/noticiasemdestaque.com\/cd\/wp-content\/uploads\/2017\/07\/1079950-mcamgo_df_abr080617_edt_08061705334.jpg\",\"width\":576,\"height\":264,\"caption\":\"Bras\u00edlia - O presidente da C\u00e2mara dos Deputados, Rodrigo Maia, durante cerim\u00f4nia de entrega da Medalha Ordem do M\u00e9rito da Defesa, no Clube do Ex\u00e9rcito (Marcelo Camargo\/Ag\u00eancia Brasil)\"},{\"@type\":\"BreadcrumbList\",\"@id\":\"https:\/\/noticiasemdestaque.com\/cd\/?p=1728#breadcrumb\",\"itemListElement\":[{\"@type\":\"ListItem\",\"position\":1,\"name\":\"In\u00edcio\",\"item\":\"https:\/\/noticiasemdestaque.com\/cd\/\"},{\"@type\":\"ListItem\",\"position\":2,\"name\":\"Rodrigo Maia marca para 2 de agosto vota\u00e7\u00e3o da den\u00fancia contra Temer no plen\u00e1rio\"}]},{\"@type\":\"WebSite\",\"@id\":\"https:\/\/noticiasemdestaque.com\/cd\/#website\",\"url\":\"https:\/\/noticiasemdestaque.com\/cd\/\",\"name\":\"Not&iacute;cias em Destaque\",\"description\":\"\",\"publisher\":{\"@id\":\"https:\/\/noticiasemdestaque.com\/cd\/#organization\"},\"potentialAction\":[{\"@type\":\"SearchAction\",\"target\":{\"@type\":\"EntryPoint\",\"urlTemplate\":\"https:\/\/noticiasemdestaque.com\/cd\/?s={search_term_string}\"},\"query-input\":{\"@type\":\"PropertyValueSpecification\",\"valueRequired\":true,\"valueName\":\"search_term_string\"}}],\"inLanguage\":\"pt-BR\"},{\"@type\":\"Organization\",\"@id\":\"https:\/\/noticiasemdestaque.com\/cd\/#organization\",\"name\":\"Not\u00edcias em Destaque\",\"url\":\"https:\/\/noticiasemdestaque.com\/cd\/\",\"logo\":{\"@type\":\"ImageObject\",\"inLanguage\":\"pt-BR\",\"@id\":\"https:\/\/noticiasemdestaque.com\/cd\/#\/schema\/logo\/image\/\",\"url\":\"https:\/\/noticiasemdestaque.com\/cd\/wp-content\/uploads\/2022\/05\/imagem-base-noticiasemdestaque.png\",\"contentUrl\":\"https:\/\/noticiasemdestaque.com\/cd\/wp-content\/uploads\/2022\/05\/imagem-base-noticiasemdestaque.png\",\"width\":1200,\"height\":630,\"caption\":\"Not\u00edcias em Destaque\"},\"image\":{\"@id\":\"https:\/\/noticiasemdestaque.com\/cd\/#\/schema\/logo\/image\/\"}},{\"@type\":\"Person\",\"@id\":\"https:\/\/noticiasemdestaque.com\/cd\/#\/schema\/person\/4a81fb71f77579d059c3045891fa1786\",\"name\":\"Not\u00edcias em Destaque\",\"url\":\"https:\/\/noticiasemdestaque.com\/cd\/?author=2\"}]}<\/script>\n<!-- \/ Yoast SEO plugin. -->","yoast_head_json":{"title":"Rodrigo Maia marca para 2 de agosto vota\u00e7\u00e3o da den\u00fancia contra Temer no plen\u00e1rio - Not&iacute;cias em Destaque","robots":{"index":"index","follow":"follow","max-snippet":"max-snippet:-1","max-image-preview":"max-image-preview:large","max-video-preview":"max-video-preview:-1"},"canonical":"https:\/\/noticiasemdestaque.com\/cd\/?p=1728","og_locale":"pt_BR","og_type":"article","og_title":"Rodrigo Maia marca para 2 de agosto vota\u00e7\u00e3o da den\u00fancia contra Temer no plen\u00e1rio - Not&iacute;cias em Destaque","og_description":"O presidente da C\u00e2mara, Rodrigo Maia, anunciou que a vota\u00e7\u00e3o do parecer contr\u00e1rio ao prosseguimento da den\u00fancia contra Michel Temer ocorer\u00e1 no proximo dia 2 de agosto, ap\u00f3s o recesso parlamentar. De acordo com ele, a decis\u00e3o foi tomada ap\u00f3s um acordo feito com as lideran\u00e7as do governo e da oposi\u00e7\u00e3o, logo depois de ter sido aprovado na Comiss\u00e3o de Constitui\u00e7\u00e3o e Justi\u00e7a (CCJ) o relat\u00f3rio que recomenda o arquivamento da den\u00fancia apresentada pela Procuradoria-Geral da Rep\u00fablica (PGR) contra o presidente Michel Temer pelo crime de corrup\u00e7\u00e3o passiva. O entendimento das lideran\u00e7as, segundo Maia, \u00e9 que nao haveria qu\u00f3rum para que a vota\u00e7\u00e3o fosse aberta nesta sexta (14) e nem na pr\u00f3xima segunda-feira (17), quando se inicia o recesso. &#8220;Eu estava disposto a votar na segunda, mas os l\u00edderes da oposi\u00e7\u00e3o e do governo optaram pelo dia 2 de agosto&#8221;, disse. Para que a C\u00e2mara autorize que a den\u00fancia apresentada pela PGR seja analisada pelo Supremo Tribunal Federal (STF), s\u00e3o necess\u00e1rios os votos de dois ter\u00e7os da Casa, o que representa 342 deputados. De acordo com o presidente, a vota\u00e7\u00e3o pode ser iniciada assim que 342 dos 513 deputados estiverem presentes em plen\u00e1rio. A sess\u00e3o est\u00e1 marcada para ter in\u00edcio \u00e0s 9h. &#8220;Espero que no dia 2 e agosto \u00e0 noite a gente possa ter esse asusnto encerrado&#8221;, disse o presidente. Maia explicou ainda que, antes da vota\u00e7\u00e3o, dever\u00e3o ser dados 25 minutos para que o relator do parecer e a defesa do presidente exponham seus argumentos novamente. CCJ Na tarde de hoje (13), a CCJ votou dois pareceres diferentes a respeito da den\u00fancia apresentada pela PGR contra Temer. O primeiro, de autoria de Sergio Zveiter (PMDB-RJ), era a favor da admissibilidade da den\u00fancia e foi rejeitado por 40 votos a 25. J\u00e1 o segundo parecer pelo arquivamento da den\u00fancia, apresentado pelo deputado Paulo Abi-Ackel (PSDB-MG), foi aprovado por 41 votos a 24. Cariri em Destaque Com EBC","og_url":"https:\/\/noticiasemdestaque.com\/cd\/?p=1728","og_site_name":"Not&iacute;cias em Destaque","article_published_time":"2017-07-14T00:23:01+00:00","og_image":[{"width":576,"height":264,"url":"https:\/\/noticiasemdestaque.com\/cd\/wp-content\/uploads\/2017\/07\/1079950-mcamgo_df_abr080617_edt_08061705334.jpg","type":"image\/jpeg"}],"author":"Not\u00edcias em Destaque","twitter_card":"summary_large_image","twitter_misc":{"Escrito por":"Not\u00edcias em Destaque","Est. tempo de leitura":"2 minutos"},"schema":{"@context":"https:\/\/schema.org","@graph":[{"@type":"Article","@id":"https:\/\/noticiasemdestaque.com\/cd\/?p=1728#article","isPartOf":{"@id":"https:\/\/noticiasemdestaque.com\/cd\/?p=1728"},"author":{"name":"Not\u00edcias em Destaque","@id":"https:\/\/noticiasemdestaque.com\/cd\/#\/schema\/person\/4a81fb71f77579d059c3045891fa1786"},"headline":"Rodrigo Maia marca para 2 de agosto vota\u00e7\u00e3o da den\u00fancia contra Temer no plen\u00e1rio","datePublished":"2017-07-14T00:23:01+00:00","mainEntityOfPage":{"@id":"https:\/\/noticiasemdestaque.com\/cd\/?p=1728"},"wordCount":396,"publisher":{"@id":"https:\/\/noticiasemdestaque.com\/cd\/#organization"},"image":{"@id":"https:\/\/noticiasemdestaque.com\/cd\/?p=1728#primaryimage"},"thumbnailUrl":"https:\/\/noticiasemdestaque.com\/cd\/wp-content\/uploads\/2017\/07\/1079950-mcamgo_df_abr080617_edt_08061705334.jpg","articleSection":["Pol\u00edtica"],"inLanguage":"pt-BR"},{"@type":"WebPage","@id":"https:\/\/noticiasemdestaque.com\/cd\/?p=1728","url":"https:\/\/noticiasemdestaque.com\/cd\/?p=1728","name":"Rodrigo Maia marca para 2 de agosto vota\u00e7\u00e3o da den\u00fancia contra Temer no plen\u00e1rio - Not&iacute;cias em Destaque","isPartOf":{"@id":"https:\/\/noticiasemdestaque.com\/cd\/#website"},"primaryImageOfPage":{"@id":"https:\/\/noticiasemdestaque.com\/cd\/?p=1728#primaryimage"},"image":{"@id":"https:\/\/noticiasemdestaque.com\/cd\/?p=1728#primaryimage"},"thumbnailUrl":"https:\/\/noticiasemdestaque.com\/cd\/wp-content\/uploads\/2017\/07\/1079950-mcamgo_df_abr080617_edt_08061705334.jpg","datePublished":"2017-07-14T00:23:01+00:00","breadcrumb":{"@id":"https:\/\/noticiasemdestaque.com\/cd\/?p=1728#breadcrumb"},"inLanguage":"pt-BR","potentialAction":[{"@type":"ReadAction","target":["https:\/\/noticiasemdestaque.com\/cd\/?p=1728"]}]},{"@type":"ImageObject","inLanguage":"pt-BR","@id":"https:\/\/noticiasemdestaque.com\/cd\/?p=1728#primaryimage","url":"https:\/\/noticiasemdestaque.com\/cd\/wp-content\/uploads\/2017\/07\/1079950-mcamgo_df_abr080617_edt_08061705334.jpg","contentUrl":"https:\/\/noticiasemdestaque.com\/cd\/wp-content\/uploads\/2017\/07\/1079950-mcamgo_df_abr080617_edt_08061705334.jpg","width":576,"height":264,"caption":"Bras\u00edlia - O presidente da C\u00e2mara dos Deputados, Rodrigo Maia, durante cerim\u00f4nia de entrega da Medalha Ordem do M\u00e9rito da Defesa, no Clube do Ex\u00e9rcito (Marcelo Camargo\/Ag\u00eancia Brasil)"},{"@type":"BreadcrumbList","@id":"https:\/\/noticiasemdestaque.com\/cd\/?p=1728#breadcrumb","itemListElement":[{"@type":"ListItem","position":1,"name":"In\u00edcio","item":"https:\/\/noticiasemdestaque.com\/cd\/"},{"@type":"ListItem","position":2,"name":"Rodrigo Maia marca para 2 de agosto vota\u00e7\u00e3o da den\u00fancia contra Temer no plen\u00e1rio"}]},{"@type":"WebSite","@id":"https:\/\/noticiasemdestaque.com\/cd\/#website","url":"https:\/\/noticiasemdestaque.com\/cd\/","name":"Not&iacute;cias em Destaque","description":"","publisher":{"@id":"https:\/\/noticiasemdestaque.com\/cd\/#organization"},"potentialAction":[{"@type":"SearchAction","target":{"@type":"EntryPoint","urlTemplate":"https:\/\/noticiasemdestaque.com\/cd\/?s={search_term_string}"},"query-input":{"@type":"PropertyValueSpecification","valueRequired":true,"valueName":"search_term_string"}}],"inLanguage":"pt-BR"},{"@type":"Organization","@id":"https:\/\/noticiasemdestaque.com\/cd\/#organization","name":"Not\u00edcias em Destaque","url":"https:\/\/noticiasemdestaque.com\/cd\/","logo":{"@type":"ImageObject","inLanguage":"pt-BR","@id":"https:\/\/noticiasemdestaque.com\/cd\/#\/schema\/logo\/image\/","url":"https:\/\/noticiasemdestaque.com\/cd\/wp-content\/uploads\/2022\/05\/imagem-base-noticiasemdestaque.png","contentUrl":"https:\/\/noticiasemdestaque.com\/cd\/wp-content\/uploads\/2022\/05\/imagem-base-noticiasemdestaque.png","width":1200,"height":630,"caption":"Not\u00edcias em Destaque"},"image":{"@id":"https:\/\/noticiasemdestaque.com\/cd\/#\/schema\/logo\/image\/"}},{"@type":"Person","@id":"https:\/\/noticiasemdestaque.com\/cd\/#\/schema\/person\/4a81fb71f77579d059c3045891fa1786","name":"Not\u00edcias em Destaque","url":"https:\/\/noticiasemdestaque.com\/cd\/?author=2"}]}},"jetpack_featured_media_url":"https:\/\/noticiasemdestaque.com\/cd\/wp-content\/uploads\/2017\/07\/1079950-mcamgo_df_abr080617_edt_08061705334.jpg","jetpack_sharing_enabled":true,"_links":{"self":[{"href":"https:\/\/noticiasemdestaque.com\/cd\/index.php?rest_route=\/wp\/v2\/posts\/1728","targetHints":{"allow":["GET"]}}],"collection":[{"href":"https:\/\/noticiasemdestaque.com\/cd\/index.php?rest_route=\/wp\/v2\/posts"}],"about":[{"href":"https:\/\/noticiasemdestaque.com\/cd\/index.php?rest_route=\/wp\/v2\/types\/post"}],"author":[{"embeddable":true,"href":"https:\/\/noticiasemdestaque.com\/cd\/index.php?rest_route=\/wp\/v2\/users\/2"}],"replies":[{"embeddable":true,"href":"https:\/\/noticiasemdestaque.com\/cd\/index.php?rest_route=%2Fwp%2Fv2%2Fcomments&post=1728"}],"version-history":[{"count":1,"href":"https:\/\/noticiasemdestaque.com\/cd\/index.php?rest_route=\/wp\/v2\/posts\/1728\/revisions"}],"predecessor-version":[{"id":1730,"href":"https:\/\/noticiasemdestaque.com\/cd\/index.php?rest_route=\/wp\/v2\/posts\/1728\/revisions\/1730"}],"wp:featuredmedia":[{"embeddable":true,"href":"https:\/\/noticiasemdestaque.com\/cd\/index.php?rest_route=\/wp\/v2\/media\/1729"}],"wp:attachment":[{"href":"https:\/\/noticiasemdestaque.com\/cd\/index.php?rest_route=%2Fwp%2Fv2%2Fmedia&parent=1728"}],"wp:term":[{"taxonomy":"category","embeddable":true,"href":"https:\/\/noticiasemdestaque.com\/cd\/index.php?rest_route=%2Fwp%2Fv2%2Fcategories&post=1728"},{"taxonomy":"post_tag","embeddable":true,"href":"https:\/\/noticiasemdestaque.com\/cd\/index.php?rest_route=%2Fwp%2Fv2%2Ftags&post=1728"}],"curies":[{"name":"wp","href":"https:\/\/api.w.org\/{rel}","templated":true}]}}