{"id":1725,"date":"2017-07-13T21:02:57","date_gmt":"2017-07-14T00:02:57","guid":{"rendered":"http:\/\/caririemdestaque.com\/cd\/?p=1725"},"modified":"2017-07-13T21:02:57","modified_gmt":"2017-07-14T00:02:57","slug":"curso-gratuito-de-informatica-aplicada-e-oferecido-no-cdsa","status":"publish","type":"post","link":"https:\/\/noticiasemdestaque.com\/cd\/?p=1725","title":{"rendered":"Curso gratuito de inform\u00e1tica aplicada \u00e9 oferecido no CDSA"},"content":{"rendered":"<p><a href=\"http:\/\/caririemdestaque.com\/cd\/wp-content\/uploads\/2017\/07\/Mi_Vocacion.jpg\"><img fetchpriority=\"high\" decoding=\"async\" class=\"size-medium wp-image-1726 alignleft\" src=\"http:\/\/caririemdestaque.com\/cd\/wp-content\/uploads\/2017\/07\/Mi_Vocacion-300x198.jpg\" alt=\"\" width=\"300\" height=\"198\" srcset=\"https:\/\/noticiasemdestaque.com\/cd\/wp-content\/uploads\/2017\/07\/Mi_Vocacion-300x198.jpg 300w, https:\/\/noticiasemdestaque.com\/cd\/wp-content\/uploads\/2017\/07\/Mi_Vocacion.jpg 600w\" sizes=\"(max-width: 300px) 100vw, 300px\" \/><\/a>O Projeto Inform\u00e1tica e Cidadania Digital (INCID) do Centro de Desenvolvimento Sustent\u00e1vel do Semi\u00e1rido da UFCG est\u00e1 oferecendo \u00e0 comunidade de Sum\u00e9, o curso gratuito de Inform\u00e1tica Aplicada, com carga hor\u00e1ria de 40h.<\/p>\n<p>As inscri\u00e7\u00f5es ocorrer\u00e3o de 17 a 31 de julho na Secretaria da Unidade Acad\u00eamica de Educa\u00e7\u00e3o do Campo (UAEDUC). Podem inscrever-se jovens, adultos e idosos da cidade e do campo.<\/p>\n<p>As aulas ter\u00e3o in\u00edcio no pr\u00f3ximo dia 8 de agosto.<\/p>\n<p>Veja os hor\u00e1rios das turmas:<\/p>\n<p>Ter\u00e7as-feiras &#8211; 15 \u00e0s 16h30min &#8211; Turma A<\/p>\n<p>Quartas-feiras &#8211; 9 \u00e0s 10h30min &#8211; Turma B<\/p>\n<p>Quintas-feiras &#8211; 19 \u00e0s 20h30min &#8211; Turma C<\/p>\n<p><strong><em>Cariri em Destaque <\/em><\/strong><\/p>\n<p>(Rosenato Barreto &#8211; Assimp CDSA\/UFCG)<\/p>\n","protected":false},"excerpt":{"rendered":"<p>O Projeto Inform\u00e1tica e Cidadania Digital (INCID) do Centro de Desenvolvimento Sustent\u00e1vel do Semi\u00e1rido da UFCG est\u00e1 oferecendo \u00e0 comunidade de Sum\u00e9, o curso gratuito de Inform\u00e1tica Aplicada, com carga hor\u00e1ria de 40h. As inscri\u00e7\u00f5es ocorrer\u00e3o de 17 a 31 de julho na Secretaria da Unidade Acad\u00eamica de Educa\u00e7\u00e3o do Campo (UAEDUC). Podem inscrever-se jovens, adultos e idosos da cidade e do campo. As aulas ter\u00e3o in\u00edcio no pr\u00f3ximo dia 8 de agosto. Veja os hor\u00e1rios das turmas: Ter\u00e7as-feiras &#8211; 15 \u00e0s 16h30min &#8211; Turma A Quartas-feiras &#8211; 9 \u00e0s 10h30min &#8211; Turma B Quintas-feiras &#8211; 19 \u00e0s 20h30min &#8211; Turma C Cariri em Destaque (Rosenato Barreto &#8211; Assimp CDSA\/UFCG)<\/p>\n","protected":false},"author":2,"featured_media":1726,"comment_status":"closed","ping_status":"open","sticky":false,"template":"","format":"standard","meta":{"_eb_attr":"","_jetpack_memberships_contains_paid_content":false,"footnotes":""},"categories":[6],"tags":[],"class_list":["post-1725","post","type-post","status-publish","format-standard","has-post-thumbnail","hentry","category-educacao"],"yoast_head":"<!-- This site is optimized with the Yoast SEO plugin v26.5 - https:\/\/yoast.com\/wordpress\/plugins\/seo\/ -->\n<title>Curso gratuito de inform\u00e1tica aplicada \u00e9 oferecido no CDSA - Not&iacute;cias em Destaque<\/title>\n<meta name=\"robots\" content=\"index, follow, max-snippet:-1, max-image-preview:large, max-video-preview:-1\" \/>\n<link rel=\"canonical\" href=\"https:\/\/noticiasemdestaque.com\/cd\/?p=1725\" \/>\n<meta property=\"og:locale\" content=\"pt_BR\" \/>\n<meta property=\"og:type\" content=\"article\" \/>\n<meta property=\"og:title\" content=\"Curso gratuito de inform\u00e1tica aplicada \u00e9 oferecido no CDSA - Not&iacute;cias em Destaque\" \/>\n<meta property=\"og:description\" content=\"O Projeto Inform\u00e1tica e Cidadania Digital (INCID) do Centro de Desenvolvimento Sustent\u00e1vel do Semi\u00e1rido da UFCG est\u00e1 oferecendo \u00e0 comunidade de Sum\u00e9, o curso gratuito de Inform\u00e1tica Aplicada, com carga hor\u00e1ria de 40h. As inscri\u00e7\u00f5es ocorrer\u00e3o de 17 a 31 de julho na Secretaria da Unidade Acad\u00eamica de Educa\u00e7\u00e3o do Campo (UAEDUC). Podem inscrever-se jovens, adultos e idosos da cidade e do campo. As aulas ter\u00e3o in\u00edcio no pr\u00f3ximo dia 8 de agosto. Veja os hor\u00e1rios das turmas: Ter\u00e7as-feiras &#8211; 15 \u00e0s 16h30min &#8211; Turma A Quartas-feiras &#8211; 9 \u00e0s 10h30min &#8211; Turma B Quintas-feiras &#8211; 19 \u00e0s 20h30min &#8211; Turma C Cariri em Destaque (Rosenato Barreto &#8211; Assimp CDSA\/UFCG)\" \/>\n<meta property=\"og:url\" content=\"https:\/\/noticiasemdestaque.com\/cd\/?p=1725\" \/>\n<meta property=\"og:site_name\" content=\"Not&iacute;cias em Destaque\" \/>\n<meta property=\"article:published_time\" content=\"2017-07-14T00:02:57+00:00\" \/>\n<meta property=\"og:image\" content=\"https:\/\/noticiasemdestaque.com\/cd\/wp-content\/uploads\/2017\/07\/Mi_Vocacion.jpg\" \/>\n\t<meta property=\"og:image:width\" content=\"600\" \/>\n\t<meta property=\"og:image:height\" content=\"395\" \/>\n\t<meta property=\"og:image:type\" content=\"image\/jpeg\" \/>\n<meta name=\"author\" content=\"Not\u00edcias em Destaque\" \/>\n<meta name=\"twitter:card\" content=\"summary_large_image\" \/>\n<meta name=\"twitter:label1\" content=\"Escrito por\" \/>\n\t<meta name=\"twitter:data1\" content=\"Not\u00edcias em Destaque\" \/>\n\t<meta name=\"twitter:label2\" content=\"Est. tempo de leitura\" \/>\n\t<meta name=\"twitter:data2\" content=\"1 minuto\" \/>\n<script type=\"application\/ld+json\" class=\"yoast-schema-graph\">{\"@context\":\"https:\/\/schema.org\",\"@graph\":[{\"@type\":\"Article\",\"@id\":\"https:\/\/noticiasemdestaque.com\/cd\/?p=1725#article\",\"isPartOf\":{\"@id\":\"https:\/\/noticiasemdestaque.com\/cd\/?p=1725\"},\"author\":{\"name\":\"Not\u00edcias em Destaque\",\"@id\":\"https:\/\/noticiasemdestaque.com\/cd\/#\/schema\/person\/4a81fb71f77579d059c3045891fa1786\"},\"headline\":\"Curso gratuito de inform\u00e1tica aplicada \u00e9 oferecido no CDSA\",\"datePublished\":\"2017-07-14T00:02:57+00:00\",\"mainEntityOfPage\":{\"@id\":\"https:\/\/noticiasemdestaque.com\/cd\/?p=1725\"},\"wordCount\":130,\"publisher\":{\"@id\":\"https:\/\/noticiasemdestaque.com\/cd\/#organization\"},\"image\":{\"@id\":\"https:\/\/noticiasemdestaque.com\/cd\/?p=1725#primaryimage\"},\"thumbnailUrl\":\"https:\/\/noticiasemdestaque.com\/cd\/wp-content\/uploads\/2017\/07\/Mi_Vocacion.jpg\",\"articleSection\":[\"Educa\u00e7\u00e3o\"],\"inLanguage\":\"pt-BR\"},{\"@type\":\"WebPage\",\"@id\":\"https:\/\/noticiasemdestaque.com\/cd\/?p=1725\",\"url\":\"https:\/\/noticiasemdestaque.com\/cd\/?p=1725\",\"name\":\"Curso gratuito de inform\u00e1tica aplicada \u00e9 oferecido no CDSA - Not&iacute;cias em Destaque\",\"isPartOf\":{\"@id\":\"https:\/\/noticiasemdestaque.com\/cd\/#website\"},\"primaryImageOfPage\":{\"@id\":\"https:\/\/noticiasemdestaque.com\/cd\/?p=1725#primaryimage\"},\"image\":{\"@id\":\"https:\/\/noticiasemdestaque.com\/cd\/?p=1725#primaryimage\"},\"thumbnailUrl\":\"https:\/\/noticiasemdestaque.com\/cd\/wp-content\/uploads\/2017\/07\/Mi_Vocacion.jpg\",\"datePublished\":\"2017-07-14T00:02:57+00:00\",\"breadcrumb\":{\"@id\":\"https:\/\/noticiasemdestaque.com\/cd\/?p=1725#breadcrumb\"},\"inLanguage\":\"pt-BR\",\"potentialAction\":[{\"@type\":\"ReadAction\",\"target\":[\"https:\/\/noticiasemdestaque.com\/cd\/?p=1725\"]}]},{\"@type\":\"ImageObject\",\"inLanguage\":\"pt-BR\",\"@id\":\"https:\/\/noticiasemdestaque.com\/cd\/?p=1725#primaryimage\",\"url\":\"https:\/\/noticiasemdestaque.com\/cd\/wp-content\/uploads\/2017\/07\/Mi_Vocacion.jpg\",\"contentUrl\":\"https:\/\/noticiasemdestaque.com\/cd\/wp-content\/uploads\/2017\/07\/Mi_Vocacion.jpg\",\"width\":600,\"height\":395},{\"@type\":\"BreadcrumbList\",\"@id\":\"https:\/\/noticiasemdestaque.com\/cd\/?p=1725#breadcrumb\",\"itemListElement\":[{\"@type\":\"ListItem\",\"position\":1,\"name\":\"In\u00edcio\",\"item\":\"https:\/\/noticiasemdestaque.com\/cd\/\"},{\"@type\":\"ListItem\",\"position\":2,\"name\":\"Curso gratuito de inform\u00e1tica aplicada \u00e9 oferecido no CDSA\"}]},{\"@type\":\"WebSite\",\"@id\":\"https:\/\/noticiasemdestaque.com\/cd\/#website\",\"url\":\"https:\/\/noticiasemdestaque.com\/cd\/\",\"name\":\"Not&iacute;cias em Destaque\",\"description\":\"\",\"publisher\":{\"@id\":\"https:\/\/noticiasemdestaque.com\/cd\/#organization\"},\"potentialAction\":[{\"@type\":\"SearchAction\",\"target\":{\"@type\":\"EntryPoint\",\"urlTemplate\":\"https:\/\/noticiasemdestaque.com\/cd\/?s={search_term_string}\"},\"query-input\":{\"@type\":\"PropertyValueSpecification\",\"valueRequired\":true,\"valueName\":\"search_term_string\"}}],\"inLanguage\":\"pt-BR\"},{\"@type\":\"Organization\",\"@id\":\"https:\/\/noticiasemdestaque.com\/cd\/#organization\",\"name\":\"Not\u00edcias em Destaque\",\"url\":\"https:\/\/noticiasemdestaque.com\/cd\/\",\"logo\":{\"@type\":\"ImageObject\",\"inLanguage\":\"pt-BR\",\"@id\":\"https:\/\/noticiasemdestaque.com\/cd\/#\/schema\/logo\/image\/\",\"url\":\"https:\/\/noticiasemdestaque.com\/cd\/wp-content\/uploads\/2022\/05\/imagem-base-noticiasemdestaque.png\",\"contentUrl\":\"https:\/\/noticiasemdestaque.com\/cd\/wp-content\/uploads\/2022\/05\/imagem-base-noticiasemdestaque.png\",\"width\":1200,\"height\":630,\"caption\":\"Not\u00edcias em Destaque\"},\"image\":{\"@id\":\"https:\/\/noticiasemdestaque.com\/cd\/#\/schema\/logo\/image\/\"}},{\"@type\":\"Person\",\"@id\":\"https:\/\/noticiasemdestaque.com\/cd\/#\/schema\/person\/4a81fb71f77579d059c3045891fa1786\",\"name\":\"Not\u00edcias em Destaque\",\"url\":\"https:\/\/noticiasemdestaque.com\/cd\/?author=2\"}]}<\/script>\n<!-- \/ Yoast SEO plugin. -->","yoast_head_json":{"title":"Curso gratuito de inform\u00e1tica aplicada \u00e9 oferecido no CDSA - Not&iacute;cias em Destaque","robots":{"index":"index","follow":"follow","max-snippet":"max-snippet:-1","max-image-preview":"max-image-preview:large","max-video-preview":"max-video-preview:-1"},"canonical":"https:\/\/noticiasemdestaque.com\/cd\/?p=1725","og_locale":"pt_BR","og_type":"article","og_title":"Curso gratuito de inform\u00e1tica aplicada \u00e9 oferecido no CDSA - Not&iacute;cias em Destaque","og_description":"O Projeto Inform\u00e1tica e Cidadania Digital (INCID) do Centro de Desenvolvimento Sustent\u00e1vel do Semi\u00e1rido da UFCG est\u00e1 oferecendo \u00e0 comunidade de Sum\u00e9, o curso gratuito de Inform\u00e1tica Aplicada, com carga hor\u00e1ria de 40h. As inscri\u00e7\u00f5es ocorrer\u00e3o de 17 a 31 de julho na Secretaria da Unidade Acad\u00eamica de Educa\u00e7\u00e3o do Campo (UAEDUC). Podem inscrever-se jovens, adultos e idosos da cidade e do campo. As aulas ter\u00e3o in\u00edcio no pr\u00f3ximo dia 8 de agosto. Veja os hor\u00e1rios das turmas: Ter\u00e7as-feiras &#8211; 15 \u00e0s 16h30min &#8211; Turma A Quartas-feiras &#8211; 9 \u00e0s 10h30min &#8211; Turma B Quintas-feiras &#8211; 19 \u00e0s 20h30min &#8211; Turma C Cariri em Destaque (Rosenato Barreto &#8211; Assimp CDSA\/UFCG)","og_url":"https:\/\/noticiasemdestaque.com\/cd\/?p=1725","og_site_name":"Not&iacute;cias em Destaque","article_published_time":"2017-07-14T00:02:57+00:00","og_image":[{"width":600,"height":395,"url":"https:\/\/noticiasemdestaque.com\/cd\/wp-content\/uploads\/2017\/07\/Mi_Vocacion.jpg","type":"image\/jpeg"}],"author":"Not\u00edcias em Destaque","twitter_card":"summary_large_image","twitter_misc":{"Escrito por":"Not\u00edcias em Destaque","Est. tempo de leitura":"1 minuto"},"schema":{"@context":"https:\/\/schema.org","@graph":[{"@type":"Article","@id":"https:\/\/noticiasemdestaque.com\/cd\/?p=1725#article","isPartOf":{"@id":"https:\/\/noticiasemdestaque.com\/cd\/?p=1725"},"author":{"name":"Not\u00edcias em Destaque","@id":"https:\/\/noticiasemdestaque.com\/cd\/#\/schema\/person\/4a81fb71f77579d059c3045891fa1786"},"headline":"Curso gratuito de inform\u00e1tica aplicada \u00e9 oferecido no CDSA","datePublished":"2017-07-14T00:02:57+00:00","mainEntityOfPage":{"@id":"https:\/\/noticiasemdestaque.com\/cd\/?p=1725"},"wordCount":130,"publisher":{"@id":"https:\/\/noticiasemdestaque.com\/cd\/#organization"},"image":{"@id":"https:\/\/noticiasemdestaque.com\/cd\/?p=1725#primaryimage"},"thumbnailUrl":"https:\/\/noticiasemdestaque.com\/cd\/wp-content\/uploads\/2017\/07\/Mi_Vocacion.jpg","articleSection":["Educa\u00e7\u00e3o"],"inLanguage":"pt-BR"},{"@type":"WebPage","@id":"https:\/\/noticiasemdestaque.com\/cd\/?p=1725","url":"https:\/\/noticiasemdestaque.com\/cd\/?p=1725","name":"Curso gratuito de inform\u00e1tica aplicada \u00e9 oferecido no CDSA - Not&iacute;cias em Destaque","isPartOf":{"@id":"https:\/\/noticiasemdestaque.com\/cd\/#website"},"primaryImageOfPage":{"@id":"https:\/\/noticiasemdestaque.com\/cd\/?p=1725#primaryimage"},"image":{"@id":"https:\/\/noticiasemdestaque.com\/cd\/?p=1725#primaryimage"},"thumbnailUrl":"https:\/\/noticiasemdestaque.com\/cd\/wp-content\/uploads\/2017\/07\/Mi_Vocacion.jpg","datePublished":"2017-07-14T00:02:57+00:00","breadcrumb":{"@id":"https:\/\/noticiasemdestaque.com\/cd\/?p=1725#breadcrumb"},"inLanguage":"pt-BR","potentialAction":[{"@type":"ReadAction","target":["https:\/\/noticiasemdestaque.com\/cd\/?p=1725"]}]},{"@type":"ImageObject","inLanguage":"pt-BR","@id":"https:\/\/noticiasemdestaque.com\/cd\/?p=1725#primaryimage","url":"https:\/\/noticiasemdestaque.com\/cd\/wp-content\/uploads\/2017\/07\/Mi_Vocacion.jpg","contentUrl":"https:\/\/noticiasemdestaque.com\/cd\/wp-content\/uploads\/2017\/07\/Mi_Vocacion.jpg","width":600,"height":395},{"@type":"BreadcrumbList","@id":"https:\/\/noticiasemdestaque.com\/cd\/?p=1725#breadcrumb","itemListElement":[{"@type":"ListItem","position":1,"name":"In\u00edcio","item":"https:\/\/noticiasemdestaque.com\/cd\/"},{"@type":"ListItem","position":2,"name":"Curso gratuito de inform\u00e1tica aplicada \u00e9 oferecido no CDSA"}]},{"@type":"WebSite","@id":"https:\/\/noticiasemdestaque.com\/cd\/#website","url":"https:\/\/noticiasemdestaque.com\/cd\/","name":"Not&iacute;cias em Destaque","description":"","publisher":{"@id":"https:\/\/noticiasemdestaque.com\/cd\/#organization"},"potentialAction":[{"@type":"SearchAction","target":{"@type":"EntryPoint","urlTemplate":"https:\/\/noticiasemdestaque.com\/cd\/?s={search_term_string}"},"query-input":{"@type":"PropertyValueSpecification","valueRequired":true,"valueName":"search_term_string"}}],"inLanguage":"pt-BR"},{"@type":"Organization","@id":"https:\/\/noticiasemdestaque.com\/cd\/#organization","name":"Not\u00edcias em Destaque","url":"https:\/\/noticiasemdestaque.com\/cd\/","logo":{"@type":"ImageObject","inLanguage":"pt-BR","@id":"https:\/\/noticiasemdestaque.com\/cd\/#\/schema\/logo\/image\/","url":"https:\/\/noticiasemdestaque.com\/cd\/wp-content\/uploads\/2022\/05\/imagem-base-noticiasemdestaque.png","contentUrl":"https:\/\/noticiasemdestaque.com\/cd\/wp-content\/uploads\/2022\/05\/imagem-base-noticiasemdestaque.png","width":1200,"height":630,"caption":"Not\u00edcias em Destaque"},"image":{"@id":"https:\/\/noticiasemdestaque.com\/cd\/#\/schema\/logo\/image\/"}},{"@type":"Person","@id":"https:\/\/noticiasemdestaque.com\/cd\/#\/schema\/person\/4a81fb71f77579d059c3045891fa1786","name":"Not\u00edcias em Destaque","url":"https:\/\/noticiasemdestaque.com\/cd\/?author=2"}]}},"jetpack_featured_media_url":"https:\/\/noticiasemdestaque.com\/cd\/wp-content\/uploads\/2017\/07\/Mi_Vocacion.jpg","jetpack_sharing_enabled":true,"_links":{"self":[{"href":"https:\/\/noticiasemdestaque.com\/cd\/index.php?rest_route=\/wp\/v2\/posts\/1725","targetHints":{"allow":["GET"]}}],"collection":[{"href":"https:\/\/noticiasemdestaque.com\/cd\/index.php?rest_route=\/wp\/v2\/posts"}],"about":[{"href":"https:\/\/noticiasemdestaque.com\/cd\/index.php?rest_route=\/wp\/v2\/types\/post"}],"author":[{"embeddable":true,"href":"https:\/\/noticiasemdestaque.com\/cd\/index.php?rest_route=\/wp\/v2\/users\/2"}],"replies":[{"embeddable":true,"href":"https:\/\/noticiasemdestaque.com\/cd\/index.php?rest_route=%2Fwp%2Fv2%2Fcomments&post=1725"}],"version-history":[{"count":1,"href":"https:\/\/noticiasemdestaque.com\/cd\/index.php?rest_route=\/wp\/v2\/posts\/1725\/revisions"}],"predecessor-version":[{"id":1727,"href":"https:\/\/noticiasemdestaque.com\/cd\/index.php?rest_route=\/wp\/v2\/posts\/1725\/revisions\/1727"}],"wp:featuredmedia":[{"embeddable":true,"href":"https:\/\/noticiasemdestaque.com\/cd\/index.php?rest_route=\/wp\/v2\/media\/1726"}],"wp:attachment":[{"href":"https:\/\/noticiasemdestaque.com\/cd\/index.php?rest_route=%2Fwp%2Fv2%2Fmedia&parent=1725"}],"wp:term":[{"taxonomy":"category","embeddable":true,"href":"https:\/\/noticiasemdestaque.com\/cd\/index.php?rest_route=%2Fwp%2Fv2%2Fcategories&post=1725"},{"taxonomy":"post_tag","embeddable":true,"href":"https:\/\/noticiasemdestaque.com\/cd\/index.php?rest_route=%2Fwp%2Fv2%2Ftags&post=1725"}],"curies":[{"name":"wp","href":"https:\/\/api.w.org\/{rel}","templated":true}]}}