{"id":1712,"date":"2017-07-13T12:44:50","date_gmt":"2017-07-13T15:44:50","guid":{"rendered":"http:\/\/caririemdestaque.com\/cd\/?p=1712"},"modified":"2017-07-13T12:45:51","modified_gmt":"2017-07-13T15:45:51","slug":"profa-dra-sheyla-galvao-comenta-lei-que-criou-o-eca-ouca","status":"publish","type":"post","link":"https:\/\/noticiasemdestaque.com\/cd\/?p=1712","title":{"rendered":"Prof\u00aa Dr\u00aa Sheyla Galv\u00e3o comenta lei que criou o ECA; Ou\u00e7a"},"content":{"rendered":"<p>H\u00e1 exatos 27 anos entrava em vigor no Brasil, a lei que protege a crian\u00e7a e adolescente, atrav\u00e9s do Estatuto da Crian\u00e7a e Adolescente \u2013 ECA<\/p>\n<p>A Prof\u00aa. \u00a0Dr\u00aa da \u00e1rea de Ci\u00eancia Pol\u00edtica da Unidade Acad\u00eamica de Ci\u00eancias Sociais do Centro do Desenvolvimento Sustent\u00e1vel do Semi\u00e1rido \u2013 CDSA, da Universidade Federal de Campina Grande \u2013 UFCG, Campus Sum\u00e9, comenta sobre essa lei que garante os direitos Crian\u00e7a e Adolescente.<\/p>\n<p><iframe src=\"https:\/\/w.soundcloud.com\/player\/?url=https%3A\/\/api.soundcloud.com\/tracks\/333031326&amp;auto_play=false&amp;hide_related=false&amp;show_comments=true&amp;show_user=true&amp;show_reposts=false&amp;visual=true\" width=\"100%\" height=\"300\" frameborder=\"no\" scrolling=\"no\"><\/iframe><\/p>\n<p><em><strong>Cariri em Destaque<\/strong><\/em><\/p>\n","protected":false},"excerpt":{"rendered":"<p>H\u00e1 exatos 27 anos entrava em vigor no Brasil, a lei que protege a crian\u00e7a e adolescente, atrav\u00e9s do Estatuto da Crian\u00e7a e Adolescente \u2013 ECA A Prof\u00aa. \u00a0Dr\u00aa da \u00e1rea de Ci\u00eancia Pol\u00edtica da Unidade Acad\u00eamica de Ci\u00eancias Sociais do Centro do Desenvolvimento Sustent\u00e1vel do Semi\u00e1rido \u2013 CDSA, da Universidade Federal de Campina Grande \u2013 UFCG, Campus Sum\u00e9, comenta sobre essa lei que garante os direitos Crian\u00e7a e Adolescente. Cariri em Destaque<\/p>\n","protected":false},"author":2,"featured_media":1714,"comment_status":"closed","ping_status":"open","sticky":false,"template":"","format":"standard","meta":{"_eb_attr":"","_jetpack_memberships_contains_paid_content":false,"footnotes":""},"categories":[3],"tags":[],"class_list":["post-1712","post","type-post","status-publish","format-standard","has-post-thumbnail","hentry","category-cidades"],"yoast_head":"<!-- This site is optimized with the Yoast SEO plugin v26.5 - https:\/\/yoast.com\/wordpress\/plugins\/seo\/ -->\n<title>Prof\u00aa Dr\u00aa Sheyla Galv\u00e3o comenta lei que criou o ECA; Ou\u00e7a - Not&iacute;cias em Destaque<\/title>\n<meta name=\"robots\" content=\"index, follow, max-snippet:-1, max-image-preview:large, max-video-preview:-1\" \/>\n<link rel=\"canonical\" href=\"https:\/\/noticiasemdestaque.com\/cd\/?p=1712\" \/>\n<meta property=\"og:locale\" content=\"pt_BR\" \/>\n<meta property=\"og:type\" content=\"article\" \/>\n<meta property=\"og:title\" content=\"Prof\u00aa Dr\u00aa Sheyla Galv\u00e3o comenta lei que criou o ECA; Ou\u00e7a - Not&iacute;cias em Destaque\" \/>\n<meta property=\"og:description\" content=\"H\u00e1 exatos 27 anos entrava em vigor no Brasil, a lei que protege a crian\u00e7a e adolescente, atrav\u00e9s do Estatuto da Crian\u00e7a e Adolescente \u2013 ECA A Prof\u00aa. \u00a0Dr\u00aa da \u00e1rea de Ci\u00eancia Pol\u00edtica da Unidade Acad\u00eamica de Ci\u00eancias Sociais do Centro do Desenvolvimento Sustent\u00e1vel do Semi\u00e1rido \u2013 CDSA, da Universidade Federal de Campina Grande \u2013 UFCG, Campus Sum\u00e9, comenta sobre essa lei que garante os direitos Crian\u00e7a e Adolescente. Cariri em Destaque\" \/>\n<meta property=\"og:url\" content=\"https:\/\/noticiasemdestaque.com\/cd\/?p=1712\" \/>\n<meta property=\"og:site_name\" content=\"Not&iacute;cias em Destaque\" \/>\n<meta property=\"article:published_time\" content=\"2017-07-13T15:44:50+00:00\" \/>\n<meta property=\"article:modified_time\" content=\"2017-07-13T15:45:51+00:00\" \/>\n<meta property=\"og:image\" content=\"https:\/\/noticiasemdestaque.com\/cd\/wp-content\/uploads\/2017\/07\/pp.jpg\" \/>\n\t<meta property=\"og:image:width\" content=\"640\" \/>\n\t<meta property=\"og:image:height\" content=\"640\" \/>\n\t<meta property=\"og:image:type\" content=\"image\/jpeg\" \/>\n<meta name=\"author\" content=\"Not\u00edcias em Destaque\" \/>\n<meta name=\"twitter:card\" content=\"summary_large_image\" \/>\n<meta name=\"twitter:label1\" content=\"Escrito por\" \/>\n\t<meta name=\"twitter:data1\" content=\"Not\u00edcias em Destaque\" \/>\n<script type=\"application\/ld+json\" class=\"yoast-schema-graph\">{\"@context\":\"https:\/\/schema.org\",\"@graph\":[{\"@type\":\"Article\",\"@id\":\"https:\/\/noticiasemdestaque.com\/cd\/?p=1712#article\",\"isPartOf\":{\"@id\":\"https:\/\/noticiasemdestaque.com\/cd\/?p=1712\"},\"author\":{\"name\":\"Not\u00edcias em Destaque\",\"@id\":\"https:\/\/noticiasemdestaque.com\/cd\/#\/schema\/person\/45ca272b3e1246ef14ebb78a48dbb218\"},\"headline\":\"Prof\u00aa Dr\u00aa Sheyla Galv\u00e3o comenta lei que criou o ECA; Ou\u00e7a\",\"datePublished\":\"2017-07-13T15:44:50+00:00\",\"dateModified\":\"2017-07-13T15:45:51+00:00\",\"mainEntityOfPage\":{\"@id\":\"https:\/\/noticiasemdestaque.com\/cd\/?p=1712\"},\"wordCount\":92,\"publisher\":{\"@id\":\"https:\/\/noticiasemdestaque.com\/cd\/#organization\"},\"image\":{\"@id\":\"https:\/\/noticiasemdestaque.com\/cd\/?p=1712#primaryimage\"},\"thumbnailUrl\":\"https:\/\/noticiasemdestaque.com\/cd\/wp-content\/uploads\/2017\/07\/pp.jpg\",\"articleSection\":[\"Cidades\"],\"inLanguage\":\"pt-BR\"},{\"@type\":\"WebPage\",\"@id\":\"https:\/\/noticiasemdestaque.com\/cd\/?p=1712\",\"url\":\"https:\/\/noticiasemdestaque.com\/cd\/?p=1712\",\"name\":\"Prof\u00aa Dr\u00aa Sheyla Galv\u00e3o comenta lei que criou o ECA; Ou\u00e7a - Not&iacute;cias em Destaque\",\"isPartOf\":{\"@id\":\"https:\/\/noticiasemdestaque.com\/cd\/#website\"},\"primaryImageOfPage\":{\"@id\":\"https:\/\/noticiasemdestaque.com\/cd\/?p=1712#primaryimage\"},\"image\":{\"@id\":\"https:\/\/noticiasemdestaque.com\/cd\/?p=1712#primaryimage\"},\"thumbnailUrl\":\"https:\/\/noticiasemdestaque.com\/cd\/wp-content\/uploads\/2017\/07\/pp.jpg\",\"datePublished\":\"2017-07-13T15:44:50+00:00\",\"dateModified\":\"2017-07-13T15:45:51+00:00\",\"breadcrumb\":{\"@id\":\"https:\/\/noticiasemdestaque.com\/cd\/?p=1712#breadcrumb\"},\"inLanguage\":\"pt-BR\",\"potentialAction\":[{\"@type\":\"ReadAction\",\"target\":[\"https:\/\/noticiasemdestaque.com\/cd\/?p=1712\"]}]},{\"@type\":\"ImageObject\",\"inLanguage\":\"pt-BR\",\"@id\":\"https:\/\/noticiasemdestaque.com\/cd\/?p=1712#primaryimage\",\"url\":\"https:\/\/noticiasemdestaque.com\/cd\/wp-content\/uploads\/2017\/07\/pp.jpg\",\"contentUrl\":\"https:\/\/noticiasemdestaque.com\/cd\/wp-content\/uploads\/2017\/07\/pp.jpg\",\"width\":640,\"height\":640},{\"@type\":\"BreadcrumbList\",\"@id\":\"https:\/\/noticiasemdestaque.com\/cd\/?p=1712#breadcrumb\",\"itemListElement\":[{\"@type\":\"ListItem\",\"position\":1,\"name\":\"In\u00edcio\",\"item\":\"https:\/\/noticiasemdestaque.com\/cd\/\"},{\"@type\":\"ListItem\",\"position\":2,\"name\":\"Prof\u00aa Dr\u00aa Sheyla Galv\u00e3o comenta lei que criou o ECA; Ou\u00e7a\"}]},{\"@type\":\"WebSite\",\"@id\":\"https:\/\/noticiasemdestaque.com\/cd\/#website\",\"url\":\"https:\/\/noticiasemdestaque.com\/cd\/\",\"name\":\"Not&iacute;cias em Destaque\",\"description\":\"\",\"publisher\":{\"@id\":\"https:\/\/noticiasemdestaque.com\/cd\/#organization\"},\"potentialAction\":[{\"@type\":\"SearchAction\",\"target\":{\"@type\":\"EntryPoint\",\"urlTemplate\":\"https:\/\/noticiasemdestaque.com\/cd\/?s={search_term_string}\"},\"query-input\":{\"@type\":\"PropertyValueSpecification\",\"valueRequired\":true,\"valueName\":\"search_term_string\"}}],\"inLanguage\":\"pt-BR\"},{\"@type\":\"Organization\",\"@id\":\"https:\/\/noticiasemdestaque.com\/cd\/#organization\",\"name\":\"Not\u00edcias em Destaque\",\"url\":\"https:\/\/noticiasemdestaque.com\/cd\/\",\"logo\":{\"@type\":\"ImageObject\",\"inLanguage\":\"pt-BR\",\"@id\":\"https:\/\/noticiasemdestaque.com\/cd\/#\/schema\/logo\/image\/\",\"url\":\"https:\/\/noticiasemdestaque.com\/cd\/wp-content\/uploads\/2022\/05\/imagem-base-noticiasemdestaque.png\",\"contentUrl\":\"https:\/\/noticiasemdestaque.com\/cd\/wp-content\/uploads\/2022\/05\/imagem-base-noticiasemdestaque.png\",\"width\":1200,\"height\":630,\"caption\":\"Not\u00edcias em Destaque\"},\"image\":{\"@id\":\"https:\/\/noticiasemdestaque.com\/cd\/#\/schema\/logo\/image\/\"}},{\"@type\":\"Person\",\"@id\":\"https:\/\/noticiasemdestaque.com\/cd\/#\/schema\/person\/45ca272b3e1246ef14ebb78a48dbb218\",\"name\":\"Not\u00edcias em Destaque\",\"url\":\"https:\/\/noticiasemdestaque.com\/cd\/?author=2\"}]}<\/script>\n<!-- \/ Yoast SEO plugin. -->","yoast_head_json":{"title":"Prof\u00aa Dr\u00aa Sheyla Galv\u00e3o comenta lei que criou o ECA; Ou\u00e7a - Not&iacute;cias em Destaque","robots":{"index":"index","follow":"follow","max-snippet":"max-snippet:-1","max-image-preview":"max-image-preview:large","max-video-preview":"max-video-preview:-1"},"canonical":"https:\/\/noticiasemdestaque.com\/cd\/?p=1712","og_locale":"pt_BR","og_type":"article","og_title":"Prof\u00aa Dr\u00aa Sheyla Galv\u00e3o comenta lei que criou o ECA; Ou\u00e7a - Not&iacute;cias em Destaque","og_description":"H\u00e1 exatos 27 anos entrava em vigor no Brasil, a lei que protege a crian\u00e7a e adolescente, atrav\u00e9s do Estatuto da Crian\u00e7a e Adolescente \u2013 ECA A Prof\u00aa. \u00a0Dr\u00aa da \u00e1rea de Ci\u00eancia Pol\u00edtica da Unidade Acad\u00eamica de Ci\u00eancias Sociais do Centro do Desenvolvimento Sustent\u00e1vel do Semi\u00e1rido \u2013 CDSA, da Universidade Federal de Campina Grande \u2013 UFCG, Campus Sum\u00e9, comenta sobre essa lei que garante os direitos Crian\u00e7a e Adolescente. Cariri em Destaque","og_url":"https:\/\/noticiasemdestaque.com\/cd\/?p=1712","og_site_name":"Not&iacute;cias em Destaque","article_published_time":"2017-07-13T15:44:50+00:00","article_modified_time":"2017-07-13T15:45:51+00:00","og_image":[{"width":640,"height":640,"url":"https:\/\/noticiasemdestaque.com\/cd\/wp-content\/uploads\/2017\/07\/pp.jpg","type":"image\/jpeg"}],"author":"Not\u00edcias em Destaque","twitter_card":"summary_large_image","twitter_misc":{"Escrito por":"Not\u00edcias em Destaque"},"schema":{"@context":"https:\/\/schema.org","@graph":[{"@type":"Article","@id":"https:\/\/noticiasemdestaque.com\/cd\/?p=1712#article","isPartOf":{"@id":"https:\/\/noticiasemdestaque.com\/cd\/?p=1712"},"author":{"name":"Not\u00edcias em Destaque","@id":"https:\/\/noticiasemdestaque.com\/cd\/#\/schema\/person\/45ca272b3e1246ef14ebb78a48dbb218"},"headline":"Prof\u00aa Dr\u00aa Sheyla Galv\u00e3o comenta lei que criou o ECA; Ou\u00e7a","datePublished":"2017-07-13T15:44:50+00:00","dateModified":"2017-07-13T15:45:51+00:00","mainEntityOfPage":{"@id":"https:\/\/noticiasemdestaque.com\/cd\/?p=1712"},"wordCount":92,"publisher":{"@id":"https:\/\/noticiasemdestaque.com\/cd\/#organization"},"image":{"@id":"https:\/\/noticiasemdestaque.com\/cd\/?p=1712#primaryimage"},"thumbnailUrl":"https:\/\/noticiasemdestaque.com\/cd\/wp-content\/uploads\/2017\/07\/pp.jpg","articleSection":["Cidades"],"inLanguage":"pt-BR"},{"@type":"WebPage","@id":"https:\/\/noticiasemdestaque.com\/cd\/?p=1712","url":"https:\/\/noticiasemdestaque.com\/cd\/?p=1712","name":"Prof\u00aa Dr\u00aa Sheyla Galv\u00e3o comenta lei que criou o ECA; Ou\u00e7a - Not&iacute;cias em Destaque","isPartOf":{"@id":"https:\/\/noticiasemdestaque.com\/cd\/#website"},"primaryImageOfPage":{"@id":"https:\/\/noticiasemdestaque.com\/cd\/?p=1712#primaryimage"},"image":{"@id":"https:\/\/noticiasemdestaque.com\/cd\/?p=1712#primaryimage"},"thumbnailUrl":"https:\/\/noticiasemdestaque.com\/cd\/wp-content\/uploads\/2017\/07\/pp.jpg","datePublished":"2017-07-13T15:44:50+00:00","dateModified":"2017-07-13T15:45:51+00:00","breadcrumb":{"@id":"https:\/\/noticiasemdestaque.com\/cd\/?p=1712#breadcrumb"},"inLanguage":"pt-BR","potentialAction":[{"@type":"ReadAction","target":["https:\/\/noticiasemdestaque.com\/cd\/?p=1712"]}]},{"@type":"ImageObject","inLanguage":"pt-BR","@id":"https:\/\/noticiasemdestaque.com\/cd\/?p=1712#primaryimage","url":"https:\/\/noticiasemdestaque.com\/cd\/wp-content\/uploads\/2017\/07\/pp.jpg","contentUrl":"https:\/\/noticiasemdestaque.com\/cd\/wp-content\/uploads\/2017\/07\/pp.jpg","width":640,"height":640},{"@type":"BreadcrumbList","@id":"https:\/\/noticiasemdestaque.com\/cd\/?p=1712#breadcrumb","itemListElement":[{"@type":"ListItem","position":1,"name":"In\u00edcio","item":"https:\/\/noticiasemdestaque.com\/cd\/"},{"@type":"ListItem","position":2,"name":"Prof\u00aa Dr\u00aa Sheyla Galv\u00e3o comenta lei que criou o ECA; Ou\u00e7a"}]},{"@type":"WebSite","@id":"https:\/\/noticiasemdestaque.com\/cd\/#website","url":"https:\/\/noticiasemdestaque.com\/cd\/","name":"Not&iacute;cias em Destaque","description":"","publisher":{"@id":"https:\/\/noticiasemdestaque.com\/cd\/#organization"},"potentialAction":[{"@type":"SearchAction","target":{"@type":"EntryPoint","urlTemplate":"https:\/\/noticiasemdestaque.com\/cd\/?s={search_term_string}"},"query-input":{"@type":"PropertyValueSpecification","valueRequired":true,"valueName":"search_term_string"}}],"inLanguage":"pt-BR"},{"@type":"Organization","@id":"https:\/\/noticiasemdestaque.com\/cd\/#organization","name":"Not\u00edcias em Destaque","url":"https:\/\/noticiasemdestaque.com\/cd\/","logo":{"@type":"ImageObject","inLanguage":"pt-BR","@id":"https:\/\/noticiasemdestaque.com\/cd\/#\/schema\/logo\/image\/","url":"https:\/\/noticiasemdestaque.com\/cd\/wp-content\/uploads\/2022\/05\/imagem-base-noticiasemdestaque.png","contentUrl":"https:\/\/noticiasemdestaque.com\/cd\/wp-content\/uploads\/2022\/05\/imagem-base-noticiasemdestaque.png","width":1200,"height":630,"caption":"Not\u00edcias em Destaque"},"image":{"@id":"https:\/\/noticiasemdestaque.com\/cd\/#\/schema\/logo\/image\/"}},{"@type":"Person","@id":"https:\/\/noticiasemdestaque.com\/cd\/#\/schema\/person\/45ca272b3e1246ef14ebb78a48dbb218","name":"Not\u00edcias em Destaque","url":"https:\/\/noticiasemdestaque.com\/cd\/?author=2"}]}},"jetpack_featured_media_url":"https:\/\/noticiasemdestaque.com\/cd\/wp-content\/uploads\/2017\/07\/pp.jpg","jetpack_sharing_enabled":true,"_links":{"self":[{"href":"https:\/\/noticiasemdestaque.com\/cd\/index.php?rest_route=\/wp\/v2\/posts\/1712","targetHints":{"allow":["GET"]}}],"collection":[{"href":"https:\/\/noticiasemdestaque.com\/cd\/index.php?rest_route=\/wp\/v2\/posts"}],"about":[{"href":"https:\/\/noticiasemdestaque.com\/cd\/index.php?rest_route=\/wp\/v2\/types\/post"}],"author":[{"embeddable":true,"href":"https:\/\/noticiasemdestaque.com\/cd\/index.php?rest_route=\/wp\/v2\/users\/2"}],"replies":[{"embeddable":true,"href":"https:\/\/noticiasemdestaque.com\/cd\/index.php?rest_route=%2Fwp%2Fv2%2Fcomments&post=1712"}],"version-history":[{"count":1,"href":"https:\/\/noticiasemdestaque.com\/cd\/index.php?rest_route=\/wp\/v2\/posts\/1712\/revisions"}],"predecessor-version":[{"id":1713,"href":"https:\/\/noticiasemdestaque.com\/cd\/index.php?rest_route=\/wp\/v2\/posts\/1712\/revisions\/1713"}],"wp:featuredmedia":[{"embeddable":true,"href":"https:\/\/noticiasemdestaque.com\/cd\/index.php?rest_route=\/wp\/v2\/media\/1714"}],"wp:attachment":[{"href":"https:\/\/noticiasemdestaque.com\/cd\/index.php?rest_route=%2Fwp%2Fv2%2Fmedia&parent=1712"}],"wp:term":[{"taxonomy":"category","embeddable":true,"href":"https:\/\/noticiasemdestaque.com\/cd\/index.php?rest_route=%2Fwp%2Fv2%2Fcategories&post=1712"},{"taxonomy":"post_tag","embeddable":true,"href":"https:\/\/noticiasemdestaque.com\/cd\/index.php?rest_route=%2Fwp%2Fv2%2Ftags&post=1712"}],"curies":[{"name":"wp","href":"https:\/\/api.w.org\/{rel}","templated":true}]}}