{"id":1704,"date":"2017-07-12T16:58:47","date_gmt":"2017-07-12T19:58:47","guid":{"rendered":"http:\/\/caririemdestaque.com\/cd\/?p=1704"},"modified":"2017-07-12T16:58:47","modified_gmt":"2017-07-12T19:58:47","slug":"reitor-rebate-procurador-do-estado-sobre-gestao-nao-conhece-a-uepb","status":"publish","type":"post","link":"https:\/\/noticiasemdestaque.com\/cd\/?p=1704","title":{"rendered":"Reitor rebate procurador do Estado sobre gest\u00e3o: \u201cN\u00e3o conhece a UEPB\u201d"},"content":{"rendered":"<p><a href=\"http:\/\/caririemdestaque.com\/cd\/wp-content\/uploads\/2017\/07\/uepb-1-.jpg\"><img fetchpriority=\"high\" decoding=\"async\" class=\"size-medium wp-image-1705 alignleft\" src=\"http:\/\/caririemdestaque.com\/cd\/wp-content\/uploads\/2017\/07\/uepb-1--300x207.jpg\" alt=\"\" width=\"300\" height=\"207\" srcset=\"https:\/\/noticiasemdestaque.com\/cd\/wp-content\/uploads\/2017\/07\/uepb-1--300x207.jpg 300w, https:\/\/noticiasemdestaque.com\/cd\/wp-content\/uploads\/2017\/07\/uepb-1-.jpg 369w\" sizes=\"(max-width: 300px) 100vw, 300px\" \/><\/a>O reitor em exerc\u00edcio da Universidade Estadual da Para\u00edba, Fl\u00e1vio Romero Guimar\u00e3es, contestou, na tarde desta quarta-feira (12), declara\u00e7\u00f5es do procurador-geral do Estado, Gilberto Carneiro, de que o problema financeiro enfrentado pela institui\u00e7\u00e3o \u00e9 por falta de gest\u00e3o. As declara\u00e7\u00f5es de Giberto Carneiro foram feitas no programa Frente da Frente da TV Arapuan.<\/p>\n<p>De acordo com Fl\u00e1vio Romero Guimar\u00e3es, o procurador erra quando afirma que a UEPB gasta 90% dos seus recursos com pessoal, pois para essa finalidade s\u00e3o investidos 82%.<\/p>\n<p>Romero Guimar\u00e3es tamb\u00e9m alega desconhecimento de Gilberto Carneiro em rela\u00e7\u00e3o aos gastos com pessoal, pois, a institui\u00e7\u00e3o de ensino possui um quadro \u201cenxuto\u201d e de grande atua\u00e7\u00e3o em todas as regi\u00f5es da Para\u00edba e que uma parte desse pessoal est\u00e1 ganhado sal\u00e1rio abaixo do que deveria receber.<\/p>\n<p>Leia nota da UEPB<\/p>\n<p>Diante de not\u00edcia veiculada no Portal Mais PB, nesta segunda-feira, 10 de julho, com declara\u00e7\u00e3o do procurador-geral do Estado, senhor Gilberto Carneiro, afirmando que na UEPB h\u00e1 problemas de gest\u00e3o, que 90% do or\u00e7amento da Institui\u00e7\u00e3o \u00e9 comprometido com pagamento de pessoal e que a Lei da Autonomia apresenta imprecis\u00f5es, tendo sido elaborada de forma \u201ca\u00e7odada\u201d, a Administra\u00e7\u00e3o Central da Universidade sente-se na obriga\u00e7\u00e3o de esclarecer alguns pontos abordados na mat\u00e9ria.<\/p>\n<p>Primeiramente, o comprometimento do or\u00e7amento da UEPB com despesas de pessoal \u00e9 de 82%. Esta \u00e9 uma realidade vivenciada por nove entre cada dez universidades p\u00fablicas brasileiras. A UEPB, em sua ess\u00eancia, \u00e9 uma prestadora de servi\u00e7o executado por m\u00e3o de obra qualificada. Portanto, sua maior despesa, obrigatoriamente, \u00e9 com pessoal, pois s\u00e3o os trabalhadores que atuam na Institui\u00e7\u00e3o que prestam seus servi\u00e7os nas \u00e1reas de ensino, pesquisa e extens\u00e3o, trip\u00e9 que baliza a miss\u00e3o da Universidade Estadual da Para\u00edba.<\/p>\n<p>Afirmar que o montante de despesa com pessoal \u00e9 problema de gest\u00e3o significa claro desconhecimento da realidade e l\u00f3gica de uma institui\u00e7\u00e3o de ensino superior, que atua com pessoas em todas as regi\u00f5es do Estado, promovendo avan\u00e7o socioeducacional e desenvolvimento para a Para\u00edba. Para atuar desta forma, as pessoas que trabalham na UEPB precisam ser remuneradas para o desempenho de suas fun\u00e7\u00f5es. Cabe destacar ainda que a UEPB possui quadro de pessoal extremamente \u201cenxuto\u201d, com 30% deste em trabalho com contratos precarizados e com defasagem salarial acumulada, o que tem promovido preocupante evas\u00e3o de pesquisadores e t\u00e9cnicos qualificados ano ap\u00f3s ano.<\/p>\n<p>Com rela\u00e7\u00e3o \u00e0s imprecis\u00f5es na Lei da Autonomia, citadas pelo procurador-geral, ressaltamos que, sob nenhuma hip\u00f3tese, ela foi elaborada ou aprovada de forma a\u00e7odada, como sugeriu o senhor Gilberto Carneiro. Ao contr\u00e1rio, a Lei foi resultado de intensa luta e amplo debate entre comunidade universit\u00e1ria, Governo do Estado e Assembleia Legislativa, inclusive com Comiss\u00e3o T\u00e9cnica formada por representantes do Estado, da Reitoria e das entidades representativas dos docentes (ADUEPB) e dos t\u00e9cnicos administrativos (SINTESPB-UEPB).<\/p>\n<p>No entanto, entendemos que toda legisla\u00e7\u00e3o pode e deve ser aperfei\u00e7oada, at\u00e9 mesmo para evitar equ\u00edvocos de interpreta\u00e7\u00e3o como ocorre com rela\u00e7\u00e3o \u00e0 forma de entendimento que o pr\u00f3prio Governo do Estado faz sobre a referida lei, resultando em uma supress\u00e3o proporcional cont\u00ednua dos recursos a que a UEPB teria direito e que deveriam ser destinados \u00e0 Institui\u00e7\u00e3o.<\/p>\n<p>Nesse sentido, a UEPB sempre se manteve aberta ao debate com vistas a revisar a Lei 7.643\/2004 e, inclusive, prop\u00f5e ao procurador-geral do Estado sugerir e debater com a comunidade acad\u00eamica da UEPB os ajustes que considerar necess\u00e1rios para a melhor estrutura\u00e7\u00e3o da lei, de forma que sua aplica\u00e7\u00e3o n\u00e3o fique sujeita a interpreta\u00e7\u00f5es diversas e difusas, o que tende a ser ben\u00e9fico para a Universidade e para o Estado. Indicamos, inclusive, como oportuna a cria\u00e7\u00e3o de uma nova Comiss\u00e3o T\u00e9cnica para analisar o conte\u00fado da lei e promover ajustes, se for o caso.<\/p>\n<p>Atenciosamente,<\/p>\n<p>Fl\u00e1vio Romero Guimar\u00e3es<\/p>\n<p>Reitor em exerc\u00edcio da UEPB<\/p>\n<p>Com MaisPB<\/p>\n","protected":false},"excerpt":{"rendered":"<p>O reitor em exerc\u00edcio da Universidade Estadual da Para\u00edba, Fl\u00e1vio Romero Guimar\u00e3es, contestou, na tarde desta quarta-feira (12), declara\u00e7\u00f5es do procurador-geral do Estado, Gilberto Carneiro, de que o problema financeiro enfrentado pela institui\u00e7\u00e3o \u00e9 por falta de gest\u00e3o. As declara\u00e7\u00f5es de Giberto Carneiro foram feitas no programa Frente da Frente da TV Arapuan. De acordo com Fl\u00e1vio Romero Guimar\u00e3es, o procurador erra quando afirma que a UEPB gasta 90% dos seus recursos com pessoal, pois para essa finalidade s\u00e3o investidos 82%. Romero Guimar\u00e3es tamb\u00e9m alega desconhecimento de Gilberto Carneiro em rela\u00e7\u00e3o aos gastos com pessoal, pois, a institui\u00e7\u00e3o de ensino possui um quadro \u201cenxuto\u201d e de grande atua\u00e7\u00e3o em todas as regi\u00f5es da Para\u00edba e que uma parte desse pessoal est\u00e1 ganhado sal\u00e1rio abaixo do que deveria receber. Leia nota da UEPB Diante de not\u00edcia veiculada no Portal Mais PB, nesta segunda-feira, 10 de julho, com declara\u00e7\u00e3o do procurador-geral do Estado, senhor Gilberto Carneiro, afirmando que na UEPB h\u00e1 problemas de gest\u00e3o, que 90% do or\u00e7amento da Institui\u00e7\u00e3o \u00e9 comprometido com pagamento de pessoal e que a Lei da Autonomia apresenta imprecis\u00f5es, tendo sido elaborada de forma \u201ca\u00e7odada\u201d, a Administra\u00e7\u00e3o Central da Universidade sente-se na obriga\u00e7\u00e3o de esclarecer alguns pontos abordados na mat\u00e9ria. Primeiramente, o comprometimento do or\u00e7amento da UEPB com despesas de pessoal \u00e9 de 82%. Esta \u00e9 uma realidade vivenciada por nove entre cada dez universidades p\u00fablicas brasileiras. A UEPB, em sua ess\u00eancia, \u00e9 uma prestadora de servi\u00e7o executado por m\u00e3o de obra qualificada. Portanto, sua maior despesa, obrigatoriamente, \u00e9 com pessoal, pois s\u00e3o os trabalhadores que atuam na Institui\u00e7\u00e3o que prestam seus servi\u00e7os nas \u00e1reas de ensino, pesquisa e extens\u00e3o, trip\u00e9 que baliza a miss\u00e3o da Universidade Estadual da Para\u00edba. Afirmar que o montante de despesa com pessoal \u00e9 problema de gest\u00e3o significa claro desconhecimento da realidade e l\u00f3gica de uma institui\u00e7\u00e3o de ensino superior, que atua com pessoas em todas as regi\u00f5es do Estado, promovendo avan\u00e7o socioeducacional e desenvolvimento para a Para\u00edba. Para atuar desta forma, as pessoas que trabalham na UEPB precisam ser remuneradas para o desempenho de suas fun\u00e7\u00f5es. Cabe destacar ainda que a UEPB possui quadro de pessoal extremamente \u201cenxuto\u201d, com 30% deste em trabalho com contratos precarizados e com defasagem salarial acumulada, o que tem promovido preocupante evas\u00e3o de pesquisadores e t\u00e9cnicos qualificados ano ap\u00f3s ano. Com rela\u00e7\u00e3o \u00e0s imprecis\u00f5es na Lei da Autonomia, citadas pelo procurador-geral, ressaltamos que, sob nenhuma hip\u00f3tese, ela foi elaborada ou aprovada de forma a\u00e7odada, como sugeriu o senhor Gilberto Carneiro. Ao contr\u00e1rio, a Lei foi resultado de intensa luta e amplo debate entre comunidade universit\u00e1ria, Governo do Estado e Assembleia Legislativa, inclusive com Comiss\u00e3o T\u00e9cnica formada por representantes do Estado, da Reitoria e das entidades representativas dos docentes (ADUEPB) e dos t\u00e9cnicos administrativos (SINTESPB-UEPB). No entanto, entendemos que toda legisla\u00e7\u00e3o pode e deve ser aperfei\u00e7oada, at\u00e9 mesmo para evitar equ\u00edvocos de interpreta\u00e7\u00e3o como ocorre com rela\u00e7\u00e3o \u00e0 forma de entendimento que o pr\u00f3prio Governo do Estado faz sobre a referida lei, resultando em uma supress\u00e3o proporcional cont\u00ednua dos recursos a que a UEPB teria direito e que deveriam ser destinados \u00e0 Institui\u00e7\u00e3o. Nesse sentido, a UEPB sempre se manteve aberta ao debate com vistas a revisar a Lei 7.643\/2004 e, inclusive, prop\u00f5e ao procurador-geral do Estado sugerir e debater com a comunidade acad\u00eamica da UEPB os ajustes que considerar necess\u00e1rios para a melhor estrutura\u00e7\u00e3o da lei, de forma que sua aplica\u00e7\u00e3o n\u00e3o fique sujeita a interpreta\u00e7\u00f5es diversas e difusas, o que tende a ser ben\u00e9fico para a Universidade e para o Estado. Indicamos, inclusive, como oportuna a cria\u00e7\u00e3o de uma nova Comiss\u00e3o T\u00e9cnica para analisar o conte\u00fado da lei e promover ajustes, se for o caso. Atenciosamente, Fl\u00e1vio Romero Guimar\u00e3es Reitor em exerc\u00edcio da UEPB Com MaisPB<\/p>\n","protected":false},"author":2,"featured_media":1705,"comment_status":"closed","ping_status":"open","sticky":false,"template":"","format":"standard","meta":{"_eb_attr":"","_jetpack_memberships_contains_paid_content":false,"footnotes":""},"categories":[6],"tags":[],"class_list":["post-1704","post","type-post","status-publish","format-standard","has-post-thumbnail","hentry","category-educacao"],"yoast_head":"<!-- This site is optimized with the Yoast SEO plugin v26.5 - https:\/\/yoast.com\/wordpress\/plugins\/seo\/ -->\n<title>Reitor rebate procurador do Estado sobre gest\u00e3o: \u201cN\u00e3o conhece a UEPB\u201d - Not&iacute;cias em Destaque<\/title>\n<meta name=\"robots\" content=\"index, follow, max-snippet:-1, max-image-preview:large, max-video-preview:-1\" \/>\n<link rel=\"canonical\" href=\"https:\/\/noticiasemdestaque.com\/cd\/?p=1704\" \/>\n<meta property=\"og:locale\" content=\"pt_BR\" \/>\n<meta property=\"og:type\" content=\"article\" \/>\n<meta property=\"og:title\" content=\"Reitor rebate procurador do Estado sobre gest\u00e3o: \u201cN\u00e3o conhece a UEPB\u201d - Not&iacute;cias em Destaque\" \/>\n<meta property=\"og:description\" content=\"O reitor em exerc\u00edcio da Universidade Estadual da Para\u00edba, Fl\u00e1vio Romero Guimar\u00e3es, contestou, na tarde desta quarta-feira (12), declara\u00e7\u00f5es do procurador-geral do Estado, Gilberto Carneiro, de que o problema financeiro enfrentado pela institui\u00e7\u00e3o \u00e9 por falta de gest\u00e3o. As declara\u00e7\u00f5es de Giberto Carneiro foram feitas no programa Frente da Frente da TV Arapuan. De acordo com Fl\u00e1vio Romero Guimar\u00e3es, o procurador erra quando afirma que a UEPB gasta 90% dos seus recursos com pessoal, pois para essa finalidade s\u00e3o investidos 82%. Romero Guimar\u00e3es tamb\u00e9m alega desconhecimento de Gilberto Carneiro em rela\u00e7\u00e3o aos gastos com pessoal, pois, a institui\u00e7\u00e3o de ensino possui um quadro \u201cenxuto\u201d e de grande atua\u00e7\u00e3o em todas as regi\u00f5es da Para\u00edba e que uma parte desse pessoal est\u00e1 ganhado sal\u00e1rio abaixo do que deveria receber. Leia nota da UEPB Diante de not\u00edcia veiculada no Portal Mais PB, nesta segunda-feira, 10 de julho, com declara\u00e7\u00e3o do procurador-geral do Estado, senhor Gilberto Carneiro, afirmando que na UEPB h\u00e1 problemas de gest\u00e3o, que 90% do or\u00e7amento da Institui\u00e7\u00e3o \u00e9 comprometido com pagamento de pessoal e que a Lei da Autonomia apresenta imprecis\u00f5es, tendo sido elaborada de forma \u201ca\u00e7odada\u201d, a Administra\u00e7\u00e3o Central da Universidade sente-se na obriga\u00e7\u00e3o de esclarecer alguns pontos abordados na mat\u00e9ria. Primeiramente, o comprometimento do or\u00e7amento da UEPB com despesas de pessoal \u00e9 de 82%. Esta \u00e9 uma realidade vivenciada por nove entre cada dez universidades p\u00fablicas brasileiras. A UEPB, em sua ess\u00eancia, \u00e9 uma prestadora de servi\u00e7o executado por m\u00e3o de obra qualificada. Portanto, sua maior despesa, obrigatoriamente, \u00e9 com pessoal, pois s\u00e3o os trabalhadores que atuam na Institui\u00e7\u00e3o que prestam seus servi\u00e7os nas \u00e1reas de ensino, pesquisa e extens\u00e3o, trip\u00e9 que baliza a miss\u00e3o da Universidade Estadual da Para\u00edba. Afirmar que o montante de despesa com pessoal \u00e9 problema de gest\u00e3o significa claro desconhecimento da realidade e l\u00f3gica de uma institui\u00e7\u00e3o de ensino superior, que atua com pessoas em todas as regi\u00f5es do Estado, promovendo avan\u00e7o socioeducacional e desenvolvimento para a Para\u00edba. Para atuar desta forma, as pessoas que trabalham na UEPB precisam ser remuneradas para o desempenho de suas fun\u00e7\u00f5es. Cabe destacar ainda que a UEPB possui quadro de pessoal extremamente \u201cenxuto\u201d, com 30% deste em trabalho com contratos precarizados e com defasagem salarial acumulada, o que tem promovido preocupante evas\u00e3o de pesquisadores e t\u00e9cnicos qualificados ano ap\u00f3s ano. Com rela\u00e7\u00e3o \u00e0s imprecis\u00f5es na Lei da Autonomia, citadas pelo procurador-geral, ressaltamos que, sob nenhuma hip\u00f3tese, ela foi elaborada ou aprovada de forma a\u00e7odada, como sugeriu o senhor Gilberto Carneiro. Ao contr\u00e1rio, a Lei foi resultado de intensa luta e amplo debate entre comunidade universit\u00e1ria, Governo do Estado e Assembleia Legislativa, inclusive com Comiss\u00e3o T\u00e9cnica formada por representantes do Estado, da Reitoria e das entidades representativas dos docentes (ADUEPB) e dos t\u00e9cnicos administrativos (SINTESPB-UEPB). No entanto, entendemos que toda legisla\u00e7\u00e3o pode e deve ser aperfei\u00e7oada, at\u00e9 mesmo para evitar equ\u00edvocos de interpreta\u00e7\u00e3o como ocorre com rela\u00e7\u00e3o \u00e0 forma de entendimento que o pr\u00f3prio Governo do Estado faz sobre a referida lei, resultando em uma supress\u00e3o proporcional cont\u00ednua dos recursos a que a UEPB teria direito e que deveriam ser destinados \u00e0 Institui\u00e7\u00e3o. Nesse sentido, a UEPB sempre se manteve aberta ao debate com vistas a revisar a Lei 7.643\/2004 e, inclusive, prop\u00f5e ao procurador-geral do Estado sugerir e debater com a comunidade acad\u00eamica da UEPB os ajustes que considerar necess\u00e1rios para a melhor estrutura\u00e7\u00e3o da lei, de forma que sua aplica\u00e7\u00e3o n\u00e3o fique sujeita a interpreta\u00e7\u00f5es diversas e difusas, o que tende a ser ben\u00e9fico para a Universidade e para o Estado. Indicamos, inclusive, como oportuna a cria\u00e7\u00e3o de uma nova Comiss\u00e3o T\u00e9cnica para analisar o conte\u00fado da lei e promover ajustes, se for o caso. Atenciosamente, Fl\u00e1vio Romero Guimar\u00e3es Reitor em exerc\u00edcio da UEPB Com MaisPB\" \/>\n<meta property=\"og:url\" content=\"https:\/\/noticiasemdestaque.com\/cd\/?p=1704\" \/>\n<meta property=\"og:site_name\" content=\"Not&iacute;cias em Destaque\" \/>\n<meta property=\"article:published_time\" content=\"2017-07-12T19:58:47+00:00\" \/>\n<meta property=\"og:image\" content=\"https:\/\/noticiasemdestaque.com\/cd\/wp-content\/uploads\/2017\/07\/uepb-1-.jpg\" \/>\n\t<meta property=\"og:image:width\" content=\"369\" \/>\n\t<meta property=\"og:image:height\" content=\"255\" \/>\n\t<meta property=\"og:image:type\" content=\"image\/jpeg\" \/>\n<meta name=\"author\" content=\"Not\u00edcias em Destaque\" \/>\n<meta name=\"twitter:card\" content=\"summary_large_image\" \/>\n<meta name=\"twitter:label1\" content=\"Escrito por\" \/>\n\t<meta name=\"twitter:data1\" content=\"Not\u00edcias em Destaque\" \/>\n\t<meta name=\"twitter:label2\" content=\"Est. tempo de leitura\" \/>\n\t<meta name=\"twitter:data2\" content=\"3 minutos\" \/>\n<script type=\"application\/ld+json\" class=\"yoast-schema-graph\">{\"@context\":\"https:\/\/schema.org\",\"@graph\":[{\"@type\":\"Article\",\"@id\":\"https:\/\/noticiasemdestaque.com\/cd\/?p=1704#article\",\"isPartOf\":{\"@id\":\"https:\/\/noticiasemdestaque.com\/cd\/?p=1704\"},\"author\":{\"name\":\"Not\u00edcias em Destaque\",\"@id\":\"https:\/\/noticiasemdestaque.com\/cd\/#\/schema\/person\/45ca272b3e1246ef14ebb78a48dbb218\"},\"headline\":\"Reitor rebate procurador do Estado sobre gest\u00e3o: \u201cN\u00e3o conhece a UEPB\u201d\",\"datePublished\":\"2017-07-12T19:58:47+00:00\",\"mainEntityOfPage\":{\"@id\":\"https:\/\/noticiasemdestaque.com\/cd\/?p=1704\"},\"wordCount\":700,\"publisher\":{\"@id\":\"https:\/\/noticiasemdestaque.com\/cd\/#organization\"},\"image\":{\"@id\":\"https:\/\/noticiasemdestaque.com\/cd\/?p=1704#primaryimage\"},\"thumbnailUrl\":\"https:\/\/noticiasemdestaque.com\/cd\/wp-content\/uploads\/2017\/07\/uepb-1-.jpg\",\"articleSection\":[\"Educa\u00e7\u00e3o\"],\"inLanguage\":\"pt-BR\"},{\"@type\":\"WebPage\",\"@id\":\"https:\/\/noticiasemdestaque.com\/cd\/?p=1704\",\"url\":\"https:\/\/noticiasemdestaque.com\/cd\/?p=1704\",\"name\":\"Reitor rebate procurador do Estado sobre gest\u00e3o: \u201cN\u00e3o conhece a UEPB\u201d - Not&iacute;cias em Destaque\",\"isPartOf\":{\"@id\":\"https:\/\/noticiasemdestaque.com\/cd\/#website\"},\"primaryImageOfPage\":{\"@id\":\"https:\/\/noticiasemdestaque.com\/cd\/?p=1704#primaryimage\"},\"image\":{\"@id\":\"https:\/\/noticiasemdestaque.com\/cd\/?p=1704#primaryimage\"},\"thumbnailUrl\":\"https:\/\/noticiasemdestaque.com\/cd\/wp-content\/uploads\/2017\/07\/uepb-1-.jpg\",\"datePublished\":\"2017-07-12T19:58:47+00:00\",\"breadcrumb\":{\"@id\":\"https:\/\/noticiasemdestaque.com\/cd\/?p=1704#breadcrumb\"},\"inLanguage\":\"pt-BR\",\"potentialAction\":[{\"@type\":\"ReadAction\",\"target\":[\"https:\/\/noticiasemdestaque.com\/cd\/?p=1704\"]}]},{\"@type\":\"ImageObject\",\"inLanguage\":\"pt-BR\",\"@id\":\"https:\/\/noticiasemdestaque.com\/cd\/?p=1704#primaryimage\",\"url\":\"https:\/\/noticiasemdestaque.com\/cd\/wp-content\/uploads\/2017\/07\/uepb-1-.jpg\",\"contentUrl\":\"https:\/\/noticiasemdestaque.com\/cd\/wp-content\/uploads\/2017\/07\/uepb-1-.jpg\",\"width\":369,\"height\":255},{\"@type\":\"BreadcrumbList\",\"@id\":\"https:\/\/noticiasemdestaque.com\/cd\/?p=1704#breadcrumb\",\"itemListElement\":[{\"@type\":\"ListItem\",\"position\":1,\"name\":\"In\u00edcio\",\"item\":\"https:\/\/noticiasemdestaque.com\/cd\/\"},{\"@type\":\"ListItem\",\"position\":2,\"name\":\"Reitor rebate procurador do Estado sobre gest\u00e3o: \u201cN\u00e3o conhece a UEPB\u201d\"}]},{\"@type\":\"WebSite\",\"@id\":\"https:\/\/noticiasemdestaque.com\/cd\/#website\",\"url\":\"https:\/\/noticiasemdestaque.com\/cd\/\",\"name\":\"Not&iacute;cias em Destaque\",\"description\":\"\",\"publisher\":{\"@id\":\"https:\/\/noticiasemdestaque.com\/cd\/#organization\"},\"potentialAction\":[{\"@type\":\"SearchAction\",\"target\":{\"@type\":\"EntryPoint\",\"urlTemplate\":\"https:\/\/noticiasemdestaque.com\/cd\/?s={search_term_string}\"},\"query-input\":{\"@type\":\"PropertyValueSpecification\",\"valueRequired\":true,\"valueName\":\"search_term_string\"}}],\"inLanguage\":\"pt-BR\"},{\"@type\":\"Organization\",\"@id\":\"https:\/\/noticiasemdestaque.com\/cd\/#organization\",\"name\":\"Not\u00edcias em Destaque\",\"url\":\"https:\/\/noticiasemdestaque.com\/cd\/\",\"logo\":{\"@type\":\"ImageObject\",\"inLanguage\":\"pt-BR\",\"@id\":\"https:\/\/noticiasemdestaque.com\/cd\/#\/schema\/logo\/image\/\",\"url\":\"https:\/\/noticiasemdestaque.com\/cd\/wp-content\/uploads\/2022\/05\/imagem-base-noticiasemdestaque.png\",\"contentUrl\":\"https:\/\/noticiasemdestaque.com\/cd\/wp-content\/uploads\/2022\/05\/imagem-base-noticiasemdestaque.png\",\"width\":1200,\"height\":630,\"caption\":\"Not\u00edcias em Destaque\"},\"image\":{\"@id\":\"https:\/\/noticiasemdestaque.com\/cd\/#\/schema\/logo\/image\/\"}},{\"@type\":\"Person\",\"@id\":\"https:\/\/noticiasemdestaque.com\/cd\/#\/schema\/person\/45ca272b3e1246ef14ebb78a48dbb218\",\"name\":\"Not\u00edcias em Destaque\",\"url\":\"https:\/\/noticiasemdestaque.com\/cd\/?author=2\"}]}<\/script>\n<!-- \/ Yoast SEO plugin. -->","yoast_head_json":{"title":"Reitor rebate procurador do Estado sobre gest\u00e3o: \u201cN\u00e3o conhece a UEPB\u201d - Not&iacute;cias em Destaque","robots":{"index":"index","follow":"follow","max-snippet":"max-snippet:-1","max-image-preview":"max-image-preview:large","max-video-preview":"max-video-preview:-1"},"canonical":"https:\/\/noticiasemdestaque.com\/cd\/?p=1704","og_locale":"pt_BR","og_type":"article","og_title":"Reitor rebate procurador do Estado sobre gest\u00e3o: \u201cN\u00e3o conhece a UEPB\u201d - Not&iacute;cias em Destaque","og_description":"O reitor em exerc\u00edcio da Universidade Estadual da Para\u00edba, Fl\u00e1vio Romero Guimar\u00e3es, contestou, na tarde desta quarta-feira (12), declara\u00e7\u00f5es do procurador-geral do Estado, Gilberto Carneiro, de que o problema financeiro enfrentado pela institui\u00e7\u00e3o \u00e9 por falta de gest\u00e3o. As declara\u00e7\u00f5es de Giberto Carneiro foram feitas no programa Frente da Frente da TV Arapuan. De acordo com Fl\u00e1vio Romero Guimar\u00e3es, o procurador erra quando afirma que a UEPB gasta 90% dos seus recursos com pessoal, pois para essa finalidade s\u00e3o investidos 82%. Romero Guimar\u00e3es tamb\u00e9m alega desconhecimento de Gilberto Carneiro em rela\u00e7\u00e3o aos gastos com pessoal, pois, a institui\u00e7\u00e3o de ensino possui um quadro \u201cenxuto\u201d e de grande atua\u00e7\u00e3o em todas as regi\u00f5es da Para\u00edba e que uma parte desse pessoal est\u00e1 ganhado sal\u00e1rio abaixo do que deveria receber. Leia nota da UEPB Diante de not\u00edcia veiculada no Portal Mais PB, nesta segunda-feira, 10 de julho, com declara\u00e7\u00e3o do procurador-geral do Estado, senhor Gilberto Carneiro, afirmando que na UEPB h\u00e1 problemas de gest\u00e3o, que 90% do or\u00e7amento da Institui\u00e7\u00e3o \u00e9 comprometido com pagamento de pessoal e que a Lei da Autonomia apresenta imprecis\u00f5es, tendo sido elaborada de forma \u201ca\u00e7odada\u201d, a Administra\u00e7\u00e3o Central da Universidade sente-se na obriga\u00e7\u00e3o de esclarecer alguns pontos abordados na mat\u00e9ria. Primeiramente, o comprometimento do or\u00e7amento da UEPB com despesas de pessoal \u00e9 de 82%. Esta \u00e9 uma realidade vivenciada por nove entre cada dez universidades p\u00fablicas brasileiras. A UEPB, em sua ess\u00eancia, \u00e9 uma prestadora de servi\u00e7o executado por m\u00e3o de obra qualificada. Portanto, sua maior despesa, obrigatoriamente, \u00e9 com pessoal, pois s\u00e3o os trabalhadores que atuam na Institui\u00e7\u00e3o que prestam seus servi\u00e7os nas \u00e1reas de ensino, pesquisa e extens\u00e3o, trip\u00e9 que baliza a miss\u00e3o da Universidade Estadual da Para\u00edba. Afirmar que o montante de despesa com pessoal \u00e9 problema de gest\u00e3o significa claro desconhecimento da realidade e l\u00f3gica de uma institui\u00e7\u00e3o de ensino superior, que atua com pessoas em todas as regi\u00f5es do Estado, promovendo avan\u00e7o socioeducacional e desenvolvimento para a Para\u00edba. Para atuar desta forma, as pessoas que trabalham na UEPB precisam ser remuneradas para o desempenho de suas fun\u00e7\u00f5es. Cabe destacar ainda que a UEPB possui quadro de pessoal extremamente \u201cenxuto\u201d, com 30% deste em trabalho com contratos precarizados e com defasagem salarial acumulada, o que tem promovido preocupante evas\u00e3o de pesquisadores e t\u00e9cnicos qualificados ano ap\u00f3s ano. Com rela\u00e7\u00e3o \u00e0s imprecis\u00f5es na Lei da Autonomia, citadas pelo procurador-geral, ressaltamos que, sob nenhuma hip\u00f3tese, ela foi elaborada ou aprovada de forma a\u00e7odada, como sugeriu o senhor Gilberto Carneiro. Ao contr\u00e1rio, a Lei foi resultado de intensa luta e amplo debate entre comunidade universit\u00e1ria, Governo do Estado e Assembleia Legislativa, inclusive com Comiss\u00e3o T\u00e9cnica formada por representantes do Estado, da Reitoria e das entidades representativas dos docentes (ADUEPB) e dos t\u00e9cnicos administrativos (SINTESPB-UEPB). No entanto, entendemos que toda legisla\u00e7\u00e3o pode e deve ser aperfei\u00e7oada, at\u00e9 mesmo para evitar equ\u00edvocos de interpreta\u00e7\u00e3o como ocorre com rela\u00e7\u00e3o \u00e0 forma de entendimento que o pr\u00f3prio Governo do Estado faz sobre a referida lei, resultando em uma supress\u00e3o proporcional cont\u00ednua dos recursos a que a UEPB teria direito e que deveriam ser destinados \u00e0 Institui\u00e7\u00e3o. Nesse sentido, a UEPB sempre se manteve aberta ao debate com vistas a revisar a Lei 7.643\/2004 e, inclusive, prop\u00f5e ao procurador-geral do Estado sugerir e debater com a comunidade acad\u00eamica da UEPB os ajustes que considerar necess\u00e1rios para a melhor estrutura\u00e7\u00e3o da lei, de forma que sua aplica\u00e7\u00e3o n\u00e3o fique sujeita a interpreta\u00e7\u00f5es diversas e difusas, o que tende a ser ben\u00e9fico para a Universidade e para o Estado. Indicamos, inclusive, como oportuna a cria\u00e7\u00e3o de uma nova Comiss\u00e3o T\u00e9cnica para analisar o conte\u00fado da lei e promover ajustes, se for o caso. Atenciosamente, Fl\u00e1vio Romero Guimar\u00e3es Reitor em exerc\u00edcio da UEPB Com MaisPB","og_url":"https:\/\/noticiasemdestaque.com\/cd\/?p=1704","og_site_name":"Not&iacute;cias em Destaque","article_published_time":"2017-07-12T19:58:47+00:00","og_image":[{"width":369,"height":255,"url":"https:\/\/noticiasemdestaque.com\/cd\/wp-content\/uploads\/2017\/07\/uepb-1-.jpg","type":"image\/jpeg"}],"author":"Not\u00edcias em Destaque","twitter_card":"summary_large_image","twitter_misc":{"Escrito por":"Not\u00edcias em Destaque","Est. tempo de leitura":"3 minutos"},"schema":{"@context":"https:\/\/schema.org","@graph":[{"@type":"Article","@id":"https:\/\/noticiasemdestaque.com\/cd\/?p=1704#article","isPartOf":{"@id":"https:\/\/noticiasemdestaque.com\/cd\/?p=1704"},"author":{"name":"Not\u00edcias em Destaque","@id":"https:\/\/noticiasemdestaque.com\/cd\/#\/schema\/person\/45ca272b3e1246ef14ebb78a48dbb218"},"headline":"Reitor rebate procurador do Estado sobre gest\u00e3o: \u201cN\u00e3o conhece a UEPB\u201d","datePublished":"2017-07-12T19:58:47+00:00","mainEntityOfPage":{"@id":"https:\/\/noticiasemdestaque.com\/cd\/?p=1704"},"wordCount":700,"publisher":{"@id":"https:\/\/noticiasemdestaque.com\/cd\/#organization"},"image":{"@id":"https:\/\/noticiasemdestaque.com\/cd\/?p=1704#primaryimage"},"thumbnailUrl":"https:\/\/noticiasemdestaque.com\/cd\/wp-content\/uploads\/2017\/07\/uepb-1-.jpg","articleSection":["Educa\u00e7\u00e3o"],"inLanguage":"pt-BR"},{"@type":"WebPage","@id":"https:\/\/noticiasemdestaque.com\/cd\/?p=1704","url":"https:\/\/noticiasemdestaque.com\/cd\/?p=1704","name":"Reitor rebate procurador do Estado sobre gest\u00e3o: \u201cN\u00e3o conhece a UEPB\u201d - Not&iacute;cias em Destaque","isPartOf":{"@id":"https:\/\/noticiasemdestaque.com\/cd\/#website"},"primaryImageOfPage":{"@id":"https:\/\/noticiasemdestaque.com\/cd\/?p=1704#primaryimage"},"image":{"@id":"https:\/\/noticiasemdestaque.com\/cd\/?p=1704#primaryimage"},"thumbnailUrl":"https:\/\/noticiasemdestaque.com\/cd\/wp-content\/uploads\/2017\/07\/uepb-1-.jpg","datePublished":"2017-07-12T19:58:47+00:00","breadcrumb":{"@id":"https:\/\/noticiasemdestaque.com\/cd\/?p=1704#breadcrumb"},"inLanguage":"pt-BR","potentialAction":[{"@type":"ReadAction","target":["https:\/\/noticiasemdestaque.com\/cd\/?p=1704"]}]},{"@type":"ImageObject","inLanguage":"pt-BR","@id":"https:\/\/noticiasemdestaque.com\/cd\/?p=1704#primaryimage","url":"https:\/\/noticiasemdestaque.com\/cd\/wp-content\/uploads\/2017\/07\/uepb-1-.jpg","contentUrl":"https:\/\/noticiasemdestaque.com\/cd\/wp-content\/uploads\/2017\/07\/uepb-1-.jpg","width":369,"height":255},{"@type":"BreadcrumbList","@id":"https:\/\/noticiasemdestaque.com\/cd\/?p=1704#breadcrumb","itemListElement":[{"@type":"ListItem","position":1,"name":"In\u00edcio","item":"https:\/\/noticiasemdestaque.com\/cd\/"},{"@type":"ListItem","position":2,"name":"Reitor rebate procurador do Estado sobre gest\u00e3o: \u201cN\u00e3o conhece a UEPB\u201d"}]},{"@type":"WebSite","@id":"https:\/\/noticiasemdestaque.com\/cd\/#website","url":"https:\/\/noticiasemdestaque.com\/cd\/","name":"Not&iacute;cias em Destaque","description":"","publisher":{"@id":"https:\/\/noticiasemdestaque.com\/cd\/#organization"},"potentialAction":[{"@type":"SearchAction","target":{"@type":"EntryPoint","urlTemplate":"https:\/\/noticiasemdestaque.com\/cd\/?s={search_term_string}"},"query-input":{"@type":"PropertyValueSpecification","valueRequired":true,"valueName":"search_term_string"}}],"inLanguage":"pt-BR"},{"@type":"Organization","@id":"https:\/\/noticiasemdestaque.com\/cd\/#organization","name":"Not\u00edcias em Destaque","url":"https:\/\/noticiasemdestaque.com\/cd\/","logo":{"@type":"ImageObject","inLanguage":"pt-BR","@id":"https:\/\/noticiasemdestaque.com\/cd\/#\/schema\/logo\/image\/","url":"https:\/\/noticiasemdestaque.com\/cd\/wp-content\/uploads\/2022\/05\/imagem-base-noticiasemdestaque.png","contentUrl":"https:\/\/noticiasemdestaque.com\/cd\/wp-content\/uploads\/2022\/05\/imagem-base-noticiasemdestaque.png","width":1200,"height":630,"caption":"Not\u00edcias em Destaque"},"image":{"@id":"https:\/\/noticiasemdestaque.com\/cd\/#\/schema\/logo\/image\/"}},{"@type":"Person","@id":"https:\/\/noticiasemdestaque.com\/cd\/#\/schema\/person\/45ca272b3e1246ef14ebb78a48dbb218","name":"Not\u00edcias em Destaque","url":"https:\/\/noticiasemdestaque.com\/cd\/?author=2"}]}},"jetpack_featured_media_url":"https:\/\/noticiasemdestaque.com\/cd\/wp-content\/uploads\/2017\/07\/uepb-1-.jpg","jetpack_sharing_enabled":true,"_links":{"self":[{"href":"https:\/\/noticiasemdestaque.com\/cd\/index.php?rest_route=\/wp\/v2\/posts\/1704","targetHints":{"allow":["GET"]}}],"collection":[{"href":"https:\/\/noticiasemdestaque.com\/cd\/index.php?rest_route=\/wp\/v2\/posts"}],"about":[{"href":"https:\/\/noticiasemdestaque.com\/cd\/index.php?rest_route=\/wp\/v2\/types\/post"}],"author":[{"embeddable":true,"href":"https:\/\/noticiasemdestaque.com\/cd\/index.php?rest_route=\/wp\/v2\/users\/2"}],"replies":[{"embeddable":true,"href":"https:\/\/noticiasemdestaque.com\/cd\/index.php?rest_route=%2Fwp%2Fv2%2Fcomments&post=1704"}],"version-history":[{"count":1,"href":"https:\/\/noticiasemdestaque.com\/cd\/index.php?rest_route=\/wp\/v2\/posts\/1704\/revisions"}],"predecessor-version":[{"id":1706,"href":"https:\/\/noticiasemdestaque.com\/cd\/index.php?rest_route=\/wp\/v2\/posts\/1704\/revisions\/1706"}],"wp:featuredmedia":[{"embeddable":true,"href":"https:\/\/noticiasemdestaque.com\/cd\/index.php?rest_route=\/wp\/v2\/media\/1705"}],"wp:attachment":[{"href":"https:\/\/noticiasemdestaque.com\/cd\/index.php?rest_route=%2Fwp%2Fv2%2Fmedia&parent=1704"}],"wp:term":[{"taxonomy":"category","embeddable":true,"href":"https:\/\/noticiasemdestaque.com\/cd\/index.php?rest_route=%2Fwp%2Fv2%2Fcategories&post=1704"},{"taxonomy":"post_tag","embeddable":true,"href":"https:\/\/noticiasemdestaque.com\/cd\/index.php?rest_route=%2Fwp%2Fv2%2Ftags&post=1704"}],"curies":[{"name":"wp","href":"https:\/\/api.w.org\/{rel}","templated":true}]}}