{"id":1681,"date":"2017-07-12T15:37:38","date_gmt":"2017-07-12T18:37:38","guid":{"rendered":"http:\/\/caririemdestaque.com\/cd\/?p=1681"},"modified":"2017-07-12T15:38:26","modified_gmt":"2017-07-12T18:38:26","slug":"comeca-nesta-quinta-feira-o-1o-amparo-cabra-festa-confira-a-programacao","status":"publish","type":"post","link":"https:\/\/noticiasemdestaque.com\/cd\/?p=1681","title":{"rendered":"Come\u00e7a nesta quinta-feira o 1\u00ba Amparo Cabra Fest, confira a programa\u00e7\u00e3o"},"content":{"rendered":"<p><img fetchpriority=\"high\" decoding=\"async\" class=\" wp-image-1687 aligncenter\" src=\"http:\/\/caririemdestaque.com\/cd\/wp-content\/uploads\/2017\/07\/09011b37-de64-4596-88a9-4a5851c2f3d0-300x213.jpg\" alt=\"\" width=\"434\" height=\"308\" srcset=\"https:\/\/noticiasemdestaque.com\/cd\/wp-content\/uploads\/2017\/07\/09011b37-de64-4596-88a9-4a5851c2f3d0-300x213.jpg 300w, https:\/\/noticiasemdestaque.com\/cd\/wp-content\/uploads\/2017\/07\/09011b37-de64-4596-88a9-4a5851c2f3d0-768x545.jpg 768w, https:\/\/noticiasemdestaque.com\/cd\/wp-content\/uploads\/2017\/07\/09011b37-de64-4596-88a9-4a5851c2f3d0-1024x727.jpg 1024w, https:\/\/noticiasemdestaque.com\/cd\/wp-content\/uploads\/2017\/07\/09011b37-de64-4596-88a9-4a5851c2f3d0.jpg 1280w\" sizes=\"(max-width: 434px) 100vw, 434px\" \/><\/p>\n<p>O 1\u00ba Amparo Cabra Feste come\u00e7a nesta quinta-feira(13) e se estende at\u00e9 pr\u00f3ximo domingo(16), com uma programa\u00e7\u00e3o voltada ao homem do campo e ao turismo atrav\u00e9s de shows.<\/p>\n<p>Confira a programa\u00e7\u00e3o:<\/p>\n<p><strong>Quinta-feira (13\/07)<\/strong><\/p>\n<p>12h \u00e0s 00h00 Recep\u00e7\u00e3o dos animais<br \/>\n19h30 Visita\u00e7\u00f5es (Estrutura do evento)<br \/>\n19h \u00e0s 22h: Forr\u00f3 p\u00e9 de serra na Pra\u00e7a de Alimenta\u00e7\u00e3o<\/p>\n<p><strong>Sexta-feira (14\/07)<\/strong><\/p>\n<p>As cabras do torneio leiteiro dever\u00e3o ter acesso ao local do torneio das 12h \u00e0s 17h.<br \/>\n08h \u00e0s 13h: Cl\u00ednicas\/Palestras (Espa\u00e7o T\u00e9cnico)<br \/>\n08h \u00e0s 13h; Visita\u00e7\u00f5es, financiamento, espa\u00e7o agrocultural com gastronomia regional e artesanato.<br \/>\n08h \u00e0s 17h: Processo de comercializa\u00e7\u00e3o de animais<br \/>\n19h \u00e1s 22h: Forr\u00f3 p\u00e9 de serra na Pra\u00e7a de Alimenta\u00e7\u00e3o<br \/>\n19h: Abertura oficial<br \/>\n21H: Nascimento Filho e Nanado Alves<\/p>\n<p><strong>S\u00e1bado (15\/07)<\/strong><\/p>\n<p>06h Torneio de Cabras leiteiras (1\u00aa ordenha \u00e1s 06h e 2\u00aa \u00e0s 18h).<br \/>\n08h: Desfile e julgamentos dos animais de pista<br \/>\n08h \u00e0s 13h: Cl\u00ednicas\/Palestras ( Espa\u00e7o T\u00e9cnico)<br \/>\n08h \u00e0s 13h: Visita\u00e7\u00f5es, financiamento, espa\u00e7o agrocultural com gastronomia regional e artesanato.<br \/>\n08h \u00e0s 17h: Processo de comercializa\u00e7\u00e3o de animais<br \/>\n16h: La\u00e7o do Bode:<br \/>\n17h: Forr\u00f3 p\u00e9 de serra na Pra\u00e7a de Alimenta\u00e7\u00e3o<br \/>\n22h: Espa\u00e7o Cultural- Shows de Forr\u00f3 Kent E Tonny Farra.<\/p>\n<p><strong>Domingo (16\/07)<\/strong><br \/>\nTorneio de cabras leiteiras (3\u00aa ordenha Pas 06h)<br \/>\n08h \u00e0s 14h: Processo de comercializa\u00e7\u00e3o de animais<br \/>\n11h \u00e0s 20h: Forr\u00f3 p\u00e9 de serra na Pra\u00e7a de Alimenta\u00e7\u00e3o<br \/>\n15h- Encerramento do evento, entrega da premia\u00e7\u00e3o.<\/p>\n<p><em><strong>Cariri em Destaque<\/strong><\/em><\/p>\n","protected":false},"excerpt":{"rendered":"<p>O 1\u00ba Amparo Cabra Feste come\u00e7a nesta quinta-feira(13) e se estende at\u00e9 pr\u00f3ximo domingo(16), com uma programa\u00e7\u00e3o voltada ao homem do campo e ao turismo atrav\u00e9s de shows. Confira a programa\u00e7\u00e3o: Quinta-feira (13\/07) 12h \u00e0s 00h00 Recep\u00e7\u00e3o dos animais 19h30 Visita\u00e7\u00f5es (Estrutura do evento) 19h \u00e0s 22h: Forr\u00f3 p\u00e9 de serra na Pra\u00e7a de Alimenta\u00e7\u00e3o Sexta-feira (14\/07) As cabras do torneio leiteiro dever\u00e3o ter acesso ao local do torneio das 12h \u00e0s 17h. 08h \u00e0s 13h: Cl\u00ednicas\/Palestras (Espa\u00e7o T\u00e9cnico) 08h \u00e0s 13h; Visita\u00e7\u00f5es, financiamento, espa\u00e7o agrocultural com gastronomia regional e artesanato. 08h \u00e0s 17h: Processo de comercializa\u00e7\u00e3o de animais 19h \u00e1s 22h: Forr\u00f3 p\u00e9 de serra na Pra\u00e7a de Alimenta\u00e7\u00e3o 19h: Abertura oficial 21H: Nascimento Filho e Nanado Alves S\u00e1bado (15\/07) 06h Torneio de Cabras leiteiras (1\u00aa ordenha \u00e1s 06h e 2\u00aa \u00e0s 18h). 08h: Desfile e julgamentos dos animais de pista 08h \u00e0s 13h: Cl\u00ednicas\/Palestras ( Espa\u00e7o T\u00e9cnico) 08h \u00e0s 13h: Visita\u00e7\u00f5es, financiamento, espa\u00e7o agrocultural com gastronomia regional e artesanato. 08h \u00e0s 17h: Processo de comercializa\u00e7\u00e3o de animais 16h: La\u00e7o do Bode: 17h: Forr\u00f3 p\u00e9 de serra na Pra\u00e7a de Alimenta\u00e7\u00e3o 22h: Espa\u00e7o Cultural- Shows de Forr\u00f3 Kent E Tonny Farra. Domingo (16\/07) Torneio de cabras leiteiras (3\u00aa ordenha Pas 06h) 08h \u00e0s 14h: Processo de comercializa\u00e7\u00e3o de animais 11h \u00e0s 20h: Forr\u00f3 p\u00e9 de serra na Pra\u00e7a de Alimenta\u00e7\u00e3o 15h- Encerramento do evento, entrega da premia\u00e7\u00e3o. Cariri em Destaque<\/p>\n","protected":false},"author":2,"featured_media":1687,"comment_status":"closed","ping_status":"open","sticky":false,"template":"","format":"standard","meta":{"_eb_attr":"","_jetpack_memberships_contains_paid_content":false,"footnotes":""},"categories":[3],"tags":[],"class_list":["post-1681","post","type-post","status-publish","format-standard","has-post-thumbnail","hentry","category-cidades"],"yoast_head":"<!-- This site is optimized with the Yoast SEO plugin v26.5 - https:\/\/yoast.com\/wordpress\/plugins\/seo\/ -->\n<title>Come\u00e7a nesta quinta-feira o 1\u00ba Amparo Cabra Fest, confira a programa\u00e7\u00e3o - Not&iacute;cias em Destaque<\/title>\n<meta name=\"robots\" content=\"index, follow, max-snippet:-1, max-image-preview:large, max-video-preview:-1\" \/>\n<link rel=\"canonical\" href=\"https:\/\/noticiasemdestaque.com\/cd\/?p=1681\" \/>\n<meta property=\"og:locale\" content=\"pt_BR\" \/>\n<meta property=\"og:type\" content=\"article\" \/>\n<meta property=\"og:title\" content=\"Come\u00e7a nesta quinta-feira o 1\u00ba Amparo Cabra Fest, confira a programa\u00e7\u00e3o - Not&iacute;cias em Destaque\" \/>\n<meta property=\"og:description\" content=\"O 1\u00ba Amparo Cabra Feste come\u00e7a nesta quinta-feira(13) e se estende at\u00e9 pr\u00f3ximo domingo(16), com uma programa\u00e7\u00e3o voltada ao homem do campo e ao turismo atrav\u00e9s de shows. Confira a programa\u00e7\u00e3o: Quinta-feira (13\/07) 12h \u00e0s 00h00 Recep\u00e7\u00e3o dos animais 19h30 Visita\u00e7\u00f5es (Estrutura do evento) 19h \u00e0s 22h: Forr\u00f3 p\u00e9 de serra na Pra\u00e7a de Alimenta\u00e7\u00e3o Sexta-feira (14\/07) As cabras do torneio leiteiro dever\u00e3o ter acesso ao local do torneio das 12h \u00e0s 17h. 08h \u00e0s 13h: Cl\u00ednicas\/Palestras (Espa\u00e7o T\u00e9cnico) 08h \u00e0s 13h; Visita\u00e7\u00f5es, financiamento, espa\u00e7o agrocultural com gastronomia regional e artesanato. 08h \u00e0s 17h: Processo de comercializa\u00e7\u00e3o de animais 19h \u00e1s 22h: Forr\u00f3 p\u00e9 de serra na Pra\u00e7a de Alimenta\u00e7\u00e3o 19h: Abertura oficial 21H: Nascimento Filho e Nanado Alves S\u00e1bado (15\/07) 06h Torneio de Cabras leiteiras (1\u00aa ordenha \u00e1s 06h e 2\u00aa \u00e0s 18h). 08h: Desfile e julgamentos dos animais de pista 08h \u00e0s 13h: Cl\u00ednicas\/Palestras ( Espa\u00e7o T\u00e9cnico) 08h \u00e0s 13h: Visita\u00e7\u00f5es, financiamento, espa\u00e7o agrocultural com gastronomia regional e artesanato. 08h \u00e0s 17h: Processo de comercializa\u00e7\u00e3o de animais 16h: La\u00e7o do Bode: 17h: Forr\u00f3 p\u00e9 de serra na Pra\u00e7a de Alimenta\u00e7\u00e3o 22h: Espa\u00e7o Cultural- Shows de Forr\u00f3 Kent E Tonny Farra. Domingo (16\/07) Torneio de cabras leiteiras (3\u00aa ordenha Pas 06h) 08h \u00e0s 14h: Processo de comercializa\u00e7\u00e3o de animais 11h \u00e0s 20h: Forr\u00f3 p\u00e9 de serra na Pra\u00e7a de Alimenta\u00e7\u00e3o 15h- Encerramento do evento, entrega da premia\u00e7\u00e3o. Cariri em Destaque\" \/>\n<meta property=\"og:url\" content=\"https:\/\/noticiasemdestaque.com\/cd\/?p=1681\" \/>\n<meta property=\"og:site_name\" content=\"Not&iacute;cias em Destaque\" \/>\n<meta property=\"article:published_time\" content=\"2017-07-12T18:37:38+00:00\" \/>\n<meta property=\"article:modified_time\" content=\"2017-07-12T18:38:26+00:00\" \/>\n<meta property=\"og:image\" content=\"https:\/\/noticiasemdestaque.com\/cd\/wp-content\/uploads\/2017\/07\/09011b37-de64-4596-88a9-4a5851c2f3d0.jpg\" \/>\n\t<meta property=\"og:image:width\" content=\"1280\" \/>\n\t<meta property=\"og:image:height\" content=\"909\" \/>\n\t<meta property=\"og:image:type\" content=\"image\/jpeg\" \/>\n<meta name=\"author\" content=\"Not\u00edcias em Destaque\" \/>\n<meta name=\"twitter:card\" content=\"summary_large_image\" \/>\n<meta name=\"twitter:label1\" content=\"Escrito por\" \/>\n\t<meta name=\"twitter:data1\" content=\"Not\u00edcias em Destaque\" \/>\n\t<meta name=\"twitter:label2\" content=\"Est. tempo de leitura\" \/>\n\t<meta name=\"twitter:data2\" content=\"1 minuto\" \/>\n<script type=\"application\/ld+json\" class=\"yoast-schema-graph\">{\"@context\":\"https:\/\/schema.org\",\"@graph\":[{\"@type\":\"Article\",\"@id\":\"https:\/\/noticiasemdestaque.com\/cd\/?p=1681#article\",\"isPartOf\":{\"@id\":\"https:\/\/noticiasemdestaque.com\/cd\/?p=1681\"},\"author\":{\"name\":\"Not\u00edcias em Destaque\",\"@id\":\"https:\/\/noticiasemdestaque.com\/cd\/#\/schema\/person\/45ca272b3e1246ef14ebb78a48dbb218\"},\"headline\":\"Come\u00e7a nesta quinta-feira o 1\u00ba Amparo Cabra Fest, confira a programa\u00e7\u00e3o\",\"datePublished\":\"2017-07-12T18:37:38+00:00\",\"dateModified\":\"2017-07-12T18:38:26+00:00\",\"mainEntityOfPage\":{\"@id\":\"https:\/\/noticiasemdestaque.com\/cd\/?p=1681\"},\"wordCount\":269,\"publisher\":{\"@id\":\"https:\/\/noticiasemdestaque.com\/cd\/#organization\"},\"image\":{\"@id\":\"https:\/\/noticiasemdestaque.com\/cd\/?p=1681#primaryimage\"},\"thumbnailUrl\":\"https:\/\/noticiasemdestaque.com\/cd\/wp-content\/uploads\/2017\/07\/09011b37-de64-4596-88a9-4a5851c2f3d0.jpg\",\"articleSection\":[\"Cidades\"],\"inLanguage\":\"pt-BR\"},{\"@type\":\"WebPage\",\"@id\":\"https:\/\/noticiasemdestaque.com\/cd\/?p=1681\",\"url\":\"https:\/\/noticiasemdestaque.com\/cd\/?p=1681\",\"name\":\"Come\u00e7a nesta quinta-feira o 1\u00ba Amparo Cabra Fest, confira a programa\u00e7\u00e3o - Not&iacute;cias em Destaque\",\"isPartOf\":{\"@id\":\"https:\/\/noticiasemdestaque.com\/cd\/#website\"},\"primaryImageOfPage\":{\"@id\":\"https:\/\/noticiasemdestaque.com\/cd\/?p=1681#primaryimage\"},\"image\":{\"@id\":\"https:\/\/noticiasemdestaque.com\/cd\/?p=1681#primaryimage\"},\"thumbnailUrl\":\"https:\/\/noticiasemdestaque.com\/cd\/wp-content\/uploads\/2017\/07\/09011b37-de64-4596-88a9-4a5851c2f3d0.jpg\",\"datePublished\":\"2017-07-12T18:37:38+00:00\",\"dateModified\":\"2017-07-12T18:38:26+00:00\",\"breadcrumb\":{\"@id\":\"https:\/\/noticiasemdestaque.com\/cd\/?p=1681#breadcrumb\"},\"inLanguage\":\"pt-BR\",\"potentialAction\":[{\"@type\":\"ReadAction\",\"target\":[\"https:\/\/noticiasemdestaque.com\/cd\/?p=1681\"]}]},{\"@type\":\"ImageObject\",\"inLanguage\":\"pt-BR\",\"@id\":\"https:\/\/noticiasemdestaque.com\/cd\/?p=1681#primaryimage\",\"url\":\"https:\/\/noticiasemdestaque.com\/cd\/wp-content\/uploads\/2017\/07\/09011b37-de64-4596-88a9-4a5851c2f3d0.jpg\",\"contentUrl\":\"https:\/\/noticiasemdestaque.com\/cd\/wp-content\/uploads\/2017\/07\/09011b37-de64-4596-88a9-4a5851c2f3d0.jpg\",\"width\":1280,\"height\":909},{\"@type\":\"BreadcrumbList\",\"@id\":\"https:\/\/noticiasemdestaque.com\/cd\/?p=1681#breadcrumb\",\"itemListElement\":[{\"@type\":\"ListItem\",\"position\":1,\"name\":\"In\u00edcio\",\"item\":\"https:\/\/noticiasemdestaque.com\/cd\/\"},{\"@type\":\"ListItem\",\"position\":2,\"name\":\"Come\u00e7a nesta quinta-feira o 1\u00ba Amparo Cabra Fest, confira a programa\u00e7\u00e3o\"}]},{\"@type\":\"WebSite\",\"@id\":\"https:\/\/noticiasemdestaque.com\/cd\/#website\",\"url\":\"https:\/\/noticiasemdestaque.com\/cd\/\",\"name\":\"Not&iacute;cias em Destaque\",\"description\":\"\",\"publisher\":{\"@id\":\"https:\/\/noticiasemdestaque.com\/cd\/#organization\"},\"potentialAction\":[{\"@type\":\"SearchAction\",\"target\":{\"@type\":\"EntryPoint\",\"urlTemplate\":\"https:\/\/noticiasemdestaque.com\/cd\/?s={search_term_string}\"},\"query-input\":{\"@type\":\"PropertyValueSpecification\",\"valueRequired\":true,\"valueName\":\"search_term_string\"}}],\"inLanguage\":\"pt-BR\"},{\"@type\":\"Organization\",\"@id\":\"https:\/\/noticiasemdestaque.com\/cd\/#organization\",\"name\":\"Not\u00edcias em Destaque\",\"url\":\"https:\/\/noticiasemdestaque.com\/cd\/\",\"logo\":{\"@type\":\"ImageObject\",\"inLanguage\":\"pt-BR\",\"@id\":\"https:\/\/noticiasemdestaque.com\/cd\/#\/schema\/logo\/image\/\",\"url\":\"https:\/\/noticiasemdestaque.com\/cd\/wp-content\/uploads\/2022\/05\/imagem-base-noticiasemdestaque.png\",\"contentUrl\":\"https:\/\/noticiasemdestaque.com\/cd\/wp-content\/uploads\/2022\/05\/imagem-base-noticiasemdestaque.png\",\"width\":1200,\"height\":630,\"caption\":\"Not\u00edcias em Destaque\"},\"image\":{\"@id\":\"https:\/\/noticiasemdestaque.com\/cd\/#\/schema\/logo\/image\/\"}},{\"@type\":\"Person\",\"@id\":\"https:\/\/noticiasemdestaque.com\/cd\/#\/schema\/person\/45ca272b3e1246ef14ebb78a48dbb218\",\"name\":\"Not\u00edcias em Destaque\",\"url\":\"https:\/\/noticiasemdestaque.com\/cd\/?author=2\"}]}<\/script>\n<!-- \/ Yoast SEO plugin. -->","yoast_head_json":{"title":"Come\u00e7a nesta quinta-feira o 1\u00ba Amparo Cabra Fest, confira a programa\u00e7\u00e3o - Not&iacute;cias em Destaque","robots":{"index":"index","follow":"follow","max-snippet":"max-snippet:-1","max-image-preview":"max-image-preview:large","max-video-preview":"max-video-preview:-1"},"canonical":"https:\/\/noticiasemdestaque.com\/cd\/?p=1681","og_locale":"pt_BR","og_type":"article","og_title":"Come\u00e7a nesta quinta-feira o 1\u00ba Amparo Cabra Fest, confira a programa\u00e7\u00e3o - Not&iacute;cias em Destaque","og_description":"O 1\u00ba Amparo Cabra Feste come\u00e7a nesta quinta-feira(13) e se estende at\u00e9 pr\u00f3ximo domingo(16), com uma programa\u00e7\u00e3o voltada ao homem do campo e ao turismo atrav\u00e9s de shows. Confira a programa\u00e7\u00e3o: Quinta-feira (13\/07) 12h \u00e0s 00h00 Recep\u00e7\u00e3o dos animais 19h30 Visita\u00e7\u00f5es (Estrutura do evento) 19h \u00e0s 22h: Forr\u00f3 p\u00e9 de serra na Pra\u00e7a de Alimenta\u00e7\u00e3o Sexta-feira (14\/07) As cabras do torneio leiteiro dever\u00e3o ter acesso ao local do torneio das 12h \u00e0s 17h. 08h \u00e0s 13h: Cl\u00ednicas\/Palestras (Espa\u00e7o T\u00e9cnico) 08h \u00e0s 13h; Visita\u00e7\u00f5es, financiamento, espa\u00e7o agrocultural com gastronomia regional e artesanato. 08h \u00e0s 17h: Processo de comercializa\u00e7\u00e3o de animais 19h \u00e1s 22h: Forr\u00f3 p\u00e9 de serra na Pra\u00e7a de Alimenta\u00e7\u00e3o 19h: Abertura oficial 21H: Nascimento Filho e Nanado Alves S\u00e1bado (15\/07) 06h Torneio de Cabras leiteiras (1\u00aa ordenha \u00e1s 06h e 2\u00aa \u00e0s 18h). 08h: Desfile e julgamentos dos animais de pista 08h \u00e0s 13h: Cl\u00ednicas\/Palestras ( Espa\u00e7o T\u00e9cnico) 08h \u00e0s 13h: Visita\u00e7\u00f5es, financiamento, espa\u00e7o agrocultural com gastronomia regional e artesanato. 08h \u00e0s 17h: Processo de comercializa\u00e7\u00e3o de animais 16h: La\u00e7o do Bode: 17h: Forr\u00f3 p\u00e9 de serra na Pra\u00e7a de Alimenta\u00e7\u00e3o 22h: Espa\u00e7o Cultural- Shows de Forr\u00f3 Kent E Tonny Farra. Domingo (16\/07) Torneio de cabras leiteiras (3\u00aa ordenha Pas 06h) 08h \u00e0s 14h: Processo de comercializa\u00e7\u00e3o de animais 11h \u00e0s 20h: Forr\u00f3 p\u00e9 de serra na Pra\u00e7a de Alimenta\u00e7\u00e3o 15h- Encerramento do evento, entrega da premia\u00e7\u00e3o. Cariri em Destaque","og_url":"https:\/\/noticiasemdestaque.com\/cd\/?p=1681","og_site_name":"Not&iacute;cias em Destaque","article_published_time":"2017-07-12T18:37:38+00:00","article_modified_time":"2017-07-12T18:38:26+00:00","og_image":[{"width":1280,"height":909,"url":"https:\/\/noticiasemdestaque.com\/cd\/wp-content\/uploads\/2017\/07\/09011b37-de64-4596-88a9-4a5851c2f3d0.jpg","type":"image\/jpeg"}],"author":"Not\u00edcias em Destaque","twitter_card":"summary_large_image","twitter_misc":{"Escrito por":"Not\u00edcias em Destaque","Est. tempo de leitura":"1 minuto"},"schema":{"@context":"https:\/\/schema.org","@graph":[{"@type":"Article","@id":"https:\/\/noticiasemdestaque.com\/cd\/?p=1681#article","isPartOf":{"@id":"https:\/\/noticiasemdestaque.com\/cd\/?p=1681"},"author":{"name":"Not\u00edcias em Destaque","@id":"https:\/\/noticiasemdestaque.com\/cd\/#\/schema\/person\/45ca272b3e1246ef14ebb78a48dbb218"},"headline":"Come\u00e7a nesta quinta-feira o 1\u00ba Amparo Cabra Fest, confira a programa\u00e7\u00e3o","datePublished":"2017-07-12T18:37:38+00:00","dateModified":"2017-07-12T18:38:26+00:00","mainEntityOfPage":{"@id":"https:\/\/noticiasemdestaque.com\/cd\/?p=1681"},"wordCount":269,"publisher":{"@id":"https:\/\/noticiasemdestaque.com\/cd\/#organization"},"image":{"@id":"https:\/\/noticiasemdestaque.com\/cd\/?p=1681#primaryimage"},"thumbnailUrl":"https:\/\/noticiasemdestaque.com\/cd\/wp-content\/uploads\/2017\/07\/09011b37-de64-4596-88a9-4a5851c2f3d0.jpg","articleSection":["Cidades"],"inLanguage":"pt-BR"},{"@type":"WebPage","@id":"https:\/\/noticiasemdestaque.com\/cd\/?p=1681","url":"https:\/\/noticiasemdestaque.com\/cd\/?p=1681","name":"Come\u00e7a nesta quinta-feira o 1\u00ba Amparo Cabra Fest, confira a programa\u00e7\u00e3o - Not&iacute;cias em Destaque","isPartOf":{"@id":"https:\/\/noticiasemdestaque.com\/cd\/#website"},"primaryImageOfPage":{"@id":"https:\/\/noticiasemdestaque.com\/cd\/?p=1681#primaryimage"},"image":{"@id":"https:\/\/noticiasemdestaque.com\/cd\/?p=1681#primaryimage"},"thumbnailUrl":"https:\/\/noticiasemdestaque.com\/cd\/wp-content\/uploads\/2017\/07\/09011b37-de64-4596-88a9-4a5851c2f3d0.jpg","datePublished":"2017-07-12T18:37:38+00:00","dateModified":"2017-07-12T18:38:26+00:00","breadcrumb":{"@id":"https:\/\/noticiasemdestaque.com\/cd\/?p=1681#breadcrumb"},"inLanguage":"pt-BR","potentialAction":[{"@type":"ReadAction","target":["https:\/\/noticiasemdestaque.com\/cd\/?p=1681"]}]},{"@type":"ImageObject","inLanguage":"pt-BR","@id":"https:\/\/noticiasemdestaque.com\/cd\/?p=1681#primaryimage","url":"https:\/\/noticiasemdestaque.com\/cd\/wp-content\/uploads\/2017\/07\/09011b37-de64-4596-88a9-4a5851c2f3d0.jpg","contentUrl":"https:\/\/noticiasemdestaque.com\/cd\/wp-content\/uploads\/2017\/07\/09011b37-de64-4596-88a9-4a5851c2f3d0.jpg","width":1280,"height":909},{"@type":"BreadcrumbList","@id":"https:\/\/noticiasemdestaque.com\/cd\/?p=1681#breadcrumb","itemListElement":[{"@type":"ListItem","position":1,"name":"In\u00edcio","item":"https:\/\/noticiasemdestaque.com\/cd\/"},{"@type":"ListItem","position":2,"name":"Come\u00e7a nesta quinta-feira o 1\u00ba Amparo Cabra Fest, confira a programa\u00e7\u00e3o"}]},{"@type":"WebSite","@id":"https:\/\/noticiasemdestaque.com\/cd\/#website","url":"https:\/\/noticiasemdestaque.com\/cd\/","name":"Not&iacute;cias em Destaque","description":"","publisher":{"@id":"https:\/\/noticiasemdestaque.com\/cd\/#organization"},"potentialAction":[{"@type":"SearchAction","target":{"@type":"EntryPoint","urlTemplate":"https:\/\/noticiasemdestaque.com\/cd\/?s={search_term_string}"},"query-input":{"@type":"PropertyValueSpecification","valueRequired":true,"valueName":"search_term_string"}}],"inLanguage":"pt-BR"},{"@type":"Organization","@id":"https:\/\/noticiasemdestaque.com\/cd\/#organization","name":"Not\u00edcias em Destaque","url":"https:\/\/noticiasemdestaque.com\/cd\/","logo":{"@type":"ImageObject","inLanguage":"pt-BR","@id":"https:\/\/noticiasemdestaque.com\/cd\/#\/schema\/logo\/image\/","url":"https:\/\/noticiasemdestaque.com\/cd\/wp-content\/uploads\/2022\/05\/imagem-base-noticiasemdestaque.png","contentUrl":"https:\/\/noticiasemdestaque.com\/cd\/wp-content\/uploads\/2022\/05\/imagem-base-noticiasemdestaque.png","width":1200,"height":630,"caption":"Not\u00edcias em Destaque"},"image":{"@id":"https:\/\/noticiasemdestaque.com\/cd\/#\/schema\/logo\/image\/"}},{"@type":"Person","@id":"https:\/\/noticiasemdestaque.com\/cd\/#\/schema\/person\/45ca272b3e1246ef14ebb78a48dbb218","name":"Not\u00edcias em Destaque","url":"https:\/\/noticiasemdestaque.com\/cd\/?author=2"}]}},"jetpack_featured_media_url":"https:\/\/noticiasemdestaque.com\/cd\/wp-content\/uploads\/2017\/07\/09011b37-de64-4596-88a9-4a5851c2f3d0.jpg","jetpack_sharing_enabled":true,"_links":{"self":[{"href":"https:\/\/noticiasemdestaque.com\/cd\/index.php?rest_route=\/wp\/v2\/posts\/1681","targetHints":{"allow":["GET"]}}],"collection":[{"href":"https:\/\/noticiasemdestaque.com\/cd\/index.php?rest_route=\/wp\/v2\/posts"}],"about":[{"href":"https:\/\/noticiasemdestaque.com\/cd\/index.php?rest_route=\/wp\/v2\/types\/post"}],"author":[{"embeddable":true,"href":"https:\/\/noticiasemdestaque.com\/cd\/index.php?rest_route=\/wp\/v2\/users\/2"}],"replies":[{"embeddable":true,"href":"https:\/\/noticiasemdestaque.com\/cd\/index.php?rest_route=%2Fwp%2Fv2%2Fcomments&post=1681"}],"version-history":[{"count":4,"href":"https:\/\/noticiasemdestaque.com\/cd\/index.php?rest_route=\/wp\/v2\/posts\/1681\/revisions"}],"predecessor-version":[{"id":1689,"href":"https:\/\/noticiasemdestaque.com\/cd\/index.php?rest_route=\/wp\/v2\/posts\/1681\/revisions\/1689"}],"wp:featuredmedia":[{"embeddable":true,"href":"https:\/\/noticiasemdestaque.com\/cd\/index.php?rest_route=\/wp\/v2\/media\/1687"}],"wp:attachment":[{"href":"https:\/\/noticiasemdestaque.com\/cd\/index.php?rest_route=%2Fwp%2Fv2%2Fmedia&parent=1681"}],"wp:term":[{"taxonomy":"category","embeddable":true,"href":"https:\/\/noticiasemdestaque.com\/cd\/index.php?rest_route=%2Fwp%2Fv2%2Fcategories&post=1681"},{"taxonomy":"post_tag","embeddable":true,"href":"https:\/\/noticiasemdestaque.com\/cd\/index.php?rest_route=%2Fwp%2Fv2%2Ftags&post=1681"}],"curies":[{"name":"wp","href":"https:\/\/api.w.org\/{rel}","templated":true}]}}