{"id":1678,"date":"2017-07-12T12:48:21","date_gmt":"2017-07-12T15:48:21","guid":{"rendered":"http:\/\/caririemdestaque.com\/cd\/?p=1678"},"modified":"2017-07-12T12:48:21","modified_gmt":"2017-07-12T15:48:21","slug":"sindicato-critica-privatizacao-da-educacao-na-pb-e-pede-ajuda-do-legislativo","status":"publish","type":"post","link":"https:\/\/noticiasemdestaque.com\/cd\/?p=1678","title":{"rendered":"Sindicato critica privatiza\u00e7\u00e3o da Educa\u00e7\u00e3o na PB e pede ajuda do Legislativo"},"content":{"rendered":"<p><a href=\"http:\/\/caririemdestaque.com\/cd\/wp-content\/uploads\/2017\/07\/17695536280003622710000.jpg\"><img fetchpriority=\"high\" decoding=\"async\" class=\"size-medium wp-image-1679 alignleft\" src=\"http:\/\/caririemdestaque.com\/cd\/wp-content\/uploads\/2017\/07\/17695536280003622710000-300x225.jpg\" alt=\"\" width=\"300\" height=\"225\" srcset=\"https:\/\/noticiasemdestaque.com\/cd\/wp-content\/uploads\/2017\/07\/17695536280003622710000-300x225.jpg 300w, https:\/\/noticiasemdestaque.com\/cd\/wp-content\/uploads\/2017\/07\/17695536280003622710000.jpg 362w\" sizes=\"(max-width: 300px) 100vw, 300px\" \/><\/a>O Sindicato dos Trabalhadores e Trabalhadoras em Educa\u00e7\u00e3o da Para\u00edba (Sintep-PB) divulgou nesta quarta-feira (12) que \u00e9 contra a privatiza\u00e7\u00e3o da educa\u00e7\u00e3o estadual, conforme lan\u00e7ado pelo governo do Estado.<\/p>\n<p>&#8220;O Sintep-PB \u00e9 contra a entrega de 652 unidades escolares para a gest\u00e3o pactuada do governo do Estado. Uma audi\u00eancia com o governo do Estado j\u00e1 foi solicitada, e o Setor Jur\u00eddico da entidade j\u00e1 foi acionado, no intuito de tomar atitudes legais contra a medida. Aproveitamos esta oportunidade para solicitar a interven\u00e7\u00e3o do Poder Legislativo do Estado da Para\u00edba, para que se posicione contra a terceiriza\u00e7\u00e3o da Educa\u00e7\u00e3o do Estado&#8221;, divulgou o sindicato.<\/p>\n<p>A categoria est\u00e1 convocando os trabalhadores em educa\u00e7\u00e3o do Estado para participar da assembleia geral que ser\u00e1 realizada no dia 21 de julho, \u00e0s 14h, na sede do Sintep-PB, em Jo\u00e3o Pessoa. &#8220;O objetivo \u00e9 trazer esclarecimentos para a categoria, assim como deliberar a\u00e7\u00f5es contra a desastrosa medida do Governo da Para\u00edba&#8221;, informou.<\/p>\n<p>Entenda<\/p>\n<p>O governo do Estado lan\u00e7ou um edital, por meio da Secretaria de Educa\u00e7\u00e3o, para realiza\u00e7\u00e3o de processo seletivo objetivando a terceiriza\u00e7\u00e3o dos servi\u00e7os nas escolas da rede estadual de ensino. A inten\u00e7\u00e3o \u00e9 transferir a administra\u00e7\u00e3o e gest\u00e3o da Educa\u00e7\u00e3o do Estado para uma Organiza\u00e7\u00e3o Social selecionada atrav\u00e9s do Edital N\u00ba 001\/2017\/SEAD\/SEE, publicado no Di\u00e1rio Oficial do Estado do \u00faltimo s\u00e1bado (1\u00ba).<\/p>\n<p>&#8220;A publica\u00e7\u00e3o d\u00e1 in\u00edcio ao processo seletivo, e seu objeto j\u00e1 manifesta a realiza\u00e7\u00e3o de &#8216;Sele\u00e7\u00e3o de Organiza\u00e7\u00e3o Social qualificada na \u00e1rea de Educa\u00e7\u00e3o, no \u00e2mbito do Estado da Para\u00edba, para celebra\u00e7\u00e3o de contrato de gest\u00e3o, visando a gest\u00e3o pactuada das a\u00e7\u00f5es e servi\u00e7os de apoio escolar em unidades escolares da Secretaria de Estado da Educa\u00e7\u00e3o'&#8221;, explicou o Sintep-PB.<\/p>\n<p>Como poder\u00e1 ficar<\/p>\n<p>No desempenho da atividades, a Organiza\u00e7\u00e3o Social selecionada dever\u00e1 agir na atua\u00e7\u00e3o do Suporte \u00e0 Educa\u00e7\u00e3o Inclusiva, Suporte Pedag\u00f3gico, Acompanhamento Pedag\u00f3gico ao Aluno, Suporte ao Professor, Gest\u00e3o dos Espa\u00e7os Pedag\u00f3gicos, Suporte de Secretariado, Gest\u00e3o de Estoque, Suporte de Tecnologia da Informa\u00e7\u00e3o (TI), Alimenta\u00e7\u00e3o, Limpeza, Seguran\u00e7a, Manuten\u00e7\u00e3o, Gest\u00e3o de Recursos Humanos, Presta\u00e7\u00e3o de Contas e Gest\u00e3o Financeira.<\/p>\n<p>O prazo de vig\u00eancia do contrato de gest\u00e3o ser\u00e1 de 24 meses, podendo ser prorrogado por iguais e sucessivos per\u00edodos at\u00e9 o limite de 60 meses, desde que confirmada a disponibilidade or\u00e7ament\u00e1ria e a consecu\u00e7\u00e3o dos objetivos propostos pela Organiza\u00e7\u00e3o Social. A atua\u00e7\u00e3o da denominada Gest\u00e3o Pactuada tem in\u00edcio previsto para o m\u00eas de Agosto, do ano corrente.<\/p>\n<p>Com Portal Correio<\/p>\n","protected":false},"excerpt":{"rendered":"<p>O Sindicato dos Trabalhadores e Trabalhadoras em Educa\u00e7\u00e3o da Para\u00edba (Sintep-PB) divulgou nesta quarta-feira (12) que \u00e9 contra a privatiza\u00e7\u00e3o da educa\u00e7\u00e3o estadual, conforme lan\u00e7ado pelo governo do Estado. &#8220;O Sintep-PB \u00e9 contra a entrega de 652 unidades escolares para a gest\u00e3o pactuada do governo do Estado. Uma audi\u00eancia com o governo do Estado j\u00e1 foi solicitada, e o Setor Jur\u00eddico da entidade j\u00e1 foi acionado, no intuito de tomar atitudes legais contra a medida. Aproveitamos esta oportunidade para solicitar a interven\u00e7\u00e3o do Poder Legislativo do Estado da Para\u00edba, para que se posicione contra a terceiriza\u00e7\u00e3o da Educa\u00e7\u00e3o do Estado&#8221;, divulgou o sindicato. A categoria est\u00e1 convocando os trabalhadores em educa\u00e7\u00e3o do Estado para participar da assembleia geral que ser\u00e1 realizada no dia 21 de julho, \u00e0s 14h, na sede do Sintep-PB, em Jo\u00e3o Pessoa. &#8220;O objetivo \u00e9 trazer esclarecimentos para a categoria, assim como deliberar a\u00e7\u00f5es contra a desastrosa medida do Governo da Para\u00edba&#8221;, informou. Entenda O governo do Estado lan\u00e7ou um edital, por meio da Secretaria de Educa\u00e7\u00e3o, para realiza\u00e7\u00e3o de processo seletivo objetivando a terceiriza\u00e7\u00e3o dos servi\u00e7os nas escolas da rede estadual de ensino. A inten\u00e7\u00e3o \u00e9 transferir a administra\u00e7\u00e3o e gest\u00e3o da Educa\u00e7\u00e3o do Estado para uma Organiza\u00e7\u00e3o Social selecionada atrav\u00e9s do Edital N\u00ba 001\/2017\/SEAD\/SEE, publicado no Di\u00e1rio Oficial do Estado do \u00faltimo s\u00e1bado (1\u00ba). &#8220;A publica\u00e7\u00e3o d\u00e1 in\u00edcio ao processo seletivo, e seu objeto j\u00e1 manifesta a realiza\u00e7\u00e3o de &#8216;Sele\u00e7\u00e3o de Organiza\u00e7\u00e3o Social qualificada na \u00e1rea de Educa\u00e7\u00e3o, no \u00e2mbito do Estado da Para\u00edba, para celebra\u00e7\u00e3o de contrato de gest\u00e3o, visando a gest\u00e3o pactuada das a\u00e7\u00f5es e servi\u00e7os de apoio escolar em unidades escolares da Secretaria de Estado da Educa\u00e7\u00e3o&#8217;&#8221;, explicou o Sintep-PB. Como poder\u00e1 ficar No desempenho da atividades, a Organiza\u00e7\u00e3o Social selecionada dever\u00e1 agir na atua\u00e7\u00e3o do Suporte \u00e0 Educa\u00e7\u00e3o Inclusiva, Suporte Pedag\u00f3gico, Acompanhamento Pedag\u00f3gico ao Aluno, Suporte ao Professor, Gest\u00e3o dos Espa\u00e7os Pedag\u00f3gicos, Suporte de Secretariado, Gest\u00e3o de Estoque, Suporte de Tecnologia da Informa\u00e7\u00e3o (TI), Alimenta\u00e7\u00e3o, Limpeza, Seguran\u00e7a, Manuten\u00e7\u00e3o, Gest\u00e3o de Recursos Humanos, Presta\u00e7\u00e3o de Contas e Gest\u00e3o Financeira. O prazo de vig\u00eancia do contrato de gest\u00e3o ser\u00e1 de 24 meses, podendo ser prorrogado por iguais e sucessivos per\u00edodos at\u00e9 o limite de 60 meses, desde que confirmada a disponibilidade or\u00e7ament\u00e1ria e a consecu\u00e7\u00e3o dos objetivos propostos pela Organiza\u00e7\u00e3o Social. A atua\u00e7\u00e3o da denominada Gest\u00e3o Pactuada tem in\u00edcio previsto para o m\u00eas de Agosto, do ano corrente. Com Portal Correio<\/p>\n","protected":false},"author":2,"featured_media":1679,"comment_status":"closed","ping_status":"open","sticky":false,"template":"","format":"standard","meta":{"_eb_attr":"","_jetpack_memberships_contains_paid_content":false,"footnotes":""},"categories":[6],"tags":[],"class_list":["post-1678","post","type-post","status-publish","format-standard","has-post-thumbnail","hentry","category-educacao"],"yoast_head":"<!-- This site is optimized with the Yoast SEO plugin v26.5 - https:\/\/yoast.com\/wordpress\/plugins\/seo\/ -->\n<title>Sindicato critica privatiza\u00e7\u00e3o da Educa\u00e7\u00e3o na PB e pede ajuda do Legislativo - Not&iacute;cias em Destaque<\/title>\n<meta name=\"robots\" content=\"index, follow, max-snippet:-1, max-image-preview:large, max-video-preview:-1\" \/>\n<link rel=\"canonical\" href=\"https:\/\/noticiasemdestaque.com\/cd\/?p=1678\" \/>\n<meta property=\"og:locale\" content=\"pt_BR\" \/>\n<meta property=\"og:type\" content=\"article\" \/>\n<meta property=\"og:title\" content=\"Sindicato critica privatiza\u00e7\u00e3o da Educa\u00e7\u00e3o na PB e pede ajuda do Legislativo - Not&iacute;cias em Destaque\" \/>\n<meta property=\"og:description\" content=\"O Sindicato dos Trabalhadores e Trabalhadoras em Educa\u00e7\u00e3o da Para\u00edba (Sintep-PB) divulgou nesta quarta-feira (12) que \u00e9 contra a privatiza\u00e7\u00e3o da educa\u00e7\u00e3o estadual, conforme lan\u00e7ado pelo governo do Estado. &#8220;O Sintep-PB \u00e9 contra a entrega de 652 unidades escolares para a gest\u00e3o pactuada do governo do Estado. Uma audi\u00eancia com o governo do Estado j\u00e1 foi solicitada, e o Setor Jur\u00eddico da entidade j\u00e1 foi acionado, no intuito de tomar atitudes legais contra a medida. Aproveitamos esta oportunidade para solicitar a interven\u00e7\u00e3o do Poder Legislativo do Estado da Para\u00edba, para que se posicione contra a terceiriza\u00e7\u00e3o da Educa\u00e7\u00e3o do Estado&#8221;, divulgou o sindicato. A categoria est\u00e1 convocando os trabalhadores em educa\u00e7\u00e3o do Estado para participar da assembleia geral que ser\u00e1 realizada no dia 21 de julho, \u00e0s 14h, na sede do Sintep-PB, em Jo\u00e3o Pessoa. &#8220;O objetivo \u00e9 trazer esclarecimentos para a categoria, assim como deliberar a\u00e7\u00f5es contra a desastrosa medida do Governo da Para\u00edba&#8221;, informou. Entenda O governo do Estado lan\u00e7ou um edital, por meio da Secretaria de Educa\u00e7\u00e3o, para realiza\u00e7\u00e3o de processo seletivo objetivando a terceiriza\u00e7\u00e3o dos servi\u00e7os nas escolas da rede estadual de ensino. A inten\u00e7\u00e3o \u00e9 transferir a administra\u00e7\u00e3o e gest\u00e3o da Educa\u00e7\u00e3o do Estado para uma Organiza\u00e7\u00e3o Social selecionada atrav\u00e9s do Edital N\u00ba 001\/2017\/SEAD\/SEE, publicado no Di\u00e1rio Oficial do Estado do \u00faltimo s\u00e1bado (1\u00ba). &#8220;A publica\u00e7\u00e3o d\u00e1 in\u00edcio ao processo seletivo, e seu objeto j\u00e1 manifesta a realiza\u00e7\u00e3o de &#8216;Sele\u00e7\u00e3o de Organiza\u00e7\u00e3o Social qualificada na \u00e1rea de Educa\u00e7\u00e3o, no \u00e2mbito do Estado da Para\u00edba, para celebra\u00e7\u00e3o de contrato de gest\u00e3o, visando a gest\u00e3o pactuada das a\u00e7\u00f5es e servi\u00e7os de apoio escolar em unidades escolares da Secretaria de Estado da Educa\u00e7\u00e3o&#039;&#8221;, explicou o Sintep-PB. Como poder\u00e1 ficar No desempenho da atividades, a Organiza\u00e7\u00e3o Social selecionada dever\u00e1 agir na atua\u00e7\u00e3o do Suporte \u00e0 Educa\u00e7\u00e3o Inclusiva, Suporte Pedag\u00f3gico, Acompanhamento Pedag\u00f3gico ao Aluno, Suporte ao Professor, Gest\u00e3o dos Espa\u00e7os Pedag\u00f3gicos, Suporte de Secretariado, Gest\u00e3o de Estoque, Suporte de Tecnologia da Informa\u00e7\u00e3o (TI), Alimenta\u00e7\u00e3o, Limpeza, Seguran\u00e7a, Manuten\u00e7\u00e3o, Gest\u00e3o de Recursos Humanos, Presta\u00e7\u00e3o de Contas e Gest\u00e3o Financeira. O prazo de vig\u00eancia do contrato de gest\u00e3o ser\u00e1 de 24 meses, podendo ser prorrogado por iguais e sucessivos per\u00edodos at\u00e9 o limite de 60 meses, desde que confirmada a disponibilidade or\u00e7ament\u00e1ria e a consecu\u00e7\u00e3o dos objetivos propostos pela Organiza\u00e7\u00e3o Social. A atua\u00e7\u00e3o da denominada Gest\u00e3o Pactuada tem in\u00edcio previsto para o m\u00eas de Agosto, do ano corrente. Com Portal Correio\" \/>\n<meta property=\"og:url\" content=\"https:\/\/noticiasemdestaque.com\/cd\/?p=1678\" \/>\n<meta property=\"og:site_name\" content=\"Not&iacute;cias em Destaque\" \/>\n<meta property=\"article:published_time\" content=\"2017-07-12T15:48:21+00:00\" \/>\n<meta property=\"og:image\" content=\"https:\/\/noticiasemdestaque.com\/cd\/wp-content\/uploads\/2017\/07\/17695536280003622710000.jpg\" \/>\n\t<meta property=\"og:image:width\" content=\"362\" \/>\n\t<meta property=\"og:image:height\" content=\"271\" \/>\n\t<meta property=\"og:image:type\" content=\"image\/jpeg\" \/>\n<meta name=\"author\" content=\"Not\u00edcias em Destaque\" \/>\n<meta name=\"twitter:card\" content=\"summary_large_image\" \/>\n<meta name=\"twitter:label1\" content=\"Escrito por\" \/>\n\t<meta name=\"twitter:data1\" content=\"Not\u00edcias em Destaque\" \/>\n\t<meta name=\"twitter:label2\" content=\"Est. tempo de leitura\" \/>\n\t<meta name=\"twitter:data2\" content=\"2 minutos\" \/>\n<script type=\"application\/ld+json\" class=\"yoast-schema-graph\">{\"@context\":\"https:\/\/schema.org\",\"@graph\":[{\"@type\":\"Article\",\"@id\":\"https:\/\/noticiasemdestaque.com\/cd\/?p=1678#article\",\"isPartOf\":{\"@id\":\"https:\/\/noticiasemdestaque.com\/cd\/?p=1678\"},\"author\":{\"name\":\"Not\u00edcias em Destaque\",\"@id\":\"https:\/\/noticiasemdestaque.com\/cd\/#\/schema\/person\/45ca272b3e1246ef14ebb78a48dbb218\"},\"headline\":\"Sindicato critica privatiza\u00e7\u00e3o da Educa\u00e7\u00e3o na PB e pede ajuda do Legislativo\",\"datePublished\":\"2017-07-12T15:48:21+00:00\",\"mainEntityOfPage\":{\"@id\":\"https:\/\/noticiasemdestaque.com\/cd\/?p=1678\"},\"wordCount\":471,\"publisher\":{\"@id\":\"https:\/\/noticiasemdestaque.com\/cd\/#organization\"},\"image\":{\"@id\":\"https:\/\/noticiasemdestaque.com\/cd\/?p=1678#primaryimage\"},\"thumbnailUrl\":\"https:\/\/noticiasemdestaque.com\/cd\/wp-content\/uploads\/2017\/07\/17695536280003622710000.jpg\",\"articleSection\":[\"Educa\u00e7\u00e3o\"],\"inLanguage\":\"pt-BR\"},{\"@type\":\"WebPage\",\"@id\":\"https:\/\/noticiasemdestaque.com\/cd\/?p=1678\",\"url\":\"https:\/\/noticiasemdestaque.com\/cd\/?p=1678\",\"name\":\"Sindicato critica privatiza\u00e7\u00e3o da Educa\u00e7\u00e3o na PB e pede ajuda do Legislativo - Not&iacute;cias em Destaque\",\"isPartOf\":{\"@id\":\"https:\/\/noticiasemdestaque.com\/cd\/#website\"},\"primaryImageOfPage\":{\"@id\":\"https:\/\/noticiasemdestaque.com\/cd\/?p=1678#primaryimage\"},\"image\":{\"@id\":\"https:\/\/noticiasemdestaque.com\/cd\/?p=1678#primaryimage\"},\"thumbnailUrl\":\"https:\/\/noticiasemdestaque.com\/cd\/wp-content\/uploads\/2017\/07\/17695536280003622710000.jpg\",\"datePublished\":\"2017-07-12T15:48:21+00:00\",\"breadcrumb\":{\"@id\":\"https:\/\/noticiasemdestaque.com\/cd\/?p=1678#breadcrumb\"},\"inLanguage\":\"pt-BR\",\"potentialAction\":[{\"@type\":\"ReadAction\",\"target\":[\"https:\/\/noticiasemdestaque.com\/cd\/?p=1678\"]}]},{\"@type\":\"ImageObject\",\"inLanguage\":\"pt-BR\",\"@id\":\"https:\/\/noticiasemdestaque.com\/cd\/?p=1678#primaryimage\",\"url\":\"https:\/\/noticiasemdestaque.com\/cd\/wp-content\/uploads\/2017\/07\/17695536280003622710000.jpg\",\"contentUrl\":\"https:\/\/noticiasemdestaque.com\/cd\/wp-content\/uploads\/2017\/07\/17695536280003622710000.jpg\",\"width\":362,\"height\":271},{\"@type\":\"BreadcrumbList\",\"@id\":\"https:\/\/noticiasemdestaque.com\/cd\/?p=1678#breadcrumb\",\"itemListElement\":[{\"@type\":\"ListItem\",\"position\":1,\"name\":\"In\u00edcio\",\"item\":\"https:\/\/noticiasemdestaque.com\/cd\/\"},{\"@type\":\"ListItem\",\"position\":2,\"name\":\"Sindicato critica privatiza\u00e7\u00e3o da Educa\u00e7\u00e3o na PB e pede ajuda do Legislativo\"}]},{\"@type\":\"WebSite\",\"@id\":\"https:\/\/noticiasemdestaque.com\/cd\/#website\",\"url\":\"https:\/\/noticiasemdestaque.com\/cd\/\",\"name\":\"Not&iacute;cias em Destaque\",\"description\":\"\",\"publisher\":{\"@id\":\"https:\/\/noticiasemdestaque.com\/cd\/#organization\"},\"potentialAction\":[{\"@type\":\"SearchAction\",\"target\":{\"@type\":\"EntryPoint\",\"urlTemplate\":\"https:\/\/noticiasemdestaque.com\/cd\/?s={search_term_string}\"},\"query-input\":{\"@type\":\"PropertyValueSpecification\",\"valueRequired\":true,\"valueName\":\"search_term_string\"}}],\"inLanguage\":\"pt-BR\"},{\"@type\":\"Organization\",\"@id\":\"https:\/\/noticiasemdestaque.com\/cd\/#organization\",\"name\":\"Not\u00edcias em Destaque\",\"url\":\"https:\/\/noticiasemdestaque.com\/cd\/\",\"logo\":{\"@type\":\"ImageObject\",\"inLanguage\":\"pt-BR\",\"@id\":\"https:\/\/noticiasemdestaque.com\/cd\/#\/schema\/logo\/image\/\",\"url\":\"https:\/\/noticiasemdestaque.com\/cd\/wp-content\/uploads\/2022\/05\/imagem-base-noticiasemdestaque.png\",\"contentUrl\":\"https:\/\/noticiasemdestaque.com\/cd\/wp-content\/uploads\/2022\/05\/imagem-base-noticiasemdestaque.png\",\"width\":1200,\"height\":630,\"caption\":\"Not\u00edcias em Destaque\"},\"image\":{\"@id\":\"https:\/\/noticiasemdestaque.com\/cd\/#\/schema\/logo\/image\/\"}},{\"@type\":\"Person\",\"@id\":\"https:\/\/noticiasemdestaque.com\/cd\/#\/schema\/person\/45ca272b3e1246ef14ebb78a48dbb218\",\"name\":\"Not\u00edcias em Destaque\",\"url\":\"https:\/\/noticiasemdestaque.com\/cd\/?author=2\"}]}<\/script>\n<!-- \/ Yoast SEO plugin. -->","yoast_head_json":{"title":"Sindicato critica privatiza\u00e7\u00e3o da Educa\u00e7\u00e3o na PB e pede ajuda do Legislativo - Not&iacute;cias em Destaque","robots":{"index":"index","follow":"follow","max-snippet":"max-snippet:-1","max-image-preview":"max-image-preview:large","max-video-preview":"max-video-preview:-1"},"canonical":"https:\/\/noticiasemdestaque.com\/cd\/?p=1678","og_locale":"pt_BR","og_type":"article","og_title":"Sindicato critica privatiza\u00e7\u00e3o da Educa\u00e7\u00e3o na PB e pede ajuda do Legislativo - Not&iacute;cias em Destaque","og_description":"O Sindicato dos Trabalhadores e Trabalhadoras em Educa\u00e7\u00e3o da Para\u00edba (Sintep-PB) divulgou nesta quarta-feira (12) que \u00e9 contra a privatiza\u00e7\u00e3o da educa\u00e7\u00e3o estadual, conforme lan\u00e7ado pelo governo do Estado. &#8220;O Sintep-PB \u00e9 contra a entrega de 652 unidades escolares para a gest\u00e3o pactuada do governo do Estado. Uma audi\u00eancia com o governo do Estado j\u00e1 foi solicitada, e o Setor Jur\u00eddico da entidade j\u00e1 foi acionado, no intuito de tomar atitudes legais contra a medida. Aproveitamos esta oportunidade para solicitar a interven\u00e7\u00e3o do Poder Legislativo do Estado da Para\u00edba, para que se posicione contra a terceiriza\u00e7\u00e3o da Educa\u00e7\u00e3o do Estado&#8221;, divulgou o sindicato. A categoria est\u00e1 convocando os trabalhadores em educa\u00e7\u00e3o do Estado para participar da assembleia geral que ser\u00e1 realizada no dia 21 de julho, \u00e0s 14h, na sede do Sintep-PB, em Jo\u00e3o Pessoa. &#8220;O objetivo \u00e9 trazer esclarecimentos para a categoria, assim como deliberar a\u00e7\u00f5es contra a desastrosa medida do Governo da Para\u00edba&#8221;, informou. Entenda O governo do Estado lan\u00e7ou um edital, por meio da Secretaria de Educa\u00e7\u00e3o, para realiza\u00e7\u00e3o de processo seletivo objetivando a terceiriza\u00e7\u00e3o dos servi\u00e7os nas escolas da rede estadual de ensino. A inten\u00e7\u00e3o \u00e9 transferir a administra\u00e7\u00e3o e gest\u00e3o da Educa\u00e7\u00e3o do Estado para uma Organiza\u00e7\u00e3o Social selecionada atrav\u00e9s do Edital N\u00ba 001\/2017\/SEAD\/SEE, publicado no Di\u00e1rio Oficial do Estado do \u00faltimo s\u00e1bado (1\u00ba). &#8220;A publica\u00e7\u00e3o d\u00e1 in\u00edcio ao processo seletivo, e seu objeto j\u00e1 manifesta a realiza\u00e7\u00e3o de &#8216;Sele\u00e7\u00e3o de Organiza\u00e7\u00e3o Social qualificada na \u00e1rea de Educa\u00e7\u00e3o, no \u00e2mbito do Estado da Para\u00edba, para celebra\u00e7\u00e3o de contrato de gest\u00e3o, visando a gest\u00e3o pactuada das a\u00e7\u00f5es e servi\u00e7os de apoio escolar em unidades escolares da Secretaria de Estado da Educa\u00e7\u00e3o'&#8221;, explicou o Sintep-PB. Como poder\u00e1 ficar No desempenho da atividades, a Organiza\u00e7\u00e3o Social selecionada dever\u00e1 agir na atua\u00e7\u00e3o do Suporte \u00e0 Educa\u00e7\u00e3o Inclusiva, Suporte Pedag\u00f3gico, Acompanhamento Pedag\u00f3gico ao Aluno, Suporte ao Professor, Gest\u00e3o dos Espa\u00e7os Pedag\u00f3gicos, Suporte de Secretariado, Gest\u00e3o de Estoque, Suporte de Tecnologia da Informa\u00e7\u00e3o (TI), Alimenta\u00e7\u00e3o, Limpeza, Seguran\u00e7a, Manuten\u00e7\u00e3o, Gest\u00e3o de Recursos Humanos, Presta\u00e7\u00e3o de Contas e Gest\u00e3o Financeira. O prazo de vig\u00eancia do contrato de gest\u00e3o ser\u00e1 de 24 meses, podendo ser prorrogado por iguais e sucessivos per\u00edodos at\u00e9 o limite de 60 meses, desde que confirmada a disponibilidade or\u00e7ament\u00e1ria e a consecu\u00e7\u00e3o dos objetivos propostos pela Organiza\u00e7\u00e3o Social. A atua\u00e7\u00e3o da denominada Gest\u00e3o Pactuada tem in\u00edcio previsto para o m\u00eas de Agosto, do ano corrente. Com Portal Correio","og_url":"https:\/\/noticiasemdestaque.com\/cd\/?p=1678","og_site_name":"Not&iacute;cias em Destaque","article_published_time":"2017-07-12T15:48:21+00:00","og_image":[{"width":362,"height":271,"url":"https:\/\/noticiasemdestaque.com\/cd\/wp-content\/uploads\/2017\/07\/17695536280003622710000.jpg","type":"image\/jpeg"}],"author":"Not\u00edcias em Destaque","twitter_card":"summary_large_image","twitter_misc":{"Escrito por":"Not\u00edcias em Destaque","Est. tempo de leitura":"2 minutos"},"schema":{"@context":"https:\/\/schema.org","@graph":[{"@type":"Article","@id":"https:\/\/noticiasemdestaque.com\/cd\/?p=1678#article","isPartOf":{"@id":"https:\/\/noticiasemdestaque.com\/cd\/?p=1678"},"author":{"name":"Not\u00edcias em Destaque","@id":"https:\/\/noticiasemdestaque.com\/cd\/#\/schema\/person\/45ca272b3e1246ef14ebb78a48dbb218"},"headline":"Sindicato critica privatiza\u00e7\u00e3o da Educa\u00e7\u00e3o na PB e pede ajuda do Legislativo","datePublished":"2017-07-12T15:48:21+00:00","mainEntityOfPage":{"@id":"https:\/\/noticiasemdestaque.com\/cd\/?p=1678"},"wordCount":471,"publisher":{"@id":"https:\/\/noticiasemdestaque.com\/cd\/#organization"},"image":{"@id":"https:\/\/noticiasemdestaque.com\/cd\/?p=1678#primaryimage"},"thumbnailUrl":"https:\/\/noticiasemdestaque.com\/cd\/wp-content\/uploads\/2017\/07\/17695536280003622710000.jpg","articleSection":["Educa\u00e7\u00e3o"],"inLanguage":"pt-BR"},{"@type":"WebPage","@id":"https:\/\/noticiasemdestaque.com\/cd\/?p=1678","url":"https:\/\/noticiasemdestaque.com\/cd\/?p=1678","name":"Sindicato critica privatiza\u00e7\u00e3o da Educa\u00e7\u00e3o na PB e pede ajuda do Legislativo - Not&iacute;cias em Destaque","isPartOf":{"@id":"https:\/\/noticiasemdestaque.com\/cd\/#website"},"primaryImageOfPage":{"@id":"https:\/\/noticiasemdestaque.com\/cd\/?p=1678#primaryimage"},"image":{"@id":"https:\/\/noticiasemdestaque.com\/cd\/?p=1678#primaryimage"},"thumbnailUrl":"https:\/\/noticiasemdestaque.com\/cd\/wp-content\/uploads\/2017\/07\/17695536280003622710000.jpg","datePublished":"2017-07-12T15:48:21+00:00","breadcrumb":{"@id":"https:\/\/noticiasemdestaque.com\/cd\/?p=1678#breadcrumb"},"inLanguage":"pt-BR","potentialAction":[{"@type":"ReadAction","target":["https:\/\/noticiasemdestaque.com\/cd\/?p=1678"]}]},{"@type":"ImageObject","inLanguage":"pt-BR","@id":"https:\/\/noticiasemdestaque.com\/cd\/?p=1678#primaryimage","url":"https:\/\/noticiasemdestaque.com\/cd\/wp-content\/uploads\/2017\/07\/17695536280003622710000.jpg","contentUrl":"https:\/\/noticiasemdestaque.com\/cd\/wp-content\/uploads\/2017\/07\/17695536280003622710000.jpg","width":362,"height":271},{"@type":"BreadcrumbList","@id":"https:\/\/noticiasemdestaque.com\/cd\/?p=1678#breadcrumb","itemListElement":[{"@type":"ListItem","position":1,"name":"In\u00edcio","item":"https:\/\/noticiasemdestaque.com\/cd\/"},{"@type":"ListItem","position":2,"name":"Sindicato critica privatiza\u00e7\u00e3o da Educa\u00e7\u00e3o na PB e pede ajuda do Legislativo"}]},{"@type":"WebSite","@id":"https:\/\/noticiasemdestaque.com\/cd\/#website","url":"https:\/\/noticiasemdestaque.com\/cd\/","name":"Not&iacute;cias em Destaque","description":"","publisher":{"@id":"https:\/\/noticiasemdestaque.com\/cd\/#organization"},"potentialAction":[{"@type":"SearchAction","target":{"@type":"EntryPoint","urlTemplate":"https:\/\/noticiasemdestaque.com\/cd\/?s={search_term_string}"},"query-input":{"@type":"PropertyValueSpecification","valueRequired":true,"valueName":"search_term_string"}}],"inLanguage":"pt-BR"},{"@type":"Organization","@id":"https:\/\/noticiasemdestaque.com\/cd\/#organization","name":"Not\u00edcias em Destaque","url":"https:\/\/noticiasemdestaque.com\/cd\/","logo":{"@type":"ImageObject","inLanguage":"pt-BR","@id":"https:\/\/noticiasemdestaque.com\/cd\/#\/schema\/logo\/image\/","url":"https:\/\/noticiasemdestaque.com\/cd\/wp-content\/uploads\/2022\/05\/imagem-base-noticiasemdestaque.png","contentUrl":"https:\/\/noticiasemdestaque.com\/cd\/wp-content\/uploads\/2022\/05\/imagem-base-noticiasemdestaque.png","width":1200,"height":630,"caption":"Not\u00edcias em Destaque"},"image":{"@id":"https:\/\/noticiasemdestaque.com\/cd\/#\/schema\/logo\/image\/"}},{"@type":"Person","@id":"https:\/\/noticiasemdestaque.com\/cd\/#\/schema\/person\/45ca272b3e1246ef14ebb78a48dbb218","name":"Not\u00edcias em Destaque","url":"https:\/\/noticiasemdestaque.com\/cd\/?author=2"}]}},"jetpack_featured_media_url":"https:\/\/noticiasemdestaque.com\/cd\/wp-content\/uploads\/2017\/07\/17695536280003622710000.jpg","jetpack_sharing_enabled":true,"_links":{"self":[{"href":"https:\/\/noticiasemdestaque.com\/cd\/index.php?rest_route=\/wp\/v2\/posts\/1678","targetHints":{"allow":["GET"]}}],"collection":[{"href":"https:\/\/noticiasemdestaque.com\/cd\/index.php?rest_route=\/wp\/v2\/posts"}],"about":[{"href":"https:\/\/noticiasemdestaque.com\/cd\/index.php?rest_route=\/wp\/v2\/types\/post"}],"author":[{"embeddable":true,"href":"https:\/\/noticiasemdestaque.com\/cd\/index.php?rest_route=\/wp\/v2\/users\/2"}],"replies":[{"embeddable":true,"href":"https:\/\/noticiasemdestaque.com\/cd\/index.php?rest_route=%2Fwp%2Fv2%2Fcomments&post=1678"}],"version-history":[{"count":1,"href":"https:\/\/noticiasemdestaque.com\/cd\/index.php?rest_route=\/wp\/v2\/posts\/1678\/revisions"}],"predecessor-version":[{"id":1680,"href":"https:\/\/noticiasemdestaque.com\/cd\/index.php?rest_route=\/wp\/v2\/posts\/1678\/revisions\/1680"}],"wp:featuredmedia":[{"embeddable":true,"href":"https:\/\/noticiasemdestaque.com\/cd\/index.php?rest_route=\/wp\/v2\/media\/1679"}],"wp:attachment":[{"href":"https:\/\/noticiasemdestaque.com\/cd\/index.php?rest_route=%2Fwp%2Fv2%2Fmedia&parent=1678"}],"wp:term":[{"taxonomy":"category","embeddable":true,"href":"https:\/\/noticiasemdestaque.com\/cd\/index.php?rest_route=%2Fwp%2Fv2%2Fcategories&post=1678"},{"taxonomy":"post_tag","embeddable":true,"href":"https:\/\/noticiasemdestaque.com\/cd\/index.php?rest_route=%2Fwp%2Fv2%2Ftags&post=1678"}],"curies":[{"name":"wp","href":"https:\/\/api.w.org\/{rel}","templated":true}]}}