{"id":1669,"date":"2017-07-12T12:40:12","date_gmt":"2017-07-12T15:40:12","guid":{"rendered":"http:\/\/caririemdestaque.com\/cd\/?p=1669"},"modified":"2017-07-12T12:40:12","modified_gmt":"2017-07-12T15:40:12","slug":"concurso-da-prefeitura-de-monteiro-inscreve-ate-esta-quinta","status":"publish","type":"post","link":"https:\/\/noticiasemdestaque.com\/cd\/?p=1669","title":{"rendered":"Concurso da Prefeitura de Monteiro inscreve at\u00e9 esta quinta"},"content":{"rendered":"<p><a href=\"http:\/\/caririemdestaque.com\/cd\/wp-content\/uploads\/2017\/07\/download-2.jpg\"><img decoding=\"async\" class=\"wp-image-1670 size-thumbnail alignleft\" src=\"http:\/\/caririemdestaque.com\/cd\/wp-content\/uploads\/2017\/07\/download-2-150x150.jpg\" alt=\"\" width=\"150\" height=\"150\" \/><\/a>O concurso da prefeitura de Monteiro inscreve at\u00e9 esta quinta-feira (13). O edital de reabertura do certame prev\u00ea a contrata\u00e7\u00e3o de 246 candidatos em diversas \u00e1reas. As vagas s\u00e3o em cargos de n\u00edvel fundamental, m\u00e9dio e superior. A remunera\u00e7\u00e3o pode chegar a R$ 2.643,62.<\/p>\n<p>Segundo o edital (01\/2017) de reabertura do concurso p\u00fablico novos candidatos podem se inscrever, no site da organizadora do certame, a Conpass, no per\u00edodo entre 12 de junho e 13 de julho deste ano. Os candidatos que j\u00e1 haviam se inscrito no certame que havia sido cancelado (edital 01\/2016) n\u00e3o precisam fazer uma nova inscri\u00e7\u00e3o.<\/p>\n<p>\u201cO candidato inscrito no concurso anterior e que j\u00e1 realizou o pagamento de sua inscri\u00e7\u00e3o, poder\u00e1 verificar no site da Conpass, na \u00c1rea do Candidato, no link Comprovantes, a comprova\u00e7\u00e3o da valida\u00e7\u00e3o de sua inscri\u00e7\u00e3o neste Concurso. O candidato inscrito no concurso anterior, mas que ainda n\u00e3o havia realizado o pagamento do boleto de sua inscri\u00e7\u00e3o, dever\u00e1 imprimir a 2\u00aa via do boleto e realizar o pagamento at\u00e9 a data de vencimento, para participar desse concurso p\u00fablico, se assim o desejar\u201d, aponta o edital de reabertura.<\/p>\n<p>A taxa de inscri\u00e7\u00e3o \u00e9 de R$ 55 para cargos de n\u00edveis abaixo do ensino m\u00e9dio completo, R$ 75 para cargos de n\u00edvel m\u00e9dio e t\u00e9cnico e R$ 110 para os cargos de n\u00edvel superior.As provas objetivas est\u00e3o previstas para serem aplicadas no dia 20 de agosto.<\/p>\n<p>Os cargos com o maior n\u00famero de vagas s\u00e3o os de m\u00e9dico cl\u00ednico geral plantonista, enfermeiro plantonista e t\u00e9cnico em enfermagem plantonista, com 14 vagas cada. Tamb\u00e9m h\u00e1 vagas para professor de ensino fundamental I (12 vagas), t\u00e9cnico administrativo plantonista (9 vagas) e auxiliar de apoio escolar (9 vagas).<\/p>\n<p><strong>Processo Seletivo<\/strong><\/p>\n<p>Junto ao concurso est\u00e1 sendo realizado um processo seletivo simplificado. O edital n\u00ba 02\/2017 que prev\u00ea a contrata\u00e7\u00e3o por tempo determinado de 11 profissionais para atuar como agente de sa\u00fade no munic\u00edpio. Nesta sele\u00e7\u00e3o o prazo de inscri\u00e7\u00e3o \u00e9 de 12 de junho \u00e0 13 de julho, e deve ser feita pela internet, no site da organizadora da sele\u00e7\u00e3o.<\/p>\n<p>Para exercer o cargo, o candidato precisa ter ensino fundamental completo. A remunera\u00e7\u00e3o oferecida pelo edital \u00e9 de R$ 1.014,00. Assim como no concurso p\u00fablico, as provas do processo seletivo est\u00e3o previstas para serem aplicadas no dia 20 de agosto.<\/p>\n<p>&nbsp;<\/p>\n","protected":false},"excerpt":{"rendered":"<p>O concurso da prefeitura de Monteiro inscreve at\u00e9 esta quinta-feira (13). O edital de reabertura do certame prev\u00ea a contrata\u00e7\u00e3o de 246 candidatos em diversas \u00e1reas. As vagas s\u00e3o em cargos de n\u00edvel fundamental, m\u00e9dio e superior. A remunera\u00e7\u00e3o pode chegar a R$ 2.643,62. Segundo o edital (01\/2017) de reabertura do concurso p\u00fablico novos candidatos podem se inscrever, no site da organizadora do certame, a Conpass, no per\u00edodo entre 12 de junho e 13 de julho deste ano. Os candidatos que j\u00e1 haviam se inscrito no certame que havia sido cancelado (edital 01\/2016) n\u00e3o precisam fazer uma nova inscri\u00e7\u00e3o. \u201cO candidato inscrito no concurso anterior e que j\u00e1 realizou o pagamento de sua inscri\u00e7\u00e3o, poder\u00e1 verificar no site da Conpass, na \u00c1rea do Candidato, no link Comprovantes, a comprova\u00e7\u00e3o da valida\u00e7\u00e3o de sua inscri\u00e7\u00e3o neste Concurso. O candidato inscrito no concurso anterior, mas que ainda n\u00e3o havia realizado o pagamento do boleto de sua inscri\u00e7\u00e3o, dever\u00e1 imprimir a 2\u00aa via do boleto e realizar o pagamento at\u00e9 a data de vencimento, para participar desse concurso p\u00fablico, se assim o desejar\u201d, aponta o edital de reabertura. A taxa de inscri\u00e7\u00e3o \u00e9 de R$ 55 para cargos de n\u00edveis abaixo do ensino m\u00e9dio completo, R$ 75 para cargos de n\u00edvel m\u00e9dio e t\u00e9cnico e R$ 110 para os cargos de n\u00edvel superior.As provas objetivas est\u00e3o previstas para serem aplicadas no dia 20 de agosto. Os cargos com o maior n\u00famero de vagas s\u00e3o os de m\u00e9dico cl\u00ednico geral plantonista, enfermeiro plantonista e t\u00e9cnico em enfermagem plantonista, com 14 vagas cada. Tamb\u00e9m h\u00e1 vagas para professor de ensino fundamental I (12 vagas), t\u00e9cnico administrativo plantonista (9 vagas) e auxiliar de apoio escolar (9 vagas). Processo Seletivo Junto ao concurso est\u00e1 sendo realizado um processo seletivo simplificado. O edital n\u00ba 02\/2017 que prev\u00ea a contrata\u00e7\u00e3o por tempo determinado de 11 profissionais para atuar como agente de sa\u00fade no munic\u00edpio. Nesta sele\u00e7\u00e3o o prazo de inscri\u00e7\u00e3o \u00e9 de 12 de junho \u00e0 13 de julho, e deve ser feita pela internet, no site da organizadora da sele\u00e7\u00e3o. Para exercer o cargo, o candidato precisa ter ensino fundamental completo. A remunera\u00e7\u00e3o oferecida pelo edital \u00e9 de R$ 1.014,00. Assim como no concurso p\u00fablico, as provas do processo seletivo est\u00e3o previstas para serem aplicadas no dia 20 de agosto. &nbsp;<\/p>\n","protected":false},"author":2,"featured_media":1670,"comment_status":"closed","ping_status":"open","sticky":false,"template":"","format":"standard","meta":{"_eb_attr":"","_jetpack_memberships_contains_paid_content":false,"footnotes":""},"categories":[3],"tags":[],"class_list":["post-1669","post","type-post","status-publish","format-standard","has-post-thumbnail","hentry","category-cidades"],"yoast_head":"<!-- This site is optimized with the Yoast SEO plugin v26.5 - https:\/\/yoast.com\/wordpress\/plugins\/seo\/ -->\n<title>Concurso da Prefeitura de Monteiro inscreve at\u00e9 esta quinta - Not&iacute;cias em Destaque<\/title>\n<meta name=\"robots\" content=\"index, follow, max-snippet:-1, max-image-preview:large, max-video-preview:-1\" \/>\n<link rel=\"canonical\" href=\"https:\/\/noticiasemdestaque.com\/cd\/?p=1669\" \/>\n<meta property=\"og:locale\" content=\"pt_BR\" \/>\n<meta property=\"og:type\" content=\"article\" \/>\n<meta property=\"og:title\" content=\"Concurso da Prefeitura de Monteiro inscreve at\u00e9 esta quinta - Not&iacute;cias em Destaque\" \/>\n<meta property=\"og:description\" content=\"O concurso da prefeitura de Monteiro inscreve at\u00e9 esta quinta-feira (13). O edital de reabertura do certame prev\u00ea a contrata\u00e7\u00e3o de 246 candidatos em diversas \u00e1reas. As vagas s\u00e3o em cargos de n\u00edvel fundamental, m\u00e9dio e superior. A remunera\u00e7\u00e3o pode chegar a R$ 2.643,62. Segundo o edital (01\/2017) de reabertura do concurso p\u00fablico novos candidatos podem se inscrever, no site da organizadora do certame, a Conpass, no per\u00edodo entre 12 de junho e 13 de julho deste ano. Os candidatos que j\u00e1 haviam se inscrito no certame que havia sido cancelado (edital 01\/2016) n\u00e3o precisam fazer uma nova inscri\u00e7\u00e3o. \u201cO candidato inscrito no concurso anterior e que j\u00e1 realizou o pagamento de sua inscri\u00e7\u00e3o, poder\u00e1 verificar no site da Conpass, na \u00c1rea do Candidato, no link Comprovantes, a comprova\u00e7\u00e3o da valida\u00e7\u00e3o de sua inscri\u00e7\u00e3o neste Concurso. O candidato inscrito no concurso anterior, mas que ainda n\u00e3o havia realizado o pagamento do boleto de sua inscri\u00e7\u00e3o, dever\u00e1 imprimir a 2\u00aa via do boleto e realizar o pagamento at\u00e9 a data de vencimento, para participar desse concurso p\u00fablico, se assim o desejar\u201d, aponta o edital de reabertura. A taxa de inscri\u00e7\u00e3o \u00e9 de R$ 55 para cargos de n\u00edveis abaixo do ensino m\u00e9dio completo, R$ 75 para cargos de n\u00edvel m\u00e9dio e t\u00e9cnico e R$ 110 para os cargos de n\u00edvel superior.As provas objetivas est\u00e3o previstas para serem aplicadas no dia 20 de agosto. Os cargos com o maior n\u00famero de vagas s\u00e3o os de m\u00e9dico cl\u00ednico geral plantonista, enfermeiro plantonista e t\u00e9cnico em enfermagem plantonista, com 14 vagas cada. Tamb\u00e9m h\u00e1 vagas para professor de ensino fundamental I (12 vagas), t\u00e9cnico administrativo plantonista (9 vagas) e auxiliar de apoio escolar (9 vagas). Processo Seletivo Junto ao concurso est\u00e1 sendo realizado um processo seletivo simplificado. O edital n\u00ba 02\/2017 que prev\u00ea a contrata\u00e7\u00e3o por tempo determinado de 11 profissionais para atuar como agente de sa\u00fade no munic\u00edpio. Nesta sele\u00e7\u00e3o o prazo de inscri\u00e7\u00e3o \u00e9 de 12 de junho \u00e0 13 de julho, e deve ser feita pela internet, no site da organizadora da sele\u00e7\u00e3o. Para exercer o cargo, o candidato precisa ter ensino fundamental completo. A remunera\u00e7\u00e3o oferecida pelo edital \u00e9 de R$ 1.014,00. Assim como no concurso p\u00fablico, as provas do processo seletivo est\u00e3o previstas para serem aplicadas no dia 20 de agosto. &nbsp;\" \/>\n<meta property=\"og:url\" content=\"https:\/\/noticiasemdestaque.com\/cd\/?p=1669\" \/>\n<meta property=\"og:site_name\" content=\"Not&iacute;cias em Destaque\" \/>\n<meta property=\"article:published_time\" content=\"2017-07-12T15:40:12+00:00\" \/>\n<meta property=\"og:image\" content=\"https:\/\/noticiasemdestaque.com\/cd\/wp-content\/uploads\/2017\/07\/download-2.jpg\" \/>\n\t<meta property=\"og:image:width\" content=\"259\" \/>\n\t<meta property=\"og:image:height\" content=\"195\" \/>\n\t<meta property=\"og:image:type\" content=\"image\/jpeg\" \/>\n<meta name=\"author\" content=\"Not\u00edcias em Destaque\" \/>\n<meta name=\"twitter:card\" content=\"summary_large_image\" \/>\n<meta name=\"twitter:label1\" content=\"Escrito por\" \/>\n\t<meta name=\"twitter:data1\" content=\"Not\u00edcias em Destaque\" \/>\n\t<meta name=\"twitter:label2\" content=\"Est. tempo de leitura\" \/>\n\t<meta name=\"twitter:data2\" content=\"2 minutos\" \/>\n<script type=\"application\/ld+json\" class=\"yoast-schema-graph\">{\"@context\":\"https:\/\/schema.org\",\"@graph\":[{\"@type\":\"Article\",\"@id\":\"https:\/\/noticiasemdestaque.com\/cd\/?p=1669#article\",\"isPartOf\":{\"@id\":\"https:\/\/noticiasemdestaque.com\/cd\/?p=1669\"},\"author\":{\"name\":\"Not\u00edcias em Destaque\",\"@id\":\"https:\/\/noticiasemdestaque.com\/cd\/#\/schema\/person\/45ca272b3e1246ef14ebb78a48dbb218\"},\"headline\":\"Concurso da Prefeitura de Monteiro inscreve at\u00e9 esta quinta\",\"datePublished\":\"2017-07-12T15:40:12+00:00\",\"mainEntityOfPage\":{\"@id\":\"https:\/\/noticiasemdestaque.com\/cd\/?p=1669\"},\"wordCount\":407,\"publisher\":{\"@id\":\"https:\/\/noticiasemdestaque.com\/cd\/#organization\"},\"image\":{\"@id\":\"https:\/\/noticiasemdestaque.com\/cd\/?p=1669#primaryimage\"},\"thumbnailUrl\":\"https:\/\/noticiasemdestaque.com\/cd\/wp-content\/uploads\/2017\/07\/download-2.jpg\",\"articleSection\":[\"Cidades\"],\"inLanguage\":\"pt-BR\"},{\"@type\":\"WebPage\",\"@id\":\"https:\/\/noticiasemdestaque.com\/cd\/?p=1669\",\"url\":\"https:\/\/noticiasemdestaque.com\/cd\/?p=1669\",\"name\":\"Concurso da Prefeitura de Monteiro inscreve at\u00e9 esta quinta - Not&iacute;cias em Destaque\",\"isPartOf\":{\"@id\":\"https:\/\/noticiasemdestaque.com\/cd\/#website\"},\"primaryImageOfPage\":{\"@id\":\"https:\/\/noticiasemdestaque.com\/cd\/?p=1669#primaryimage\"},\"image\":{\"@id\":\"https:\/\/noticiasemdestaque.com\/cd\/?p=1669#primaryimage\"},\"thumbnailUrl\":\"https:\/\/noticiasemdestaque.com\/cd\/wp-content\/uploads\/2017\/07\/download-2.jpg\",\"datePublished\":\"2017-07-12T15:40:12+00:00\",\"breadcrumb\":{\"@id\":\"https:\/\/noticiasemdestaque.com\/cd\/?p=1669#breadcrumb\"},\"inLanguage\":\"pt-BR\",\"potentialAction\":[{\"@type\":\"ReadAction\",\"target\":[\"https:\/\/noticiasemdestaque.com\/cd\/?p=1669\"]}]},{\"@type\":\"ImageObject\",\"inLanguage\":\"pt-BR\",\"@id\":\"https:\/\/noticiasemdestaque.com\/cd\/?p=1669#primaryimage\",\"url\":\"https:\/\/noticiasemdestaque.com\/cd\/wp-content\/uploads\/2017\/07\/download-2.jpg\",\"contentUrl\":\"https:\/\/noticiasemdestaque.com\/cd\/wp-content\/uploads\/2017\/07\/download-2.jpg\",\"width\":259,\"height\":195},{\"@type\":\"BreadcrumbList\",\"@id\":\"https:\/\/noticiasemdestaque.com\/cd\/?p=1669#breadcrumb\",\"itemListElement\":[{\"@type\":\"ListItem\",\"position\":1,\"name\":\"In\u00edcio\",\"item\":\"https:\/\/noticiasemdestaque.com\/cd\/\"},{\"@type\":\"ListItem\",\"position\":2,\"name\":\"Concurso da Prefeitura de Monteiro inscreve at\u00e9 esta quinta\"}]},{\"@type\":\"WebSite\",\"@id\":\"https:\/\/noticiasemdestaque.com\/cd\/#website\",\"url\":\"https:\/\/noticiasemdestaque.com\/cd\/\",\"name\":\"Not&iacute;cias em Destaque\",\"description\":\"\",\"publisher\":{\"@id\":\"https:\/\/noticiasemdestaque.com\/cd\/#organization\"},\"potentialAction\":[{\"@type\":\"SearchAction\",\"target\":{\"@type\":\"EntryPoint\",\"urlTemplate\":\"https:\/\/noticiasemdestaque.com\/cd\/?s={search_term_string}\"},\"query-input\":{\"@type\":\"PropertyValueSpecification\",\"valueRequired\":true,\"valueName\":\"search_term_string\"}}],\"inLanguage\":\"pt-BR\"},{\"@type\":\"Organization\",\"@id\":\"https:\/\/noticiasemdestaque.com\/cd\/#organization\",\"name\":\"Not\u00edcias em Destaque\",\"url\":\"https:\/\/noticiasemdestaque.com\/cd\/\",\"logo\":{\"@type\":\"ImageObject\",\"inLanguage\":\"pt-BR\",\"@id\":\"https:\/\/noticiasemdestaque.com\/cd\/#\/schema\/logo\/image\/\",\"url\":\"https:\/\/noticiasemdestaque.com\/cd\/wp-content\/uploads\/2022\/05\/imagem-base-noticiasemdestaque.png\",\"contentUrl\":\"https:\/\/noticiasemdestaque.com\/cd\/wp-content\/uploads\/2022\/05\/imagem-base-noticiasemdestaque.png\",\"width\":1200,\"height\":630,\"caption\":\"Not\u00edcias em Destaque\"},\"image\":{\"@id\":\"https:\/\/noticiasemdestaque.com\/cd\/#\/schema\/logo\/image\/\"}},{\"@type\":\"Person\",\"@id\":\"https:\/\/noticiasemdestaque.com\/cd\/#\/schema\/person\/45ca272b3e1246ef14ebb78a48dbb218\",\"name\":\"Not\u00edcias em Destaque\",\"url\":\"https:\/\/noticiasemdestaque.com\/cd\/?author=2\"}]}<\/script>\n<!-- \/ Yoast SEO plugin. -->","yoast_head_json":{"title":"Concurso da Prefeitura de Monteiro inscreve at\u00e9 esta quinta - Not&iacute;cias em Destaque","robots":{"index":"index","follow":"follow","max-snippet":"max-snippet:-1","max-image-preview":"max-image-preview:large","max-video-preview":"max-video-preview:-1"},"canonical":"https:\/\/noticiasemdestaque.com\/cd\/?p=1669","og_locale":"pt_BR","og_type":"article","og_title":"Concurso da Prefeitura de Monteiro inscreve at\u00e9 esta quinta - Not&iacute;cias em Destaque","og_description":"O concurso da prefeitura de Monteiro inscreve at\u00e9 esta quinta-feira (13). O edital de reabertura do certame prev\u00ea a contrata\u00e7\u00e3o de 246 candidatos em diversas \u00e1reas. As vagas s\u00e3o em cargos de n\u00edvel fundamental, m\u00e9dio e superior. A remunera\u00e7\u00e3o pode chegar a R$ 2.643,62. Segundo o edital (01\/2017) de reabertura do concurso p\u00fablico novos candidatos podem se inscrever, no site da organizadora do certame, a Conpass, no per\u00edodo entre 12 de junho e 13 de julho deste ano. Os candidatos que j\u00e1 haviam se inscrito no certame que havia sido cancelado (edital 01\/2016) n\u00e3o precisam fazer uma nova inscri\u00e7\u00e3o. \u201cO candidato inscrito no concurso anterior e que j\u00e1 realizou o pagamento de sua inscri\u00e7\u00e3o, poder\u00e1 verificar no site da Conpass, na \u00c1rea do Candidato, no link Comprovantes, a comprova\u00e7\u00e3o da valida\u00e7\u00e3o de sua inscri\u00e7\u00e3o neste Concurso. O candidato inscrito no concurso anterior, mas que ainda n\u00e3o havia realizado o pagamento do boleto de sua inscri\u00e7\u00e3o, dever\u00e1 imprimir a 2\u00aa via do boleto e realizar o pagamento at\u00e9 a data de vencimento, para participar desse concurso p\u00fablico, se assim o desejar\u201d, aponta o edital de reabertura. A taxa de inscri\u00e7\u00e3o \u00e9 de R$ 55 para cargos de n\u00edveis abaixo do ensino m\u00e9dio completo, R$ 75 para cargos de n\u00edvel m\u00e9dio e t\u00e9cnico e R$ 110 para os cargos de n\u00edvel superior.As provas objetivas est\u00e3o previstas para serem aplicadas no dia 20 de agosto. Os cargos com o maior n\u00famero de vagas s\u00e3o os de m\u00e9dico cl\u00ednico geral plantonista, enfermeiro plantonista e t\u00e9cnico em enfermagem plantonista, com 14 vagas cada. Tamb\u00e9m h\u00e1 vagas para professor de ensino fundamental I (12 vagas), t\u00e9cnico administrativo plantonista (9 vagas) e auxiliar de apoio escolar (9 vagas). Processo Seletivo Junto ao concurso est\u00e1 sendo realizado um processo seletivo simplificado. O edital n\u00ba 02\/2017 que prev\u00ea a contrata\u00e7\u00e3o por tempo determinado de 11 profissionais para atuar como agente de sa\u00fade no munic\u00edpio. Nesta sele\u00e7\u00e3o o prazo de inscri\u00e7\u00e3o \u00e9 de 12 de junho \u00e0 13 de julho, e deve ser feita pela internet, no site da organizadora da sele\u00e7\u00e3o. Para exercer o cargo, o candidato precisa ter ensino fundamental completo. A remunera\u00e7\u00e3o oferecida pelo edital \u00e9 de R$ 1.014,00. Assim como no concurso p\u00fablico, as provas do processo seletivo est\u00e3o previstas para serem aplicadas no dia 20 de agosto. &nbsp;","og_url":"https:\/\/noticiasemdestaque.com\/cd\/?p=1669","og_site_name":"Not&iacute;cias em Destaque","article_published_time":"2017-07-12T15:40:12+00:00","og_image":[{"width":259,"height":195,"url":"https:\/\/noticiasemdestaque.com\/cd\/wp-content\/uploads\/2017\/07\/download-2.jpg","type":"image\/jpeg"}],"author":"Not\u00edcias em Destaque","twitter_card":"summary_large_image","twitter_misc":{"Escrito por":"Not\u00edcias em Destaque","Est. tempo de leitura":"2 minutos"},"schema":{"@context":"https:\/\/schema.org","@graph":[{"@type":"Article","@id":"https:\/\/noticiasemdestaque.com\/cd\/?p=1669#article","isPartOf":{"@id":"https:\/\/noticiasemdestaque.com\/cd\/?p=1669"},"author":{"name":"Not\u00edcias em Destaque","@id":"https:\/\/noticiasemdestaque.com\/cd\/#\/schema\/person\/45ca272b3e1246ef14ebb78a48dbb218"},"headline":"Concurso da Prefeitura de Monteiro inscreve at\u00e9 esta quinta","datePublished":"2017-07-12T15:40:12+00:00","mainEntityOfPage":{"@id":"https:\/\/noticiasemdestaque.com\/cd\/?p=1669"},"wordCount":407,"publisher":{"@id":"https:\/\/noticiasemdestaque.com\/cd\/#organization"},"image":{"@id":"https:\/\/noticiasemdestaque.com\/cd\/?p=1669#primaryimage"},"thumbnailUrl":"https:\/\/noticiasemdestaque.com\/cd\/wp-content\/uploads\/2017\/07\/download-2.jpg","articleSection":["Cidades"],"inLanguage":"pt-BR"},{"@type":"WebPage","@id":"https:\/\/noticiasemdestaque.com\/cd\/?p=1669","url":"https:\/\/noticiasemdestaque.com\/cd\/?p=1669","name":"Concurso da Prefeitura de Monteiro inscreve at\u00e9 esta quinta - Not&iacute;cias em Destaque","isPartOf":{"@id":"https:\/\/noticiasemdestaque.com\/cd\/#website"},"primaryImageOfPage":{"@id":"https:\/\/noticiasemdestaque.com\/cd\/?p=1669#primaryimage"},"image":{"@id":"https:\/\/noticiasemdestaque.com\/cd\/?p=1669#primaryimage"},"thumbnailUrl":"https:\/\/noticiasemdestaque.com\/cd\/wp-content\/uploads\/2017\/07\/download-2.jpg","datePublished":"2017-07-12T15:40:12+00:00","breadcrumb":{"@id":"https:\/\/noticiasemdestaque.com\/cd\/?p=1669#breadcrumb"},"inLanguage":"pt-BR","potentialAction":[{"@type":"ReadAction","target":["https:\/\/noticiasemdestaque.com\/cd\/?p=1669"]}]},{"@type":"ImageObject","inLanguage":"pt-BR","@id":"https:\/\/noticiasemdestaque.com\/cd\/?p=1669#primaryimage","url":"https:\/\/noticiasemdestaque.com\/cd\/wp-content\/uploads\/2017\/07\/download-2.jpg","contentUrl":"https:\/\/noticiasemdestaque.com\/cd\/wp-content\/uploads\/2017\/07\/download-2.jpg","width":259,"height":195},{"@type":"BreadcrumbList","@id":"https:\/\/noticiasemdestaque.com\/cd\/?p=1669#breadcrumb","itemListElement":[{"@type":"ListItem","position":1,"name":"In\u00edcio","item":"https:\/\/noticiasemdestaque.com\/cd\/"},{"@type":"ListItem","position":2,"name":"Concurso da Prefeitura de Monteiro inscreve at\u00e9 esta quinta"}]},{"@type":"WebSite","@id":"https:\/\/noticiasemdestaque.com\/cd\/#website","url":"https:\/\/noticiasemdestaque.com\/cd\/","name":"Not&iacute;cias em Destaque","description":"","publisher":{"@id":"https:\/\/noticiasemdestaque.com\/cd\/#organization"},"potentialAction":[{"@type":"SearchAction","target":{"@type":"EntryPoint","urlTemplate":"https:\/\/noticiasemdestaque.com\/cd\/?s={search_term_string}"},"query-input":{"@type":"PropertyValueSpecification","valueRequired":true,"valueName":"search_term_string"}}],"inLanguage":"pt-BR"},{"@type":"Organization","@id":"https:\/\/noticiasemdestaque.com\/cd\/#organization","name":"Not\u00edcias em Destaque","url":"https:\/\/noticiasemdestaque.com\/cd\/","logo":{"@type":"ImageObject","inLanguage":"pt-BR","@id":"https:\/\/noticiasemdestaque.com\/cd\/#\/schema\/logo\/image\/","url":"https:\/\/noticiasemdestaque.com\/cd\/wp-content\/uploads\/2022\/05\/imagem-base-noticiasemdestaque.png","contentUrl":"https:\/\/noticiasemdestaque.com\/cd\/wp-content\/uploads\/2022\/05\/imagem-base-noticiasemdestaque.png","width":1200,"height":630,"caption":"Not\u00edcias em Destaque"},"image":{"@id":"https:\/\/noticiasemdestaque.com\/cd\/#\/schema\/logo\/image\/"}},{"@type":"Person","@id":"https:\/\/noticiasemdestaque.com\/cd\/#\/schema\/person\/45ca272b3e1246ef14ebb78a48dbb218","name":"Not\u00edcias em Destaque","url":"https:\/\/noticiasemdestaque.com\/cd\/?author=2"}]}},"jetpack_featured_media_url":"https:\/\/noticiasemdestaque.com\/cd\/wp-content\/uploads\/2017\/07\/download-2.jpg","jetpack_sharing_enabled":true,"_links":{"self":[{"href":"https:\/\/noticiasemdestaque.com\/cd\/index.php?rest_route=\/wp\/v2\/posts\/1669","targetHints":{"allow":["GET"]}}],"collection":[{"href":"https:\/\/noticiasemdestaque.com\/cd\/index.php?rest_route=\/wp\/v2\/posts"}],"about":[{"href":"https:\/\/noticiasemdestaque.com\/cd\/index.php?rest_route=\/wp\/v2\/types\/post"}],"author":[{"embeddable":true,"href":"https:\/\/noticiasemdestaque.com\/cd\/index.php?rest_route=\/wp\/v2\/users\/2"}],"replies":[{"embeddable":true,"href":"https:\/\/noticiasemdestaque.com\/cd\/index.php?rest_route=%2Fwp%2Fv2%2Fcomments&post=1669"}],"version-history":[{"count":1,"href":"https:\/\/noticiasemdestaque.com\/cd\/index.php?rest_route=\/wp\/v2\/posts\/1669\/revisions"}],"predecessor-version":[{"id":1671,"href":"https:\/\/noticiasemdestaque.com\/cd\/index.php?rest_route=\/wp\/v2\/posts\/1669\/revisions\/1671"}],"wp:featuredmedia":[{"embeddable":true,"href":"https:\/\/noticiasemdestaque.com\/cd\/index.php?rest_route=\/wp\/v2\/media\/1670"}],"wp:attachment":[{"href":"https:\/\/noticiasemdestaque.com\/cd\/index.php?rest_route=%2Fwp%2Fv2%2Fmedia&parent=1669"}],"wp:term":[{"taxonomy":"category","embeddable":true,"href":"https:\/\/noticiasemdestaque.com\/cd\/index.php?rest_route=%2Fwp%2Fv2%2Fcategories&post=1669"},{"taxonomy":"post_tag","embeddable":true,"href":"https:\/\/noticiasemdestaque.com\/cd\/index.php?rest_route=%2Fwp%2Fv2%2Ftags&post=1669"}],"curies":[{"name":"wp","href":"https:\/\/api.w.org\/{rel}","templated":true}]}}