{"id":1662,"date":"2017-07-11T20:25:10","date_gmt":"2017-07-11T23:25:10","guid":{"rendered":"http:\/\/caririemdestaque.com\/cd\/?p=1662"},"modified":"2017-07-11T20:25:10","modified_gmt":"2017-07-11T23:25:10","slug":"excelencia-em-qualidade-upa-de-monteiro-comemora-mais-um-ano-de-atividade","status":"publish","type":"post","link":"https:\/\/noticiasemdestaque.com\/cd\/?p=1662","title":{"rendered":"Excel\u00eancia em qualidade, UPA de Monteiro comemora mais um ano de atividade"},"content":{"rendered":"<p>&nbsp;<\/p>\n<p><a href=\"http:\/\/caririemdestaque.com\/cd\/wp-content\/uploads\/2017\/07\/unnamed-2.jpg\"><img fetchpriority=\"high\" decoding=\"async\" class=\"size-medium wp-image-1663 alignleft\" src=\"http:\/\/caririemdestaque.com\/cd\/wp-content\/uploads\/2017\/07\/unnamed-2-300x200.jpg\" alt=\"\" width=\"300\" height=\"200\" srcset=\"https:\/\/noticiasemdestaque.com\/cd\/wp-content\/uploads\/2017\/07\/unnamed-2-300x200.jpg 300w, https:\/\/noticiasemdestaque.com\/cd\/wp-content\/uploads\/2017\/07\/unnamed-2-480x320.jpg 480w, https:\/\/noticiasemdestaque.com\/cd\/wp-content\/uploads\/2017\/07\/unnamed-2.jpg 750w\" sizes=\"(max-width: 300px) 100vw, 300px\" \/><\/a>A regi\u00e3o do Cariri paraibano conta h\u00e1 cinco anos com o servi\u00e7o de pronto atendimento 24h (UPA), uma das obras mais importantes presentes no munic\u00edpio de Monteiro, que desde seu pleno funcionamento em 12 de julho de 2012 j\u00e1 ofereceu atendimento a mais de 165 mil pessoas.<\/p>\n<p>A UPA 24h Joaquina Pires Barbosa Henrique inova ao oferecer estrutura moderna, ambientes requintados, totalmente informatizada, profissionais qualificados e equipamentos de ponta, eletrocardiografia, hemoglicoteste; exames radiol\u00f3gicos, retaguarda de laborat\u00f3rio de an\u00e1lises cl\u00ednica, leitos intermedi\u00e1rios de UTI e leitos de observa\u00e7\u00e3o at\u00e9 24h, sendo reconhecida pelo Minist\u00e9rio da Sa\u00fade como a UPA modelo padr\u00e3o de refer\u00eancia no Estado da Para\u00edba em excel\u00eancia e qualidade dos servi\u00e7os prestados a popula\u00e7\u00e3o.<\/p>\n<p>A estrat\u00e9gia de atendimento est\u00e1 diretamente relacionada ao trabalho do Servi\u00e7o M\u00f3vel de Urg\u00eancia \u2013 SAMU 192 que organiza o fluxo de atendimento e encaminha o paciente ao servi\u00e7o de sa\u00fade adequado \u00e0 situa\u00e7\u00e3o de forma \u00e1gil e oportuna.<\/p>\n<p>A UPA 24h Joaquina Pires Barbosa Henrique desde o in\u00edcio de seu funcionamento resolve grande parte das urg\u00eancias e emerg\u00eancias, sendo 97% dos casos solucionados na pr\u00f3pria unidade.<\/p>\n<p>Todos os resultados positivos obtidos at\u00e9 a presente data se d\u00e3o atrav\u00e9s de uma equipe treinada e capacitada pelo N\u00facleo de Educa\u00e7\u00e3o Permanente que \u00e9 realizada mensalmente como exig\u00eancia ao padr\u00e3o estabelecido pela Prefeitura Municipal de Monteiro, a qual atualmente oferece os servi\u00e7os atrav\u00e9s de recursos pr\u00f3prios.<\/p>\n<p><em><strong>Cariri em Destaque\u00a0<\/strong><\/em><\/p>\n<p>Com Ascom<\/p>\n","protected":false},"excerpt":{"rendered":"<p>&nbsp; A regi\u00e3o do Cariri paraibano conta h\u00e1 cinco anos com o servi\u00e7o de pronto atendimento 24h (UPA), uma das obras mais importantes presentes no munic\u00edpio de Monteiro, que desde seu pleno funcionamento em 12 de julho de 2012 j\u00e1 ofereceu atendimento a mais de 165 mil pessoas. A UPA 24h Joaquina Pires Barbosa Henrique inova ao oferecer estrutura moderna, ambientes requintados, totalmente informatizada, profissionais qualificados e equipamentos de ponta, eletrocardiografia, hemoglicoteste; exames radiol\u00f3gicos, retaguarda de laborat\u00f3rio de an\u00e1lises cl\u00ednica, leitos intermedi\u00e1rios de UTI e leitos de observa\u00e7\u00e3o at\u00e9 24h, sendo reconhecida pelo Minist\u00e9rio da Sa\u00fade como a UPA modelo padr\u00e3o de refer\u00eancia no Estado da Para\u00edba em excel\u00eancia e qualidade dos servi\u00e7os prestados a popula\u00e7\u00e3o. A estrat\u00e9gia de atendimento est\u00e1 diretamente relacionada ao trabalho do Servi\u00e7o M\u00f3vel de Urg\u00eancia \u2013 SAMU 192 que organiza o fluxo de atendimento e encaminha o paciente ao servi\u00e7o de sa\u00fade adequado \u00e0 situa\u00e7\u00e3o de forma \u00e1gil e oportuna. A UPA 24h Joaquina Pires Barbosa Henrique desde o in\u00edcio de seu funcionamento resolve grande parte das urg\u00eancias e emerg\u00eancias, sendo 97% dos casos solucionados na pr\u00f3pria unidade. Todos os resultados positivos obtidos at\u00e9 a presente data se d\u00e3o atrav\u00e9s de uma equipe treinada e capacitada pelo N\u00facleo de Educa\u00e7\u00e3o Permanente que \u00e9 realizada mensalmente como exig\u00eancia ao padr\u00e3o estabelecido pela Prefeitura Municipal de Monteiro, a qual atualmente oferece os servi\u00e7os atrav\u00e9s de recursos pr\u00f3prios. Cariri em Destaque\u00a0 Com Ascom<\/p>\n","protected":false},"author":2,"featured_media":0,"comment_status":"closed","ping_status":"open","sticky":false,"template":"","format":"standard","meta":{"_eb_attr":"","_jetpack_memberships_contains_paid_content":false,"footnotes":""},"categories":[8],"tags":[],"class_list":["post-1662","post","type-post","status-publish","format-standard","hentry","category-saude"],"yoast_head":"<!-- This site is optimized with the Yoast SEO plugin v26.5 - https:\/\/yoast.com\/wordpress\/plugins\/seo\/ -->\n<title>Excel\u00eancia em qualidade, UPA de Monteiro comemora mais um ano de atividade - Not&iacute;cias em Destaque<\/title>\n<meta name=\"robots\" content=\"index, follow, max-snippet:-1, max-image-preview:large, max-video-preview:-1\" \/>\n<link rel=\"canonical\" href=\"https:\/\/noticiasemdestaque.com\/cd\/?p=1662\" \/>\n<meta property=\"og:locale\" content=\"pt_BR\" \/>\n<meta property=\"og:type\" content=\"article\" \/>\n<meta property=\"og:title\" content=\"Excel\u00eancia em qualidade, UPA de Monteiro comemora mais um ano de atividade - Not&iacute;cias em Destaque\" \/>\n<meta property=\"og:description\" content=\"&nbsp; A regi\u00e3o do Cariri paraibano conta h\u00e1 cinco anos com o servi\u00e7o de pronto atendimento 24h (UPA), uma das obras mais importantes presentes no munic\u00edpio de Monteiro, que desde seu pleno funcionamento em 12 de julho de 2012 j\u00e1 ofereceu atendimento a mais de 165 mil pessoas. A UPA 24h Joaquina Pires Barbosa Henrique inova ao oferecer estrutura moderna, ambientes requintados, totalmente informatizada, profissionais qualificados e equipamentos de ponta, eletrocardiografia, hemoglicoteste; exames radiol\u00f3gicos, retaguarda de laborat\u00f3rio de an\u00e1lises cl\u00ednica, leitos intermedi\u00e1rios de UTI e leitos de observa\u00e7\u00e3o at\u00e9 24h, sendo reconhecida pelo Minist\u00e9rio da Sa\u00fade como a UPA modelo padr\u00e3o de refer\u00eancia no Estado da Para\u00edba em excel\u00eancia e qualidade dos servi\u00e7os prestados a popula\u00e7\u00e3o. A estrat\u00e9gia de atendimento est\u00e1 diretamente relacionada ao trabalho do Servi\u00e7o M\u00f3vel de Urg\u00eancia \u2013 SAMU 192 que organiza o fluxo de atendimento e encaminha o paciente ao servi\u00e7o de sa\u00fade adequado \u00e0 situa\u00e7\u00e3o de forma \u00e1gil e oportuna. A UPA 24h Joaquina Pires Barbosa Henrique desde o in\u00edcio de seu funcionamento resolve grande parte das urg\u00eancias e emerg\u00eancias, sendo 97% dos casos solucionados na pr\u00f3pria unidade. Todos os resultados positivos obtidos at\u00e9 a presente data se d\u00e3o atrav\u00e9s de uma equipe treinada e capacitada pelo N\u00facleo de Educa\u00e7\u00e3o Permanente que \u00e9 realizada mensalmente como exig\u00eancia ao padr\u00e3o estabelecido pela Prefeitura Municipal de Monteiro, a qual atualmente oferece os servi\u00e7os atrav\u00e9s de recursos pr\u00f3prios. Cariri em Destaque\u00a0 Com Ascom\" \/>\n<meta property=\"og:url\" content=\"https:\/\/noticiasemdestaque.com\/cd\/?p=1662\" \/>\n<meta property=\"og:site_name\" content=\"Not&iacute;cias em Destaque\" \/>\n<meta property=\"article:published_time\" content=\"2017-07-11T23:25:10+00:00\" \/>\n<meta property=\"og:image\" content=\"http:\/\/caririemdestaque.com\/cd\/wp-content\/uploads\/2017\/07\/unnamed-2-300x200.jpg\" \/>\n<meta name=\"author\" content=\"Not\u00edcias em Destaque\" \/>\n<meta name=\"twitter:card\" content=\"summary_large_image\" \/>\n<meta name=\"twitter:label1\" content=\"Escrito por\" \/>\n\t<meta name=\"twitter:data1\" content=\"Not\u00edcias em Destaque\" \/>\n\t<meta name=\"twitter:label2\" content=\"Est. tempo de leitura\" \/>\n\t<meta name=\"twitter:data2\" content=\"1 minuto\" \/>\n<script type=\"application\/ld+json\" class=\"yoast-schema-graph\">{\"@context\":\"https:\/\/schema.org\",\"@graph\":[{\"@type\":\"Article\",\"@id\":\"https:\/\/noticiasemdestaque.com\/cd\/?p=1662#article\",\"isPartOf\":{\"@id\":\"https:\/\/noticiasemdestaque.com\/cd\/?p=1662\"},\"author\":{\"name\":\"Not\u00edcias em Destaque\",\"@id\":\"https:\/\/noticiasemdestaque.com\/cd\/#\/schema\/person\/4a81fb71f77579d059c3045891fa1786\"},\"headline\":\"Excel\u00eancia em qualidade, UPA de Monteiro comemora mais um ano de atividade\",\"datePublished\":\"2017-07-11T23:25:10+00:00\",\"mainEntityOfPage\":{\"@id\":\"https:\/\/noticiasemdestaque.com\/cd\/?p=1662\"},\"wordCount\":277,\"publisher\":{\"@id\":\"https:\/\/noticiasemdestaque.com\/cd\/#organization\"},\"image\":{\"@id\":\"https:\/\/noticiasemdestaque.com\/cd\/?p=1662#primaryimage\"},\"thumbnailUrl\":\"http:\/\/caririemdestaque.com\/cd\/wp-content\/uploads\/2017\/07\/unnamed-2-300x200.jpg\",\"articleSection\":[\"Sa\u00fade\"],\"inLanguage\":\"pt-BR\"},{\"@type\":\"WebPage\",\"@id\":\"https:\/\/noticiasemdestaque.com\/cd\/?p=1662\",\"url\":\"https:\/\/noticiasemdestaque.com\/cd\/?p=1662\",\"name\":\"Excel\u00eancia em qualidade, UPA de Monteiro comemora mais um ano de atividade - Not&iacute;cias em Destaque\",\"isPartOf\":{\"@id\":\"https:\/\/noticiasemdestaque.com\/cd\/#website\"},\"primaryImageOfPage\":{\"@id\":\"https:\/\/noticiasemdestaque.com\/cd\/?p=1662#primaryimage\"},\"image\":{\"@id\":\"https:\/\/noticiasemdestaque.com\/cd\/?p=1662#primaryimage\"},\"thumbnailUrl\":\"http:\/\/caririemdestaque.com\/cd\/wp-content\/uploads\/2017\/07\/unnamed-2-300x200.jpg\",\"datePublished\":\"2017-07-11T23:25:10+00:00\",\"breadcrumb\":{\"@id\":\"https:\/\/noticiasemdestaque.com\/cd\/?p=1662#breadcrumb\"},\"inLanguage\":\"pt-BR\",\"potentialAction\":[{\"@type\":\"ReadAction\",\"target\":[\"https:\/\/noticiasemdestaque.com\/cd\/?p=1662\"]}]},{\"@type\":\"ImageObject\",\"inLanguage\":\"pt-BR\",\"@id\":\"https:\/\/noticiasemdestaque.com\/cd\/?p=1662#primaryimage\",\"url\":\"http:\/\/caririemdestaque.com\/cd\/wp-content\/uploads\/2017\/07\/unnamed-2-300x200.jpg\",\"contentUrl\":\"http:\/\/caririemdestaque.com\/cd\/wp-content\/uploads\/2017\/07\/unnamed-2-300x200.jpg\"},{\"@type\":\"BreadcrumbList\",\"@id\":\"https:\/\/noticiasemdestaque.com\/cd\/?p=1662#breadcrumb\",\"itemListElement\":[{\"@type\":\"ListItem\",\"position\":1,\"name\":\"In\u00edcio\",\"item\":\"https:\/\/noticiasemdestaque.com\/cd\/\"},{\"@type\":\"ListItem\",\"position\":2,\"name\":\"Excel\u00eancia em qualidade, UPA de Monteiro comemora mais um ano de atividade\"}]},{\"@type\":\"WebSite\",\"@id\":\"https:\/\/noticiasemdestaque.com\/cd\/#website\",\"url\":\"https:\/\/noticiasemdestaque.com\/cd\/\",\"name\":\"Not&iacute;cias em Destaque\",\"description\":\"\",\"publisher\":{\"@id\":\"https:\/\/noticiasemdestaque.com\/cd\/#organization\"},\"potentialAction\":[{\"@type\":\"SearchAction\",\"target\":{\"@type\":\"EntryPoint\",\"urlTemplate\":\"https:\/\/noticiasemdestaque.com\/cd\/?s={search_term_string}\"},\"query-input\":{\"@type\":\"PropertyValueSpecification\",\"valueRequired\":true,\"valueName\":\"search_term_string\"}}],\"inLanguage\":\"pt-BR\"},{\"@type\":\"Organization\",\"@id\":\"https:\/\/noticiasemdestaque.com\/cd\/#organization\",\"name\":\"Not\u00edcias em Destaque\",\"url\":\"https:\/\/noticiasemdestaque.com\/cd\/\",\"logo\":{\"@type\":\"ImageObject\",\"inLanguage\":\"pt-BR\",\"@id\":\"https:\/\/noticiasemdestaque.com\/cd\/#\/schema\/logo\/image\/\",\"url\":\"https:\/\/noticiasemdestaque.com\/cd\/wp-content\/uploads\/2022\/05\/imagem-base-noticiasemdestaque.png\",\"contentUrl\":\"https:\/\/noticiasemdestaque.com\/cd\/wp-content\/uploads\/2022\/05\/imagem-base-noticiasemdestaque.png\",\"width\":1200,\"height\":630,\"caption\":\"Not\u00edcias em Destaque\"},\"image\":{\"@id\":\"https:\/\/noticiasemdestaque.com\/cd\/#\/schema\/logo\/image\/\"}},{\"@type\":\"Person\",\"@id\":\"https:\/\/noticiasemdestaque.com\/cd\/#\/schema\/person\/4a81fb71f77579d059c3045891fa1786\",\"name\":\"Not\u00edcias em Destaque\",\"url\":\"https:\/\/noticiasemdestaque.com\/cd\/?author=2\"}]}<\/script>\n<!-- \/ Yoast SEO plugin. -->","yoast_head_json":{"title":"Excel\u00eancia em qualidade, UPA de Monteiro comemora mais um ano de atividade - Not&iacute;cias em Destaque","robots":{"index":"index","follow":"follow","max-snippet":"max-snippet:-1","max-image-preview":"max-image-preview:large","max-video-preview":"max-video-preview:-1"},"canonical":"https:\/\/noticiasemdestaque.com\/cd\/?p=1662","og_locale":"pt_BR","og_type":"article","og_title":"Excel\u00eancia em qualidade, UPA de Monteiro comemora mais um ano de atividade - Not&iacute;cias em Destaque","og_description":"&nbsp; A regi\u00e3o do Cariri paraibano conta h\u00e1 cinco anos com o servi\u00e7o de pronto atendimento 24h (UPA), uma das obras mais importantes presentes no munic\u00edpio de Monteiro, que desde seu pleno funcionamento em 12 de julho de 2012 j\u00e1 ofereceu atendimento a mais de 165 mil pessoas. A UPA 24h Joaquina Pires Barbosa Henrique inova ao oferecer estrutura moderna, ambientes requintados, totalmente informatizada, profissionais qualificados e equipamentos de ponta, eletrocardiografia, hemoglicoteste; exames radiol\u00f3gicos, retaguarda de laborat\u00f3rio de an\u00e1lises cl\u00ednica, leitos intermedi\u00e1rios de UTI e leitos de observa\u00e7\u00e3o at\u00e9 24h, sendo reconhecida pelo Minist\u00e9rio da Sa\u00fade como a UPA modelo padr\u00e3o de refer\u00eancia no Estado da Para\u00edba em excel\u00eancia e qualidade dos servi\u00e7os prestados a popula\u00e7\u00e3o. A estrat\u00e9gia de atendimento est\u00e1 diretamente relacionada ao trabalho do Servi\u00e7o M\u00f3vel de Urg\u00eancia \u2013 SAMU 192 que organiza o fluxo de atendimento e encaminha o paciente ao servi\u00e7o de sa\u00fade adequado \u00e0 situa\u00e7\u00e3o de forma \u00e1gil e oportuna. A UPA 24h Joaquina Pires Barbosa Henrique desde o in\u00edcio de seu funcionamento resolve grande parte das urg\u00eancias e emerg\u00eancias, sendo 97% dos casos solucionados na pr\u00f3pria unidade. Todos os resultados positivos obtidos at\u00e9 a presente data se d\u00e3o atrav\u00e9s de uma equipe treinada e capacitada pelo N\u00facleo de Educa\u00e7\u00e3o Permanente que \u00e9 realizada mensalmente como exig\u00eancia ao padr\u00e3o estabelecido pela Prefeitura Municipal de Monteiro, a qual atualmente oferece os servi\u00e7os atrav\u00e9s de recursos pr\u00f3prios. Cariri em Destaque\u00a0 Com Ascom","og_url":"https:\/\/noticiasemdestaque.com\/cd\/?p=1662","og_site_name":"Not&iacute;cias em Destaque","article_published_time":"2017-07-11T23:25:10+00:00","og_image":[{"url":"http:\/\/caririemdestaque.com\/cd\/wp-content\/uploads\/2017\/07\/unnamed-2-300x200.jpg","type":"","width":"","height":""}],"author":"Not\u00edcias em Destaque","twitter_card":"summary_large_image","twitter_misc":{"Escrito por":"Not\u00edcias em Destaque","Est. tempo de leitura":"1 minuto"},"schema":{"@context":"https:\/\/schema.org","@graph":[{"@type":"Article","@id":"https:\/\/noticiasemdestaque.com\/cd\/?p=1662#article","isPartOf":{"@id":"https:\/\/noticiasemdestaque.com\/cd\/?p=1662"},"author":{"name":"Not\u00edcias em Destaque","@id":"https:\/\/noticiasemdestaque.com\/cd\/#\/schema\/person\/4a81fb71f77579d059c3045891fa1786"},"headline":"Excel\u00eancia em qualidade, UPA de Monteiro comemora mais um ano de atividade","datePublished":"2017-07-11T23:25:10+00:00","mainEntityOfPage":{"@id":"https:\/\/noticiasemdestaque.com\/cd\/?p=1662"},"wordCount":277,"publisher":{"@id":"https:\/\/noticiasemdestaque.com\/cd\/#organization"},"image":{"@id":"https:\/\/noticiasemdestaque.com\/cd\/?p=1662#primaryimage"},"thumbnailUrl":"http:\/\/caririemdestaque.com\/cd\/wp-content\/uploads\/2017\/07\/unnamed-2-300x200.jpg","articleSection":["Sa\u00fade"],"inLanguage":"pt-BR"},{"@type":"WebPage","@id":"https:\/\/noticiasemdestaque.com\/cd\/?p=1662","url":"https:\/\/noticiasemdestaque.com\/cd\/?p=1662","name":"Excel\u00eancia em qualidade, UPA de Monteiro comemora mais um ano de atividade - Not&iacute;cias em Destaque","isPartOf":{"@id":"https:\/\/noticiasemdestaque.com\/cd\/#website"},"primaryImageOfPage":{"@id":"https:\/\/noticiasemdestaque.com\/cd\/?p=1662#primaryimage"},"image":{"@id":"https:\/\/noticiasemdestaque.com\/cd\/?p=1662#primaryimage"},"thumbnailUrl":"http:\/\/caririemdestaque.com\/cd\/wp-content\/uploads\/2017\/07\/unnamed-2-300x200.jpg","datePublished":"2017-07-11T23:25:10+00:00","breadcrumb":{"@id":"https:\/\/noticiasemdestaque.com\/cd\/?p=1662#breadcrumb"},"inLanguage":"pt-BR","potentialAction":[{"@type":"ReadAction","target":["https:\/\/noticiasemdestaque.com\/cd\/?p=1662"]}]},{"@type":"ImageObject","inLanguage":"pt-BR","@id":"https:\/\/noticiasemdestaque.com\/cd\/?p=1662#primaryimage","url":"http:\/\/caririemdestaque.com\/cd\/wp-content\/uploads\/2017\/07\/unnamed-2-300x200.jpg","contentUrl":"http:\/\/caririemdestaque.com\/cd\/wp-content\/uploads\/2017\/07\/unnamed-2-300x200.jpg"},{"@type":"BreadcrumbList","@id":"https:\/\/noticiasemdestaque.com\/cd\/?p=1662#breadcrumb","itemListElement":[{"@type":"ListItem","position":1,"name":"In\u00edcio","item":"https:\/\/noticiasemdestaque.com\/cd\/"},{"@type":"ListItem","position":2,"name":"Excel\u00eancia em qualidade, UPA de Monteiro comemora mais um ano de atividade"}]},{"@type":"WebSite","@id":"https:\/\/noticiasemdestaque.com\/cd\/#website","url":"https:\/\/noticiasemdestaque.com\/cd\/","name":"Not&iacute;cias em Destaque","description":"","publisher":{"@id":"https:\/\/noticiasemdestaque.com\/cd\/#organization"},"potentialAction":[{"@type":"SearchAction","target":{"@type":"EntryPoint","urlTemplate":"https:\/\/noticiasemdestaque.com\/cd\/?s={search_term_string}"},"query-input":{"@type":"PropertyValueSpecification","valueRequired":true,"valueName":"search_term_string"}}],"inLanguage":"pt-BR"},{"@type":"Organization","@id":"https:\/\/noticiasemdestaque.com\/cd\/#organization","name":"Not\u00edcias em Destaque","url":"https:\/\/noticiasemdestaque.com\/cd\/","logo":{"@type":"ImageObject","inLanguage":"pt-BR","@id":"https:\/\/noticiasemdestaque.com\/cd\/#\/schema\/logo\/image\/","url":"https:\/\/noticiasemdestaque.com\/cd\/wp-content\/uploads\/2022\/05\/imagem-base-noticiasemdestaque.png","contentUrl":"https:\/\/noticiasemdestaque.com\/cd\/wp-content\/uploads\/2022\/05\/imagem-base-noticiasemdestaque.png","width":1200,"height":630,"caption":"Not\u00edcias em Destaque"},"image":{"@id":"https:\/\/noticiasemdestaque.com\/cd\/#\/schema\/logo\/image\/"}},{"@type":"Person","@id":"https:\/\/noticiasemdestaque.com\/cd\/#\/schema\/person\/4a81fb71f77579d059c3045891fa1786","name":"Not\u00edcias em Destaque","url":"https:\/\/noticiasemdestaque.com\/cd\/?author=2"}]}},"jetpack_featured_media_url":"","jetpack_sharing_enabled":true,"_links":{"self":[{"href":"https:\/\/noticiasemdestaque.com\/cd\/index.php?rest_route=\/wp\/v2\/posts\/1662","targetHints":{"allow":["GET"]}}],"collection":[{"href":"https:\/\/noticiasemdestaque.com\/cd\/index.php?rest_route=\/wp\/v2\/posts"}],"about":[{"href":"https:\/\/noticiasemdestaque.com\/cd\/index.php?rest_route=\/wp\/v2\/types\/post"}],"author":[{"embeddable":true,"href":"https:\/\/noticiasemdestaque.com\/cd\/index.php?rest_route=\/wp\/v2\/users\/2"}],"replies":[{"embeddable":true,"href":"https:\/\/noticiasemdestaque.com\/cd\/index.php?rest_route=%2Fwp%2Fv2%2Fcomments&post=1662"}],"version-history":[{"count":1,"href":"https:\/\/noticiasemdestaque.com\/cd\/index.php?rest_route=\/wp\/v2\/posts\/1662\/revisions"}],"predecessor-version":[{"id":1664,"href":"https:\/\/noticiasemdestaque.com\/cd\/index.php?rest_route=\/wp\/v2\/posts\/1662\/revisions\/1664"}],"wp:attachment":[{"href":"https:\/\/noticiasemdestaque.com\/cd\/index.php?rest_route=%2Fwp%2Fv2%2Fmedia&parent=1662"}],"wp:term":[{"taxonomy":"category","embeddable":true,"href":"https:\/\/noticiasemdestaque.com\/cd\/index.php?rest_route=%2Fwp%2Fv2%2Fcategories&post=1662"},{"taxonomy":"post_tag","embeddable":true,"href":"https:\/\/noticiasemdestaque.com\/cd\/index.php?rest_route=%2Fwp%2Fv2%2Ftags&post=1662"}],"curies":[{"name":"wp","href":"https:\/\/api.w.org\/{rel}","templated":true}]}}