{"id":16536,"date":"2019-04-05T07:08:07","date_gmt":"2019-04-05T10:08:07","guid":{"rendered":"http:\/\/noticiasemdestaque.com\/cd\/?p=16536"},"modified":"2019-04-05T07:08:07","modified_gmt":"2019-04-05T10:08:07","slug":"monteiro-sediara-a-1a-expedicao-de-paramotor-no-eixo-leste-da-transposicao","status":"publish","type":"post","link":"https:\/\/noticiasemdestaque.com\/cd\/?p=16536","title":{"rendered":"Monteiro sediar\u00e1 a 1\u00aa Expedi\u00e7\u00e3o de Paramotor no Eixo Leste da Transposi\u00e7\u00e3o"},"content":{"rendered":"<p><a href=\"https:\/\/noticiasemdestaque.com\/cd\/wp-content\/uploads\/2019\/04\/paramotor_6_0.jpg\"><img fetchpriority=\"high\" decoding=\"async\" class=\"alignnone size-full wp-image-16537\" src=\"https:\/\/noticiasemdestaque.com\/cd\/wp-content\/uploads\/2019\/04\/paramotor_6_0.jpg\" alt=\"\" width=\"750\" height=\"750\" srcset=\"https:\/\/noticiasemdestaque.com\/cd\/wp-content\/uploads\/2019\/04\/paramotor_6_0.jpg 750w, https:\/\/noticiasemdestaque.com\/cd\/wp-content\/uploads\/2019\/04\/paramotor_6_0-150x150.jpg 150w, https:\/\/noticiasemdestaque.com\/cd\/wp-content\/uploads\/2019\/04\/paramotor_6_0-300x300.jpg 300w\" sizes=\"(max-width: 750px) 100vw, 750px\" \/><\/a><\/p>\n<p>A partir desta sexta-feira (5), o munic\u00edpio de Monteiro sedia a 1\u00aa Expedi\u00e7\u00e3o de Paramotor sobre o Canal Leste da Transposi\u00e7\u00e3o do Rio S\u00e3o Francisco. O evento segue at\u00e9 o domingo (7).<\/p>\n<p>Os pilotos pernambucanos chegam a cidade de Monteiro, ponto de partida do evento, onde as 05:00hrs da manh\u00e3 seguinte voar\u00e3o um total de mais de 300km em seus equipamento, 220km deles sobre o canal do trecho leste e o restante sobre as margens daquele rio, com previs\u00e3o de chegada no domingo dia 7 na cidade de Paulo Afonso-BA.<\/p>\n<p>Um projeto pioneiro para o esporte, motivado pela import\u00e2ncia dessa obra e as transforma\u00e7\u00f5es que trouxe para o semi-\u00e1rido nordestino, voar sobre os canais para divulgar o esporte e registrar as belezas da regi\u00e3o ser\u00e1 um prazer para esses amantes do voo.<\/p>\n<p><strong>Pilotos:<\/strong><br \/>\nCl\u00e1udio Barros, Silvano Arruda, Sivonaldo Lima, Jamerson Monteiro, S\u00e9rgio Voador, Cleber Barros, Bibiano Neto<\/p>\n<p><strong>Resgate:<\/strong><br \/>\nJorbino Transportes e Rosenildo Santos<\/p>\n","protected":false},"excerpt":{"rendered":"<p>A partir desta sexta-feira (5), o munic\u00edpio de Monteiro sedia a 1\u00aa Expedi\u00e7\u00e3o de Paramotor sobre o Canal Leste da Transposi\u00e7\u00e3o do Rio S\u00e3o Francisco. O evento segue at\u00e9 o domingo (7). Os pilotos pernambucanos chegam a cidade de Monteiro, ponto de partida do evento, onde as 05:00hrs da manh\u00e3 seguinte voar\u00e3o um total de mais de 300km em seus equipamento, 220km deles sobre o canal do trecho leste e o restante sobre as margens daquele rio, com previs\u00e3o de chegada no domingo dia 7 na cidade de Paulo Afonso-BA. Um projeto pioneiro para o esporte, motivado pela import\u00e2ncia dessa obra e as transforma\u00e7\u00f5es que trouxe para o semi-\u00e1rido nordestino, voar sobre os canais para divulgar o esporte e registrar as belezas da regi\u00e3o ser\u00e1 um prazer para esses amantes do voo. Pilotos: Cl\u00e1udio Barros, Silvano Arruda, Sivonaldo Lima, Jamerson Monteiro, S\u00e9rgio Voador, Cleber Barros, Bibiano Neto Resgate: Jorbino Transportes e Rosenildo Santos<\/p>\n","protected":false},"author":2,"featured_media":16537,"comment_status":"closed","ping_status":"open","sticky":false,"template":"","format":"standard","meta":{"_eb_attr":"","_jetpack_memberships_contains_paid_content":false,"footnotes":""},"categories":[3],"tags":[],"class_list":["post-16536","post","type-post","status-publish","format-standard","has-post-thumbnail","hentry","category-cidades"],"yoast_head":"<!-- This site is optimized with the Yoast SEO plugin v26.5 - https:\/\/yoast.com\/wordpress\/plugins\/seo\/ -->\n<title>Monteiro sediar\u00e1 a 1\u00aa Expedi\u00e7\u00e3o de Paramotor no Eixo Leste da Transposi\u00e7\u00e3o - Not&iacute;cias em Destaque<\/title>\n<meta name=\"robots\" content=\"index, follow, max-snippet:-1, max-image-preview:large, max-video-preview:-1\" \/>\n<link rel=\"canonical\" href=\"https:\/\/noticiasemdestaque.com\/cd\/?p=16536\" \/>\n<meta property=\"og:locale\" content=\"pt_BR\" \/>\n<meta property=\"og:type\" content=\"article\" \/>\n<meta property=\"og:title\" content=\"Monteiro sediar\u00e1 a 1\u00aa Expedi\u00e7\u00e3o de Paramotor no Eixo Leste da Transposi\u00e7\u00e3o - Not&iacute;cias em Destaque\" \/>\n<meta property=\"og:description\" content=\"A partir desta sexta-feira (5), o munic\u00edpio de Monteiro sedia a 1\u00aa Expedi\u00e7\u00e3o de Paramotor sobre o Canal Leste da Transposi\u00e7\u00e3o do Rio S\u00e3o Francisco. O evento segue at\u00e9 o domingo (7). Os pilotos pernambucanos chegam a cidade de Monteiro, ponto de partida do evento, onde as 05:00hrs da manh\u00e3 seguinte voar\u00e3o um total de mais de 300km em seus equipamento, 220km deles sobre o canal do trecho leste e o restante sobre as margens daquele rio, com previs\u00e3o de chegada no domingo dia 7 na cidade de Paulo Afonso-BA. Um projeto pioneiro para o esporte, motivado pela import\u00e2ncia dessa obra e as transforma\u00e7\u00f5es que trouxe para o semi-\u00e1rido nordestino, voar sobre os canais para divulgar o esporte e registrar as belezas da regi\u00e3o ser\u00e1 um prazer para esses amantes do voo. Pilotos: Cl\u00e1udio Barros, Silvano Arruda, Sivonaldo Lima, Jamerson Monteiro, S\u00e9rgio Voador, Cleber Barros, Bibiano Neto Resgate: Jorbino Transportes e Rosenildo Santos\" \/>\n<meta property=\"og:url\" content=\"https:\/\/noticiasemdestaque.com\/cd\/?p=16536\" \/>\n<meta property=\"og:site_name\" content=\"Not&iacute;cias em Destaque\" \/>\n<meta property=\"article:published_time\" content=\"2019-04-05T10:08:07+00:00\" \/>\n<meta property=\"og:image\" content=\"https:\/\/noticiasemdestaque.com\/cd\/wp-content\/uploads\/2019\/04\/paramotor_6_0.jpg\" \/>\n\t<meta property=\"og:image:width\" content=\"750\" \/>\n\t<meta property=\"og:image:height\" content=\"750\" \/>\n\t<meta property=\"og:image:type\" content=\"image\/jpeg\" \/>\n<meta name=\"author\" content=\"Not\u00edcias em Destaque\" \/>\n<meta name=\"twitter:card\" content=\"summary_large_image\" \/>\n<meta name=\"twitter:label1\" content=\"Escrito por\" \/>\n\t<meta name=\"twitter:data1\" content=\"Not\u00edcias em Destaque\" \/>\n\t<meta name=\"twitter:label2\" content=\"Est. tempo de leitura\" \/>\n\t<meta name=\"twitter:data2\" content=\"1 minuto\" \/>\n<script type=\"application\/ld+json\" class=\"yoast-schema-graph\">{\"@context\":\"https:\/\/schema.org\",\"@graph\":[{\"@type\":\"Article\",\"@id\":\"https:\/\/noticiasemdestaque.com\/cd\/?p=16536#article\",\"isPartOf\":{\"@id\":\"https:\/\/noticiasemdestaque.com\/cd\/?p=16536\"},\"author\":{\"name\":\"Not\u00edcias em Destaque\",\"@id\":\"https:\/\/noticiasemdestaque.com\/cd\/#\/schema\/person\/47f7d4f55eec17c6b2ca036c5500f6ce\"},\"headline\":\"Monteiro sediar\u00e1 a 1\u00aa Expedi\u00e7\u00e3o de Paramotor no Eixo Leste da Transposi\u00e7\u00e3o\",\"datePublished\":\"2019-04-05T10:08:07+00:00\",\"mainEntityOfPage\":{\"@id\":\"https:\/\/noticiasemdestaque.com\/cd\/?p=16536\"},\"wordCount\":174,\"publisher\":{\"@id\":\"https:\/\/noticiasemdestaque.com\/cd\/#organization\"},\"image\":{\"@id\":\"https:\/\/noticiasemdestaque.com\/cd\/?p=16536#primaryimage\"},\"thumbnailUrl\":\"https:\/\/noticiasemdestaque.com\/cd\/wp-content\/uploads\/2019\/04\/paramotor_6_0.jpg\",\"articleSection\":[\"Cidades\"],\"inLanguage\":\"pt-BR\"},{\"@type\":\"WebPage\",\"@id\":\"https:\/\/noticiasemdestaque.com\/cd\/?p=16536\",\"url\":\"https:\/\/noticiasemdestaque.com\/cd\/?p=16536\",\"name\":\"Monteiro sediar\u00e1 a 1\u00aa Expedi\u00e7\u00e3o de Paramotor no Eixo Leste da Transposi\u00e7\u00e3o - Not&iacute;cias em Destaque\",\"isPartOf\":{\"@id\":\"https:\/\/noticiasemdestaque.com\/cd\/#website\"},\"primaryImageOfPage\":{\"@id\":\"https:\/\/noticiasemdestaque.com\/cd\/?p=16536#primaryimage\"},\"image\":{\"@id\":\"https:\/\/noticiasemdestaque.com\/cd\/?p=16536#primaryimage\"},\"thumbnailUrl\":\"https:\/\/noticiasemdestaque.com\/cd\/wp-content\/uploads\/2019\/04\/paramotor_6_0.jpg\",\"datePublished\":\"2019-04-05T10:08:07+00:00\",\"breadcrumb\":{\"@id\":\"https:\/\/noticiasemdestaque.com\/cd\/?p=16536#breadcrumb\"},\"inLanguage\":\"pt-BR\",\"potentialAction\":[{\"@type\":\"ReadAction\",\"target\":[\"https:\/\/noticiasemdestaque.com\/cd\/?p=16536\"]}]},{\"@type\":\"ImageObject\",\"inLanguage\":\"pt-BR\",\"@id\":\"https:\/\/noticiasemdestaque.com\/cd\/?p=16536#primaryimage\",\"url\":\"https:\/\/noticiasemdestaque.com\/cd\/wp-content\/uploads\/2019\/04\/paramotor_6_0.jpg\",\"contentUrl\":\"https:\/\/noticiasemdestaque.com\/cd\/wp-content\/uploads\/2019\/04\/paramotor_6_0.jpg\",\"width\":750,\"height\":750},{\"@type\":\"BreadcrumbList\",\"@id\":\"https:\/\/noticiasemdestaque.com\/cd\/?p=16536#breadcrumb\",\"itemListElement\":[{\"@type\":\"ListItem\",\"position\":1,\"name\":\"In\u00edcio\",\"item\":\"https:\/\/noticiasemdestaque.com\/cd\/\"},{\"@type\":\"ListItem\",\"position\":2,\"name\":\"Monteiro sediar\u00e1 a 1\u00aa Expedi\u00e7\u00e3o de Paramotor no Eixo Leste da Transposi\u00e7\u00e3o\"}]},{\"@type\":\"WebSite\",\"@id\":\"https:\/\/noticiasemdestaque.com\/cd\/#website\",\"url\":\"https:\/\/noticiasemdestaque.com\/cd\/\",\"name\":\"Not&iacute;cias em Destaque\",\"description\":\"\",\"publisher\":{\"@id\":\"https:\/\/noticiasemdestaque.com\/cd\/#organization\"},\"potentialAction\":[{\"@type\":\"SearchAction\",\"target\":{\"@type\":\"EntryPoint\",\"urlTemplate\":\"https:\/\/noticiasemdestaque.com\/cd\/?s={search_term_string}\"},\"query-input\":{\"@type\":\"PropertyValueSpecification\",\"valueRequired\":true,\"valueName\":\"search_term_string\"}}],\"inLanguage\":\"pt-BR\"},{\"@type\":\"Organization\",\"@id\":\"https:\/\/noticiasemdestaque.com\/cd\/#organization\",\"name\":\"Not\u00edcias em Destaque\",\"url\":\"https:\/\/noticiasemdestaque.com\/cd\/\",\"logo\":{\"@type\":\"ImageObject\",\"inLanguage\":\"pt-BR\",\"@id\":\"https:\/\/noticiasemdestaque.com\/cd\/#\/schema\/logo\/image\/\",\"url\":\"https:\/\/noticiasemdestaque.com\/cd\/wp-content\/uploads\/2022\/05\/imagem-base-noticiasemdestaque.png\",\"contentUrl\":\"https:\/\/noticiasemdestaque.com\/cd\/wp-content\/uploads\/2022\/05\/imagem-base-noticiasemdestaque.png\",\"width\":1200,\"height\":630,\"caption\":\"Not\u00edcias em Destaque\"},\"image\":{\"@id\":\"https:\/\/noticiasemdestaque.com\/cd\/#\/schema\/logo\/image\/\"}},{\"@type\":\"Person\",\"@id\":\"https:\/\/noticiasemdestaque.com\/cd\/#\/schema\/person\/47f7d4f55eec17c6b2ca036c5500f6ce\",\"name\":\"Not\u00edcias em Destaque\",\"url\":\"https:\/\/noticiasemdestaque.com\/cd\/?author=2\"}]}<\/script>\n<!-- \/ Yoast SEO plugin. -->","yoast_head_json":{"title":"Monteiro sediar\u00e1 a 1\u00aa Expedi\u00e7\u00e3o de Paramotor no Eixo Leste da Transposi\u00e7\u00e3o - Not&iacute;cias em Destaque","robots":{"index":"index","follow":"follow","max-snippet":"max-snippet:-1","max-image-preview":"max-image-preview:large","max-video-preview":"max-video-preview:-1"},"canonical":"https:\/\/noticiasemdestaque.com\/cd\/?p=16536","og_locale":"pt_BR","og_type":"article","og_title":"Monteiro sediar\u00e1 a 1\u00aa Expedi\u00e7\u00e3o de Paramotor no Eixo Leste da Transposi\u00e7\u00e3o - Not&iacute;cias em Destaque","og_description":"A partir desta sexta-feira (5), o munic\u00edpio de Monteiro sedia a 1\u00aa Expedi\u00e7\u00e3o de Paramotor sobre o Canal Leste da Transposi\u00e7\u00e3o do Rio S\u00e3o Francisco. O evento segue at\u00e9 o domingo (7). Os pilotos pernambucanos chegam a cidade de Monteiro, ponto de partida do evento, onde as 05:00hrs da manh\u00e3 seguinte voar\u00e3o um total de mais de 300km em seus equipamento, 220km deles sobre o canal do trecho leste e o restante sobre as margens daquele rio, com previs\u00e3o de chegada no domingo dia 7 na cidade de Paulo Afonso-BA. Um projeto pioneiro para o esporte, motivado pela import\u00e2ncia dessa obra e as transforma\u00e7\u00f5es que trouxe para o semi-\u00e1rido nordestino, voar sobre os canais para divulgar o esporte e registrar as belezas da regi\u00e3o ser\u00e1 um prazer para esses amantes do voo. Pilotos: Cl\u00e1udio Barros, Silvano Arruda, Sivonaldo Lima, Jamerson Monteiro, S\u00e9rgio Voador, Cleber Barros, Bibiano Neto Resgate: Jorbino Transportes e Rosenildo Santos","og_url":"https:\/\/noticiasemdestaque.com\/cd\/?p=16536","og_site_name":"Not&iacute;cias em Destaque","article_published_time":"2019-04-05T10:08:07+00:00","og_image":[{"width":750,"height":750,"url":"https:\/\/noticiasemdestaque.com\/cd\/wp-content\/uploads\/2019\/04\/paramotor_6_0.jpg","type":"image\/jpeg"}],"author":"Not\u00edcias em Destaque","twitter_card":"summary_large_image","twitter_misc":{"Escrito por":"Not\u00edcias em Destaque","Est. tempo de leitura":"1 minuto"},"schema":{"@context":"https:\/\/schema.org","@graph":[{"@type":"Article","@id":"https:\/\/noticiasemdestaque.com\/cd\/?p=16536#article","isPartOf":{"@id":"https:\/\/noticiasemdestaque.com\/cd\/?p=16536"},"author":{"name":"Not\u00edcias em Destaque","@id":"https:\/\/noticiasemdestaque.com\/cd\/#\/schema\/person\/47f7d4f55eec17c6b2ca036c5500f6ce"},"headline":"Monteiro sediar\u00e1 a 1\u00aa Expedi\u00e7\u00e3o de Paramotor no Eixo Leste da Transposi\u00e7\u00e3o","datePublished":"2019-04-05T10:08:07+00:00","mainEntityOfPage":{"@id":"https:\/\/noticiasemdestaque.com\/cd\/?p=16536"},"wordCount":174,"publisher":{"@id":"https:\/\/noticiasemdestaque.com\/cd\/#organization"},"image":{"@id":"https:\/\/noticiasemdestaque.com\/cd\/?p=16536#primaryimage"},"thumbnailUrl":"https:\/\/noticiasemdestaque.com\/cd\/wp-content\/uploads\/2019\/04\/paramotor_6_0.jpg","articleSection":["Cidades"],"inLanguage":"pt-BR"},{"@type":"WebPage","@id":"https:\/\/noticiasemdestaque.com\/cd\/?p=16536","url":"https:\/\/noticiasemdestaque.com\/cd\/?p=16536","name":"Monteiro sediar\u00e1 a 1\u00aa Expedi\u00e7\u00e3o de Paramotor no Eixo Leste da Transposi\u00e7\u00e3o - Not&iacute;cias em Destaque","isPartOf":{"@id":"https:\/\/noticiasemdestaque.com\/cd\/#website"},"primaryImageOfPage":{"@id":"https:\/\/noticiasemdestaque.com\/cd\/?p=16536#primaryimage"},"image":{"@id":"https:\/\/noticiasemdestaque.com\/cd\/?p=16536#primaryimage"},"thumbnailUrl":"https:\/\/noticiasemdestaque.com\/cd\/wp-content\/uploads\/2019\/04\/paramotor_6_0.jpg","datePublished":"2019-04-05T10:08:07+00:00","breadcrumb":{"@id":"https:\/\/noticiasemdestaque.com\/cd\/?p=16536#breadcrumb"},"inLanguage":"pt-BR","potentialAction":[{"@type":"ReadAction","target":["https:\/\/noticiasemdestaque.com\/cd\/?p=16536"]}]},{"@type":"ImageObject","inLanguage":"pt-BR","@id":"https:\/\/noticiasemdestaque.com\/cd\/?p=16536#primaryimage","url":"https:\/\/noticiasemdestaque.com\/cd\/wp-content\/uploads\/2019\/04\/paramotor_6_0.jpg","contentUrl":"https:\/\/noticiasemdestaque.com\/cd\/wp-content\/uploads\/2019\/04\/paramotor_6_0.jpg","width":750,"height":750},{"@type":"BreadcrumbList","@id":"https:\/\/noticiasemdestaque.com\/cd\/?p=16536#breadcrumb","itemListElement":[{"@type":"ListItem","position":1,"name":"In\u00edcio","item":"https:\/\/noticiasemdestaque.com\/cd\/"},{"@type":"ListItem","position":2,"name":"Monteiro sediar\u00e1 a 1\u00aa Expedi\u00e7\u00e3o de Paramotor no Eixo Leste da Transposi\u00e7\u00e3o"}]},{"@type":"WebSite","@id":"https:\/\/noticiasemdestaque.com\/cd\/#website","url":"https:\/\/noticiasemdestaque.com\/cd\/","name":"Not&iacute;cias em Destaque","description":"","publisher":{"@id":"https:\/\/noticiasemdestaque.com\/cd\/#organization"},"potentialAction":[{"@type":"SearchAction","target":{"@type":"EntryPoint","urlTemplate":"https:\/\/noticiasemdestaque.com\/cd\/?s={search_term_string}"},"query-input":{"@type":"PropertyValueSpecification","valueRequired":true,"valueName":"search_term_string"}}],"inLanguage":"pt-BR"},{"@type":"Organization","@id":"https:\/\/noticiasemdestaque.com\/cd\/#organization","name":"Not\u00edcias em Destaque","url":"https:\/\/noticiasemdestaque.com\/cd\/","logo":{"@type":"ImageObject","inLanguage":"pt-BR","@id":"https:\/\/noticiasemdestaque.com\/cd\/#\/schema\/logo\/image\/","url":"https:\/\/noticiasemdestaque.com\/cd\/wp-content\/uploads\/2022\/05\/imagem-base-noticiasemdestaque.png","contentUrl":"https:\/\/noticiasemdestaque.com\/cd\/wp-content\/uploads\/2022\/05\/imagem-base-noticiasemdestaque.png","width":1200,"height":630,"caption":"Not\u00edcias em Destaque"},"image":{"@id":"https:\/\/noticiasemdestaque.com\/cd\/#\/schema\/logo\/image\/"}},{"@type":"Person","@id":"https:\/\/noticiasemdestaque.com\/cd\/#\/schema\/person\/47f7d4f55eec17c6b2ca036c5500f6ce","name":"Not\u00edcias em Destaque","url":"https:\/\/noticiasemdestaque.com\/cd\/?author=2"}]}},"jetpack_featured_media_url":"https:\/\/noticiasemdestaque.com\/cd\/wp-content\/uploads\/2019\/04\/paramotor_6_0.jpg","jetpack_sharing_enabled":true,"_links":{"self":[{"href":"https:\/\/noticiasemdestaque.com\/cd\/index.php?rest_route=\/wp\/v2\/posts\/16536","targetHints":{"allow":["GET"]}}],"collection":[{"href":"https:\/\/noticiasemdestaque.com\/cd\/index.php?rest_route=\/wp\/v2\/posts"}],"about":[{"href":"https:\/\/noticiasemdestaque.com\/cd\/index.php?rest_route=\/wp\/v2\/types\/post"}],"author":[{"embeddable":true,"href":"https:\/\/noticiasemdestaque.com\/cd\/index.php?rest_route=\/wp\/v2\/users\/2"}],"replies":[{"embeddable":true,"href":"https:\/\/noticiasemdestaque.com\/cd\/index.php?rest_route=%2Fwp%2Fv2%2Fcomments&post=16536"}],"version-history":[{"count":1,"href":"https:\/\/noticiasemdestaque.com\/cd\/index.php?rest_route=\/wp\/v2\/posts\/16536\/revisions"}],"predecessor-version":[{"id":16538,"href":"https:\/\/noticiasemdestaque.com\/cd\/index.php?rest_route=\/wp\/v2\/posts\/16536\/revisions\/16538"}],"wp:featuredmedia":[{"embeddable":true,"href":"https:\/\/noticiasemdestaque.com\/cd\/index.php?rest_route=\/wp\/v2\/media\/16537"}],"wp:attachment":[{"href":"https:\/\/noticiasemdestaque.com\/cd\/index.php?rest_route=%2Fwp%2Fv2%2Fmedia&parent=16536"}],"wp:term":[{"taxonomy":"category","embeddable":true,"href":"https:\/\/noticiasemdestaque.com\/cd\/index.php?rest_route=%2Fwp%2Fv2%2Fcategories&post=16536"},{"taxonomy":"post_tag","embeddable":true,"href":"https:\/\/noticiasemdestaque.com\/cd\/index.php?rest_route=%2Fwp%2Fv2%2Ftags&post=16536"}],"curies":[{"name":"wp","href":"https:\/\/api.w.org\/{rel}","templated":true}]}}