{"id":16534,"date":"2019-04-05T07:06:09","date_gmt":"2019-04-05T10:06:09","guid":{"rendered":"http:\/\/noticiasemdestaque.com\/cd\/?p=16534"},"modified":"2019-04-05T07:06:09","modified_gmt":"2019-04-05T10:06:09","slug":"tres-cidades-enfrentam-epidemia-de-dengue-na-paraiba","status":"publish","type":"post","link":"https:\/\/noticiasemdestaque.com\/cd\/?p=16534","title":{"rendered":"Tr\u00eas cidades enfrentam epidemia de dengue na Para\u00edba"},"content":{"rendered":"<p><a href=\"https:\/\/noticiasemdestaque.com\/cd\/wp-content\/uploads\/2017\/11\/aprenda-a-espantar-o-mosquito-da-dengue-com-limao-e-cravo.jpg\"><img fetchpriority=\"high\" decoding=\"async\" class=\"alignnone size-full wp-image-5994\" src=\"https:\/\/noticiasemdestaque.com\/cd\/wp-content\/uploads\/2017\/11\/aprenda-a-espantar-o-mosquito-da-dengue-com-limao-e-cravo.jpg\" alt=\"\" width=\"620\" height=\"412\" srcset=\"https:\/\/noticiasemdestaque.com\/cd\/wp-content\/uploads\/2017\/11\/aprenda-a-espantar-o-mosquito-da-dengue-com-limao-e-cravo.jpg 620w, https:\/\/noticiasemdestaque.com\/cd\/wp-content\/uploads\/2017\/11\/aprenda-a-espantar-o-mosquito-da-dengue-com-limao-e-cravo-300x199.jpg 300w, https:\/\/noticiasemdestaque.com\/cd\/wp-content\/uploads\/2017\/11\/aprenda-a-espantar-o-mosquito-da-dengue-com-limao-e-cravo-480x320.jpg 480w\" sizes=\"(max-width: 620px) 100vw, 620px\" \/><\/a><\/p>\n<p>A Secretaria de Estado da Sa\u00fade (SES), por meio da Ger\u00eancia Executiva de Vigil\u00e2ncia em Sa\u00fade (GEVS), divulgou, nesta quinta-feira (4), o boletim com as notifica\u00e7\u00f5es da dengue, zika e chikungunya, com os dados referentes \u00e0 12\u00aa Semana Epidemiol\u00f3gica (SE). O documento alerta munic\u00edpios para risco de epidemia. Algumas cidades apresentam uma incid\u00eancia significativa para 2019 quando comparado ao ano de 2018. Teixeira, Areia e Caapor\u00e3 atingiram incid\u00eancia acima de 300 casos por 100 mil habitantes e est\u00e3o em epidemia. J\u00e1 o munic\u00edpio de Cacimba de Dentro apresenta incid\u00eancia moderada acima de 200 casos por 100 mil habitantes, mas j\u00e1 sinaliza a necessidade de medidas de controle para o agravo.<\/p>\n<p>At\u00e9 o \u00faltimo dia 23 de mar\u00e7o foram registrados 1.113 casos prov\u00e1veis de dengue em 88 munic\u00edpios (39,4%) da Para\u00edba. Esses casos representam uma redu\u00e7\u00e3o de 8,2% em rela\u00e7\u00e3o ao mesmo per\u00edodo do ano passado, quando foram registrados 1.213 casos prov\u00e1veis. J\u00e1 a 6\u00aa Regi\u00e3o de Sa\u00fade (Patos) apresentou aumento expressivo este ano.<\/p>\n<h2>Chikungunya<\/h2>\n<p>Quanto \u00e0 chikungunya, foram notificados 163 casos prov\u00e1veis em 41 munic\u00edpios (18,4%). Este dado corresponde a uma redu\u00e7\u00e3o de 15,9% em rela\u00e7\u00e3o ao mesmo per\u00edodo de 2018, quando foram registrados 194 casos prov\u00e1veis. Para este agravo apresentou eleva\u00e7\u00e3o de casos na 5\u00aa Regi\u00e3o de Sa\u00fade (Sousa).<\/p>\n<h2>Zika<\/h2>\n<p>Para a doen\u00e7a aguda pelo v\u00edrus Zika, at\u00e9 o momento foram notificados 32 casos em 15 munic\u00edpios, caracterizando uma redu\u00e7\u00e3o de 28,8% em rela\u00e7\u00e3o ao mesmo per\u00edodo de 2018, quando foram observados 45 casos prov\u00e1veis. Na 16\u00aa Regi\u00e3o de Sa\u00fade (Campina Grande) foi registrado aumento de casos em rela\u00e7\u00e3o ao mesmo per\u00edodo de 2018.<\/p>\n<h2>\u00d3bitos<\/h2>\n<p>At\u00e9 a 12\u00aa Semana Epidemiol\u00f3gica de 2019 foram registradas tr\u00eas notifica\u00e7\u00f5es com suspeita de causa de \u00f3bito de arboviroses. Dois casos (um em Soledade e um em Campina Grande), j\u00e1 foram descartados e o outro (Jo\u00e3o Pessoa), continua sendo investigado.<\/p>\n<p>Os \u00f3bitos suspeitos devem ser informados imediatamente, no per\u00edodo de 24 horas, conforme Portaria N\u00ba 204 de\u00a017 de fevereiro\u00a0de 2016, a qual est\u00e1 presente na Portaria Consolidada N\u00ba 04, de\u00a028 de setembro\u00a0de 2017. A suspeita deve ser investigada em n\u00edvel domiciliar, ambulatorial e hospitalar, utilizando o Protocolo de Investiga\u00e7\u00e3o de \u00d3bito por Arbov\u00edrus Urbano no Brasil \u2013 Minist\u00e9rio da Sa\u00fade.<\/p>\n<h2>Vigil\u00e2ncia Ambiental<\/h2>\n<p>No per\u00edodo de 26 de fevereiro\u00a0a 29 de mar\u00e7o deste ano foram realizados ciclos de aplica\u00e7\u00e3o do UBV Pesado (Carro Fumac\u00ea) na \u00e1rea litor\u00e2nea do estado, especialmente nos munic\u00edpios de Jo\u00e3o Pessoa, Pitimbu, Caapor\u00e3, Mataraca, Lucena, finalizando a programa\u00e7\u00e3o p\u00f3s-carnaval e com Teixeira e Sousa em bloqueio devido ao aumento no n\u00famero de casos suspeitos das arboviroses, transmitidas pelo mosquito Aedes aegypti.<\/p>\n<h2>A\u00e7\u00f5es<\/h2>\n<p>A SES orienta que os munic\u00edpios intensifiquem as a\u00e7\u00f5es, principalmente nesse per\u00edodo intermitente de chuvas e quando h\u00e1 necessidade de armazenar \u00e1gua. As a\u00e7\u00f5es devem ser integradas com os setores de Infraestrutura, Limpeza Urbana, Secretaria de Educa\u00e7\u00e3o e Meio Ambiente, entre outros.<\/p>\n<p>Fonte: Portal Correio<\/p>\n","protected":false},"excerpt":{"rendered":"<p>A Secretaria de Estado da Sa\u00fade (SES), por meio da Ger\u00eancia Executiva de Vigil\u00e2ncia em Sa\u00fade (GEVS), divulgou, nesta quinta-feira (4), o boletim com as notifica\u00e7\u00f5es da dengue, zika e chikungunya, com os dados referentes \u00e0 12\u00aa Semana Epidemiol\u00f3gica (SE). O documento alerta munic\u00edpios para risco de epidemia. Algumas cidades apresentam uma incid\u00eancia significativa para 2019 quando comparado ao ano de 2018. Teixeira, Areia e Caapor\u00e3 atingiram incid\u00eancia acima de 300 casos por 100 mil habitantes e est\u00e3o em epidemia. J\u00e1 o munic\u00edpio de Cacimba de Dentro apresenta incid\u00eancia moderada acima de 200 casos por 100 mil habitantes, mas j\u00e1 sinaliza a necessidade de medidas de controle para o agravo. At\u00e9 o \u00faltimo dia 23 de mar\u00e7o foram registrados 1.113 casos prov\u00e1veis de dengue em 88 munic\u00edpios (39,4%) da Para\u00edba. Esses casos representam uma redu\u00e7\u00e3o de 8,2% em rela\u00e7\u00e3o ao mesmo per\u00edodo do ano passado, quando foram registrados 1.213 casos prov\u00e1veis. J\u00e1 a 6\u00aa Regi\u00e3o de Sa\u00fade (Patos) apresentou aumento expressivo este ano. Chikungunya Quanto \u00e0 chikungunya, foram notificados 163 casos prov\u00e1veis em 41 munic\u00edpios (18,4%). Este dado corresponde a uma redu\u00e7\u00e3o de 15,9% em rela\u00e7\u00e3o ao mesmo per\u00edodo de 2018, quando foram registrados 194 casos prov\u00e1veis. Para este agravo apresentou eleva\u00e7\u00e3o de casos na 5\u00aa Regi\u00e3o de Sa\u00fade (Sousa). Zika Para a doen\u00e7a aguda pelo v\u00edrus Zika, at\u00e9 o momento foram notificados 32 casos em 15 munic\u00edpios, caracterizando uma redu\u00e7\u00e3o de 28,8% em rela\u00e7\u00e3o ao mesmo per\u00edodo de 2018, quando foram observados 45 casos prov\u00e1veis. Na 16\u00aa Regi\u00e3o de Sa\u00fade (Campina Grande) foi registrado aumento de casos em rela\u00e7\u00e3o ao mesmo per\u00edodo de 2018. \u00d3bitos At\u00e9 a 12\u00aa Semana Epidemiol\u00f3gica de 2019 foram registradas tr\u00eas notifica\u00e7\u00f5es com suspeita de causa de \u00f3bito de arboviroses. Dois casos (um em Soledade e um em Campina Grande), j\u00e1 foram descartados e o outro (Jo\u00e3o Pessoa), continua sendo investigado. Os \u00f3bitos suspeitos devem ser informados imediatamente, no per\u00edodo de 24 horas, conforme Portaria N\u00ba 204 de\u00a017 de fevereiro\u00a0de 2016, a qual est\u00e1 presente na Portaria Consolidada N\u00ba 04, de\u00a028 de setembro\u00a0de 2017. A suspeita deve ser investigada em n\u00edvel domiciliar, ambulatorial e hospitalar, utilizando o Protocolo de Investiga\u00e7\u00e3o de \u00d3bito por Arbov\u00edrus Urbano no Brasil \u2013 Minist\u00e9rio da Sa\u00fade. Vigil\u00e2ncia Ambiental No per\u00edodo de 26 de fevereiro\u00a0a 29 de mar\u00e7o deste ano foram realizados ciclos de aplica\u00e7\u00e3o do UBV Pesado (Carro Fumac\u00ea) na \u00e1rea litor\u00e2nea do estado, especialmente nos munic\u00edpios de Jo\u00e3o Pessoa, Pitimbu, Caapor\u00e3, Mataraca, Lucena, finalizando a programa\u00e7\u00e3o p\u00f3s-carnaval e com Teixeira e Sousa em bloqueio devido ao aumento no n\u00famero de casos suspeitos das arboviroses, transmitidas pelo mosquito Aedes aegypti. A\u00e7\u00f5es A SES orienta que os munic\u00edpios intensifiquem as a\u00e7\u00f5es, principalmente nesse per\u00edodo intermitente de chuvas e quando h\u00e1 necessidade de armazenar \u00e1gua. As a\u00e7\u00f5es devem ser integradas com os setores de Infraestrutura, Limpeza Urbana, Secretaria de Educa\u00e7\u00e3o e Meio Ambiente, entre outros. Fonte: Portal Correio<\/p>\n","protected":false},"author":2,"featured_media":5994,"comment_status":"closed","ping_status":"open","sticky":false,"template":"","format":"standard","meta":{"_eb_attr":"","_jetpack_memberships_contains_paid_content":false,"footnotes":""},"categories":[12],"tags":[],"class_list":["post-16534","post","type-post","status-publish","format-standard","has-post-thumbnail","hentry","category-geral"],"yoast_head":"<!-- This site is optimized with the Yoast SEO plugin v26.5 - https:\/\/yoast.com\/wordpress\/plugins\/seo\/ -->\n<title>Tr\u00eas cidades enfrentam epidemia de dengue na Para\u00edba - Not&iacute;cias em Destaque<\/title>\n<meta name=\"robots\" content=\"index, follow, max-snippet:-1, max-image-preview:large, max-video-preview:-1\" \/>\n<link rel=\"canonical\" href=\"https:\/\/noticiasemdestaque.com\/cd\/?p=16534\" \/>\n<meta property=\"og:locale\" content=\"pt_BR\" \/>\n<meta property=\"og:type\" content=\"article\" \/>\n<meta property=\"og:title\" content=\"Tr\u00eas cidades enfrentam epidemia de dengue na Para\u00edba - Not&iacute;cias em Destaque\" \/>\n<meta property=\"og:description\" content=\"A Secretaria de Estado da Sa\u00fade (SES), por meio da Ger\u00eancia Executiva de Vigil\u00e2ncia em Sa\u00fade (GEVS), divulgou, nesta quinta-feira (4), o boletim com as notifica\u00e7\u00f5es da dengue, zika e chikungunya, com os dados referentes \u00e0 12\u00aa Semana Epidemiol\u00f3gica (SE). O documento alerta munic\u00edpios para risco de epidemia. Algumas cidades apresentam uma incid\u00eancia significativa para 2019 quando comparado ao ano de 2018. Teixeira, Areia e Caapor\u00e3 atingiram incid\u00eancia acima de 300 casos por 100 mil habitantes e est\u00e3o em epidemia. J\u00e1 o munic\u00edpio de Cacimba de Dentro apresenta incid\u00eancia moderada acima de 200 casos por 100 mil habitantes, mas j\u00e1 sinaliza a necessidade de medidas de controle para o agravo. At\u00e9 o \u00faltimo dia 23 de mar\u00e7o foram registrados 1.113 casos prov\u00e1veis de dengue em 88 munic\u00edpios (39,4%) da Para\u00edba. Esses casos representam uma redu\u00e7\u00e3o de 8,2% em rela\u00e7\u00e3o ao mesmo per\u00edodo do ano passado, quando foram registrados 1.213 casos prov\u00e1veis. J\u00e1 a 6\u00aa Regi\u00e3o de Sa\u00fade (Patos) apresentou aumento expressivo este ano. Chikungunya Quanto \u00e0 chikungunya, foram notificados 163 casos prov\u00e1veis em 41 munic\u00edpios (18,4%). Este dado corresponde a uma redu\u00e7\u00e3o de 15,9% em rela\u00e7\u00e3o ao mesmo per\u00edodo de 2018, quando foram registrados 194 casos prov\u00e1veis. Para este agravo apresentou eleva\u00e7\u00e3o de casos na 5\u00aa Regi\u00e3o de Sa\u00fade (Sousa). Zika Para a doen\u00e7a aguda pelo v\u00edrus Zika, at\u00e9 o momento foram notificados 32 casos em 15 munic\u00edpios, caracterizando uma redu\u00e7\u00e3o de 28,8% em rela\u00e7\u00e3o ao mesmo per\u00edodo de 2018, quando foram observados 45 casos prov\u00e1veis. Na 16\u00aa Regi\u00e3o de Sa\u00fade (Campina Grande) foi registrado aumento de casos em rela\u00e7\u00e3o ao mesmo per\u00edodo de 2018. \u00d3bitos At\u00e9 a 12\u00aa Semana Epidemiol\u00f3gica de 2019 foram registradas tr\u00eas notifica\u00e7\u00f5es com suspeita de causa de \u00f3bito de arboviroses. Dois casos (um em Soledade e um em Campina Grande), j\u00e1 foram descartados e o outro (Jo\u00e3o Pessoa), continua sendo investigado. Os \u00f3bitos suspeitos devem ser informados imediatamente, no per\u00edodo de 24 horas, conforme Portaria N\u00ba 204 de\u00a017 de fevereiro\u00a0de 2016, a qual est\u00e1 presente na Portaria Consolidada N\u00ba 04, de\u00a028 de setembro\u00a0de 2017. A suspeita deve ser investigada em n\u00edvel domiciliar, ambulatorial e hospitalar, utilizando o Protocolo de Investiga\u00e7\u00e3o de \u00d3bito por Arbov\u00edrus Urbano no Brasil \u2013 Minist\u00e9rio da Sa\u00fade. Vigil\u00e2ncia Ambiental No per\u00edodo de 26 de fevereiro\u00a0a 29 de mar\u00e7o deste ano foram realizados ciclos de aplica\u00e7\u00e3o do UBV Pesado (Carro Fumac\u00ea) na \u00e1rea litor\u00e2nea do estado, especialmente nos munic\u00edpios de Jo\u00e3o Pessoa, Pitimbu, Caapor\u00e3, Mataraca, Lucena, finalizando a programa\u00e7\u00e3o p\u00f3s-carnaval e com Teixeira e Sousa em bloqueio devido ao aumento no n\u00famero de casos suspeitos das arboviroses, transmitidas pelo mosquito Aedes aegypti. A\u00e7\u00f5es A SES orienta que os munic\u00edpios intensifiquem as a\u00e7\u00f5es, principalmente nesse per\u00edodo intermitente de chuvas e quando h\u00e1 necessidade de armazenar \u00e1gua. As a\u00e7\u00f5es devem ser integradas com os setores de Infraestrutura, Limpeza Urbana, Secretaria de Educa\u00e7\u00e3o e Meio Ambiente, entre outros. Fonte: Portal Correio\" \/>\n<meta property=\"og:url\" content=\"https:\/\/noticiasemdestaque.com\/cd\/?p=16534\" \/>\n<meta property=\"og:site_name\" content=\"Not&iacute;cias em Destaque\" \/>\n<meta property=\"article:published_time\" content=\"2019-04-05T10:06:09+00:00\" \/>\n<meta property=\"og:image\" content=\"https:\/\/noticiasemdestaque.com\/cd\/wp-content\/uploads\/2017\/11\/aprenda-a-espantar-o-mosquito-da-dengue-com-limao-e-cravo.jpg\" \/>\n\t<meta property=\"og:image:width\" content=\"620\" \/>\n\t<meta property=\"og:image:height\" content=\"412\" \/>\n\t<meta property=\"og:image:type\" content=\"image\/jpeg\" \/>\n<meta name=\"author\" content=\"Not\u00edcias em Destaque\" \/>\n<meta name=\"twitter:card\" content=\"summary_large_image\" \/>\n<meta name=\"twitter:label1\" content=\"Escrito por\" \/>\n\t<meta name=\"twitter:data1\" content=\"Not\u00edcias em Destaque\" \/>\n\t<meta name=\"twitter:label2\" content=\"Est. tempo de leitura\" \/>\n\t<meta name=\"twitter:data2\" content=\"3 minutos\" \/>\n<script type=\"application\/ld+json\" class=\"yoast-schema-graph\">{\"@context\":\"https:\/\/schema.org\",\"@graph\":[{\"@type\":\"Article\",\"@id\":\"https:\/\/noticiasemdestaque.com\/cd\/?p=16534#article\",\"isPartOf\":{\"@id\":\"https:\/\/noticiasemdestaque.com\/cd\/?p=16534\"},\"author\":{\"name\":\"Not\u00edcias em Destaque\",\"@id\":\"https:\/\/noticiasemdestaque.com\/cd\/#\/schema\/person\/47f7d4f55eec17c6b2ca036c5500f6ce\"},\"headline\":\"Tr\u00eas cidades enfrentam epidemia de dengue na Para\u00edba\",\"datePublished\":\"2019-04-05T10:06:09+00:00\",\"mainEntityOfPage\":{\"@id\":\"https:\/\/noticiasemdestaque.com\/cd\/?p=16534\"},\"wordCount\":516,\"publisher\":{\"@id\":\"https:\/\/noticiasemdestaque.com\/cd\/#organization\"},\"image\":{\"@id\":\"https:\/\/noticiasemdestaque.com\/cd\/?p=16534#primaryimage\"},\"thumbnailUrl\":\"https:\/\/noticiasemdestaque.com\/cd\/wp-content\/uploads\/2017\/11\/aprenda-a-espantar-o-mosquito-da-dengue-com-limao-e-cravo.jpg\",\"articleSection\":[\"Geral\"],\"inLanguage\":\"pt-BR\"},{\"@type\":\"WebPage\",\"@id\":\"https:\/\/noticiasemdestaque.com\/cd\/?p=16534\",\"url\":\"https:\/\/noticiasemdestaque.com\/cd\/?p=16534\",\"name\":\"Tr\u00eas cidades enfrentam epidemia de dengue na Para\u00edba - Not&iacute;cias em Destaque\",\"isPartOf\":{\"@id\":\"https:\/\/noticiasemdestaque.com\/cd\/#website\"},\"primaryImageOfPage\":{\"@id\":\"https:\/\/noticiasemdestaque.com\/cd\/?p=16534#primaryimage\"},\"image\":{\"@id\":\"https:\/\/noticiasemdestaque.com\/cd\/?p=16534#primaryimage\"},\"thumbnailUrl\":\"https:\/\/noticiasemdestaque.com\/cd\/wp-content\/uploads\/2017\/11\/aprenda-a-espantar-o-mosquito-da-dengue-com-limao-e-cravo.jpg\",\"datePublished\":\"2019-04-05T10:06:09+00:00\",\"breadcrumb\":{\"@id\":\"https:\/\/noticiasemdestaque.com\/cd\/?p=16534#breadcrumb\"},\"inLanguage\":\"pt-BR\",\"potentialAction\":[{\"@type\":\"ReadAction\",\"target\":[\"https:\/\/noticiasemdestaque.com\/cd\/?p=16534\"]}]},{\"@type\":\"ImageObject\",\"inLanguage\":\"pt-BR\",\"@id\":\"https:\/\/noticiasemdestaque.com\/cd\/?p=16534#primaryimage\",\"url\":\"https:\/\/noticiasemdestaque.com\/cd\/wp-content\/uploads\/2017\/11\/aprenda-a-espantar-o-mosquito-da-dengue-com-limao-e-cravo.jpg\",\"contentUrl\":\"https:\/\/noticiasemdestaque.com\/cd\/wp-content\/uploads\/2017\/11\/aprenda-a-espantar-o-mosquito-da-dengue-com-limao-e-cravo.jpg\",\"width\":620,\"height\":412},{\"@type\":\"BreadcrumbList\",\"@id\":\"https:\/\/noticiasemdestaque.com\/cd\/?p=16534#breadcrumb\",\"itemListElement\":[{\"@type\":\"ListItem\",\"position\":1,\"name\":\"In\u00edcio\",\"item\":\"https:\/\/noticiasemdestaque.com\/cd\/\"},{\"@type\":\"ListItem\",\"position\":2,\"name\":\"Tr\u00eas cidades enfrentam epidemia de dengue na Para\u00edba\"}]},{\"@type\":\"WebSite\",\"@id\":\"https:\/\/noticiasemdestaque.com\/cd\/#website\",\"url\":\"https:\/\/noticiasemdestaque.com\/cd\/\",\"name\":\"Not&iacute;cias em Destaque\",\"description\":\"\",\"publisher\":{\"@id\":\"https:\/\/noticiasemdestaque.com\/cd\/#organization\"},\"potentialAction\":[{\"@type\":\"SearchAction\",\"target\":{\"@type\":\"EntryPoint\",\"urlTemplate\":\"https:\/\/noticiasemdestaque.com\/cd\/?s={search_term_string}\"},\"query-input\":{\"@type\":\"PropertyValueSpecification\",\"valueRequired\":true,\"valueName\":\"search_term_string\"}}],\"inLanguage\":\"pt-BR\"},{\"@type\":\"Organization\",\"@id\":\"https:\/\/noticiasemdestaque.com\/cd\/#organization\",\"name\":\"Not\u00edcias em Destaque\",\"url\":\"https:\/\/noticiasemdestaque.com\/cd\/\",\"logo\":{\"@type\":\"ImageObject\",\"inLanguage\":\"pt-BR\",\"@id\":\"https:\/\/noticiasemdestaque.com\/cd\/#\/schema\/logo\/image\/\",\"url\":\"https:\/\/noticiasemdestaque.com\/cd\/wp-content\/uploads\/2022\/05\/imagem-base-noticiasemdestaque.png\",\"contentUrl\":\"https:\/\/noticiasemdestaque.com\/cd\/wp-content\/uploads\/2022\/05\/imagem-base-noticiasemdestaque.png\",\"width\":1200,\"height\":630,\"caption\":\"Not\u00edcias em Destaque\"},\"image\":{\"@id\":\"https:\/\/noticiasemdestaque.com\/cd\/#\/schema\/logo\/image\/\"}},{\"@type\":\"Person\",\"@id\":\"https:\/\/noticiasemdestaque.com\/cd\/#\/schema\/person\/47f7d4f55eec17c6b2ca036c5500f6ce\",\"name\":\"Not\u00edcias em Destaque\",\"url\":\"https:\/\/noticiasemdestaque.com\/cd\/?author=2\"}]}<\/script>\n<!-- \/ Yoast SEO plugin. -->","yoast_head_json":{"title":"Tr\u00eas cidades enfrentam epidemia de dengue na Para\u00edba - Not&iacute;cias em Destaque","robots":{"index":"index","follow":"follow","max-snippet":"max-snippet:-1","max-image-preview":"max-image-preview:large","max-video-preview":"max-video-preview:-1"},"canonical":"https:\/\/noticiasemdestaque.com\/cd\/?p=16534","og_locale":"pt_BR","og_type":"article","og_title":"Tr\u00eas cidades enfrentam epidemia de dengue na Para\u00edba - Not&iacute;cias em Destaque","og_description":"A Secretaria de Estado da Sa\u00fade (SES), por meio da Ger\u00eancia Executiva de Vigil\u00e2ncia em Sa\u00fade (GEVS), divulgou, nesta quinta-feira (4), o boletim com as notifica\u00e7\u00f5es da dengue, zika e chikungunya, com os dados referentes \u00e0 12\u00aa Semana Epidemiol\u00f3gica (SE). O documento alerta munic\u00edpios para risco de epidemia. Algumas cidades apresentam uma incid\u00eancia significativa para 2019 quando comparado ao ano de 2018. Teixeira, Areia e Caapor\u00e3 atingiram incid\u00eancia acima de 300 casos por 100 mil habitantes e est\u00e3o em epidemia. J\u00e1 o munic\u00edpio de Cacimba de Dentro apresenta incid\u00eancia moderada acima de 200 casos por 100 mil habitantes, mas j\u00e1 sinaliza a necessidade de medidas de controle para o agravo. At\u00e9 o \u00faltimo dia 23 de mar\u00e7o foram registrados 1.113 casos prov\u00e1veis de dengue em 88 munic\u00edpios (39,4%) da Para\u00edba. Esses casos representam uma redu\u00e7\u00e3o de 8,2% em rela\u00e7\u00e3o ao mesmo per\u00edodo do ano passado, quando foram registrados 1.213 casos prov\u00e1veis. J\u00e1 a 6\u00aa Regi\u00e3o de Sa\u00fade (Patos) apresentou aumento expressivo este ano. Chikungunya Quanto \u00e0 chikungunya, foram notificados 163 casos prov\u00e1veis em 41 munic\u00edpios (18,4%). Este dado corresponde a uma redu\u00e7\u00e3o de 15,9% em rela\u00e7\u00e3o ao mesmo per\u00edodo de 2018, quando foram registrados 194 casos prov\u00e1veis. Para este agravo apresentou eleva\u00e7\u00e3o de casos na 5\u00aa Regi\u00e3o de Sa\u00fade (Sousa). Zika Para a doen\u00e7a aguda pelo v\u00edrus Zika, at\u00e9 o momento foram notificados 32 casos em 15 munic\u00edpios, caracterizando uma redu\u00e7\u00e3o de 28,8% em rela\u00e7\u00e3o ao mesmo per\u00edodo de 2018, quando foram observados 45 casos prov\u00e1veis. Na 16\u00aa Regi\u00e3o de Sa\u00fade (Campina Grande) foi registrado aumento de casos em rela\u00e7\u00e3o ao mesmo per\u00edodo de 2018. \u00d3bitos At\u00e9 a 12\u00aa Semana Epidemiol\u00f3gica de 2019 foram registradas tr\u00eas notifica\u00e7\u00f5es com suspeita de causa de \u00f3bito de arboviroses. Dois casos (um em Soledade e um em Campina Grande), j\u00e1 foram descartados e o outro (Jo\u00e3o Pessoa), continua sendo investigado. Os \u00f3bitos suspeitos devem ser informados imediatamente, no per\u00edodo de 24 horas, conforme Portaria N\u00ba 204 de\u00a017 de fevereiro\u00a0de 2016, a qual est\u00e1 presente na Portaria Consolidada N\u00ba 04, de\u00a028 de setembro\u00a0de 2017. A suspeita deve ser investigada em n\u00edvel domiciliar, ambulatorial e hospitalar, utilizando o Protocolo de Investiga\u00e7\u00e3o de \u00d3bito por Arbov\u00edrus Urbano no Brasil \u2013 Minist\u00e9rio da Sa\u00fade. Vigil\u00e2ncia Ambiental No per\u00edodo de 26 de fevereiro\u00a0a 29 de mar\u00e7o deste ano foram realizados ciclos de aplica\u00e7\u00e3o do UBV Pesado (Carro Fumac\u00ea) na \u00e1rea litor\u00e2nea do estado, especialmente nos munic\u00edpios de Jo\u00e3o Pessoa, Pitimbu, Caapor\u00e3, Mataraca, Lucena, finalizando a programa\u00e7\u00e3o p\u00f3s-carnaval e com Teixeira e Sousa em bloqueio devido ao aumento no n\u00famero de casos suspeitos das arboviroses, transmitidas pelo mosquito Aedes aegypti. A\u00e7\u00f5es A SES orienta que os munic\u00edpios intensifiquem as a\u00e7\u00f5es, principalmente nesse per\u00edodo intermitente de chuvas e quando h\u00e1 necessidade de armazenar \u00e1gua. As a\u00e7\u00f5es devem ser integradas com os setores de Infraestrutura, Limpeza Urbana, Secretaria de Educa\u00e7\u00e3o e Meio Ambiente, entre outros. Fonte: Portal Correio","og_url":"https:\/\/noticiasemdestaque.com\/cd\/?p=16534","og_site_name":"Not&iacute;cias em Destaque","article_published_time":"2019-04-05T10:06:09+00:00","og_image":[{"width":620,"height":412,"url":"https:\/\/noticiasemdestaque.com\/cd\/wp-content\/uploads\/2017\/11\/aprenda-a-espantar-o-mosquito-da-dengue-com-limao-e-cravo.jpg","type":"image\/jpeg"}],"author":"Not\u00edcias em Destaque","twitter_card":"summary_large_image","twitter_misc":{"Escrito por":"Not\u00edcias em Destaque","Est. tempo de leitura":"3 minutos"},"schema":{"@context":"https:\/\/schema.org","@graph":[{"@type":"Article","@id":"https:\/\/noticiasemdestaque.com\/cd\/?p=16534#article","isPartOf":{"@id":"https:\/\/noticiasemdestaque.com\/cd\/?p=16534"},"author":{"name":"Not\u00edcias em Destaque","@id":"https:\/\/noticiasemdestaque.com\/cd\/#\/schema\/person\/47f7d4f55eec17c6b2ca036c5500f6ce"},"headline":"Tr\u00eas cidades enfrentam epidemia de dengue na Para\u00edba","datePublished":"2019-04-05T10:06:09+00:00","mainEntityOfPage":{"@id":"https:\/\/noticiasemdestaque.com\/cd\/?p=16534"},"wordCount":516,"publisher":{"@id":"https:\/\/noticiasemdestaque.com\/cd\/#organization"},"image":{"@id":"https:\/\/noticiasemdestaque.com\/cd\/?p=16534#primaryimage"},"thumbnailUrl":"https:\/\/noticiasemdestaque.com\/cd\/wp-content\/uploads\/2017\/11\/aprenda-a-espantar-o-mosquito-da-dengue-com-limao-e-cravo.jpg","articleSection":["Geral"],"inLanguage":"pt-BR"},{"@type":"WebPage","@id":"https:\/\/noticiasemdestaque.com\/cd\/?p=16534","url":"https:\/\/noticiasemdestaque.com\/cd\/?p=16534","name":"Tr\u00eas cidades enfrentam epidemia de dengue na Para\u00edba - Not&iacute;cias em Destaque","isPartOf":{"@id":"https:\/\/noticiasemdestaque.com\/cd\/#website"},"primaryImageOfPage":{"@id":"https:\/\/noticiasemdestaque.com\/cd\/?p=16534#primaryimage"},"image":{"@id":"https:\/\/noticiasemdestaque.com\/cd\/?p=16534#primaryimage"},"thumbnailUrl":"https:\/\/noticiasemdestaque.com\/cd\/wp-content\/uploads\/2017\/11\/aprenda-a-espantar-o-mosquito-da-dengue-com-limao-e-cravo.jpg","datePublished":"2019-04-05T10:06:09+00:00","breadcrumb":{"@id":"https:\/\/noticiasemdestaque.com\/cd\/?p=16534#breadcrumb"},"inLanguage":"pt-BR","potentialAction":[{"@type":"ReadAction","target":["https:\/\/noticiasemdestaque.com\/cd\/?p=16534"]}]},{"@type":"ImageObject","inLanguage":"pt-BR","@id":"https:\/\/noticiasemdestaque.com\/cd\/?p=16534#primaryimage","url":"https:\/\/noticiasemdestaque.com\/cd\/wp-content\/uploads\/2017\/11\/aprenda-a-espantar-o-mosquito-da-dengue-com-limao-e-cravo.jpg","contentUrl":"https:\/\/noticiasemdestaque.com\/cd\/wp-content\/uploads\/2017\/11\/aprenda-a-espantar-o-mosquito-da-dengue-com-limao-e-cravo.jpg","width":620,"height":412},{"@type":"BreadcrumbList","@id":"https:\/\/noticiasemdestaque.com\/cd\/?p=16534#breadcrumb","itemListElement":[{"@type":"ListItem","position":1,"name":"In\u00edcio","item":"https:\/\/noticiasemdestaque.com\/cd\/"},{"@type":"ListItem","position":2,"name":"Tr\u00eas cidades enfrentam epidemia de dengue na Para\u00edba"}]},{"@type":"WebSite","@id":"https:\/\/noticiasemdestaque.com\/cd\/#website","url":"https:\/\/noticiasemdestaque.com\/cd\/","name":"Not&iacute;cias em Destaque","description":"","publisher":{"@id":"https:\/\/noticiasemdestaque.com\/cd\/#organization"},"potentialAction":[{"@type":"SearchAction","target":{"@type":"EntryPoint","urlTemplate":"https:\/\/noticiasemdestaque.com\/cd\/?s={search_term_string}"},"query-input":{"@type":"PropertyValueSpecification","valueRequired":true,"valueName":"search_term_string"}}],"inLanguage":"pt-BR"},{"@type":"Organization","@id":"https:\/\/noticiasemdestaque.com\/cd\/#organization","name":"Not\u00edcias em Destaque","url":"https:\/\/noticiasemdestaque.com\/cd\/","logo":{"@type":"ImageObject","inLanguage":"pt-BR","@id":"https:\/\/noticiasemdestaque.com\/cd\/#\/schema\/logo\/image\/","url":"https:\/\/noticiasemdestaque.com\/cd\/wp-content\/uploads\/2022\/05\/imagem-base-noticiasemdestaque.png","contentUrl":"https:\/\/noticiasemdestaque.com\/cd\/wp-content\/uploads\/2022\/05\/imagem-base-noticiasemdestaque.png","width":1200,"height":630,"caption":"Not\u00edcias em Destaque"},"image":{"@id":"https:\/\/noticiasemdestaque.com\/cd\/#\/schema\/logo\/image\/"}},{"@type":"Person","@id":"https:\/\/noticiasemdestaque.com\/cd\/#\/schema\/person\/47f7d4f55eec17c6b2ca036c5500f6ce","name":"Not\u00edcias em Destaque","url":"https:\/\/noticiasemdestaque.com\/cd\/?author=2"}]}},"jetpack_featured_media_url":"https:\/\/noticiasemdestaque.com\/cd\/wp-content\/uploads\/2017\/11\/aprenda-a-espantar-o-mosquito-da-dengue-com-limao-e-cravo.jpg","jetpack_sharing_enabled":true,"_links":{"self":[{"href":"https:\/\/noticiasemdestaque.com\/cd\/index.php?rest_route=\/wp\/v2\/posts\/16534","targetHints":{"allow":["GET"]}}],"collection":[{"href":"https:\/\/noticiasemdestaque.com\/cd\/index.php?rest_route=\/wp\/v2\/posts"}],"about":[{"href":"https:\/\/noticiasemdestaque.com\/cd\/index.php?rest_route=\/wp\/v2\/types\/post"}],"author":[{"embeddable":true,"href":"https:\/\/noticiasemdestaque.com\/cd\/index.php?rest_route=\/wp\/v2\/users\/2"}],"replies":[{"embeddable":true,"href":"https:\/\/noticiasemdestaque.com\/cd\/index.php?rest_route=%2Fwp%2Fv2%2Fcomments&post=16534"}],"version-history":[{"count":1,"href":"https:\/\/noticiasemdestaque.com\/cd\/index.php?rest_route=\/wp\/v2\/posts\/16534\/revisions"}],"predecessor-version":[{"id":16535,"href":"https:\/\/noticiasemdestaque.com\/cd\/index.php?rest_route=\/wp\/v2\/posts\/16534\/revisions\/16535"}],"wp:featuredmedia":[{"embeddable":true,"href":"https:\/\/noticiasemdestaque.com\/cd\/index.php?rest_route=\/wp\/v2\/media\/5994"}],"wp:attachment":[{"href":"https:\/\/noticiasemdestaque.com\/cd\/index.php?rest_route=%2Fwp%2Fv2%2Fmedia&parent=16534"}],"wp:term":[{"taxonomy":"category","embeddable":true,"href":"https:\/\/noticiasemdestaque.com\/cd\/index.php?rest_route=%2Fwp%2Fv2%2Fcategories&post=16534"},{"taxonomy":"post_tag","embeddable":true,"href":"https:\/\/noticiasemdestaque.com\/cd\/index.php?rest_route=%2Fwp%2Fv2%2Ftags&post=16534"}],"curies":[{"name":"wp","href":"https:\/\/api.w.org\/{rel}","templated":true}]}}