{"id":16531,"date":"2019-04-05T07:03:23","date_gmt":"2019-04-05T10:03:23","guid":{"rendered":"http:\/\/noticiasemdestaque.com\/cd\/?p=16531"},"modified":"2019-04-05T07:03:23","modified_gmt":"2019-04-05T10:03:23","slug":"monteirense-apresenta-musica-na-primeira-eliminatoria-do-ii-festival-de-musica-da-paraiba","status":"publish","type":"post","link":"https:\/\/noticiasemdestaque.com\/cd\/?p=16531","title":{"rendered":"Monteirense apresenta m\u00fasica na primeira eliminat\u00f3ria do II Festival de M\u00fasica da Para\u00edba"},"content":{"rendered":"<div class=\"one withsmallpadding ppb_ads\">\n<div class=\"ads_label\"><\/div>\n<\/div>\n<div class=\"post_header single\">\n<p><img fetchpriority=\"high\" decoding=\"async\" class=\"size-medium wp-image-40044 alignright\" src=\"http:\/\/www.vitrinedocariri.com.br\/wp-content\/uploads\/2019\/04\/WhatsApp-Image-2019-04-03-at-12.57.47-300x200.jpeg\" alt=\"\" width=\"300\" height=\"200\" \/>A can\u00e7\u00e3o Um Coco Pra Jackson composta pelo poeta Miguel Monteiro, da cidade de Monteiro, foi uma das selecionadas para a primeira eliminat\u00f3ria do II Festival de M\u00fasica da Para\u00edba.<\/p>\n<p>O artista escolhido para dar vida \u00e0 m\u00fasica foi o cantor Osmando Silva que juntamente com Z\u00e9 Maria apresentar\u00e3o a can\u00e7\u00e3o para o p\u00fablico e para os jurados em Alagoa Grande no dia 18 de maio como a 12\u00aa participa\u00e7\u00e3o da noite.<\/p>\n<p>Em entrevista ao portal Vitrine do Cariri, o poeta Miguel Monteiro falou sobre as expectativas sobre o II Festival de M\u00fasica da Para\u00edba dizendo \u201cTenho uma expectativa boa de ser classificado para representar a cultura monteirense em Jo\u00e3o Pessoa\u201d, e ainda pontuou sobre a escolha do int\u00e9rprete que escolheu afirmando que o timbre da voz e a experi\u00eancia na vida e nos palcos fizeram de Osmando Silva a melhor op\u00e7\u00e3o para represent\u00e1-lo.<\/p>\n<p>Sobre a inspira\u00e7\u00e3o para a composi\u00e7\u00e3o que se fez destacar entre as demais, Manoel conta que Jackson do Pandeiro \u00e9 sua inspira\u00e7\u00e3o di\u00e1ria. \u201cEu ou\u00e7o muito [Jackson] e compus uma m\u00fasica, mas n\u00e3o havia chegado a colocar no papel; ent\u00e3o quando soube do Festival decidi acessar na gaveta da minha mem\u00f3ria e escrever, no dia que fui inscrever ainda n\u00e3o tinha o t\u00edtulo, ent\u00e3o decidi homenagear Jackson do Pandeiro com o nome da m\u00fasica Um Coco Pra Jackson\u201d.<\/p>\n<p>Miguel Monteiro disse ainda que sente um frio na barriga com a expectativa, mesmo este n\u00e3o sendo o seu primeiro festival.<\/p>\n<p>O compositor tem em seu trabalho mais recente um CD com recital de poesia por nome Sonho de um Caboclo. Miguel Monteiro tamb\u00e9m tem em sua trajet\u00f3ria in\u00fameras m\u00fasicas gravadas por artistas reconhecidos.<\/p>\n<p>&nbsp;<\/p>\n<p>Fonte: Vitrine do Cariri<\/p>\n<\/div>\n","protected":false},"excerpt":{"rendered":"<p>A can\u00e7\u00e3o Um Coco Pra Jackson composta pelo poeta Miguel Monteiro, da cidade de Monteiro, foi uma das selecionadas para a primeira eliminat\u00f3ria do II Festival de M\u00fasica da Para\u00edba. O artista escolhido para dar vida \u00e0 m\u00fasica foi o cantor Osmando Silva que juntamente com Z\u00e9 Maria apresentar\u00e3o a can\u00e7\u00e3o para o p\u00fablico e para os jurados em Alagoa Grande no dia 18 de maio como a 12\u00aa participa\u00e7\u00e3o da noite. Em entrevista ao portal Vitrine do Cariri, o poeta Miguel Monteiro falou sobre as expectativas sobre o II Festival de M\u00fasica da Para\u00edba dizendo \u201cTenho uma expectativa boa de ser classificado para representar a cultura monteirense em Jo\u00e3o Pessoa\u201d, e ainda pontuou sobre a escolha do int\u00e9rprete que escolheu afirmando que o timbre da voz e a experi\u00eancia na vida e nos palcos fizeram de Osmando Silva a melhor op\u00e7\u00e3o para represent\u00e1-lo. Sobre a inspira\u00e7\u00e3o para a composi\u00e7\u00e3o que se fez destacar entre as demais, Manoel conta que Jackson do Pandeiro \u00e9 sua inspira\u00e7\u00e3o di\u00e1ria. \u201cEu ou\u00e7o muito [Jackson] e compus uma m\u00fasica, mas n\u00e3o havia chegado a colocar no papel; ent\u00e3o quando soube do Festival decidi acessar na gaveta da minha mem\u00f3ria e escrever, no dia que fui inscrever ainda n\u00e3o tinha o t\u00edtulo, ent\u00e3o decidi homenagear Jackson do Pandeiro com o nome da m\u00fasica Um Coco Pra Jackson\u201d. Miguel Monteiro disse ainda que sente um frio na barriga com a expectativa, mesmo este n\u00e3o sendo o seu primeiro festival. O compositor tem em seu trabalho mais recente um CD com recital de poesia por nome Sonho de um Caboclo. Miguel Monteiro tamb\u00e9m tem em sua trajet\u00f3ria in\u00fameras m\u00fasicas gravadas por artistas reconhecidos. &nbsp; Fonte: Vitrine do Cariri<\/p>\n","protected":false},"author":2,"featured_media":16532,"comment_status":"closed","ping_status":"open","sticky":false,"template":"","format":"standard","meta":{"_eb_attr":"","_jetpack_memberships_contains_paid_content":false,"footnotes":""},"categories":[3],"tags":[],"class_list":["post-16531","post","type-post","status-publish","format-standard","has-post-thumbnail","hentry","category-cidades"],"yoast_head":"<!-- This site is optimized with the Yoast SEO plugin v26.5 - https:\/\/yoast.com\/wordpress\/plugins\/seo\/ -->\n<title>Monteirense apresenta m\u00fasica na primeira eliminat\u00f3ria do II Festival de M\u00fasica da Para\u00edba - Not&iacute;cias em Destaque<\/title>\n<meta name=\"robots\" content=\"index, follow, max-snippet:-1, max-image-preview:large, max-video-preview:-1\" \/>\n<link rel=\"canonical\" href=\"https:\/\/noticiasemdestaque.com\/cd\/?p=16531\" \/>\n<meta property=\"og:locale\" content=\"pt_BR\" \/>\n<meta property=\"og:type\" content=\"article\" \/>\n<meta property=\"og:title\" content=\"Monteirense apresenta m\u00fasica na primeira eliminat\u00f3ria do II Festival de M\u00fasica da Para\u00edba - Not&iacute;cias em Destaque\" \/>\n<meta property=\"og:description\" content=\"A can\u00e7\u00e3o Um Coco Pra Jackson composta pelo poeta Miguel Monteiro, da cidade de Monteiro, foi uma das selecionadas para a primeira eliminat\u00f3ria do II Festival de M\u00fasica da Para\u00edba. O artista escolhido para dar vida \u00e0 m\u00fasica foi o cantor Osmando Silva que juntamente com Z\u00e9 Maria apresentar\u00e3o a can\u00e7\u00e3o para o p\u00fablico e para os jurados em Alagoa Grande no dia 18 de maio como a 12\u00aa participa\u00e7\u00e3o da noite. Em entrevista ao portal Vitrine do Cariri, o poeta Miguel Monteiro falou sobre as expectativas sobre o II Festival de M\u00fasica da Para\u00edba dizendo \u201cTenho uma expectativa boa de ser classificado para representar a cultura monteirense em Jo\u00e3o Pessoa\u201d, e ainda pontuou sobre a escolha do int\u00e9rprete que escolheu afirmando que o timbre da voz e a experi\u00eancia na vida e nos palcos fizeram de Osmando Silva a melhor op\u00e7\u00e3o para represent\u00e1-lo. Sobre a inspira\u00e7\u00e3o para a composi\u00e7\u00e3o que se fez destacar entre as demais, Manoel conta que Jackson do Pandeiro \u00e9 sua inspira\u00e7\u00e3o di\u00e1ria. \u201cEu ou\u00e7o muito [Jackson] e compus uma m\u00fasica, mas n\u00e3o havia chegado a colocar no papel; ent\u00e3o quando soube do Festival decidi acessar na gaveta da minha mem\u00f3ria e escrever, no dia que fui inscrever ainda n\u00e3o tinha o t\u00edtulo, ent\u00e3o decidi homenagear Jackson do Pandeiro com o nome da m\u00fasica Um Coco Pra Jackson\u201d. Miguel Monteiro disse ainda que sente um frio na barriga com a expectativa, mesmo este n\u00e3o sendo o seu primeiro festival. O compositor tem em seu trabalho mais recente um CD com recital de poesia por nome Sonho de um Caboclo. Miguel Monteiro tamb\u00e9m tem em sua trajet\u00f3ria in\u00fameras m\u00fasicas gravadas por artistas reconhecidos. &nbsp; Fonte: Vitrine do Cariri\" \/>\n<meta property=\"og:url\" content=\"https:\/\/noticiasemdestaque.com\/cd\/?p=16531\" \/>\n<meta property=\"og:site_name\" content=\"Not&iacute;cias em Destaque\" \/>\n<meta property=\"article:published_time\" content=\"2019-04-05T10:03:23+00:00\" \/>\n<meta property=\"og:image\" content=\"https:\/\/noticiasemdestaque.com\/cd\/wp-content\/uploads\/2019\/04\/WhatsApp-Image-2019-04-03-at-12.57.47-300x200.jpeg\" \/>\n\t<meta property=\"og:image:width\" content=\"300\" \/>\n\t<meta property=\"og:image:height\" content=\"200\" \/>\n\t<meta property=\"og:image:type\" content=\"image\/jpeg\" \/>\n<meta name=\"author\" content=\"Not\u00edcias em Destaque\" \/>\n<meta name=\"twitter:card\" content=\"summary_large_image\" \/>\n<meta name=\"twitter:label1\" content=\"Escrito por\" \/>\n\t<meta name=\"twitter:data1\" content=\"Not\u00edcias em Destaque\" \/>\n\t<meta name=\"twitter:label2\" content=\"Est. tempo de leitura\" \/>\n\t<meta name=\"twitter:data2\" content=\"2 minutos\" \/>\n<script type=\"application\/ld+json\" class=\"yoast-schema-graph\">{\"@context\":\"https:\/\/schema.org\",\"@graph\":[{\"@type\":\"Article\",\"@id\":\"https:\/\/noticiasemdestaque.com\/cd\/?p=16531#article\",\"isPartOf\":{\"@id\":\"https:\/\/noticiasemdestaque.com\/cd\/?p=16531\"},\"author\":{\"name\":\"Not\u00edcias em Destaque\",\"@id\":\"https:\/\/noticiasemdestaque.com\/cd\/#\/schema\/person\/47f7d4f55eec17c6b2ca036c5500f6ce\"},\"headline\":\"Monteirense apresenta m\u00fasica na primeira eliminat\u00f3ria do II Festival de M\u00fasica da Para\u00edba\",\"datePublished\":\"2019-04-05T10:03:23+00:00\",\"mainEntityOfPage\":{\"@id\":\"https:\/\/noticiasemdestaque.com\/cd\/?p=16531\"},\"wordCount\":328,\"publisher\":{\"@id\":\"https:\/\/noticiasemdestaque.com\/cd\/#organization\"},\"image\":{\"@id\":\"https:\/\/noticiasemdestaque.com\/cd\/?p=16531#primaryimage\"},\"thumbnailUrl\":\"https:\/\/noticiasemdestaque.com\/cd\/wp-content\/uploads\/2019\/04\/WhatsApp-Image-2019-04-03-at-12.57.47-300x200.jpeg\",\"articleSection\":[\"Cidades\"],\"inLanguage\":\"pt-BR\"},{\"@type\":\"WebPage\",\"@id\":\"https:\/\/noticiasemdestaque.com\/cd\/?p=16531\",\"url\":\"https:\/\/noticiasemdestaque.com\/cd\/?p=16531\",\"name\":\"Monteirense apresenta m\u00fasica na primeira eliminat\u00f3ria do II Festival de M\u00fasica da Para\u00edba - Not&iacute;cias em Destaque\",\"isPartOf\":{\"@id\":\"https:\/\/noticiasemdestaque.com\/cd\/#website\"},\"primaryImageOfPage\":{\"@id\":\"https:\/\/noticiasemdestaque.com\/cd\/?p=16531#primaryimage\"},\"image\":{\"@id\":\"https:\/\/noticiasemdestaque.com\/cd\/?p=16531#primaryimage\"},\"thumbnailUrl\":\"https:\/\/noticiasemdestaque.com\/cd\/wp-content\/uploads\/2019\/04\/WhatsApp-Image-2019-04-03-at-12.57.47-300x200.jpeg\",\"datePublished\":\"2019-04-05T10:03:23+00:00\",\"breadcrumb\":{\"@id\":\"https:\/\/noticiasemdestaque.com\/cd\/?p=16531#breadcrumb\"},\"inLanguage\":\"pt-BR\",\"potentialAction\":[{\"@type\":\"ReadAction\",\"target\":[\"https:\/\/noticiasemdestaque.com\/cd\/?p=16531\"]}]},{\"@type\":\"ImageObject\",\"inLanguage\":\"pt-BR\",\"@id\":\"https:\/\/noticiasemdestaque.com\/cd\/?p=16531#primaryimage\",\"url\":\"https:\/\/noticiasemdestaque.com\/cd\/wp-content\/uploads\/2019\/04\/WhatsApp-Image-2019-04-03-at-12.57.47-300x200.jpeg\",\"contentUrl\":\"https:\/\/noticiasemdestaque.com\/cd\/wp-content\/uploads\/2019\/04\/WhatsApp-Image-2019-04-03-at-12.57.47-300x200.jpeg\",\"width\":300,\"height\":200},{\"@type\":\"BreadcrumbList\",\"@id\":\"https:\/\/noticiasemdestaque.com\/cd\/?p=16531#breadcrumb\",\"itemListElement\":[{\"@type\":\"ListItem\",\"position\":1,\"name\":\"In\u00edcio\",\"item\":\"https:\/\/noticiasemdestaque.com\/cd\/\"},{\"@type\":\"ListItem\",\"position\":2,\"name\":\"Monteirense apresenta m\u00fasica na primeira eliminat\u00f3ria do II Festival de M\u00fasica da Para\u00edba\"}]},{\"@type\":\"WebSite\",\"@id\":\"https:\/\/noticiasemdestaque.com\/cd\/#website\",\"url\":\"https:\/\/noticiasemdestaque.com\/cd\/\",\"name\":\"Not&iacute;cias em Destaque\",\"description\":\"\",\"publisher\":{\"@id\":\"https:\/\/noticiasemdestaque.com\/cd\/#organization\"},\"potentialAction\":[{\"@type\":\"SearchAction\",\"target\":{\"@type\":\"EntryPoint\",\"urlTemplate\":\"https:\/\/noticiasemdestaque.com\/cd\/?s={search_term_string}\"},\"query-input\":{\"@type\":\"PropertyValueSpecification\",\"valueRequired\":true,\"valueName\":\"search_term_string\"}}],\"inLanguage\":\"pt-BR\"},{\"@type\":\"Organization\",\"@id\":\"https:\/\/noticiasemdestaque.com\/cd\/#organization\",\"name\":\"Not\u00edcias em Destaque\",\"url\":\"https:\/\/noticiasemdestaque.com\/cd\/\",\"logo\":{\"@type\":\"ImageObject\",\"inLanguage\":\"pt-BR\",\"@id\":\"https:\/\/noticiasemdestaque.com\/cd\/#\/schema\/logo\/image\/\",\"url\":\"https:\/\/noticiasemdestaque.com\/cd\/wp-content\/uploads\/2022\/05\/imagem-base-noticiasemdestaque.png\",\"contentUrl\":\"https:\/\/noticiasemdestaque.com\/cd\/wp-content\/uploads\/2022\/05\/imagem-base-noticiasemdestaque.png\",\"width\":1200,\"height\":630,\"caption\":\"Not\u00edcias em Destaque\"},\"image\":{\"@id\":\"https:\/\/noticiasemdestaque.com\/cd\/#\/schema\/logo\/image\/\"}},{\"@type\":\"Person\",\"@id\":\"https:\/\/noticiasemdestaque.com\/cd\/#\/schema\/person\/47f7d4f55eec17c6b2ca036c5500f6ce\",\"name\":\"Not\u00edcias em Destaque\",\"url\":\"https:\/\/noticiasemdestaque.com\/cd\/?author=2\"}]}<\/script>\n<!-- \/ Yoast SEO plugin. -->","yoast_head_json":{"title":"Monteirense apresenta m\u00fasica na primeira eliminat\u00f3ria do II Festival de M\u00fasica da Para\u00edba - Not&iacute;cias em Destaque","robots":{"index":"index","follow":"follow","max-snippet":"max-snippet:-1","max-image-preview":"max-image-preview:large","max-video-preview":"max-video-preview:-1"},"canonical":"https:\/\/noticiasemdestaque.com\/cd\/?p=16531","og_locale":"pt_BR","og_type":"article","og_title":"Monteirense apresenta m\u00fasica na primeira eliminat\u00f3ria do II Festival de M\u00fasica da Para\u00edba - Not&iacute;cias em Destaque","og_description":"A can\u00e7\u00e3o Um Coco Pra Jackson composta pelo poeta Miguel Monteiro, da cidade de Monteiro, foi uma das selecionadas para a primeira eliminat\u00f3ria do II Festival de M\u00fasica da Para\u00edba. O artista escolhido para dar vida \u00e0 m\u00fasica foi o cantor Osmando Silva que juntamente com Z\u00e9 Maria apresentar\u00e3o a can\u00e7\u00e3o para o p\u00fablico e para os jurados em Alagoa Grande no dia 18 de maio como a 12\u00aa participa\u00e7\u00e3o da noite. Em entrevista ao portal Vitrine do Cariri, o poeta Miguel Monteiro falou sobre as expectativas sobre o II Festival de M\u00fasica da Para\u00edba dizendo \u201cTenho uma expectativa boa de ser classificado para representar a cultura monteirense em Jo\u00e3o Pessoa\u201d, e ainda pontuou sobre a escolha do int\u00e9rprete que escolheu afirmando que o timbre da voz e a experi\u00eancia na vida e nos palcos fizeram de Osmando Silva a melhor op\u00e7\u00e3o para represent\u00e1-lo. Sobre a inspira\u00e7\u00e3o para a composi\u00e7\u00e3o que se fez destacar entre as demais, Manoel conta que Jackson do Pandeiro \u00e9 sua inspira\u00e7\u00e3o di\u00e1ria. \u201cEu ou\u00e7o muito [Jackson] e compus uma m\u00fasica, mas n\u00e3o havia chegado a colocar no papel; ent\u00e3o quando soube do Festival decidi acessar na gaveta da minha mem\u00f3ria e escrever, no dia que fui inscrever ainda n\u00e3o tinha o t\u00edtulo, ent\u00e3o decidi homenagear Jackson do Pandeiro com o nome da m\u00fasica Um Coco Pra Jackson\u201d. Miguel Monteiro disse ainda que sente um frio na barriga com a expectativa, mesmo este n\u00e3o sendo o seu primeiro festival. O compositor tem em seu trabalho mais recente um CD com recital de poesia por nome Sonho de um Caboclo. Miguel Monteiro tamb\u00e9m tem em sua trajet\u00f3ria in\u00fameras m\u00fasicas gravadas por artistas reconhecidos. &nbsp; Fonte: Vitrine do Cariri","og_url":"https:\/\/noticiasemdestaque.com\/cd\/?p=16531","og_site_name":"Not&iacute;cias em Destaque","article_published_time":"2019-04-05T10:03:23+00:00","og_image":[{"width":300,"height":200,"url":"https:\/\/noticiasemdestaque.com\/cd\/wp-content\/uploads\/2019\/04\/WhatsApp-Image-2019-04-03-at-12.57.47-300x200.jpeg","type":"image\/jpeg"}],"author":"Not\u00edcias em Destaque","twitter_card":"summary_large_image","twitter_misc":{"Escrito por":"Not\u00edcias em Destaque","Est. tempo de leitura":"2 minutos"},"schema":{"@context":"https:\/\/schema.org","@graph":[{"@type":"Article","@id":"https:\/\/noticiasemdestaque.com\/cd\/?p=16531#article","isPartOf":{"@id":"https:\/\/noticiasemdestaque.com\/cd\/?p=16531"},"author":{"name":"Not\u00edcias em Destaque","@id":"https:\/\/noticiasemdestaque.com\/cd\/#\/schema\/person\/47f7d4f55eec17c6b2ca036c5500f6ce"},"headline":"Monteirense apresenta m\u00fasica na primeira eliminat\u00f3ria do II Festival de M\u00fasica da Para\u00edba","datePublished":"2019-04-05T10:03:23+00:00","mainEntityOfPage":{"@id":"https:\/\/noticiasemdestaque.com\/cd\/?p=16531"},"wordCount":328,"publisher":{"@id":"https:\/\/noticiasemdestaque.com\/cd\/#organization"},"image":{"@id":"https:\/\/noticiasemdestaque.com\/cd\/?p=16531#primaryimage"},"thumbnailUrl":"https:\/\/noticiasemdestaque.com\/cd\/wp-content\/uploads\/2019\/04\/WhatsApp-Image-2019-04-03-at-12.57.47-300x200.jpeg","articleSection":["Cidades"],"inLanguage":"pt-BR"},{"@type":"WebPage","@id":"https:\/\/noticiasemdestaque.com\/cd\/?p=16531","url":"https:\/\/noticiasemdestaque.com\/cd\/?p=16531","name":"Monteirense apresenta m\u00fasica na primeira eliminat\u00f3ria do II Festival de M\u00fasica da Para\u00edba - Not&iacute;cias em Destaque","isPartOf":{"@id":"https:\/\/noticiasemdestaque.com\/cd\/#website"},"primaryImageOfPage":{"@id":"https:\/\/noticiasemdestaque.com\/cd\/?p=16531#primaryimage"},"image":{"@id":"https:\/\/noticiasemdestaque.com\/cd\/?p=16531#primaryimage"},"thumbnailUrl":"https:\/\/noticiasemdestaque.com\/cd\/wp-content\/uploads\/2019\/04\/WhatsApp-Image-2019-04-03-at-12.57.47-300x200.jpeg","datePublished":"2019-04-05T10:03:23+00:00","breadcrumb":{"@id":"https:\/\/noticiasemdestaque.com\/cd\/?p=16531#breadcrumb"},"inLanguage":"pt-BR","potentialAction":[{"@type":"ReadAction","target":["https:\/\/noticiasemdestaque.com\/cd\/?p=16531"]}]},{"@type":"ImageObject","inLanguage":"pt-BR","@id":"https:\/\/noticiasemdestaque.com\/cd\/?p=16531#primaryimage","url":"https:\/\/noticiasemdestaque.com\/cd\/wp-content\/uploads\/2019\/04\/WhatsApp-Image-2019-04-03-at-12.57.47-300x200.jpeg","contentUrl":"https:\/\/noticiasemdestaque.com\/cd\/wp-content\/uploads\/2019\/04\/WhatsApp-Image-2019-04-03-at-12.57.47-300x200.jpeg","width":300,"height":200},{"@type":"BreadcrumbList","@id":"https:\/\/noticiasemdestaque.com\/cd\/?p=16531#breadcrumb","itemListElement":[{"@type":"ListItem","position":1,"name":"In\u00edcio","item":"https:\/\/noticiasemdestaque.com\/cd\/"},{"@type":"ListItem","position":2,"name":"Monteirense apresenta m\u00fasica na primeira eliminat\u00f3ria do II Festival de M\u00fasica da Para\u00edba"}]},{"@type":"WebSite","@id":"https:\/\/noticiasemdestaque.com\/cd\/#website","url":"https:\/\/noticiasemdestaque.com\/cd\/","name":"Not&iacute;cias em Destaque","description":"","publisher":{"@id":"https:\/\/noticiasemdestaque.com\/cd\/#organization"},"potentialAction":[{"@type":"SearchAction","target":{"@type":"EntryPoint","urlTemplate":"https:\/\/noticiasemdestaque.com\/cd\/?s={search_term_string}"},"query-input":{"@type":"PropertyValueSpecification","valueRequired":true,"valueName":"search_term_string"}}],"inLanguage":"pt-BR"},{"@type":"Organization","@id":"https:\/\/noticiasemdestaque.com\/cd\/#organization","name":"Not\u00edcias em Destaque","url":"https:\/\/noticiasemdestaque.com\/cd\/","logo":{"@type":"ImageObject","inLanguage":"pt-BR","@id":"https:\/\/noticiasemdestaque.com\/cd\/#\/schema\/logo\/image\/","url":"https:\/\/noticiasemdestaque.com\/cd\/wp-content\/uploads\/2022\/05\/imagem-base-noticiasemdestaque.png","contentUrl":"https:\/\/noticiasemdestaque.com\/cd\/wp-content\/uploads\/2022\/05\/imagem-base-noticiasemdestaque.png","width":1200,"height":630,"caption":"Not\u00edcias em Destaque"},"image":{"@id":"https:\/\/noticiasemdestaque.com\/cd\/#\/schema\/logo\/image\/"}},{"@type":"Person","@id":"https:\/\/noticiasemdestaque.com\/cd\/#\/schema\/person\/47f7d4f55eec17c6b2ca036c5500f6ce","name":"Not\u00edcias em Destaque","url":"https:\/\/noticiasemdestaque.com\/cd\/?author=2"}]}},"jetpack_featured_media_url":"https:\/\/noticiasemdestaque.com\/cd\/wp-content\/uploads\/2019\/04\/WhatsApp-Image-2019-04-03-at-12.57.47-300x200.jpeg","jetpack_sharing_enabled":true,"_links":{"self":[{"href":"https:\/\/noticiasemdestaque.com\/cd\/index.php?rest_route=\/wp\/v2\/posts\/16531","targetHints":{"allow":["GET"]}}],"collection":[{"href":"https:\/\/noticiasemdestaque.com\/cd\/index.php?rest_route=\/wp\/v2\/posts"}],"about":[{"href":"https:\/\/noticiasemdestaque.com\/cd\/index.php?rest_route=\/wp\/v2\/types\/post"}],"author":[{"embeddable":true,"href":"https:\/\/noticiasemdestaque.com\/cd\/index.php?rest_route=\/wp\/v2\/users\/2"}],"replies":[{"embeddable":true,"href":"https:\/\/noticiasemdestaque.com\/cd\/index.php?rest_route=%2Fwp%2Fv2%2Fcomments&post=16531"}],"version-history":[{"count":1,"href":"https:\/\/noticiasemdestaque.com\/cd\/index.php?rest_route=\/wp\/v2\/posts\/16531\/revisions"}],"predecessor-version":[{"id":16533,"href":"https:\/\/noticiasemdestaque.com\/cd\/index.php?rest_route=\/wp\/v2\/posts\/16531\/revisions\/16533"}],"wp:featuredmedia":[{"embeddable":true,"href":"https:\/\/noticiasemdestaque.com\/cd\/index.php?rest_route=\/wp\/v2\/media\/16532"}],"wp:attachment":[{"href":"https:\/\/noticiasemdestaque.com\/cd\/index.php?rest_route=%2Fwp%2Fv2%2Fmedia&parent=16531"}],"wp:term":[{"taxonomy":"category","embeddable":true,"href":"https:\/\/noticiasemdestaque.com\/cd\/index.php?rest_route=%2Fwp%2Fv2%2Fcategories&post=16531"},{"taxonomy":"post_tag","embeddable":true,"href":"https:\/\/noticiasemdestaque.com\/cd\/index.php?rest_route=%2Fwp%2Fv2%2Ftags&post=16531"}],"curies":[{"name":"wp","href":"https:\/\/api.w.org\/{rel}","templated":true}]}}