{"id":16498,"date":"2019-04-03T20:44:10","date_gmt":"2019-04-03T23:44:10","guid":{"rendered":"http:\/\/noticiasemdestaque.com\/cd\/?p=16498"},"modified":"2019-04-03T20:44:10","modified_gmt":"2019-04-03T23:44:10","slug":"monteirenses-comparecem-em-peso-para-mesa-redonda-sobre-autismo","status":"publish","type":"post","link":"https:\/\/noticiasemdestaque.com\/cd\/?p=16498","title":{"rendered":"Monteirenses comparecem em peso para Mesa Redonda sobre Autismo"},"content":{"rendered":"<p><a href=\"https:\/\/noticiasemdestaque.com\/cd\/wp-content\/uploads\/2019\/04\/Semana-do-Autismo-_-Mesa-Redonda-2.jpeg\"><img fetchpriority=\"high\" decoding=\"async\" class=\"wp-image-16500 aligncenter\" src=\"https:\/\/noticiasemdestaque.com\/cd\/wp-content\/uploads\/2019\/04\/Semana-do-Autismo-_-Mesa-Redonda-2-1024x682.jpeg\" alt=\"\" width=\"506\" height=\"337\" srcset=\"https:\/\/noticiasemdestaque.com\/cd\/wp-content\/uploads\/2019\/04\/Semana-do-Autismo-_-Mesa-Redonda-2-1024x682.jpeg 1024w, https:\/\/noticiasemdestaque.com\/cd\/wp-content\/uploads\/2019\/04\/Semana-do-Autismo-_-Mesa-Redonda-2-300x200.jpeg 300w, https:\/\/noticiasemdestaque.com\/cd\/wp-content\/uploads\/2019\/04\/Semana-do-Autismo-_-Mesa-Redonda-2-768x512.jpeg 768w, https:\/\/noticiasemdestaque.com\/cd\/wp-content\/uploads\/2019\/04\/Semana-do-Autismo-_-Mesa-Redonda-2-480x320.jpeg 480w, https:\/\/noticiasemdestaque.com\/cd\/wp-content\/uploads\/2019\/04\/Semana-do-Autismo-_-Mesa-Redonda-2.jpeg 1280w\" sizes=\"(max-width: 506px) 100vw, 506px\" \/><\/a><\/p>\n<p>Nesta semana o munic\u00edpio de Monteiro est\u00e1 comemorando a Semana do Autismo, com a\u00e7\u00f5es que visam \u00e0 conscientiza\u00e7\u00e3o sobre o Autismo, bem como os desafios e possibilidades sendo estes os temas da Mesa Redonda apresentada \u00e0 popula\u00e7\u00e3o na noite desta ter\u00e7a-feira.<\/p>\n<p>Para este momento a fonoaudi\u00f3loga Rosinel\u00e2ndia Leandro e a professora Renata Siqueira, que possuem capacita\u00e7\u00e3o em An\u00e1lise Aplicada do Comportamento ABA e PECS, receberam cerca de 200 monteirenses interessados em conhecer mais sobre o Autismo.<\/p>\n<p><a href=\"https:\/\/noticiasemdestaque.com\/cd\/wp-content\/uploads\/2019\/04\/Semana-do-Autismo-_-Mesa-Redonda-1.jpeg\"><img decoding=\"async\" class=\"wp-image-16499 alignleft\" src=\"https:\/\/noticiasemdestaque.com\/cd\/wp-content\/uploads\/2019\/04\/Semana-do-Autismo-_-Mesa-Redonda-1-1024x682.jpeg\" alt=\"\" width=\"344\" height=\"229\" srcset=\"https:\/\/noticiasemdestaque.com\/cd\/wp-content\/uploads\/2019\/04\/Semana-do-Autismo-_-Mesa-Redonda-1-1024x682.jpeg 1024w, https:\/\/noticiasemdestaque.com\/cd\/wp-content\/uploads\/2019\/04\/Semana-do-Autismo-_-Mesa-Redonda-1-300x200.jpeg 300w, https:\/\/noticiasemdestaque.com\/cd\/wp-content\/uploads\/2019\/04\/Semana-do-Autismo-_-Mesa-Redonda-1-768x512.jpeg 768w, https:\/\/noticiasemdestaque.com\/cd\/wp-content\/uploads\/2019\/04\/Semana-do-Autismo-_-Mesa-Redonda-1-480x320.jpeg 480w, https:\/\/noticiasemdestaque.com\/cd\/wp-content\/uploads\/2019\/04\/Semana-do-Autismo-_-Mesa-Redonda-1.jpeg 1280w\" sizes=\"(max-width: 344px) 100vw, 344px\" \/><\/a><\/p>\n<p>Al\u00e9m de professores, profissionais de diversas \u00e1reas, pais e popula\u00e7\u00e3o em geral, tamb\u00e9m estiveram prestigiando a Mesa redonda a prefeita do munic\u00edpio Anna Lorena, juntamente com a secret\u00e1ria de educa\u00e7\u00e3o Ana Lima, onde na oportunidade puderam agradecer aos presentes e falar sobre a import\u00e2ncia do momento.<\/p>\n<p>Em meio \u00e0s explica\u00e7\u00f5es, as palestrantes apresentaram casos de crian\u00e7as atendidas pelo NAPSE e CERII que recebem o acompanhamento tanto nas entidades quanto em suas casas e mostraram em v\u00eddeos a evolu\u00e7\u00e3o das mesmas atrav\u00e9s dos m\u00e9todos ABA e PECS.<\/p>\n<p>Em um momento de muita expectativa a m\u00e3e de uma das crian\u00e7as apresentou sua experi\u00eancia como m\u00e3e, sobre sua rotina e o trabalho prestado pelos profissionais da Rede Municipal.<\/p>\n<p>Complementando ainda as a\u00e7\u00f5es na Semana do Autismo acontecer\u00e3o palestras nas escolas para informar sobre o autismo.<\/p>\n<p>Sobre o Autismo<\/p>\n<p>O\u00a0autismo\u00a0\u00e9 um problema psiqui\u00e1trico que costuma ser identificado na inf\u00e2ncia, entre 1 ano e meio e 3 anos, embora os sinais iniciais \u00e0s vezes apare\u00e7am j\u00e1 nos primeiros meses de vida. O dist\u00farbio afeta a comunica\u00e7\u00e3o e capacidade de aprendizado e adapta\u00e7\u00e3o da crian\u00e7a.<\/p>\n<p>Que fique claro: os autistas apresentam o desenvolvimento f\u00edsico normal. Mas eles t\u00eam grande dificuldade para firmar rela\u00e7\u00f5es sociais ou afetivas e d\u00e3o mostras de viver em um mundo isolado.<\/p>\n<p>Anteriormente o problema era dividido em cinco categorias, entre elas a s\u00edndrome de Asperger. Hoje, ele uma \u00fanica classifica\u00e7\u00e3o, com diferentes graus de funcionalidade e sob o nome t\u00e9cnico de transtorno do espectro do autismo.\u00a0O jeito de lidar com cada um varia.<\/p>\n<p>Atendimento no Munic\u00edpio<\/p>\n<p>As acrian\u00e7as autistas do munic\u00edpio de Monteiro contam com apoio nas redes de ensino e sa\u00fade sendo NAPSE, Salas de AEE e CER II.<\/p>\n<p>Conforme explicado pela fonoaudi\u00f3loga Rosinel\u00e2ndia Leandro, as crian\u00e7as t\u00eam um acompanhamento de qualidade atrav\u00e9s do munic\u00edpio cercada de profissionais que v\u00e3o desde psic\u00f3logos, psiquiatras, fisioterapeutas, terapeutas ocupacionais, entre outros.<\/p>\n<p>Caso haja alguma d\u00favida, os pais ou popula\u00e7\u00e3o em geral, podem procurar os profissionais no CER II e Napse para esclarecimentos.<\/p>\n<p>&nbsp;<\/p>\n","protected":false},"excerpt":{"rendered":"<p>Nesta semana o munic\u00edpio de Monteiro est\u00e1 comemorando a Semana do Autismo, com a\u00e7\u00f5es que visam \u00e0 conscientiza\u00e7\u00e3o sobre o Autismo, bem como os desafios e possibilidades sendo estes os temas da Mesa Redonda apresentada \u00e0 popula\u00e7\u00e3o na noite desta ter\u00e7a-feira. Para este momento a fonoaudi\u00f3loga Rosinel\u00e2ndia Leandro e a professora Renata Siqueira, que possuem capacita\u00e7\u00e3o em An\u00e1lise Aplicada do Comportamento ABA e PECS, receberam cerca de 200 monteirenses interessados em conhecer mais sobre o Autismo. Al\u00e9m de professores, profissionais de diversas \u00e1reas, pais e popula\u00e7\u00e3o em geral, tamb\u00e9m estiveram prestigiando a Mesa redonda a prefeita do munic\u00edpio Anna Lorena, juntamente com a secret\u00e1ria de educa\u00e7\u00e3o Ana Lima, onde na oportunidade puderam agradecer aos presentes e falar sobre a import\u00e2ncia do momento. Em meio \u00e0s explica\u00e7\u00f5es, as palestrantes apresentaram casos de crian\u00e7as atendidas pelo NAPSE e CERII que recebem o acompanhamento tanto nas entidades quanto em suas casas e mostraram em v\u00eddeos a evolu\u00e7\u00e3o das mesmas atrav\u00e9s dos m\u00e9todos ABA e PECS. Em um momento de muita expectativa a m\u00e3e de uma das crian\u00e7as apresentou sua experi\u00eancia como m\u00e3e, sobre sua rotina e o trabalho prestado pelos profissionais da Rede Municipal. Complementando ainda as a\u00e7\u00f5es na Semana do Autismo acontecer\u00e3o palestras nas escolas para informar sobre o autismo. Sobre o Autismo O\u00a0autismo\u00a0\u00e9 um problema psiqui\u00e1trico que costuma ser identificado na inf\u00e2ncia, entre 1 ano e meio e 3 anos, embora os sinais iniciais \u00e0s vezes apare\u00e7am j\u00e1 nos primeiros meses de vida. O dist\u00farbio afeta a comunica\u00e7\u00e3o e capacidade de aprendizado e adapta\u00e7\u00e3o da crian\u00e7a. Que fique claro: os autistas apresentam o desenvolvimento f\u00edsico normal. Mas eles t\u00eam grande dificuldade para firmar rela\u00e7\u00f5es sociais ou afetivas e d\u00e3o mostras de viver em um mundo isolado. Anteriormente o problema era dividido em cinco categorias, entre elas a s\u00edndrome de Asperger. Hoje, ele uma \u00fanica classifica\u00e7\u00e3o, com diferentes graus de funcionalidade e sob o nome t\u00e9cnico de transtorno do espectro do autismo.\u00a0O jeito de lidar com cada um varia. Atendimento no Munic\u00edpio As acrian\u00e7as autistas do munic\u00edpio de Monteiro contam com apoio nas redes de ensino e sa\u00fade sendo NAPSE, Salas de AEE e CER II. Conforme explicado pela fonoaudi\u00f3loga Rosinel\u00e2ndia Leandro, as crian\u00e7as t\u00eam um acompanhamento de qualidade atrav\u00e9s do munic\u00edpio cercada de profissionais que v\u00e3o desde psic\u00f3logos, psiquiatras, fisioterapeutas, terapeutas ocupacionais, entre outros. Caso haja alguma d\u00favida, os pais ou popula\u00e7\u00e3o em geral, podem procurar os profissionais no CER II e Napse para esclarecimentos. &nbsp;<\/p>\n","protected":false},"author":2,"featured_media":16500,"comment_status":"closed","ping_status":"open","sticky":false,"template":"","format":"standard","meta":{"_eb_attr":"","_jetpack_memberships_contains_paid_content":false,"footnotes":""},"categories":[12],"tags":[],"class_list":["post-16498","post","type-post","status-publish","format-standard","has-post-thumbnail","hentry","category-geral"],"yoast_head":"<!-- This site is optimized with the Yoast SEO plugin v26.5 - https:\/\/yoast.com\/wordpress\/plugins\/seo\/ -->\n<title>Monteirenses comparecem em peso para Mesa Redonda sobre Autismo - Not&iacute;cias em Destaque<\/title>\n<meta name=\"robots\" content=\"index, follow, max-snippet:-1, max-image-preview:large, max-video-preview:-1\" \/>\n<link rel=\"canonical\" href=\"https:\/\/noticiasemdestaque.com\/cd\/?p=16498\" \/>\n<meta property=\"og:locale\" content=\"pt_BR\" \/>\n<meta property=\"og:type\" content=\"article\" \/>\n<meta property=\"og:title\" content=\"Monteirenses comparecem em peso para Mesa Redonda sobre Autismo - Not&iacute;cias em Destaque\" \/>\n<meta property=\"og:description\" content=\"Nesta semana o munic\u00edpio de Monteiro est\u00e1 comemorando a Semana do Autismo, com a\u00e7\u00f5es que visam \u00e0 conscientiza\u00e7\u00e3o sobre o Autismo, bem como os desafios e possibilidades sendo estes os temas da Mesa Redonda apresentada \u00e0 popula\u00e7\u00e3o na noite desta ter\u00e7a-feira. Para este momento a fonoaudi\u00f3loga Rosinel\u00e2ndia Leandro e a professora Renata Siqueira, que possuem capacita\u00e7\u00e3o em An\u00e1lise Aplicada do Comportamento ABA e PECS, receberam cerca de 200 monteirenses interessados em conhecer mais sobre o Autismo. Al\u00e9m de professores, profissionais de diversas \u00e1reas, pais e popula\u00e7\u00e3o em geral, tamb\u00e9m estiveram prestigiando a Mesa redonda a prefeita do munic\u00edpio Anna Lorena, juntamente com a secret\u00e1ria de educa\u00e7\u00e3o Ana Lima, onde na oportunidade puderam agradecer aos presentes e falar sobre a import\u00e2ncia do momento. Em meio \u00e0s explica\u00e7\u00f5es, as palestrantes apresentaram casos de crian\u00e7as atendidas pelo NAPSE e CERII que recebem o acompanhamento tanto nas entidades quanto em suas casas e mostraram em v\u00eddeos a evolu\u00e7\u00e3o das mesmas atrav\u00e9s dos m\u00e9todos ABA e PECS. Em um momento de muita expectativa a m\u00e3e de uma das crian\u00e7as apresentou sua experi\u00eancia como m\u00e3e, sobre sua rotina e o trabalho prestado pelos profissionais da Rede Municipal. Complementando ainda as a\u00e7\u00f5es na Semana do Autismo acontecer\u00e3o palestras nas escolas para informar sobre o autismo. Sobre o Autismo O\u00a0autismo\u00a0\u00e9 um problema psiqui\u00e1trico que costuma ser identificado na inf\u00e2ncia, entre 1 ano e meio e 3 anos, embora os sinais iniciais \u00e0s vezes apare\u00e7am j\u00e1 nos primeiros meses de vida. O dist\u00farbio afeta a comunica\u00e7\u00e3o e capacidade de aprendizado e adapta\u00e7\u00e3o da crian\u00e7a. Que fique claro: os autistas apresentam o desenvolvimento f\u00edsico normal. Mas eles t\u00eam grande dificuldade para firmar rela\u00e7\u00f5es sociais ou afetivas e d\u00e3o mostras de viver em um mundo isolado. Anteriormente o problema era dividido em cinco categorias, entre elas a s\u00edndrome de Asperger. Hoje, ele uma \u00fanica classifica\u00e7\u00e3o, com diferentes graus de funcionalidade e sob o nome t\u00e9cnico de transtorno do espectro do autismo.\u00a0O jeito de lidar com cada um varia. Atendimento no Munic\u00edpio As acrian\u00e7as autistas do munic\u00edpio de Monteiro contam com apoio nas redes de ensino e sa\u00fade sendo NAPSE, Salas de AEE e CER II. Conforme explicado pela fonoaudi\u00f3loga Rosinel\u00e2ndia Leandro, as crian\u00e7as t\u00eam um acompanhamento de qualidade atrav\u00e9s do munic\u00edpio cercada de profissionais que v\u00e3o desde psic\u00f3logos, psiquiatras, fisioterapeutas, terapeutas ocupacionais, entre outros. Caso haja alguma d\u00favida, os pais ou popula\u00e7\u00e3o em geral, podem procurar os profissionais no CER II e Napse para esclarecimentos. &nbsp;\" \/>\n<meta property=\"og:url\" content=\"https:\/\/noticiasemdestaque.com\/cd\/?p=16498\" \/>\n<meta property=\"og:site_name\" content=\"Not&iacute;cias em Destaque\" \/>\n<meta property=\"article:published_time\" content=\"2019-04-03T23:44:10+00:00\" \/>\n<meta property=\"og:image\" content=\"https:\/\/noticiasemdestaque.com\/cd\/wp-content\/uploads\/2019\/04\/Semana-do-Autismo-_-Mesa-Redonda-2.jpeg\" \/>\n\t<meta property=\"og:image:width\" content=\"1280\" \/>\n\t<meta property=\"og:image:height\" content=\"853\" \/>\n\t<meta property=\"og:image:type\" content=\"image\/jpeg\" \/>\n<meta name=\"author\" content=\"Not\u00edcias em Destaque\" \/>\n<meta name=\"twitter:card\" content=\"summary_large_image\" \/>\n<meta name=\"twitter:label1\" content=\"Escrito por\" \/>\n\t<meta name=\"twitter:data1\" content=\"Not\u00edcias em Destaque\" \/>\n\t<meta name=\"twitter:label2\" content=\"Est. tempo de leitura\" \/>\n\t<meta name=\"twitter:data2\" content=\"2 minutos\" \/>\n<script type=\"application\/ld+json\" class=\"yoast-schema-graph\">{\"@context\":\"https:\/\/schema.org\",\"@graph\":[{\"@type\":\"Article\",\"@id\":\"https:\/\/noticiasemdestaque.com\/cd\/?p=16498#article\",\"isPartOf\":{\"@id\":\"https:\/\/noticiasemdestaque.com\/cd\/?p=16498\"},\"author\":{\"name\":\"Not\u00edcias em Destaque\",\"@id\":\"https:\/\/noticiasemdestaque.com\/cd\/#\/schema\/person\/47f7d4f55eec17c6b2ca036c5500f6ce\"},\"headline\":\"Monteirenses comparecem em peso para Mesa Redonda sobre Autismo\",\"datePublished\":\"2019-04-03T23:44:10+00:00\",\"mainEntityOfPage\":{\"@id\":\"https:\/\/noticiasemdestaque.com\/cd\/?p=16498\"},\"wordCount\":467,\"publisher\":{\"@id\":\"https:\/\/noticiasemdestaque.com\/cd\/#organization\"},\"image\":{\"@id\":\"https:\/\/noticiasemdestaque.com\/cd\/?p=16498#primaryimage\"},\"thumbnailUrl\":\"https:\/\/noticiasemdestaque.com\/cd\/wp-content\/uploads\/2019\/04\/Semana-do-Autismo-_-Mesa-Redonda-2.jpeg\",\"articleSection\":[\"Geral\"],\"inLanguage\":\"pt-BR\"},{\"@type\":\"WebPage\",\"@id\":\"https:\/\/noticiasemdestaque.com\/cd\/?p=16498\",\"url\":\"https:\/\/noticiasemdestaque.com\/cd\/?p=16498\",\"name\":\"Monteirenses comparecem em peso para Mesa Redonda sobre Autismo - Not&iacute;cias em Destaque\",\"isPartOf\":{\"@id\":\"https:\/\/noticiasemdestaque.com\/cd\/#website\"},\"primaryImageOfPage\":{\"@id\":\"https:\/\/noticiasemdestaque.com\/cd\/?p=16498#primaryimage\"},\"image\":{\"@id\":\"https:\/\/noticiasemdestaque.com\/cd\/?p=16498#primaryimage\"},\"thumbnailUrl\":\"https:\/\/noticiasemdestaque.com\/cd\/wp-content\/uploads\/2019\/04\/Semana-do-Autismo-_-Mesa-Redonda-2.jpeg\",\"datePublished\":\"2019-04-03T23:44:10+00:00\",\"breadcrumb\":{\"@id\":\"https:\/\/noticiasemdestaque.com\/cd\/?p=16498#breadcrumb\"},\"inLanguage\":\"pt-BR\",\"potentialAction\":[{\"@type\":\"ReadAction\",\"target\":[\"https:\/\/noticiasemdestaque.com\/cd\/?p=16498\"]}]},{\"@type\":\"ImageObject\",\"inLanguage\":\"pt-BR\",\"@id\":\"https:\/\/noticiasemdestaque.com\/cd\/?p=16498#primaryimage\",\"url\":\"https:\/\/noticiasemdestaque.com\/cd\/wp-content\/uploads\/2019\/04\/Semana-do-Autismo-_-Mesa-Redonda-2.jpeg\",\"contentUrl\":\"https:\/\/noticiasemdestaque.com\/cd\/wp-content\/uploads\/2019\/04\/Semana-do-Autismo-_-Mesa-Redonda-2.jpeg\",\"width\":1280,\"height\":853},{\"@type\":\"BreadcrumbList\",\"@id\":\"https:\/\/noticiasemdestaque.com\/cd\/?p=16498#breadcrumb\",\"itemListElement\":[{\"@type\":\"ListItem\",\"position\":1,\"name\":\"In\u00edcio\",\"item\":\"https:\/\/noticiasemdestaque.com\/cd\/\"},{\"@type\":\"ListItem\",\"position\":2,\"name\":\"Monteirenses comparecem em peso para Mesa Redonda sobre Autismo\"}]},{\"@type\":\"WebSite\",\"@id\":\"https:\/\/noticiasemdestaque.com\/cd\/#website\",\"url\":\"https:\/\/noticiasemdestaque.com\/cd\/\",\"name\":\"Not&iacute;cias em Destaque\",\"description\":\"\",\"publisher\":{\"@id\":\"https:\/\/noticiasemdestaque.com\/cd\/#organization\"},\"potentialAction\":[{\"@type\":\"SearchAction\",\"target\":{\"@type\":\"EntryPoint\",\"urlTemplate\":\"https:\/\/noticiasemdestaque.com\/cd\/?s={search_term_string}\"},\"query-input\":{\"@type\":\"PropertyValueSpecification\",\"valueRequired\":true,\"valueName\":\"search_term_string\"}}],\"inLanguage\":\"pt-BR\"},{\"@type\":\"Organization\",\"@id\":\"https:\/\/noticiasemdestaque.com\/cd\/#organization\",\"name\":\"Not\u00edcias em Destaque\",\"url\":\"https:\/\/noticiasemdestaque.com\/cd\/\",\"logo\":{\"@type\":\"ImageObject\",\"inLanguage\":\"pt-BR\",\"@id\":\"https:\/\/noticiasemdestaque.com\/cd\/#\/schema\/logo\/image\/\",\"url\":\"https:\/\/noticiasemdestaque.com\/cd\/wp-content\/uploads\/2022\/05\/imagem-base-noticiasemdestaque.png\",\"contentUrl\":\"https:\/\/noticiasemdestaque.com\/cd\/wp-content\/uploads\/2022\/05\/imagem-base-noticiasemdestaque.png\",\"width\":1200,\"height\":630,\"caption\":\"Not\u00edcias em Destaque\"},\"image\":{\"@id\":\"https:\/\/noticiasemdestaque.com\/cd\/#\/schema\/logo\/image\/\"}},{\"@type\":\"Person\",\"@id\":\"https:\/\/noticiasemdestaque.com\/cd\/#\/schema\/person\/47f7d4f55eec17c6b2ca036c5500f6ce\",\"name\":\"Not\u00edcias em Destaque\",\"url\":\"https:\/\/noticiasemdestaque.com\/cd\/?author=2\"}]}<\/script>\n<!-- \/ Yoast SEO plugin. -->","yoast_head_json":{"title":"Monteirenses comparecem em peso para Mesa Redonda sobre Autismo - Not&iacute;cias em Destaque","robots":{"index":"index","follow":"follow","max-snippet":"max-snippet:-1","max-image-preview":"max-image-preview:large","max-video-preview":"max-video-preview:-1"},"canonical":"https:\/\/noticiasemdestaque.com\/cd\/?p=16498","og_locale":"pt_BR","og_type":"article","og_title":"Monteirenses comparecem em peso para Mesa Redonda sobre Autismo - Not&iacute;cias em Destaque","og_description":"Nesta semana o munic\u00edpio de Monteiro est\u00e1 comemorando a Semana do Autismo, com a\u00e7\u00f5es que visam \u00e0 conscientiza\u00e7\u00e3o sobre o Autismo, bem como os desafios e possibilidades sendo estes os temas da Mesa Redonda apresentada \u00e0 popula\u00e7\u00e3o na noite desta ter\u00e7a-feira. Para este momento a fonoaudi\u00f3loga Rosinel\u00e2ndia Leandro e a professora Renata Siqueira, que possuem capacita\u00e7\u00e3o em An\u00e1lise Aplicada do Comportamento ABA e PECS, receberam cerca de 200 monteirenses interessados em conhecer mais sobre o Autismo. Al\u00e9m de professores, profissionais de diversas \u00e1reas, pais e popula\u00e7\u00e3o em geral, tamb\u00e9m estiveram prestigiando a Mesa redonda a prefeita do munic\u00edpio Anna Lorena, juntamente com a secret\u00e1ria de educa\u00e7\u00e3o Ana Lima, onde na oportunidade puderam agradecer aos presentes e falar sobre a import\u00e2ncia do momento. Em meio \u00e0s explica\u00e7\u00f5es, as palestrantes apresentaram casos de crian\u00e7as atendidas pelo NAPSE e CERII que recebem o acompanhamento tanto nas entidades quanto em suas casas e mostraram em v\u00eddeos a evolu\u00e7\u00e3o das mesmas atrav\u00e9s dos m\u00e9todos ABA e PECS. Em um momento de muita expectativa a m\u00e3e de uma das crian\u00e7as apresentou sua experi\u00eancia como m\u00e3e, sobre sua rotina e o trabalho prestado pelos profissionais da Rede Municipal. Complementando ainda as a\u00e7\u00f5es na Semana do Autismo acontecer\u00e3o palestras nas escolas para informar sobre o autismo. Sobre o Autismo O\u00a0autismo\u00a0\u00e9 um problema psiqui\u00e1trico que costuma ser identificado na inf\u00e2ncia, entre 1 ano e meio e 3 anos, embora os sinais iniciais \u00e0s vezes apare\u00e7am j\u00e1 nos primeiros meses de vida. O dist\u00farbio afeta a comunica\u00e7\u00e3o e capacidade de aprendizado e adapta\u00e7\u00e3o da crian\u00e7a. Que fique claro: os autistas apresentam o desenvolvimento f\u00edsico normal. Mas eles t\u00eam grande dificuldade para firmar rela\u00e7\u00f5es sociais ou afetivas e d\u00e3o mostras de viver em um mundo isolado. Anteriormente o problema era dividido em cinco categorias, entre elas a s\u00edndrome de Asperger. Hoje, ele uma \u00fanica classifica\u00e7\u00e3o, com diferentes graus de funcionalidade e sob o nome t\u00e9cnico de transtorno do espectro do autismo.\u00a0O jeito de lidar com cada um varia. Atendimento no Munic\u00edpio As acrian\u00e7as autistas do munic\u00edpio de Monteiro contam com apoio nas redes de ensino e sa\u00fade sendo NAPSE, Salas de AEE e CER II. Conforme explicado pela fonoaudi\u00f3loga Rosinel\u00e2ndia Leandro, as crian\u00e7as t\u00eam um acompanhamento de qualidade atrav\u00e9s do munic\u00edpio cercada de profissionais que v\u00e3o desde psic\u00f3logos, psiquiatras, fisioterapeutas, terapeutas ocupacionais, entre outros. Caso haja alguma d\u00favida, os pais ou popula\u00e7\u00e3o em geral, podem procurar os profissionais no CER II e Napse para esclarecimentos. &nbsp;","og_url":"https:\/\/noticiasemdestaque.com\/cd\/?p=16498","og_site_name":"Not&iacute;cias em Destaque","article_published_time":"2019-04-03T23:44:10+00:00","og_image":[{"width":1280,"height":853,"url":"https:\/\/noticiasemdestaque.com\/cd\/wp-content\/uploads\/2019\/04\/Semana-do-Autismo-_-Mesa-Redonda-2.jpeg","type":"image\/jpeg"}],"author":"Not\u00edcias em Destaque","twitter_card":"summary_large_image","twitter_misc":{"Escrito por":"Not\u00edcias em Destaque","Est. tempo de leitura":"2 minutos"},"schema":{"@context":"https:\/\/schema.org","@graph":[{"@type":"Article","@id":"https:\/\/noticiasemdestaque.com\/cd\/?p=16498#article","isPartOf":{"@id":"https:\/\/noticiasemdestaque.com\/cd\/?p=16498"},"author":{"name":"Not\u00edcias em Destaque","@id":"https:\/\/noticiasemdestaque.com\/cd\/#\/schema\/person\/47f7d4f55eec17c6b2ca036c5500f6ce"},"headline":"Monteirenses comparecem em peso para Mesa Redonda sobre Autismo","datePublished":"2019-04-03T23:44:10+00:00","mainEntityOfPage":{"@id":"https:\/\/noticiasemdestaque.com\/cd\/?p=16498"},"wordCount":467,"publisher":{"@id":"https:\/\/noticiasemdestaque.com\/cd\/#organization"},"image":{"@id":"https:\/\/noticiasemdestaque.com\/cd\/?p=16498#primaryimage"},"thumbnailUrl":"https:\/\/noticiasemdestaque.com\/cd\/wp-content\/uploads\/2019\/04\/Semana-do-Autismo-_-Mesa-Redonda-2.jpeg","articleSection":["Geral"],"inLanguage":"pt-BR"},{"@type":"WebPage","@id":"https:\/\/noticiasemdestaque.com\/cd\/?p=16498","url":"https:\/\/noticiasemdestaque.com\/cd\/?p=16498","name":"Monteirenses comparecem em peso para Mesa Redonda sobre Autismo - Not&iacute;cias em Destaque","isPartOf":{"@id":"https:\/\/noticiasemdestaque.com\/cd\/#website"},"primaryImageOfPage":{"@id":"https:\/\/noticiasemdestaque.com\/cd\/?p=16498#primaryimage"},"image":{"@id":"https:\/\/noticiasemdestaque.com\/cd\/?p=16498#primaryimage"},"thumbnailUrl":"https:\/\/noticiasemdestaque.com\/cd\/wp-content\/uploads\/2019\/04\/Semana-do-Autismo-_-Mesa-Redonda-2.jpeg","datePublished":"2019-04-03T23:44:10+00:00","breadcrumb":{"@id":"https:\/\/noticiasemdestaque.com\/cd\/?p=16498#breadcrumb"},"inLanguage":"pt-BR","potentialAction":[{"@type":"ReadAction","target":["https:\/\/noticiasemdestaque.com\/cd\/?p=16498"]}]},{"@type":"ImageObject","inLanguage":"pt-BR","@id":"https:\/\/noticiasemdestaque.com\/cd\/?p=16498#primaryimage","url":"https:\/\/noticiasemdestaque.com\/cd\/wp-content\/uploads\/2019\/04\/Semana-do-Autismo-_-Mesa-Redonda-2.jpeg","contentUrl":"https:\/\/noticiasemdestaque.com\/cd\/wp-content\/uploads\/2019\/04\/Semana-do-Autismo-_-Mesa-Redonda-2.jpeg","width":1280,"height":853},{"@type":"BreadcrumbList","@id":"https:\/\/noticiasemdestaque.com\/cd\/?p=16498#breadcrumb","itemListElement":[{"@type":"ListItem","position":1,"name":"In\u00edcio","item":"https:\/\/noticiasemdestaque.com\/cd\/"},{"@type":"ListItem","position":2,"name":"Monteirenses comparecem em peso para Mesa Redonda sobre Autismo"}]},{"@type":"WebSite","@id":"https:\/\/noticiasemdestaque.com\/cd\/#website","url":"https:\/\/noticiasemdestaque.com\/cd\/","name":"Not&iacute;cias em Destaque","description":"","publisher":{"@id":"https:\/\/noticiasemdestaque.com\/cd\/#organization"},"potentialAction":[{"@type":"SearchAction","target":{"@type":"EntryPoint","urlTemplate":"https:\/\/noticiasemdestaque.com\/cd\/?s={search_term_string}"},"query-input":{"@type":"PropertyValueSpecification","valueRequired":true,"valueName":"search_term_string"}}],"inLanguage":"pt-BR"},{"@type":"Organization","@id":"https:\/\/noticiasemdestaque.com\/cd\/#organization","name":"Not\u00edcias em Destaque","url":"https:\/\/noticiasemdestaque.com\/cd\/","logo":{"@type":"ImageObject","inLanguage":"pt-BR","@id":"https:\/\/noticiasemdestaque.com\/cd\/#\/schema\/logo\/image\/","url":"https:\/\/noticiasemdestaque.com\/cd\/wp-content\/uploads\/2022\/05\/imagem-base-noticiasemdestaque.png","contentUrl":"https:\/\/noticiasemdestaque.com\/cd\/wp-content\/uploads\/2022\/05\/imagem-base-noticiasemdestaque.png","width":1200,"height":630,"caption":"Not\u00edcias em Destaque"},"image":{"@id":"https:\/\/noticiasemdestaque.com\/cd\/#\/schema\/logo\/image\/"}},{"@type":"Person","@id":"https:\/\/noticiasemdestaque.com\/cd\/#\/schema\/person\/47f7d4f55eec17c6b2ca036c5500f6ce","name":"Not\u00edcias em Destaque","url":"https:\/\/noticiasemdestaque.com\/cd\/?author=2"}]}},"jetpack_featured_media_url":"https:\/\/noticiasemdestaque.com\/cd\/wp-content\/uploads\/2019\/04\/Semana-do-Autismo-_-Mesa-Redonda-2.jpeg","jetpack_sharing_enabled":true,"_links":{"self":[{"href":"https:\/\/noticiasemdestaque.com\/cd\/index.php?rest_route=\/wp\/v2\/posts\/16498","targetHints":{"allow":["GET"]}}],"collection":[{"href":"https:\/\/noticiasemdestaque.com\/cd\/index.php?rest_route=\/wp\/v2\/posts"}],"about":[{"href":"https:\/\/noticiasemdestaque.com\/cd\/index.php?rest_route=\/wp\/v2\/types\/post"}],"author":[{"embeddable":true,"href":"https:\/\/noticiasemdestaque.com\/cd\/index.php?rest_route=\/wp\/v2\/users\/2"}],"replies":[{"embeddable":true,"href":"https:\/\/noticiasemdestaque.com\/cd\/index.php?rest_route=%2Fwp%2Fv2%2Fcomments&post=16498"}],"version-history":[{"count":1,"href":"https:\/\/noticiasemdestaque.com\/cd\/index.php?rest_route=\/wp\/v2\/posts\/16498\/revisions"}],"predecessor-version":[{"id":16501,"href":"https:\/\/noticiasemdestaque.com\/cd\/index.php?rest_route=\/wp\/v2\/posts\/16498\/revisions\/16501"}],"wp:featuredmedia":[{"embeddable":true,"href":"https:\/\/noticiasemdestaque.com\/cd\/index.php?rest_route=\/wp\/v2\/media\/16500"}],"wp:attachment":[{"href":"https:\/\/noticiasemdestaque.com\/cd\/index.php?rest_route=%2Fwp%2Fv2%2Fmedia&parent=16498"}],"wp:term":[{"taxonomy":"category","embeddable":true,"href":"https:\/\/noticiasemdestaque.com\/cd\/index.php?rest_route=%2Fwp%2Fv2%2Fcategories&post=16498"},{"taxonomy":"post_tag","embeddable":true,"href":"https:\/\/noticiasemdestaque.com\/cd\/index.php?rest_route=%2Fwp%2Fv2%2Ftags&post=16498"}],"curies":[{"name":"wp","href":"https:\/\/api.w.org\/{rel}","templated":true}]}}