{"id":16494,"date":"2019-04-03T20:41:43","date_gmt":"2019-04-03T23:41:43","guid":{"rendered":"http:\/\/noticiasemdestaque.com\/cd\/?p=16494"},"modified":"2019-04-03T20:41:43","modified_gmt":"2019-04-03T23:41:43","slug":"agricultores-do-municipio-de-monteiro-sao-assistidos-pela-administracao-municipal","status":"publish","type":"post","link":"https:\/\/noticiasemdestaque.com\/cd\/?p=16494","title":{"rendered":"Agricultores do munic\u00edpio de Monteiro s\u00e3o assistidos pela administra\u00e7\u00e3o municipal"},"content":{"rendered":"<p><a href=\"https:\/\/noticiasemdestaque.com\/cd\/wp-content\/uploads\/2019\/04\/Atendimento-carro-odontologico-zona-rural-2.jpeg\"><img fetchpriority=\"high\" decoding=\"async\" class=\"wp-image-16496 aligncenter\" src=\"https:\/\/noticiasemdestaque.com\/cd\/wp-content\/uploads\/2019\/04\/Atendimento-carro-odontologico-zona-rural-2-1024x576.jpeg\" alt=\"\" width=\"523\" height=\"294\" srcset=\"https:\/\/noticiasemdestaque.com\/cd\/wp-content\/uploads\/2019\/04\/Atendimento-carro-odontologico-zona-rural-2-1024x576.jpeg 1024w, https:\/\/noticiasemdestaque.com\/cd\/wp-content\/uploads\/2019\/04\/Atendimento-carro-odontologico-zona-rural-2-300x169.jpeg 300w, https:\/\/noticiasemdestaque.com\/cd\/wp-content\/uploads\/2019\/04\/Atendimento-carro-odontologico-zona-rural-2-768x432.jpeg 768w, https:\/\/noticiasemdestaque.com\/cd\/wp-content\/uploads\/2019\/04\/Atendimento-carro-odontologico-zona-rural-2.jpeg 1040w\" sizes=\"(max-width: 523px) 100vw, 523px\" \/><\/a><\/p>\n<p>Uma das pol\u00edticas de grande import\u00e2ncia da gest\u00e3o municipal \u00e9 a assist\u00eancia ao homem do campo, sendo assim as equipes de diversas secretarias vem desenvolvendo de forma intensa a\u00e7\u00f5es em prol dos produtores rurais.<\/p>\n<p>Al\u00e9m do Programa Dialogando com o Povo, que re\u00fane a popula\u00e7\u00e3o da zona rural para ouvir as demandas das comunidades, a Prefeitura de Monteiro vem deslocando suas equipes para prestar servi\u00e7os diretamente nos s\u00edtios.<\/p>\n<p><a href=\"https:\/\/noticiasemdestaque.com\/cd\/wp-content\/uploads\/2019\/04\/Atendimento-carro-odontologico-zona-rural-1.jpeg\"><img decoding=\"async\" class=\"wp-image-16495 aligncenter\" src=\"https:\/\/noticiasemdestaque.com\/cd\/wp-content\/uploads\/2019\/04\/Atendimento-carro-odontologico-zona-rural-1-1024x768.jpeg\" alt=\"\" width=\"528\" height=\"396\" srcset=\"https:\/\/noticiasemdestaque.com\/cd\/wp-content\/uploads\/2019\/04\/Atendimento-carro-odontologico-zona-rural-1-1024x768.jpeg 1024w, https:\/\/noticiasemdestaque.com\/cd\/wp-content\/uploads\/2019\/04\/Atendimento-carro-odontologico-zona-rural-1-300x225.jpeg 300w, https:\/\/noticiasemdestaque.com\/cd\/wp-content\/uploads\/2019\/04\/Atendimento-carro-odontologico-zona-rural-1-768x576.jpeg 768w, https:\/\/noticiasemdestaque.com\/cd\/wp-content\/uploads\/2019\/04\/Atendimento-carro-odontologico-zona-rural-1-640x480.jpeg 640w, https:\/\/noticiasemdestaque.com\/cd\/wp-content\/uploads\/2019\/04\/Atendimento-carro-odontologico-zona-rural-1.jpeg 1280w\" sizes=\"(max-width: 528px) 100vw, 528px\" \/><\/a><\/p>\n<p>Nesta semana o carro odontol\u00f3gico esteve presente na comunidade do Garapa atendendo a popula\u00e7\u00e3o conforme solicita\u00e7\u00e3o em uma das reuni\u00f5es do Dialogando com o Povo. Para uma das moradoras da localidade as demandas vem sendo atendidas a contento: \u201cParab\u00e9ns a prefeita Anna Lorena \u00e9 a secret\u00e1ria Ana Paula, sempre atenta as reeinvidica\u00e7\u00f5es dos nossos guerreiros presidentes de Associa\u00e7\u00f5es, mais uma promessa cumprida da demanda do Programa dialogando com o Povo\u201d.<\/p>\n<p>Ainda dentro das atividades realizadas junto \u00e0s comunidades rurais, destaca-se tamb\u00e9m uma reuni\u0101o na sede da Empaer para o cadastro dos produrores rurais no PAA Estadual, onde a prefeita Anna Lorena e o coordenador regional da Empaer, Walmir Azevedo, se empenharam em solicitar ao governador Jo\u00e3o Azevedo a vinda do PAA para o munic\u00edpio que ser\u00e1 contemplada pela primeira vez com o Projeto que \u00e9 de fundamental import\u00e2ncia para os agricultores familiares.<\/p>\n<p>Outro benef\u00edcio recebido pela popula\u00e7\u00e3o rural foi no sentido do servi\u00e7o de reposi\u00e7\u00e3o de l\u00e2mpadas, sendo beneficiadas diversas comunidades rurais, atrav\u00e9s da equipe da Secretaria de Agricultura.<\/p>\n<p>Atendendo ainda os produtores rurais, o SIM \u2013 Servi\u00e7o de Inspe\u00e7\u00e3o Municipal, tamb\u00e9m recebeu in\u00fameros moneteirenses para o registro de seus produtos como polpas de frutas. Para este servi\u00e7o oferecido tamb\u00e9m pela Secretaria de Agricultura, os produtores ainda podem cadastrar produtos como alface, cebolinha, coentro, milho, feij\u00e3o e outros.<\/p>\n<p>\u201cEstamos atentos \u00e0s demandas da popula\u00e7\u00e3o rural, servindo sempre com a maior celeridade poss\u00edvel tanto para os servi\u00e7os como reposi\u00e7\u00e3o de l\u00e2mpadas, recupera\u00e7\u00e3o de estradas, como tamb\u00e9m servi\u00e7os na \u00e1rea da sa\u00fade e tantas outras \u00e1reas. Agradecemos a Deus \u00e0s chuvas que caem, que s\u00e3o b\u00ean\u00e7\u00e3os para os produtores mesmo gerando alguns contratempos, e esperamos que com o trabalho da administra\u00e7\u00e3o municipal, como o corte de terra e outros, possamos melhorar a qualidade de vida do homem do campo. E ainda reiteramos aqui que estamos de portas abertas para ouvir os monteirenses, sejam eles da cidade ou da zona rural, porque s\u00f3 assim conseguiremos diariamente fazer de Monteiro uma cidade cada vez melhor\u201d, afirma Anna Lorena, prefeita do munic\u00edpio.<\/p>\n<p><em><strong>Not\u00edcias em Destaque<\/strong><\/em><\/p>\n<p>Com Secom\/PMM<\/p>\n","protected":false},"excerpt":{"rendered":"<p>Uma das pol\u00edticas de grande import\u00e2ncia da gest\u00e3o municipal \u00e9 a assist\u00eancia ao homem do campo, sendo assim as equipes de diversas secretarias vem desenvolvendo de forma intensa a\u00e7\u00f5es em prol dos produtores rurais. Al\u00e9m do Programa Dialogando com o Povo, que re\u00fane a popula\u00e7\u00e3o da zona rural para ouvir as demandas das comunidades, a Prefeitura de Monteiro vem deslocando suas equipes para prestar servi\u00e7os diretamente nos s\u00edtios. Nesta semana o carro odontol\u00f3gico esteve presente na comunidade do Garapa atendendo a popula\u00e7\u00e3o conforme solicita\u00e7\u00e3o em uma das reuni\u00f5es do Dialogando com o Povo. Para uma das moradoras da localidade as demandas vem sendo atendidas a contento: \u201cParab\u00e9ns a prefeita Anna Lorena \u00e9 a secret\u00e1ria Ana Paula, sempre atenta as reeinvidica\u00e7\u00f5es dos nossos guerreiros presidentes de Associa\u00e7\u00f5es, mais uma promessa cumprida da demanda do Programa dialogando com o Povo\u201d. Ainda dentro das atividades realizadas junto \u00e0s comunidades rurais, destaca-se tamb\u00e9m uma reuni\u0101o na sede da Empaer para o cadastro dos produrores rurais no PAA Estadual, onde a prefeita Anna Lorena e o coordenador regional da Empaer, Walmir Azevedo, se empenharam em solicitar ao governador Jo\u00e3o Azevedo a vinda do PAA para o munic\u00edpio que ser\u00e1 contemplada pela primeira vez com o Projeto que \u00e9 de fundamental import\u00e2ncia para os agricultores familiares. Outro benef\u00edcio recebido pela popula\u00e7\u00e3o rural foi no sentido do servi\u00e7o de reposi\u00e7\u00e3o de l\u00e2mpadas, sendo beneficiadas diversas comunidades rurais, atrav\u00e9s da equipe da Secretaria de Agricultura. Atendendo ainda os produtores rurais, o SIM \u2013 Servi\u00e7o de Inspe\u00e7\u00e3o Municipal, tamb\u00e9m recebeu in\u00fameros moneteirenses para o registro de seus produtos como polpas de frutas. Para este servi\u00e7o oferecido tamb\u00e9m pela Secretaria de Agricultura, os produtores ainda podem cadastrar produtos como alface, cebolinha, coentro, milho, feij\u00e3o e outros. \u201cEstamos atentos \u00e0s demandas da popula\u00e7\u00e3o rural, servindo sempre com a maior celeridade poss\u00edvel tanto para os servi\u00e7os como reposi\u00e7\u00e3o de l\u00e2mpadas, recupera\u00e7\u00e3o de estradas, como tamb\u00e9m servi\u00e7os na \u00e1rea da sa\u00fade e tantas outras \u00e1reas. Agradecemos a Deus \u00e0s chuvas que caem, que s\u00e3o b\u00ean\u00e7\u00e3os para os produtores mesmo gerando alguns contratempos, e esperamos que com o trabalho da administra\u00e7\u00e3o municipal, como o corte de terra e outros, possamos melhorar a qualidade de vida do homem do campo. E ainda reiteramos aqui que estamos de portas abertas para ouvir os monteirenses, sejam eles da cidade ou da zona rural, porque s\u00f3 assim conseguiremos diariamente fazer de Monteiro uma cidade cada vez melhor\u201d, afirma Anna Lorena, prefeita do munic\u00edpio. Not\u00edcias em Destaque Com Secom\/PMM<\/p>\n","protected":false},"author":2,"featured_media":16496,"comment_status":"closed","ping_status":"open","sticky":false,"template":"","format":"standard","meta":{"_eb_attr":"","_jetpack_memberships_contains_paid_content":false,"footnotes":""},"categories":[3],"tags":[],"class_list":["post-16494","post","type-post","status-publish","format-standard","has-post-thumbnail","hentry","category-cidades"],"yoast_head":"<!-- This site is optimized with the Yoast SEO plugin v26.5 - https:\/\/yoast.com\/wordpress\/plugins\/seo\/ -->\n<title>Agricultores do munic\u00edpio de Monteiro s\u00e3o assistidos pela administra\u00e7\u00e3o municipal - Not&iacute;cias em Destaque<\/title>\n<meta name=\"robots\" content=\"index, follow, max-snippet:-1, max-image-preview:large, max-video-preview:-1\" \/>\n<link rel=\"canonical\" href=\"https:\/\/noticiasemdestaque.com\/cd\/?p=16494\" \/>\n<meta property=\"og:locale\" content=\"pt_BR\" \/>\n<meta property=\"og:type\" content=\"article\" \/>\n<meta property=\"og:title\" content=\"Agricultores do munic\u00edpio de Monteiro s\u00e3o assistidos pela administra\u00e7\u00e3o municipal - Not&iacute;cias em Destaque\" \/>\n<meta property=\"og:description\" content=\"Uma das pol\u00edticas de grande import\u00e2ncia da gest\u00e3o municipal \u00e9 a assist\u00eancia ao homem do campo, sendo assim as equipes de diversas secretarias vem desenvolvendo de forma intensa a\u00e7\u00f5es em prol dos produtores rurais. Al\u00e9m do Programa Dialogando com o Povo, que re\u00fane a popula\u00e7\u00e3o da zona rural para ouvir as demandas das comunidades, a Prefeitura de Monteiro vem deslocando suas equipes para prestar servi\u00e7os diretamente nos s\u00edtios. Nesta semana o carro odontol\u00f3gico esteve presente na comunidade do Garapa atendendo a popula\u00e7\u00e3o conforme solicita\u00e7\u00e3o em uma das reuni\u00f5es do Dialogando com o Povo. Para uma das moradoras da localidade as demandas vem sendo atendidas a contento: \u201cParab\u00e9ns a prefeita Anna Lorena \u00e9 a secret\u00e1ria Ana Paula, sempre atenta as reeinvidica\u00e7\u00f5es dos nossos guerreiros presidentes de Associa\u00e7\u00f5es, mais uma promessa cumprida da demanda do Programa dialogando com o Povo\u201d. Ainda dentro das atividades realizadas junto \u00e0s comunidades rurais, destaca-se tamb\u00e9m uma reuni\u0101o na sede da Empaer para o cadastro dos produrores rurais no PAA Estadual, onde a prefeita Anna Lorena e o coordenador regional da Empaer, Walmir Azevedo, se empenharam em solicitar ao governador Jo\u00e3o Azevedo a vinda do PAA para o munic\u00edpio que ser\u00e1 contemplada pela primeira vez com o Projeto que \u00e9 de fundamental import\u00e2ncia para os agricultores familiares. Outro benef\u00edcio recebido pela popula\u00e7\u00e3o rural foi no sentido do servi\u00e7o de reposi\u00e7\u00e3o de l\u00e2mpadas, sendo beneficiadas diversas comunidades rurais, atrav\u00e9s da equipe da Secretaria de Agricultura. Atendendo ainda os produtores rurais, o SIM \u2013 Servi\u00e7o de Inspe\u00e7\u00e3o Municipal, tamb\u00e9m recebeu in\u00fameros moneteirenses para o registro de seus produtos como polpas de frutas. Para este servi\u00e7o oferecido tamb\u00e9m pela Secretaria de Agricultura, os produtores ainda podem cadastrar produtos como alface, cebolinha, coentro, milho, feij\u00e3o e outros. \u201cEstamos atentos \u00e0s demandas da popula\u00e7\u00e3o rural, servindo sempre com a maior celeridade poss\u00edvel tanto para os servi\u00e7os como reposi\u00e7\u00e3o de l\u00e2mpadas, recupera\u00e7\u00e3o de estradas, como tamb\u00e9m servi\u00e7os na \u00e1rea da sa\u00fade e tantas outras \u00e1reas. Agradecemos a Deus \u00e0s chuvas que caem, que s\u00e3o b\u00ean\u00e7\u00e3os para os produtores mesmo gerando alguns contratempos, e esperamos que com o trabalho da administra\u00e7\u00e3o municipal, como o corte de terra e outros, possamos melhorar a qualidade de vida do homem do campo. E ainda reiteramos aqui que estamos de portas abertas para ouvir os monteirenses, sejam eles da cidade ou da zona rural, porque s\u00f3 assim conseguiremos diariamente fazer de Monteiro uma cidade cada vez melhor\u201d, afirma Anna Lorena, prefeita do munic\u00edpio. Not\u00edcias em Destaque Com Secom\/PMM\" \/>\n<meta property=\"og:url\" content=\"https:\/\/noticiasemdestaque.com\/cd\/?p=16494\" \/>\n<meta property=\"og:site_name\" content=\"Not&iacute;cias em Destaque\" \/>\n<meta property=\"article:published_time\" content=\"2019-04-03T23:41:43+00:00\" \/>\n<meta property=\"og:image\" content=\"https:\/\/noticiasemdestaque.com\/cd\/wp-content\/uploads\/2019\/04\/Atendimento-carro-odontologico-zona-rural-2.jpeg\" \/>\n\t<meta property=\"og:image:width\" content=\"1040\" \/>\n\t<meta property=\"og:image:height\" content=\"585\" \/>\n\t<meta property=\"og:image:type\" content=\"image\/jpeg\" \/>\n<meta name=\"author\" content=\"Not\u00edcias em Destaque\" \/>\n<meta name=\"twitter:card\" content=\"summary_large_image\" \/>\n<meta name=\"twitter:label1\" content=\"Escrito por\" \/>\n\t<meta name=\"twitter:data1\" content=\"Not\u00edcias em Destaque\" \/>\n\t<meta name=\"twitter:label2\" content=\"Est. tempo de leitura\" \/>\n\t<meta name=\"twitter:data2\" content=\"2 minutos\" \/>\n<script type=\"application\/ld+json\" class=\"yoast-schema-graph\">{\"@context\":\"https:\/\/schema.org\",\"@graph\":[{\"@type\":\"Article\",\"@id\":\"https:\/\/noticiasemdestaque.com\/cd\/?p=16494#article\",\"isPartOf\":{\"@id\":\"https:\/\/noticiasemdestaque.com\/cd\/?p=16494\"},\"author\":{\"name\":\"Not\u00edcias em Destaque\",\"@id\":\"https:\/\/noticiasemdestaque.com\/cd\/#\/schema\/person\/47f7d4f55eec17c6b2ca036c5500f6ce\"},\"headline\":\"Agricultores do munic\u00edpio de Monteiro s\u00e3o assistidos pela administra\u00e7\u00e3o municipal\",\"datePublished\":\"2019-04-03T23:41:43+00:00\",\"mainEntityOfPage\":{\"@id\":\"https:\/\/noticiasemdestaque.com\/cd\/?p=16494\"},\"wordCount\":471,\"publisher\":{\"@id\":\"https:\/\/noticiasemdestaque.com\/cd\/#organization\"},\"image\":{\"@id\":\"https:\/\/noticiasemdestaque.com\/cd\/?p=16494#primaryimage\"},\"thumbnailUrl\":\"https:\/\/noticiasemdestaque.com\/cd\/wp-content\/uploads\/2019\/04\/Atendimento-carro-odontologico-zona-rural-2.jpeg\",\"articleSection\":[\"Cidades\"],\"inLanguage\":\"pt-BR\"},{\"@type\":\"WebPage\",\"@id\":\"https:\/\/noticiasemdestaque.com\/cd\/?p=16494\",\"url\":\"https:\/\/noticiasemdestaque.com\/cd\/?p=16494\",\"name\":\"Agricultores do munic\u00edpio de Monteiro s\u00e3o assistidos pela administra\u00e7\u00e3o municipal - Not&iacute;cias em Destaque\",\"isPartOf\":{\"@id\":\"https:\/\/noticiasemdestaque.com\/cd\/#website\"},\"primaryImageOfPage\":{\"@id\":\"https:\/\/noticiasemdestaque.com\/cd\/?p=16494#primaryimage\"},\"image\":{\"@id\":\"https:\/\/noticiasemdestaque.com\/cd\/?p=16494#primaryimage\"},\"thumbnailUrl\":\"https:\/\/noticiasemdestaque.com\/cd\/wp-content\/uploads\/2019\/04\/Atendimento-carro-odontologico-zona-rural-2.jpeg\",\"datePublished\":\"2019-04-03T23:41:43+00:00\",\"breadcrumb\":{\"@id\":\"https:\/\/noticiasemdestaque.com\/cd\/?p=16494#breadcrumb\"},\"inLanguage\":\"pt-BR\",\"potentialAction\":[{\"@type\":\"ReadAction\",\"target\":[\"https:\/\/noticiasemdestaque.com\/cd\/?p=16494\"]}]},{\"@type\":\"ImageObject\",\"inLanguage\":\"pt-BR\",\"@id\":\"https:\/\/noticiasemdestaque.com\/cd\/?p=16494#primaryimage\",\"url\":\"https:\/\/noticiasemdestaque.com\/cd\/wp-content\/uploads\/2019\/04\/Atendimento-carro-odontologico-zona-rural-2.jpeg\",\"contentUrl\":\"https:\/\/noticiasemdestaque.com\/cd\/wp-content\/uploads\/2019\/04\/Atendimento-carro-odontologico-zona-rural-2.jpeg\",\"width\":1040,\"height\":585},{\"@type\":\"BreadcrumbList\",\"@id\":\"https:\/\/noticiasemdestaque.com\/cd\/?p=16494#breadcrumb\",\"itemListElement\":[{\"@type\":\"ListItem\",\"position\":1,\"name\":\"In\u00edcio\",\"item\":\"https:\/\/noticiasemdestaque.com\/cd\/\"},{\"@type\":\"ListItem\",\"position\":2,\"name\":\"Agricultores do munic\u00edpio de Monteiro s\u00e3o assistidos pela administra\u00e7\u00e3o municipal\"}]},{\"@type\":\"WebSite\",\"@id\":\"https:\/\/noticiasemdestaque.com\/cd\/#website\",\"url\":\"https:\/\/noticiasemdestaque.com\/cd\/\",\"name\":\"Not&iacute;cias em Destaque\",\"description\":\"\",\"publisher\":{\"@id\":\"https:\/\/noticiasemdestaque.com\/cd\/#organization\"},\"potentialAction\":[{\"@type\":\"SearchAction\",\"target\":{\"@type\":\"EntryPoint\",\"urlTemplate\":\"https:\/\/noticiasemdestaque.com\/cd\/?s={search_term_string}\"},\"query-input\":{\"@type\":\"PropertyValueSpecification\",\"valueRequired\":true,\"valueName\":\"search_term_string\"}}],\"inLanguage\":\"pt-BR\"},{\"@type\":\"Organization\",\"@id\":\"https:\/\/noticiasemdestaque.com\/cd\/#organization\",\"name\":\"Not\u00edcias em Destaque\",\"url\":\"https:\/\/noticiasemdestaque.com\/cd\/\",\"logo\":{\"@type\":\"ImageObject\",\"inLanguage\":\"pt-BR\",\"@id\":\"https:\/\/noticiasemdestaque.com\/cd\/#\/schema\/logo\/image\/\",\"url\":\"https:\/\/noticiasemdestaque.com\/cd\/wp-content\/uploads\/2022\/05\/imagem-base-noticiasemdestaque.png\",\"contentUrl\":\"https:\/\/noticiasemdestaque.com\/cd\/wp-content\/uploads\/2022\/05\/imagem-base-noticiasemdestaque.png\",\"width\":1200,\"height\":630,\"caption\":\"Not\u00edcias em Destaque\"},\"image\":{\"@id\":\"https:\/\/noticiasemdestaque.com\/cd\/#\/schema\/logo\/image\/\"}},{\"@type\":\"Person\",\"@id\":\"https:\/\/noticiasemdestaque.com\/cd\/#\/schema\/person\/47f7d4f55eec17c6b2ca036c5500f6ce\",\"name\":\"Not\u00edcias em Destaque\",\"url\":\"https:\/\/noticiasemdestaque.com\/cd\/?author=2\"}]}<\/script>\n<!-- \/ Yoast SEO plugin. -->","yoast_head_json":{"title":"Agricultores do munic\u00edpio de Monteiro s\u00e3o assistidos pela administra\u00e7\u00e3o municipal - Not&iacute;cias em Destaque","robots":{"index":"index","follow":"follow","max-snippet":"max-snippet:-1","max-image-preview":"max-image-preview:large","max-video-preview":"max-video-preview:-1"},"canonical":"https:\/\/noticiasemdestaque.com\/cd\/?p=16494","og_locale":"pt_BR","og_type":"article","og_title":"Agricultores do munic\u00edpio de Monteiro s\u00e3o assistidos pela administra\u00e7\u00e3o municipal - Not&iacute;cias em Destaque","og_description":"Uma das pol\u00edticas de grande import\u00e2ncia da gest\u00e3o municipal \u00e9 a assist\u00eancia ao homem do campo, sendo assim as equipes de diversas secretarias vem desenvolvendo de forma intensa a\u00e7\u00f5es em prol dos produtores rurais. Al\u00e9m do Programa Dialogando com o Povo, que re\u00fane a popula\u00e7\u00e3o da zona rural para ouvir as demandas das comunidades, a Prefeitura de Monteiro vem deslocando suas equipes para prestar servi\u00e7os diretamente nos s\u00edtios. Nesta semana o carro odontol\u00f3gico esteve presente na comunidade do Garapa atendendo a popula\u00e7\u00e3o conforme solicita\u00e7\u00e3o em uma das reuni\u00f5es do Dialogando com o Povo. Para uma das moradoras da localidade as demandas vem sendo atendidas a contento: \u201cParab\u00e9ns a prefeita Anna Lorena \u00e9 a secret\u00e1ria Ana Paula, sempre atenta as reeinvidica\u00e7\u00f5es dos nossos guerreiros presidentes de Associa\u00e7\u00f5es, mais uma promessa cumprida da demanda do Programa dialogando com o Povo\u201d. Ainda dentro das atividades realizadas junto \u00e0s comunidades rurais, destaca-se tamb\u00e9m uma reuni\u0101o na sede da Empaer para o cadastro dos produrores rurais no PAA Estadual, onde a prefeita Anna Lorena e o coordenador regional da Empaer, Walmir Azevedo, se empenharam em solicitar ao governador Jo\u00e3o Azevedo a vinda do PAA para o munic\u00edpio que ser\u00e1 contemplada pela primeira vez com o Projeto que \u00e9 de fundamental import\u00e2ncia para os agricultores familiares. Outro benef\u00edcio recebido pela popula\u00e7\u00e3o rural foi no sentido do servi\u00e7o de reposi\u00e7\u00e3o de l\u00e2mpadas, sendo beneficiadas diversas comunidades rurais, atrav\u00e9s da equipe da Secretaria de Agricultura. Atendendo ainda os produtores rurais, o SIM \u2013 Servi\u00e7o de Inspe\u00e7\u00e3o Municipal, tamb\u00e9m recebeu in\u00fameros moneteirenses para o registro de seus produtos como polpas de frutas. Para este servi\u00e7o oferecido tamb\u00e9m pela Secretaria de Agricultura, os produtores ainda podem cadastrar produtos como alface, cebolinha, coentro, milho, feij\u00e3o e outros. \u201cEstamos atentos \u00e0s demandas da popula\u00e7\u00e3o rural, servindo sempre com a maior celeridade poss\u00edvel tanto para os servi\u00e7os como reposi\u00e7\u00e3o de l\u00e2mpadas, recupera\u00e7\u00e3o de estradas, como tamb\u00e9m servi\u00e7os na \u00e1rea da sa\u00fade e tantas outras \u00e1reas. Agradecemos a Deus \u00e0s chuvas que caem, que s\u00e3o b\u00ean\u00e7\u00e3os para os produtores mesmo gerando alguns contratempos, e esperamos que com o trabalho da administra\u00e7\u00e3o municipal, como o corte de terra e outros, possamos melhorar a qualidade de vida do homem do campo. E ainda reiteramos aqui que estamos de portas abertas para ouvir os monteirenses, sejam eles da cidade ou da zona rural, porque s\u00f3 assim conseguiremos diariamente fazer de Monteiro uma cidade cada vez melhor\u201d, afirma Anna Lorena, prefeita do munic\u00edpio. Not\u00edcias em Destaque Com Secom\/PMM","og_url":"https:\/\/noticiasemdestaque.com\/cd\/?p=16494","og_site_name":"Not&iacute;cias em Destaque","article_published_time":"2019-04-03T23:41:43+00:00","og_image":[{"width":1040,"height":585,"url":"https:\/\/noticiasemdestaque.com\/cd\/wp-content\/uploads\/2019\/04\/Atendimento-carro-odontologico-zona-rural-2.jpeg","type":"image\/jpeg"}],"author":"Not\u00edcias em Destaque","twitter_card":"summary_large_image","twitter_misc":{"Escrito por":"Not\u00edcias em Destaque","Est. tempo de leitura":"2 minutos"},"schema":{"@context":"https:\/\/schema.org","@graph":[{"@type":"Article","@id":"https:\/\/noticiasemdestaque.com\/cd\/?p=16494#article","isPartOf":{"@id":"https:\/\/noticiasemdestaque.com\/cd\/?p=16494"},"author":{"name":"Not\u00edcias em Destaque","@id":"https:\/\/noticiasemdestaque.com\/cd\/#\/schema\/person\/47f7d4f55eec17c6b2ca036c5500f6ce"},"headline":"Agricultores do munic\u00edpio de Monteiro s\u00e3o assistidos pela administra\u00e7\u00e3o municipal","datePublished":"2019-04-03T23:41:43+00:00","mainEntityOfPage":{"@id":"https:\/\/noticiasemdestaque.com\/cd\/?p=16494"},"wordCount":471,"publisher":{"@id":"https:\/\/noticiasemdestaque.com\/cd\/#organization"},"image":{"@id":"https:\/\/noticiasemdestaque.com\/cd\/?p=16494#primaryimage"},"thumbnailUrl":"https:\/\/noticiasemdestaque.com\/cd\/wp-content\/uploads\/2019\/04\/Atendimento-carro-odontologico-zona-rural-2.jpeg","articleSection":["Cidades"],"inLanguage":"pt-BR"},{"@type":"WebPage","@id":"https:\/\/noticiasemdestaque.com\/cd\/?p=16494","url":"https:\/\/noticiasemdestaque.com\/cd\/?p=16494","name":"Agricultores do munic\u00edpio de Monteiro s\u00e3o assistidos pela administra\u00e7\u00e3o municipal - Not&iacute;cias em Destaque","isPartOf":{"@id":"https:\/\/noticiasemdestaque.com\/cd\/#website"},"primaryImageOfPage":{"@id":"https:\/\/noticiasemdestaque.com\/cd\/?p=16494#primaryimage"},"image":{"@id":"https:\/\/noticiasemdestaque.com\/cd\/?p=16494#primaryimage"},"thumbnailUrl":"https:\/\/noticiasemdestaque.com\/cd\/wp-content\/uploads\/2019\/04\/Atendimento-carro-odontologico-zona-rural-2.jpeg","datePublished":"2019-04-03T23:41:43+00:00","breadcrumb":{"@id":"https:\/\/noticiasemdestaque.com\/cd\/?p=16494#breadcrumb"},"inLanguage":"pt-BR","potentialAction":[{"@type":"ReadAction","target":["https:\/\/noticiasemdestaque.com\/cd\/?p=16494"]}]},{"@type":"ImageObject","inLanguage":"pt-BR","@id":"https:\/\/noticiasemdestaque.com\/cd\/?p=16494#primaryimage","url":"https:\/\/noticiasemdestaque.com\/cd\/wp-content\/uploads\/2019\/04\/Atendimento-carro-odontologico-zona-rural-2.jpeg","contentUrl":"https:\/\/noticiasemdestaque.com\/cd\/wp-content\/uploads\/2019\/04\/Atendimento-carro-odontologico-zona-rural-2.jpeg","width":1040,"height":585},{"@type":"BreadcrumbList","@id":"https:\/\/noticiasemdestaque.com\/cd\/?p=16494#breadcrumb","itemListElement":[{"@type":"ListItem","position":1,"name":"In\u00edcio","item":"https:\/\/noticiasemdestaque.com\/cd\/"},{"@type":"ListItem","position":2,"name":"Agricultores do munic\u00edpio de Monteiro s\u00e3o assistidos pela administra\u00e7\u00e3o municipal"}]},{"@type":"WebSite","@id":"https:\/\/noticiasemdestaque.com\/cd\/#website","url":"https:\/\/noticiasemdestaque.com\/cd\/","name":"Not&iacute;cias em Destaque","description":"","publisher":{"@id":"https:\/\/noticiasemdestaque.com\/cd\/#organization"},"potentialAction":[{"@type":"SearchAction","target":{"@type":"EntryPoint","urlTemplate":"https:\/\/noticiasemdestaque.com\/cd\/?s={search_term_string}"},"query-input":{"@type":"PropertyValueSpecification","valueRequired":true,"valueName":"search_term_string"}}],"inLanguage":"pt-BR"},{"@type":"Organization","@id":"https:\/\/noticiasemdestaque.com\/cd\/#organization","name":"Not\u00edcias em Destaque","url":"https:\/\/noticiasemdestaque.com\/cd\/","logo":{"@type":"ImageObject","inLanguage":"pt-BR","@id":"https:\/\/noticiasemdestaque.com\/cd\/#\/schema\/logo\/image\/","url":"https:\/\/noticiasemdestaque.com\/cd\/wp-content\/uploads\/2022\/05\/imagem-base-noticiasemdestaque.png","contentUrl":"https:\/\/noticiasemdestaque.com\/cd\/wp-content\/uploads\/2022\/05\/imagem-base-noticiasemdestaque.png","width":1200,"height":630,"caption":"Not\u00edcias em Destaque"},"image":{"@id":"https:\/\/noticiasemdestaque.com\/cd\/#\/schema\/logo\/image\/"}},{"@type":"Person","@id":"https:\/\/noticiasemdestaque.com\/cd\/#\/schema\/person\/47f7d4f55eec17c6b2ca036c5500f6ce","name":"Not\u00edcias em Destaque","url":"https:\/\/noticiasemdestaque.com\/cd\/?author=2"}]}},"jetpack_featured_media_url":"https:\/\/noticiasemdestaque.com\/cd\/wp-content\/uploads\/2019\/04\/Atendimento-carro-odontologico-zona-rural-2.jpeg","jetpack_sharing_enabled":true,"_links":{"self":[{"href":"https:\/\/noticiasemdestaque.com\/cd\/index.php?rest_route=\/wp\/v2\/posts\/16494","targetHints":{"allow":["GET"]}}],"collection":[{"href":"https:\/\/noticiasemdestaque.com\/cd\/index.php?rest_route=\/wp\/v2\/posts"}],"about":[{"href":"https:\/\/noticiasemdestaque.com\/cd\/index.php?rest_route=\/wp\/v2\/types\/post"}],"author":[{"embeddable":true,"href":"https:\/\/noticiasemdestaque.com\/cd\/index.php?rest_route=\/wp\/v2\/users\/2"}],"replies":[{"embeddable":true,"href":"https:\/\/noticiasemdestaque.com\/cd\/index.php?rest_route=%2Fwp%2Fv2%2Fcomments&post=16494"}],"version-history":[{"count":1,"href":"https:\/\/noticiasemdestaque.com\/cd\/index.php?rest_route=\/wp\/v2\/posts\/16494\/revisions"}],"predecessor-version":[{"id":16497,"href":"https:\/\/noticiasemdestaque.com\/cd\/index.php?rest_route=\/wp\/v2\/posts\/16494\/revisions\/16497"}],"wp:featuredmedia":[{"embeddable":true,"href":"https:\/\/noticiasemdestaque.com\/cd\/index.php?rest_route=\/wp\/v2\/media\/16496"}],"wp:attachment":[{"href":"https:\/\/noticiasemdestaque.com\/cd\/index.php?rest_route=%2Fwp%2Fv2%2Fmedia&parent=16494"}],"wp:term":[{"taxonomy":"category","embeddable":true,"href":"https:\/\/noticiasemdestaque.com\/cd\/index.php?rest_route=%2Fwp%2Fv2%2Fcategories&post=16494"},{"taxonomy":"post_tag","embeddable":true,"href":"https:\/\/noticiasemdestaque.com\/cd\/index.php?rest_route=%2Fwp%2Fv2%2Ftags&post=16494"}],"curies":[{"name":"wp","href":"https:\/\/api.w.org\/{rel}","templated":true}]}}