{"id":16491,"date":"2019-04-03T20:39:04","date_gmt":"2019-04-03T23:39:04","guid":{"rendered":"http:\/\/noticiasemdestaque.com\/cd\/?p=16491"},"modified":"2019-04-03T20:39:04","modified_gmt":"2019-04-03T23:39:04","slug":"prefeitura-de-monteiro-promove-capacitacao-para-a-rede-municipal-de-saude","status":"publish","type":"post","link":"https:\/\/noticiasemdestaque.com\/cd\/?p=16491","title":{"rendered":"Prefeitura de Monteiro promove capacita\u00e7\u00e3o para a Rede Municipal de Sa\u00fade"},"content":{"rendered":"<p><a href=\"https:\/\/noticiasemdestaque.com\/cd\/wp-content\/uploads\/2019\/04\/m\u00e9dico-atendimento-2.jpg\"><img fetchpriority=\"high\" decoding=\"async\" class=\"wp-image-16492 aligncenter\" src=\"https:\/\/noticiasemdestaque.com\/cd\/wp-content\/uploads\/2019\/04\/m\u00e9dico-atendimento-2-1024x683.jpg\" alt=\"\" width=\"545\" height=\"363\" srcset=\"https:\/\/noticiasemdestaque.com\/cd\/wp-content\/uploads\/2019\/04\/m\u00e9dico-atendimento-2-1024x683.jpg 1024w, https:\/\/noticiasemdestaque.com\/cd\/wp-content\/uploads\/2019\/04\/m\u00e9dico-atendimento-2-300x200.jpg 300w, https:\/\/noticiasemdestaque.com\/cd\/wp-content\/uploads\/2019\/04\/m\u00e9dico-atendimento-2-768x512.jpg 768w, https:\/\/noticiasemdestaque.com\/cd\/wp-content\/uploads\/2019\/04\/m\u00e9dico-atendimento-2-480x320.jpg 480w\" sizes=\"(max-width: 545px) 100vw, 545px\" \/><\/a><\/p>\n<p>Com intuito de qualificar a assist\u00eancia aos usu\u00e1rios da rede municipal de sa\u00fade, a Prefeitura de Monteiro dar\u00e1 in\u00edcio a capacita\u00e7\u00e3o de profissionais de diversos setores que comp\u00f5em a sa\u00fade.<\/p>\n<p>Para os profissionais da Aten\u00e7\u00e3o B\u00e1sica o primeiro m\u00f3dulo do treinamento tratar\u00e1 sobre o Acolhimento com Classifica\u00e7\u00e3o de Risco na Aten\u00e7\u00e3o B\u00e1sica, sendo esta a parte te\u00f3rica e a pr\u00e1tica para o segundo m\u00f3dulo com a Constru\u00e7\u00e3o do Protocolo Municipal. As aulas acontecer\u00e3o em 04 e 23 de abril.<\/p>\n<p>J\u00e1 as equipes dos CAPS I e AD III as aulas acontecem nos dias 05 e 26 de abril e a tem\u00e1tica proposta \u00e9 a Abordagem Geral Relacionado \u00e0 Rede de Sa\u00fade Mental, com o levantamento das necessidades das entidades.<\/p>\n<p>Ainda receber\u00e3o treinamento as equipes da Vigil\u00e2ncia em Sa\u00fade 25 e 26 de abril com temas pertinentes \u00e0 realidade dos agentes.<\/p>\n<p>Ao todo ser\u00e3o capacitados cerca de 210 profissionais, que ser\u00e3o estimulados a melhorar ainda mais a qualidade dos servi\u00e7os oferecidos \u00e0s comunidades. Esta \u00e9 mais uma a\u00e7\u00e3o da administra\u00e7\u00e3o municipal realizada com recursos pr\u00f3prios.<\/p>\n<p>\u201cProporcionar capacita\u00e7\u00f5es para os profissionais resultar\u00e1 em um aumento da resolutividade das demandas apresentadas diariamente na Aten\u00e7\u00e3o B\u00e1sica, nos CAPS e Vigil\u00e2ncia em Sa\u00fade. Trabalhamos sempre para otimizar os servi\u00e7os com atendimentos humanizados\u201d, comenta Paula Oliveira, secret\u00e1ria de sa\u00fade do munic\u00edpio.<\/p>\n<p><em><strong>Not\u00edcias em Destaque<\/strong><\/em><\/p>\n<p>Com Secom\/PMM<\/p>\n","protected":false},"excerpt":{"rendered":"<p>Com intuito de qualificar a assist\u00eancia aos usu\u00e1rios da rede municipal de sa\u00fade, a Prefeitura de Monteiro dar\u00e1 in\u00edcio a capacita\u00e7\u00e3o de profissionais de diversos setores que comp\u00f5em a sa\u00fade. Para os profissionais da Aten\u00e7\u00e3o B\u00e1sica o primeiro m\u00f3dulo do treinamento tratar\u00e1 sobre o Acolhimento com Classifica\u00e7\u00e3o de Risco na Aten\u00e7\u00e3o B\u00e1sica, sendo esta a parte te\u00f3rica e a pr\u00e1tica para o segundo m\u00f3dulo com a Constru\u00e7\u00e3o do Protocolo Municipal. As aulas acontecer\u00e3o em 04 e 23 de abril. J\u00e1 as equipes dos CAPS I e AD III as aulas acontecem nos dias 05 e 26 de abril e a tem\u00e1tica proposta \u00e9 a Abordagem Geral Relacionado \u00e0 Rede de Sa\u00fade Mental, com o levantamento das necessidades das entidades. Ainda receber\u00e3o treinamento as equipes da Vigil\u00e2ncia em Sa\u00fade 25 e 26 de abril com temas pertinentes \u00e0 realidade dos agentes. Ao todo ser\u00e3o capacitados cerca de 210 profissionais, que ser\u00e3o estimulados a melhorar ainda mais a qualidade dos servi\u00e7os oferecidos \u00e0s comunidades. Esta \u00e9 mais uma a\u00e7\u00e3o da administra\u00e7\u00e3o municipal realizada com recursos pr\u00f3prios. \u201cProporcionar capacita\u00e7\u00f5es para os profissionais resultar\u00e1 em um aumento da resolutividade das demandas apresentadas diariamente na Aten\u00e7\u00e3o B\u00e1sica, nos CAPS e Vigil\u00e2ncia em Sa\u00fade. Trabalhamos sempre para otimizar os servi\u00e7os com atendimentos humanizados\u201d, comenta Paula Oliveira, secret\u00e1ria de sa\u00fade do munic\u00edpio. Not\u00edcias em Destaque Com Secom\/PMM<\/p>\n","protected":false},"author":2,"featured_media":16492,"comment_status":"closed","ping_status":"open","sticky":false,"template":"","format":"standard","meta":{"_eb_attr":"","_jetpack_memberships_contains_paid_content":false,"footnotes":""},"categories":[8],"tags":[],"class_list":["post-16491","post","type-post","status-publish","format-standard","has-post-thumbnail","hentry","category-saude"],"yoast_head":"<!-- This site is optimized with the Yoast SEO plugin v26.5 - https:\/\/yoast.com\/wordpress\/plugins\/seo\/ -->\n<title>Prefeitura de Monteiro promove capacita\u00e7\u00e3o para a Rede Municipal de Sa\u00fade - Not&iacute;cias em Destaque<\/title>\n<meta name=\"robots\" content=\"index, follow, max-snippet:-1, max-image-preview:large, max-video-preview:-1\" \/>\n<link rel=\"canonical\" href=\"https:\/\/noticiasemdestaque.com\/cd\/?p=16491\" \/>\n<meta property=\"og:locale\" content=\"pt_BR\" \/>\n<meta property=\"og:type\" content=\"article\" \/>\n<meta property=\"og:title\" content=\"Prefeitura de Monteiro promove capacita\u00e7\u00e3o para a Rede Municipal de Sa\u00fade - Not&iacute;cias em Destaque\" \/>\n<meta property=\"og:description\" content=\"Com intuito de qualificar a assist\u00eancia aos usu\u00e1rios da rede municipal de sa\u00fade, a Prefeitura de Monteiro dar\u00e1 in\u00edcio a capacita\u00e7\u00e3o de profissionais de diversos setores que comp\u00f5em a sa\u00fade. Para os profissionais da Aten\u00e7\u00e3o B\u00e1sica o primeiro m\u00f3dulo do treinamento tratar\u00e1 sobre o Acolhimento com Classifica\u00e7\u00e3o de Risco na Aten\u00e7\u00e3o B\u00e1sica, sendo esta a parte te\u00f3rica e a pr\u00e1tica para o segundo m\u00f3dulo com a Constru\u00e7\u00e3o do Protocolo Municipal. As aulas acontecer\u00e3o em 04 e 23 de abril. J\u00e1 as equipes dos CAPS I e AD III as aulas acontecem nos dias 05 e 26 de abril e a tem\u00e1tica proposta \u00e9 a Abordagem Geral Relacionado \u00e0 Rede de Sa\u00fade Mental, com o levantamento das necessidades das entidades. Ainda receber\u00e3o treinamento as equipes da Vigil\u00e2ncia em Sa\u00fade 25 e 26 de abril com temas pertinentes \u00e0 realidade dos agentes. Ao todo ser\u00e3o capacitados cerca de 210 profissionais, que ser\u00e3o estimulados a melhorar ainda mais a qualidade dos servi\u00e7os oferecidos \u00e0s comunidades. Esta \u00e9 mais uma a\u00e7\u00e3o da administra\u00e7\u00e3o municipal realizada com recursos pr\u00f3prios. \u201cProporcionar capacita\u00e7\u00f5es para os profissionais resultar\u00e1 em um aumento da resolutividade das demandas apresentadas diariamente na Aten\u00e7\u00e3o B\u00e1sica, nos CAPS e Vigil\u00e2ncia em Sa\u00fade. Trabalhamos sempre para otimizar os servi\u00e7os com atendimentos humanizados\u201d, comenta Paula Oliveira, secret\u00e1ria de sa\u00fade do munic\u00edpio. Not\u00edcias em Destaque Com Secom\/PMM\" \/>\n<meta property=\"og:url\" content=\"https:\/\/noticiasemdestaque.com\/cd\/?p=16491\" \/>\n<meta property=\"og:site_name\" content=\"Not&iacute;cias em Destaque\" \/>\n<meta property=\"article:published_time\" content=\"2019-04-03T23:39:04+00:00\" \/>\n<meta property=\"og:image\" content=\"https:\/\/noticiasemdestaque.com\/cd\/wp-content\/uploads\/2019\/04\/m\u00e9dico-atendimento-2-1024x683.jpg\" \/>\n\t<meta property=\"og:image:width\" content=\"1024\" \/>\n\t<meta property=\"og:image:height\" content=\"683\" \/>\n\t<meta property=\"og:image:type\" content=\"image\/jpeg\" \/>\n<meta name=\"author\" content=\"Not\u00edcias em Destaque\" \/>\n<meta name=\"twitter:card\" content=\"summary_large_image\" \/>\n<meta name=\"twitter:label1\" content=\"Escrito por\" \/>\n\t<meta name=\"twitter:data1\" content=\"Not\u00edcias em Destaque\" \/>\n\t<meta name=\"twitter:label2\" content=\"Est. tempo de leitura\" \/>\n\t<meta name=\"twitter:data2\" content=\"1 minuto\" \/>\n<script type=\"application\/ld+json\" class=\"yoast-schema-graph\">{\"@context\":\"https:\/\/schema.org\",\"@graph\":[{\"@type\":\"Article\",\"@id\":\"https:\/\/noticiasemdestaque.com\/cd\/?p=16491#article\",\"isPartOf\":{\"@id\":\"https:\/\/noticiasemdestaque.com\/cd\/?p=16491\"},\"author\":{\"name\":\"Not\u00edcias em Destaque\",\"@id\":\"https:\/\/noticiasemdestaque.com\/cd\/#\/schema\/person\/47f7d4f55eec17c6b2ca036c5500f6ce\"},\"headline\":\"Prefeitura de Monteiro promove capacita\u00e7\u00e3o para a Rede Municipal de Sa\u00fade\",\"datePublished\":\"2019-04-03T23:39:04+00:00\",\"mainEntityOfPage\":{\"@id\":\"https:\/\/noticiasemdestaque.com\/cd\/?p=16491\"},\"wordCount\":262,\"publisher\":{\"@id\":\"https:\/\/noticiasemdestaque.com\/cd\/#organization\"},\"image\":{\"@id\":\"https:\/\/noticiasemdestaque.com\/cd\/?p=16491#primaryimage\"},\"thumbnailUrl\":\"https:\/\/noticiasemdestaque.com\/cd\/wp-content\/uploads\/2019\/04\/m\u00e9dico-atendimento-2.jpg\",\"articleSection\":[\"Sa\u00fade\"],\"inLanguage\":\"pt-BR\"},{\"@type\":\"WebPage\",\"@id\":\"https:\/\/noticiasemdestaque.com\/cd\/?p=16491\",\"url\":\"https:\/\/noticiasemdestaque.com\/cd\/?p=16491\",\"name\":\"Prefeitura de Monteiro promove capacita\u00e7\u00e3o para a Rede Municipal de Sa\u00fade - Not&iacute;cias em Destaque\",\"isPartOf\":{\"@id\":\"https:\/\/noticiasemdestaque.com\/cd\/#website\"},\"primaryImageOfPage\":{\"@id\":\"https:\/\/noticiasemdestaque.com\/cd\/?p=16491#primaryimage\"},\"image\":{\"@id\":\"https:\/\/noticiasemdestaque.com\/cd\/?p=16491#primaryimage\"},\"thumbnailUrl\":\"https:\/\/noticiasemdestaque.com\/cd\/wp-content\/uploads\/2019\/04\/m\u00e9dico-atendimento-2.jpg\",\"datePublished\":\"2019-04-03T23:39:04+00:00\",\"breadcrumb\":{\"@id\":\"https:\/\/noticiasemdestaque.com\/cd\/?p=16491#breadcrumb\"},\"inLanguage\":\"pt-BR\",\"potentialAction\":[{\"@type\":\"ReadAction\",\"target\":[\"https:\/\/noticiasemdestaque.com\/cd\/?p=16491\"]}]},{\"@type\":\"ImageObject\",\"inLanguage\":\"pt-BR\",\"@id\":\"https:\/\/noticiasemdestaque.com\/cd\/?p=16491#primaryimage\",\"url\":\"https:\/\/noticiasemdestaque.com\/cd\/wp-content\/uploads\/2019\/04\/m\u00e9dico-atendimento-2.jpg\",\"contentUrl\":\"https:\/\/noticiasemdestaque.com\/cd\/wp-content\/uploads\/2019\/04\/m\u00e9dico-atendimento-2.jpg\",\"width\":4608,\"height\":3072},{\"@type\":\"BreadcrumbList\",\"@id\":\"https:\/\/noticiasemdestaque.com\/cd\/?p=16491#breadcrumb\",\"itemListElement\":[{\"@type\":\"ListItem\",\"position\":1,\"name\":\"In\u00edcio\",\"item\":\"https:\/\/noticiasemdestaque.com\/cd\/\"},{\"@type\":\"ListItem\",\"position\":2,\"name\":\"Prefeitura de Monteiro promove capacita\u00e7\u00e3o para a Rede Municipal de Sa\u00fade\"}]},{\"@type\":\"WebSite\",\"@id\":\"https:\/\/noticiasemdestaque.com\/cd\/#website\",\"url\":\"https:\/\/noticiasemdestaque.com\/cd\/\",\"name\":\"Not&iacute;cias em Destaque\",\"description\":\"\",\"publisher\":{\"@id\":\"https:\/\/noticiasemdestaque.com\/cd\/#organization\"},\"potentialAction\":[{\"@type\":\"SearchAction\",\"target\":{\"@type\":\"EntryPoint\",\"urlTemplate\":\"https:\/\/noticiasemdestaque.com\/cd\/?s={search_term_string}\"},\"query-input\":{\"@type\":\"PropertyValueSpecification\",\"valueRequired\":true,\"valueName\":\"search_term_string\"}}],\"inLanguage\":\"pt-BR\"},{\"@type\":\"Organization\",\"@id\":\"https:\/\/noticiasemdestaque.com\/cd\/#organization\",\"name\":\"Not\u00edcias em Destaque\",\"url\":\"https:\/\/noticiasemdestaque.com\/cd\/\",\"logo\":{\"@type\":\"ImageObject\",\"inLanguage\":\"pt-BR\",\"@id\":\"https:\/\/noticiasemdestaque.com\/cd\/#\/schema\/logo\/image\/\",\"url\":\"https:\/\/noticiasemdestaque.com\/cd\/wp-content\/uploads\/2022\/05\/imagem-base-noticiasemdestaque.png\",\"contentUrl\":\"https:\/\/noticiasemdestaque.com\/cd\/wp-content\/uploads\/2022\/05\/imagem-base-noticiasemdestaque.png\",\"width\":1200,\"height\":630,\"caption\":\"Not\u00edcias em Destaque\"},\"image\":{\"@id\":\"https:\/\/noticiasemdestaque.com\/cd\/#\/schema\/logo\/image\/\"}},{\"@type\":\"Person\",\"@id\":\"https:\/\/noticiasemdestaque.com\/cd\/#\/schema\/person\/47f7d4f55eec17c6b2ca036c5500f6ce\",\"name\":\"Not\u00edcias em Destaque\",\"url\":\"https:\/\/noticiasemdestaque.com\/cd\/?author=2\"}]}<\/script>\n<!-- \/ Yoast SEO plugin. -->","yoast_head_json":{"title":"Prefeitura de Monteiro promove capacita\u00e7\u00e3o para a Rede Municipal de Sa\u00fade - Not&iacute;cias em Destaque","robots":{"index":"index","follow":"follow","max-snippet":"max-snippet:-1","max-image-preview":"max-image-preview:large","max-video-preview":"max-video-preview:-1"},"canonical":"https:\/\/noticiasemdestaque.com\/cd\/?p=16491","og_locale":"pt_BR","og_type":"article","og_title":"Prefeitura de Monteiro promove capacita\u00e7\u00e3o para a Rede Municipal de Sa\u00fade - Not&iacute;cias em Destaque","og_description":"Com intuito de qualificar a assist\u00eancia aos usu\u00e1rios da rede municipal de sa\u00fade, a Prefeitura de Monteiro dar\u00e1 in\u00edcio a capacita\u00e7\u00e3o de profissionais de diversos setores que comp\u00f5em a sa\u00fade. Para os profissionais da Aten\u00e7\u00e3o B\u00e1sica o primeiro m\u00f3dulo do treinamento tratar\u00e1 sobre o Acolhimento com Classifica\u00e7\u00e3o de Risco na Aten\u00e7\u00e3o B\u00e1sica, sendo esta a parte te\u00f3rica e a pr\u00e1tica para o segundo m\u00f3dulo com a Constru\u00e7\u00e3o do Protocolo Municipal. As aulas acontecer\u00e3o em 04 e 23 de abril. J\u00e1 as equipes dos CAPS I e AD III as aulas acontecem nos dias 05 e 26 de abril e a tem\u00e1tica proposta \u00e9 a Abordagem Geral Relacionado \u00e0 Rede de Sa\u00fade Mental, com o levantamento das necessidades das entidades. Ainda receber\u00e3o treinamento as equipes da Vigil\u00e2ncia em Sa\u00fade 25 e 26 de abril com temas pertinentes \u00e0 realidade dos agentes. Ao todo ser\u00e3o capacitados cerca de 210 profissionais, que ser\u00e3o estimulados a melhorar ainda mais a qualidade dos servi\u00e7os oferecidos \u00e0s comunidades. Esta \u00e9 mais uma a\u00e7\u00e3o da administra\u00e7\u00e3o municipal realizada com recursos pr\u00f3prios. \u201cProporcionar capacita\u00e7\u00f5es para os profissionais resultar\u00e1 em um aumento da resolutividade das demandas apresentadas diariamente na Aten\u00e7\u00e3o B\u00e1sica, nos CAPS e Vigil\u00e2ncia em Sa\u00fade. Trabalhamos sempre para otimizar os servi\u00e7os com atendimentos humanizados\u201d, comenta Paula Oliveira, secret\u00e1ria de sa\u00fade do munic\u00edpio. Not\u00edcias em Destaque Com Secom\/PMM","og_url":"https:\/\/noticiasemdestaque.com\/cd\/?p=16491","og_site_name":"Not&iacute;cias em Destaque","article_published_time":"2019-04-03T23:39:04+00:00","og_image":[{"width":1024,"height":683,"url":"https:\/\/noticiasemdestaque.com\/cd\/wp-content\/uploads\/2019\/04\/m\u00e9dico-atendimento-2-1024x683.jpg","type":"image\/jpeg"}],"author":"Not\u00edcias em Destaque","twitter_card":"summary_large_image","twitter_misc":{"Escrito por":"Not\u00edcias em Destaque","Est. tempo de leitura":"1 minuto"},"schema":{"@context":"https:\/\/schema.org","@graph":[{"@type":"Article","@id":"https:\/\/noticiasemdestaque.com\/cd\/?p=16491#article","isPartOf":{"@id":"https:\/\/noticiasemdestaque.com\/cd\/?p=16491"},"author":{"name":"Not\u00edcias em Destaque","@id":"https:\/\/noticiasemdestaque.com\/cd\/#\/schema\/person\/47f7d4f55eec17c6b2ca036c5500f6ce"},"headline":"Prefeitura de Monteiro promove capacita\u00e7\u00e3o para a Rede Municipal de Sa\u00fade","datePublished":"2019-04-03T23:39:04+00:00","mainEntityOfPage":{"@id":"https:\/\/noticiasemdestaque.com\/cd\/?p=16491"},"wordCount":262,"publisher":{"@id":"https:\/\/noticiasemdestaque.com\/cd\/#organization"},"image":{"@id":"https:\/\/noticiasemdestaque.com\/cd\/?p=16491#primaryimage"},"thumbnailUrl":"https:\/\/noticiasemdestaque.com\/cd\/wp-content\/uploads\/2019\/04\/m\u00e9dico-atendimento-2.jpg","articleSection":["Sa\u00fade"],"inLanguage":"pt-BR"},{"@type":"WebPage","@id":"https:\/\/noticiasemdestaque.com\/cd\/?p=16491","url":"https:\/\/noticiasemdestaque.com\/cd\/?p=16491","name":"Prefeitura de Monteiro promove capacita\u00e7\u00e3o para a Rede Municipal de Sa\u00fade - Not&iacute;cias em Destaque","isPartOf":{"@id":"https:\/\/noticiasemdestaque.com\/cd\/#website"},"primaryImageOfPage":{"@id":"https:\/\/noticiasemdestaque.com\/cd\/?p=16491#primaryimage"},"image":{"@id":"https:\/\/noticiasemdestaque.com\/cd\/?p=16491#primaryimage"},"thumbnailUrl":"https:\/\/noticiasemdestaque.com\/cd\/wp-content\/uploads\/2019\/04\/m\u00e9dico-atendimento-2.jpg","datePublished":"2019-04-03T23:39:04+00:00","breadcrumb":{"@id":"https:\/\/noticiasemdestaque.com\/cd\/?p=16491#breadcrumb"},"inLanguage":"pt-BR","potentialAction":[{"@type":"ReadAction","target":["https:\/\/noticiasemdestaque.com\/cd\/?p=16491"]}]},{"@type":"ImageObject","inLanguage":"pt-BR","@id":"https:\/\/noticiasemdestaque.com\/cd\/?p=16491#primaryimage","url":"https:\/\/noticiasemdestaque.com\/cd\/wp-content\/uploads\/2019\/04\/m\u00e9dico-atendimento-2.jpg","contentUrl":"https:\/\/noticiasemdestaque.com\/cd\/wp-content\/uploads\/2019\/04\/m\u00e9dico-atendimento-2.jpg","width":4608,"height":3072},{"@type":"BreadcrumbList","@id":"https:\/\/noticiasemdestaque.com\/cd\/?p=16491#breadcrumb","itemListElement":[{"@type":"ListItem","position":1,"name":"In\u00edcio","item":"https:\/\/noticiasemdestaque.com\/cd\/"},{"@type":"ListItem","position":2,"name":"Prefeitura de Monteiro promove capacita\u00e7\u00e3o para a Rede Municipal de Sa\u00fade"}]},{"@type":"WebSite","@id":"https:\/\/noticiasemdestaque.com\/cd\/#website","url":"https:\/\/noticiasemdestaque.com\/cd\/","name":"Not&iacute;cias em Destaque","description":"","publisher":{"@id":"https:\/\/noticiasemdestaque.com\/cd\/#organization"},"potentialAction":[{"@type":"SearchAction","target":{"@type":"EntryPoint","urlTemplate":"https:\/\/noticiasemdestaque.com\/cd\/?s={search_term_string}"},"query-input":{"@type":"PropertyValueSpecification","valueRequired":true,"valueName":"search_term_string"}}],"inLanguage":"pt-BR"},{"@type":"Organization","@id":"https:\/\/noticiasemdestaque.com\/cd\/#organization","name":"Not\u00edcias em Destaque","url":"https:\/\/noticiasemdestaque.com\/cd\/","logo":{"@type":"ImageObject","inLanguage":"pt-BR","@id":"https:\/\/noticiasemdestaque.com\/cd\/#\/schema\/logo\/image\/","url":"https:\/\/noticiasemdestaque.com\/cd\/wp-content\/uploads\/2022\/05\/imagem-base-noticiasemdestaque.png","contentUrl":"https:\/\/noticiasemdestaque.com\/cd\/wp-content\/uploads\/2022\/05\/imagem-base-noticiasemdestaque.png","width":1200,"height":630,"caption":"Not\u00edcias em Destaque"},"image":{"@id":"https:\/\/noticiasemdestaque.com\/cd\/#\/schema\/logo\/image\/"}},{"@type":"Person","@id":"https:\/\/noticiasemdestaque.com\/cd\/#\/schema\/person\/47f7d4f55eec17c6b2ca036c5500f6ce","name":"Not\u00edcias em Destaque","url":"https:\/\/noticiasemdestaque.com\/cd\/?author=2"}]}},"jetpack_featured_media_url":"https:\/\/noticiasemdestaque.com\/cd\/wp-content\/uploads\/2019\/04\/m\u00e9dico-atendimento-2.jpg","jetpack_sharing_enabled":true,"_links":{"self":[{"href":"https:\/\/noticiasemdestaque.com\/cd\/index.php?rest_route=\/wp\/v2\/posts\/16491","targetHints":{"allow":["GET"]}}],"collection":[{"href":"https:\/\/noticiasemdestaque.com\/cd\/index.php?rest_route=\/wp\/v2\/posts"}],"about":[{"href":"https:\/\/noticiasemdestaque.com\/cd\/index.php?rest_route=\/wp\/v2\/types\/post"}],"author":[{"embeddable":true,"href":"https:\/\/noticiasemdestaque.com\/cd\/index.php?rest_route=\/wp\/v2\/users\/2"}],"replies":[{"embeddable":true,"href":"https:\/\/noticiasemdestaque.com\/cd\/index.php?rest_route=%2Fwp%2Fv2%2Fcomments&post=16491"}],"version-history":[{"count":1,"href":"https:\/\/noticiasemdestaque.com\/cd\/index.php?rest_route=\/wp\/v2\/posts\/16491\/revisions"}],"predecessor-version":[{"id":16493,"href":"https:\/\/noticiasemdestaque.com\/cd\/index.php?rest_route=\/wp\/v2\/posts\/16491\/revisions\/16493"}],"wp:featuredmedia":[{"embeddable":true,"href":"https:\/\/noticiasemdestaque.com\/cd\/index.php?rest_route=\/wp\/v2\/media\/16492"}],"wp:attachment":[{"href":"https:\/\/noticiasemdestaque.com\/cd\/index.php?rest_route=%2Fwp%2Fv2%2Fmedia&parent=16491"}],"wp:term":[{"taxonomy":"category","embeddable":true,"href":"https:\/\/noticiasemdestaque.com\/cd\/index.php?rest_route=%2Fwp%2Fv2%2Fcategories&post=16491"},{"taxonomy":"post_tag","embeddable":true,"href":"https:\/\/noticiasemdestaque.com\/cd\/index.php?rest_route=%2Fwp%2Fv2%2Ftags&post=16491"}],"curies":[{"name":"wp","href":"https:\/\/api.w.org\/{rel}","templated":true}]}}