{"id":16473,"date":"2019-04-01T12:38:45","date_gmt":"2019-04-01T15:38:45","guid":{"rendered":"http:\/\/noticiasemdestaque.com\/cd\/?p=16473"},"modified":"2019-04-01T12:38:45","modified_gmt":"2019-04-01T15:38:45","slug":"cantor-gabriel-diniz-e-homenageado-pela-alpb-nesta-segunda","status":"publish","type":"post","link":"https:\/\/noticiasemdestaque.com\/cd\/?p=16473","title":{"rendered":"Cantor Gabriel Diniz \u00e9 homenageado pela ALPB nesta segunda"},"content":{"rendered":"<figure id=\"attachment_16476\" aria-describedby=\"caption-attachment-16476\" style=\"width: 876px\" class=\"wp-caption alignnone\"><a href=\"https:\/\/noticiasemdestaque.com\/cd\/wp-content\/uploads\/2019\/04\/gabriel_diniz.jpg\"><img fetchpriority=\"high\" decoding=\"async\" class=\"size-full wp-image-16476\" src=\"https:\/\/noticiasemdestaque.com\/cd\/wp-content\/uploads\/2019\/04\/gabriel_diniz.jpg\" alt=\"\" width=\"876\" height=\"585\" srcset=\"https:\/\/noticiasemdestaque.com\/cd\/wp-content\/uploads\/2019\/04\/gabriel_diniz.jpg 876w, https:\/\/noticiasemdestaque.com\/cd\/wp-content\/uploads\/2019\/04\/gabriel_diniz-300x200.jpg 300w, https:\/\/noticiasemdestaque.com\/cd\/wp-content\/uploads\/2019\/04\/gabriel_diniz-768x513.jpg 768w, https:\/\/noticiasemdestaque.com\/cd\/wp-content\/uploads\/2019\/04\/gabriel_diniz-480x320.jpg 480w\" sizes=\"(max-width: 876px) 100vw, 876px\" \/><\/a><figcaption id=\"caption-attachment-16476\" class=\"wp-caption-text\">Gabriel Diniz \u00e9 de Campo Grande, mas mora em Jo\u00e3o Pessoa. Ele emplacou o sucesso &#8220;Jeniffer&#8221; por todo o pa\u00eds. (Foto: Reprodu\u00e7\u00e3o)<\/figcaption><\/figure>\n<p>O cantor Gabriel Diniz ser\u00e1 homenageado nesta segunda-feira (1\u00ba), na Assembleia Legislativa da Para\u00edba com o T\u00edtulo de Cidad\u00e3o Paraibano. A propositura \u00e9 do deputado Jo\u00e3o Gon\u00e7alves pela contribui\u00e7\u00e3o do m\u00fasico\u00a0no cen\u00e1rio nacional da m\u00fasica destacando a relev\u00e2ncia dos ritmos nordestinos e da Para\u00edba.<\/p>\n<p>A sess\u00e3o acontece \u00e0s 15h no Plen\u00e1rio Deputado Jos\u00e9 Mariz, localizado na Pra\u00e7a Jo\u00e3o Pessoa, no Centro da cidade.<\/p>\n<p>Gabriel Diniz \u00e9 de Campo Grande, mas mora em Jo\u00e3o Pessoa. Ele emplacou o sucesso &#8220;Jeniffer&#8221; por todo o pa\u00eds, ficando em primeiro lugar em todas as plataformas digitais.<\/p>\n","protected":false},"excerpt":{"rendered":"<p>O cantor Gabriel Diniz ser\u00e1 homenageado nesta segunda-feira (1\u00ba), na Assembleia Legislativa da Para\u00edba com o T\u00edtulo de Cidad\u00e3o Paraibano. A propositura \u00e9 do deputado Jo\u00e3o Gon\u00e7alves pela contribui\u00e7\u00e3o do m\u00fasico\u00a0no cen\u00e1rio nacional da m\u00fasica destacando a relev\u00e2ncia dos ritmos nordestinos e da Para\u00edba. A sess\u00e3o acontece \u00e0s 15h no Plen\u00e1rio Deputado Jos\u00e9 Mariz, localizado na Pra\u00e7a Jo\u00e3o Pessoa, no Centro da cidade. Gabriel Diniz \u00e9 de Campo Grande, mas mora em Jo\u00e3o Pessoa. Ele emplacou o sucesso &#8220;Jeniffer&#8221; por todo o pa\u00eds, ficando em primeiro lugar em todas as plataformas digitais.<\/p>\n","protected":false},"author":2,"featured_media":16476,"comment_status":"closed","ping_status":"open","sticky":false,"template":"","format":"standard","meta":{"_eb_attr":"","_jetpack_memberships_contains_paid_content":false,"footnotes":""},"categories":[4],"tags":[],"class_list":["post-16473","post","type-post","status-publish","format-standard","has-post-thumbnail","hentry","category-politica"],"yoast_head":"<!-- This site is optimized with the Yoast SEO plugin v26.5 - https:\/\/yoast.com\/wordpress\/plugins\/seo\/ -->\n<title>Cantor Gabriel Diniz \u00e9 homenageado pela ALPB nesta segunda - Not&iacute;cias em Destaque<\/title>\n<meta name=\"robots\" content=\"index, follow, max-snippet:-1, max-image-preview:large, max-video-preview:-1\" \/>\n<link rel=\"canonical\" href=\"https:\/\/noticiasemdestaque.com\/cd\/?p=16473\" \/>\n<meta property=\"og:locale\" content=\"pt_BR\" \/>\n<meta property=\"og:type\" content=\"article\" \/>\n<meta property=\"og:title\" content=\"Cantor Gabriel Diniz \u00e9 homenageado pela ALPB nesta segunda - Not&iacute;cias em Destaque\" \/>\n<meta property=\"og:description\" content=\"O cantor Gabriel Diniz ser\u00e1 homenageado nesta segunda-feira (1\u00ba), na Assembleia Legislativa da Para\u00edba com o T\u00edtulo de Cidad\u00e3o Paraibano. A propositura \u00e9 do deputado Jo\u00e3o Gon\u00e7alves pela contribui\u00e7\u00e3o do m\u00fasico\u00a0no cen\u00e1rio nacional da m\u00fasica destacando a relev\u00e2ncia dos ritmos nordestinos e da Para\u00edba. A sess\u00e3o acontece \u00e0s 15h no Plen\u00e1rio Deputado Jos\u00e9 Mariz, localizado na Pra\u00e7a Jo\u00e3o Pessoa, no Centro da cidade. Gabriel Diniz \u00e9 de Campo Grande, mas mora em Jo\u00e3o Pessoa. Ele emplacou o sucesso &#8220;Jeniffer&#8221; por todo o pa\u00eds, ficando em primeiro lugar em todas as plataformas digitais.\" \/>\n<meta property=\"og:url\" content=\"https:\/\/noticiasemdestaque.com\/cd\/?p=16473\" \/>\n<meta property=\"og:site_name\" content=\"Not&iacute;cias em Destaque\" \/>\n<meta property=\"article:published_time\" content=\"2019-04-01T15:38:45+00:00\" \/>\n<meta property=\"og:image\" content=\"https:\/\/noticiasemdestaque.com\/cd\/wp-content\/uploads\/2019\/04\/gabriel_diniz.jpg\" \/>\n\t<meta property=\"og:image:width\" content=\"876\" \/>\n\t<meta property=\"og:image:height\" content=\"585\" \/>\n\t<meta property=\"og:image:type\" content=\"image\/jpeg\" \/>\n<meta name=\"author\" content=\"Not\u00edcias em Destaque\" \/>\n<meta name=\"twitter:card\" content=\"summary_large_image\" \/>\n<meta name=\"twitter:label1\" content=\"Escrito por\" \/>\n\t<meta name=\"twitter:data1\" content=\"Not\u00edcias em Destaque\" \/>\n\t<meta name=\"twitter:label2\" content=\"Est. tempo de leitura\" \/>\n\t<meta name=\"twitter:data2\" content=\"1 minuto\" \/>\n<script type=\"application\/ld+json\" class=\"yoast-schema-graph\">{\"@context\":\"https:\/\/schema.org\",\"@graph\":[{\"@type\":\"Article\",\"@id\":\"https:\/\/noticiasemdestaque.com\/cd\/?p=16473#article\",\"isPartOf\":{\"@id\":\"https:\/\/noticiasemdestaque.com\/cd\/?p=16473\"},\"author\":{\"name\":\"Not\u00edcias em Destaque\",\"@id\":\"https:\/\/noticiasemdestaque.com\/cd\/#\/schema\/person\/47f7d4f55eec17c6b2ca036c5500f6ce\"},\"headline\":\"Cantor Gabriel Diniz \u00e9 homenageado pela ALPB nesta segunda\",\"datePublished\":\"2019-04-01T15:38:45+00:00\",\"mainEntityOfPage\":{\"@id\":\"https:\/\/noticiasemdestaque.com\/cd\/?p=16473\"},\"wordCount\":146,\"publisher\":{\"@id\":\"https:\/\/noticiasemdestaque.com\/cd\/#organization\"},\"image\":{\"@id\":\"https:\/\/noticiasemdestaque.com\/cd\/?p=16473#primaryimage\"},\"thumbnailUrl\":\"https:\/\/noticiasemdestaque.com\/cd\/wp-content\/uploads\/2019\/04\/gabriel_diniz.jpg\",\"articleSection\":[\"Pol\u00edtica\"],\"inLanguage\":\"pt-BR\"},{\"@type\":\"WebPage\",\"@id\":\"https:\/\/noticiasemdestaque.com\/cd\/?p=16473\",\"url\":\"https:\/\/noticiasemdestaque.com\/cd\/?p=16473\",\"name\":\"Cantor Gabriel Diniz \u00e9 homenageado pela ALPB nesta segunda - Not&iacute;cias em Destaque\",\"isPartOf\":{\"@id\":\"https:\/\/noticiasemdestaque.com\/cd\/#website\"},\"primaryImageOfPage\":{\"@id\":\"https:\/\/noticiasemdestaque.com\/cd\/?p=16473#primaryimage\"},\"image\":{\"@id\":\"https:\/\/noticiasemdestaque.com\/cd\/?p=16473#primaryimage\"},\"thumbnailUrl\":\"https:\/\/noticiasemdestaque.com\/cd\/wp-content\/uploads\/2019\/04\/gabriel_diniz.jpg\",\"datePublished\":\"2019-04-01T15:38:45+00:00\",\"breadcrumb\":{\"@id\":\"https:\/\/noticiasemdestaque.com\/cd\/?p=16473#breadcrumb\"},\"inLanguage\":\"pt-BR\",\"potentialAction\":[{\"@type\":\"ReadAction\",\"target\":[\"https:\/\/noticiasemdestaque.com\/cd\/?p=16473\"]}]},{\"@type\":\"ImageObject\",\"inLanguage\":\"pt-BR\",\"@id\":\"https:\/\/noticiasemdestaque.com\/cd\/?p=16473#primaryimage\",\"url\":\"https:\/\/noticiasemdestaque.com\/cd\/wp-content\/uploads\/2019\/04\/gabriel_diniz.jpg\",\"contentUrl\":\"https:\/\/noticiasemdestaque.com\/cd\/wp-content\/uploads\/2019\/04\/gabriel_diniz.jpg\",\"width\":876,\"height\":585,\"caption\":\"Gabriel Diniz era de Campo Grande, mas morava em Jo\u00e3o Pessoa. Ele emplacou o sucesso \\\"Jeniffer\\\" por todo o pa\u00eds. (Foto: Reprodu\u00e7\u00e3o)\"},{\"@type\":\"BreadcrumbList\",\"@id\":\"https:\/\/noticiasemdestaque.com\/cd\/?p=16473#breadcrumb\",\"itemListElement\":[{\"@type\":\"ListItem\",\"position\":1,\"name\":\"In\u00edcio\",\"item\":\"https:\/\/noticiasemdestaque.com\/cd\/\"},{\"@type\":\"ListItem\",\"position\":2,\"name\":\"Cantor Gabriel Diniz \u00e9 homenageado pela ALPB nesta segunda\"}]},{\"@type\":\"WebSite\",\"@id\":\"https:\/\/noticiasemdestaque.com\/cd\/#website\",\"url\":\"https:\/\/noticiasemdestaque.com\/cd\/\",\"name\":\"Not&iacute;cias em Destaque\",\"description\":\"\",\"publisher\":{\"@id\":\"https:\/\/noticiasemdestaque.com\/cd\/#organization\"},\"potentialAction\":[{\"@type\":\"SearchAction\",\"target\":{\"@type\":\"EntryPoint\",\"urlTemplate\":\"https:\/\/noticiasemdestaque.com\/cd\/?s={search_term_string}\"},\"query-input\":{\"@type\":\"PropertyValueSpecification\",\"valueRequired\":true,\"valueName\":\"search_term_string\"}}],\"inLanguage\":\"pt-BR\"},{\"@type\":\"Organization\",\"@id\":\"https:\/\/noticiasemdestaque.com\/cd\/#organization\",\"name\":\"Not\u00edcias em Destaque\",\"url\":\"https:\/\/noticiasemdestaque.com\/cd\/\",\"logo\":{\"@type\":\"ImageObject\",\"inLanguage\":\"pt-BR\",\"@id\":\"https:\/\/noticiasemdestaque.com\/cd\/#\/schema\/logo\/image\/\",\"url\":\"https:\/\/noticiasemdestaque.com\/cd\/wp-content\/uploads\/2022\/05\/imagem-base-noticiasemdestaque.png\",\"contentUrl\":\"https:\/\/noticiasemdestaque.com\/cd\/wp-content\/uploads\/2022\/05\/imagem-base-noticiasemdestaque.png\",\"width\":1200,\"height\":630,\"caption\":\"Not\u00edcias em Destaque\"},\"image\":{\"@id\":\"https:\/\/noticiasemdestaque.com\/cd\/#\/schema\/logo\/image\/\"}},{\"@type\":\"Person\",\"@id\":\"https:\/\/noticiasemdestaque.com\/cd\/#\/schema\/person\/47f7d4f55eec17c6b2ca036c5500f6ce\",\"name\":\"Not\u00edcias em Destaque\",\"url\":\"https:\/\/noticiasemdestaque.com\/cd\/?author=2\"}]}<\/script>\n<!-- \/ Yoast SEO plugin. -->","yoast_head_json":{"title":"Cantor Gabriel Diniz \u00e9 homenageado pela ALPB nesta segunda - Not&iacute;cias em Destaque","robots":{"index":"index","follow":"follow","max-snippet":"max-snippet:-1","max-image-preview":"max-image-preview:large","max-video-preview":"max-video-preview:-1"},"canonical":"https:\/\/noticiasemdestaque.com\/cd\/?p=16473","og_locale":"pt_BR","og_type":"article","og_title":"Cantor Gabriel Diniz \u00e9 homenageado pela ALPB nesta segunda - Not&iacute;cias em Destaque","og_description":"O cantor Gabriel Diniz ser\u00e1 homenageado nesta segunda-feira (1\u00ba), na Assembleia Legislativa da Para\u00edba com o T\u00edtulo de Cidad\u00e3o Paraibano. A propositura \u00e9 do deputado Jo\u00e3o Gon\u00e7alves pela contribui\u00e7\u00e3o do m\u00fasico\u00a0no cen\u00e1rio nacional da m\u00fasica destacando a relev\u00e2ncia dos ritmos nordestinos e da Para\u00edba. A sess\u00e3o acontece \u00e0s 15h no Plen\u00e1rio Deputado Jos\u00e9 Mariz, localizado na Pra\u00e7a Jo\u00e3o Pessoa, no Centro da cidade. Gabriel Diniz \u00e9 de Campo Grande, mas mora em Jo\u00e3o Pessoa. Ele emplacou o sucesso &#8220;Jeniffer&#8221; por todo o pa\u00eds, ficando em primeiro lugar em todas as plataformas digitais.","og_url":"https:\/\/noticiasemdestaque.com\/cd\/?p=16473","og_site_name":"Not&iacute;cias em Destaque","article_published_time":"2019-04-01T15:38:45+00:00","og_image":[{"width":876,"height":585,"url":"https:\/\/noticiasemdestaque.com\/cd\/wp-content\/uploads\/2019\/04\/gabriel_diniz.jpg","type":"image\/jpeg"}],"author":"Not\u00edcias em Destaque","twitter_card":"summary_large_image","twitter_misc":{"Escrito por":"Not\u00edcias em Destaque","Est. tempo de leitura":"1 minuto"},"schema":{"@context":"https:\/\/schema.org","@graph":[{"@type":"Article","@id":"https:\/\/noticiasemdestaque.com\/cd\/?p=16473#article","isPartOf":{"@id":"https:\/\/noticiasemdestaque.com\/cd\/?p=16473"},"author":{"name":"Not\u00edcias em Destaque","@id":"https:\/\/noticiasemdestaque.com\/cd\/#\/schema\/person\/47f7d4f55eec17c6b2ca036c5500f6ce"},"headline":"Cantor Gabriel Diniz \u00e9 homenageado pela ALPB nesta segunda","datePublished":"2019-04-01T15:38:45+00:00","mainEntityOfPage":{"@id":"https:\/\/noticiasemdestaque.com\/cd\/?p=16473"},"wordCount":146,"publisher":{"@id":"https:\/\/noticiasemdestaque.com\/cd\/#organization"},"image":{"@id":"https:\/\/noticiasemdestaque.com\/cd\/?p=16473#primaryimage"},"thumbnailUrl":"https:\/\/noticiasemdestaque.com\/cd\/wp-content\/uploads\/2019\/04\/gabriel_diniz.jpg","articleSection":["Pol\u00edtica"],"inLanguage":"pt-BR"},{"@type":"WebPage","@id":"https:\/\/noticiasemdestaque.com\/cd\/?p=16473","url":"https:\/\/noticiasemdestaque.com\/cd\/?p=16473","name":"Cantor Gabriel Diniz \u00e9 homenageado pela ALPB nesta segunda - Not&iacute;cias em Destaque","isPartOf":{"@id":"https:\/\/noticiasemdestaque.com\/cd\/#website"},"primaryImageOfPage":{"@id":"https:\/\/noticiasemdestaque.com\/cd\/?p=16473#primaryimage"},"image":{"@id":"https:\/\/noticiasemdestaque.com\/cd\/?p=16473#primaryimage"},"thumbnailUrl":"https:\/\/noticiasemdestaque.com\/cd\/wp-content\/uploads\/2019\/04\/gabriel_diniz.jpg","datePublished":"2019-04-01T15:38:45+00:00","breadcrumb":{"@id":"https:\/\/noticiasemdestaque.com\/cd\/?p=16473#breadcrumb"},"inLanguage":"pt-BR","potentialAction":[{"@type":"ReadAction","target":["https:\/\/noticiasemdestaque.com\/cd\/?p=16473"]}]},{"@type":"ImageObject","inLanguage":"pt-BR","@id":"https:\/\/noticiasemdestaque.com\/cd\/?p=16473#primaryimage","url":"https:\/\/noticiasemdestaque.com\/cd\/wp-content\/uploads\/2019\/04\/gabriel_diniz.jpg","contentUrl":"https:\/\/noticiasemdestaque.com\/cd\/wp-content\/uploads\/2019\/04\/gabriel_diniz.jpg","width":876,"height":585,"caption":"Gabriel Diniz era de Campo Grande, mas morava em Jo\u00e3o Pessoa. Ele emplacou o sucesso \"Jeniffer\" por todo o pa\u00eds. (Foto: Reprodu\u00e7\u00e3o)"},{"@type":"BreadcrumbList","@id":"https:\/\/noticiasemdestaque.com\/cd\/?p=16473#breadcrumb","itemListElement":[{"@type":"ListItem","position":1,"name":"In\u00edcio","item":"https:\/\/noticiasemdestaque.com\/cd\/"},{"@type":"ListItem","position":2,"name":"Cantor Gabriel Diniz \u00e9 homenageado pela ALPB nesta segunda"}]},{"@type":"WebSite","@id":"https:\/\/noticiasemdestaque.com\/cd\/#website","url":"https:\/\/noticiasemdestaque.com\/cd\/","name":"Not&iacute;cias em Destaque","description":"","publisher":{"@id":"https:\/\/noticiasemdestaque.com\/cd\/#organization"},"potentialAction":[{"@type":"SearchAction","target":{"@type":"EntryPoint","urlTemplate":"https:\/\/noticiasemdestaque.com\/cd\/?s={search_term_string}"},"query-input":{"@type":"PropertyValueSpecification","valueRequired":true,"valueName":"search_term_string"}}],"inLanguage":"pt-BR"},{"@type":"Organization","@id":"https:\/\/noticiasemdestaque.com\/cd\/#organization","name":"Not\u00edcias em Destaque","url":"https:\/\/noticiasemdestaque.com\/cd\/","logo":{"@type":"ImageObject","inLanguage":"pt-BR","@id":"https:\/\/noticiasemdestaque.com\/cd\/#\/schema\/logo\/image\/","url":"https:\/\/noticiasemdestaque.com\/cd\/wp-content\/uploads\/2022\/05\/imagem-base-noticiasemdestaque.png","contentUrl":"https:\/\/noticiasemdestaque.com\/cd\/wp-content\/uploads\/2022\/05\/imagem-base-noticiasemdestaque.png","width":1200,"height":630,"caption":"Not\u00edcias em Destaque"},"image":{"@id":"https:\/\/noticiasemdestaque.com\/cd\/#\/schema\/logo\/image\/"}},{"@type":"Person","@id":"https:\/\/noticiasemdestaque.com\/cd\/#\/schema\/person\/47f7d4f55eec17c6b2ca036c5500f6ce","name":"Not\u00edcias em Destaque","url":"https:\/\/noticiasemdestaque.com\/cd\/?author=2"}]}},"jetpack_featured_media_url":"https:\/\/noticiasemdestaque.com\/cd\/wp-content\/uploads\/2019\/04\/gabriel_diniz.jpg","jetpack_sharing_enabled":true,"_links":{"self":[{"href":"https:\/\/noticiasemdestaque.com\/cd\/index.php?rest_route=\/wp\/v2\/posts\/16473","targetHints":{"allow":["GET"]}}],"collection":[{"href":"https:\/\/noticiasemdestaque.com\/cd\/index.php?rest_route=\/wp\/v2\/posts"}],"about":[{"href":"https:\/\/noticiasemdestaque.com\/cd\/index.php?rest_route=\/wp\/v2\/types\/post"}],"author":[{"embeddable":true,"href":"https:\/\/noticiasemdestaque.com\/cd\/index.php?rest_route=\/wp\/v2\/users\/2"}],"replies":[{"embeddable":true,"href":"https:\/\/noticiasemdestaque.com\/cd\/index.php?rest_route=%2Fwp%2Fv2%2Fcomments&post=16473"}],"version-history":[{"count":1,"href":"https:\/\/noticiasemdestaque.com\/cd\/index.php?rest_route=\/wp\/v2\/posts\/16473\/revisions"}],"predecessor-version":[{"id":16477,"href":"https:\/\/noticiasemdestaque.com\/cd\/index.php?rest_route=\/wp\/v2\/posts\/16473\/revisions\/16477"}],"wp:featuredmedia":[{"embeddable":true,"href":"https:\/\/noticiasemdestaque.com\/cd\/index.php?rest_route=\/wp\/v2\/media\/16476"}],"wp:attachment":[{"href":"https:\/\/noticiasemdestaque.com\/cd\/index.php?rest_route=%2Fwp%2Fv2%2Fmedia&parent=16473"}],"wp:term":[{"taxonomy":"category","embeddable":true,"href":"https:\/\/noticiasemdestaque.com\/cd\/index.php?rest_route=%2Fwp%2Fv2%2Fcategories&post=16473"},{"taxonomy":"post_tag","embeddable":true,"href":"https:\/\/noticiasemdestaque.com\/cd\/index.php?rest_route=%2Fwp%2Fv2%2Ftags&post=16473"}],"curies":[{"name":"wp","href":"https:\/\/api.w.org\/{rel}","templated":true}]}}