{"id":1642,"date":"2017-07-11T12:51:19","date_gmt":"2017-07-11T15:51:19","guid":{"rendered":"http:\/\/caririemdestaque.com\/cd\/?p=1642"},"modified":"2017-07-11T12:51:19","modified_gmt":"2017-07-11T15:51:19","slug":"infeccao-respiratoria-pode-ser-gatilho-para-problemas-no-coracao","status":"publish","type":"post","link":"https:\/\/noticiasemdestaque.com\/cd\/?p=1642","title":{"rendered":"Infec\u00e7\u00e3o respirat\u00f3ria pode ser gatilho para problemas no cora\u00e7\u00e3o"},"content":{"rendered":"<p><a href=\"http:\/\/caririemdestaque.com\/cd\/wp-content\/uploads\/2017\/07\/FRIO1-300x180.jpg\"><img decoding=\"async\" class=\"wp-image-1643 size-thumbnail alignleft\" src=\"http:\/\/caririemdestaque.com\/cd\/wp-content\/uploads\/2017\/07\/FRIO1-300x180-150x150.jpg\" alt=\"\" width=\"150\" height=\"150\" \/><\/a>As infec\u00e7\u00f5es respirat\u00f3rias s\u00e3o comuns no inverno, mas \u00e9 preciso cuidar, pois elas podem ser um gatilho para problemas no cora\u00e7\u00e3o, como explica o cardiologista e consulto Roberto Kalil .<\/p>\n<p>O pneumologista Daniel Deheinzelin falou das amea\u00e7as da asma. No Brasil, tr\u00eas pessoas morrem, por dia, por causa de complica\u00e7\u00f5es da doen\u00e7a.<\/p>\n<p>O risco de ataque card\u00edaco \u00e9 17 vezes maior ap\u00f3s infec\u00e7\u00f5es respirat\u00f3rias como bronquite, gripe e pneumonia, de acordo com um estudo da Universidade de Sydney. Quando a infec\u00e7\u00e3o \u00e9 das vias \u00e1reas superiores (resfriado, rinite e sinusite), o risco diminui para 13 vezes.<\/p>\n<p>O pneumologista explica que quando temos uma infec\u00e7\u00e3o respirat\u00f3ria, o corpo todo fica inflamado e aumenta a chance de les\u00e3o no cora\u00e7\u00e3o. Outra possibilidade \u00e9 que, se o pulm\u00e3o est\u00e1 doente, ele n\u00e3o consegue absorver o sangue como deveria e causa uma sobrecarga no cora\u00e7\u00e3o.<\/p>\n<p>De acordo com Kalil, o n\u00famero de infartos e AVC aumenta em 30% e 20%, respectivamente durante o inverno. Isso ocorre porque o organismo, com o objetivo de elevar a temperatura interna, contrai os vasos sangu\u00edneos que irrigam a pele e o cora\u00e7\u00e3o precisa fazer mais for\u00e7a para bombear o sangue.<\/p>\n<p>\u00c9 importante que grupos mais fr\u00e1geis, como os idosos, hipertensos, diab\u00e9ticos, obesos, fumantes e sedent\u00e1rios, redobrem o cuidado no inverno e evitem exposi\u00e7\u00e3o prolongada ao frio, ambientes fechados e \u00e0s mudan\u00e7as bruscas de temperatura. Tamb\u00e9m \u00e9 importante manter-se hidratado.<\/p>\n<p><strong>Asma<\/strong><\/p>\n<p>A asma \u00e9 uma doen\u00e7a inflamat\u00f3ria que se caracteriza por um espasmo da musculatura dos br\u00f4nquios. Eles se \u2018fecham\u2019 e h\u00e1 um estreitamento das vias respirat\u00f3rias, causando muita falta de ar e desconforto para respirar.<\/p>\n<p>O tratamento da asma n\u00e3o deve ser feito s\u00f3 durante as crises. O correto \u00e9 usar o rem\u00e9dio de preven\u00e7\u00e3o da asma para que as crises n\u00e3o aconte\u00e7am. Quando a crise aparece, h\u00e1 duas formas de aliviar os sintomas: usando broncodilatadores ou nebuliza\u00e7\u00e3o\/inala\u00e7\u00e3o. Para preven\u00e7\u00e3o, o ideal \u00e9 usar as bombinhas de asma com corticoide. Os broncodilatadores dilatam os br\u00f4nquios, mas a inflama\u00e7\u00e3o permanece. J\u00e1 o corticoide vai at\u00e9 o interior dos br\u00f4nquios, age neles e destr\u00f3i a inflama\u00e7\u00e3o.<\/p>\n<p>Com G1<\/p>\n","protected":false},"excerpt":{"rendered":"<p>As infec\u00e7\u00f5es respirat\u00f3rias s\u00e3o comuns no inverno, mas \u00e9 preciso cuidar, pois elas podem ser um gatilho para problemas no cora\u00e7\u00e3o, como explica o cardiologista e consulto Roberto Kalil . O pneumologista Daniel Deheinzelin falou das amea\u00e7as da asma. No Brasil, tr\u00eas pessoas morrem, por dia, por causa de complica\u00e7\u00f5es da doen\u00e7a. O risco de ataque card\u00edaco \u00e9 17 vezes maior ap\u00f3s infec\u00e7\u00f5es respirat\u00f3rias como bronquite, gripe e pneumonia, de acordo com um estudo da Universidade de Sydney. Quando a infec\u00e7\u00e3o \u00e9 das vias \u00e1reas superiores (resfriado, rinite e sinusite), o risco diminui para 13 vezes. O pneumologista explica que quando temos uma infec\u00e7\u00e3o respirat\u00f3ria, o corpo todo fica inflamado e aumenta a chance de les\u00e3o no cora\u00e7\u00e3o. Outra possibilidade \u00e9 que, se o pulm\u00e3o est\u00e1 doente, ele n\u00e3o consegue absorver o sangue como deveria e causa uma sobrecarga no cora\u00e7\u00e3o. De acordo com Kalil, o n\u00famero de infartos e AVC aumenta em 30% e 20%, respectivamente durante o inverno. Isso ocorre porque o organismo, com o objetivo de elevar a temperatura interna, contrai os vasos sangu\u00edneos que irrigam a pele e o cora\u00e7\u00e3o precisa fazer mais for\u00e7a para bombear o sangue. \u00c9 importante que grupos mais fr\u00e1geis, como os idosos, hipertensos, diab\u00e9ticos, obesos, fumantes e sedent\u00e1rios, redobrem o cuidado no inverno e evitem exposi\u00e7\u00e3o prolongada ao frio, ambientes fechados e \u00e0s mudan\u00e7as bruscas de temperatura. Tamb\u00e9m \u00e9 importante manter-se hidratado. Asma A asma \u00e9 uma doen\u00e7a inflamat\u00f3ria que se caracteriza por um espasmo da musculatura dos br\u00f4nquios. Eles se \u2018fecham\u2019 e h\u00e1 um estreitamento das vias respirat\u00f3rias, causando muita falta de ar e desconforto para respirar. O tratamento da asma n\u00e3o deve ser feito s\u00f3 durante as crises. O correto \u00e9 usar o rem\u00e9dio de preven\u00e7\u00e3o da asma para que as crises n\u00e3o aconte\u00e7am. Quando a crise aparece, h\u00e1 duas formas de aliviar os sintomas: usando broncodilatadores ou nebuliza\u00e7\u00e3o\/inala\u00e7\u00e3o. Para preven\u00e7\u00e3o, o ideal \u00e9 usar as bombinhas de asma com corticoide. Os broncodilatadores dilatam os br\u00f4nquios, mas a inflama\u00e7\u00e3o permanece. J\u00e1 o corticoide vai at\u00e9 o interior dos br\u00f4nquios, age neles e destr\u00f3i a inflama\u00e7\u00e3o. Com G1<\/p>\n","protected":false},"author":2,"featured_media":0,"comment_status":"closed","ping_status":"open","sticky":false,"template":"","format":"standard","meta":{"_eb_attr":"","_jetpack_memberships_contains_paid_content":false,"footnotes":""},"categories":[8],"tags":[],"class_list":["post-1642","post","type-post","status-publish","format-standard","hentry","category-saude"],"yoast_head":"<!-- This site is optimized with the Yoast SEO plugin v26.5 - https:\/\/yoast.com\/wordpress\/plugins\/seo\/ -->\n<title>Infec\u00e7\u00e3o respirat\u00f3ria pode ser gatilho para problemas no cora\u00e7\u00e3o - Not&iacute;cias em Destaque<\/title>\n<meta name=\"robots\" content=\"index, follow, max-snippet:-1, max-image-preview:large, max-video-preview:-1\" \/>\n<link rel=\"canonical\" href=\"https:\/\/noticiasemdestaque.com\/cd\/?p=1642\" \/>\n<meta property=\"og:locale\" content=\"pt_BR\" \/>\n<meta property=\"og:type\" content=\"article\" \/>\n<meta property=\"og:title\" content=\"Infec\u00e7\u00e3o respirat\u00f3ria pode ser gatilho para problemas no cora\u00e7\u00e3o - Not&iacute;cias em Destaque\" \/>\n<meta property=\"og:description\" content=\"As infec\u00e7\u00f5es respirat\u00f3rias s\u00e3o comuns no inverno, mas \u00e9 preciso cuidar, pois elas podem ser um gatilho para problemas no cora\u00e7\u00e3o, como explica o cardiologista e consulto Roberto Kalil . O pneumologista Daniel Deheinzelin falou das amea\u00e7as da asma. No Brasil, tr\u00eas pessoas morrem, por dia, por causa de complica\u00e7\u00f5es da doen\u00e7a. O risco de ataque card\u00edaco \u00e9 17 vezes maior ap\u00f3s infec\u00e7\u00f5es respirat\u00f3rias como bronquite, gripe e pneumonia, de acordo com um estudo da Universidade de Sydney. Quando a infec\u00e7\u00e3o \u00e9 das vias \u00e1reas superiores (resfriado, rinite e sinusite), o risco diminui para 13 vezes. O pneumologista explica que quando temos uma infec\u00e7\u00e3o respirat\u00f3ria, o corpo todo fica inflamado e aumenta a chance de les\u00e3o no cora\u00e7\u00e3o. Outra possibilidade \u00e9 que, se o pulm\u00e3o est\u00e1 doente, ele n\u00e3o consegue absorver o sangue como deveria e causa uma sobrecarga no cora\u00e7\u00e3o. De acordo com Kalil, o n\u00famero de infartos e AVC aumenta em 30% e 20%, respectivamente durante o inverno. Isso ocorre porque o organismo, com o objetivo de elevar a temperatura interna, contrai os vasos sangu\u00edneos que irrigam a pele e o cora\u00e7\u00e3o precisa fazer mais for\u00e7a para bombear o sangue. \u00c9 importante que grupos mais fr\u00e1geis, como os idosos, hipertensos, diab\u00e9ticos, obesos, fumantes e sedent\u00e1rios, redobrem o cuidado no inverno e evitem exposi\u00e7\u00e3o prolongada ao frio, ambientes fechados e \u00e0s mudan\u00e7as bruscas de temperatura. Tamb\u00e9m \u00e9 importante manter-se hidratado. Asma A asma \u00e9 uma doen\u00e7a inflamat\u00f3ria que se caracteriza por um espasmo da musculatura dos br\u00f4nquios. Eles se \u2018fecham\u2019 e h\u00e1 um estreitamento das vias respirat\u00f3rias, causando muita falta de ar e desconforto para respirar. O tratamento da asma n\u00e3o deve ser feito s\u00f3 durante as crises. O correto \u00e9 usar o rem\u00e9dio de preven\u00e7\u00e3o da asma para que as crises n\u00e3o aconte\u00e7am. Quando a crise aparece, h\u00e1 duas formas de aliviar os sintomas: usando broncodilatadores ou nebuliza\u00e7\u00e3o\/inala\u00e7\u00e3o. Para preven\u00e7\u00e3o, o ideal \u00e9 usar as bombinhas de asma com corticoide. Os broncodilatadores dilatam os br\u00f4nquios, mas a inflama\u00e7\u00e3o permanece. J\u00e1 o corticoide vai at\u00e9 o interior dos br\u00f4nquios, age neles e destr\u00f3i a inflama\u00e7\u00e3o. Com G1\" \/>\n<meta property=\"og:url\" content=\"https:\/\/noticiasemdestaque.com\/cd\/?p=1642\" \/>\n<meta property=\"og:site_name\" content=\"Not&iacute;cias em Destaque\" \/>\n<meta property=\"article:published_time\" content=\"2017-07-11T15:51:19+00:00\" \/>\n<meta property=\"og:image\" content=\"http:\/\/caririemdestaque.com\/cd\/wp-content\/uploads\/2017\/07\/FRIO1-300x180-150x150.jpg\" \/>\n<meta name=\"author\" content=\"Not\u00edcias em Destaque\" \/>\n<meta name=\"twitter:card\" content=\"summary_large_image\" \/>\n<meta name=\"twitter:label1\" content=\"Escrito por\" \/>\n\t<meta name=\"twitter:data1\" content=\"Not\u00edcias em Destaque\" \/>\n\t<meta name=\"twitter:label2\" content=\"Est. tempo de leitura\" \/>\n\t<meta name=\"twitter:data2\" content=\"2 minutos\" \/>\n<script type=\"application\/ld+json\" class=\"yoast-schema-graph\">{\"@context\":\"https:\/\/schema.org\",\"@graph\":[{\"@type\":\"Article\",\"@id\":\"https:\/\/noticiasemdestaque.com\/cd\/?p=1642#article\",\"isPartOf\":{\"@id\":\"https:\/\/noticiasemdestaque.com\/cd\/?p=1642\"},\"author\":{\"name\":\"Not\u00edcias em Destaque\",\"@id\":\"https:\/\/noticiasemdestaque.com\/cd\/#\/schema\/person\/4a81fb71f77579d059c3045891fa1786\"},\"headline\":\"Infec\u00e7\u00e3o respirat\u00f3ria pode ser gatilho para problemas no cora\u00e7\u00e3o\",\"datePublished\":\"2017-07-11T15:51:19+00:00\",\"mainEntityOfPage\":{\"@id\":\"https:\/\/noticiasemdestaque.com\/cd\/?p=1642\"},\"wordCount\":394,\"publisher\":{\"@id\":\"https:\/\/noticiasemdestaque.com\/cd\/#organization\"},\"image\":{\"@id\":\"https:\/\/noticiasemdestaque.com\/cd\/?p=1642#primaryimage\"},\"thumbnailUrl\":\"http:\/\/caririemdestaque.com\/cd\/wp-content\/uploads\/2017\/07\/FRIO1-300x180-150x150.jpg\",\"articleSection\":[\"Sa\u00fade\"],\"inLanguage\":\"pt-BR\"},{\"@type\":\"WebPage\",\"@id\":\"https:\/\/noticiasemdestaque.com\/cd\/?p=1642\",\"url\":\"https:\/\/noticiasemdestaque.com\/cd\/?p=1642\",\"name\":\"Infec\u00e7\u00e3o respirat\u00f3ria pode ser gatilho para problemas no cora\u00e7\u00e3o - Not&iacute;cias em Destaque\",\"isPartOf\":{\"@id\":\"https:\/\/noticiasemdestaque.com\/cd\/#website\"},\"primaryImageOfPage\":{\"@id\":\"https:\/\/noticiasemdestaque.com\/cd\/?p=1642#primaryimage\"},\"image\":{\"@id\":\"https:\/\/noticiasemdestaque.com\/cd\/?p=1642#primaryimage\"},\"thumbnailUrl\":\"http:\/\/caririemdestaque.com\/cd\/wp-content\/uploads\/2017\/07\/FRIO1-300x180-150x150.jpg\",\"datePublished\":\"2017-07-11T15:51:19+00:00\",\"breadcrumb\":{\"@id\":\"https:\/\/noticiasemdestaque.com\/cd\/?p=1642#breadcrumb\"},\"inLanguage\":\"pt-BR\",\"potentialAction\":[{\"@type\":\"ReadAction\",\"target\":[\"https:\/\/noticiasemdestaque.com\/cd\/?p=1642\"]}]},{\"@type\":\"ImageObject\",\"inLanguage\":\"pt-BR\",\"@id\":\"https:\/\/noticiasemdestaque.com\/cd\/?p=1642#primaryimage\",\"url\":\"http:\/\/caririemdestaque.com\/cd\/wp-content\/uploads\/2017\/07\/FRIO1-300x180-150x150.jpg\",\"contentUrl\":\"http:\/\/caririemdestaque.com\/cd\/wp-content\/uploads\/2017\/07\/FRIO1-300x180-150x150.jpg\"},{\"@type\":\"BreadcrumbList\",\"@id\":\"https:\/\/noticiasemdestaque.com\/cd\/?p=1642#breadcrumb\",\"itemListElement\":[{\"@type\":\"ListItem\",\"position\":1,\"name\":\"In\u00edcio\",\"item\":\"https:\/\/noticiasemdestaque.com\/cd\/\"},{\"@type\":\"ListItem\",\"position\":2,\"name\":\"Infec\u00e7\u00e3o respirat\u00f3ria pode ser gatilho para problemas no cora\u00e7\u00e3o\"}]},{\"@type\":\"WebSite\",\"@id\":\"https:\/\/noticiasemdestaque.com\/cd\/#website\",\"url\":\"https:\/\/noticiasemdestaque.com\/cd\/\",\"name\":\"Not&iacute;cias em Destaque\",\"description\":\"\",\"publisher\":{\"@id\":\"https:\/\/noticiasemdestaque.com\/cd\/#organization\"},\"potentialAction\":[{\"@type\":\"SearchAction\",\"target\":{\"@type\":\"EntryPoint\",\"urlTemplate\":\"https:\/\/noticiasemdestaque.com\/cd\/?s={search_term_string}\"},\"query-input\":{\"@type\":\"PropertyValueSpecification\",\"valueRequired\":true,\"valueName\":\"search_term_string\"}}],\"inLanguage\":\"pt-BR\"},{\"@type\":\"Organization\",\"@id\":\"https:\/\/noticiasemdestaque.com\/cd\/#organization\",\"name\":\"Not\u00edcias em Destaque\",\"url\":\"https:\/\/noticiasemdestaque.com\/cd\/\",\"logo\":{\"@type\":\"ImageObject\",\"inLanguage\":\"pt-BR\",\"@id\":\"https:\/\/noticiasemdestaque.com\/cd\/#\/schema\/logo\/image\/\",\"url\":\"https:\/\/noticiasemdestaque.com\/cd\/wp-content\/uploads\/2022\/05\/imagem-base-noticiasemdestaque.png\",\"contentUrl\":\"https:\/\/noticiasemdestaque.com\/cd\/wp-content\/uploads\/2022\/05\/imagem-base-noticiasemdestaque.png\",\"width\":1200,\"height\":630,\"caption\":\"Not\u00edcias em Destaque\"},\"image\":{\"@id\":\"https:\/\/noticiasemdestaque.com\/cd\/#\/schema\/logo\/image\/\"}},{\"@type\":\"Person\",\"@id\":\"https:\/\/noticiasemdestaque.com\/cd\/#\/schema\/person\/4a81fb71f77579d059c3045891fa1786\",\"name\":\"Not\u00edcias em Destaque\",\"url\":\"https:\/\/noticiasemdestaque.com\/cd\/?author=2\"}]}<\/script>\n<!-- \/ Yoast SEO plugin. -->","yoast_head_json":{"title":"Infec\u00e7\u00e3o respirat\u00f3ria pode ser gatilho para problemas no cora\u00e7\u00e3o - Not&iacute;cias em Destaque","robots":{"index":"index","follow":"follow","max-snippet":"max-snippet:-1","max-image-preview":"max-image-preview:large","max-video-preview":"max-video-preview:-1"},"canonical":"https:\/\/noticiasemdestaque.com\/cd\/?p=1642","og_locale":"pt_BR","og_type":"article","og_title":"Infec\u00e7\u00e3o respirat\u00f3ria pode ser gatilho para problemas no cora\u00e7\u00e3o - Not&iacute;cias em Destaque","og_description":"As infec\u00e7\u00f5es respirat\u00f3rias s\u00e3o comuns no inverno, mas \u00e9 preciso cuidar, pois elas podem ser um gatilho para problemas no cora\u00e7\u00e3o, como explica o cardiologista e consulto Roberto Kalil . O pneumologista Daniel Deheinzelin falou das amea\u00e7as da asma. No Brasil, tr\u00eas pessoas morrem, por dia, por causa de complica\u00e7\u00f5es da doen\u00e7a. O risco de ataque card\u00edaco \u00e9 17 vezes maior ap\u00f3s infec\u00e7\u00f5es respirat\u00f3rias como bronquite, gripe e pneumonia, de acordo com um estudo da Universidade de Sydney. Quando a infec\u00e7\u00e3o \u00e9 das vias \u00e1reas superiores (resfriado, rinite e sinusite), o risco diminui para 13 vezes. O pneumologista explica que quando temos uma infec\u00e7\u00e3o respirat\u00f3ria, o corpo todo fica inflamado e aumenta a chance de les\u00e3o no cora\u00e7\u00e3o. Outra possibilidade \u00e9 que, se o pulm\u00e3o est\u00e1 doente, ele n\u00e3o consegue absorver o sangue como deveria e causa uma sobrecarga no cora\u00e7\u00e3o. De acordo com Kalil, o n\u00famero de infartos e AVC aumenta em 30% e 20%, respectivamente durante o inverno. Isso ocorre porque o organismo, com o objetivo de elevar a temperatura interna, contrai os vasos sangu\u00edneos que irrigam a pele e o cora\u00e7\u00e3o precisa fazer mais for\u00e7a para bombear o sangue. \u00c9 importante que grupos mais fr\u00e1geis, como os idosos, hipertensos, diab\u00e9ticos, obesos, fumantes e sedent\u00e1rios, redobrem o cuidado no inverno e evitem exposi\u00e7\u00e3o prolongada ao frio, ambientes fechados e \u00e0s mudan\u00e7as bruscas de temperatura. Tamb\u00e9m \u00e9 importante manter-se hidratado. Asma A asma \u00e9 uma doen\u00e7a inflamat\u00f3ria que se caracteriza por um espasmo da musculatura dos br\u00f4nquios. Eles se \u2018fecham\u2019 e h\u00e1 um estreitamento das vias respirat\u00f3rias, causando muita falta de ar e desconforto para respirar. O tratamento da asma n\u00e3o deve ser feito s\u00f3 durante as crises. O correto \u00e9 usar o rem\u00e9dio de preven\u00e7\u00e3o da asma para que as crises n\u00e3o aconte\u00e7am. Quando a crise aparece, h\u00e1 duas formas de aliviar os sintomas: usando broncodilatadores ou nebuliza\u00e7\u00e3o\/inala\u00e7\u00e3o. Para preven\u00e7\u00e3o, o ideal \u00e9 usar as bombinhas de asma com corticoide. Os broncodilatadores dilatam os br\u00f4nquios, mas a inflama\u00e7\u00e3o permanece. J\u00e1 o corticoide vai at\u00e9 o interior dos br\u00f4nquios, age neles e destr\u00f3i a inflama\u00e7\u00e3o. Com G1","og_url":"https:\/\/noticiasemdestaque.com\/cd\/?p=1642","og_site_name":"Not&iacute;cias em Destaque","article_published_time":"2017-07-11T15:51:19+00:00","og_image":[{"url":"http:\/\/caririemdestaque.com\/cd\/wp-content\/uploads\/2017\/07\/FRIO1-300x180-150x150.jpg","type":"","width":"","height":""}],"author":"Not\u00edcias em Destaque","twitter_card":"summary_large_image","twitter_misc":{"Escrito por":"Not\u00edcias em Destaque","Est. tempo de leitura":"2 minutos"},"schema":{"@context":"https:\/\/schema.org","@graph":[{"@type":"Article","@id":"https:\/\/noticiasemdestaque.com\/cd\/?p=1642#article","isPartOf":{"@id":"https:\/\/noticiasemdestaque.com\/cd\/?p=1642"},"author":{"name":"Not\u00edcias em Destaque","@id":"https:\/\/noticiasemdestaque.com\/cd\/#\/schema\/person\/4a81fb71f77579d059c3045891fa1786"},"headline":"Infec\u00e7\u00e3o respirat\u00f3ria pode ser gatilho para problemas no cora\u00e7\u00e3o","datePublished":"2017-07-11T15:51:19+00:00","mainEntityOfPage":{"@id":"https:\/\/noticiasemdestaque.com\/cd\/?p=1642"},"wordCount":394,"publisher":{"@id":"https:\/\/noticiasemdestaque.com\/cd\/#organization"},"image":{"@id":"https:\/\/noticiasemdestaque.com\/cd\/?p=1642#primaryimage"},"thumbnailUrl":"http:\/\/caririemdestaque.com\/cd\/wp-content\/uploads\/2017\/07\/FRIO1-300x180-150x150.jpg","articleSection":["Sa\u00fade"],"inLanguage":"pt-BR"},{"@type":"WebPage","@id":"https:\/\/noticiasemdestaque.com\/cd\/?p=1642","url":"https:\/\/noticiasemdestaque.com\/cd\/?p=1642","name":"Infec\u00e7\u00e3o respirat\u00f3ria pode ser gatilho para problemas no cora\u00e7\u00e3o - Not&iacute;cias em Destaque","isPartOf":{"@id":"https:\/\/noticiasemdestaque.com\/cd\/#website"},"primaryImageOfPage":{"@id":"https:\/\/noticiasemdestaque.com\/cd\/?p=1642#primaryimage"},"image":{"@id":"https:\/\/noticiasemdestaque.com\/cd\/?p=1642#primaryimage"},"thumbnailUrl":"http:\/\/caririemdestaque.com\/cd\/wp-content\/uploads\/2017\/07\/FRIO1-300x180-150x150.jpg","datePublished":"2017-07-11T15:51:19+00:00","breadcrumb":{"@id":"https:\/\/noticiasemdestaque.com\/cd\/?p=1642#breadcrumb"},"inLanguage":"pt-BR","potentialAction":[{"@type":"ReadAction","target":["https:\/\/noticiasemdestaque.com\/cd\/?p=1642"]}]},{"@type":"ImageObject","inLanguage":"pt-BR","@id":"https:\/\/noticiasemdestaque.com\/cd\/?p=1642#primaryimage","url":"http:\/\/caririemdestaque.com\/cd\/wp-content\/uploads\/2017\/07\/FRIO1-300x180-150x150.jpg","contentUrl":"http:\/\/caririemdestaque.com\/cd\/wp-content\/uploads\/2017\/07\/FRIO1-300x180-150x150.jpg"},{"@type":"BreadcrumbList","@id":"https:\/\/noticiasemdestaque.com\/cd\/?p=1642#breadcrumb","itemListElement":[{"@type":"ListItem","position":1,"name":"In\u00edcio","item":"https:\/\/noticiasemdestaque.com\/cd\/"},{"@type":"ListItem","position":2,"name":"Infec\u00e7\u00e3o respirat\u00f3ria pode ser gatilho para problemas no cora\u00e7\u00e3o"}]},{"@type":"WebSite","@id":"https:\/\/noticiasemdestaque.com\/cd\/#website","url":"https:\/\/noticiasemdestaque.com\/cd\/","name":"Not&iacute;cias em Destaque","description":"","publisher":{"@id":"https:\/\/noticiasemdestaque.com\/cd\/#organization"},"potentialAction":[{"@type":"SearchAction","target":{"@type":"EntryPoint","urlTemplate":"https:\/\/noticiasemdestaque.com\/cd\/?s={search_term_string}"},"query-input":{"@type":"PropertyValueSpecification","valueRequired":true,"valueName":"search_term_string"}}],"inLanguage":"pt-BR"},{"@type":"Organization","@id":"https:\/\/noticiasemdestaque.com\/cd\/#organization","name":"Not\u00edcias em Destaque","url":"https:\/\/noticiasemdestaque.com\/cd\/","logo":{"@type":"ImageObject","inLanguage":"pt-BR","@id":"https:\/\/noticiasemdestaque.com\/cd\/#\/schema\/logo\/image\/","url":"https:\/\/noticiasemdestaque.com\/cd\/wp-content\/uploads\/2022\/05\/imagem-base-noticiasemdestaque.png","contentUrl":"https:\/\/noticiasemdestaque.com\/cd\/wp-content\/uploads\/2022\/05\/imagem-base-noticiasemdestaque.png","width":1200,"height":630,"caption":"Not\u00edcias em Destaque"},"image":{"@id":"https:\/\/noticiasemdestaque.com\/cd\/#\/schema\/logo\/image\/"}},{"@type":"Person","@id":"https:\/\/noticiasemdestaque.com\/cd\/#\/schema\/person\/4a81fb71f77579d059c3045891fa1786","name":"Not\u00edcias em Destaque","url":"https:\/\/noticiasemdestaque.com\/cd\/?author=2"}]}},"jetpack_featured_media_url":"","jetpack_sharing_enabled":true,"_links":{"self":[{"href":"https:\/\/noticiasemdestaque.com\/cd\/index.php?rest_route=\/wp\/v2\/posts\/1642","targetHints":{"allow":["GET"]}}],"collection":[{"href":"https:\/\/noticiasemdestaque.com\/cd\/index.php?rest_route=\/wp\/v2\/posts"}],"about":[{"href":"https:\/\/noticiasemdestaque.com\/cd\/index.php?rest_route=\/wp\/v2\/types\/post"}],"author":[{"embeddable":true,"href":"https:\/\/noticiasemdestaque.com\/cd\/index.php?rest_route=\/wp\/v2\/users\/2"}],"replies":[{"embeddable":true,"href":"https:\/\/noticiasemdestaque.com\/cd\/index.php?rest_route=%2Fwp%2Fv2%2Fcomments&post=1642"}],"version-history":[{"count":1,"href":"https:\/\/noticiasemdestaque.com\/cd\/index.php?rest_route=\/wp\/v2\/posts\/1642\/revisions"}],"predecessor-version":[{"id":1644,"href":"https:\/\/noticiasemdestaque.com\/cd\/index.php?rest_route=\/wp\/v2\/posts\/1642\/revisions\/1644"}],"wp:attachment":[{"href":"https:\/\/noticiasemdestaque.com\/cd\/index.php?rest_route=%2Fwp%2Fv2%2Fmedia&parent=1642"}],"wp:term":[{"taxonomy":"category","embeddable":true,"href":"https:\/\/noticiasemdestaque.com\/cd\/index.php?rest_route=%2Fwp%2Fv2%2Fcategories&post=1642"},{"taxonomy":"post_tag","embeddable":true,"href":"https:\/\/noticiasemdestaque.com\/cd\/index.php?rest_route=%2Fwp%2Fv2%2Ftags&post=1642"}],"curies":[{"name":"wp","href":"https:\/\/api.w.org\/{rel}","templated":true}]}}