{"id":1635,"date":"2017-07-11T12:45:47","date_gmt":"2017-07-11T15:45:47","guid":{"rendered":"http:\/\/caririemdestaque.com\/cd\/?p=1635"},"modified":"2017-07-11T12:45:47","modified_gmt":"2017-07-11T15:45:47","slug":"tecnicos-da-uepb-suspendem-greve-e-retornam-ao-trabalho","status":"publish","type":"post","link":"https:\/\/noticiasemdestaque.com\/cd\/?p=1635","title":{"rendered":"T\u00e9cnicos da UEPB suspendem greve e retornam ao trabalho"},"content":{"rendered":"<p><a href=\"http:\/\/caririemdestaque.com\/cd\/wp-content\/uploads\/2017\/07\/uepb-300x169.jpg\"><img decoding=\"async\" class=\"wp-image-1636 size-thumbnail alignleft\" src=\"http:\/\/caririemdestaque.com\/cd\/wp-content\/uploads\/2017\/07\/uepb-300x169-150x150.jpg\" alt=\"\" width=\"150\" height=\"150\" \/><\/a>A greve dos servidores t\u00e9cnico-administrativos da Universidade Estadual da Para\u00edba foi suspensa ap\u00f3s assembleia da categoria realizada na manh\u00e3 desta ter\u00e7a-feira (11), no audit\u00f3rio do Centro de Psicologia da institui\u00e7\u00e3o. O movimento j\u00e1 durava cerca de dois meses e os trabalhos voltam ao normal na segunda-feira (17). A suspens\u00e3o \u00e9 v\u00e1lida at\u00e9 o dia 11 de agosto.<\/p>\n<p>De acordo com o presidente do Sindicato dos Trabalhadores em Ensino Superior da Para\u00edba (SINTESPB), Fernando Borges, a suspens\u00e3o atende a uma solicita\u00e7\u00e3o feita pelo Governo do Estado para que haja di\u00e1logo com a categoria.<\/p>\n<p>\u201c Suspendemos para atender a solicita\u00e7\u00e3o feita pelo Governador e esperamos que a partir de agora se abra um canal de comunica\u00e7\u00e3o com a categoria para que seja discutida nossas reivindica\u00e7\u00f5es.\u201d explicou.<\/p>\n<p>Os t\u00e9cnicos-administrativos da UEPB estavam em greve desde o dia 22 de abril. As principais queixas da categoria s\u00e3o referentes a realidade or\u00e7ament\u00e1ria da universidade, em fun\u00e7\u00e3o dos cortes promovidos pelo governo estadual. A principal reivindica\u00e7\u00e3o \u00e9 o cumprimento do or\u00e7amento da UEPB, que foi aprovado na Assembleia Legislativa.<\/p>\n<p>J\u00e1 os professores efetivos da institui\u00e7\u00e3o seguem em estado de greve. A paralisa\u00e7\u00e3o dos docentes foi aprovada no dia 6 de abril, tamb\u00e9m durante assembleia. Segundo a Associa\u00e7\u00e3o dos Docentes da UEPB, (Aduepb), a pauta da greve inclui a exig\u00eancia de que o Governo que abra negocia\u00e7\u00f5es das perdas salariais de professores; contra a portaria da reitoria que limita gastos na institui\u00e7\u00e3o; contra a redu\u00e7\u00e3o de vagas na institui\u00e7\u00e3o; e exigindo o cumprimento da lei de autonomia da UEPB.<\/p>\n<p>Com G1<\/p>\n","protected":false},"excerpt":{"rendered":"<p>A greve dos servidores t\u00e9cnico-administrativos da Universidade Estadual da Para\u00edba foi suspensa ap\u00f3s assembleia da categoria realizada na manh\u00e3 desta ter\u00e7a-feira (11), no audit\u00f3rio do Centro de Psicologia da institui\u00e7\u00e3o. O movimento j\u00e1 durava cerca de dois meses e os trabalhos voltam ao normal na segunda-feira (17). A suspens\u00e3o \u00e9 v\u00e1lida at\u00e9 o dia 11 de agosto. De acordo com o presidente do Sindicato dos Trabalhadores em Ensino Superior da Para\u00edba (SINTESPB), Fernando Borges, a suspens\u00e3o atende a uma solicita\u00e7\u00e3o feita pelo Governo do Estado para que haja di\u00e1logo com a categoria. \u201c Suspendemos para atender a solicita\u00e7\u00e3o feita pelo Governador e esperamos que a partir de agora se abra um canal de comunica\u00e7\u00e3o com a categoria para que seja discutida nossas reivindica\u00e7\u00f5es.\u201d explicou. Os t\u00e9cnicos-administrativos da UEPB estavam em greve desde o dia 22 de abril. As principais queixas da categoria s\u00e3o referentes a realidade or\u00e7ament\u00e1ria da universidade, em fun\u00e7\u00e3o dos cortes promovidos pelo governo estadual. A principal reivindica\u00e7\u00e3o \u00e9 o cumprimento do or\u00e7amento da UEPB, que foi aprovado na Assembleia Legislativa. J\u00e1 os professores efetivos da institui\u00e7\u00e3o seguem em estado de greve. A paralisa\u00e7\u00e3o dos docentes foi aprovada no dia 6 de abril, tamb\u00e9m durante assembleia. Segundo a Associa\u00e7\u00e3o dos Docentes da UEPB, (Aduepb), a pauta da greve inclui a exig\u00eancia de que o Governo que abra negocia\u00e7\u00f5es das perdas salariais de professores; contra a portaria da reitoria que limita gastos na institui\u00e7\u00e3o; contra a redu\u00e7\u00e3o de vagas na institui\u00e7\u00e3o; e exigindo o cumprimento da lei de autonomia da UEPB. Com G1<\/p>\n","protected":false},"author":2,"featured_media":1636,"comment_status":"closed","ping_status":"open","sticky":false,"template":"","format":"standard","meta":{"_eb_attr":"","_jetpack_memberships_contains_paid_content":false,"footnotes":""},"categories":[6],"tags":[],"class_list":["post-1635","post","type-post","status-publish","format-standard","has-post-thumbnail","hentry","category-educacao"],"yoast_head":"<!-- This site is optimized with the Yoast SEO plugin v26.5 - https:\/\/yoast.com\/wordpress\/plugins\/seo\/ -->\n<title>T\u00e9cnicos da UEPB suspendem greve e retornam ao trabalho - Not&iacute;cias em Destaque<\/title>\n<meta name=\"robots\" content=\"index, follow, max-snippet:-1, max-image-preview:large, max-video-preview:-1\" \/>\n<link rel=\"canonical\" href=\"https:\/\/noticiasemdestaque.com\/cd\/?p=1635\" \/>\n<meta property=\"og:locale\" content=\"pt_BR\" \/>\n<meta property=\"og:type\" content=\"article\" \/>\n<meta property=\"og:title\" content=\"T\u00e9cnicos da UEPB suspendem greve e retornam ao trabalho - Not&iacute;cias em Destaque\" \/>\n<meta property=\"og:description\" content=\"A greve dos servidores t\u00e9cnico-administrativos da Universidade Estadual da Para\u00edba foi suspensa ap\u00f3s assembleia da categoria realizada na manh\u00e3 desta ter\u00e7a-feira (11), no audit\u00f3rio do Centro de Psicologia da institui\u00e7\u00e3o. O movimento j\u00e1 durava cerca de dois meses e os trabalhos voltam ao normal na segunda-feira (17). A suspens\u00e3o \u00e9 v\u00e1lida at\u00e9 o dia 11 de agosto. De acordo com o presidente do Sindicato dos Trabalhadores em Ensino Superior da Para\u00edba (SINTESPB), Fernando Borges, a suspens\u00e3o atende a uma solicita\u00e7\u00e3o feita pelo Governo do Estado para que haja di\u00e1logo com a categoria. \u201c Suspendemos para atender a solicita\u00e7\u00e3o feita pelo Governador e esperamos que a partir de agora se abra um canal de comunica\u00e7\u00e3o com a categoria para que seja discutida nossas reivindica\u00e7\u00f5es.\u201d explicou. Os t\u00e9cnicos-administrativos da UEPB estavam em greve desde o dia 22 de abril. As principais queixas da categoria s\u00e3o referentes a realidade or\u00e7ament\u00e1ria da universidade, em fun\u00e7\u00e3o dos cortes promovidos pelo governo estadual. A principal reivindica\u00e7\u00e3o \u00e9 o cumprimento do or\u00e7amento da UEPB, que foi aprovado na Assembleia Legislativa. J\u00e1 os professores efetivos da institui\u00e7\u00e3o seguem em estado de greve. A paralisa\u00e7\u00e3o dos docentes foi aprovada no dia 6 de abril, tamb\u00e9m durante assembleia. Segundo a Associa\u00e7\u00e3o dos Docentes da UEPB, (Aduepb), a pauta da greve inclui a exig\u00eancia de que o Governo que abra negocia\u00e7\u00f5es das perdas salariais de professores; contra a portaria da reitoria que limita gastos na institui\u00e7\u00e3o; contra a redu\u00e7\u00e3o de vagas na institui\u00e7\u00e3o; e exigindo o cumprimento da lei de autonomia da UEPB. Com G1\" \/>\n<meta property=\"og:url\" content=\"https:\/\/noticiasemdestaque.com\/cd\/?p=1635\" \/>\n<meta property=\"og:site_name\" content=\"Not&iacute;cias em Destaque\" \/>\n<meta property=\"article:published_time\" content=\"2017-07-11T15:45:47+00:00\" \/>\n<meta property=\"og:image\" content=\"https:\/\/noticiasemdestaque.com\/cd\/wp-content\/uploads\/2017\/07\/uepb-300x169.jpg\" \/>\n\t<meta property=\"og:image:width\" content=\"300\" \/>\n\t<meta property=\"og:image:height\" content=\"169\" \/>\n\t<meta property=\"og:image:type\" content=\"image\/jpeg\" \/>\n<meta name=\"author\" content=\"Not\u00edcias em Destaque\" \/>\n<meta name=\"twitter:card\" content=\"summary_large_image\" \/>\n<meta name=\"twitter:label1\" content=\"Escrito por\" \/>\n\t<meta name=\"twitter:data1\" content=\"Not\u00edcias em Destaque\" \/>\n\t<meta name=\"twitter:label2\" content=\"Est. tempo de leitura\" \/>\n\t<meta name=\"twitter:data2\" content=\"1 minuto\" \/>\n<script type=\"application\/ld+json\" class=\"yoast-schema-graph\">{\"@context\":\"https:\/\/schema.org\",\"@graph\":[{\"@type\":\"Article\",\"@id\":\"https:\/\/noticiasemdestaque.com\/cd\/?p=1635#article\",\"isPartOf\":{\"@id\":\"https:\/\/noticiasemdestaque.com\/cd\/?p=1635\"},\"author\":{\"name\":\"Not\u00edcias em Destaque\",\"@id\":\"https:\/\/noticiasemdestaque.com\/cd\/#\/schema\/person\/4a81fb71f77579d059c3045891fa1786\"},\"headline\":\"T\u00e9cnicos da UEPB suspendem greve e retornam ao trabalho\",\"datePublished\":\"2017-07-11T15:45:47+00:00\",\"mainEntityOfPage\":{\"@id\":\"https:\/\/noticiasemdestaque.com\/cd\/?p=1635\"},\"wordCount\":287,\"publisher\":{\"@id\":\"https:\/\/noticiasemdestaque.com\/cd\/#organization\"},\"image\":{\"@id\":\"https:\/\/noticiasemdestaque.com\/cd\/?p=1635#primaryimage\"},\"thumbnailUrl\":\"https:\/\/noticiasemdestaque.com\/cd\/wp-content\/uploads\/2017\/07\/uepb-300x169.jpg\",\"articleSection\":[\"Educa\u00e7\u00e3o\"],\"inLanguage\":\"pt-BR\"},{\"@type\":\"WebPage\",\"@id\":\"https:\/\/noticiasemdestaque.com\/cd\/?p=1635\",\"url\":\"https:\/\/noticiasemdestaque.com\/cd\/?p=1635\",\"name\":\"T\u00e9cnicos da UEPB suspendem greve e retornam ao trabalho - Not&iacute;cias em Destaque\",\"isPartOf\":{\"@id\":\"https:\/\/noticiasemdestaque.com\/cd\/#website\"},\"primaryImageOfPage\":{\"@id\":\"https:\/\/noticiasemdestaque.com\/cd\/?p=1635#primaryimage\"},\"image\":{\"@id\":\"https:\/\/noticiasemdestaque.com\/cd\/?p=1635#primaryimage\"},\"thumbnailUrl\":\"https:\/\/noticiasemdestaque.com\/cd\/wp-content\/uploads\/2017\/07\/uepb-300x169.jpg\",\"datePublished\":\"2017-07-11T15:45:47+00:00\",\"breadcrumb\":{\"@id\":\"https:\/\/noticiasemdestaque.com\/cd\/?p=1635#breadcrumb\"},\"inLanguage\":\"pt-BR\",\"potentialAction\":[{\"@type\":\"ReadAction\",\"target\":[\"https:\/\/noticiasemdestaque.com\/cd\/?p=1635\"]}]},{\"@type\":\"ImageObject\",\"inLanguage\":\"pt-BR\",\"@id\":\"https:\/\/noticiasemdestaque.com\/cd\/?p=1635#primaryimage\",\"url\":\"https:\/\/noticiasemdestaque.com\/cd\/wp-content\/uploads\/2017\/07\/uepb-300x169.jpg\",\"contentUrl\":\"https:\/\/noticiasemdestaque.com\/cd\/wp-content\/uploads\/2017\/07\/uepb-300x169.jpg\",\"width\":300,\"height\":169},{\"@type\":\"BreadcrumbList\",\"@id\":\"https:\/\/noticiasemdestaque.com\/cd\/?p=1635#breadcrumb\",\"itemListElement\":[{\"@type\":\"ListItem\",\"position\":1,\"name\":\"In\u00edcio\",\"item\":\"https:\/\/noticiasemdestaque.com\/cd\/\"},{\"@type\":\"ListItem\",\"position\":2,\"name\":\"T\u00e9cnicos da UEPB suspendem greve e retornam ao trabalho\"}]},{\"@type\":\"WebSite\",\"@id\":\"https:\/\/noticiasemdestaque.com\/cd\/#website\",\"url\":\"https:\/\/noticiasemdestaque.com\/cd\/\",\"name\":\"Not&iacute;cias em Destaque\",\"description\":\"\",\"publisher\":{\"@id\":\"https:\/\/noticiasemdestaque.com\/cd\/#organization\"},\"potentialAction\":[{\"@type\":\"SearchAction\",\"target\":{\"@type\":\"EntryPoint\",\"urlTemplate\":\"https:\/\/noticiasemdestaque.com\/cd\/?s={search_term_string}\"},\"query-input\":{\"@type\":\"PropertyValueSpecification\",\"valueRequired\":true,\"valueName\":\"search_term_string\"}}],\"inLanguage\":\"pt-BR\"},{\"@type\":\"Organization\",\"@id\":\"https:\/\/noticiasemdestaque.com\/cd\/#organization\",\"name\":\"Not\u00edcias em Destaque\",\"url\":\"https:\/\/noticiasemdestaque.com\/cd\/\",\"logo\":{\"@type\":\"ImageObject\",\"inLanguage\":\"pt-BR\",\"@id\":\"https:\/\/noticiasemdestaque.com\/cd\/#\/schema\/logo\/image\/\",\"url\":\"https:\/\/noticiasemdestaque.com\/cd\/wp-content\/uploads\/2022\/05\/imagem-base-noticiasemdestaque.png\",\"contentUrl\":\"https:\/\/noticiasemdestaque.com\/cd\/wp-content\/uploads\/2022\/05\/imagem-base-noticiasemdestaque.png\",\"width\":1200,\"height\":630,\"caption\":\"Not\u00edcias em Destaque\"},\"image\":{\"@id\":\"https:\/\/noticiasemdestaque.com\/cd\/#\/schema\/logo\/image\/\"}},{\"@type\":\"Person\",\"@id\":\"https:\/\/noticiasemdestaque.com\/cd\/#\/schema\/person\/4a81fb71f77579d059c3045891fa1786\",\"name\":\"Not\u00edcias em Destaque\",\"url\":\"https:\/\/noticiasemdestaque.com\/cd\/?author=2\"}]}<\/script>\n<!-- \/ Yoast SEO plugin. -->","yoast_head_json":{"title":"T\u00e9cnicos da UEPB suspendem greve e retornam ao trabalho - Not&iacute;cias em Destaque","robots":{"index":"index","follow":"follow","max-snippet":"max-snippet:-1","max-image-preview":"max-image-preview:large","max-video-preview":"max-video-preview:-1"},"canonical":"https:\/\/noticiasemdestaque.com\/cd\/?p=1635","og_locale":"pt_BR","og_type":"article","og_title":"T\u00e9cnicos da UEPB suspendem greve e retornam ao trabalho - Not&iacute;cias em Destaque","og_description":"A greve dos servidores t\u00e9cnico-administrativos da Universidade Estadual da Para\u00edba foi suspensa ap\u00f3s assembleia da categoria realizada na manh\u00e3 desta ter\u00e7a-feira (11), no audit\u00f3rio do Centro de Psicologia da institui\u00e7\u00e3o. O movimento j\u00e1 durava cerca de dois meses e os trabalhos voltam ao normal na segunda-feira (17). A suspens\u00e3o \u00e9 v\u00e1lida at\u00e9 o dia 11 de agosto. De acordo com o presidente do Sindicato dos Trabalhadores em Ensino Superior da Para\u00edba (SINTESPB), Fernando Borges, a suspens\u00e3o atende a uma solicita\u00e7\u00e3o feita pelo Governo do Estado para que haja di\u00e1logo com a categoria. \u201c Suspendemos para atender a solicita\u00e7\u00e3o feita pelo Governador e esperamos que a partir de agora se abra um canal de comunica\u00e7\u00e3o com a categoria para que seja discutida nossas reivindica\u00e7\u00f5es.\u201d explicou. Os t\u00e9cnicos-administrativos da UEPB estavam em greve desde o dia 22 de abril. As principais queixas da categoria s\u00e3o referentes a realidade or\u00e7ament\u00e1ria da universidade, em fun\u00e7\u00e3o dos cortes promovidos pelo governo estadual. A principal reivindica\u00e7\u00e3o \u00e9 o cumprimento do or\u00e7amento da UEPB, que foi aprovado na Assembleia Legislativa. J\u00e1 os professores efetivos da institui\u00e7\u00e3o seguem em estado de greve. A paralisa\u00e7\u00e3o dos docentes foi aprovada no dia 6 de abril, tamb\u00e9m durante assembleia. Segundo a Associa\u00e7\u00e3o dos Docentes da UEPB, (Aduepb), a pauta da greve inclui a exig\u00eancia de que o Governo que abra negocia\u00e7\u00f5es das perdas salariais de professores; contra a portaria da reitoria que limita gastos na institui\u00e7\u00e3o; contra a redu\u00e7\u00e3o de vagas na institui\u00e7\u00e3o; e exigindo o cumprimento da lei de autonomia da UEPB. Com G1","og_url":"https:\/\/noticiasemdestaque.com\/cd\/?p=1635","og_site_name":"Not&iacute;cias em Destaque","article_published_time":"2017-07-11T15:45:47+00:00","og_image":[{"width":300,"height":169,"url":"https:\/\/noticiasemdestaque.com\/cd\/wp-content\/uploads\/2017\/07\/uepb-300x169.jpg","type":"image\/jpeg"}],"author":"Not\u00edcias em Destaque","twitter_card":"summary_large_image","twitter_misc":{"Escrito por":"Not\u00edcias em Destaque","Est. tempo de leitura":"1 minuto"},"schema":{"@context":"https:\/\/schema.org","@graph":[{"@type":"Article","@id":"https:\/\/noticiasemdestaque.com\/cd\/?p=1635#article","isPartOf":{"@id":"https:\/\/noticiasemdestaque.com\/cd\/?p=1635"},"author":{"name":"Not\u00edcias em Destaque","@id":"https:\/\/noticiasemdestaque.com\/cd\/#\/schema\/person\/4a81fb71f77579d059c3045891fa1786"},"headline":"T\u00e9cnicos da UEPB suspendem greve e retornam ao trabalho","datePublished":"2017-07-11T15:45:47+00:00","mainEntityOfPage":{"@id":"https:\/\/noticiasemdestaque.com\/cd\/?p=1635"},"wordCount":287,"publisher":{"@id":"https:\/\/noticiasemdestaque.com\/cd\/#organization"},"image":{"@id":"https:\/\/noticiasemdestaque.com\/cd\/?p=1635#primaryimage"},"thumbnailUrl":"https:\/\/noticiasemdestaque.com\/cd\/wp-content\/uploads\/2017\/07\/uepb-300x169.jpg","articleSection":["Educa\u00e7\u00e3o"],"inLanguage":"pt-BR"},{"@type":"WebPage","@id":"https:\/\/noticiasemdestaque.com\/cd\/?p=1635","url":"https:\/\/noticiasemdestaque.com\/cd\/?p=1635","name":"T\u00e9cnicos da UEPB suspendem greve e retornam ao trabalho - Not&iacute;cias em Destaque","isPartOf":{"@id":"https:\/\/noticiasemdestaque.com\/cd\/#website"},"primaryImageOfPage":{"@id":"https:\/\/noticiasemdestaque.com\/cd\/?p=1635#primaryimage"},"image":{"@id":"https:\/\/noticiasemdestaque.com\/cd\/?p=1635#primaryimage"},"thumbnailUrl":"https:\/\/noticiasemdestaque.com\/cd\/wp-content\/uploads\/2017\/07\/uepb-300x169.jpg","datePublished":"2017-07-11T15:45:47+00:00","breadcrumb":{"@id":"https:\/\/noticiasemdestaque.com\/cd\/?p=1635#breadcrumb"},"inLanguage":"pt-BR","potentialAction":[{"@type":"ReadAction","target":["https:\/\/noticiasemdestaque.com\/cd\/?p=1635"]}]},{"@type":"ImageObject","inLanguage":"pt-BR","@id":"https:\/\/noticiasemdestaque.com\/cd\/?p=1635#primaryimage","url":"https:\/\/noticiasemdestaque.com\/cd\/wp-content\/uploads\/2017\/07\/uepb-300x169.jpg","contentUrl":"https:\/\/noticiasemdestaque.com\/cd\/wp-content\/uploads\/2017\/07\/uepb-300x169.jpg","width":300,"height":169},{"@type":"BreadcrumbList","@id":"https:\/\/noticiasemdestaque.com\/cd\/?p=1635#breadcrumb","itemListElement":[{"@type":"ListItem","position":1,"name":"In\u00edcio","item":"https:\/\/noticiasemdestaque.com\/cd\/"},{"@type":"ListItem","position":2,"name":"T\u00e9cnicos da UEPB suspendem greve e retornam ao trabalho"}]},{"@type":"WebSite","@id":"https:\/\/noticiasemdestaque.com\/cd\/#website","url":"https:\/\/noticiasemdestaque.com\/cd\/","name":"Not&iacute;cias em Destaque","description":"","publisher":{"@id":"https:\/\/noticiasemdestaque.com\/cd\/#organization"},"potentialAction":[{"@type":"SearchAction","target":{"@type":"EntryPoint","urlTemplate":"https:\/\/noticiasemdestaque.com\/cd\/?s={search_term_string}"},"query-input":{"@type":"PropertyValueSpecification","valueRequired":true,"valueName":"search_term_string"}}],"inLanguage":"pt-BR"},{"@type":"Organization","@id":"https:\/\/noticiasemdestaque.com\/cd\/#organization","name":"Not\u00edcias em Destaque","url":"https:\/\/noticiasemdestaque.com\/cd\/","logo":{"@type":"ImageObject","inLanguage":"pt-BR","@id":"https:\/\/noticiasemdestaque.com\/cd\/#\/schema\/logo\/image\/","url":"https:\/\/noticiasemdestaque.com\/cd\/wp-content\/uploads\/2022\/05\/imagem-base-noticiasemdestaque.png","contentUrl":"https:\/\/noticiasemdestaque.com\/cd\/wp-content\/uploads\/2022\/05\/imagem-base-noticiasemdestaque.png","width":1200,"height":630,"caption":"Not\u00edcias em Destaque"},"image":{"@id":"https:\/\/noticiasemdestaque.com\/cd\/#\/schema\/logo\/image\/"}},{"@type":"Person","@id":"https:\/\/noticiasemdestaque.com\/cd\/#\/schema\/person\/4a81fb71f77579d059c3045891fa1786","name":"Not\u00edcias em Destaque","url":"https:\/\/noticiasemdestaque.com\/cd\/?author=2"}]}},"jetpack_featured_media_url":"https:\/\/noticiasemdestaque.com\/cd\/wp-content\/uploads\/2017\/07\/uepb-300x169.jpg","jetpack_sharing_enabled":true,"_links":{"self":[{"href":"https:\/\/noticiasemdestaque.com\/cd\/index.php?rest_route=\/wp\/v2\/posts\/1635","targetHints":{"allow":["GET"]}}],"collection":[{"href":"https:\/\/noticiasemdestaque.com\/cd\/index.php?rest_route=\/wp\/v2\/posts"}],"about":[{"href":"https:\/\/noticiasemdestaque.com\/cd\/index.php?rest_route=\/wp\/v2\/types\/post"}],"author":[{"embeddable":true,"href":"https:\/\/noticiasemdestaque.com\/cd\/index.php?rest_route=\/wp\/v2\/users\/2"}],"replies":[{"embeddable":true,"href":"https:\/\/noticiasemdestaque.com\/cd\/index.php?rest_route=%2Fwp%2Fv2%2Fcomments&post=1635"}],"version-history":[{"count":1,"href":"https:\/\/noticiasemdestaque.com\/cd\/index.php?rest_route=\/wp\/v2\/posts\/1635\/revisions"}],"predecessor-version":[{"id":1637,"href":"https:\/\/noticiasemdestaque.com\/cd\/index.php?rest_route=\/wp\/v2\/posts\/1635\/revisions\/1637"}],"wp:featuredmedia":[{"embeddable":true,"href":"https:\/\/noticiasemdestaque.com\/cd\/index.php?rest_route=\/wp\/v2\/media\/1636"}],"wp:attachment":[{"href":"https:\/\/noticiasemdestaque.com\/cd\/index.php?rest_route=%2Fwp%2Fv2%2Fmedia&parent=1635"}],"wp:term":[{"taxonomy":"category","embeddable":true,"href":"https:\/\/noticiasemdestaque.com\/cd\/index.php?rest_route=%2Fwp%2Fv2%2Fcategories&post=1635"},{"taxonomy":"post_tag","embeddable":true,"href":"https:\/\/noticiasemdestaque.com\/cd\/index.php?rest_route=%2Fwp%2Fv2%2Ftags&post=1635"}],"curies":[{"name":"wp","href":"https:\/\/api.w.org\/{rel}","templated":true}]}}