{"id":16330,"date":"2019-03-25T17:56:07","date_gmt":"2019-03-25T20:56:07","guid":{"rendered":"http:\/\/noticiasemdestaque.com\/cd\/?p=16330"},"modified":"2019-03-25T17:56:07","modified_gmt":"2019-03-25T20:56:07","slug":"desembargador-do-trf2-manda-soltar-michel-temer-moreira-franco-coronel-lima-e-mais-5","status":"publish","type":"post","link":"https:\/\/noticiasemdestaque.com\/cd\/?p=16330","title":{"rendered":"Desembargador do TRF2 manda soltar Michel Temer, Moreira Franco, Coronel Lima e mais 5"},"content":{"rendered":"<figure id=\"attachment_2838\" aria-describedby=\"caption-attachment-2838\" style=\"width: 497px\" class=\"wp-caption aligncenter\"><a href=\"https:\/\/noticiasemdestaque.com\/cd\/wp-content\/uploads\/2017\/08\/emertroca-840x560.jpg\"><img fetchpriority=\"high\" decoding=\"async\" class=\" wp-image-2838\" src=\"https:\/\/noticiasemdestaque.com\/cd\/wp-content\/uploads\/2017\/08\/emertroca-840x560.jpg\" alt=\"\" width=\"497\" height=\"331\" srcset=\"https:\/\/noticiasemdestaque.com\/cd\/wp-content\/uploads\/2017\/08\/emertroca-840x560.jpg 840w, https:\/\/noticiasemdestaque.com\/cd\/wp-content\/uploads\/2017\/08\/emertroca-840x560-300x200.jpg 300w, https:\/\/noticiasemdestaque.com\/cd\/wp-content\/uploads\/2017\/08\/emertroca-840x560-768x512.jpg 768w, https:\/\/noticiasemdestaque.com\/cd\/wp-content\/uploads\/2017\/08\/emertroca-840x560-480x320.jpg 480w\" sizes=\"(max-width: 497px) 100vw, 497px\" \/><\/a><figcaption id=\"caption-attachment-2838\" class=\"wp-caption-text\">Bras\u00edlia(DF), 12\/04\/2017 &#8211; Presidente Michel Temer &#8211; Foto: Michael Melo\/Metr\u00f3poles<\/figcaption><\/figure>\n<p>A Justi\u00e7a determinou nesta segunda-feira (25) a soltura do ex-presidente\u00a0Michel Temer, preso quinta-feira em S\u00e3o Paulo pela For\u00e7a-Tarefa da Lava Jato no Rio. A decis\u00e3o \u00e9 do desembargador Antonio Ivan Athi\u00e9, do Tribunal Regional Federal da 2\u00aa Regi\u00e3o. Segundo a defesa de Temer, a decis\u00e3o\u00a0&#8220;merece o reconhecimento de todos os que respeitam o ordenamento jur\u00eddico e as garantias individuais inscritas na Constitui\u00e7\u00e3o da Rep\u00fablica&#8221;<\/p>\n<p><em><strong>Not\u00edcias em Destaque<\/strong><\/em><\/p>\n<p>Com G1<\/p>\n<p>&nbsp;<\/p>\n","protected":false},"excerpt":{"rendered":"<p>A Justi\u00e7a determinou nesta segunda-feira (25) a soltura do ex-presidente\u00a0Michel Temer, preso quinta-feira em S\u00e3o Paulo pela For\u00e7a-Tarefa da Lava Jato no Rio. A decis\u00e3o \u00e9 do desembargador Antonio Ivan Athi\u00e9, do Tribunal Regional Federal da 2\u00aa Regi\u00e3o. Segundo a defesa de Temer, a decis\u00e3o\u00a0&#8220;merece o reconhecimento de todos os que respeitam o ordenamento jur\u00eddico e as garantias individuais inscritas na Constitui\u00e7\u00e3o da Rep\u00fablica&#8221; Not\u00edcias em Destaque Com G1 &nbsp;<\/p>\n","protected":false},"author":2,"featured_media":2838,"comment_status":"closed","ping_status":"open","sticky":false,"template":"","format":"standard","meta":{"_eb_attr":"","_jetpack_memberships_contains_paid_content":false,"footnotes":""},"categories":[4],"tags":[],"class_list":["post-16330","post","type-post","status-publish","format-standard","has-post-thumbnail","hentry","category-politica"],"yoast_head":"<!-- This site is optimized with the Yoast SEO plugin v26.5 - https:\/\/yoast.com\/wordpress\/plugins\/seo\/ -->\n<title>Desembargador do TRF2 manda soltar Michel Temer, Moreira Franco, Coronel Lima e mais 5 - Not&iacute;cias em Destaque<\/title>\n<meta name=\"robots\" content=\"index, follow, max-snippet:-1, max-image-preview:large, max-video-preview:-1\" \/>\n<link rel=\"canonical\" href=\"https:\/\/noticiasemdestaque.com\/cd\/?p=16330\" \/>\n<meta property=\"og:locale\" content=\"pt_BR\" \/>\n<meta property=\"og:type\" content=\"article\" \/>\n<meta property=\"og:title\" content=\"Desembargador do TRF2 manda soltar Michel Temer, Moreira Franco, Coronel Lima e mais 5 - Not&iacute;cias em Destaque\" \/>\n<meta property=\"og:description\" content=\"A Justi\u00e7a determinou nesta segunda-feira (25) a soltura do ex-presidente\u00a0Michel Temer, preso quinta-feira em S\u00e3o Paulo pela For\u00e7a-Tarefa da Lava Jato no Rio. A decis\u00e3o \u00e9 do desembargador Antonio Ivan Athi\u00e9, do Tribunal Regional Federal da 2\u00aa Regi\u00e3o. Segundo a defesa de Temer, a decis\u00e3o\u00a0&#8220;merece o reconhecimento de todos os que respeitam o ordenamento jur\u00eddico e as garantias individuais inscritas na Constitui\u00e7\u00e3o da Rep\u00fablica&#8221; Not\u00edcias em Destaque Com G1 &nbsp;\" \/>\n<meta property=\"og:url\" content=\"https:\/\/noticiasemdestaque.com\/cd\/?p=16330\" \/>\n<meta property=\"og:site_name\" content=\"Not&iacute;cias em Destaque\" \/>\n<meta property=\"article:published_time\" content=\"2019-03-25T20:56:07+00:00\" \/>\n<meta property=\"og:image\" content=\"https:\/\/noticiasemdestaque.com\/cd\/wp-content\/uploads\/2017\/08\/emertroca-840x560.jpg\" \/>\n\t<meta property=\"og:image:width\" content=\"840\" \/>\n\t<meta property=\"og:image:height\" content=\"560\" \/>\n\t<meta property=\"og:image:type\" content=\"image\/jpeg\" \/>\n<meta name=\"author\" content=\"Not\u00edcias em Destaque\" \/>\n<meta name=\"twitter:card\" content=\"summary_large_image\" \/>\n<meta name=\"twitter:label1\" content=\"Escrito por\" \/>\n\t<meta name=\"twitter:data1\" content=\"Not\u00edcias em Destaque\" \/>\n<script type=\"application\/ld+json\" class=\"yoast-schema-graph\">{\"@context\":\"https:\/\/schema.org\",\"@graph\":[{\"@type\":\"Article\",\"@id\":\"https:\/\/noticiasemdestaque.com\/cd\/?p=16330#article\",\"isPartOf\":{\"@id\":\"https:\/\/noticiasemdestaque.com\/cd\/?p=16330\"},\"author\":{\"name\":\"Not\u00edcias em Destaque\",\"@id\":\"https:\/\/noticiasemdestaque.com\/cd\/#\/schema\/person\/47f7d4f55eec17c6b2ca036c5500f6ce\"},\"headline\":\"Desembargador do TRF2 manda soltar Michel Temer, Moreira Franco, Coronel Lima e mais 5\",\"datePublished\":\"2019-03-25T20:56:07+00:00\",\"mainEntityOfPage\":{\"@id\":\"https:\/\/noticiasemdestaque.com\/cd\/?p=16330\"},\"wordCount\":112,\"publisher\":{\"@id\":\"https:\/\/noticiasemdestaque.com\/cd\/#organization\"},\"image\":{\"@id\":\"https:\/\/noticiasemdestaque.com\/cd\/?p=16330#primaryimage\"},\"thumbnailUrl\":\"https:\/\/noticiasemdestaque.com\/cd\/wp-content\/uploads\/2017\/08\/emertroca-840x560.jpg\",\"articleSection\":[\"Pol\u00edtica\"],\"inLanguage\":\"pt-BR\"},{\"@type\":\"WebPage\",\"@id\":\"https:\/\/noticiasemdestaque.com\/cd\/?p=16330\",\"url\":\"https:\/\/noticiasemdestaque.com\/cd\/?p=16330\",\"name\":\"Desembargador do TRF2 manda soltar Michel Temer, Moreira Franco, Coronel Lima e mais 5 - Not&iacute;cias em Destaque\",\"isPartOf\":{\"@id\":\"https:\/\/noticiasemdestaque.com\/cd\/#website\"},\"primaryImageOfPage\":{\"@id\":\"https:\/\/noticiasemdestaque.com\/cd\/?p=16330#primaryimage\"},\"image\":{\"@id\":\"https:\/\/noticiasemdestaque.com\/cd\/?p=16330#primaryimage\"},\"thumbnailUrl\":\"https:\/\/noticiasemdestaque.com\/cd\/wp-content\/uploads\/2017\/08\/emertroca-840x560.jpg\",\"datePublished\":\"2019-03-25T20:56:07+00:00\",\"breadcrumb\":{\"@id\":\"https:\/\/noticiasemdestaque.com\/cd\/?p=16330#breadcrumb\"},\"inLanguage\":\"pt-BR\",\"potentialAction\":[{\"@type\":\"ReadAction\",\"target\":[\"https:\/\/noticiasemdestaque.com\/cd\/?p=16330\"]}]},{\"@type\":\"ImageObject\",\"inLanguage\":\"pt-BR\",\"@id\":\"https:\/\/noticiasemdestaque.com\/cd\/?p=16330#primaryimage\",\"url\":\"https:\/\/noticiasemdestaque.com\/cd\/wp-content\/uploads\/2017\/08\/emertroca-840x560.jpg\",\"contentUrl\":\"https:\/\/noticiasemdestaque.com\/cd\/wp-content\/uploads\/2017\/08\/emertroca-840x560.jpg\",\"width\":840,\"height\":560,\"caption\":\"Bras\u00edlia(DF), 12\/04\/2017 - Presidente Michel Temer - Foto: Michael Melo\/Metr\u00f3poles\"},{\"@type\":\"BreadcrumbList\",\"@id\":\"https:\/\/noticiasemdestaque.com\/cd\/?p=16330#breadcrumb\",\"itemListElement\":[{\"@type\":\"ListItem\",\"position\":1,\"name\":\"In\u00edcio\",\"item\":\"https:\/\/noticiasemdestaque.com\/cd\/\"},{\"@type\":\"ListItem\",\"position\":2,\"name\":\"Desembargador do TRF2 manda soltar Michel Temer, Moreira Franco, Coronel Lima e mais 5\"}]},{\"@type\":\"WebSite\",\"@id\":\"https:\/\/noticiasemdestaque.com\/cd\/#website\",\"url\":\"https:\/\/noticiasemdestaque.com\/cd\/\",\"name\":\"Not&iacute;cias em Destaque\",\"description\":\"\",\"publisher\":{\"@id\":\"https:\/\/noticiasemdestaque.com\/cd\/#organization\"},\"potentialAction\":[{\"@type\":\"SearchAction\",\"target\":{\"@type\":\"EntryPoint\",\"urlTemplate\":\"https:\/\/noticiasemdestaque.com\/cd\/?s={search_term_string}\"},\"query-input\":{\"@type\":\"PropertyValueSpecification\",\"valueRequired\":true,\"valueName\":\"search_term_string\"}}],\"inLanguage\":\"pt-BR\"},{\"@type\":\"Organization\",\"@id\":\"https:\/\/noticiasemdestaque.com\/cd\/#organization\",\"name\":\"Not\u00edcias em Destaque\",\"url\":\"https:\/\/noticiasemdestaque.com\/cd\/\",\"logo\":{\"@type\":\"ImageObject\",\"inLanguage\":\"pt-BR\",\"@id\":\"https:\/\/noticiasemdestaque.com\/cd\/#\/schema\/logo\/image\/\",\"url\":\"https:\/\/noticiasemdestaque.com\/cd\/wp-content\/uploads\/2022\/05\/imagem-base-noticiasemdestaque.png\",\"contentUrl\":\"https:\/\/noticiasemdestaque.com\/cd\/wp-content\/uploads\/2022\/05\/imagem-base-noticiasemdestaque.png\",\"width\":1200,\"height\":630,\"caption\":\"Not\u00edcias em Destaque\"},\"image\":{\"@id\":\"https:\/\/noticiasemdestaque.com\/cd\/#\/schema\/logo\/image\/\"}},{\"@type\":\"Person\",\"@id\":\"https:\/\/noticiasemdestaque.com\/cd\/#\/schema\/person\/47f7d4f55eec17c6b2ca036c5500f6ce\",\"name\":\"Not\u00edcias em Destaque\",\"url\":\"https:\/\/noticiasemdestaque.com\/cd\/?author=2\"}]}<\/script>\n<!-- \/ Yoast SEO plugin. -->","yoast_head_json":{"title":"Desembargador do TRF2 manda soltar Michel Temer, Moreira Franco, Coronel Lima e mais 5 - Not&iacute;cias em Destaque","robots":{"index":"index","follow":"follow","max-snippet":"max-snippet:-1","max-image-preview":"max-image-preview:large","max-video-preview":"max-video-preview:-1"},"canonical":"https:\/\/noticiasemdestaque.com\/cd\/?p=16330","og_locale":"pt_BR","og_type":"article","og_title":"Desembargador do TRF2 manda soltar Michel Temer, Moreira Franco, Coronel Lima e mais 5 - Not&iacute;cias em Destaque","og_description":"A Justi\u00e7a determinou nesta segunda-feira (25) a soltura do ex-presidente\u00a0Michel Temer, preso quinta-feira em S\u00e3o Paulo pela For\u00e7a-Tarefa da Lava Jato no Rio. A decis\u00e3o \u00e9 do desembargador Antonio Ivan Athi\u00e9, do Tribunal Regional Federal da 2\u00aa Regi\u00e3o. Segundo a defesa de Temer, a decis\u00e3o\u00a0&#8220;merece o reconhecimento de todos os que respeitam o ordenamento jur\u00eddico e as garantias individuais inscritas na Constitui\u00e7\u00e3o da Rep\u00fablica&#8221; Not\u00edcias em Destaque Com G1 &nbsp;","og_url":"https:\/\/noticiasemdestaque.com\/cd\/?p=16330","og_site_name":"Not&iacute;cias em Destaque","article_published_time":"2019-03-25T20:56:07+00:00","og_image":[{"width":840,"height":560,"url":"https:\/\/noticiasemdestaque.com\/cd\/wp-content\/uploads\/2017\/08\/emertroca-840x560.jpg","type":"image\/jpeg"}],"author":"Not\u00edcias em Destaque","twitter_card":"summary_large_image","twitter_misc":{"Escrito por":"Not\u00edcias em Destaque"},"schema":{"@context":"https:\/\/schema.org","@graph":[{"@type":"Article","@id":"https:\/\/noticiasemdestaque.com\/cd\/?p=16330#article","isPartOf":{"@id":"https:\/\/noticiasemdestaque.com\/cd\/?p=16330"},"author":{"name":"Not\u00edcias em Destaque","@id":"https:\/\/noticiasemdestaque.com\/cd\/#\/schema\/person\/47f7d4f55eec17c6b2ca036c5500f6ce"},"headline":"Desembargador do TRF2 manda soltar Michel Temer, Moreira Franco, Coronel Lima e mais 5","datePublished":"2019-03-25T20:56:07+00:00","mainEntityOfPage":{"@id":"https:\/\/noticiasemdestaque.com\/cd\/?p=16330"},"wordCount":112,"publisher":{"@id":"https:\/\/noticiasemdestaque.com\/cd\/#organization"},"image":{"@id":"https:\/\/noticiasemdestaque.com\/cd\/?p=16330#primaryimage"},"thumbnailUrl":"https:\/\/noticiasemdestaque.com\/cd\/wp-content\/uploads\/2017\/08\/emertroca-840x560.jpg","articleSection":["Pol\u00edtica"],"inLanguage":"pt-BR"},{"@type":"WebPage","@id":"https:\/\/noticiasemdestaque.com\/cd\/?p=16330","url":"https:\/\/noticiasemdestaque.com\/cd\/?p=16330","name":"Desembargador do TRF2 manda soltar Michel Temer, Moreira Franco, Coronel Lima e mais 5 - Not&iacute;cias em Destaque","isPartOf":{"@id":"https:\/\/noticiasemdestaque.com\/cd\/#website"},"primaryImageOfPage":{"@id":"https:\/\/noticiasemdestaque.com\/cd\/?p=16330#primaryimage"},"image":{"@id":"https:\/\/noticiasemdestaque.com\/cd\/?p=16330#primaryimage"},"thumbnailUrl":"https:\/\/noticiasemdestaque.com\/cd\/wp-content\/uploads\/2017\/08\/emertroca-840x560.jpg","datePublished":"2019-03-25T20:56:07+00:00","breadcrumb":{"@id":"https:\/\/noticiasemdestaque.com\/cd\/?p=16330#breadcrumb"},"inLanguage":"pt-BR","potentialAction":[{"@type":"ReadAction","target":["https:\/\/noticiasemdestaque.com\/cd\/?p=16330"]}]},{"@type":"ImageObject","inLanguage":"pt-BR","@id":"https:\/\/noticiasemdestaque.com\/cd\/?p=16330#primaryimage","url":"https:\/\/noticiasemdestaque.com\/cd\/wp-content\/uploads\/2017\/08\/emertroca-840x560.jpg","contentUrl":"https:\/\/noticiasemdestaque.com\/cd\/wp-content\/uploads\/2017\/08\/emertroca-840x560.jpg","width":840,"height":560,"caption":"Bras\u00edlia(DF), 12\/04\/2017 - Presidente Michel Temer - Foto: Michael Melo\/Metr\u00f3poles"},{"@type":"BreadcrumbList","@id":"https:\/\/noticiasemdestaque.com\/cd\/?p=16330#breadcrumb","itemListElement":[{"@type":"ListItem","position":1,"name":"In\u00edcio","item":"https:\/\/noticiasemdestaque.com\/cd\/"},{"@type":"ListItem","position":2,"name":"Desembargador do TRF2 manda soltar Michel Temer, Moreira Franco, Coronel Lima e mais 5"}]},{"@type":"WebSite","@id":"https:\/\/noticiasemdestaque.com\/cd\/#website","url":"https:\/\/noticiasemdestaque.com\/cd\/","name":"Not&iacute;cias em Destaque","description":"","publisher":{"@id":"https:\/\/noticiasemdestaque.com\/cd\/#organization"},"potentialAction":[{"@type":"SearchAction","target":{"@type":"EntryPoint","urlTemplate":"https:\/\/noticiasemdestaque.com\/cd\/?s={search_term_string}"},"query-input":{"@type":"PropertyValueSpecification","valueRequired":true,"valueName":"search_term_string"}}],"inLanguage":"pt-BR"},{"@type":"Organization","@id":"https:\/\/noticiasemdestaque.com\/cd\/#organization","name":"Not\u00edcias em Destaque","url":"https:\/\/noticiasemdestaque.com\/cd\/","logo":{"@type":"ImageObject","inLanguage":"pt-BR","@id":"https:\/\/noticiasemdestaque.com\/cd\/#\/schema\/logo\/image\/","url":"https:\/\/noticiasemdestaque.com\/cd\/wp-content\/uploads\/2022\/05\/imagem-base-noticiasemdestaque.png","contentUrl":"https:\/\/noticiasemdestaque.com\/cd\/wp-content\/uploads\/2022\/05\/imagem-base-noticiasemdestaque.png","width":1200,"height":630,"caption":"Not\u00edcias em Destaque"},"image":{"@id":"https:\/\/noticiasemdestaque.com\/cd\/#\/schema\/logo\/image\/"}},{"@type":"Person","@id":"https:\/\/noticiasemdestaque.com\/cd\/#\/schema\/person\/47f7d4f55eec17c6b2ca036c5500f6ce","name":"Not\u00edcias em Destaque","url":"https:\/\/noticiasemdestaque.com\/cd\/?author=2"}]}},"jetpack_featured_media_url":"https:\/\/noticiasemdestaque.com\/cd\/wp-content\/uploads\/2017\/08\/emertroca-840x560.jpg","jetpack_sharing_enabled":true,"_links":{"self":[{"href":"https:\/\/noticiasemdestaque.com\/cd\/index.php?rest_route=\/wp\/v2\/posts\/16330","targetHints":{"allow":["GET"]}}],"collection":[{"href":"https:\/\/noticiasemdestaque.com\/cd\/index.php?rest_route=\/wp\/v2\/posts"}],"about":[{"href":"https:\/\/noticiasemdestaque.com\/cd\/index.php?rest_route=\/wp\/v2\/types\/post"}],"author":[{"embeddable":true,"href":"https:\/\/noticiasemdestaque.com\/cd\/index.php?rest_route=\/wp\/v2\/users\/2"}],"replies":[{"embeddable":true,"href":"https:\/\/noticiasemdestaque.com\/cd\/index.php?rest_route=%2Fwp%2Fv2%2Fcomments&post=16330"}],"version-history":[{"count":1,"href":"https:\/\/noticiasemdestaque.com\/cd\/index.php?rest_route=\/wp\/v2\/posts\/16330\/revisions"}],"predecessor-version":[{"id":16331,"href":"https:\/\/noticiasemdestaque.com\/cd\/index.php?rest_route=\/wp\/v2\/posts\/16330\/revisions\/16331"}],"wp:featuredmedia":[{"embeddable":true,"href":"https:\/\/noticiasemdestaque.com\/cd\/index.php?rest_route=\/wp\/v2\/media\/2838"}],"wp:attachment":[{"href":"https:\/\/noticiasemdestaque.com\/cd\/index.php?rest_route=%2Fwp%2Fv2%2Fmedia&parent=16330"}],"wp:term":[{"taxonomy":"category","embeddable":true,"href":"https:\/\/noticiasemdestaque.com\/cd\/index.php?rest_route=%2Fwp%2Fv2%2Fcategories&post=16330"},{"taxonomy":"post_tag","embeddable":true,"href":"https:\/\/noticiasemdestaque.com\/cd\/index.php?rest_route=%2Fwp%2Fv2%2Ftags&post=16330"}],"curies":[{"name":"wp","href":"https:\/\/api.w.org\/{rel}","templated":true}]}}