{"id":16328,"date":"2019-03-24T21:36:37","date_gmt":"2019-03-25T00:36:37","guid":{"rendered":"http:\/\/noticiasemdestaque.com\/cd\/?p=16328"},"modified":"2019-03-24T21:36:37","modified_gmt":"2019-03-25T00:36:37","slug":"aguinaldo-ribeiro-vai-liderar-maioria-na-camara-dos-deputados","status":"publish","type":"post","link":"https:\/\/noticiasemdestaque.com\/cd\/?p=16328","title":{"rendered":"Aguinaldo Ribeiro vai liderar maioria na C\u00e2mara dos Deputados"},"content":{"rendered":"<p><a href=\"https:\/\/noticiasemdestaque.com\/cd\/wp-content\/uploads\/2017\/06\/1475848607974-manoel-jr-e-aguinaldo-1.jpg\"><img fetchpriority=\"high\" decoding=\"async\" class=\"size-full wp-image-378 aligncenter\" src=\"https:\/\/noticiasemdestaque.com\/cd\/wp-content\/uploads\/2017\/06\/1475848607974-manoel-jr-e-aguinaldo-1.jpg\" alt=\"\" width=\"300\" height=\"450\" srcset=\"https:\/\/noticiasemdestaque.com\/cd\/wp-content\/uploads\/2017\/06\/1475848607974-manoel-jr-e-aguinaldo-1.jpg 300w, https:\/\/noticiasemdestaque.com\/cd\/wp-content\/uploads\/2017\/06\/1475848607974-manoel-jr-e-aguinaldo-1-200x300.jpg 200w\" sizes=\"(max-width: 300px) 100vw, 300px\" \/><\/a><\/p>\n<p>O deputado federal Aguinaldo Ribeiro (Progressista) mostrou que continua com for\u00e7a e influ\u00eancia no Congresso Nacional ao ser escolhido, ontem, como l\u00edder do bloco da maioria da C\u00e2mara dos Deputados. A indica\u00e7\u00e3o do nome dele para o posto teve o apoio do presidente da C\u00e2mara dos Deputados, Rodrigo Maia (DEM-RJ).<\/p>\n<p>Aguinaldo Ribeiro tamb\u00e9m \u00e9 cotado para assumir a relatoria da proposta de reforma da Previd\u00eancia na Comiss\u00e3o de Constitui\u00e7\u00e3o, Cidadania e Justi\u00e7a (CCJ) da Casa. O an\u00fancio seria feito ontem, mas foi adiado a pedido do l\u00edder do PSL na Casa, deputado Delegado Waldir (PSL-GO).<\/p>\n<p>Na fun\u00e7\u00e3o de l\u00edder, Aguinaldo Ribeiro vai responder pelos partidos da base de apoio do presidente da Rep\u00fablica, Jair Bolsonaro (PSL), na Casa e ter\u00e1 que discutir com aliados temas pol\u00eamicos como, por exemplo, a Reforma da Previd\u00eancia que est\u00e1 na Comiss\u00e3o de Constitui\u00e7\u00e3o e Justi\u00e7a (CCJ) para an\u00e1lise.<\/p>\n<p><em><strong>Not\u00edcias em Destaque<\/strong><\/em><\/p>\n<p>Com Portal Correio<\/p>\n","protected":false},"excerpt":{"rendered":"<p>O deputado federal Aguinaldo Ribeiro (Progressista) mostrou que continua com for\u00e7a e influ\u00eancia no Congresso Nacional ao ser escolhido, ontem, como l\u00edder do bloco da maioria da C\u00e2mara dos Deputados. A indica\u00e7\u00e3o do nome dele para o posto teve o apoio do presidente da C\u00e2mara dos Deputados, Rodrigo Maia (DEM-RJ). Aguinaldo Ribeiro tamb\u00e9m \u00e9 cotado para assumir a relatoria da proposta de reforma da Previd\u00eancia na Comiss\u00e3o de Constitui\u00e7\u00e3o, Cidadania e Justi\u00e7a (CCJ) da Casa. O an\u00fancio seria feito ontem, mas foi adiado a pedido do l\u00edder do PSL na Casa, deputado Delegado Waldir (PSL-GO). Na fun\u00e7\u00e3o de l\u00edder, Aguinaldo Ribeiro vai responder pelos partidos da base de apoio do presidente da Rep\u00fablica, Jair Bolsonaro (PSL), na Casa e ter\u00e1 que discutir com aliados temas pol\u00eamicos como, por exemplo, a Reforma da Previd\u00eancia que est\u00e1 na Comiss\u00e3o de Constitui\u00e7\u00e3o e Justi\u00e7a (CCJ) para an\u00e1lise. Not\u00edcias em Destaque Com Portal Correio<\/p>\n","protected":false},"author":2,"featured_media":1887,"comment_status":"closed","ping_status":"open","sticky":false,"template":"","format":"standard","meta":{"_eb_attr":"","_jetpack_memberships_contains_paid_content":false,"footnotes":""},"categories":[4],"tags":[],"class_list":["post-16328","post","type-post","status-publish","format-standard","has-post-thumbnail","hentry","category-politica"],"yoast_head":"<!-- This site is optimized with the Yoast SEO plugin v26.5 - https:\/\/yoast.com\/wordpress\/plugins\/seo\/ -->\n<title>Aguinaldo Ribeiro vai liderar maioria na C\u00e2mara dos Deputados - Not&iacute;cias em Destaque<\/title>\n<meta name=\"robots\" content=\"index, follow, max-snippet:-1, max-image-preview:large, max-video-preview:-1\" \/>\n<link rel=\"canonical\" href=\"https:\/\/noticiasemdestaque.com\/cd\/?p=16328\" \/>\n<meta property=\"og:locale\" content=\"pt_BR\" \/>\n<meta property=\"og:type\" content=\"article\" \/>\n<meta property=\"og:title\" content=\"Aguinaldo Ribeiro vai liderar maioria na C\u00e2mara dos Deputados - Not&iacute;cias em Destaque\" \/>\n<meta property=\"og:description\" content=\"O deputado federal Aguinaldo Ribeiro (Progressista) mostrou que continua com for\u00e7a e influ\u00eancia no Congresso Nacional ao ser escolhido, ontem, como l\u00edder do bloco da maioria da C\u00e2mara dos Deputados. A indica\u00e7\u00e3o do nome dele para o posto teve o apoio do presidente da C\u00e2mara dos Deputados, Rodrigo Maia (DEM-RJ). Aguinaldo Ribeiro tamb\u00e9m \u00e9 cotado para assumir a relatoria da proposta de reforma da Previd\u00eancia na Comiss\u00e3o de Constitui\u00e7\u00e3o, Cidadania e Justi\u00e7a (CCJ) da Casa. O an\u00fancio seria feito ontem, mas foi adiado a pedido do l\u00edder do PSL na Casa, deputado Delegado Waldir (PSL-GO). Na fun\u00e7\u00e3o de l\u00edder, Aguinaldo Ribeiro vai responder pelos partidos da base de apoio do presidente da Rep\u00fablica, Jair Bolsonaro (PSL), na Casa e ter\u00e1 que discutir com aliados temas pol\u00eamicos como, por exemplo, a Reforma da Previd\u00eancia que est\u00e1 na Comiss\u00e3o de Constitui\u00e7\u00e3o e Justi\u00e7a (CCJ) para an\u00e1lise. Not\u00edcias em Destaque Com Portal Correio\" \/>\n<meta property=\"og:url\" content=\"https:\/\/noticiasemdestaque.com\/cd\/?p=16328\" \/>\n<meta property=\"og:site_name\" content=\"Not&iacute;cias em Destaque\" \/>\n<meta property=\"article:published_time\" content=\"2019-03-25T00:36:37+00:00\" \/>\n<meta property=\"og:image\" content=\"https:\/\/noticiasemdestaque.com\/cd\/wp-content\/uploads\/2017\/07\/aguinaldo-ribeiro.jpg\" \/>\n\t<meta property=\"og:image:width\" content=\"620\" \/>\n\t<meta property=\"og:image:height\" content=\"380\" \/>\n\t<meta property=\"og:image:type\" content=\"image\/jpeg\" \/>\n<meta name=\"author\" content=\"Not\u00edcias em Destaque\" \/>\n<meta name=\"twitter:card\" content=\"summary_large_image\" \/>\n<meta name=\"twitter:label1\" content=\"Escrito por\" \/>\n\t<meta name=\"twitter:data1\" content=\"Not\u00edcias em Destaque\" \/>\n\t<meta name=\"twitter:label2\" content=\"Est. tempo de leitura\" \/>\n\t<meta name=\"twitter:data2\" content=\"1 minuto\" \/>\n<script type=\"application\/ld+json\" class=\"yoast-schema-graph\">{\"@context\":\"https:\/\/schema.org\",\"@graph\":[{\"@type\":\"Article\",\"@id\":\"https:\/\/noticiasemdestaque.com\/cd\/?p=16328#article\",\"isPartOf\":{\"@id\":\"https:\/\/noticiasemdestaque.com\/cd\/?p=16328\"},\"author\":{\"name\":\"Not\u00edcias em Destaque\",\"@id\":\"https:\/\/noticiasemdestaque.com\/cd\/#\/schema\/person\/47f7d4f55eec17c6b2ca036c5500f6ce\"},\"headline\":\"Aguinaldo Ribeiro vai liderar maioria na C\u00e2mara dos Deputados\",\"datePublished\":\"2019-03-25T00:36:37+00:00\",\"mainEntityOfPage\":{\"@id\":\"https:\/\/noticiasemdestaque.com\/cd\/?p=16328\"},\"wordCount\":182,\"publisher\":{\"@id\":\"https:\/\/noticiasemdestaque.com\/cd\/#organization\"},\"image\":{\"@id\":\"https:\/\/noticiasemdestaque.com\/cd\/?p=16328#primaryimage\"},\"thumbnailUrl\":\"https:\/\/noticiasemdestaque.com\/cd\/wp-content\/uploads\/2017\/07\/aguinaldo-ribeiro.jpg\",\"articleSection\":[\"Pol\u00edtica\"],\"inLanguage\":\"pt-BR\"},{\"@type\":\"WebPage\",\"@id\":\"https:\/\/noticiasemdestaque.com\/cd\/?p=16328\",\"url\":\"https:\/\/noticiasemdestaque.com\/cd\/?p=16328\",\"name\":\"Aguinaldo Ribeiro vai liderar maioria na C\u00e2mara dos Deputados - Not&iacute;cias em Destaque\",\"isPartOf\":{\"@id\":\"https:\/\/noticiasemdestaque.com\/cd\/#website\"},\"primaryImageOfPage\":{\"@id\":\"https:\/\/noticiasemdestaque.com\/cd\/?p=16328#primaryimage\"},\"image\":{\"@id\":\"https:\/\/noticiasemdestaque.com\/cd\/?p=16328#primaryimage\"},\"thumbnailUrl\":\"https:\/\/noticiasemdestaque.com\/cd\/wp-content\/uploads\/2017\/07\/aguinaldo-ribeiro.jpg\",\"datePublished\":\"2019-03-25T00:36:37+00:00\",\"breadcrumb\":{\"@id\":\"https:\/\/noticiasemdestaque.com\/cd\/?p=16328#breadcrumb\"},\"inLanguage\":\"pt-BR\",\"potentialAction\":[{\"@type\":\"ReadAction\",\"target\":[\"https:\/\/noticiasemdestaque.com\/cd\/?p=16328\"]}]},{\"@type\":\"ImageObject\",\"inLanguage\":\"pt-BR\",\"@id\":\"https:\/\/noticiasemdestaque.com\/cd\/?p=16328#primaryimage\",\"url\":\"https:\/\/noticiasemdestaque.com\/cd\/wp-content\/uploads\/2017\/07\/aguinaldo-ribeiro.jpg\",\"contentUrl\":\"https:\/\/noticiasemdestaque.com\/cd\/wp-content\/uploads\/2017\/07\/aguinaldo-ribeiro.jpg\",\"width\":620,\"height\":380},{\"@type\":\"BreadcrumbList\",\"@id\":\"https:\/\/noticiasemdestaque.com\/cd\/?p=16328#breadcrumb\",\"itemListElement\":[{\"@type\":\"ListItem\",\"position\":1,\"name\":\"In\u00edcio\",\"item\":\"https:\/\/noticiasemdestaque.com\/cd\/\"},{\"@type\":\"ListItem\",\"position\":2,\"name\":\"Aguinaldo Ribeiro vai liderar maioria na C\u00e2mara dos Deputados\"}]},{\"@type\":\"WebSite\",\"@id\":\"https:\/\/noticiasemdestaque.com\/cd\/#website\",\"url\":\"https:\/\/noticiasemdestaque.com\/cd\/\",\"name\":\"Not&iacute;cias em Destaque\",\"description\":\"\",\"publisher\":{\"@id\":\"https:\/\/noticiasemdestaque.com\/cd\/#organization\"},\"potentialAction\":[{\"@type\":\"SearchAction\",\"target\":{\"@type\":\"EntryPoint\",\"urlTemplate\":\"https:\/\/noticiasemdestaque.com\/cd\/?s={search_term_string}\"},\"query-input\":{\"@type\":\"PropertyValueSpecification\",\"valueRequired\":true,\"valueName\":\"search_term_string\"}}],\"inLanguage\":\"pt-BR\"},{\"@type\":\"Organization\",\"@id\":\"https:\/\/noticiasemdestaque.com\/cd\/#organization\",\"name\":\"Not\u00edcias em Destaque\",\"url\":\"https:\/\/noticiasemdestaque.com\/cd\/\",\"logo\":{\"@type\":\"ImageObject\",\"inLanguage\":\"pt-BR\",\"@id\":\"https:\/\/noticiasemdestaque.com\/cd\/#\/schema\/logo\/image\/\",\"url\":\"https:\/\/noticiasemdestaque.com\/cd\/wp-content\/uploads\/2022\/05\/imagem-base-noticiasemdestaque.png\",\"contentUrl\":\"https:\/\/noticiasemdestaque.com\/cd\/wp-content\/uploads\/2022\/05\/imagem-base-noticiasemdestaque.png\",\"width\":1200,\"height\":630,\"caption\":\"Not\u00edcias em Destaque\"},\"image\":{\"@id\":\"https:\/\/noticiasemdestaque.com\/cd\/#\/schema\/logo\/image\/\"}},{\"@type\":\"Person\",\"@id\":\"https:\/\/noticiasemdestaque.com\/cd\/#\/schema\/person\/47f7d4f55eec17c6b2ca036c5500f6ce\",\"name\":\"Not\u00edcias em Destaque\",\"url\":\"https:\/\/noticiasemdestaque.com\/cd\/?author=2\"}]}<\/script>\n<!-- \/ Yoast SEO plugin. -->","yoast_head_json":{"title":"Aguinaldo Ribeiro vai liderar maioria na C\u00e2mara dos Deputados - Not&iacute;cias em Destaque","robots":{"index":"index","follow":"follow","max-snippet":"max-snippet:-1","max-image-preview":"max-image-preview:large","max-video-preview":"max-video-preview:-1"},"canonical":"https:\/\/noticiasemdestaque.com\/cd\/?p=16328","og_locale":"pt_BR","og_type":"article","og_title":"Aguinaldo Ribeiro vai liderar maioria na C\u00e2mara dos Deputados - Not&iacute;cias em Destaque","og_description":"O deputado federal Aguinaldo Ribeiro (Progressista) mostrou que continua com for\u00e7a e influ\u00eancia no Congresso Nacional ao ser escolhido, ontem, como l\u00edder do bloco da maioria da C\u00e2mara dos Deputados. A indica\u00e7\u00e3o do nome dele para o posto teve o apoio do presidente da C\u00e2mara dos Deputados, Rodrigo Maia (DEM-RJ). Aguinaldo Ribeiro tamb\u00e9m \u00e9 cotado para assumir a relatoria da proposta de reforma da Previd\u00eancia na Comiss\u00e3o de Constitui\u00e7\u00e3o, Cidadania e Justi\u00e7a (CCJ) da Casa. O an\u00fancio seria feito ontem, mas foi adiado a pedido do l\u00edder do PSL na Casa, deputado Delegado Waldir (PSL-GO). Na fun\u00e7\u00e3o de l\u00edder, Aguinaldo Ribeiro vai responder pelos partidos da base de apoio do presidente da Rep\u00fablica, Jair Bolsonaro (PSL), na Casa e ter\u00e1 que discutir com aliados temas pol\u00eamicos como, por exemplo, a Reforma da Previd\u00eancia que est\u00e1 na Comiss\u00e3o de Constitui\u00e7\u00e3o e Justi\u00e7a (CCJ) para an\u00e1lise. Not\u00edcias em Destaque Com Portal Correio","og_url":"https:\/\/noticiasemdestaque.com\/cd\/?p=16328","og_site_name":"Not&iacute;cias em Destaque","article_published_time":"2019-03-25T00:36:37+00:00","og_image":[{"width":620,"height":380,"url":"https:\/\/noticiasemdestaque.com\/cd\/wp-content\/uploads\/2017\/07\/aguinaldo-ribeiro.jpg","type":"image\/jpeg"}],"author":"Not\u00edcias em Destaque","twitter_card":"summary_large_image","twitter_misc":{"Escrito por":"Not\u00edcias em Destaque","Est. tempo de leitura":"1 minuto"},"schema":{"@context":"https:\/\/schema.org","@graph":[{"@type":"Article","@id":"https:\/\/noticiasemdestaque.com\/cd\/?p=16328#article","isPartOf":{"@id":"https:\/\/noticiasemdestaque.com\/cd\/?p=16328"},"author":{"name":"Not\u00edcias em Destaque","@id":"https:\/\/noticiasemdestaque.com\/cd\/#\/schema\/person\/47f7d4f55eec17c6b2ca036c5500f6ce"},"headline":"Aguinaldo Ribeiro vai liderar maioria na C\u00e2mara dos Deputados","datePublished":"2019-03-25T00:36:37+00:00","mainEntityOfPage":{"@id":"https:\/\/noticiasemdestaque.com\/cd\/?p=16328"},"wordCount":182,"publisher":{"@id":"https:\/\/noticiasemdestaque.com\/cd\/#organization"},"image":{"@id":"https:\/\/noticiasemdestaque.com\/cd\/?p=16328#primaryimage"},"thumbnailUrl":"https:\/\/noticiasemdestaque.com\/cd\/wp-content\/uploads\/2017\/07\/aguinaldo-ribeiro.jpg","articleSection":["Pol\u00edtica"],"inLanguage":"pt-BR"},{"@type":"WebPage","@id":"https:\/\/noticiasemdestaque.com\/cd\/?p=16328","url":"https:\/\/noticiasemdestaque.com\/cd\/?p=16328","name":"Aguinaldo Ribeiro vai liderar maioria na C\u00e2mara dos Deputados - Not&iacute;cias em Destaque","isPartOf":{"@id":"https:\/\/noticiasemdestaque.com\/cd\/#website"},"primaryImageOfPage":{"@id":"https:\/\/noticiasemdestaque.com\/cd\/?p=16328#primaryimage"},"image":{"@id":"https:\/\/noticiasemdestaque.com\/cd\/?p=16328#primaryimage"},"thumbnailUrl":"https:\/\/noticiasemdestaque.com\/cd\/wp-content\/uploads\/2017\/07\/aguinaldo-ribeiro.jpg","datePublished":"2019-03-25T00:36:37+00:00","breadcrumb":{"@id":"https:\/\/noticiasemdestaque.com\/cd\/?p=16328#breadcrumb"},"inLanguage":"pt-BR","potentialAction":[{"@type":"ReadAction","target":["https:\/\/noticiasemdestaque.com\/cd\/?p=16328"]}]},{"@type":"ImageObject","inLanguage":"pt-BR","@id":"https:\/\/noticiasemdestaque.com\/cd\/?p=16328#primaryimage","url":"https:\/\/noticiasemdestaque.com\/cd\/wp-content\/uploads\/2017\/07\/aguinaldo-ribeiro.jpg","contentUrl":"https:\/\/noticiasemdestaque.com\/cd\/wp-content\/uploads\/2017\/07\/aguinaldo-ribeiro.jpg","width":620,"height":380},{"@type":"BreadcrumbList","@id":"https:\/\/noticiasemdestaque.com\/cd\/?p=16328#breadcrumb","itemListElement":[{"@type":"ListItem","position":1,"name":"In\u00edcio","item":"https:\/\/noticiasemdestaque.com\/cd\/"},{"@type":"ListItem","position":2,"name":"Aguinaldo Ribeiro vai liderar maioria na C\u00e2mara dos Deputados"}]},{"@type":"WebSite","@id":"https:\/\/noticiasemdestaque.com\/cd\/#website","url":"https:\/\/noticiasemdestaque.com\/cd\/","name":"Not&iacute;cias em Destaque","description":"","publisher":{"@id":"https:\/\/noticiasemdestaque.com\/cd\/#organization"},"potentialAction":[{"@type":"SearchAction","target":{"@type":"EntryPoint","urlTemplate":"https:\/\/noticiasemdestaque.com\/cd\/?s={search_term_string}"},"query-input":{"@type":"PropertyValueSpecification","valueRequired":true,"valueName":"search_term_string"}}],"inLanguage":"pt-BR"},{"@type":"Organization","@id":"https:\/\/noticiasemdestaque.com\/cd\/#organization","name":"Not\u00edcias em Destaque","url":"https:\/\/noticiasemdestaque.com\/cd\/","logo":{"@type":"ImageObject","inLanguage":"pt-BR","@id":"https:\/\/noticiasemdestaque.com\/cd\/#\/schema\/logo\/image\/","url":"https:\/\/noticiasemdestaque.com\/cd\/wp-content\/uploads\/2022\/05\/imagem-base-noticiasemdestaque.png","contentUrl":"https:\/\/noticiasemdestaque.com\/cd\/wp-content\/uploads\/2022\/05\/imagem-base-noticiasemdestaque.png","width":1200,"height":630,"caption":"Not\u00edcias em Destaque"},"image":{"@id":"https:\/\/noticiasemdestaque.com\/cd\/#\/schema\/logo\/image\/"}},{"@type":"Person","@id":"https:\/\/noticiasemdestaque.com\/cd\/#\/schema\/person\/47f7d4f55eec17c6b2ca036c5500f6ce","name":"Not\u00edcias em Destaque","url":"https:\/\/noticiasemdestaque.com\/cd\/?author=2"}]}},"jetpack_featured_media_url":"https:\/\/noticiasemdestaque.com\/cd\/wp-content\/uploads\/2017\/07\/aguinaldo-ribeiro.jpg","jetpack_sharing_enabled":true,"_links":{"self":[{"href":"https:\/\/noticiasemdestaque.com\/cd\/index.php?rest_route=\/wp\/v2\/posts\/16328","targetHints":{"allow":["GET"]}}],"collection":[{"href":"https:\/\/noticiasemdestaque.com\/cd\/index.php?rest_route=\/wp\/v2\/posts"}],"about":[{"href":"https:\/\/noticiasemdestaque.com\/cd\/index.php?rest_route=\/wp\/v2\/types\/post"}],"author":[{"embeddable":true,"href":"https:\/\/noticiasemdestaque.com\/cd\/index.php?rest_route=\/wp\/v2\/users\/2"}],"replies":[{"embeddable":true,"href":"https:\/\/noticiasemdestaque.com\/cd\/index.php?rest_route=%2Fwp%2Fv2%2Fcomments&post=16328"}],"version-history":[{"count":1,"href":"https:\/\/noticiasemdestaque.com\/cd\/index.php?rest_route=\/wp\/v2\/posts\/16328\/revisions"}],"predecessor-version":[{"id":16329,"href":"https:\/\/noticiasemdestaque.com\/cd\/index.php?rest_route=\/wp\/v2\/posts\/16328\/revisions\/16329"}],"wp:featuredmedia":[{"embeddable":true,"href":"https:\/\/noticiasemdestaque.com\/cd\/index.php?rest_route=\/wp\/v2\/media\/1887"}],"wp:attachment":[{"href":"https:\/\/noticiasemdestaque.com\/cd\/index.php?rest_route=%2Fwp%2Fv2%2Fmedia&parent=16328"}],"wp:term":[{"taxonomy":"category","embeddable":true,"href":"https:\/\/noticiasemdestaque.com\/cd\/index.php?rest_route=%2Fwp%2Fv2%2Fcategories&post=16328"},{"taxonomy":"post_tag","embeddable":true,"href":"https:\/\/noticiasemdestaque.com\/cd\/index.php?rest_route=%2Fwp%2Fv2%2Ftags&post=16328"}],"curies":[{"name":"wp","href":"https:\/\/api.w.org\/{rel}","templated":true}]}}