{"id":1629,"date":"2017-07-10T23:02:32","date_gmt":"2017-07-11T02:02:32","guid":{"rendered":"http:\/\/caririemdestaque.com\/cd\/?p=1629"},"modified":"2017-07-10T23:02:32","modified_gmt":"2017-07-11T02:02:32","slug":"cisco-divulga-resultado-provisorio-da-primeira-etapa-do-processo-seletivo-simplificado-para-formacao-de-cadastro-de-reserva","status":"publish","type":"post","link":"https:\/\/noticiasemdestaque.com\/cd\/?p=1629","title":{"rendered":"CISCO DIVULGA RESULTADO PROVIS\u00d3RIO DA PRIMEIRA ETAPA DO PROCESSO SELETIVO SIMPLIFICADO PARA FORMA\u00c7\u00c3O DE CADASTRO DE RESERVA"},"content":{"rendered":"<p><a href=\"http:\/\/caririemdestaque.com\/cd\/wp-content\/uploads\/2017\/07\/image_6acc120d4eb5571e6422e139cf35dd6c.jpg\"><img decoding=\"async\" class=\"size-medium wp-image-1630 alignleft\" src=\"http:\/\/caririemdestaque.com\/cd\/wp-content\/uploads\/2017\/07\/image_6acc120d4eb5571e6422e139cf35dd6c-300x152.jpg\" alt=\"\" width=\"300\" height=\"152\" srcset=\"https:\/\/noticiasemdestaque.com\/cd\/wp-content\/uploads\/2017\/07\/image_6acc120d4eb5571e6422e139cf35dd6c-300x152.jpg 300w, https:\/\/noticiasemdestaque.com\/cd\/wp-content\/uploads\/2017\/07\/image_6acc120d4eb5571e6422e139cf35dd6c.jpg 690w\" sizes=\"(max-width: 300px) 100vw, 300px\" \/><\/a>A Comiss\u00e3o Organizadora do processo seletivo para forma\u00e7\u00e3o de cadastro de reserva n\u00ba 001\/2017 do Cons\u00f3rcio P\u00fablico Intermunicipal de Sa\u00fade do Cariri Ocidental (CISCO), torna p\u00fablico o seguinte:<\/p>\n<p>Resultado Provis\u00f3rio da Pontua\u00e7\u00e3o dos Candidatos selecionados\/inscritos na Primeira Etapa do Processo Seletivo P\u00fablico Simplificado do Cons\u00f3rcio P\u00fablico Intermunicipal de Sa\u00fade do Cariri Ocidental (CISCO), conforme Cap\u00edtulo V, item 5.3 do Edital;<\/p>\n<p>CONFIRA O RESULTADO: <a href=\"https:\/\/drive.google.com\/file\/d\/0B5vOph2wXK29djZpclFzUThzNzQ\/view?usp=sharing\"><strong>CLICK AQUI<\/strong><\/a><\/p>\n<p>Fica determinada o dia 14\/07\/2017 para divulga\u00e7\u00e3o do resultado final da primeira etapa e convoca\u00e7\u00e3o para entrevistas.<\/p>\n<p><em><strong>Cariri em Destaque<\/strong><\/em><\/p>\n<p>&nbsp;<\/p>\n","protected":false},"excerpt":{"rendered":"<p>A Comiss\u00e3o Organizadora do processo seletivo para forma\u00e7\u00e3o de cadastro de reserva n\u00ba 001\/2017 do Cons\u00f3rcio P\u00fablico Intermunicipal de Sa\u00fade do Cariri Ocidental (CISCO), torna p\u00fablico o seguinte: Resultado Provis\u00f3rio da Pontua\u00e7\u00e3o dos Candidatos selecionados\/inscritos na Primeira Etapa do Processo Seletivo P\u00fablico Simplificado do Cons\u00f3rcio P\u00fablico Intermunicipal de Sa\u00fade do Cariri Ocidental (CISCO), conforme Cap\u00edtulo V, item 5.3 do Edital; CONFIRA O RESULTADO: CLICK AQUI Fica determinada o dia 14\/07\/2017 para divulga\u00e7\u00e3o do resultado final da primeira etapa e convoca\u00e7\u00e3o para entrevistas. Cariri em Destaque &nbsp;<\/p>\n","protected":false},"author":2,"featured_media":1630,"comment_status":"closed","ping_status":"open","sticky":false,"template":"","format":"standard","meta":{"_eb_attr":"","_jetpack_memberships_contains_paid_content":false,"footnotes":""},"categories":[3],"tags":[],"class_list":["post-1629","post","type-post","status-publish","format-standard","has-post-thumbnail","hentry","category-cidades"],"yoast_head":"<!-- This site is optimized with the Yoast SEO plugin v26.5 - https:\/\/yoast.com\/wordpress\/plugins\/seo\/ -->\n<title>CISCO DIVULGA RESULTADO PROVIS\u00d3RIO DA PRIMEIRA ETAPA DO PROCESSO SELETIVO SIMPLIFICADO PARA FORMA\u00c7\u00c3O DE CADASTRO DE RESERVA - Not&iacute;cias em Destaque<\/title>\n<meta name=\"robots\" content=\"index, follow, max-snippet:-1, max-image-preview:large, max-video-preview:-1\" \/>\n<link rel=\"canonical\" href=\"https:\/\/noticiasemdestaque.com\/cd\/?p=1629\" \/>\n<meta property=\"og:locale\" content=\"pt_BR\" \/>\n<meta property=\"og:type\" content=\"article\" \/>\n<meta property=\"og:title\" content=\"CISCO DIVULGA RESULTADO PROVIS\u00d3RIO DA PRIMEIRA ETAPA DO PROCESSO SELETIVO SIMPLIFICADO PARA FORMA\u00c7\u00c3O DE CADASTRO DE RESERVA - Not&iacute;cias em Destaque\" \/>\n<meta property=\"og:description\" content=\"A Comiss\u00e3o Organizadora do processo seletivo para forma\u00e7\u00e3o de cadastro de reserva n\u00ba 001\/2017 do Cons\u00f3rcio P\u00fablico Intermunicipal de Sa\u00fade do Cariri Ocidental (CISCO), torna p\u00fablico o seguinte: Resultado Provis\u00f3rio da Pontua\u00e7\u00e3o dos Candidatos selecionados\/inscritos na Primeira Etapa do Processo Seletivo P\u00fablico Simplificado do Cons\u00f3rcio P\u00fablico Intermunicipal de Sa\u00fade do Cariri Ocidental (CISCO), conforme Cap\u00edtulo V, item 5.3 do Edital; CONFIRA O RESULTADO: CLICK AQUI Fica determinada o dia 14\/07\/2017 para divulga\u00e7\u00e3o do resultado final da primeira etapa e convoca\u00e7\u00e3o para entrevistas. Cariri em Destaque &nbsp;\" \/>\n<meta property=\"og:url\" content=\"https:\/\/noticiasemdestaque.com\/cd\/?p=1629\" \/>\n<meta property=\"og:site_name\" content=\"Not&iacute;cias em Destaque\" \/>\n<meta property=\"article:published_time\" content=\"2017-07-11T02:02:32+00:00\" \/>\n<meta property=\"og:image\" content=\"https:\/\/noticiasemdestaque.com\/cd\/wp-content\/uploads\/2017\/07\/image_6acc120d4eb5571e6422e139cf35dd6c.jpg\" \/>\n\t<meta property=\"og:image:width\" content=\"690\" \/>\n\t<meta property=\"og:image:height\" content=\"350\" \/>\n\t<meta property=\"og:image:type\" content=\"image\/jpeg\" \/>\n<meta name=\"author\" content=\"Not\u00edcias em Destaque\" \/>\n<meta name=\"twitter:card\" content=\"summary_large_image\" \/>\n<meta name=\"twitter:label1\" content=\"Escrito por\" \/>\n\t<meta name=\"twitter:data1\" content=\"Not\u00edcias em Destaque\" \/>\n<script type=\"application\/ld+json\" class=\"yoast-schema-graph\">{\"@context\":\"https:\/\/schema.org\",\"@graph\":[{\"@type\":\"Article\",\"@id\":\"https:\/\/noticiasemdestaque.com\/cd\/?p=1629#article\",\"isPartOf\":{\"@id\":\"https:\/\/noticiasemdestaque.com\/cd\/?p=1629\"},\"author\":{\"name\":\"Not\u00edcias em Destaque\",\"@id\":\"https:\/\/noticiasemdestaque.com\/cd\/#\/schema\/person\/4a81fb71f77579d059c3045891fa1786\"},\"headline\":\"CISCO DIVULGA RESULTADO PROVIS\u00d3RIO DA PRIMEIRA ETAPA DO PROCESSO SELETIVO SIMPLIFICADO PARA FORMA\u00c7\u00c3O DE CADASTRO DE RESERVA\",\"datePublished\":\"2017-07-11T02:02:32+00:00\",\"mainEntityOfPage\":{\"@id\":\"https:\/\/noticiasemdestaque.com\/cd\/?p=1629\"},\"wordCount\":118,\"publisher\":{\"@id\":\"https:\/\/noticiasemdestaque.com\/cd\/#organization\"},\"image\":{\"@id\":\"https:\/\/noticiasemdestaque.com\/cd\/?p=1629#primaryimage\"},\"thumbnailUrl\":\"https:\/\/noticiasemdestaque.com\/cd\/wp-content\/uploads\/2017\/07\/image_6acc120d4eb5571e6422e139cf35dd6c.jpg\",\"articleSection\":[\"Cidades\"],\"inLanguage\":\"pt-BR\"},{\"@type\":\"WebPage\",\"@id\":\"https:\/\/noticiasemdestaque.com\/cd\/?p=1629\",\"url\":\"https:\/\/noticiasemdestaque.com\/cd\/?p=1629\",\"name\":\"CISCO DIVULGA RESULTADO PROVIS\u00d3RIO DA PRIMEIRA ETAPA DO PROCESSO SELETIVO SIMPLIFICADO PARA FORMA\u00c7\u00c3O DE CADASTRO DE RESERVA - Not&iacute;cias em Destaque\",\"isPartOf\":{\"@id\":\"https:\/\/noticiasemdestaque.com\/cd\/#website\"},\"primaryImageOfPage\":{\"@id\":\"https:\/\/noticiasemdestaque.com\/cd\/?p=1629#primaryimage\"},\"image\":{\"@id\":\"https:\/\/noticiasemdestaque.com\/cd\/?p=1629#primaryimage\"},\"thumbnailUrl\":\"https:\/\/noticiasemdestaque.com\/cd\/wp-content\/uploads\/2017\/07\/image_6acc120d4eb5571e6422e139cf35dd6c.jpg\",\"datePublished\":\"2017-07-11T02:02:32+00:00\",\"breadcrumb\":{\"@id\":\"https:\/\/noticiasemdestaque.com\/cd\/?p=1629#breadcrumb\"},\"inLanguage\":\"pt-BR\",\"potentialAction\":[{\"@type\":\"ReadAction\",\"target\":[\"https:\/\/noticiasemdestaque.com\/cd\/?p=1629\"]}]},{\"@type\":\"ImageObject\",\"inLanguage\":\"pt-BR\",\"@id\":\"https:\/\/noticiasemdestaque.com\/cd\/?p=1629#primaryimage\",\"url\":\"https:\/\/noticiasemdestaque.com\/cd\/wp-content\/uploads\/2017\/07\/image_6acc120d4eb5571e6422e139cf35dd6c.jpg\",\"contentUrl\":\"https:\/\/noticiasemdestaque.com\/cd\/wp-content\/uploads\/2017\/07\/image_6acc120d4eb5571e6422e139cf35dd6c.jpg\",\"width\":690,\"height\":350},{\"@type\":\"BreadcrumbList\",\"@id\":\"https:\/\/noticiasemdestaque.com\/cd\/?p=1629#breadcrumb\",\"itemListElement\":[{\"@type\":\"ListItem\",\"position\":1,\"name\":\"In\u00edcio\",\"item\":\"https:\/\/noticiasemdestaque.com\/cd\/\"},{\"@type\":\"ListItem\",\"position\":2,\"name\":\"CISCO DIVULGA RESULTADO PROVIS\u00d3RIO DA PRIMEIRA ETAPA DO PROCESSO SELETIVO SIMPLIFICADO PARA FORMA\u00c7\u00c3O DE CADASTRO DE RESERVA\"}]},{\"@type\":\"WebSite\",\"@id\":\"https:\/\/noticiasemdestaque.com\/cd\/#website\",\"url\":\"https:\/\/noticiasemdestaque.com\/cd\/\",\"name\":\"Not&iacute;cias em Destaque\",\"description\":\"\",\"publisher\":{\"@id\":\"https:\/\/noticiasemdestaque.com\/cd\/#organization\"},\"potentialAction\":[{\"@type\":\"SearchAction\",\"target\":{\"@type\":\"EntryPoint\",\"urlTemplate\":\"https:\/\/noticiasemdestaque.com\/cd\/?s={search_term_string}\"},\"query-input\":{\"@type\":\"PropertyValueSpecification\",\"valueRequired\":true,\"valueName\":\"search_term_string\"}}],\"inLanguage\":\"pt-BR\"},{\"@type\":\"Organization\",\"@id\":\"https:\/\/noticiasemdestaque.com\/cd\/#organization\",\"name\":\"Not\u00edcias em Destaque\",\"url\":\"https:\/\/noticiasemdestaque.com\/cd\/\",\"logo\":{\"@type\":\"ImageObject\",\"inLanguage\":\"pt-BR\",\"@id\":\"https:\/\/noticiasemdestaque.com\/cd\/#\/schema\/logo\/image\/\",\"url\":\"https:\/\/noticiasemdestaque.com\/cd\/wp-content\/uploads\/2022\/05\/imagem-base-noticiasemdestaque.png\",\"contentUrl\":\"https:\/\/noticiasemdestaque.com\/cd\/wp-content\/uploads\/2022\/05\/imagem-base-noticiasemdestaque.png\",\"width\":1200,\"height\":630,\"caption\":\"Not\u00edcias em Destaque\"},\"image\":{\"@id\":\"https:\/\/noticiasemdestaque.com\/cd\/#\/schema\/logo\/image\/\"}},{\"@type\":\"Person\",\"@id\":\"https:\/\/noticiasemdestaque.com\/cd\/#\/schema\/person\/4a81fb71f77579d059c3045891fa1786\",\"name\":\"Not\u00edcias em Destaque\",\"url\":\"https:\/\/noticiasemdestaque.com\/cd\/?author=2\"}]}<\/script>\n<!-- \/ Yoast SEO plugin. -->","yoast_head_json":{"title":"CISCO DIVULGA RESULTADO PROVIS\u00d3RIO DA PRIMEIRA ETAPA DO PROCESSO SELETIVO SIMPLIFICADO PARA FORMA\u00c7\u00c3O DE CADASTRO DE RESERVA - Not&iacute;cias em Destaque","robots":{"index":"index","follow":"follow","max-snippet":"max-snippet:-1","max-image-preview":"max-image-preview:large","max-video-preview":"max-video-preview:-1"},"canonical":"https:\/\/noticiasemdestaque.com\/cd\/?p=1629","og_locale":"pt_BR","og_type":"article","og_title":"CISCO DIVULGA RESULTADO PROVIS\u00d3RIO DA PRIMEIRA ETAPA DO PROCESSO SELETIVO SIMPLIFICADO PARA FORMA\u00c7\u00c3O DE CADASTRO DE RESERVA - Not&iacute;cias em Destaque","og_description":"A Comiss\u00e3o Organizadora do processo seletivo para forma\u00e7\u00e3o de cadastro de reserva n\u00ba 001\/2017 do Cons\u00f3rcio P\u00fablico Intermunicipal de Sa\u00fade do Cariri Ocidental (CISCO), torna p\u00fablico o seguinte: Resultado Provis\u00f3rio da Pontua\u00e7\u00e3o dos Candidatos selecionados\/inscritos na Primeira Etapa do Processo Seletivo P\u00fablico Simplificado do Cons\u00f3rcio P\u00fablico Intermunicipal de Sa\u00fade do Cariri Ocidental (CISCO), conforme Cap\u00edtulo V, item 5.3 do Edital; CONFIRA O RESULTADO: CLICK AQUI Fica determinada o dia 14\/07\/2017 para divulga\u00e7\u00e3o do resultado final da primeira etapa e convoca\u00e7\u00e3o para entrevistas. Cariri em Destaque &nbsp;","og_url":"https:\/\/noticiasemdestaque.com\/cd\/?p=1629","og_site_name":"Not&iacute;cias em Destaque","article_published_time":"2017-07-11T02:02:32+00:00","og_image":[{"width":690,"height":350,"url":"https:\/\/noticiasemdestaque.com\/cd\/wp-content\/uploads\/2017\/07\/image_6acc120d4eb5571e6422e139cf35dd6c.jpg","type":"image\/jpeg"}],"author":"Not\u00edcias em Destaque","twitter_card":"summary_large_image","twitter_misc":{"Escrito por":"Not\u00edcias em Destaque"},"schema":{"@context":"https:\/\/schema.org","@graph":[{"@type":"Article","@id":"https:\/\/noticiasemdestaque.com\/cd\/?p=1629#article","isPartOf":{"@id":"https:\/\/noticiasemdestaque.com\/cd\/?p=1629"},"author":{"name":"Not\u00edcias em Destaque","@id":"https:\/\/noticiasemdestaque.com\/cd\/#\/schema\/person\/4a81fb71f77579d059c3045891fa1786"},"headline":"CISCO DIVULGA RESULTADO PROVIS\u00d3RIO DA PRIMEIRA ETAPA DO PROCESSO SELETIVO SIMPLIFICADO PARA FORMA\u00c7\u00c3O DE CADASTRO DE RESERVA","datePublished":"2017-07-11T02:02:32+00:00","mainEntityOfPage":{"@id":"https:\/\/noticiasemdestaque.com\/cd\/?p=1629"},"wordCount":118,"publisher":{"@id":"https:\/\/noticiasemdestaque.com\/cd\/#organization"},"image":{"@id":"https:\/\/noticiasemdestaque.com\/cd\/?p=1629#primaryimage"},"thumbnailUrl":"https:\/\/noticiasemdestaque.com\/cd\/wp-content\/uploads\/2017\/07\/image_6acc120d4eb5571e6422e139cf35dd6c.jpg","articleSection":["Cidades"],"inLanguage":"pt-BR"},{"@type":"WebPage","@id":"https:\/\/noticiasemdestaque.com\/cd\/?p=1629","url":"https:\/\/noticiasemdestaque.com\/cd\/?p=1629","name":"CISCO DIVULGA RESULTADO PROVIS\u00d3RIO DA PRIMEIRA ETAPA DO PROCESSO SELETIVO SIMPLIFICADO PARA FORMA\u00c7\u00c3O DE CADASTRO DE RESERVA - Not&iacute;cias em Destaque","isPartOf":{"@id":"https:\/\/noticiasemdestaque.com\/cd\/#website"},"primaryImageOfPage":{"@id":"https:\/\/noticiasemdestaque.com\/cd\/?p=1629#primaryimage"},"image":{"@id":"https:\/\/noticiasemdestaque.com\/cd\/?p=1629#primaryimage"},"thumbnailUrl":"https:\/\/noticiasemdestaque.com\/cd\/wp-content\/uploads\/2017\/07\/image_6acc120d4eb5571e6422e139cf35dd6c.jpg","datePublished":"2017-07-11T02:02:32+00:00","breadcrumb":{"@id":"https:\/\/noticiasemdestaque.com\/cd\/?p=1629#breadcrumb"},"inLanguage":"pt-BR","potentialAction":[{"@type":"ReadAction","target":["https:\/\/noticiasemdestaque.com\/cd\/?p=1629"]}]},{"@type":"ImageObject","inLanguage":"pt-BR","@id":"https:\/\/noticiasemdestaque.com\/cd\/?p=1629#primaryimage","url":"https:\/\/noticiasemdestaque.com\/cd\/wp-content\/uploads\/2017\/07\/image_6acc120d4eb5571e6422e139cf35dd6c.jpg","contentUrl":"https:\/\/noticiasemdestaque.com\/cd\/wp-content\/uploads\/2017\/07\/image_6acc120d4eb5571e6422e139cf35dd6c.jpg","width":690,"height":350},{"@type":"BreadcrumbList","@id":"https:\/\/noticiasemdestaque.com\/cd\/?p=1629#breadcrumb","itemListElement":[{"@type":"ListItem","position":1,"name":"In\u00edcio","item":"https:\/\/noticiasemdestaque.com\/cd\/"},{"@type":"ListItem","position":2,"name":"CISCO DIVULGA RESULTADO PROVIS\u00d3RIO DA PRIMEIRA ETAPA DO PROCESSO SELETIVO SIMPLIFICADO PARA FORMA\u00c7\u00c3O DE CADASTRO DE RESERVA"}]},{"@type":"WebSite","@id":"https:\/\/noticiasemdestaque.com\/cd\/#website","url":"https:\/\/noticiasemdestaque.com\/cd\/","name":"Not&iacute;cias em Destaque","description":"","publisher":{"@id":"https:\/\/noticiasemdestaque.com\/cd\/#organization"},"potentialAction":[{"@type":"SearchAction","target":{"@type":"EntryPoint","urlTemplate":"https:\/\/noticiasemdestaque.com\/cd\/?s={search_term_string}"},"query-input":{"@type":"PropertyValueSpecification","valueRequired":true,"valueName":"search_term_string"}}],"inLanguage":"pt-BR"},{"@type":"Organization","@id":"https:\/\/noticiasemdestaque.com\/cd\/#organization","name":"Not\u00edcias em Destaque","url":"https:\/\/noticiasemdestaque.com\/cd\/","logo":{"@type":"ImageObject","inLanguage":"pt-BR","@id":"https:\/\/noticiasemdestaque.com\/cd\/#\/schema\/logo\/image\/","url":"https:\/\/noticiasemdestaque.com\/cd\/wp-content\/uploads\/2022\/05\/imagem-base-noticiasemdestaque.png","contentUrl":"https:\/\/noticiasemdestaque.com\/cd\/wp-content\/uploads\/2022\/05\/imagem-base-noticiasemdestaque.png","width":1200,"height":630,"caption":"Not\u00edcias em Destaque"},"image":{"@id":"https:\/\/noticiasemdestaque.com\/cd\/#\/schema\/logo\/image\/"}},{"@type":"Person","@id":"https:\/\/noticiasemdestaque.com\/cd\/#\/schema\/person\/4a81fb71f77579d059c3045891fa1786","name":"Not\u00edcias em Destaque","url":"https:\/\/noticiasemdestaque.com\/cd\/?author=2"}]}},"jetpack_featured_media_url":"https:\/\/noticiasemdestaque.com\/cd\/wp-content\/uploads\/2017\/07\/image_6acc120d4eb5571e6422e139cf35dd6c.jpg","jetpack_sharing_enabled":true,"_links":{"self":[{"href":"https:\/\/noticiasemdestaque.com\/cd\/index.php?rest_route=\/wp\/v2\/posts\/1629","targetHints":{"allow":["GET"]}}],"collection":[{"href":"https:\/\/noticiasemdestaque.com\/cd\/index.php?rest_route=\/wp\/v2\/posts"}],"about":[{"href":"https:\/\/noticiasemdestaque.com\/cd\/index.php?rest_route=\/wp\/v2\/types\/post"}],"author":[{"embeddable":true,"href":"https:\/\/noticiasemdestaque.com\/cd\/index.php?rest_route=\/wp\/v2\/users\/2"}],"replies":[{"embeddable":true,"href":"https:\/\/noticiasemdestaque.com\/cd\/index.php?rest_route=%2Fwp%2Fv2%2Fcomments&post=1629"}],"version-history":[{"count":1,"href":"https:\/\/noticiasemdestaque.com\/cd\/index.php?rest_route=\/wp\/v2\/posts\/1629\/revisions"}],"predecessor-version":[{"id":1631,"href":"https:\/\/noticiasemdestaque.com\/cd\/index.php?rest_route=\/wp\/v2\/posts\/1629\/revisions\/1631"}],"wp:featuredmedia":[{"embeddable":true,"href":"https:\/\/noticiasemdestaque.com\/cd\/index.php?rest_route=\/wp\/v2\/media\/1630"}],"wp:attachment":[{"href":"https:\/\/noticiasemdestaque.com\/cd\/index.php?rest_route=%2Fwp%2Fv2%2Fmedia&parent=1629"}],"wp:term":[{"taxonomy":"category","embeddable":true,"href":"https:\/\/noticiasemdestaque.com\/cd\/index.php?rest_route=%2Fwp%2Fv2%2Fcategories&post=1629"},{"taxonomy":"post_tag","embeddable":true,"href":"https:\/\/noticiasemdestaque.com\/cd\/index.php?rest_route=%2Fwp%2Fv2%2Ftags&post=1629"}],"curies":[{"name":"wp","href":"https:\/\/api.w.org\/{rel}","templated":true}]}}