{"id":15640,"date":"2019-02-18T19:57:01","date_gmt":"2019-02-18T22:57:01","guid":{"rendered":"http:\/\/noticiasemdestaque.com\/cd\/?p=15640"},"modified":"2019-02-18T19:57:01","modified_gmt":"2019-02-18T22:57:01","slug":"carro-com-deputado-desliza-em-asfalto-molhado-e-capota","status":"publish","type":"post","link":"https:\/\/noticiasemdestaque.com\/cd\/?p=15640","title":{"rendered":"Carro com deputado desliza em asfalto molhado e capota"},"content":{"rendered":"<p><a href=\"https:\/\/noticiasemdestaque.com\/cd\/wp-content\/uploads\/2019\/02\/nabor.jpg\"><img fetchpriority=\"high\" decoding=\"async\" class=\"wp-image-15641 aligncenter\" src=\"https:\/\/noticiasemdestaque.com\/cd\/wp-content\/uploads\/2019\/02\/nabor-1024x683.jpg\" alt=\"\" width=\"500\" height=\"333\" srcset=\"https:\/\/noticiasemdestaque.com\/cd\/wp-content\/uploads\/2019\/02\/nabor-1024x683.jpg 1024w, https:\/\/noticiasemdestaque.com\/cd\/wp-content\/uploads\/2019\/02\/nabor-300x200.jpg 300w, https:\/\/noticiasemdestaque.com\/cd\/wp-content\/uploads\/2019\/02\/nabor-768x512.jpg 768w, https:\/\/noticiasemdestaque.com\/cd\/wp-content\/uploads\/2019\/02\/nabor-480x320.jpg 480w, https:\/\/noticiasemdestaque.com\/cd\/wp-content\/uploads\/2019\/02\/nabor.jpg 1920w\" sizes=\"(max-width: 500px) 100vw, 500px\" \/><\/a><\/p>\n<p style=\"font-weight: 400;\">O ve\u00edculo que transportava o deputado estadual Nabor Wanderley (PRB) capotou, na tarde desta segunda-feira (18), enquanto ele seguia na BR-230 da cidade de Patos, onde mora, com destino a Capital, Jo\u00e3o Pessoa.\u00a0A informa\u00e7\u00e3o foi confirmada nas redes sociais pelo deputado federal Hugo Motta (PRB) qu\u00e9 filho de Nabor.<\/p>\n<p style=\"font-weight: 400;\"><a href=\"https:\/\/noticiasemdestaque.com\/cd\/wp-content\/uploads\/2019\/02\/6.jpg\"><img decoding=\"async\" class=\"size-full wp-image-15642 alignleft\" src=\"https:\/\/noticiasemdestaque.com\/cd\/wp-content\/uploads\/2019\/02\/6.jpg\" alt=\"\" width=\"294\" height=\"274\" \/><\/a>\u201cHoje a m\u00e3o de Deus salvou meu pai @naborwanderley de um acidente em que foi v\u00edtima na BR 230, quando vinha de Patos para Jo\u00e3o Pessoa. N\u00e3o gosto dessas postagens, mas a fa\u00e7o por gratid\u00e3o a Deus e para esclarecer que est\u00e1 tudo bem com todos que estavam no ve\u00edculo\u201d, postou.<\/p>\n<p style=\"font-weight: 400;\">No in\u00edcio da noite desta segunda-feira (18) a assessoria emitiu uma nota confirmando que o parlamentar passa bem ap\u00f3s o susto.<\/p>\n<p style=\"font-weight: 400;\"><strong>NOTA<\/strong><\/p>\n<p style=\"font-weight: 400;\">A Assessoria de Comunica\u00e7\u00e3o do Deputado Estadual, Nabor Wanderley (PRB), comunica que o mesmo e equipe sofreram um acidente na BR-230, pr\u00f3ximo a entrada do Municip\u00edo de Juarez T\u00e1vora quando se deslocavam para Jo\u00e3o Pessoa, na tarde desta segunda-feira, 18.<\/p>\n<p style=\"font-weight: 400;\">O acidente ocorreu devido \u00e0 pista molhada e o condutor do carro, Elp\u00eddio Pereira, perdeu o controle do ve\u00edculo e o mesmo capotou.<\/p>\n<p style=\"font-weight: 400;\">Gra\u00e7as a Deus, todos est\u00e3o bem, apenas danos materiais.<\/p>\n<p style=\"font-weight: 400;\">Comunicamos ainda que a agenda do deputado segue normal nesta ter\u00e7a-feira, 19.<\/p>\n<p style=\"font-weight: 400;\">Assessoria<\/p>\n","protected":false},"excerpt":{"rendered":"<p>O ve\u00edculo que transportava o deputado estadual Nabor Wanderley (PRB) capotou, na tarde desta segunda-feira (18), enquanto ele seguia na BR-230 da cidade de Patos, onde mora, com destino a Capital, Jo\u00e3o Pessoa.\u00a0A informa\u00e7\u00e3o foi confirmada nas redes sociais pelo deputado federal Hugo Motta (PRB) qu\u00e9 filho de Nabor. \u201cHoje a m\u00e3o de Deus salvou meu pai @naborwanderley de um acidente em que foi v\u00edtima na BR 230, quando vinha de Patos para Jo\u00e3o Pessoa. N\u00e3o gosto dessas postagens, mas a fa\u00e7o por gratid\u00e3o a Deus e para esclarecer que est\u00e1 tudo bem com todos que estavam no ve\u00edculo\u201d, postou. No in\u00edcio da noite desta segunda-feira (18) a assessoria emitiu uma nota confirmando que o parlamentar passa bem ap\u00f3s o susto. NOTA A Assessoria de Comunica\u00e7\u00e3o do Deputado Estadual, Nabor Wanderley (PRB), comunica que o mesmo e equipe sofreram um acidente na BR-230, pr\u00f3ximo a entrada do Municip\u00edo de Juarez T\u00e1vora quando se deslocavam para Jo\u00e3o Pessoa, na tarde desta segunda-feira, 18. O acidente ocorreu devido \u00e0 pista molhada e o condutor do carro, Elp\u00eddio Pereira, perdeu o controle do ve\u00edculo e o mesmo capotou. Gra\u00e7as a Deus, todos est\u00e3o bem, apenas danos materiais. Comunicamos ainda que a agenda do deputado segue normal nesta ter\u00e7a-feira, 19. Assessoria<\/p>\n","protected":false},"author":2,"featured_media":15641,"comment_status":"closed","ping_status":"open","sticky":false,"template":"","format":"standard","meta":{"_eb_attr":"","_jetpack_memberships_contains_paid_content":false,"footnotes":""},"categories":[1],"tags":[],"class_list":["post-15640","post","type-post","status-publish","format-standard","has-post-thumbnail","hentry","category-uncategorized"],"yoast_head":"<!-- This site is optimized with the Yoast SEO plugin v26.5 - https:\/\/yoast.com\/wordpress\/plugins\/seo\/ -->\n<title>Carro com deputado desliza em asfalto molhado e capota - Not&iacute;cias em Destaque<\/title>\n<meta name=\"robots\" content=\"index, follow, max-snippet:-1, max-image-preview:large, max-video-preview:-1\" \/>\n<link rel=\"canonical\" href=\"https:\/\/noticiasemdestaque.com\/cd\/?p=15640\" \/>\n<meta property=\"og:locale\" content=\"pt_BR\" \/>\n<meta property=\"og:type\" content=\"article\" \/>\n<meta property=\"og:title\" content=\"Carro com deputado desliza em asfalto molhado e capota - Not&iacute;cias em Destaque\" \/>\n<meta property=\"og:description\" content=\"O ve\u00edculo que transportava o deputado estadual Nabor Wanderley (PRB) capotou, na tarde desta segunda-feira (18), enquanto ele seguia na BR-230 da cidade de Patos, onde mora, com destino a Capital, Jo\u00e3o Pessoa.\u00a0A informa\u00e7\u00e3o foi confirmada nas redes sociais pelo deputado federal Hugo Motta (PRB) qu\u00e9 filho de Nabor. \u201cHoje a m\u00e3o de Deus salvou meu pai @naborwanderley de um acidente em que foi v\u00edtima na BR 230, quando vinha de Patos para Jo\u00e3o Pessoa. N\u00e3o gosto dessas postagens, mas a fa\u00e7o por gratid\u00e3o a Deus e para esclarecer que est\u00e1 tudo bem com todos que estavam no ve\u00edculo\u201d, postou. No in\u00edcio da noite desta segunda-feira (18) a assessoria emitiu uma nota confirmando que o parlamentar passa bem ap\u00f3s o susto. NOTA A Assessoria de Comunica\u00e7\u00e3o do Deputado Estadual, Nabor Wanderley (PRB), comunica que o mesmo e equipe sofreram um acidente na BR-230, pr\u00f3ximo a entrada do Municip\u00edo de Juarez T\u00e1vora quando se deslocavam para Jo\u00e3o Pessoa, na tarde desta segunda-feira, 18. O acidente ocorreu devido \u00e0 pista molhada e o condutor do carro, Elp\u00eddio Pereira, perdeu o controle do ve\u00edculo e o mesmo capotou. Gra\u00e7as a Deus, todos est\u00e3o bem, apenas danos materiais. Comunicamos ainda que a agenda do deputado segue normal nesta ter\u00e7a-feira, 19. Assessoria\" \/>\n<meta property=\"og:url\" content=\"https:\/\/noticiasemdestaque.com\/cd\/?p=15640\" \/>\n<meta property=\"og:site_name\" content=\"Not&iacute;cias em Destaque\" \/>\n<meta property=\"article:published_time\" content=\"2019-02-18T22:57:01+00:00\" \/>\n<meta property=\"og:image\" content=\"https:\/\/noticiasemdestaque.com\/cd\/wp-content\/uploads\/2019\/02\/nabor.jpg\" \/>\n\t<meta property=\"og:image:width\" content=\"1920\" \/>\n\t<meta property=\"og:image:height\" content=\"1280\" \/>\n\t<meta property=\"og:image:type\" content=\"image\/jpeg\" \/>\n<meta name=\"author\" content=\"Not\u00edcias em Destaque\" \/>\n<meta name=\"twitter:card\" content=\"summary_large_image\" \/>\n<meta name=\"twitter:label1\" content=\"Escrito por\" \/>\n\t<meta name=\"twitter:data1\" content=\"Not\u00edcias em Destaque\" \/>\n\t<meta name=\"twitter:label2\" content=\"Est. tempo de leitura\" \/>\n\t<meta name=\"twitter:data2\" content=\"1 minuto\" \/>\n<script type=\"application\/ld+json\" class=\"yoast-schema-graph\">{\"@context\":\"https:\/\/schema.org\",\"@graph\":[{\"@type\":\"Article\",\"@id\":\"https:\/\/noticiasemdestaque.com\/cd\/?p=15640#article\",\"isPartOf\":{\"@id\":\"https:\/\/noticiasemdestaque.com\/cd\/?p=15640\"},\"author\":{\"name\":\"Not\u00edcias em Destaque\",\"@id\":\"https:\/\/noticiasemdestaque.com\/cd\/#\/schema\/person\/47f7d4f55eec17c6b2ca036c5500f6ce\"},\"headline\":\"Carro com deputado desliza em asfalto molhado e capota\",\"datePublished\":\"2019-02-18T22:57:01+00:00\",\"mainEntityOfPage\":{\"@id\":\"https:\/\/noticiasemdestaque.com\/cd\/?p=15640\"},\"wordCount\":233,\"publisher\":{\"@id\":\"https:\/\/noticiasemdestaque.com\/cd\/#organization\"},\"image\":{\"@id\":\"https:\/\/noticiasemdestaque.com\/cd\/?p=15640#primaryimage\"},\"thumbnailUrl\":\"https:\/\/noticiasemdestaque.com\/cd\/wp-content\/uploads\/2019\/02\/nabor.jpg\",\"articleSection\":[\"Uncategorized\"],\"inLanguage\":\"pt-BR\"},{\"@type\":\"WebPage\",\"@id\":\"https:\/\/noticiasemdestaque.com\/cd\/?p=15640\",\"url\":\"https:\/\/noticiasemdestaque.com\/cd\/?p=15640\",\"name\":\"Carro com deputado desliza em asfalto molhado e capota - Not&iacute;cias em Destaque\",\"isPartOf\":{\"@id\":\"https:\/\/noticiasemdestaque.com\/cd\/#website\"},\"primaryImageOfPage\":{\"@id\":\"https:\/\/noticiasemdestaque.com\/cd\/?p=15640#primaryimage\"},\"image\":{\"@id\":\"https:\/\/noticiasemdestaque.com\/cd\/?p=15640#primaryimage\"},\"thumbnailUrl\":\"https:\/\/noticiasemdestaque.com\/cd\/wp-content\/uploads\/2019\/02\/nabor.jpg\",\"datePublished\":\"2019-02-18T22:57:01+00:00\",\"breadcrumb\":{\"@id\":\"https:\/\/noticiasemdestaque.com\/cd\/?p=15640#breadcrumb\"},\"inLanguage\":\"pt-BR\",\"potentialAction\":[{\"@type\":\"ReadAction\",\"target\":[\"https:\/\/noticiasemdestaque.com\/cd\/?p=15640\"]}]},{\"@type\":\"ImageObject\",\"inLanguage\":\"pt-BR\",\"@id\":\"https:\/\/noticiasemdestaque.com\/cd\/?p=15640#primaryimage\",\"url\":\"https:\/\/noticiasemdestaque.com\/cd\/wp-content\/uploads\/2019\/02\/nabor.jpg\",\"contentUrl\":\"https:\/\/noticiasemdestaque.com\/cd\/wp-content\/uploads\/2019\/02\/nabor.jpg\",\"width\":1920,\"height\":1280},{\"@type\":\"BreadcrumbList\",\"@id\":\"https:\/\/noticiasemdestaque.com\/cd\/?p=15640#breadcrumb\",\"itemListElement\":[{\"@type\":\"ListItem\",\"position\":1,\"name\":\"In\u00edcio\",\"item\":\"https:\/\/noticiasemdestaque.com\/cd\/\"},{\"@type\":\"ListItem\",\"position\":2,\"name\":\"Carro com deputado desliza em asfalto molhado e capota\"}]},{\"@type\":\"WebSite\",\"@id\":\"https:\/\/noticiasemdestaque.com\/cd\/#website\",\"url\":\"https:\/\/noticiasemdestaque.com\/cd\/\",\"name\":\"Not&iacute;cias em Destaque\",\"description\":\"\",\"publisher\":{\"@id\":\"https:\/\/noticiasemdestaque.com\/cd\/#organization\"},\"potentialAction\":[{\"@type\":\"SearchAction\",\"target\":{\"@type\":\"EntryPoint\",\"urlTemplate\":\"https:\/\/noticiasemdestaque.com\/cd\/?s={search_term_string}\"},\"query-input\":{\"@type\":\"PropertyValueSpecification\",\"valueRequired\":true,\"valueName\":\"search_term_string\"}}],\"inLanguage\":\"pt-BR\"},{\"@type\":\"Organization\",\"@id\":\"https:\/\/noticiasemdestaque.com\/cd\/#organization\",\"name\":\"Not\u00edcias em Destaque\",\"url\":\"https:\/\/noticiasemdestaque.com\/cd\/\",\"logo\":{\"@type\":\"ImageObject\",\"inLanguage\":\"pt-BR\",\"@id\":\"https:\/\/noticiasemdestaque.com\/cd\/#\/schema\/logo\/image\/\",\"url\":\"https:\/\/noticiasemdestaque.com\/cd\/wp-content\/uploads\/2022\/05\/imagem-base-noticiasemdestaque.png\",\"contentUrl\":\"https:\/\/noticiasemdestaque.com\/cd\/wp-content\/uploads\/2022\/05\/imagem-base-noticiasemdestaque.png\",\"width\":1200,\"height\":630,\"caption\":\"Not\u00edcias em Destaque\"},\"image\":{\"@id\":\"https:\/\/noticiasemdestaque.com\/cd\/#\/schema\/logo\/image\/\"}},{\"@type\":\"Person\",\"@id\":\"https:\/\/noticiasemdestaque.com\/cd\/#\/schema\/person\/47f7d4f55eec17c6b2ca036c5500f6ce\",\"name\":\"Not\u00edcias em Destaque\",\"url\":\"https:\/\/noticiasemdestaque.com\/cd\/?author=2\"}]}<\/script>\n<!-- \/ Yoast SEO plugin. -->","yoast_head_json":{"title":"Carro com deputado desliza em asfalto molhado e capota - Not&iacute;cias em Destaque","robots":{"index":"index","follow":"follow","max-snippet":"max-snippet:-1","max-image-preview":"max-image-preview:large","max-video-preview":"max-video-preview:-1"},"canonical":"https:\/\/noticiasemdestaque.com\/cd\/?p=15640","og_locale":"pt_BR","og_type":"article","og_title":"Carro com deputado desliza em asfalto molhado e capota - Not&iacute;cias em Destaque","og_description":"O ve\u00edculo que transportava o deputado estadual Nabor Wanderley (PRB) capotou, na tarde desta segunda-feira (18), enquanto ele seguia na BR-230 da cidade de Patos, onde mora, com destino a Capital, Jo\u00e3o Pessoa.\u00a0A informa\u00e7\u00e3o foi confirmada nas redes sociais pelo deputado federal Hugo Motta (PRB) qu\u00e9 filho de Nabor. \u201cHoje a m\u00e3o de Deus salvou meu pai @naborwanderley de um acidente em que foi v\u00edtima na BR 230, quando vinha de Patos para Jo\u00e3o Pessoa. N\u00e3o gosto dessas postagens, mas a fa\u00e7o por gratid\u00e3o a Deus e para esclarecer que est\u00e1 tudo bem com todos que estavam no ve\u00edculo\u201d, postou. No in\u00edcio da noite desta segunda-feira (18) a assessoria emitiu uma nota confirmando que o parlamentar passa bem ap\u00f3s o susto. NOTA A Assessoria de Comunica\u00e7\u00e3o do Deputado Estadual, Nabor Wanderley (PRB), comunica que o mesmo e equipe sofreram um acidente na BR-230, pr\u00f3ximo a entrada do Municip\u00edo de Juarez T\u00e1vora quando se deslocavam para Jo\u00e3o Pessoa, na tarde desta segunda-feira, 18. O acidente ocorreu devido \u00e0 pista molhada e o condutor do carro, Elp\u00eddio Pereira, perdeu o controle do ve\u00edculo e o mesmo capotou. Gra\u00e7as a Deus, todos est\u00e3o bem, apenas danos materiais. Comunicamos ainda que a agenda do deputado segue normal nesta ter\u00e7a-feira, 19. Assessoria","og_url":"https:\/\/noticiasemdestaque.com\/cd\/?p=15640","og_site_name":"Not&iacute;cias em Destaque","article_published_time":"2019-02-18T22:57:01+00:00","og_image":[{"width":1920,"height":1280,"url":"https:\/\/noticiasemdestaque.com\/cd\/wp-content\/uploads\/2019\/02\/nabor.jpg","type":"image\/jpeg"}],"author":"Not\u00edcias em Destaque","twitter_card":"summary_large_image","twitter_misc":{"Escrito por":"Not\u00edcias em Destaque","Est. tempo de leitura":"1 minuto"},"schema":{"@context":"https:\/\/schema.org","@graph":[{"@type":"Article","@id":"https:\/\/noticiasemdestaque.com\/cd\/?p=15640#article","isPartOf":{"@id":"https:\/\/noticiasemdestaque.com\/cd\/?p=15640"},"author":{"name":"Not\u00edcias em Destaque","@id":"https:\/\/noticiasemdestaque.com\/cd\/#\/schema\/person\/47f7d4f55eec17c6b2ca036c5500f6ce"},"headline":"Carro com deputado desliza em asfalto molhado e capota","datePublished":"2019-02-18T22:57:01+00:00","mainEntityOfPage":{"@id":"https:\/\/noticiasemdestaque.com\/cd\/?p=15640"},"wordCount":233,"publisher":{"@id":"https:\/\/noticiasemdestaque.com\/cd\/#organization"},"image":{"@id":"https:\/\/noticiasemdestaque.com\/cd\/?p=15640#primaryimage"},"thumbnailUrl":"https:\/\/noticiasemdestaque.com\/cd\/wp-content\/uploads\/2019\/02\/nabor.jpg","articleSection":["Uncategorized"],"inLanguage":"pt-BR"},{"@type":"WebPage","@id":"https:\/\/noticiasemdestaque.com\/cd\/?p=15640","url":"https:\/\/noticiasemdestaque.com\/cd\/?p=15640","name":"Carro com deputado desliza em asfalto molhado e capota - Not&iacute;cias em Destaque","isPartOf":{"@id":"https:\/\/noticiasemdestaque.com\/cd\/#website"},"primaryImageOfPage":{"@id":"https:\/\/noticiasemdestaque.com\/cd\/?p=15640#primaryimage"},"image":{"@id":"https:\/\/noticiasemdestaque.com\/cd\/?p=15640#primaryimage"},"thumbnailUrl":"https:\/\/noticiasemdestaque.com\/cd\/wp-content\/uploads\/2019\/02\/nabor.jpg","datePublished":"2019-02-18T22:57:01+00:00","breadcrumb":{"@id":"https:\/\/noticiasemdestaque.com\/cd\/?p=15640#breadcrumb"},"inLanguage":"pt-BR","potentialAction":[{"@type":"ReadAction","target":["https:\/\/noticiasemdestaque.com\/cd\/?p=15640"]}]},{"@type":"ImageObject","inLanguage":"pt-BR","@id":"https:\/\/noticiasemdestaque.com\/cd\/?p=15640#primaryimage","url":"https:\/\/noticiasemdestaque.com\/cd\/wp-content\/uploads\/2019\/02\/nabor.jpg","contentUrl":"https:\/\/noticiasemdestaque.com\/cd\/wp-content\/uploads\/2019\/02\/nabor.jpg","width":1920,"height":1280},{"@type":"BreadcrumbList","@id":"https:\/\/noticiasemdestaque.com\/cd\/?p=15640#breadcrumb","itemListElement":[{"@type":"ListItem","position":1,"name":"In\u00edcio","item":"https:\/\/noticiasemdestaque.com\/cd\/"},{"@type":"ListItem","position":2,"name":"Carro com deputado desliza em asfalto molhado e capota"}]},{"@type":"WebSite","@id":"https:\/\/noticiasemdestaque.com\/cd\/#website","url":"https:\/\/noticiasemdestaque.com\/cd\/","name":"Not&iacute;cias em Destaque","description":"","publisher":{"@id":"https:\/\/noticiasemdestaque.com\/cd\/#organization"},"potentialAction":[{"@type":"SearchAction","target":{"@type":"EntryPoint","urlTemplate":"https:\/\/noticiasemdestaque.com\/cd\/?s={search_term_string}"},"query-input":{"@type":"PropertyValueSpecification","valueRequired":true,"valueName":"search_term_string"}}],"inLanguage":"pt-BR"},{"@type":"Organization","@id":"https:\/\/noticiasemdestaque.com\/cd\/#organization","name":"Not\u00edcias em Destaque","url":"https:\/\/noticiasemdestaque.com\/cd\/","logo":{"@type":"ImageObject","inLanguage":"pt-BR","@id":"https:\/\/noticiasemdestaque.com\/cd\/#\/schema\/logo\/image\/","url":"https:\/\/noticiasemdestaque.com\/cd\/wp-content\/uploads\/2022\/05\/imagem-base-noticiasemdestaque.png","contentUrl":"https:\/\/noticiasemdestaque.com\/cd\/wp-content\/uploads\/2022\/05\/imagem-base-noticiasemdestaque.png","width":1200,"height":630,"caption":"Not\u00edcias em Destaque"},"image":{"@id":"https:\/\/noticiasemdestaque.com\/cd\/#\/schema\/logo\/image\/"}},{"@type":"Person","@id":"https:\/\/noticiasemdestaque.com\/cd\/#\/schema\/person\/47f7d4f55eec17c6b2ca036c5500f6ce","name":"Not\u00edcias em Destaque","url":"https:\/\/noticiasemdestaque.com\/cd\/?author=2"}]}},"jetpack_featured_media_url":"https:\/\/noticiasemdestaque.com\/cd\/wp-content\/uploads\/2019\/02\/nabor.jpg","jetpack_sharing_enabled":true,"_links":{"self":[{"href":"https:\/\/noticiasemdestaque.com\/cd\/index.php?rest_route=\/wp\/v2\/posts\/15640","targetHints":{"allow":["GET"]}}],"collection":[{"href":"https:\/\/noticiasemdestaque.com\/cd\/index.php?rest_route=\/wp\/v2\/posts"}],"about":[{"href":"https:\/\/noticiasemdestaque.com\/cd\/index.php?rest_route=\/wp\/v2\/types\/post"}],"author":[{"embeddable":true,"href":"https:\/\/noticiasemdestaque.com\/cd\/index.php?rest_route=\/wp\/v2\/users\/2"}],"replies":[{"embeddable":true,"href":"https:\/\/noticiasemdestaque.com\/cd\/index.php?rest_route=%2Fwp%2Fv2%2Fcomments&post=15640"}],"version-history":[{"count":1,"href":"https:\/\/noticiasemdestaque.com\/cd\/index.php?rest_route=\/wp\/v2\/posts\/15640\/revisions"}],"predecessor-version":[{"id":15643,"href":"https:\/\/noticiasemdestaque.com\/cd\/index.php?rest_route=\/wp\/v2\/posts\/15640\/revisions\/15643"}],"wp:featuredmedia":[{"embeddable":true,"href":"https:\/\/noticiasemdestaque.com\/cd\/index.php?rest_route=\/wp\/v2\/media\/15641"}],"wp:attachment":[{"href":"https:\/\/noticiasemdestaque.com\/cd\/index.php?rest_route=%2Fwp%2Fv2%2Fmedia&parent=15640"}],"wp:term":[{"taxonomy":"category","embeddable":true,"href":"https:\/\/noticiasemdestaque.com\/cd\/index.php?rest_route=%2Fwp%2Fv2%2Fcategories&post=15640"},{"taxonomy":"post_tag","embeddable":true,"href":"https:\/\/noticiasemdestaque.com\/cd\/index.php?rest_route=%2Fwp%2Fv2%2Ftags&post=15640"}],"curies":[{"name":"wp","href":"https:\/\/api.w.org\/{rel}","templated":true}]}}